{"id":223076,"date":"2025-06-05T08:01:12","date_gmt":"2025-06-05T11:01:12","guid":{"rendered":"https:\/\/informelitoral.com.ar\/?p=223076"},"modified":"2025-06-05T08:01:12","modified_gmt":"2025-06-05T11:01:12","slug":"el-gobernador-encabezo-una-nueva-reunion-de-gabinete-centrada-en-obras-viales-y-cuidado-del-gasto-publico","status":"publish","type":"post","link":"https:\/\/informelitoral.com.ar\/el-gobernador-encabezo-una-nueva-reunion-de-gabinete-centrada-en-obras-viales-y-cuidado-del-gasto-publico\/","title":{"rendered":"El gobernador encabez\u00f3 una nueva reuni\u00f3n de gabinete centrada en obras viales y cuidado del gasto p\u00fablico"},"content":{"rendered":"<p>Tras la reuni\u00f3n que se desarroll\u00f3 en el sal\u00f3n de Los Gobernadores de Casa de Gobierno y de la que tambi\u00e9n particip\u00f3 la vicegobernadora, Alicia Aluani; ministros y secretarios del ejecutivo, el presidente de la C\u00e1mara de Diputados, Gustavo Hein, el ministro de Planeamiento, Infraestructura y Servicios, Dar\u00edo Schneider, dijo que como cada semana, \u00abmantuvimos una reuni\u00f3n de gabinete con todo el equipo de gobierno, una modalidad que el gobernador ha sostenido desde el inicio de la gesti\u00f3n para trabajar de forma coordinada, transparente y cercana\u00bb.<\/p>\n<p>Entre los temas abordados, se destac\u00f3 el avance de siete obras viales actualmente en ejecuci\u00f3n en distintos puntos de la provincia. \u00abLa infraestructura vial es una necesidad imperiosa en Entre R\u00edos. Por eso, adem\u00e1s de avanzar con nuevas obras, comenzamos a implementar controles sobre las cargas transportadas en las rutas provinciales. Esto nos permitir\u00e1 cuidar la inversi\u00f3n p\u00fablica y mantener en condiciones las v\u00edas de comunicaci\u00f3n, algo que nunca se hizo antes y cuyas consecuencias est\u00e1n a la vista\u00bb, explic\u00f3 Schneider.<\/p>\n<p>En cuanto al mensaje del gobernador a los integrantes de su gabinete, Schneider coment\u00f3: \u00abAnte la presencia de todos los ministros y secretarios, pidi\u00f3 seguir avanzando en esta idea de trabajar con austeridad, transparencia y, obviamente, con honestidad. Pero tambi\u00e9n con constancia en el cuidado de los recursos p\u00fablicos. Que todos los entrerrianos sepan ad\u00f3nde van esos recursos, que se terminen los privilegios. Se trata de temas muy delicados, a los cuales las gestiones anteriores esquivaron la mirada\u00bb.<\/p>\n<p>Al cerrar, el titular de la cartera de Planeamiento, Infraestructura y Servicios, agreg\u00f3: \u00abTenemos un gobernador que tiene el coraje, el compromiso y la decisi\u00f3n de abordar temas que hacen al d\u00e9ficit de esta provincia. En ese sentido, desde todos los ministerios y secretar\u00edas acompa\u00f1amos el trabajo que viene encabezando\u00bb.<\/p>\n","protected":false},"excerpt":{"rendered":"<p>Este mi\u00e9rcoles, el gobernador Rogelio Frigerio, encabez\u00f3 la reuni\u00f3n semanal de gabinete provincial, en la que se analizaron temas clave para el desarrollo de la provincia, con especial foco en las obras viales y la gesti\u00f3n responsable de los recursos p\u00fablicos.<\/p>\n","protected":false},"author":8,"featured_media":223077,"comment_status":"open","ping_status":"open","sticky":false,"template":"","format":"standard","meta":{"fifu_image_url":"","fifu_image_alt":"","footnotes":""},"categories":[16],"tags":[4751,949],"class_list":{"0":"post-223076","1":"post","2":"type-post","3":"status-publish","4":"format-standard","5":"has-post-thumbnail","7":"category-politi","8":"tag-reunion-de-gabinete","9":"tag-rogelio-frigerio"},"yoast_head":"<title>El gobernador encabez\u00f3 una nueva reuni\u00f3n de gabinete centrada en obras viales y cuidado del gasto p\u00fablico - Informe Litoral<\/title>\n<meta name=\"robots\" content=\"index, follow, max-snippet:-1, max-image-preview:large, max-video-preview:-1\" \/>\n<link rel=\"canonical\" href=\"https:\/\/informelitoral.com.ar\/el-gobernador-encabezo-una-nueva-reunion-de-gabinete-centrada-en-obras-viales-y-cuidado-del-gasto-publico\/\" \/>\n<meta property=\"og:locale\" content=\"es_ES\" \/>\n<meta property=\"og:type\" content=\"article\" \/>\n<meta property=\"og:title\" content=\"El gobernador encabez\u00f3 una nueva reuni\u00f3n de gabinete centrada en obras viales y cuidado del gasto p\u00fablico - Informe Litoral\" \/>\n<meta property=\"og:description\" content=\"Este mi\u00e9rcoles, el gobernador Rogelio Frigerio, encabez\u00f3 la reuni\u00f3n semanal de gabinete provincial, en la que se analizaron temas clave para el desarrollo de la provincia, con especial foco en las obras viales y la gesti\u00f3n responsable de los recursos p\u00fablicos.\" \/>\n<meta property=\"og:url\" content=\"https:\/\/informelitoral.com.ar\/el-gobernador-encabezo-una-nueva-reunion-de-gabinete-centrada-en-obras-viales-y-cuidado-del-gasto-publico\/\" \/>\n<meta property=\"og:site_name\" content=\"Informe Litoral\" \/>\n<meta property=\"article:publisher\" content=\"https:\/\/www.facebook.com\/informelitoral\/\" \/>\n<meta property=\"article:published_time\" content=\"2025-06-05T11:01:12+00:00\" \/>\n<meta property=\"og:image\" content=\"https:\/\/informelitoral.com.ar\/%77%70%2d%63%6f%6e%74%65%6e%74\/uploads\/2025\/06\/JUN3958-1-scaled.jpg\" \/>\n\t<meta property=\"og:image:width\" content=\"2560\" \/>\n\t<meta property=\"og:image:height\" content=\"1707\" \/>\n\t<meta property=\"og:image:type\" content=\"image\/jpeg\" \/>\n<meta name=\"author\" content=\"Sebastian\" \/>\n<meta name=\"twitter:card\" content=\"summary_large_image\" \/>\n<meta name=\"twitter:creator\" content=\"@InformeLitoral\" \/>\n<meta name=\"twitter:site\" content=\"@InformeLitoral\" \/>\n<meta name=\"twitter:label1\" content=\"Escrito por\" \/>\n\t<meta name=\"twitter:data1\" content=\"Sebastian\" \/>\n\t<meta name=\"twitter:label2\" content=\"Tiempo de lectura\" \/>\n\t<meta name=\"twitter:data2\" content=\"2 minutos\" \/>\n<script type=\"application\/ld+json\" class=\"yoast-schema-graph\">{\"@context\":\"https:\\\/\\\/schema.org\",\"@graph\":[{\"@type\":\"Article\",\"@id\":\"https:\\\/\\\/informelitoral.com.ar\\\/el-gobernador-encabezo-una-nueva-reunion-de-gabinete-centrada-en-obras-viales-y-cuidado-del-gasto-publico\\\/#article\",\"isPartOf\":{\"@id\":\"https:\\\/\\\/informelitoral.com.ar\\\/el-gobernador-encabezo-una-nueva-reunion-de-gabinete-centrada-en-obras-viales-y-cuidado-del-gasto-publico\\\/\"},\"author\":{\"name\":\"Sebastian\",\"@id\":\"https:\\\/\\\/informelitoral.com.ar\\\/#\\\/schema\\\/person\\\/f05f9f461677119578717524b127d6d5\"},\"headline\":\"El gobernador encabez\u00f3 una nueva reuni\u00f3n de gabinete centrada en obras viales y cuidado del gasto p\u00fablico\",\"datePublished\":\"2025-06-05T11:01:12+00:00\",\"mainEntityOfPage\":{\"@id\":\"https:\\\/\\\/informelitoral.com.ar\\\/el-gobernador-encabezo-una-nueva-reunion-de-gabinete-centrada-en-obras-viales-y-cuidado-del-gasto-publico\\\/\"},\"wordCount\":336,\"commentCount\":0,\"publisher\":{\"@id\":\"https:\\\/\\\/informelitoral.com.ar\\\/#organization\"},\"image\":{\"@id\":\"https:\\\/\\\/informelitoral.com.ar\\\/el-gobernador-encabezo-una-nueva-reunion-de-gabinete-centrada-en-obras-viales-y-cuidado-del-gasto-publico\\\/#primaryimage\"},\"thumbnailUrl\":\"https:\\\/\\\/informelitoral.com.ar\\\/%77%70%2d%63%6f%6e%74%65%6e%74\\\/uploads\\\/2025\\\/06\\\/JUN3958-1-scaled.jpg\",\"keywords\":[\"Reuni\u00f3n de Gabinete\",\"Rogelio Frigerio\"],\"articleSection\":[\"Politica\"],\"inLanguage\":\"es\",\"potentialAction\":[{\"@type\":\"CommentAction\",\"name\":\"Comment\",\"target\":[\"https:\\\/\\\/informelitoral.com.ar\\\/el-gobernador-encabezo-una-nueva-reunion-de-gabinete-centrada-en-obras-viales-y-cuidado-del-gasto-publico\\\/#respond\"]}]},{\"@type\":\"WebPage\",\"@id\":\"https:\\\/\\\/informelitoral.com.ar\\\/el-gobernador-encabezo-una-nueva-reunion-de-gabinete-centrada-en-obras-viales-y-cuidado-del-gasto-publico\\\/\",\"url\":\"https:\\\/\\\/informelitoral.com.ar\\\/el-gobernador-encabezo-una-nueva-reunion-de-gabinete-centrada-en-obras-viales-y-cuidado-del-gasto-publico\\\/\",\"name\":\"El gobernador encabez\u00f3 una nueva reuni\u00f3n de gabinete centrada en obras viales y cuidado del gasto p\u00fablico - Informe Litoral\",\"isPartOf\":{\"@id\":\"https:\\\/\\\/informelitoral.com.ar\\\/#website\"},\"primaryImageOfPage\":{\"@id\":\"https:\\\/\\\/informelitoral.com.ar\\\/el-gobernador-encabezo-una-nueva-reunion-de-gabinete-centrada-en-obras-viales-y-cuidado-del-gasto-publico\\\/#primaryimage\"},\"image\":{\"@id\":\"https:\\\/\\\/informelitoral.com.ar\\\/el-gobernador-encabezo-una-nueva-reunion-de-gabinete-centrada-en-obras-viales-y-cuidado-del-gasto-publico\\\/#primaryimage\"},\"thumbnailUrl\":\"https:\\\/\\\/informelitoral.com.ar\\\/%77%70%2d%63%6f%6e%74%65%6e%74\\\/uploads\\\/2025\\\/06\\\/JUN3958-1-scaled.jpg\",\"datePublished\":\"2025-06-05T11:01:12+00:00\",\"breadcrumb\":{\"@id\":\"https:\\\/\\\/informelitoral.com.ar\\\/el-gobernador-encabezo-una-nueva-reunion-de-gabinete-centrada-en-obras-viales-y-cuidado-del-gasto-publico\\\/#breadcrumb\"},\"inLanguage\":\"es\",\"potentialAction\":[{\"@type\":\"ReadAction\",\"target\":[\"https:\\\/\\\/informelitoral.com.ar\\\/el-gobernador-encabezo-una-nueva-reunion-de-gabinete-centrada-en-obras-viales-y-cuidado-del-gasto-publico\\\/\"]}]},{\"@type\":\"ImageObject\",\"inLanguage\":\"es\",\"@id\":\"https:\\\/\\\/informelitoral.com.ar\\\/el-gobernador-encabezo-una-nueva-reunion-de-gabinete-centrada-en-obras-viales-y-cuidado-del-gasto-publico\\\/#primaryimage\",\"url\":\"https:\\\/\\\/informelitoral.com.ar\\\/%77%70%2d%63%6f%6e%74%65%6e%74\\\/uploads\\\/2025\\\/06\\\/JUN3958-1-scaled.jpg\",\"contentUrl\":\"https:\\\/\\\/informelitoral.com.ar\\\/%77%70%2d%63%6f%6e%74%65%6e%74\\\/uploads\\\/2025\\\/06\\\/JUN3958-1-scaled.jpg\",\"width\":2560,\"height\":1707},{\"@type\":\"BreadcrumbList\",\"@id\":\"https:\\\/\\\/informelitoral.com.ar\\\/el-gobernador-encabezo-una-nueva-reunion-de-gabinete-centrada-en-obras-viales-y-cuidado-del-gasto-publico\\\/#breadcrumb\",\"itemListElement\":[{\"@type\":\"ListItem\",\"position\":1,\"name\":\"Portada\",\"item\":\"https:\\\/\\\/informelitoral.com.ar\\\/\"},{\"@type\":\"ListItem\",\"position\":2,\"name\":\"El gobernador encabez\u00f3 una nueva reuni\u00f3n de gabinete centrada en obras viales y cuidado del gasto p\u00fablico\"}]},{\"@type\":\"WebSite\",\"@id\":\"https:\\\/\\\/informelitoral.com.ar\\\/#website\",\"url\":\"https:\\\/\\\/informelitoral.com.ar\\\/\",\"name\":\"Informe Litoral\",\"description\":\"&quot;Nos informamos&quot; \",\"publisher\":{\"@id\":\"https:\\\/\\\/informelitoral.com.ar\\\/#organization\"},\"potentialAction\":[{\"@type\":\"SearchAction\",\"target\":{\"@type\":\"EntryPoint\",\"urlTemplate\":\"https:\\\/\\\/informelitoral.com.ar\\\/?s={search_term_string}\"},\"query-input\":{\"@type\":\"PropertyValueSpecification\",\"valueRequired\":true,\"valueName\":\"search_term_string\"}}],\"inLanguage\":\"es\"},{\"@type\":\"Organization\",\"@id\":\"https:\\\/\\\/informelitoral.com.ar\\\/#organization\",\"name\":\"Informe Litoral\",\"url\":\"https:\\\/\\\/informelitoral.com.ar\\\/\",\"logo\":{\"@type\":\"ImageObject\",\"inLanguage\":\"es\",\"@id\":\"https:\\\/\\\/informelitoral.com.ar\\\/#\\\/schema\\\/logo\\\/image\\\/\",\"url\":\"https:\\\/\\\/informelitoral.com.ar\\\/%77%70%2d%63%6f%6e%74%65%6e%74\\\/uploads\\\/2021\\\/01\\\/circulo.png\",\"contentUrl\":\"https:\\\/\\\/informelitoral.com.ar\\\/%77%70%2d%63%6f%6e%74%65%6e%74\\\/uploads\\\/2021\\\/01\\\/circulo.png\",\"width\":723,\"height\":731,\"caption\":\"Informe Litoral\"},\"image\":{\"@id\":\"https:\\\/\\\/informelitoral.com.ar\\\/#\\\/schema\\\/logo\\\/image\\\/\"},\"sameAs\":[\"https:\\\/\\\/www.facebook.com\\\/informelitoral\\\/\",\"https:\\\/\\\/x.com\\\/InformeLitoral\",\"https:\\\/\\\/www.instagram.com\\\/informelitoral\\\/\",\"https:\\\/\\\/www.youtube.com\\\/channel\\\/UCua4Qvz8Icb6MYqhoq9xLXw\"]},{\"@type\":\"Person\",\"@id\":\"https:\\\/\\\/informelitoral.com.ar\\\/#\\\/schema\\\/person\\\/f05f9f461677119578717524b127d6d5\",\"name\":\"Sebastian\",\"image\":{\"@type\":\"ImageObject\",\"inLanguage\":\"es\",\"@id\":\"https:\\\/\\\/secure.gravatar.com\\\/avatar\\\/b71bf7481d447dfb9583c7f2798e7cc64de6efb9067b74633ed8c31059a3bd82?s=96&d=mm&r=g\",\"url\":\"https:\\\/\\\/secure.gravatar.com\\\/avatar\\\/b71bf7481d447dfb9583c7f2798e7cc64de6efb9067b74633ed8c31059a3bd82?s=96&d=mm&r=g\",\"contentUrl\":\"https:\\\/\\\/secure.gravatar.com\\\/avatar\\\/b71bf7481d447dfb9583c7f2798e7cc64de6efb9067b74633ed8c31059a3bd82?s=96&d=mm&r=g\",\"caption\":\"Sebastian\"},\"url\":\"https:\\\/\\\/informelitoral.com.ar\\\/author\\\/sebastian\\\/\"}]}<\/script>","yoast_head_json":{"title":"El gobernador encabez\u00f3 una nueva reuni\u00f3n de gabinete centrada en obras viales y cuidado del gasto p\u00fablico - Informe Litoral","robots":{"index":"index","follow":"follow","max-snippet":"max-snippet:-1","max-image-preview":"max-image-preview:large","max-video-preview":"max-video-preview:-1"},"canonical":"https:\/\/informelitoral.com.ar\/el-gobernador-encabezo-una-nueva-reunion-de-gabinete-centrada-en-obras-viales-y-cuidado-del-gasto-publico\/","og_locale":"es_ES","og_type":"article","og_title":"El gobernador encabez\u00f3 una nueva reuni\u00f3n de gabinete centrada en obras viales y cuidado del gasto p\u00fablico - Informe Litoral","og_description":"Este mi\u00e9rcoles, el gobernador Rogelio Frigerio, encabez\u00f3 la reuni\u00f3n semanal de gabinete provincial, en la que se analizaron temas clave para el desarrollo de la provincia, con especial foco en las obras viales y la gesti\u00f3n responsable de los recursos p\u00fablicos.","og_url":"https:\/\/informelitoral.com.ar\/el-gobernador-encabezo-una-nueva-reunion-de-gabinete-centrada-en-obras-viales-y-cuidado-del-gasto-publico\/","og_site_name":"Informe Litoral","article_publisher":"https:\/\/www.facebook.com\/informelitoral\/","article_published_time":"2025-06-05T11:01:12+00:00","og_image":[{"width":2560,"height":1707,"url":"https:\/\/informelitoral.com.ar\/%77%70%2d%63%6f%6e%74%65%6e%74\/uploads\/2025\/06\/JUN3958-1-scaled.jpg","type":"image\/jpeg"}],"author":"Sebastian","twitter_card":"summary_large_image","twitter_creator":"@InformeLitoral","twitter_site":"@InformeLitoral","twitter_misc":{"Escrito por":"Sebastian","Tiempo de lectura":"2 minutos"},"schema":{"@context":"https:\/\/schema.org","@graph":[{"@type":"Article","@id":"https:\/\/informelitoral.com.ar\/el-gobernador-encabezo-una-nueva-reunion-de-gabinete-centrada-en-obras-viales-y-cuidado-del-gasto-publico\/#article","isPartOf":{"@id":"https:\/\/informelitoral.com.ar\/el-gobernador-encabezo-una-nueva-reunion-de-gabinete-centrada-en-obras-viales-y-cuidado-del-gasto-publico\/"},"author":{"name":"Sebastian","@id":"https:\/\/informelitoral.com.ar\/#\/schema\/person\/f05f9f461677119578717524b127d6d5"},"headline":"El gobernador encabez\u00f3 una nueva reuni\u00f3n de gabinete centrada en obras viales y cuidado del gasto p\u00fablico","datePublished":"2025-06-05T11:01:12+00:00","mainEntityOfPage":{"@id":"https:\/\/informelitoral.com.ar\/el-gobernador-encabezo-una-nueva-reunion-de-gabinete-centrada-en-obras-viales-y-cuidado-del-gasto-publico\/"},"wordCount":336,"commentCount":0,"publisher":{"@id":"https:\/\/informelitoral.com.ar\/#organization"},"image":{"@id":"https:\/\/informelitoral.com.ar\/el-gobernador-encabezo-una-nueva-reunion-de-gabinete-centrada-en-obras-viales-y-cuidado-del-gasto-publico\/#primaryimage"},"thumbnailUrl":"https:\/\/informelitoral.com.ar\/%77%70%2d%63%6f%6e%74%65%6e%74\/uploads\/2025\/06\/JUN3958-1-scaled.jpg","keywords":["Reuni\u00f3n de Gabinete","Rogelio Frigerio"],"articleSection":["Politica"],"inLanguage":"es","potentialAction":[{"@type":"CommentAction","name":"Comment","target":["https:\/\/informelitoral.com.ar\/el-gobernador-encabezo-una-nueva-reunion-de-gabinete-centrada-en-obras-viales-y-cuidado-del-gasto-publico\/#respond"]}]},{"@type":"WebPage","@id":"https:\/\/informelitoral.com.ar\/el-gobernador-encabezo-una-nueva-reunion-de-gabinete-centrada-en-obras-viales-y-cuidado-del-gasto-publico\/","url":"https:\/\/informelitoral.com.ar\/el-gobernador-encabezo-una-nueva-reunion-de-gabinete-centrada-en-obras-viales-y-cuidado-del-gasto-publico\/","name":"El gobernador encabez\u00f3 una nueva reuni\u00f3n de gabinete centrada en obras viales y cuidado del gasto p\u00fablico - Informe Litoral","isPartOf":{"@id":"https:\/\/informelitoral.com.ar\/#website"},"primaryImageOfPage":{"@id":"https:\/\/informelitoral.com.ar\/el-gobernador-encabezo-una-nueva-reunion-de-gabinete-centrada-en-obras-viales-y-cuidado-del-gasto-publico\/#primaryimage"},"image":{"@id":"https:\/\/informelitoral.com.ar\/el-gobernador-encabezo-una-nueva-reunion-de-gabinete-centrada-en-obras-viales-y-cuidado-del-gasto-publico\/#primaryimage"},"thumbnailUrl":"https:\/\/informelitoral.com.ar\/%77%70%2d%63%6f%6e%74%65%6e%74\/uploads\/2025\/06\/JUN3958-1-scaled.jpg","datePublished":"2025-06-05T11:01:12+00:00","breadcrumb":{"@id":"https:\/\/informelitoral.com.ar\/el-gobernador-encabezo-una-nueva-reunion-de-gabinete-centrada-en-obras-viales-y-cuidado-del-gasto-publico\/#breadcrumb"},"inLanguage":"es","potentialAction":[{"@type":"ReadAction","target":["https:\/\/informelitoral.com.ar\/el-gobernador-encabezo-una-nueva-reunion-de-gabinete-centrada-en-obras-viales-y-cuidado-del-gasto-publico\/"]}]},{"@type":"ImageObject","inLanguage":"es","@id":"https:\/\/informelitoral.com.ar\/el-gobernador-encabezo-una-nueva-reunion-de-gabinete-centrada-en-obras-viales-y-cuidado-del-gasto-publico\/#primaryimage","url":"https:\/\/informelitoral.com.ar\/%77%70%2d%63%6f%6e%74%65%6e%74\/uploads\/2025\/06\/JUN3958-1-scaled.jpg","contentUrl":"https:\/\/informelitoral.com.ar\/%77%70%2d%63%6f%6e%74%65%6e%74\/uploads\/2025\/06\/JUN3958-1-scaled.jpg","width":2560,"height":1707},{"@type":"BreadcrumbList","@id":"https:\/\/informelitoral.com.ar\/el-gobernador-encabezo-una-nueva-reunion-de-gabinete-centrada-en-obras-viales-y-cuidado-del-gasto-publico\/#breadcrumb","itemListElement":[{"@type":"ListItem","position":1,"name":"Portada","item":"https:\/\/informelitoral.com.ar\/"},{"@type":"ListItem","position":2,"name":"El gobernador encabez\u00f3 una nueva reuni\u00f3n de gabinete centrada en obras viales y cuidado del gasto p\u00fablico"}]},{"@type":"WebSite","@id":"https:\/\/informelitoral.com.ar\/#website","url":"https:\/\/informelitoral.com.ar\/","name":"Informe Litoral","description":"&quot;Nos informamos&quot; ","publisher":{"@id":"https:\/\/informelitoral.com.ar\/#organization"},"potentialAction":[{"@type":"SearchAction","target":{"@type":"EntryPoint","urlTemplate":"https:\/\/informelitoral.com.ar\/?s={search_term_string}"},"query-input":{"@type":"PropertyValueSpecification","valueRequired":true,"valueName":"search_term_string"}}],"inLanguage":"es"},{"@type":"Organization","@id":"https:\/\/informelitoral.com.ar\/#organization","name":"Informe Litoral","url":"https:\/\/informelitoral.com.ar\/","logo":{"@type":"ImageObject","inLanguage":"es","@id":"https:\/\/informelitoral.com.ar\/#\/schema\/logo\/image\/","url":"https:\/\/informelitoral.com.ar\/%77%70%2d%63%6f%6e%74%65%6e%74\/uploads\/2021\/01\/circulo.png","contentUrl":"https:\/\/informelitoral.com.ar\/%77%70%2d%63%6f%6e%74%65%6e%74\/uploads\/2021\/01\/circulo.png","width":723,"height":731,"caption":"Informe Litoral"},"image":{"@id":"https:\/\/informelitoral.com.ar\/#\/schema\/logo\/image\/"},"sameAs":["https:\/\/www.facebook.com\/informelitoral\/","https:\/\/x.com\/InformeLitoral","https:\/\/www.instagram.com\/informelitoral\/","https:\/\/www.youtube.com\/channel\/UCua4Qvz8Icb6MYqhoq9xLXw"]},{"@type":"Person","@id":"https:\/\/informelitoral.com.ar\/#\/schema\/person\/f05f9f461677119578717524b127d6d5","name":"Sebastian","image":{"@type":"ImageObject","inLanguage":"es","@id":"https:\/\/secure.gravatar.com\/avatar\/b71bf7481d447dfb9583c7f2798e7cc64de6efb9067b74633ed8c31059a3bd82?s=96&d=mm&r=g","url":"https:\/\/secure.gravatar.com\/avatar\/b71bf7481d447dfb9583c7f2798e7cc64de6efb9067b74633ed8c31059a3bd82?s=96&d=mm&r=g","contentUrl":"https:\/\/secure.gravatar.com\/avatar\/b71bf7481d447dfb9583c7f2798e7cc64de6efb9067b74633ed8c31059a3bd82?s=96&d=mm&r=g","caption":"Sebastian"},"url":"https:\/\/informelitoral.com.ar\/author\/sebastian\/"}]}},"_links":{"self":[{"href":"https:\/\/informelitoral.com.ar\/%77%70%2d%6a%73%6f%6e\/wp\/v2\/posts\/223076","targetHints":{"allow":["GET"]}}],"collection":[{"href":"https:\/\/informelitoral.com.ar\/%77%70%2d%6a%73%6f%6e\/wp\/v2\/posts"}],"about":[{"href":"https:\/\/informelitoral.com.ar\/%77%70%2d%6a%73%6f%6e\/wp\/v2\/types\/post"}],"author":[{"embeddable":true,"href":"https:\/\/informelitoral.com.ar\/%77%70%2d%6a%73%6f%6e\/wp\/v2\/users\/8"}],"replies":[{"embeddable":true,"href":"https:\/\/informelitoral.com.ar\/%77%70%2d%6a%73%6f%6e\/wp\/v2\/comments?post=223076"}],"version-history":[{"count":1,"href":"https:\/\/informelitoral.com.ar\/%77%70%2d%6a%73%6f%6e\/wp\/v2\/posts\/223076\/revisions"}],"predecessor-version":[{"id":223078,"href":"https:\/\/informelitoral.com.ar\/%77%70%2d%6a%73%6f%6e\/wp\/v2\/posts\/223076\/revisions\/223078"}],"wp:featuredmedia":[{"embeddable":true,"href":"https:\/\/informelitoral.com.ar\/%77%70%2d%6a%73%6f%6e\/wp\/v2\/media\/223077"}],"wp:attachment":[{"href":"https:\/\/informelitoral.com.ar\/%77%70%2d%6a%73%6f%6e\/wp\/v2\/media?parent=223076"}],"wp:term":[{"taxonomy":"category","embeddable":true,"href":"https:\/\/informelitoral.com.ar\/%77%70%2d%6a%73%6f%6e\/wp\/v2\/categories?post=223076"},{"taxonomy":"post_tag","embeddable":true,"href":"https:\/\/informelitoral.com.ar\/%77%70%2d%6a%73%6f%6e\/wp\/v2\/tags?post=223076"}],"curies":[{"name":"wp","href":"https:\/\/api.w.org\/{rel}","templated":true}]}}