{"id":223068,"date":"2025-06-05T07:54:25","date_gmt":"2025-06-05T10:54:25","guid":{"rendered":"https:\/\/informelitoral.com.ar\/?p=223068"},"modified":"2025-06-05T07:55:23","modified_gmt":"2025-06-05T10:55:23","slug":"contrastes-climaticos-en-argentina-nieblas-en-el-entro-y-fenomenos-intensos-en-los-extremos","status":"publish","type":"post","link":"https:\/\/informelitoral.com.ar\/contrastes-climaticos-en-argentina-nieblas-en-el-entro-y-fenomenos-intensos-en-los-extremos\/","title":{"rendered":"Contrastes clim\u00e1ticos en Argentina: nieblas en el centro y fen\u00f3menos intensos en los extremos"},"content":{"rendered":"<p>Durante esta semana, \u201cel tiempo en Argentina se presenta con contrastes bien definidos. Mientras que gran parte del pa\u00eds mantiene condiciones estables\u201d, en otros sectores se aguardan \u201cfen\u00f3menos de alto impacto\u201d.<\/p>\n<h2><strong>Neblinas persistentes en el centro del pa\u00eds<\/strong><\/h2>\n<p>En contraste con las alertas por tormentas y vientos mencionados anteriormente, \u201cel centro del pa\u00eds mantiene estabilidad meteorol\u00f3gica, aunque con un fen\u00f3meno a tener en cuenta: la persistencia de nieblas y neblinas matinales. Esto se debe a la elevada humedad presente en la regi\u00f3n pampeana, Cuyo y centro del pa\u00eds\u201d, se\u00f1al\u00f3 el especialista.<\/p>\n<p>Adelant\u00f3 que \u201c<b>estas condiciones de visibilidad reducida se mantendr\u00e1n durante varios d\u00edas<\/b>, afectando principalmente a quienes deben circular en rutas o realizar actividades a cielo abierto en las primeras horas de la jornada. Se espera que este patr\u00f3n se prolongue al menos hasta el final de la semana\u201d.<\/p>\n<p>Resumi\u00f3 al respecto que \u201cmientras la atenci\u00f3n est\u00e1 puesta en el noreste y la Patagonia por fen\u00f3menos intensos, gran parte del pa\u00eds deber\u00e1 convivir con una situaci\u00f3n m\u00e1s silenciosa pero igualmente relevante: las nieblas matinales, que imponen un desaf\u00edo cotidiano para la circulaci\u00f3n\u201d.<\/p>\n<h2><strong>El pron\u00f3stico para Entre R\u00edos<\/strong><\/h2>\n<p>En nuestra provincia,\u00a0<b>para hoy<\/b>\u00a0se anticipa cielo parcialmente nublado, con temperaturas que rondar\u00e1n los\u00a0<b>20 grados a la tarde<\/b>.<\/p>\n<p>En tanto,\u00a0<b>para el viernes se anuncian m\u00ednimas de siete y nueve grados<\/b>, con m\u00e1ximas cercanas a los 19 grados, mientras que podr\u00edan repetirse las nieblas matinales. El\u00a0<b>s\u00e1bado y el domingo presentar\u00edan condiciones similares,\u00a0<\/b>aunque ser\u00edan menores las probabilidades de neblinas.<\/p>\n<p>Seg\u00fan los pron\u00f3sticos extendidos, en nuestra zona el buen tiempo perdurar\u00e1 por varias jornadas. Es que de acuerdo con estas previsiones, no se esperan lluvias de importancia por al menos 10 d\u00edas.<\/p>\n","protected":false},"excerpt":{"rendered":"<p>Mientras la atenci\u00f3n por algunos fen\u00f3menos meteorol\u00f3gicos intensos est\u00e1 puesta en el noreste argentino y la Patagonia, gran parte del pa\u00eds debe convivir con una situaci\u00f3n m\u00e1s silenciosa pero igualmente relevante: las nieblas matinales.<\/p>\n","protected":false},"author":8,"featured_media":79086,"comment_status":"open","ping_status":"open","sticky":false,"template":"","format":"standard","meta":{"fifu_image_url":"","fifu_image_alt":"","footnotes":""},"categories":[7],"tags":[113],"class_list":{"0":"post-223068","1":"post","2":"type-post","3":"status-publish","4":"format-standard","5":"has-post-thumbnail","7":"category-nacionales","8":"tag-smn"},"yoast_head":"<title>Contrastes clim\u00e1ticos en Argentina: nieblas en el centro y fen\u00f3menos intensos en los extremos - Informe Litoral<\/title>\n<meta name=\"robots\" content=\"index, follow, max-snippet:-1, max-image-preview:large, max-video-preview:-1\" \/>\n<link rel=\"canonical\" href=\"https:\/\/informelitoral.com.ar\/contrastes-climaticos-en-argentina-nieblas-en-el-entro-y-fenomenos-intensos-en-los-extremos\/\" \/>\n<meta property=\"og:locale\" content=\"es_ES\" \/>\n<meta property=\"og:type\" content=\"article\" \/>\n<meta property=\"og:title\" content=\"Contrastes clim\u00e1ticos en Argentina: nieblas en el centro y fen\u00f3menos intensos en los extremos - Informe Litoral\" \/>\n<meta property=\"og:description\" content=\"Mientras la atenci\u00f3n por algunos fen\u00f3menos meteorol\u00f3gicos intensos est\u00e1 puesta en el noreste argentino y la Patagonia, gran parte del pa\u00eds debe convivir con una situaci\u00f3n m\u00e1s silenciosa pero igualmente relevante: las nieblas matinales.\" \/>\n<meta property=\"og:url\" content=\"https:\/\/informelitoral.com.ar\/contrastes-climaticos-en-argentina-nieblas-en-el-entro-y-fenomenos-intensos-en-los-extremos\/\" \/>\n<meta property=\"og:site_name\" content=\"Informe Litoral\" \/>\n<meta property=\"article:publisher\" content=\"https:\/\/www.facebook.com\/informelitoral\/\" \/>\n<meta property=\"article:published_time\" content=\"2025-06-05T10:54:25+00:00\" \/>\n<meta property=\"article:modified_time\" content=\"2025-06-05T10:55:23+00:00\" \/>\n<meta property=\"og:image\" content=\"https:\/\/informelitoral.com.ar\/%77%70%2d%63%6f%6e%74%65%6e%74\/uploads\/2022\/06\/tipos-y-nombres-de-nieblas-293051-1_1024.jpg\" \/>\n\t<meta property=\"og:image:width\" content=\"1024\" \/>\n\t<meta property=\"og:image:height\" content=\"755\" \/>\n\t<meta property=\"og:image:type\" content=\"image\/jpeg\" \/>\n<meta name=\"author\" content=\"Sebastian\" \/>\n<meta name=\"twitter:card\" content=\"summary_large_image\" \/>\n<meta name=\"twitter:creator\" content=\"@InformeLitoral\" \/>\n<meta name=\"twitter:site\" content=\"@InformeLitoral\" \/>\n<meta name=\"twitter:label1\" content=\"Escrito por\" \/>\n\t<meta name=\"twitter:data1\" content=\"Sebastian\" \/>\n\t<meta name=\"twitter:label2\" content=\"Tiempo de lectura\" \/>\n\t<meta name=\"twitter:data2\" content=\"2 minutos\" \/>\n<script type=\"application\/ld+json\" class=\"yoast-schema-graph\">{\"@context\":\"https:\\\/\\\/schema.org\",\"@graph\":[{\"@type\":\"Article\",\"@id\":\"https:\\\/\\\/informelitoral.com.ar\\\/contrastes-climaticos-en-argentina-nieblas-en-el-entro-y-fenomenos-intensos-en-los-extremos\\\/#article\",\"isPartOf\":{\"@id\":\"https:\\\/\\\/informelitoral.com.ar\\\/contrastes-climaticos-en-argentina-nieblas-en-el-entro-y-fenomenos-intensos-en-los-extremos\\\/\"},\"author\":{\"name\":\"Sebastian\",\"@id\":\"https:\\\/\\\/informelitoral.com.ar\\\/#\\\/schema\\\/person\\\/f05f9f461677119578717524b127d6d5\"},\"headline\":\"Contrastes clim\u00e1ticos en Argentina: nieblas en el centro y fen\u00f3menos intensos en los extremos\",\"datePublished\":\"2025-06-05T10:54:25+00:00\",\"dateModified\":\"2025-06-05T10:55:23+00:00\",\"mainEntityOfPage\":{\"@id\":\"https:\\\/\\\/informelitoral.com.ar\\\/contrastes-climaticos-en-argentina-nieblas-en-el-entro-y-fenomenos-intensos-en-los-extremos\\\/\"},\"wordCount\":325,\"commentCount\":0,\"publisher\":{\"@id\":\"https:\\\/\\\/informelitoral.com.ar\\\/#organization\"},\"image\":{\"@id\":\"https:\\\/\\\/informelitoral.com.ar\\\/contrastes-climaticos-en-argentina-nieblas-en-el-entro-y-fenomenos-intensos-en-los-extremos\\\/#primaryimage\"},\"thumbnailUrl\":\"https:\\\/\\\/informelitoral.com.ar\\\/%77%70%2d%63%6f%6e%74%65%6e%74\\\/uploads\\\/2022\\\/06\\\/tipos-y-nombres-de-nieblas-293051-1_1024.jpg\",\"keywords\":[\"SMN\"],\"articleSection\":[\"Nacionales\"],\"inLanguage\":\"es\",\"potentialAction\":[{\"@type\":\"CommentAction\",\"name\":\"Comment\",\"target\":[\"https:\\\/\\\/informelitoral.com.ar\\\/contrastes-climaticos-en-argentina-nieblas-en-el-entro-y-fenomenos-intensos-en-los-extremos\\\/#respond\"]}]},{\"@type\":\"WebPage\",\"@id\":\"https:\\\/\\\/informelitoral.com.ar\\\/contrastes-climaticos-en-argentina-nieblas-en-el-entro-y-fenomenos-intensos-en-los-extremos\\\/\",\"url\":\"https:\\\/\\\/informelitoral.com.ar\\\/contrastes-climaticos-en-argentina-nieblas-en-el-entro-y-fenomenos-intensos-en-los-extremos\\\/\",\"name\":\"Contrastes clim\u00e1ticos en Argentina: nieblas en el centro y fen\u00f3menos intensos en los extremos - Informe Litoral\",\"isPartOf\":{\"@id\":\"https:\\\/\\\/informelitoral.com.ar\\\/#website\"},\"primaryImageOfPage\":{\"@id\":\"https:\\\/\\\/informelitoral.com.ar\\\/contrastes-climaticos-en-argentina-nieblas-en-el-entro-y-fenomenos-intensos-en-los-extremos\\\/#primaryimage\"},\"image\":{\"@id\":\"https:\\\/\\\/informelitoral.com.ar\\\/contrastes-climaticos-en-argentina-nieblas-en-el-entro-y-fenomenos-intensos-en-los-extremos\\\/#primaryimage\"},\"thumbnailUrl\":\"https:\\\/\\\/informelitoral.com.ar\\\/%77%70%2d%63%6f%6e%74%65%6e%74\\\/uploads\\\/2022\\\/06\\\/tipos-y-nombres-de-nieblas-293051-1_1024.jpg\",\"datePublished\":\"2025-06-05T10:54:25+00:00\",\"dateModified\":\"2025-06-05T10:55:23+00:00\",\"breadcrumb\":{\"@id\":\"https:\\\/\\\/informelitoral.com.ar\\\/contrastes-climaticos-en-argentina-nieblas-en-el-entro-y-fenomenos-intensos-en-los-extremos\\\/#breadcrumb\"},\"inLanguage\":\"es\",\"potentialAction\":[{\"@type\":\"ReadAction\",\"target\":[\"https:\\\/\\\/informelitoral.com.ar\\\/contrastes-climaticos-en-argentina-nieblas-en-el-entro-y-fenomenos-intensos-en-los-extremos\\\/\"]}]},{\"@type\":\"ImageObject\",\"inLanguage\":\"es\",\"@id\":\"https:\\\/\\\/informelitoral.com.ar\\\/contrastes-climaticos-en-argentina-nieblas-en-el-entro-y-fenomenos-intensos-en-los-extremos\\\/#primaryimage\",\"url\":\"https:\\\/\\\/informelitoral.com.ar\\\/%77%70%2d%63%6f%6e%74%65%6e%74\\\/uploads\\\/2022\\\/06\\\/tipos-y-nombres-de-nieblas-293051-1_1024.jpg\",\"contentUrl\":\"https:\\\/\\\/informelitoral.com.ar\\\/%77%70%2d%63%6f%6e%74%65%6e%74\\\/uploads\\\/2022\\\/06\\\/tipos-y-nombres-de-nieblas-293051-1_1024.jpg\",\"width\":1024,\"height\":755},{\"@type\":\"BreadcrumbList\",\"@id\":\"https:\\\/\\\/informelitoral.com.ar\\\/contrastes-climaticos-en-argentina-nieblas-en-el-entro-y-fenomenos-intensos-en-los-extremos\\\/#breadcrumb\",\"itemListElement\":[{\"@type\":\"ListItem\",\"position\":1,\"name\":\"Portada\",\"item\":\"https:\\\/\\\/informelitoral.com.ar\\\/\"},{\"@type\":\"ListItem\",\"position\":2,\"name\":\"Contrastes clim\u00e1ticos en Argentina: nieblas en el centro y fen\u00f3menos intensos en los extremos\"}]},{\"@type\":\"WebSite\",\"@id\":\"https:\\\/\\\/informelitoral.com.ar\\\/#website\",\"url\":\"https:\\\/\\\/informelitoral.com.ar\\\/\",\"name\":\"Informe Litoral\",\"description\":\"&quot;Nos informamos&quot; \",\"publisher\":{\"@id\":\"https:\\\/\\\/informelitoral.com.ar\\\/#organization\"},\"potentialAction\":[{\"@type\":\"SearchAction\",\"target\":{\"@type\":\"EntryPoint\",\"urlTemplate\":\"https:\\\/\\\/informelitoral.com.ar\\\/?s={search_term_string}\"},\"query-input\":{\"@type\":\"PropertyValueSpecification\",\"valueRequired\":true,\"valueName\":\"search_term_string\"}}],\"inLanguage\":\"es\"},{\"@type\":\"Organization\",\"@id\":\"https:\\\/\\\/informelitoral.com.ar\\\/#organization\",\"name\":\"Informe Litoral\",\"url\":\"https:\\\/\\\/informelitoral.com.ar\\\/\",\"logo\":{\"@type\":\"ImageObject\",\"inLanguage\":\"es\",\"@id\":\"https:\\\/\\\/informelitoral.com.ar\\\/#\\\/schema\\\/logo\\\/image\\\/\",\"url\":\"https:\\\/\\\/informelitoral.com.ar\\\/%77%70%2d%63%6f%6e%74%65%6e%74\\\/uploads\\\/2021\\\/01\\\/circulo.png\",\"contentUrl\":\"https:\\\/\\\/informelitoral.com.ar\\\/%77%70%2d%63%6f%6e%74%65%6e%74\\\/uploads\\\/2021\\\/01\\\/circulo.png\",\"width\":723,\"height\":731,\"caption\":\"Informe Litoral\"},\"image\":{\"@id\":\"https:\\\/\\\/informelitoral.com.ar\\\/#\\\/schema\\\/logo\\\/image\\\/\"},\"sameAs\":[\"https:\\\/\\\/www.facebook.com\\\/informelitoral\\\/\",\"https:\\\/\\\/x.com\\\/InformeLitoral\",\"https:\\\/\\\/www.instagram.com\\\/informelitoral\\\/\",\"https:\\\/\\\/www.youtube.com\\\/channel\\\/UCua4Qvz8Icb6MYqhoq9xLXw\"]},{\"@type\":\"Person\",\"@id\":\"https:\\\/\\\/informelitoral.com.ar\\\/#\\\/schema\\\/person\\\/f05f9f461677119578717524b127d6d5\",\"name\":\"Sebastian\",\"image\":{\"@type\":\"ImageObject\",\"inLanguage\":\"es\",\"@id\":\"https:\\\/\\\/secure.gravatar.com\\\/avatar\\\/b71bf7481d447dfb9583c7f2798e7cc64de6efb9067b74633ed8c31059a3bd82?s=96&d=mm&r=g\",\"url\":\"https:\\\/\\\/secure.gravatar.com\\\/avatar\\\/b71bf7481d447dfb9583c7f2798e7cc64de6efb9067b74633ed8c31059a3bd82?s=96&d=mm&r=g\",\"contentUrl\":\"https:\\\/\\\/secure.gravatar.com\\\/avatar\\\/b71bf7481d447dfb9583c7f2798e7cc64de6efb9067b74633ed8c31059a3bd82?s=96&d=mm&r=g\",\"caption\":\"Sebastian\"},\"url\":\"https:\\\/\\\/informelitoral.com.ar\\\/author\\\/sebastian\\\/\"}]}<\/script>","yoast_head_json":{"title":"Contrastes clim\u00e1ticos en Argentina: nieblas en el centro y fen\u00f3menos intensos en los extremos - Informe Litoral","robots":{"index":"index","follow":"follow","max-snippet":"max-snippet:-1","max-image-preview":"max-image-preview:large","max-video-preview":"max-video-preview:-1"},"canonical":"https:\/\/informelitoral.com.ar\/contrastes-climaticos-en-argentina-nieblas-en-el-entro-y-fenomenos-intensos-en-los-extremos\/","og_locale":"es_ES","og_type":"article","og_title":"Contrastes clim\u00e1ticos en Argentina: nieblas en el centro y fen\u00f3menos intensos en los extremos - Informe Litoral","og_description":"Mientras la atenci\u00f3n por algunos fen\u00f3menos meteorol\u00f3gicos intensos est\u00e1 puesta en el noreste argentino y la Patagonia, gran parte del pa\u00eds debe convivir con una situaci\u00f3n m\u00e1s silenciosa pero igualmente relevante: las nieblas matinales.","og_url":"https:\/\/informelitoral.com.ar\/contrastes-climaticos-en-argentina-nieblas-en-el-entro-y-fenomenos-intensos-en-los-extremos\/","og_site_name":"Informe Litoral","article_publisher":"https:\/\/www.facebook.com\/informelitoral\/","article_published_time":"2025-06-05T10:54:25+00:00","article_modified_time":"2025-06-05T10:55:23+00:00","og_image":[{"width":1024,"height":755,"url":"https:\/\/informelitoral.com.ar\/%77%70%2d%63%6f%6e%74%65%6e%74\/uploads\/2022\/06\/tipos-y-nombres-de-nieblas-293051-1_1024.jpg","type":"image\/jpeg"}],"author":"Sebastian","twitter_card":"summary_large_image","twitter_creator":"@InformeLitoral","twitter_site":"@InformeLitoral","twitter_misc":{"Escrito por":"Sebastian","Tiempo de lectura":"2 minutos"},"schema":{"@context":"https:\/\/schema.org","@graph":[{"@type":"Article","@id":"https:\/\/informelitoral.com.ar\/contrastes-climaticos-en-argentina-nieblas-en-el-entro-y-fenomenos-intensos-en-los-extremos\/#article","isPartOf":{"@id":"https:\/\/informelitoral.com.ar\/contrastes-climaticos-en-argentina-nieblas-en-el-entro-y-fenomenos-intensos-en-los-extremos\/"},"author":{"name":"Sebastian","@id":"https:\/\/informelitoral.com.ar\/#\/schema\/person\/f05f9f461677119578717524b127d6d5"},"headline":"Contrastes clim\u00e1ticos en Argentina: nieblas en el centro y fen\u00f3menos intensos en los extremos","datePublished":"2025-06-05T10:54:25+00:00","dateModified":"2025-06-05T10:55:23+00:00","mainEntityOfPage":{"@id":"https:\/\/informelitoral.com.ar\/contrastes-climaticos-en-argentina-nieblas-en-el-entro-y-fenomenos-intensos-en-los-extremos\/"},"wordCount":325,"commentCount":0,"publisher":{"@id":"https:\/\/informelitoral.com.ar\/#organization"},"image":{"@id":"https:\/\/informelitoral.com.ar\/contrastes-climaticos-en-argentina-nieblas-en-el-entro-y-fenomenos-intensos-en-los-extremos\/#primaryimage"},"thumbnailUrl":"https:\/\/informelitoral.com.ar\/%77%70%2d%63%6f%6e%74%65%6e%74\/uploads\/2022\/06\/tipos-y-nombres-de-nieblas-293051-1_1024.jpg","keywords":["SMN"],"articleSection":["Nacionales"],"inLanguage":"es","potentialAction":[{"@type":"CommentAction","name":"Comment","target":["https:\/\/informelitoral.com.ar\/contrastes-climaticos-en-argentina-nieblas-en-el-entro-y-fenomenos-intensos-en-los-extremos\/#respond"]}]},{"@type":"WebPage","@id":"https:\/\/informelitoral.com.ar\/contrastes-climaticos-en-argentina-nieblas-en-el-entro-y-fenomenos-intensos-en-los-extremos\/","url":"https:\/\/informelitoral.com.ar\/contrastes-climaticos-en-argentina-nieblas-en-el-entro-y-fenomenos-intensos-en-los-extremos\/","name":"Contrastes clim\u00e1ticos en Argentina: nieblas en el centro y fen\u00f3menos intensos en los extremos - Informe Litoral","isPartOf":{"@id":"https:\/\/informelitoral.com.ar\/#website"},"primaryImageOfPage":{"@id":"https:\/\/informelitoral.com.ar\/contrastes-climaticos-en-argentina-nieblas-en-el-entro-y-fenomenos-intensos-en-los-extremos\/#primaryimage"},"image":{"@id":"https:\/\/informelitoral.com.ar\/contrastes-climaticos-en-argentina-nieblas-en-el-entro-y-fenomenos-intensos-en-los-extremos\/#primaryimage"},"thumbnailUrl":"https:\/\/informelitoral.com.ar\/%77%70%2d%63%6f%6e%74%65%6e%74\/uploads\/2022\/06\/tipos-y-nombres-de-nieblas-293051-1_1024.jpg","datePublished":"2025-06-05T10:54:25+00:00","dateModified":"2025-06-05T10:55:23+00:00","breadcrumb":{"@id":"https:\/\/informelitoral.com.ar\/contrastes-climaticos-en-argentina-nieblas-en-el-entro-y-fenomenos-intensos-en-los-extremos\/#breadcrumb"},"inLanguage":"es","potentialAction":[{"@type":"ReadAction","target":["https:\/\/informelitoral.com.ar\/contrastes-climaticos-en-argentina-nieblas-en-el-entro-y-fenomenos-intensos-en-los-extremos\/"]}]},{"@type":"ImageObject","inLanguage":"es","@id":"https:\/\/informelitoral.com.ar\/contrastes-climaticos-en-argentina-nieblas-en-el-entro-y-fenomenos-intensos-en-los-extremos\/#primaryimage","url":"https:\/\/informelitoral.com.ar\/%77%70%2d%63%6f%6e%74%65%6e%74\/uploads\/2022\/06\/tipos-y-nombres-de-nieblas-293051-1_1024.jpg","contentUrl":"https:\/\/informelitoral.com.ar\/%77%70%2d%63%6f%6e%74%65%6e%74\/uploads\/2022\/06\/tipos-y-nombres-de-nieblas-293051-1_1024.jpg","width":1024,"height":755},{"@type":"BreadcrumbList","@id":"https:\/\/informelitoral.com.ar\/contrastes-climaticos-en-argentina-nieblas-en-el-entro-y-fenomenos-intensos-en-los-extremos\/#breadcrumb","itemListElement":[{"@type":"ListItem","position":1,"name":"Portada","item":"https:\/\/informelitoral.com.ar\/"},{"@type":"ListItem","position":2,"name":"Contrastes clim\u00e1ticos en Argentina: nieblas en el centro y fen\u00f3menos intensos en los extremos"}]},{"@type":"WebSite","@id":"https:\/\/informelitoral.com.ar\/#website","url":"https:\/\/informelitoral.com.ar\/","name":"Informe Litoral","description":"&quot;Nos informamos&quot; ","publisher":{"@id":"https:\/\/informelitoral.com.ar\/#organization"},"potentialAction":[{"@type":"SearchAction","target":{"@type":"EntryPoint","urlTemplate":"https:\/\/informelitoral.com.ar\/?s={search_term_string}"},"query-input":{"@type":"PropertyValueSpecification","valueRequired":true,"valueName":"search_term_string"}}],"inLanguage":"es"},{"@type":"Organization","@id":"https:\/\/informelitoral.com.ar\/#organization","name":"Informe Litoral","url":"https:\/\/informelitoral.com.ar\/","logo":{"@type":"ImageObject","inLanguage":"es","@id":"https:\/\/informelitoral.com.ar\/#\/schema\/logo\/image\/","url":"https:\/\/informelitoral.com.ar\/%77%70%2d%63%6f%6e%74%65%6e%74\/uploads\/2021\/01\/circulo.png","contentUrl":"https:\/\/informelitoral.com.ar\/%77%70%2d%63%6f%6e%74%65%6e%74\/uploads\/2021\/01\/circulo.png","width":723,"height":731,"caption":"Informe Litoral"},"image":{"@id":"https:\/\/informelitoral.com.ar\/#\/schema\/logo\/image\/"},"sameAs":["https:\/\/www.facebook.com\/informelitoral\/","https:\/\/x.com\/InformeLitoral","https:\/\/www.instagram.com\/informelitoral\/","https:\/\/www.youtube.com\/channel\/UCua4Qvz8Icb6MYqhoq9xLXw"]},{"@type":"Person","@id":"https:\/\/informelitoral.com.ar\/#\/schema\/person\/f05f9f461677119578717524b127d6d5","name":"Sebastian","image":{"@type":"ImageObject","inLanguage":"es","@id":"https:\/\/secure.gravatar.com\/avatar\/b71bf7481d447dfb9583c7f2798e7cc64de6efb9067b74633ed8c31059a3bd82?s=96&d=mm&r=g","url":"https:\/\/secure.gravatar.com\/avatar\/b71bf7481d447dfb9583c7f2798e7cc64de6efb9067b74633ed8c31059a3bd82?s=96&d=mm&r=g","contentUrl":"https:\/\/secure.gravatar.com\/avatar\/b71bf7481d447dfb9583c7f2798e7cc64de6efb9067b74633ed8c31059a3bd82?s=96&d=mm&r=g","caption":"Sebastian"},"url":"https:\/\/informelitoral.com.ar\/author\/sebastian\/"}]}},"_links":{"self":[{"href":"https:\/\/informelitoral.com.ar\/%77%70%2d%6a%73%6f%6e\/wp\/v2\/posts\/223068","targetHints":{"allow":["GET"]}}],"collection":[{"href":"https:\/\/informelitoral.com.ar\/%77%70%2d%6a%73%6f%6e\/wp\/v2\/posts"}],"about":[{"href":"https:\/\/informelitoral.com.ar\/%77%70%2d%6a%73%6f%6e\/wp\/v2\/types\/post"}],"author":[{"embeddable":true,"href":"https:\/\/informelitoral.com.ar\/%77%70%2d%6a%73%6f%6e\/wp\/v2\/users\/8"}],"replies":[{"embeddable":true,"href":"https:\/\/informelitoral.com.ar\/%77%70%2d%6a%73%6f%6e\/wp\/v2\/comments?post=223068"}],"version-history":[{"count":3,"href":"https:\/\/informelitoral.com.ar\/%77%70%2d%6a%73%6f%6e\/wp\/v2\/posts\/223068\/revisions"}],"predecessor-version":[{"id":223071,"href":"https:\/\/informelitoral.com.ar\/%77%70%2d%6a%73%6f%6e\/wp\/v2\/posts\/223068\/revisions\/223071"}],"wp:featuredmedia":[{"embeddable":true,"href":"https:\/\/informelitoral.com.ar\/%77%70%2d%6a%73%6f%6e\/wp\/v2\/media\/79086"}],"wp:attachment":[{"href":"https:\/\/informelitoral.com.ar\/%77%70%2d%6a%73%6f%6e\/wp\/v2\/media?parent=223068"}],"wp:term":[{"taxonomy":"category","embeddable":true,"href":"https:\/\/informelitoral.com.ar\/%77%70%2d%6a%73%6f%6e\/wp\/v2\/categories?post=223068"},{"taxonomy":"post_tag","embeddable":true,"href":"https:\/\/informelitoral.com.ar\/%77%70%2d%6a%73%6f%6e\/wp\/v2\/tags?post=223068"}],"curies":[{"name":"wp","href":"https:\/\/api.w.org\/{rel}","templated":true}]}}