{"id":222647,"date":"2025-06-02T12:17:52","date_gmt":"2025-06-02T15:17:52","guid":{"rendered":"https:\/\/informelitoral.com.ar\/?p=222647"},"modified":"2025-06-02T12:17:52","modified_gmt":"2025-06-02T15:17:52","slug":"victoria-fue-sede-de-un-encuentro-para-fortalecer-la-comunicacion-en-torno-a-los-humedales","status":"publish","type":"post","link":"https:\/\/informelitoral.com.ar\/victoria-fue-sede-de-un-encuentro-para-fortalecer-la-comunicacion-en-torno-a-los-humedales\/","title":{"rendered":"Victoria fue sede de un encuentro para fortalecer la comunicaci\u00f3n en torno a los humedales"},"content":{"rendered":"<p>La propuesta, que reuni\u00f3 a diversos actores locales y regionales, permiti\u00f3 avanzar en una estrategia colectiva de comunicaci\u00f3n con el prop\u00f3sito de trabajar en la elaboraci\u00f3n de propuestas para la futura se\u00f1al\u00e9tica del \u00e1rea. Esta iniciativa se enmarca en el desarrollo de un plan integral de comunicaci\u00f3n que acompa\u00f1e la conservaci\u00f3n y puesta en valor del territorio.<\/p>\n<p>Por medio de debates, trabajos en comisi\u00f3n y puestas en com\u00fan abordaron las necesidades y desaf\u00edos existentes en materia de comunicaci\u00f3n ambiental. A partir de este intercambio, se comenz\u00f3 a delinear una estrategia orientada a sensibilizar, informar y fomentar actitudes responsables en la comunidad y los visitantes del \u00e1rea.<\/p>\n<p>La amplia participaci\u00f3n de instituciones y actores sociales fue uno de los puntos destacados de la jornada. Cabe destacar que la se\u00f1al\u00e9tica en \u00c1reas Naturales Protegidas cumple un rol esencial en la orientaci\u00f3n de los visitantes, la seguridad y la educaci\u00f3n ambiental, adem\u00e1s de contribuir a la protecci\u00f3n del entorno. En este contexto, la jornada permiti\u00f3 sentar las bases para una propuesta construida de manera colectiva, que refleje la identidad y necesidades del territorio.<\/p>\n<p>El taller de comunicaci\u00f3n RUM Victoria estuvo a cargo de la Fundaci\u00f3n Wetlands; la Direcci\u00f3n de \u00c1reas Naturales Protegida de la Secretaria de Ambiente de Entre R\u00edos; y la Secretaria de Ambiente de la municipalidad de Victoria. Participaron del taller, la Prefectura Naval Argentina, docentes de las escuelas en Islas, la vecinal El Embudo, el equipo de investigadores del Centro de Investigaci\u00f3n Cient\u00edfica y de Transferencia Tecnol\u00f3gica a la Producci\u00f3n de Diamante, productores privados del \u00e1rea, prestadores de servicios tur\u00edsticos en la islas, la escuela de kayakismos de Rosario, el Consejo Consultivo del R\u00edo, el Parque Nacional Pre Delta, entre otros.<\/p>\n","protected":false},"excerpt":{"rendered":"<p>Se concret\u00f3 el primer taller participativo de comunicaci\u00f3n vinculado al Plan de Manejo de la Reserva de Usos M\u00faltiples (RUM) Humedales e Islas de Victoria.<\/p>\n","protected":false},"author":8,"featured_media":222648,"comment_status":"open","ping_status":"open","sticky":false,"template":"","format":"standard","meta":{"fifu_image_url":"https:\/\/media.lavoz901.com\/fotos-new\/2025\/06\/01\/b_1748794380.jpg","fifu_image_alt":"","footnotes":""},"categories":[6],"tags":[1625,507],"class_list":{"0":"post-222647","1":"post","2":"type-post","3":"status-publish","4":"format-standard","5":"has-post-thumbnail","7":"category-entre-rios","8":"tag-humedales","9":"tag-victoria"},"yoast_head":"<title>Victoria fue sede de un encuentro para fortalecer la comunicaci\u00f3n en torno a los humedales - Informe Litoral<\/title>\n<meta name=\"robots\" content=\"index, follow, max-snippet:-1, max-image-preview:large, max-video-preview:-1\" \/>\n<link rel=\"canonical\" href=\"https:\/\/informelitoral.com.ar\/victoria-fue-sede-de-un-encuentro-para-fortalecer-la-comunicacion-en-torno-a-los-humedales\/\" \/>\n<meta property=\"og:locale\" content=\"es_ES\" \/>\n<meta property=\"og:type\" content=\"article\" \/>\n<meta property=\"og:title\" content=\"Victoria fue sede de un encuentro para fortalecer la comunicaci\u00f3n en torno a los humedales - Informe Litoral\" \/>\n<meta property=\"og:description\" content=\"Se concret\u00f3 el primer taller participativo de comunicaci\u00f3n vinculado al Plan de Manejo de la Reserva de Usos M\u00faltiples (RUM) Humedales e Islas de Victoria.\" \/>\n<meta property=\"og:url\" content=\"https:\/\/informelitoral.com.ar\/victoria-fue-sede-de-un-encuentro-para-fortalecer-la-comunicacion-en-torno-a-los-humedales\/\" \/>\n<meta property=\"og:site_name\" content=\"Informe Litoral\" \/>\n<meta property=\"article:publisher\" content=\"https:\/\/www.facebook.com\/informelitoral\/\" \/>\n<meta property=\"article:published_time\" content=\"2025-06-02T15:17:52+00:00\" \/>\n<meta property=\"og:image\" content=\"https:\/\/media.lavoz901.com\/fotos-new\/2025\/06\/01\/b_1748794380.jpg\" \/><meta property=\"og:image\" content=\"https:\/\/media.lavoz901.com\/fotos-new\/2025\/06\/01\/b_1748794380.jpg\" \/>\n\t<meta property=\"og:image:width\" content=\"948\" \/>\n\t<meta property=\"og:image:height\" content=\"632\" \/>\n\t<meta property=\"og:image:type\" content=\"image\/jpeg\" \/>\n<meta name=\"author\" content=\"Sebastian\" \/>\n<meta name=\"twitter:card\" content=\"summary_large_image\" \/>\n<meta name=\"twitter:image\" content=\"https:\/\/media.lavoz901.com\/fotos-new\/2025\/06\/01\/b_1748794380.jpg\" \/>\n<meta name=\"twitter:creator\" content=\"@InformeLitoral\" \/>\n<meta name=\"twitter:site\" content=\"@InformeLitoral\" \/>\n<meta name=\"twitter:label1\" content=\"Escrito por\" \/>\n\t<meta name=\"twitter:data1\" content=\"Sebastian\" \/>\n\t<meta name=\"twitter:label2\" content=\"Tiempo de lectura\" \/>\n\t<meta name=\"twitter:data2\" content=\"2 minutos\" \/>\n<script type=\"application\/ld+json\" class=\"yoast-schema-graph\">{\"@context\":\"https:\\\/\\\/schema.org\",\"@graph\":[{\"@type\":\"Article\",\"@id\":\"https:\\\/\\\/informelitoral.com.ar\\\/victoria-fue-sede-de-un-encuentro-para-fortalecer-la-comunicacion-en-torno-a-los-humedales\\\/#article\",\"isPartOf\":{\"@id\":\"https:\\\/\\\/informelitoral.com.ar\\\/victoria-fue-sede-de-un-encuentro-para-fortalecer-la-comunicacion-en-torno-a-los-humedales\\\/\"},\"author\":{\"name\":\"Sebastian\",\"@id\":\"https:\\\/\\\/informelitoral.com.ar\\\/#\\\/schema\\\/person\\\/f05f9f461677119578717524b127d6d5\"},\"headline\":\"Victoria fue sede de un encuentro para fortalecer la comunicaci\u00f3n en torno a los humedales\",\"datePublished\":\"2025-06-02T15:17:52+00:00\",\"mainEntityOfPage\":{\"@id\":\"https:\\\/\\\/informelitoral.com.ar\\\/victoria-fue-sede-de-un-encuentro-para-fortalecer-la-comunicacion-en-torno-a-los-humedales\\\/\"},\"wordCount\":326,\"commentCount\":0,\"publisher\":{\"@id\":\"https:\\\/\\\/informelitoral.com.ar\\\/#organization\"},\"image\":{\"@id\":\"https:\\\/\\\/informelitoral.com.ar\\\/victoria-fue-sede-de-un-encuentro-para-fortalecer-la-comunicacion-en-torno-a-los-humedales\\\/#primaryimage\"},\"thumbnailUrl\":\"https:\\\/\\\/media.lavoz901.com\\\/fotos-new\\\/2025\\\/06\\\/01\\\/b_1748794380.jpg\",\"keywords\":[\"Humedales\",\"Victoria\"],\"articleSection\":[\"Entre R\u00edos\"],\"inLanguage\":\"es\",\"potentialAction\":[{\"@type\":\"CommentAction\",\"name\":\"Comment\",\"target\":[\"https:\\\/\\\/informelitoral.com.ar\\\/victoria-fue-sede-de-un-encuentro-para-fortalecer-la-comunicacion-en-torno-a-los-humedales\\\/#respond\"]}]},{\"@type\":\"WebPage\",\"@id\":\"https:\\\/\\\/informelitoral.com.ar\\\/victoria-fue-sede-de-un-encuentro-para-fortalecer-la-comunicacion-en-torno-a-los-humedales\\\/\",\"url\":\"https:\\\/\\\/informelitoral.com.ar\\\/victoria-fue-sede-de-un-encuentro-para-fortalecer-la-comunicacion-en-torno-a-los-humedales\\\/\",\"name\":\"Victoria fue sede de un encuentro para fortalecer la comunicaci\u00f3n en torno a los humedales - Informe Litoral\",\"isPartOf\":{\"@id\":\"https:\\\/\\\/informelitoral.com.ar\\\/#website\"},\"primaryImageOfPage\":{\"@id\":\"https:\\\/\\\/informelitoral.com.ar\\\/victoria-fue-sede-de-un-encuentro-para-fortalecer-la-comunicacion-en-torno-a-los-humedales\\\/#primaryimage\"},\"image\":{\"@id\":\"https:\\\/\\\/informelitoral.com.ar\\\/victoria-fue-sede-de-un-encuentro-para-fortalecer-la-comunicacion-en-torno-a-los-humedales\\\/#primaryimage\"},\"thumbnailUrl\":\"https:\\\/\\\/media.lavoz901.com\\\/fotos-new\\\/2025\\\/06\\\/01\\\/b_1748794380.jpg\",\"datePublished\":\"2025-06-02T15:17:52+00:00\",\"breadcrumb\":{\"@id\":\"https:\\\/\\\/informelitoral.com.ar\\\/victoria-fue-sede-de-un-encuentro-para-fortalecer-la-comunicacion-en-torno-a-los-humedales\\\/#breadcrumb\"},\"inLanguage\":\"es\",\"potentialAction\":[{\"@type\":\"ReadAction\",\"target\":[\"https:\\\/\\\/informelitoral.com.ar\\\/victoria-fue-sede-de-un-encuentro-para-fortalecer-la-comunicacion-en-torno-a-los-humedales\\\/\"]}]},{\"@type\":\"ImageObject\",\"inLanguage\":\"es\",\"@id\":\"https:\\\/\\\/informelitoral.com.ar\\\/victoria-fue-sede-de-un-encuentro-para-fortalecer-la-comunicacion-en-torno-a-los-humedales\\\/#primaryimage\",\"url\":\"https:\\\/\\\/media.lavoz901.com\\\/fotos-new\\\/2025\\\/06\\\/01\\\/b_1748794380.jpg\",\"contentUrl\":\"https:\\\/\\\/media.lavoz901.com\\\/fotos-new\\\/2025\\\/06\\\/01\\\/b_1748794380.jpg\",\"width\":\"948\",\"height\":\"632\"},{\"@type\":\"BreadcrumbList\",\"@id\":\"https:\\\/\\\/informelitoral.com.ar\\\/victoria-fue-sede-de-un-encuentro-para-fortalecer-la-comunicacion-en-torno-a-los-humedales\\\/#breadcrumb\",\"itemListElement\":[{\"@type\":\"ListItem\",\"position\":1,\"name\":\"Portada\",\"item\":\"https:\\\/\\\/informelitoral.com.ar\\\/\"},{\"@type\":\"ListItem\",\"position\":2,\"name\":\"Victoria fue sede de un encuentro para fortalecer la comunicaci\u00f3n en torno a los humedales\"}]},{\"@type\":\"WebSite\",\"@id\":\"https:\\\/\\\/informelitoral.com.ar\\\/#website\",\"url\":\"https:\\\/\\\/informelitoral.com.ar\\\/\",\"name\":\"Informe Litoral\",\"description\":\"&quot;Nos informamos&quot; \",\"publisher\":{\"@id\":\"https:\\\/\\\/informelitoral.com.ar\\\/#organization\"},\"potentialAction\":[{\"@type\":\"SearchAction\",\"target\":{\"@type\":\"EntryPoint\",\"urlTemplate\":\"https:\\\/\\\/informelitoral.com.ar\\\/?s={search_term_string}\"},\"query-input\":{\"@type\":\"PropertyValueSpecification\",\"valueRequired\":true,\"valueName\":\"search_term_string\"}}],\"inLanguage\":\"es\"},{\"@type\":\"Organization\",\"@id\":\"https:\\\/\\\/informelitoral.com.ar\\\/#organization\",\"name\":\"Informe Litoral\",\"url\":\"https:\\\/\\\/informelitoral.com.ar\\\/\",\"logo\":{\"@type\":\"ImageObject\",\"inLanguage\":\"es\",\"@id\":\"https:\\\/\\\/informelitoral.com.ar\\\/#\\\/schema\\\/logo\\\/image\\\/\",\"url\":\"https:\\\/\\\/informelitoral.com.ar\\\/%77%70%2d%63%6f%6e%74%65%6e%74\\\/uploads\\\/2021\\\/01\\\/circulo.png\",\"contentUrl\":\"https:\\\/\\\/informelitoral.com.ar\\\/%77%70%2d%63%6f%6e%74%65%6e%74\\\/uploads\\\/2021\\\/01\\\/circulo.png\",\"width\":723,\"height\":731,\"caption\":\"Informe Litoral\"},\"image\":{\"@id\":\"https:\\\/\\\/informelitoral.com.ar\\\/#\\\/schema\\\/logo\\\/image\\\/\"},\"sameAs\":[\"https:\\\/\\\/www.facebook.com\\\/informelitoral\\\/\",\"https:\\\/\\\/x.com\\\/InformeLitoral\",\"https:\\\/\\\/www.instagram.com\\\/informelitoral\\\/\",\"https:\\\/\\\/www.youtube.com\\\/channel\\\/UCua4Qvz8Icb6MYqhoq9xLXw\"]},{\"@type\":\"Person\",\"@id\":\"https:\\\/\\\/informelitoral.com.ar\\\/#\\\/schema\\\/person\\\/f05f9f461677119578717524b127d6d5\",\"name\":\"Sebastian\",\"image\":{\"@type\":\"ImageObject\",\"inLanguage\":\"es\",\"@id\":\"https:\\\/\\\/secure.gravatar.com\\\/avatar\\\/b71bf7481d447dfb9583c7f2798e7cc64de6efb9067b74633ed8c31059a3bd82?s=96&d=mm&r=g\",\"url\":\"https:\\\/\\\/secure.gravatar.com\\\/avatar\\\/b71bf7481d447dfb9583c7f2798e7cc64de6efb9067b74633ed8c31059a3bd82?s=96&d=mm&r=g\",\"contentUrl\":\"https:\\\/\\\/secure.gravatar.com\\\/avatar\\\/b71bf7481d447dfb9583c7f2798e7cc64de6efb9067b74633ed8c31059a3bd82?s=96&d=mm&r=g\",\"caption\":\"Sebastian\"},\"url\":\"https:\\\/\\\/informelitoral.com.ar\\\/author\\\/sebastian\\\/\"}]}<\/script>","yoast_head_json":{"title":"Victoria fue sede de un encuentro para fortalecer la comunicaci\u00f3n en torno a los humedales - Informe Litoral","robots":{"index":"index","follow":"follow","max-snippet":"max-snippet:-1","max-image-preview":"max-image-preview:large","max-video-preview":"max-video-preview:-1"},"canonical":"https:\/\/informelitoral.com.ar\/victoria-fue-sede-de-un-encuentro-para-fortalecer-la-comunicacion-en-torno-a-los-humedales\/","og_locale":"es_ES","og_type":"article","og_title":"Victoria fue sede de un encuentro para fortalecer la comunicaci\u00f3n en torno a los humedales - Informe Litoral","og_description":"Se concret\u00f3 el primer taller participativo de comunicaci\u00f3n vinculado al Plan de Manejo de la Reserva de Usos M\u00faltiples (RUM) Humedales e Islas de Victoria.","og_url":"https:\/\/informelitoral.com.ar\/victoria-fue-sede-de-un-encuentro-para-fortalecer-la-comunicacion-en-torno-a-los-humedales\/","og_site_name":"Informe Litoral","article_publisher":"https:\/\/www.facebook.com\/informelitoral\/","article_published_time":"2025-06-02T15:17:52+00:00","og_image":[{"url":"https:\/\/media.lavoz901.com\/fotos-new\/2025\/06\/01\/b_1748794380.jpg","type":"","width":"","height":""},{"width":948,"height":632,"url":"https:\/\/media.lavoz901.com\/fotos-new\/2025\/06\/01\/b_1748794380.jpg","type":"image\/jpeg"}],"author":"Sebastian","twitter_card":"summary_large_image","twitter_image":"https:\/\/media.lavoz901.com\/fotos-new\/2025\/06\/01\/b_1748794380.jpg","twitter_creator":"@InformeLitoral","twitter_site":"@InformeLitoral","twitter_misc":{"Escrito por":"Sebastian","Tiempo de lectura":"2 minutos"},"schema":{"@context":"https:\/\/schema.org","@graph":[{"@type":"Article","@id":"https:\/\/informelitoral.com.ar\/victoria-fue-sede-de-un-encuentro-para-fortalecer-la-comunicacion-en-torno-a-los-humedales\/#article","isPartOf":{"@id":"https:\/\/informelitoral.com.ar\/victoria-fue-sede-de-un-encuentro-para-fortalecer-la-comunicacion-en-torno-a-los-humedales\/"},"author":{"name":"Sebastian","@id":"https:\/\/informelitoral.com.ar\/#\/schema\/person\/f05f9f461677119578717524b127d6d5"},"headline":"Victoria fue sede de un encuentro para fortalecer la comunicaci\u00f3n en torno a los humedales","datePublished":"2025-06-02T15:17:52+00:00","mainEntityOfPage":{"@id":"https:\/\/informelitoral.com.ar\/victoria-fue-sede-de-un-encuentro-para-fortalecer-la-comunicacion-en-torno-a-los-humedales\/"},"wordCount":326,"commentCount":0,"publisher":{"@id":"https:\/\/informelitoral.com.ar\/#organization"},"image":{"@id":"https:\/\/informelitoral.com.ar\/victoria-fue-sede-de-un-encuentro-para-fortalecer-la-comunicacion-en-torno-a-los-humedales\/#primaryimage"},"thumbnailUrl":"https:\/\/media.lavoz901.com\/fotos-new\/2025\/06\/01\/b_1748794380.jpg","keywords":["Humedales","Victoria"],"articleSection":["Entre R\u00edos"],"inLanguage":"es","potentialAction":[{"@type":"CommentAction","name":"Comment","target":["https:\/\/informelitoral.com.ar\/victoria-fue-sede-de-un-encuentro-para-fortalecer-la-comunicacion-en-torno-a-los-humedales\/#respond"]}]},{"@type":"WebPage","@id":"https:\/\/informelitoral.com.ar\/victoria-fue-sede-de-un-encuentro-para-fortalecer-la-comunicacion-en-torno-a-los-humedales\/","url":"https:\/\/informelitoral.com.ar\/victoria-fue-sede-de-un-encuentro-para-fortalecer-la-comunicacion-en-torno-a-los-humedales\/","name":"Victoria fue sede de un encuentro para fortalecer la comunicaci\u00f3n en torno a los humedales - Informe Litoral","isPartOf":{"@id":"https:\/\/informelitoral.com.ar\/#website"},"primaryImageOfPage":{"@id":"https:\/\/informelitoral.com.ar\/victoria-fue-sede-de-un-encuentro-para-fortalecer-la-comunicacion-en-torno-a-los-humedales\/#primaryimage"},"image":{"@id":"https:\/\/informelitoral.com.ar\/victoria-fue-sede-de-un-encuentro-para-fortalecer-la-comunicacion-en-torno-a-los-humedales\/#primaryimage"},"thumbnailUrl":"https:\/\/media.lavoz901.com\/fotos-new\/2025\/06\/01\/b_1748794380.jpg","datePublished":"2025-06-02T15:17:52+00:00","breadcrumb":{"@id":"https:\/\/informelitoral.com.ar\/victoria-fue-sede-de-un-encuentro-para-fortalecer-la-comunicacion-en-torno-a-los-humedales\/#breadcrumb"},"inLanguage":"es","potentialAction":[{"@type":"ReadAction","target":["https:\/\/informelitoral.com.ar\/victoria-fue-sede-de-un-encuentro-para-fortalecer-la-comunicacion-en-torno-a-los-humedales\/"]}]},{"@type":"ImageObject","inLanguage":"es","@id":"https:\/\/informelitoral.com.ar\/victoria-fue-sede-de-un-encuentro-para-fortalecer-la-comunicacion-en-torno-a-los-humedales\/#primaryimage","url":"https:\/\/media.lavoz901.com\/fotos-new\/2025\/06\/01\/b_1748794380.jpg","contentUrl":"https:\/\/media.lavoz901.com\/fotos-new\/2025\/06\/01\/b_1748794380.jpg","width":"948","height":"632"},{"@type":"BreadcrumbList","@id":"https:\/\/informelitoral.com.ar\/victoria-fue-sede-de-un-encuentro-para-fortalecer-la-comunicacion-en-torno-a-los-humedales\/#breadcrumb","itemListElement":[{"@type":"ListItem","position":1,"name":"Portada","item":"https:\/\/informelitoral.com.ar\/"},{"@type":"ListItem","position":2,"name":"Victoria fue sede de un encuentro para fortalecer la comunicaci\u00f3n en torno a los humedales"}]},{"@type":"WebSite","@id":"https:\/\/informelitoral.com.ar\/#website","url":"https:\/\/informelitoral.com.ar\/","name":"Informe Litoral","description":"&quot;Nos informamos&quot; ","publisher":{"@id":"https:\/\/informelitoral.com.ar\/#organization"},"potentialAction":[{"@type":"SearchAction","target":{"@type":"EntryPoint","urlTemplate":"https:\/\/informelitoral.com.ar\/?s={search_term_string}"},"query-input":{"@type":"PropertyValueSpecification","valueRequired":true,"valueName":"search_term_string"}}],"inLanguage":"es"},{"@type":"Organization","@id":"https:\/\/informelitoral.com.ar\/#organization","name":"Informe Litoral","url":"https:\/\/informelitoral.com.ar\/","logo":{"@type":"ImageObject","inLanguage":"es","@id":"https:\/\/informelitoral.com.ar\/#\/schema\/logo\/image\/","url":"https:\/\/informelitoral.com.ar\/%77%70%2d%63%6f%6e%74%65%6e%74\/uploads\/2021\/01\/circulo.png","contentUrl":"https:\/\/informelitoral.com.ar\/%77%70%2d%63%6f%6e%74%65%6e%74\/uploads\/2021\/01\/circulo.png","width":723,"height":731,"caption":"Informe Litoral"},"image":{"@id":"https:\/\/informelitoral.com.ar\/#\/schema\/logo\/image\/"},"sameAs":["https:\/\/www.facebook.com\/informelitoral\/","https:\/\/x.com\/InformeLitoral","https:\/\/www.instagram.com\/informelitoral\/","https:\/\/www.youtube.com\/channel\/UCua4Qvz8Icb6MYqhoq9xLXw"]},{"@type":"Person","@id":"https:\/\/informelitoral.com.ar\/#\/schema\/person\/f05f9f461677119578717524b127d6d5","name":"Sebastian","image":{"@type":"ImageObject","inLanguage":"es","@id":"https:\/\/secure.gravatar.com\/avatar\/b71bf7481d447dfb9583c7f2798e7cc64de6efb9067b74633ed8c31059a3bd82?s=96&d=mm&r=g","url":"https:\/\/secure.gravatar.com\/avatar\/b71bf7481d447dfb9583c7f2798e7cc64de6efb9067b74633ed8c31059a3bd82?s=96&d=mm&r=g","contentUrl":"https:\/\/secure.gravatar.com\/avatar\/b71bf7481d447dfb9583c7f2798e7cc64de6efb9067b74633ed8c31059a3bd82?s=96&d=mm&r=g","caption":"Sebastian"},"url":"https:\/\/informelitoral.com.ar\/author\/sebastian\/"}]}},"fifu_image_url":"https:\/\/media.lavoz901.com\/fotos-new\/2025\/06\/01\/b_1748794380.jpg","_links":{"self":[{"href":"https:\/\/informelitoral.com.ar\/%77%70%2d%6a%73%6f%6e\/wp\/v2\/posts\/222647","targetHints":{"allow":["GET"]}}],"collection":[{"href":"https:\/\/informelitoral.com.ar\/%77%70%2d%6a%73%6f%6e\/wp\/v2\/posts"}],"about":[{"href":"https:\/\/informelitoral.com.ar\/%77%70%2d%6a%73%6f%6e\/wp\/v2\/types\/post"}],"author":[{"embeddable":true,"href":"https:\/\/informelitoral.com.ar\/%77%70%2d%6a%73%6f%6e\/wp\/v2\/users\/8"}],"replies":[{"embeddable":true,"href":"https:\/\/informelitoral.com.ar\/%77%70%2d%6a%73%6f%6e\/wp\/v2\/comments?post=222647"}],"version-history":[{"count":1,"href":"https:\/\/informelitoral.com.ar\/%77%70%2d%6a%73%6f%6e\/wp\/v2\/posts\/222647\/revisions"}],"predecessor-version":[{"id":222649,"href":"https:\/\/informelitoral.com.ar\/%77%70%2d%6a%73%6f%6e\/wp\/v2\/posts\/222647\/revisions\/222649"}],"wp:featuredmedia":[{"embeddable":true,"href":"https:\/\/informelitoral.com.ar\/%77%70%2d%6a%73%6f%6e\/wp\/v2\/media\/222648"}],"wp:attachment":[{"href":"https:\/\/informelitoral.com.ar\/%77%70%2d%6a%73%6f%6e\/wp\/v2\/media?parent=222647"}],"wp:term":[{"taxonomy":"category","embeddable":true,"href":"https:\/\/informelitoral.com.ar\/%77%70%2d%6a%73%6f%6e\/wp\/v2\/categories?post=222647"},{"taxonomy":"post_tag","embeddable":true,"href":"https:\/\/informelitoral.com.ar\/%77%70%2d%6a%73%6f%6e\/wp\/v2\/tags?post=222647"}],"curies":[{"name":"wp","href":"https:\/\/api.w.org\/{rel}","templated":true}]}}