{"id":222556,"date":"2025-06-02T07:36:47","date_gmt":"2025-06-02T10:36:47","guid":{"rendered":"https:\/\/informelitoral.com.ar\/?p=222556"},"modified":"2025-06-02T07:36:47","modified_gmt":"2025-06-02T10:36:47","slug":"sin-lluvias-a-la-vista-la-semana-empieza-con-leve-ascenso-de-temperaturas","status":"publish","type":"post","link":"https:\/\/informelitoral.com.ar\/sin-lluvias-a-la-vista-la-semana-empieza-con-leve-ascenso-de-temperaturas\/","title":{"rendered":"Sin lluvias a la vista la semana empieza con leve ascenso de temperaturas"},"content":{"rendered":"<p>\u201c<b>El tiempo estable y moderadamente fr\u00edo persiste en este comienzo de junio sobre gran parte de Argentina<\/b>, luego de un tramo final de mayo que dej\u00f3 un cambio radical de condiciones con el paso de un intenso frente polar\u201d, describi\u00f3 el meteor\u00f3logo, Christian Garavaglia.<\/p>\n<p>Ya pasaron varios d\u00edas de aquel cambio marcado de tiempo en el pa\u00eds, y desde entonces \u201clas condiciones se caracterizan por la ausencia de precipitaciones y temperaturas que se mantienen fr\u00edas pero no tan rigurosas, sino m\u00e1s bien dentro de los par\u00e1metros esperables para la \u00e9poca\u201d.<\/p>\n<p><b>Esta primera semana de junio \u201cmostrar\u00e1 una estabilidad marcada en gran parte del centro y norte de la Argentina<\/b>, y las principales novedades tendr\u00e1n que ver con lo que suceda sobre la Patagonia argentina, la cordillera cuyana, y tambi\u00e9n en particular el norte de la regi\u00f3n del Litoral, con diversos fen\u00f3menos que ir\u00e1n desarroll\u00e1ndose a lo largo de las pr\u00f3ximas jornadas\u201d, detall\u00f3 el especialista.<\/p>\n<p><b>Hoy<\/b>\u00a0predominar\u00e1 el tiempo bueno en la mayor parte de Argentina.\u00a0<b>En Entre R\u00edos se pronostica cielo mayormente despejado<\/b>, con registros t\u00e9rmicos que rondar\u00e1n a la tarde los 18 grados.<\/p>\n<h2><strong>Pron\u00f3stico<\/strong><\/h2>\n<p><b>Para el martes<\/b>\u00a0en territorio entrerriano se anuncia cielo parcialmente nublado con\u00a0<b>temperaturas m\u00ednimas de ocho a 10 grados y m\u00e1ximas que podr\u00edan alcanzar los 20 grados cent\u00edgrados.<\/b><\/p>\n<p>\u201c<b>Un d\u00e9bil frente fr\u00edo estar\u00e1 recorriendo el centro y norte del pa\u00eds entre el pr\u00f3ximo mi\u00e9rcoles y jueves<\/b>, en general de manera inactiva, sin producir fen\u00f3menos de precipitaci\u00f3n sobre la mayor parte de la regi\u00f3n\u201d, adelant\u00f3 Garavaglia en\u00a0<i>Meteored.<\/i>\u00a0Para esos d\u00edas en nuestra provincia\u00a0<b>se anticipan ma\u00f1anas con temperaturas de 10 grados y tardes con registros de 20 grados o algo superiores<\/b>.<\/p>\n<p>En tanto, en noreste argentino, en donde se prev\u00e9 un desmejoramiento durante el mi\u00e9rcoles, con lluvias y tormentas que ir\u00edan generaliz\u00e1ndose e intensific\u00e1ndose.<\/p>\n<p>Mientras tanto, en Entre R\u00edos, para el jueves\u00a0<b>est\u00e1 previsto que se produzca un descenso de las temperaturas m\u00ednimas hasta los seis grados, pero sin precipitaciones<\/b>, por lo cual, producto de la presencia de sol, en las tardes se alcanzar\u00edan nuevamente los 20 grados. A partir del s\u00e1bado venidero podr\u00eda presentarse nuevamente tiempo m\u00e1s fr\u00edo.<\/p>\n","protected":false},"excerpt":{"rendered":"<p>El tiempo estable se mantiene en la regi\u00f3n central del pa\u00eds. En los pr\u00f3ximos d\u00edas los registros t\u00e9rmicos seguir\u00e1n en ascenso. Hacia el final de la semana volver\u00e1 el fr\u00edo m\u00e1s intenso. <\/p>\n","protected":false},"author":2,"featured_media":161890,"comment_status":"open","ping_status":"open","sticky":false,"template":"","format":"standard","meta":{"fifu_image_url":"","fifu_image_alt":"","footnotes":""},"categories":[7],"tags":[38,114,2759],"class_list":{"0":"post-222556","1":"post","2":"type-post","3":"status-publish","4":"format-standard","5":"has-post-thumbnail","7":"category-nacionales","8":"tag-el-tiempo","9":"tag-pronostico","10":"tag-pronostico-del-tiempo"},"yoast_head":"<title>Sin lluvias a la vista la semana empieza con leve ascenso de temperaturas - Informe Litoral<\/title>\n<meta name=\"robots\" content=\"index, follow, max-snippet:-1, max-image-preview:large, max-video-preview:-1\" \/>\n<link rel=\"canonical\" href=\"https:\/\/informelitoral.com.ar\/sin-lluvias-a-la-vista-la-semana-empieza-con-leve-ascenso-de-temperaturas\/\" \/>\n<meta property=\"og:locale\" content=\"es_ES\" \/>\n<meta property=\"og:type\" content=\"article\" \/>\n<meta property=\"og:title\" content=\"Sin lluvias a la vista la semana empieza con leve ascenso de temperaturas - Informe Litoral\" \/>\n<meta property=\"og:description\" content=\"El tiempo estable se mantiene en la regi\u00f3n central del pa\u00eds. En los pr\u00f3ximos d\u00edas los registros t\u00e9rmicos seguir\u00e1n en ascenso. Hacia el final de la semana volver\u00e1 el fr\u00edo m\u00e1s intenso.\" \/>\n<meta property=\"og:url\" content=\"https:\/\/informelitoral.com.ar\/sin-lluvias-a-la-vista-la-semana-empieza-con-leve-ascenso-de-temperaturas\/\" \/>\n<meta property=\"og:site_name\" content=\"Informe Litoral\" \/>\n<meta property=\"article:publisher\" content=\"https:\/\/www.facebook.com\/informelitoral\/\" \/>\n<meta property=\"article:published_time\" content=\"2025-06-02T10:36:47+00:00\" \/>\n<meta property=\"og:image\" content=\"https:\/\/informelitoral.com.ar\/%77%70%2d%63%6f%6e%74%65%6e%74\/uploads\/2023\/08\/amanecer-general-ramirez.jpg\" \/>\n\t<meta property=\"og:image:width\" content=\"961\" \/>\n\t<meta property=\"og:image:height\" content=\"540\" \/>\n\t<meta property=\"og:image:type\" content=\"image\/jpeg\" \/>\n<meta name=\"author\" content=\"Gonzalo Schmidt\" \/>\n<meta name=\"twitter:card\" content=\"summary_large_image\" \/>\n<meta name=\"twitter:creator\" content=\"@InformeLitoral\" \/>\n<meta name=\"twitter:site\" content=\"@InformeLitoral\" \/>\n<meta name=\"twitter:label1\" content=\"Escrito por\" \/>\n\t<meta name=\"twitter:data1\" content=\"Gonzalo Schmidt\" \/>\n\t<meta name=\"twitter:label2\" content=\"Tiempo de lectura\" \/>\n\t<meta name=\"twitter:data2\" content=\"2 minutos\" \/>\n<script type=\"application\/ld+json\" class=\"yoast-schema-graph\">{\"@context\":\"https:\\\/\\\/schema.org\",\"@graph\":[{\"@type\":\"Article\",\"@id\":\"https:\\\/\\\/informelitoral.com.ar\\\/sin-lluvias-a-la-vista-la-semana-empieza-con-leve-ascenso-de-temperaturas\\\/#article\",\"isPartOf\":{\"@id\":\"https:\\\/\\\/informelitoral.com.ar\\\/sin-lluvias-a-la-vista-la-semana-empieza-con-leve-ascenso-de-temperaturas\\\/\"},\"author\":{\"name\":\"Gonzalo Schmidt\",\"@id\":\"https:\\\/\\\/informelitoral.com.ar\\\/#\\\/schema\\\/person\\\/b9d00407c836482871ef1d57bf8e3180\"},\"headline\":\"Sin lluvias a la vista la semana empieza con leve ascenso de temperaturas\",\"datePublished\":\"2025-06-02T10:36:47+00:00\",\"mainEntityOfPage\":{\"@id\":\"https:\\\/\\\/informelitoral.com.ar\\\/sin-lluvias-a-la-vista-la-semana-empieza-con-leve-ascenso-de-temperaturas\\\/\"},\"wordCount\":404,\"commentCount\":0,\"publisher\":{\"@id\":\"https:\\\/\\\/informelitoral.com.ar\\\/#organization\"},\"image\":{\"@id\":\"https:\\\/\\\/informelitoral.com.ar\\\/sin-lluvias-a-la-vista-la-semana-empieza-con-leve-ascenso-de-temperaturas\\\/#primaryimage\"},\"thumbnailUrl\":\"https:\\\/\\\/informelitoral.com.ar\\\/%77%70%2d%63%6f%6e%74%65%6e%74\\\/uploads\\\/2023\\\/08\\\/amanecer-general-ramirez.jpg\",\"keywords\":[\"El tiempo\",\"Pron\u00f3stico\",\"Pron\u00f3stico del tiempo\"],\"articleSection\":[\"Nacionales\"],\"inLanguage\":\"es\",\"potentialAction\":[{\"@type\":\"CommentAction\",\"name\":\"Comment\",\"target\":[\"https:\\\/\\\/informelitoral.com.ar\\\/sin-lluvias-a-la-vista-la-semana-empieza-con-leve-ascenso-de-temperaturas\\\/#respond\"]}]},{\"@type\":\"WebPage\",\"@id\":\"https:\\\/\\\/informelitoral.com.ar\\\/sin-lluvias-a-la-vista-la-semana-empieza-con-leve-ascenso-de-temperaturas\\\/\",\"url\":\"https:\\\/\\\/informelitoral.com.ar\\\/sin-lluvias-a-la-vista-la-semana-empieza-con-leve-ascenso-de-temperaturas\\\/\",\"name\":\"Sin lluvias a la vista la semana empieza con leve ascenso de temperaturas - Informe Litoral\",\"isPartOf\":{\"@id\":\"https:\\\/\\\/informelitoral.com.ar\\\/#website\"},\"primaryImageOfPage\":{\"@id\":\"https:\\\/\\\/informelitoral.com.ar\\\/sin-lluvias-a-la-vista-la-semana-empieza-con-leve-ascenso-de-temperaturas\\\/#primaryimage\"},\"image\":{\"@id\":\"https:\\\/\\\/informelitoral.com.ar\\\/sin-lluvias-a-la-vista-la-semana-empieza-con-leve-ascenso-de-temperaturas\\\/#primaryimage\"},\"thumbnailUrl\":\"https:\\\/\\\/informelitoral.com.ar\\\/%77%70%2d%63%6f%6e%74%65%6e%74\\\/uploads\\\/2023\\\/08\\\/amanecer-general-ramirez.jpg\",\"datePublished\":\"2025-06-02T10:36:47+00:00\",\"breadcrumb\":{\"@id\":\"https:\\\/\\\/informelitoral.com.ar\\\/sin-lluvias-a-la-vista-la-semana-empieza-con-leve-ascenso-de-temperaturas\\\/#breadcrumb\"},\"inLanguage\":\"es\",\"potentialAction\":[{\"@type\":\"ReadAction\",\"target\":[\"https:\\\/\\\/informelitoral.com.ar\\\/sin-lluvias-a-la-vista-la-semana-empieza-con-leve-ascenso-de-temperaturas\\\/\"]}]},{\"@type\":\"ImageObject\",\"inLanguage\":\"es\",\"@id\":\"https:\\\/\\\/informelitoral.com.ar\\\/sin-lluvias-a-la-vista-la-semana-empieza-con-leve-ascenso-de-temperaturas\\\/#primaryimage\",\"url\":\"https:\\\/\\\/informelitoral.com.ar\\\/%77%70%2d%63%6f%6e%74%65%6e%74\\\/uploads\\\/2023\\\/08\\\/amanecer-general-ramirez.jpg\",\"contentUrl\":\"https:\\\/\\\/informelitoral.com.ar\\\/%77%70%2d%63%6f%6e%74%65%6e%74\\\/uploads\\\/2023\\\/08\\\/amanecer-general-ramirez.jpg\",\"width\":961,\"height\":540,\"caption\":\"Foto: General Ram\u00edrez ER. (Facebook)\"},{\"@type\":\"BreadcrumbList\",\"@id\":\"https:\\\/\\\/informelitoral.com.ar\\\/sin-lluvias-a-la-vista-la-semana-empieza-con-leve-ascenso-de-temperaturas\\\/#breadcrumb\",\"itemListElement\":[{\"@type\":\"ListItem\",\"position\":1,\"name\":\"Portada\",\"item\":\"https:\\\/\\\/informelitoral.com.ar\\\/\"},{\"@type\":\"ListItem\",\"position\":2,\"name\":\"Sin lluvias a la vista la semana empieza con leve ascenso de temperaturas\"}]},{\"@type\":\"WebSite\",\"@id\":\"https:\\\/\\\/informelitoral.com.ar\\\/#website\",\"url\":\"https:\\\/\\\/informelitoral.com.ar\\\/\",\"name\":\"Informe Litoral\",\"description\":\"&quot;Nos informamos&quot; \",\"publisher\":{\"@id\":\"https:\\\/\\\/informelitoral.com.ar\\\/#organization\"},\"potentialAction\":[{\"@type\":\"SearchAction\",\"target\":{\"@type\":\"EntryPoint\",\"urlTemplate\":\"https:\\\/\\\/informelitoral.com.ar\\\/?s={search_term_string}\"},\"query-input\":{\"@type\":\"PropertyValueSpecification\",\"valueRequired\":true,\"valueName\":\"search_term_string\"}}],\"inLanguage\":\"es\"},{\"@type\":\"Organization\",\"@id\":\"https:\\\/\\\/informelitoral.com.ar\\\/#organization\",\"name\":\"Informe Litoral\",\"url\":\"https:\\\/\\\/informelitoral.com.ar\\\/\",\"logo\":{\"@type\":\"ImageObject\",\"inLanguage\":\"es\",\"@id\":\"https:\\\/\\\/informelitoral.com.ar\\\/#\\\/schema\\\/logo\\\/image\\\/\",\"url\":\"https:\\\/\\\/informelitoral.com.ar\\\/%77%70%2d%63%6f%6e%74%65%6e%74\\\/uploads\\\/2021\\\/01\\\/circulo.png\",\"contentUrl\":\"https:\\\/\\\/informelitoral.com.ar\\\/%77%70%2d%63%6f%6e%74%65%6e%74\\\/uploads\\\/2021\\\/01\\\/circulo.png\",\"width\":723,\"height\":731,\"caption\":\"Informe Litoral\"},\"image\":{\"@id\":\"https:\\\/\\\/informelitoral.com.ar\\\/#\\\/schema\\\/logo\\\/image\\\/\"},\"sameAs\":[\"https:\\\/\\\/www.facebook.com\\\/informelitoral\\\/\",\"https:\\\/\\\/x.com\\\/InformeLitoral\",\"https:\\\/\\\/www.instagram.com\\\/informelitoral\\\/\",\"https:\\\/\\\/www.youtube.com\\\/channel\\\/UCua4Qvz8Icb6MYqhoq9xLXw\"]},{\"@type\":\"Person\",\"@id\":\"https:\\\/\\\/informelitoral.com.ar\\\/#\\\/schema\\\/person\\\/b9d00407c836482871ef1d57bf8e3180\",\"name\":\"Gonzalo Schmidt\",\"image\":{\"@type\":\"ImageObject\",\"inLanguage\":\"es\",\"@id\":\"https:\\\/\\\/secure.gravatar.com\\\/avatar\\\/31a1a7b66ff2de83bd0e9fd79d026630d2d99e55e8bfe501287647b4fd9743de?s=96&d=mm&r=g\",\"url\":\"https:\\\/\\\/secure.gravatar.com\\\/avatar\\\/31a1a7b66ff2de83bd0e9fd79d026630d2d99e55e8bfe501287647b4fd9743de?s=96&d=mm&r=g\",\"contentUrl\":\"https:\\\/\\\/secure.gravatar.com\\\/avatar\\\/31a1a7b66ff2de83bd0e9fd79d026630d2d99e55e8bfe501287647b4fd9743de?s=96&d=mm&r=g\",\"caption\":\"Gonzalo Schmidt\"},\"description\":\"Sitio web de noticias de la provincia de Entre R\u00edos, Argentina. Informaci\u00f3n y entretenimiento. Informe Litoral, nos informamos.\",\"sameAs\":[\"http:\\\/\\\/www.isletasnoticias.com.ar\"],\"url\":\"https:\\\/\\\/informelitoral.com.ar\\\/author\\\/gonzalo\\\/\"}]}<\/script>","yoast_head_json":{"title":"Sin lluvias a la vista la semana empieza con leve ascenso de temperaturas - Informe Litoral","robots":{"index":"index","follow":"follow","max-snippet":"max-snippet:-1","max-image-preview":"max-image-preview:large","max-video-preview":"max-video-preview:-1"},"canonical":"https:\/\/informelitoral.com.ar\/sin-lluvias-a-la-vista-la-semana-empieza-con-leve-ascenso-de-temperaturas\/","og_locale":"es_ES","og_type":"article","og_title":"Sin lluvias a la vista la semana empieza con leve ascenso de temperaturas - Informe Litoral","og_description":"El tiempo estable se mantiene en la regi\u00f3n central del pa\u00eds. En los pr\u00f3ximos d\u00edas los registros t\u00e9rmicos seguir\u00e1n en ascenso. Hacia el final de la semana volver\u00e1 el fr\u00edo m\u00e1s intenso.","og_url":"https:\/\/informelitoral.com.ar\/sin-lluvias-a-la-vista-la-semana-empieza-con-leve-ascenso-de-temperaturas\/","og_site_name":"Informe Litoral","article_publisher":"https:\/\/www.facebook.com\/informelitoral\/","article_published_time":"2025-06-02T10:36:47+00:00","og_image":[{"width":961,"height":540,"url":"https:\/\/informelitoral.com.ar\/%77%70%2d%63%6f%6e%74%65%6e%74\/uploads\/2023\/08\/amanecer-general-ramirez.jpg","type":"image\/jpeg"}],"author":"Gonzalo Schmidt","twitter_card":"summary_large_image","twitter_creator":"@InformeLitoral","twitter_site":"@InformeLitoral","twitter_misc":{"Escrito por":"Gonzalo Schmidt","Tiempo de lectura":"2 minutos"},"schema":{"@context":"https:\/\/schema.org","@graph":[{"@type":"Article","@id":"https:\/\/informelitoral.com.ar\/sin-lluvias-a-la-vista-la-semana-empieza-con-leve-ascenso-de-temperaturas\/#article","isPartOf":{"@id":"https:\/\/informelitoral.com.ar\/sin-lluvias-a-la-vista-la-semana-empieza-con-leve-ascenso-de-temperaturas\/"},"author":{"name":"Gonzalo Schmidt","@id":"https:\/\/informelitoral.com.ar\/#\/schema\/person\/b9d00407c836482871ef1d57bf8e3180"},"headline":"Sin lluvias a la vista la semana empieza con leve ascenso de temperaturas","datePublished":"2025-06-02T10:36:47+00:00","mainEntityOfPage":{"@id":"https:\/\/informelitoral.com.ar\/sin-lluvias-a-la-vista-la-semana-empieza-con-leve-ascenso-de-temperaturas\/"},"wordCount":404,"commentCount":0,"publisher":{"@id":"https:\/\/informelitoral.com.ar\/#organization"},"image":{"@id":"https:\/\/informelitoral.com.ar\/sin-lluvias-a-la-vista-la-semana-empieza-con-leve-ascenso-de-temperaturas\/#primaryimage"},"thumbnailUrl":"https:\/\/informelitoral.com.ar\/%77%70%2d%63%6f%6e%74%65%6e%74\/uploads\/2023\/08\/amanecer-general-ramirez.jpg","keywords":["El tiempo","Pron\u00f3stico","Pron\u00f3stico del tiempo"],"articleSection":["Nacionales"],"inLanguage":"es","potentialAction":[{"@type":"CommentAction","name":"Comment","target":["https:\/\/informelitoral.com.ar\/sin-lluvias-a-la-vista-la-semana-empieza-con-leve-ascenso-de-temperaturas\/#respond"]}]},{"@type":"WebPage","@id":"https:\/\/informelitoral.com.ar\/sin-lluvias-a-la-vista-la-semana-empieza-con-leve-ascenso-de-temperaturas\/","url":"https:\/\/informelitoral.com.ar\/sin-lluvias-a-la-vista-la-semana-empieza-con-leve-ascenso-de-temperaturas\/","name":"Sin lluvias a la vista la semana empieza con leve ascenso de temperaturas - Informe Litoral","isPartOf":{"@id":"https:\/\/informelitoral.com.ar\/#website"},"primaryImageOfPage":{"@id":"https:\/\/informelitoral.com.ar\/sin-lluvias-a-la-vista-la-semana-empieza-con-leve-ascenso-de-temperaturas\/#primaryimage"},"image":{"@id":"https:\/\/informelitoral.com.ar\/sin-lluvias-a-la-vista-la-semana-empieza-con-leve-ascenso-de-temperaturas\/#primaryimage"},"thumbnailUrl":"https:\/\/informelitoral.com.ar\/%77%70%2d%63%6f%6e%74%65%6e%74\/uploads\/2023\/08\/amanecer-general-ramirez.jpg","datePublished":"2025-06-02T10:36:47+00:00","breadcrumb":{"@id":"https:\/\/informelitoral.com.ar\/sin-lluvias-a-la-vista-la-semana-empieza-con-leve-ascenso-de-temperaturas\/#breadcrumb"},"inLanguage":"es","potentialAction":[{"@type":"ReadAction","target":["https:\/\/informelitoral.com.ar\/sin-lluvias-a-la-vista-la-semana-empieza-con-leve-ascenso-de-temperaturas\/"]}]},{"@type":"ImageObject","inLanguage":"es","@id":"https:\/\/informelitoral.com.ar\/sin-lluvias-a-la-vista-la-semana-empieza-con-leve-ascenso-de-temperaturas\/#primaryimage","url":"https:\/\/informelitoral.com.ar\/%77%70%2d%63%6f%6e%74%65%6e%74\/uploads\/2023\/08\/amanecer-general-ramirez.jpg","contentUrl":"https:\/\/informelitoral.com.ar\/%77%70%2d%63%6f%6e%74%65%6e%74\/uploads\/2023\/08\/amanecer-general-ramirez.jpg","width":961,"height":540,"caption":"Foto: General Ram\u00edrez ER. (Facebook)"},{"@type":"BreadcrumbList","@id":"https:\/\/informelitoral.com.ar\/sin-lluvias-a-la-vista-la-semana-empieza-con-leve-ascenso-de-temperaturas\/#breadcrumb","itemListElement":[{"@type":"ListItem","position":1,"name":"Portada","item":"https:\/\/informelitoral.com.ar\/"},{"@type":"ListItem","position":2,"name":"Sin lluvias a la vista la semana empieza con leve ascenso de temperaturas"}]},{"@type":"WebSite","@id":"https:\/\/informelitoral.com.ar\/#website","url":"https:\/\/informelitoral.com.ar\/","name":"Informe Litoral","description":"&quot;Nos informamos&quot; ","publisher":{"@id":"https:\/\/informelitoral.com.ar\/#organization"},"potentialAction":[{"@type":"SearchAction","target":{"@type":"EntryPoint","urlTemplate":"https:\/\/informelitoral.com.ar\/?s={search_term_string}"},"query-input":{"@type":"PropertyValueSpecification","valueRequired":true,"valueName":"search_term_string"}}],"inLanguage":"es"},{"@type":"Organization","@id":"https:\/\/informelitoral.com.ar\/#organization","name":"Informe Litoral","url":"https:\/\/informelitoral.com.ar\/","logo":{"@type":"ImageObject","inLanguage":"es","@id":"https:\/\/informelitoral.com.ar\/#\/schema\/logo\/image\/","url":"https:\/\/informelitoral.com.ar\/%77%70%2d%63%6f%6e%74%65%6e%74\/uploads\/2021\/01\/circulo.png","contentUrl":"https:\/\/informelitoral.com.ar\/%77%70%2d%63%6f%6e%74%65%6e%74\/uploads\/2021\/01\/circulo.png","width":723,"height":731,"caption":"Informe Litoral"},"image":{"@id":"https:\/\/informelitoral.com.ar\/#\/schema\/logo\/image\/"},"sameAs":["https:\/\/www.facebook.com\/informelitoral\/","https:\/\/x.com\/InformeLitoral","https:\/\/www.instagram.com\/informelitoral\/","https:\/\/www.youtube.com\/channel\/UCua4Qvz8Icb6MYqhoq9xLXw"]},{"@type":"Person","@id":"https:\/\/informelitoral.com.ar\/#\/schema\/person\/b9d00407c836482871ef1d57bf8e3180","name":"Gonzalo Schmidt","image":{"@type":"ImageObject","inLanguage":"es","@id":"https:\/\/secure.gravatar.com\/avatar\/31a1a7b66ff2de83bd0e9fd79d026630d2d99e55e8bfe501287647b4fd9743de?s=96&d=mm&r=g","url":"https:\/\/secure.gravatar.com\/avatar\/31a1a7b66ff2de83bd0e9fd79d026630d2d99e55e8bfe501287647b4fd9743de?s=96&d=mm&r=g","contentUrl":"https:\/\/secure.gravatar.com\/avatar\/31a1a7b66ff2de83bd0e9fd79d026630d2d99e55e8bfe501287647b4fd9743de?s=96&d=mm&r=g","caption":"Gonzalo Schmidt"},"description":"Sitio web de noticias de la provincia de Entre R\u00edos, Argentina. Informaci\u00f3n y entretenimiento. Informe Litoral, nos informamos.","sameAs":["http:\/\/www.isletasnoticias.com.ar"],"url":"https:\/\/informelitoral.com.ar\/author\/gonzalo\/"}]}},"_links":{"self":[{"href":"https:\/\/informelitoral.com.ar\/%77%70%2d%6a%73%6f%6e\/wp\/v2\/posts\/222556","targetHints":{"allow":["GET"]}}],"collection":[{"href":"https:\/\/informelitoral.com.ar\/%77%70%2d%6a%73%6f%6e\/wp\/v2\/posts"}],"about":[{"href":"https:\/\/informelitoral.com.ar\/%77%70%2d%6a%73%6f%6e\/wp\/v2\/types\/post"}],"author":[{"embeddable":true,"href":"https:\/\/informelitoral.com.ar\/%77%70%2d%6a%73%6f%6e\/wp\/v2\/users\/2"}],"replies":[{"embeddable":true,"href":"https:\/\/informelitoral.com.ar\/%77%70%2d%6a%73%6f%6e\/wp\/v2\/comments?post=222556"}],"version-history":[{"count":1,"href":"https:\/\/informelitoral.com.ar\/%77%70%2d%6a%73%6f%6e\/wp\/v2\/posts\/222556\/revisions"}],"predecessor-version":[{"id":222557,"href":"https:\/\/informelitoral.com.ar\/%77%70%2d%6a%73%6f%6e\/wp\/v2\/posts\/222556\/revisions\/222557"}],"wp:featuredmedia":[{"embeddable":true,"href":"https:\/\/informelitoral.com.ar\/%77%70%2d%6a%73%6f%6e\/wp\/v2\/media\/161890"}],"wp:attachment":[{"href":"https:\/\/informelitoral.com.ar\/%77%70%2d%6a%73%6f%6e\/wp\/v2\/media?parent=222556"}],"wp:term":[{"taxonomy":"category","embeddable":true,"href":"https:\/\/informelitoral.com.ar\/%77%70%2d%6a%73%6f%6e\/wp\/v2\/categories?post=222556"},{"taxonomy":"post_tag","embeddable":true,"href":"https:\/\/informelitoral.com.ar\/%77%70%2d%6a%73%6f%6e\/wp\/v2\/tags?post=222556"}],"curies":[{"name":"wp","href":"https:\/\/api.w.org\/{rel}","templated":true}]}}