{"id":222438,"date":"2025-05-30T08:51:41","date_gmt":"2025-05-30T11:51:41","guid":{"rendered":"https:\/\/informelitoral.com.ar\/?p=222438"},"modified":"2025-05-30T08:51:41","modified_gmt":"2025-05-30T11:51:41","slug":"entre-rios-se-une-al-pedido-nacional-por-la-ley-de-emergencia-en-discapacidad","status":"publish","type":"post","link":"https:\/\/informelitoral.com.ar\/entre-rios-se-une-al-pedido-nacional-por-la-ley-de-emergencia-en-discapacidad\/","title":{"rendered":"Entre R\u00edos se une al pedido nacional por la Ley de Emergencia en Discapacidad"},"content":{"rendered":"<p>En la noche de este jueves, una multitud conformada por profesionales, familias de personas con discapacidad y asociaciones llevaron a cabo una movilizaci\u00f3n, que comenz\u00f3 en <strong>Plaza de Mayo<\/strong> y culmin\u00f3 en<strong> Casa de Gobierno<\/strong>, a fin de sumarse al pedido nacional de declarar la <strong>Ley de Emergencia en Discapacidad hasta el 31 de diciembre del 2027<\/strong>.<\/p>\n<p>All\u00ed referentes de distintos sectores explicaron, a trav\u00e9s de un comunicado, que la solicitud se refiere a que \u201cel nomenclador nacional de prestadoras gr\u00e1ficas para las personas con discapacidad que establece la Agencia Nacional de Discapacidad y el Ministerio de la Naci\u00f3n no se actualiza desde diciembre del 2024\u201d. Adem\u00e1s, hay \u201cretrasos de los pagos en los servicios como profesionales de la salud\u201d.<\/p>\n<p>Ante esta falta de actualizaci\u00f3n, indicaron que las instituciones de discapacidad \u201ccorren peligro\u201d de cierre debido a que \u201cante los sucesivos aumentos paritarios en el a\u00f1o, se hace imposible sostener el pago a los empleados de las mismas\u201d.<\/p>\n<p>Por lo que, a su vez, solicit\u00f3 que el gobernador Rogelio Frigerio \u201cinteract\u00fae e interceda ante el Gobierno nacional porque la pol\u00edtica de ajuste la est\u00e1 pagando el pueblo de la discapacidad\u201d.<\/p>\n<p>Seg\u00fan indicaron en el escrito, actualmente en Entre R\u00edos se registran 57 instituciones categorizadas para poder brindar diferentes servicios entre los que se encuentran: Centros educativos y terap\u00e9uticos, Centro de d\u00eda, Hogares, SAE, Centro de rehabilitaci\u00f3n, Centro de formaci\u00f3n laboral, Hospital de d\u00eda. Y prestan atenci\u00f3n a m\u00e1s de 2.500 personas con discapacidad.<\/p>\n<p>Otros de los puntos que conlleva a pedir la Ley de Emergencia en el sector es la pensi\u00f3n no contributiva por discapacidad. \u00abEl gobierno nacional se ha ciza\u00f1ado por dar de baja cada vez m\u00e1s las pensiones, implementando la resoluci\u00f3n 187\/25 que autoriza auditor\u00edas de pensiones no contributivas por discapacidad. Una auditor\u00eda muy desprolija, con p\u00e1rrafos de ofensa, que ataca a las personas con discapacidad de imb\u00e9cil, idiotas y d\u00e9biles mentales y que a la fecha no se sabe qu\u00e9 medidas nacionales van a llevar a cabo\u00bb.<\/p>\n<p>Es por ello que por los dos puntos antes descripto, el objetivo del proyecto de ley es \u201cgarantizar los derechos fundamentales de las personas con discapacidad incluyendo el acceso a las prestaciones de salud, educaci\u00f3n, trabajo, pensiones no contributivas y protecci\u00f3n social\u201d.(<em>APF Digital<\/em>)<\/p>\n","protected":false},"excerpt":{"rendered":"<p>Una multitud compuesta por profesionales, familias de personas con discapacidad y asociaciones se hizo presente en Plaza Mansilla reclamando al Gobierno nacional una actualizaci\u00f3n en el nomenclador de las prestaciones y el pago al d\u00eda de los servicios prestados por los profesionales. <\/p>\n","protected":false},"author":8,"featured_media":199345,"comment_status":"open","ping_status":"open","sticky":false,"template":"","format":"standard","meta":{"fifu_image_url":"","fifu_image_alt":"","footnotes":""},"categories":[6],"tags":[5769,3192],"class_list":{"0":"post-222438","1":"post","2":"type-post","3":"status-publish","4":"format-standard","5":"has-post-thumbnail","7":"category-entre-rios","8":"tag-ley-de-emergencia-en-discapacidad","9":"tag-persona-con-discapacidad"},"yoast_head":"<title>Entre R\u00edos se une al pedido nacional por la Ley de Emergencia en Discapacidad - Informe Litoral<\/title>\n<meta name=\"robots\" content=\"index, follow, max-snippet:-1, max-image-preview:large, max-video-preview:-1\" \/>\n<link rel=\"canonical\" href=\"https:\/\/informelitoral.com.ar\/entre-rios-se-une-al-pedido-nacional-por-la-ley-de-emergencia-en-discapacidad\/\" \/>\n<meta property=\"og:locale\" content=\"es_ES\" \/>\n<meta property=\"og:type\" content=\"article\" \/>\n<meta property=\"og:title\" content=\"Entre R\u00edos se une al pedido nacional por la Ley de Emergencia en Discapacidad - Informe Litoral\" \/>\n<meta property=\"og:description\" content=\"Una multitud compuesta por profesionales, familias de personas con discapacidad y asociaciones se hizo presente en Plaza Mansilla reclamando al Gobierno nacional una actualizaci\u00f3n en el nomenclador de las prestaciones y el pago al d\u00eda de los servicios prestados por los profesionales.\" \/>\n<meta property=\"og:url\" content=\"https:\/\/informelitoral.com.ar\/entre-rios-se-une-al-pedido-nacional-por-la-ley-de-emergencia-en-discapacidad\/\" \/>\n<meta property=\"og:site_name\" content=\"Informe Litoral\" \/>\n<meta property=\"article:publisher\" content=\"https:\/\/www.facebook.com\/informelitoral\/\" \/>\n<meta property=\"article:published_time\" content=\"2025-05-30T11:51:41+00:00\" \/>\n<meta property=\"og:image\" content=\"https:\/\/informelitoral.com.ar\/%77%70%2d%63%6f%6e%74%65%6e%74\/uploads\/2024\/09\/24_09_28-casa_de_gobierno.jpg\" \/>\n\t<meta property=\"og:image:width\" content=\"1920\" \/>\n\t<meta property=\"og:image:height\" content=\"1280\" \/>\n\t<meta property=\"og:image:type\" content=\"image\/jpeg\" \/>\n<meta name=\"author\" content=\"Sebastian\" \/>\n<meta name=\"twitter:card\" content=\"summary_large_image\" \/>\n<meta name=\"twitter:creator\" content=\"@InformeLitoral\" \/>\n<meta name=\"twitter:site\" content=\"@InformeLitoral\" \/>\n<meta name=\"twitter:label1\" content=\"Escrito por\" \/>\n\t<meta name=\"twitter:data1\" content=\"Sebastian\" \/>\n\t<meta name=\"twitter:label2\" content=\"Tiempo de lectura\" \/>\n\t<meta name=\"twitter:data2\" content=\"2 minutos\" \/>\n<script type=\"application\/ld+json\" class=\"yoast-schema-graph\">{\"@context\":\"https:\\\/\\\/schema.org\",\"@graph\":[{\"@type\":\"Article\",\"@id\":\"https:\\\/\\\/informelitoral.com.ar\\\/entre-rios-se-une-al-pedido-nacional-por-la-ley-de-emergencia-en-discapacidad\\\/#article\",\"isPartOf\":{\"@id\":\"https:\\\/\\\/informelitoral.com.ar\\\/entre-rios-se-une-al-pedido-nacional-por-la-ley-de-emergencia-en-discapacidad\\\/\"},\"author\":{\"name\":\"Sebastian\",\"@id\":\"https:\\\/\\\/informelitoral.com.ar\\\/#\\\/schema\\\/person\\\/f05f9f461677119578717524b127d6d5\"},\"headline\":\"Entre R\u00edos se une al pedido nacional por la Ley de Emergencia en Discapacidad\",\"datePublished\":\"2025-05-30T11:51:41+00:00\",\"mainEntityOfPage\":{\"@id\":\"https:\\\/\\\/informelitoral.com.ar\\\/entre-rios-se-une-al-pedido-nacional-por-la-ley-de-emergencia-en-discapacidad\\\/\"},\"wordCount\":412,\"commentCount\":0,\"publisher\":{\"@id\":\"https:\\\/\\\/informelitoral.com.ar\\\/#organization\"},\"image\":{\"@id\":\"https:\\\/\\\/informelitoral.com.ar\\\/entre-rios-se-une-al-pedido-nacional-por-la-ley-de-emergencia-en-discapacidad\\\/#primaryimage\"},\"thumbnailUrl\":\"https:\\\/\\\/informelitoral.com.ar\\\/%77%70%2d%63%6f%6e%74%65%6e%74\\\/uploads\\\/2024\\\/09\\\/24_09_28-casa_de_gobierno.jpg\",\"keywords\":[\"Ley de Emergencia en Discapacidad\",\"Persona con discapacidad\"],\"articleSection\":[\"Entre R\u00edos\"],\"inLanguage\":\"es\",\"potentialAction\":[{\"@type\":\"CommentAction\",\"name\":\"Comment\",\"target\":[\"https:\\\/\\\/informelitoral.com.ar\\\/entre-rios-se-une-al-pedido-nacional-por-la-ley-de-emergencia-en-discapacidad\\\/#respond\"]}]},{\"@type\":\"WebPage\",\"@id\":\"https:\\\/\\\/informelitoral.com.ar\\\/entre-rios-se-une-al-pedido-nacional-por-la-ley-de-emergencia-en-discapacidad\\\/\",\"url\":\"https:\\\/\\\/informelitoral.com.ar\\\/entre-rios-se-une-al-pedido-nacional-por-la-ley-de-emergencia-en-discapacidad\\\/\",\"name\":\"Entre R\u00edos se une al pedido nacional por la Ley de Emergencia en Discapacidad - Informe Litoral\",\"isPartOf\":{\"@id\":\"https:\\\/\\\/informelitoral.com.ar\\\/#website\"},\"primaryImageOfPage\":{\"@id\":\"https:\\\/\\\/informelitoral.com.ar\\\/entre-rios-se-une-al-pedido-nacional-por-la-ley-de-emergencia-en-discapacidad\\\/#primaryimage\"},\"image\":{\"@id\":\"https:\\\/\\\/informelitoral.com.ar\\\/entre-rios-se-une-al-pedido-nacional-por-la-ley-de-emergencia-en-discapacidad\\\/#primaryimage\"},\"thumbnailUrl\":\"https:\\\/\\\/informelitoral.com.ar\\\/%77%70%2d%63%6f%6e%74%65%6e%74\\\/uploads\\\/2024\\\/09\\\/24_09_28-casa_de_gobierno.jpg\",\"datePublished\":\"2025-05-30T11:51:41+00:00\",\"breadcrumb\":{\"@id\":\"https:\\\/\\\/informelitoral.com.ar\\\/entre-rios-se-une-al-pedido-nacional-por-la-ley-de-emergencia-en-discapacidad\\\/#breadcrumb\"},\"inLanguage\":\"es\",\"potentialAction\":[{\"@type\":\"ReadAction\",\"target\":[\"https:\\\/\\\/informelitoral.com.ar\\\/entre-rios-se-une-al-pedido-nacional-por-la-ley-de-emergencia-en-discapacidad\\\/\"]}]},{\"@type\":\"ImageObject\",\"inLanguage\":\"es\",\"@id\":\"https:\\\/\\\/informelitoral.com.ar\\\/entre-rios-se-une-al-pedido-nacional-por-la-ley-de-emergencia-en-discapacidad\\\/#primaryimage\",\"url\":\"https:\\\/\\\/informelitoral.com.ar\\\/%77%70%2d%63%6f%6e%74%65%6e%74\\\/uploads\\\/2024\\\/09\\\/24_09_28-casa_de_gobierno.jpg\",\"contentUrl\":\"https:\\\/\\\/informelitoral.com.ar\\\/%77%70%2d%63%6f%6e%74%65%6e%74\\\/uploads\\\/2024\\\/09\\\/24_09_28-casa_de_gobierno.jpg\",\"width\":1920,\"height\":1280},{\"@type\":\"BreadcrumbList\",\"@id\":\"https:\\\/\\\/informelitoral.com.ar\\\/entre-rios-se-une-al-pedido-nacional-por-la-ley-de-emergencia-en-discapacidad\\\/#breadcrumb\",\"itemListElement\":[{\"@type\":\"ListItem\",\"position\":1,\"name\":\"Portada\",\"item\":\"https:\\\/\\\/informelitoral.com.ar\\\/\"},{\"@type\":\"ListItem\",\"position\":2,\"name\":\"Entre R\u00edos se une al pedido nacional por la Ley de Emergencia en Discapacidad\"}]},{\"@type\":\"WebSite\",\"@id\":\"https:\\\/\\\/informelitoral.com.ar\\\/#website\",\"url\":\"https:\\\/\\\/informelitoral.com.ar\\\/\",\"name\":\"Informe Litoral\",\"description\":\"&quot;Nos informamos&quot; \",\"publisher\":{\"@id\":\"https:\\\/\\\/informelitoral.com.ar\\\/#organization\"},\"potentialAction\":[{\"@type\":\"SearchAction\",\"target\":{\"@type\":\"EntryPoint\",\"urlTemplate\":\"https:\\\/\\\/informelitoral.com.ar\\\/?s={search_term_string}\"},\"query-input\":{\"@type\":\"PropertyValueSpecification\",\"valueRequired\":true,\"valueName\":\"search_term_string\"}}],\"inLanguage\":\"es\"},{\"@type\":\"Organization\",\"@id\":\"https:\\\/\\\/informelitoral.com.ar\\\/#organization\",\"name\":\"Informe Litoral\",\"url\":\"https:\\\/\\\/informelitoral.com.ar\\\/\",\"logo\":{\"@type\":\"ImageObject\",\"inLanguage\":\"es\",\"@id\":\"https:\\\/\\\/informelitoral.com.ar\\\/#\\\/schema\\\/logo\\\/image\\\/\",\"url\":\"https:\\\/\\\/informelitoral.com.ar\\\/%77%70%2d%63%6f%6e%74%65%6e%74\\\/uploads\\\/2021\\\/01\\\/circulo.png\",\"contentUrl\":\"https:\\\/\\\/informelitoral.com.ar\\\/%77%70%2d%63%6f%6e%74%65%6e%74\\\/uploads\\\/2021\\\/01\\\/circulo.png\",\"width\":723,\"height\":731,\"caption\":\"Informe Litoral\"},\"image\":{\"@id\":\"https:\\\/\\\/informelitoral.com.ar\\\/#\\\/schema\\\/logo\\\/image\\\/\"},\"sameAs\":[\"https:\\\/\\\/www.facebook.com\\\/informelitoral\\\/\",\"https:\\\/\\\/x.com\\\/InformeLitoral\",\"https:\\\/\\\/www.instagram.com\\\/informelitoral\\\/\",\"https:\\\/\\\/www.youtube.com\\\/channel\\\/UCua4Qvz8Icb6MYqhoq9xLXw\"]},{\"@type\":\"Person\",\"@id\":\"https:\\\/\\\/informelitoral.com.ar\\\/#\\\/schema\\\/person\\\/f05f9f461677119578717524b127d6d5\",\"name\":\"Sebastian\",\"image\":{\"@type\":\"ImageObject\",\"inLanguage\":\"es\",\"@id\":\"https:\\\/\\\/secure.gravatar.com\\\/avatar\\\/b71bf7481d447dfb9583c7f2798e7cc64de6efb9067b74633ed8c31059a3bd82?s=96&d=mm&r=g\",\"url\":\"https:\\\/\\\/secure.gravatar.com\\\/avatar\\\/b71bf7481d447dfb9583c7f2798e7cc64de6efb9067b74633ed8c31059a3bd82?s=96&d=mm&r=g\",\"contentUrl\":\"https:\\\/\\\/secure.gravatar.com\\\/avatar\\\/b71bf7481d447dfb9583c7f2798e7cc64de6efb9067b74633ed8c31059a3bd82?s=96&d=mm&r=g\",\"caption\":\"Sebastian\"},\"url\":\"https:\\\/\\\/informelitoral.com.ar\\\/author\\\/sebastian\\\/\"}]}<\/script>","yoast_head_json":{"title":"Entre R\u00edos se une al pedido nacional por la Ley de Emergencia en Discapacidad - Informe Litoral","robots":{"index":"index","follow":"follow","max-snippet":"max-snippet:-1","max-image-preview":"max-image-preview:large","max-video-preview":"max-video-preview:-1"},"canonical":"https:\/\/informelitoral.com.ar\/entre-rios-se-une-al-pedido-nacional-por-la-ley-de-emergencia-en-discapacidad\/","og_locale":"es_ES","og_type":"article","og_title":"Entre R\u00edos se une al pedido nacional por la Ley de Emergencia en Discapacidad - Informe Litoral","og_description":"Una multitud compuesta por profesionales, familias de personas con discapacidad y asociaciones se hizo presente en Plaza Mansilla reclamando al Gobierno nacional una actualizaci\u00f3n en el nomenclador de las prestaciones y el pago al d\u00eda de los servicios prestados por los profesionales.","og_url":"https:\/\/informelitoral.com.ar\/entre-rios-se-une-al-pedido-nacional-por-la-ley-de-emergencia-en-discapacidad\/","og_site_name":"Informe Litoral","article_publisher":"https:\/\/www.facebook.com\/informelitoral\/","article_published_time":"2025-05-30T11:51:41+00:00","og_image":[{"width":1920,"height":1280,"url":"https:\/\/informelitoral.com.ar\/%77%70%2d%63%6f%6e%74%65%6e%74\/uploads\/2024\/09\/24_09_28-casa_de_gobierno.jpg","type":"image\/jpeg"}],"author":"Sebastian","twitter_card":"summary_large_image","twitter_creator":"@InformeLitoral","twitter_site":"@InformeLitoral","twitter_misc":{"Escrito por":"Sebastian","Tiempo de lectura":"2 minutos"},"schema":{"@context":"https:\/\/schema.org","@graph":[{"@type":"Article","@id":"https:\/\/informelitoral.com.ar\/entre-rios-se-une-al-pedido-nacional-por-la-ley-de-emergencia-en-discapacidad\/#article","isPartOf":{"@id":"https:\/\/informelitoral.com.ar\/entre-rios-se-une-al-pedido-nacional-por-la-ley-de-emergencia-en-discapacidad\/"},"author":{"name":"Sebastian","@id":"https:\/\/informelitoral.com.ar\/#\/schema\/person\/f05f9f461677119578717524b127d6d5"},"headline":"Entre R\u00edos se une al pedido nacional por la Ley de Emergencia en Discapacidad","datePublished":"2025-05-30T11:51:41+00:00","mainEntityOfPage":{"@id":"https:\/\/informelitoral.com.ar\/entre-rios-se-une-al-pedido-nacional-por-la-ley-de-emergencia-en-discapacidad\/"},"wordCount":412,"commentCount":0,"publisher":{"@id":"https:\/\/informelitoral.com.ar\/#organization"},"image":{"@id":"https:\/\/informelitoral.com.ar\/entre-rios-se-une-al-pedido-nacional-por-la-ley-de-emergencia-en-discapacidad\/#primaryimage"},"thumbnailUrl":"https:\/\/informelitoral.com.ar\/%77%70%2d%63%6f%6e%74%65%6e%74\/uploads\/2024\/09\/24_09_28-casa_de_gobierno.jpg","keywords":["Ley de Emergencia en Discapacidad","Persona con discapacidad"],"articleSection":["Entre R\u00edos"],"inLanguage":"es","potentialAction":[{"@type":"CommentAction","name":"Comment","target":["https:\/\/informelitoral.com.ar\/entre-rios-se-une-al-pedido-nacional-por-la-ley-de-emergencia-en-discapacidad\/#respond"]}]},{"@type":"WebPage","@id":"https:\/\/informelitoral.com.ar\/entre-rios-se-une-al-pedido-nacional-por-la-ley-de-emergencia-en-discapacidad\/","url":"https:\/\/informelitoral.com.ar\/entre-rios-se-une-al-pedido-nacional-por-la-ley-de-emergencia-en-discapacidad\/","name":"Entre R\u00edos se une al pedido nacional por la Ley de Emergencia en Discapacidad - Informe Litoral","isPartOf":{"@id":"https:\/\/informelitoral.com.ar\/#website"},"primaryImageOfPage":{"@id":"https:\/\/informelitoral.com.ar\/entre-rios-se-une-al-pedido-nacional-por-la-ley-de-emergencia-en-discapacidad\/#primaryimage"},"image":{"@id":"https:\/\/informelitoral.com.ar\/entre-rios-se-une-al-pedido-nacional-por-la-ley-de-emergencia-en-discapacidad\/#primaryimage"},"thumbnailUrl":"https:\/\/informelitoral.com.ar\/%77%70%2d%63%6f%6e%74%65%6e%74\/uploads\/2024\/09\/24_09_28-casa_de_gobierno.jpg","datePublished":"2025-05-30T11:51:41+00:00","breadcrumb":{"@id":"https:\/\/informelitoral.com.ar\/entre-rios-se-une-al-pedido-nacional-por-la-ley-de-emergencia-en-discapacidad\/#breadcrumb"},"inLanguage":"es","potentialAction":[{"@type":"ReadAction","target":["https:\/\/informelitoral.com.ar\/entre-rios-se-une-al-pedido-nacional-por-la-ley-de-emergencia-en-discapacidad\/"]}]},{"@type":"ImageObject","inLanguage":"es","@id":"https:\/\/informelitoral.com.ar\/entre-rios-se-une-al-pedido-nacional-por-la-ley-de-emergencia-en-discapacidad\/#primaryimage","url":"https:\/\/informelitoral.com.ar\/%77%70%2d%63%6f%6e%74%65%6e%74\/uploads\/2024\/09\/24_09_28-casa_de_gobierno.jpg","contentUrl":"https:\/\/informelitoral.com.ar\/%77%70%2d%63%6f%6e%74%65%6e%74\/uploads\/2024\/09\/24_09_28-casa_de_gobierno.jpg","width":1920,"height":1280},{"@type":"BreadcrumbList","@id":"https:\/\/informelitoral.com.ar\/entre-rios-se-une-al-pedido-nacional-por-la-ley-de-emergencia-en-discapacidad\/#breadcrumb","itemListElement":[{"@type":"ListItem","position":1,"name":"Portada","item":"https:\/\/informelitoral.com.ar\/"},{"@type":"ListItem","position":2,"name":"Entre R\u00edos se une al pedido nacional por la Ley de Emergencia en Discapacidad"}]},{"@type":"WebSite","@id":"https:\/\/informelitoral.com.ar\/#website","url":"https:\/\/informelitoral.com.ar\/","name":"Informe Litoral","description":"&quot;Nos informamos&quot; ","publisher":{"@id":"https:\/\/informelitoral.com.ar\/#organization"},"potentialAction":[{"@type":"SearchAction","target":{"@type":"EntryPoint","urlTemplate":"https:\/\/informelitoral.com.ar\/?s={search_term_string}"},"query-input":{"@type":"PropertyValueSpecification","valueRequired":true,"valueName":"search_term_string"}}],"inLanguage":"es"},{"@type":"Organization","@id":"https:\/\/informelitoral.com.ar\/#organization","name":"Informe Litoral","url":"https:\/\/informelitoral.com.ar\/","logo":{"@type":"ImageObject","inLanguage":"es","@id":"https:\/\/informelitoral.com.ar\/#\/schema\/logo\/image\/","url":"https:\/\/informelitoral.com.ar\/%77%70%2d%63%6f%6e%74%65%6e%74\/uploads\/2021\/01\/circulo.png","contentUrl":"https:\/\/informelitoral.com.ar\/%77%70%2d%63%6f%6e%74%65%6e%74\/uploads\/2021\/01\/circulo.png","width":723,"height":731,"caption":"Informe Litoral"},"image":{"@id":"https:\/\/informelitoral.com.ar\/#\/schema\/logo\/image\/"},"sameAs":["https:\/\/www.facebook.com\/informelitoral\/","https:\/\/x.com\/InformeLitoral","https:\/\/www.instagram.com\/informelitoral\/","https:\/\/www.youtube.com\/channel\/UCua4Qvz8Icb6MYqhoq9xLXw"]},{"@type":"Person","@id":"https:\/\/informelitoral.com.ar\/#\/schema\/person\/f05f9f461677119578717524b127d6d5","name":"Sebastian","image":{"@type":"ImageObject","inLanguage":"es","@id":"https:\/\/secure.gravatar.com\/avatar\/b71bf7481d447dfb9583c7f2798e7cc64de6efb9067b74633ed8c31059a3bd82?s=96&d=mm&r=g","url":"https:\/\/secure.gravatar.com\/avatar\/b71bf7481d447dfb9583c7f2798e7cc64de6efb9067b74633ed8c31059a3bd82?s=96&d=mm&r=g","contentUrl":"https:\/\/secure.gravatar.com\/avatar\/b71bf7481d447dfb9583c7f2798e7cc64de6efb9067b74633ed8c31059a3bd82?s=96&d=mm&r=g","caption":"Sebastian"},"url":"https:\/\/informelitoral.com.ar\/author\/sebastian\/"}]}},"_links":{"self":[{"href":"https:\/\/informelitoral.com.ar\/%77%70%2d%6a%73%6f%6e\/wp\/v2\/posts\/222438","targetHints":{"allow":["GET"]}}],"collection":[{"href":"https:\/\/informelitoral.com.ar\/%77%70%2d%6a%73%6f%6e\/wp\/v2\/posts"}],"about":[{"href":"https:\/\/informelitoral.com.ar\/%77%70%2d%6a%73%6f%6e\/wp\/v2\/types\/post"}],"author":[{"embeddable":true,"href":"https:\/\/informelitoral.com.ar\/%77%70%2d%6a%73%6f%6e\/wp\/v2\/users\/8"}],"replies":[{"embeddable":true,"href":"https:\/\/informelitoral.com.ar\/%77%70%2d%6a%73%6f%6e\/wp\/v2\/comments?post=222438"}],"version-history":[{"count":1,"href":"https:\/\/informelitoral.com.ar\/%77%70%2d%6a%73%6f%6e\/wp\/v2\/posts\/222438\/revisions"}],"predecessor-version":[{"id":222439,"href":"https:\/\/informelitoral.com.ar\/%77%70%2d%6a%73%6f%6e\/wp\/v2\/posts\/222438\/revisions\/222439"}],"wp:featuredmedia":[{"embeddable":true,"href":"https:\/\/informelitoral.com.ar\/%77%70%2d%6a%73%6f%6e\/wp\/v2\/media\/199345"}],"wp:attachment":[{"href":"https:\/\/informelitoral.com.ar\/%77%70%2d%6a%73%6f%6e\/wp\/v2\/media?parent=222438"}],"wp:term":[{"taxonomy":"category","embeddable":true,"href":"https:\/\/informelitoral.com.ar\/%77%70%2d%6a%73%6f%6e\/wp\/v2\/categories?post=222438"},{"taxonomy":"post_tag","embeddable":true,"href":"https:\/\/informelitoral.com.ar\/%77%70%2d%6a%73%6f%6e\/wp\/v2\/tags?post=222438"}],"curies":[{"name":"wp","href":"https:\/\/api.w.org\/{rel}","templated":true}]}}