{"id":222434,"date":"2025-05-30T08:40:34","date_gmt":"2025-05-30T11:40:34","guid":{"rendered":"https:\/\/informelitoral.com.ar\/?p=222434"},"modified":"2025-05-30T08:40:34","modified_gmt":"2025-05-30T11:40:34","slug":"frigerio-encabezo-una-nueva-reunion-de-gabinete-centrada-en-la-eficiencia-y-la-transparencia-de-la-gestion","status":"publish","type":"post","link":"https:\/\/informelitoral.com.ar\/frigerio-encabezo-una-nueva-reunion-de-gabinete-centrada-en-la-eficiencia-y-la-transparencia-de-la-gestion\/","title":{"rendered":"Frigerio encabez\u00f3 una nueva reuni\u00f3n de gabinete centrada en la eficiencia y la transparencia de la gesti\u00f3n"},"content":{"rendered":"<p>Participaron del encuentro la vicegobernadora Alicia Aluani; el presidente de la C\u00e1mara de Diputados, Gustavo Hein; ministros y secretarios del Ejecutivo provincial.<\/p>\n<p>Finalizada la reuni\u00f3n, la presidenta del Consejo General de Educaci\u00f3n (CGE), Alicia Fregonese, brind\u00f3 detalles del temario abordado. \u00abTratamos los temas de agenda de cada una de las \u00e1reas, que consideramos fundamentales para mejorar la atenci\u00f3n a los entrerrianos y optimizar los bienes y servicios del Estado\u00bb, explic\u00f3, y destac\u00f3 la impronta que el mandatario provincial imprime desde el inicio de su gesti\u00f3n: \u00aborden, transparencia y eficiencia\u00bb.<\/p>\n<p>Precis\u00f3, que \u00abel gobernador nos reitera la necesidad de mantener ordenada la gesti\u00f3n, no solo en t\u00e9rminos administrativos, sino tambi\u00e9n para lograr una mayor eficiencia en los servicios p\u00fablicos. Esto se traduce en una mejora directa para cada ciudadano\u00bb.<\/p>\n<p>En ese sentido, resalt\u00f3 el compromiso del mandatario con la rendici\u00f3n de cuentas: \u00abNos pide, como siempre, que sigamos ordenando y transparentando las cuentas p\u00fablicas, tal como \u00e9l lo ha hecho y lo demuestra con el ejemplo\u00bb.<\/p>\n<p>Finalmente, la titular del CGE remarc\u00f3 que \u00abel gobernador nos reitera cuidar las arcas del Estado y trabajar en cada \u00e1rea para mejorar y hacer m\u00e1s eficientes los recursos. Es una l\u00ednea clara de gesti\u00f3n, basada en la responsabilidad y en devolver a la ciudadan\u00eda el valor de su aporte\u00bb.<\/p>\n","protected":false},"excerpt":{"rendered":"<p>El gobernador Rogelio Frigerio presidi\u00f3 este jueves una nueva reuni\u00f3n de gabinete en Casa de Gobierno, en la que se repasaron las principales l\u00edneas de trabajo de cada \u00e1rea con el objetivo de avanzar en aspectos claves de los bienes y servicios que el Estado brinda a los entrerrianos.<\/p>\n","protected":false},"author":8,"featured_media":222435,"comment_status":"open","ping_status":"open","sticky":false,"template":"","format":"standard","meta":{"fifu_image_url":"","fifu_image_alt":"","footnotes":""},"categories":[16],"tags":[4751,949],"class_list":{"0":"post-222434","1":"post","2":"type-post","3":"status-publish","4":"format-standard","5":"has-post-thumbnail","7":"category-politi","8":"tag-reunion-de-gabinete","9":"tag-rogelio-frigerio"},"yoast_head":"<title>Frigerio encabez\u00f3 una nueva reuni\u00f3n de gabinete centrada en la eficiencia y la transparencia de la gesti\u00f3n - Informe Litoral<\/title>\n<meta name=\"robots\" content=\"index, follow, max-snippet:-1, max-image-preview:large, max-video-preview:-1\" \/>\n<link rel=\"canonical\" href=\"https:\/\/informelitoral.com.ar\/frigerio-encabezo-una-nueva-reunion-de-gabinete-centrada-en-la-eficiencia-y-la-transparencia-de-la-gestion\/\" \/>\n<meta property=\"og:locale\" content=\"es_ES\" \/>\n<meta property=\"og:type\" content=\"article\" \/>\n<meta property=\"og:title\" content=\"Frigerio encabez\u00f3 una nueva reuni\u00f3n de gabinete centrada en la eficiencia y la transparencia de la gesti\u00f3n - Informe Litoral\" \/>\n<meta property=\"og:description\" content=\"El gobernador Rogelio Frigerio presidi\u00f3 este jueves una nueva reuni\u00f3n de gabinete en Casa de Gobierno, en la que se repasaron las principales l\u00edneas de trabajo de cada \u00e1rea con el objetivo de avanzar en aspectos claves de los bienes y servicios que el Estado brinda a los entrerrianos.\" \/>\n<meta property=\"og:url\" content=\"https:\/\/informelitoral.com.ar\/frigerio-encabezo-una-nueva-reunion-de-gabinete-centrada-en-la-eficiencia-y-la-transparencia-de-la-gestion\/\" \/>\n<meta property=\"og:site_name\" content=\"Informe Litoral\" \/>\n<meta property=\"article:publisher\" content=\"https:\/\/www.facebook.com\/informelitoral\/\" \/>\n<meta property=\"article:published_time\" content=\"2025-05-30T11:40:34+00:00\" \/>\n<meta property=\"og:image\" content=\"https:\/\/informelitoral.com.ar\/%77%70%2d%63%6f%6e%74%65%6e%74\/uploads\/2025\/05\/gabinete.jpg\" \/>\n\t<meta property=\"og:image:width\" content=\"1920\" \/>\n\t<meta property=\"og:image:height\" content=\"1280\" \/>\n\t<meta property=\"og:image:type\" content=\"image\/jpeg\" \/>\n<meta name=\"author\" content=\"Sebastian\" \/>\n<meta name=\"twitter:card\" content=\"summary_large_image\" \/>\n<meta name=\"twitter:creator\" content=\"@InformeLitoral\" \/>\n<meta name=\"twitter:site\" content=\"@InformeLitoral\" \/>\n<meta name=\"twitter:label1\" content=\"Escrito por\" \/>\n\t<meta name=\"twitter:data1\" content=\"Sebastian\" \/>\n\t<meta name=\"twitter:label2\" content=\"Tiempo de lectura\" \/>\n\t<meta name=\"twitter:data2\" content=\"2 minutos\" \/>\n<script type=\"application\/ld+json\" class=\"yoast-schema-graph\">{\"@context\":\"https:\\\/\\\/schema.org\",\"@graph\":[{\"@type\":\"Article\",\"@id\":\"https:\\\/\\\/informelitoral.com.ar\\\/frigerio-encabezo-una-nueva-reunion-de-gabinete-centrada-en-la-eficiencia-y-la-transparencia-de-la-gestion\\\/#article\",\"isPartOf\":{\"@id\":\"https:\\\/\\\/informelitoral.com.ar\\\/frigerio-encabezo-una-nueva-reunion-de-gabinete-centrada-en-la-eficiencia-y-la-transparencia-de-la-gestion\\\/\"},\"author\":{\"name\":\"Sebastian\",\"@id\":\"https:\\\/\\\/informelitoral.com.ar\\\/#\\\/schema\\\/person\\\/f05f9f461677119578717524b127d6d5\"},\"headline\":\"Frigerio encabez\u00f3 una nueva reuni\u00f3n de gabinete centrada en la eficiencia y la transparencia de la gesti\u00f3n\",\"datePublished\":\"2025-05-30T11:40:34+00:00\",\"mainEntityOfPage\":{\"@id\":\"https:\\\/\\\/informelitoral.com.ar\\\/frigerio-encabezo-una-nueva-reunion-de-gabinete-centrada-en-la-eficiencia-y-la-transparencia-de-la-gestion\\\/\"},\"wordCount\":249,\"commentCount\":0,\"publisher\":{\"@id\":\"https:\\\/\\\/informelitoral.com.ar\\\/#organization\"},\"image\":{\"@id\":\"https:\\\/\\\/informelitoral.com.ar\\\/frigerio-encabezo-una-nueva-reunion-de-gabinete-centrada-en-la-eficiencia-y-la-transparencia-de-la-gestion\\\/#primaryimage\"},\"thumbnailUrl\":\"https:\\\/\\\/informelitoral.com.ar\\\/%77%70%2d%63%6f%6e%74%65%6e%74\\\/uploads\\\/2025\\\/05\\\/gabinete.jpg\",\"keywords\":[\"Reuni\u00f3n de Gabinete\",\"Rogelio Frigerio\"],\"articleSection\":[\"Politica\"],\"inLanguage\":\"es\",\"potentialAction\":[{\"@type\":\"CommentAction\",\"name\":\"Comment\",\"target\":[\"https:\\\/\\\/informelitoral.com.ar\\\/frigerio-encabezo-una-nueva-reunion-de-gabinete-centrada-en-la-eficiencia-y-la-transparencia-de-la-gestion\\\/#respond\"]}]},{\"@type\":\"WebPage\",\"@id\":\"https:\\\/\\\/informelitoral.com.ar\\\/frigerio-encabezo-una-nueva-reunion-de-gabinete-centrada-en-la-eficiencia-y-la-transparencia-de-la-gestion\\\/\",\"url\":\"https:\\\/\\\/informelitoral.com.ar\\\/frigerio-encabezo-una-nueva-reunion-de-gabinete-centrada-en-la-eficiencia-y-la-transparencia-de-la-gestion\\\/\",\"name\":\"Frigerio encabez\u00f3 una nueva reuni\u00f3n de gabinete centrada en la eficiencia y la transparencia de la gesti\u00f3n - Informe Litoral\",\"isPartOf\":{\"@id\":\"https:\\\/\\\/informelitoral.com.ar\\\/#website\"},\"primaryImageOfPage\":{\"@id\":\"https:\\\/\\\/informelitoral.com.ar\\\/frigerio-encabezo-una-nueva-reunion-de-gabinete-centrada-en-la-eficiencia-y-la-transparencia-de-la-gestion\\\/#primaryimage\"},\"image\":{\"@id\":\"https:\\\/\\\/informelitoral.com.ar\\\/frigerio-encabezo-una-nueva-reunion-de-gabinete-centrada-en-la-eficiencia-y-la-transparencia-de-la-gestion\\\/#primaryimage\"},\"thumbnailUrl\":\"https:\\\/\\\/informelitoral.com.ar\\\/%77%70%2d%63%6f%6e%74%65%6e%74\\\/uploads\\\/2025\\\/05\\\/gabinete.jpg\",\"datePublished\":\"2025-05-30T11:40:34+00:00\",\"breadcrumb\":{\"@id\":\"https:\\\/\\\/informelitoral.com.ar\\\/frigerio-encabezo-una-nueva-reunion-de-gabinete-centrada-en-la-eficiencia-y-la-transparencia-de-la-gestion\\\/#breadcrumb\"},\"inLanguage\":\"es\",\"potentialAction\":[{\"@type\":\"ReadAction\",\"target\":[\"https:\\\/\\\/informelitoral.com.ar\\\/frigerio-encabezo-una-nueva-reunion-de-gabinete-centrada-en-la-eficiencia-y-la-transparencia-de-la-gestion\\\/\"]}]},{\"@type\":\"ImageObject\",\"inLanguage\":\"es\",\"@id\":\"https:\\\/\\\/informelitoral.com.ar\\\/frigerio-encabezo-una-nueva-reunion-de-gabinete-centrada-en-la-eficiencia-y-la-transparencia-de-la-gestion\\\/#primaryimage\",\"url\":\"https:\\\/\\\/informelitoral.com.ar\\\/%77%70%2d%63%6f%6e%74%65%6e%74\\\/uploads\\\/2025\\\/05\\\/gabinete.jpg\",\"contentUrl\":\"https:\\\/\\\/informelitoral.com.ar\\\/%77%70%2d%63%6f%6e%74%65%6e%74\\\/uploads\\\/2025\\\/05\\\/gabinete.jpg\",\"width\":1920,\"height\":1280},{\"@type\":\"BreadcrumbList\",\"@id\":\"https:\\\/\\\/informelitoral.com.ar\\\/frigerio-encabezo-una-nueva-reunion-de-gabinete-centrada-en-la-eficiencia-y-la-transparencia-de-la-gestion\\\/#breadcrumb\",\"itemListElement\":[{\"@type\":\"ListItem\",\"position\":1,\"name\":\"Portada\",\"item\":\"https:\\\/\\\/informelitoral.com.ar\\\/\"},{\"@type\":\"ListItem\",\"position\":2,\"name\":\"Frigerio encabez\u00f3 una nueva reuni\u00f3n de gabinete centrada en la eficiencia y la transparencia de la gesti\u00f3n\"}]},{\"@type\":\"WebSite\",\"@id\":\"https:\\\/\\\/informelitoral.com.ar\\\/#website\",\"url\":\"https:\\\/\\\/informelitoral.com.ar\\\/\",\"name\":\"Informe Litoral\",\"description\":\"&quot;Nos informamos&quot; \",\"publisher\":{\"@id\":\"https:\\\/\\\/informelitoral.com.ar\\\/#organization\"},\"potentialAction\":[{\"@type\":\"SearchAction\",\"target\":{\"@type\":\"EntryPoint\",\"urlTemplate\":\"https:\\\/\\\/informelitoral.com.ar\\\/?s={search_term_string}\"},\"query-input\":{\"@type\":\"PropertyValueSpecification\",\"valueRequired\":true,\"valueName\":\"search_term_string\"}}],\"inLanguage\":\"es\"},{\"@type\":\"Organization\",\"@id\":\"https:\\\/\\\/informelitoral.com.ar\\\/#organization\",\"name\":\"Informe Litoral\",\"url\":\"https:\\\/\\\/informelitoral.com.ar\\\/\",\"logo\":{\"@type\":\"ImageObject\",\"inLanguage\":\"es\",\"@id\":\"https:\\\/\\\/informelitoral.com.ar\\\/#\\\/schema\\\/logo\\\/image\\\/\",\"url\":\"https:\\\/\\\/informelitoral.com.ar\\\/%77%70%2d%63%6f%6e%74%65%6e%74\\\/uploads\\\/2021\\\/01\\\/circulo.png\",\"contentUrl\":\"https:\\\/\\\/informelitoral.com.ar\\\/%77%70%2d%63%6f%6e%74%65%6e%74\\\/uploads\\\/2021\\\/01\\\/circulo.png\",\"width\":723,\"height\":731,\"caption\":\"Informe Litoral\"},\"image\":{\"@id\":\"https:\\\/\\\/informelitoral.com.ar\\\/#\\\/schema\\\/logo\\\/image\\\/\"},\"sameAs\":[\"https:\\\/\\\/www.facebook.com\\\/informelitoral\\\/\",\"https:\\\/\\\/x.com\\\/InformeLitoral\",\"https:\\\/\\\/www.instagram.com\\\/informelitoral\\\/\",\"https:\\\/\\\/www.youtube.com\\\/channel\\\/UCua4Qvz8Icb6MYqhoq9xLXw\"]},{\"@type\":\"Person\",\"@id\":\"https:\\\/\\\/informelitoral.com.ar\\\/#\\\/schema\\\/person\\\/f05f9f461677119578717524b127d6d5\",\"name\":\"Sebastian\",\"image\":{\"@type\":\"ImageObject\",\"inLanguage\":\"es\",\"@id\":\"https:\\\/\\\/secure.gravatar.com\\\/avatar\\\/b71bf7481d447dfb9583c7f2798e7cc64de6efb9067b74633ed8c31059a3bd82?s=96&d=mm&r=g\",\"url\":\"https:\\\/\\\/secure.gravatar.com\\\/avatar\\\/b71bf7481d447dfb9583c7f2798e7cc64de6efb9067b74633ed8c31059a3bd82?s=96&d=mm&r=g\",\"contentUrl\":\"https:\\\/\\\/secure.gravatar.com\\\/avatar\\\/b71bf7481d447dfb9583c7f2798e7cc64de6efb9067b74633ed8c31059a3bd82?s=96&d=mm&r=g\",\"caption\":\"Sebastian\"},\"url\":\"https:\\\/\\\/informelitoral.com.ar\\\/author\\\/sebastian\\\/\"}]}<\/script>","yoast_head_json":{"title":"Frigerio encabez\u00f3 una nueva reuni\u00f3n de gabinete centrada en la eficiencia y la transparencia de la gesti\u00f3n - Informe Litoral","robots":{"index":"index","follow":"follow","max-snippet":"max-snippet:-1","max-image-preview":"max-image-preview:large","max-video-preview":"max-video-preview:-1"},"canonical":"https:\/\/informelitoral.com.ar\/frigerio-encabezo-una-nueva-reunion-de-gabinete-centrada-en-la-eficiencia-y-la-transparencia-de-la-gestion\/","og_locale":"es_ES","og_type":"article","og_title":"Frigerio encabez\u00f3 una nueva reuni\u00f3n de gabinete centrada en la eficiencia y la transparencia de la gesti\u00f3n - Informe Litoral","og_description":"El gobernador Rogelio Frigerio presidi\u00f3 este jueves una nueva reuni\u00f3n de gabinete en Casa de Gobierno, en la que se repasaron las principales l\u00edneas de trabajo de cada \u00e1rea con el objetivo de avanzar en aspectos claves de los bienes y servicios que el Estado brinda a los entrerrianos.","og_url":"https:\/\/informelitoral.com.ar\/frigerio-encabezo-una-nueva-reunion-de-gabinete-centrada-en-la-eficiencia-y-la-transparencia-de-la-gestion\/","og_site_name":"Informe Litoral","article_publisher":"https:\/\/www.facebook.com\/informelitoral\/","article_published_time":"2025-05-30T11:40:34+00:00","og_image":[{"width":1920,"height":1280,"url":"https:\/\/informelitoral.com.ar\/%77%70%2d%63%6f%6e%74%65%6e%74\/uploads\/2025\/05\/gabinete.jpg","type":"image\/jpeg"}],"author":"Sebastian","twitter_card":"summary_large_image","twitter_creator":"@InformeLitoral","twitter_site":"@InformeLitoral","twitter_misc":{"Escrito por":"Sebastian","Tiempo de lectura":"2 minutos"},"schema":{"@context":"https:\/\/schema.org","@graph":[{"@type":"Article","@id":"https:\/\/informelitoral.com.ar\/frigerio-encabezo-una-nueva-reunion-de-gabinete-centrada-en-la-eficiencia-y-la-transparencia-de-la-gestion\/#article","isPartOf":{"@id":"https:\/\/informelitoral.com.ar\/frigerio-encabezo-una-nueva-reunion-de-gabinete-centrada-en-la-eficiencia-y-la-transparencia-de-la-gestion\/"},"author":{"name":"Sebastian","@id":"https:\/\/informelitoral.com.ar\/#\/schema\/person\/f05f9f461677119578717524b127d6d5"},"headline":"Frigerio encabez\u00f3 una nueva reuni\u00f3n de gabinete centrada en la eficiencia y la transparencia de la gesti\u00f3n","datePublished":"2025-05-30T11:40:34+00:00","mainEntityOfPage":{"@id":"https:\/\/informelitoral.com.ar\/frigerio-encabezo-una-nueva-reunion-de-gabinete-centrada-en-la-eficiencia-y-la-transparencia-de-la-gestion\/"},"wordCount":249,"commentCount":0,"publisher":{"@id":"https:\/\/informelitoral.com.ar\/#organization"},"image":{"@id":"https:\/\/informelitoral.com.ar\/frigerio-encabezo-una-nueva-reunion-de-gabinete-centrada-en-la-eficiencia-y-la-transparencia-de-la-gestion\/#primaryimage"},"thumbnailUrl":"https:\/\/informelitoral.com.ar\/%77%70%2d%63%6f%6e%74%65%6e%74\/uploads\/2025\/05\/gabinete.jpg","keywords":["Reuni\u00f3n de Gabinete","Rogelio Frigerio"],"articleSection":["Politica"],"inLanguage":"es","potentialAction":[{"@type":"CommentAction","name":"Comment","target":["https:\/\/informelitoral.com.ar\/frigerio-encabezo-una-nueva-reunion-de-gabinete-centrada-en-la-eficiencia-y-la-transparencia-de-la-gestion\/#respond"]}]},{"@type":"WebPage","@id":"https:\/\/informelitoral.com.ar\/frigerio-encabezo-una-nueva-reunion-de-gabinete-centrada-en-la-eficiencia-y-la-transparencia-de-la-gestion\/","url":"https:\/\/informelitoral.com.ar\/frigerio-encabezo-una-nueva-reunion-de-gabinete-centrada-en-la-eficiencia-y-la-transparencia-de-la-gestion\/","name":"Frigerio encabez\u00f3 una nueva reuni\u00f3n de gabinete centrada en la eficiencia y la transparencia de la gesti\u00f3n - Informe Litoral","isPartOf":{"@id":"https:\/\/informelitoral.com.ar\/#website"},"primaryImageOfPage":{"@id":"https:\/\/informelitoral.com.ar\/frigerio-encabezo-una-nueva-reunion-de-gabinete-centrada-en-la-eficiencia-y-la-transparencia-de-la-gestion\/#primaryimage"},"image":{"@id":"https:\/\/informelitoral.com.ar\/frigerio-encabezo-una-nueva-reunion-de-gabinete-centrada-en-la-eficiencia-y-la-transparencia-de-la-gestion\/#primaryimage"},"thumbnailUrl":"https:\/\/informelitoral.com.ar\/%77%70%2d%63%6f%6e%74%65%6e%74\/uploads\/2025\/05\/gabinete.jpg","datePublished":"2025-05-30T11:40:34+00:00","breadcrumb":{"@id":"https:\/\/informelitoral.com.ar\/frigerio-encabezo-una-nueva-reunion-de-gabinete-centrada-en-la-eficiencia-y-la-transparencia-de-la-gestion\/#breadcrumb"},"inLanguage":"es","potentialAction":[{"@type":"ReadAction","target":["https:\/\/informelitoral.com.ar\/frigerio-encabezo-una-nueva-reunion-de-gabinete-centrada-en-la-eficiencia-y-la-transparencia-de-la-gestion\/"]}]},{"@type":"ImageObject","inLanguage":"es","@id":"https:\/\/informelitoral.com.ar\/frigerio-encabezo-una-nueva-reunion-de-gabinete-centrada-en-la-eficiencia-y-la-transparencia-de-la-gestion\/#primaryimage","url":"https:\/\/informelitoral.com.ar\/%77%70%2d%63%6f%6e%74%65%6e%74\/uploads\/2025\/05\/gabinete.jpg","contentUrl":"https:\/\/informelitoral.com.ar\/%77%70%2d%63%6f%6e%74%65%6e%74\/uploads\/2025\/05\/gabinete.jpg","width":1920,"height":1280},{"@type":"BreadcrumbList","@id":"https:\/\/informelitoral.com.ar\/frigerio-encabezo-una-nueva-reunion-de-gabinete-centrada-en-la-eficiencia-y-la-transparencia-de-la-gestion\/#breadcrumb","itemListElement":[{"@type":"ListItem","position":1,"name":"Portada","item":"https:\/\/informelitoral.com.ar\/"},{"@type":"ListItem","position":2,"name":"Frigerio encabez\u00f3 una nueva reuni\u00f3n de gabinete centrada en la eficiencia y la transparencia de la gesti\u00f3n"}]},{"@type":"WebSite","@id":"https:\/\/informelitoral.com.ar\/#website","url":"https:\/\/informelitoral.com.ar\/","name":"Informe Litoral","description":"&quot;Nos informamos&quot; ","publisher":{"@id":"https:\/\/informelitoral.com.ar\/#organization"},"potentialAction":[{"@type":"SearchAction","target":{"@type":"EntryPoint","urlTemplate":"https:\/\/informelitoral.com.ar\/?s={search_term_string}"},"query-input":{"@type":"PropertyValueSpecification","valueRequired":true,"valueName":"search_term_string"}}],"inLanguage":"es"},{"@type":"Organization","@id":"https:\/\/informelitoral.com.ar\/#organization","name":"Informe Litoral","url":"https:\/\/informelitoral.com.ar\/","logo":{"@type":"ImageObject","inLanguage":"es","@id":"https:\/\/informelitoral.com.ar\/#\/schema\/logo\/image\/","url":"https:\/\/informelitoral.com.ar\/%77%70%2d%63%6f%6e%74%65%6e%74\/uploads\/2021\/01\/circulo.png","contentUrl":"https:\/\/informelitoral.com.ar\/%77%70%2d%63%6f%6e%74%65%6e%74\/uploads\/2021\/01\/circulo.png","width":723,"height":731,"caption":"Informe Litoral"},"image":{"@id":"https:\/\/informelitoral.com.ar\/#\/schema\/logo\/image\/"},"sameAs":["https:\/\/www.facebook.com\/informelitoral\/","https:\/\/x.com\/InformeLitoral","https:\/\/www.instagram.com\/informelitoral\/","https:\/\/www.youtube.com\/channel\/UCua4Qvz8Icb6MYqhoq9xLXw"]},{"@type":"Person","@id":"https:\/\/informelitoral.com.ar\/#\/schema\/person\/f05f9f461677119578717524b127d6d5","name":"Sebastian","image":{"@type":"ImageObject","inLanguage":"es","@id":"https:\/\/secure.gravatar.com\/avatar\/b71bf7481d447dfb9583c7f2798e7cc64de6efb9067b74633ed8c31059a3bd82?s=96&d=mm&r=g","url":"https:\/\/secure.gravatar.com\/avatar\/b71bf7481d447dfb9583c7f2798e7cc64de6efb9067b74633ed8c31059a3bd82?s=96&d=mm&r=g","contentUrl":"https:\/\/secure.gravatar.com\/avatar\/b71bf7481d447dfb9583c7f2798e7cc64de6efb9067b74633ed8c31059a3bd82?s=96&d=mm&r=g","caption":"Sebastian"},"url":"https:\/\/informelitoral.com.ar\/author\/sebastian\/"}]}},"_links":{"self":[{"href":"https:\/\/informelitoral.com.ar\/%77%70%2d%6a%73%6f%6e\/wp\/v2\/posts\/222434","targetHints":{"allow":["GET"]}}],"collection":[{"href":"https:\/\/informelitoral.com.ar\/%77%70%2d%6a%73%6f%6e\/wp\/v2\/posts"}],"about":[{"href":"https:\/\/informelitoral.com.ar\/%77%70%2d%6a%73%6f%6e\/wp\/v2\/types\/post"}],"author":[{"embeddable":true,"href":"https:\/\/informelitoral.com.ar\/%77%70%2d%6a%73%6f%6e\/wp\/v2\/users\/8"}],"replies":[{"embeddable":true,"href":"https:\/\/informelitoral.com.ar\/%77%70%2d%6a%73%6f%6e\/wp\/v2\/comments?post=222434"}],"version-history":[{"count":1,"href":"https:\/\/informelitoral.com.ar\/%77%70%2d%6a%73%6f%6e\/wp\/v2\/posts\/222434\/revisions"}],"predecessor-version":[{"id":222436,"href":"https:\/\/informelitoral.com.ar\/%77%70%2d%6a%73%6f%6e\/wp\/v2\/posts\/222434\/revisions\/222436"}],"wp:featuredmedia":[{"embeddable":true,"href":"https:\/\/informelitoral.com.ar\/%77%70%2d%6a%73%6f%6e\/wp\/v2\/media\/222435"}],"wp:attachment":[{"href":"https:\/\/informelitoral.com.ar\/%77%70%2d%6a%73%6f%6e\/wp\/v2\/media?parent=222434"}],"wp:term":[{"taxonomy":"category","embeddable":true,"href":"https:\/\/informelitoral.com.ar\/%77%70%2d%6a%73%6f%6e\/wp\/v2\/categories?post=222434"},{"taxonomy":"post_tag","embeddable":true,"href":"https:\/\/informelitoral.com.ar\/%77%70%2d%6a%73%6f%6e\/wp\/v2\/tags?post=222434"}],"curies":[{"name":"wp","href":"https:\/\/api.w.org\/{rel}","templated":true}]}}