{"id":222423,"date":"2025-05-30T06:59:29","date_gmt":"2025-05-30T09:59:29","guid":{"rendered":"https:\/\/informelitoral.com.ar\/?p=222423"},"modified":"2025-05-30T06:59:29","modified_gmt":"2025-05-30T09:59:29","slug":"sigue-el-frio-como-estara-el-tiempo-el-fin-de-semana","status":"publish","type":"post","link":"https:\/\/informelitoral.com.ar\/sigue-el-frio-como-estara-el-tiempo-el-fin-de-semana\/","title":{"rendered":"Sigue el fr\u00edo: c\u00f3mo estar\u00e1 el tiempo el fin de semana"},"content":{"rendered":"<p>El jueves se alcanz\u00f3 \u201cel punto m\u00e1s intenso de fr\u00edo en lo que va de la semana, tanto por la magnitud de las temperaturas m\u00ednimas como por la amplia cobertura territorial de la masa de aire polar. Desde la Patagonia hasta el extremo norte del pa\u00eds, pr\u00e1cticamente todo el territorio nacional se vio afectado por temperaturas muy bajas y heladas de variada intensidad\u201d, indic\u00f3 el meteor\u00f3logo, Leonardo De Benedictis.<\/p>\n<p>Esta situaci\u00f3n se repite durante la presente jornada con marcas que en Entre R\u00edos, a la madrugada, estaban en torno a los cuatro grados. En tanto, se anuncian <b>m\u00e1ximas que estar\u00edan en torno de los 13 grados esta tarde<\/b>.<\/p>\n<p>\u201cLa buena noticia es que no se prev\u00e9n precipitaciones en ning\u00fan punto del pa\u00eds, y el tiempo tiende a estabilizarse\u201d, adelant\u00f3 el especialista.<\/p>\n<div class=\"banner banner-parrafo\">\n<div id=\"banner-ad-interior-art\" data-zone-id=\"123\"><ins class=\"adsbygoogle\" data-ad-client=\"ca-pub-2862858410476109\" data-ad-slot=\"1884570226\" data-adsbygoogle-status=\"done\" data-ad-status=\"filled\"><\/p>\n<h2 id=\"aswift_5_host\"><strong><span style=\"color: #111111; font-family: Roboto, sans-serif; font-size: 22px;\">Fin de semana sin lluvias y con leve ascenso t\u00e9rmico<\/span><\/strong><\/h2>\n<p><\/ins><\/div>\n<\/div>\n<p>Con la instalaci\u00f3n de la masa de aire fr\u00edo, tambi\u00e9n se afianzan condiciones de estabilidad atmosf\u00e9rica. \u201cEl\u00a0<b>cielo mayormente despejado y la rotaci\u00f3n leve del viento al sector norte son factores que favorecer\u00e1n un paulatino aumento de las temperaturas<\/b>, aunque en un contexto que seguir\u00e1 siendo fr\u00edo en general\u201d, indic\u00f3 el especialista en\u00a0<i>Meteored<\/i>.<\/p>\n<p>Precis\u00f3 al respecto que el viento norte, aunque de d\u00e9bil intensidad, sumado a la mayor presencia de sol, comenzar\u00e1 a influir en la recuperaci\u00f3n t\u00e9rmica. Remarc\u00f3 que \u201cen esta \u00e9poca del a\u00f1o, la radiaci\u00f3n solar tiene un efecto m\u00e1s limitado sobre las temperaturas, pero igualmente contribuye, junto al viento, al lento ascenso de las marcas t\u00e9rmicas\u201d.<\/p>\n<p>De todos modos, \u201c<b>para el s\u00e1bado, los eventos de helada ser\u00e1n m\u00e1s aislados y de menor intensidad. Reci\u00e9n el domingo se espera la ausencia de heladas<\/b>, lo que marcar\u00e1 el inicio de una transici\u00f3n hacia valores algo m\u00e1s moderados\u201d\u201d.<\/p>\n<h2><strong>Un inicio de junio fr\u00edo pero con tiempo estable<\/strong><\/h2>\n<p><b>La tendencia para los primeros d\u00edas de junio es clara: ambiente fr\u00edo, pero sin fen\u00f3menos significativos como lluvias o tormentas<\/b>. Esta estabilidad se traduce en condiciones m\u00e1s favorables para las actividades al aire libre y, en el caso del sector agropecuario, para continuar con las labores propias del per\u00edodo de implantaci\u00f3n de cultivos de invierno en aquellas zonas en las que el suelo saturado lo permita\u201d, afirm\u00f3 De Benedictis.<\/p>\n<p>Aunque se registrar\u00e1 una mejora t\u00e9rmica, \u201c<b>las temperaturas seguir\u00e1n siendo bajas en todo el pa\u00eds, t\u00edpicas del per\u00edodo invernal que comienza a afianzarse<\/b>. El inicio de junio se dar\u00e1 entonces en un contexto de fr\u00edo moderado a intenso, sin interrupciones por fen\u00f3menos adversos y con cielos mayormente despejados\u201d.<\/p>\n<p>En el caso de\u00a0<b>Entre R\u00edos,<\/b>\u00a0se anuncian\u00a0<b>m\u00ednimas de cuatro a cinco grados hasta el domingo, mientras que las m\u00e1ximas podr\u00edan alcanzar los 15 grados<\/b>, con cielo algo nublado.<\/p>\n<p><b>Desde el lunes, los amaneceres ser\u00edan m\u00e1s ben\u00e9volos<\/b>, con registro de ocho o nueve grados en los term\u00f3metros, los cuales llegar\u00edan a 17 grados por las tardes. <em>(Con informaci\u00f3n de\u00a0Meteored)<\/em><\/p>\n","protected":false},"excerpt":{"rendered":"<p>No hay lluvias a la vista y prevalecer\u00e1n los d\u00edas soleados. Las temperaturas comenzar\u00e1n a subir leve pero paulatinamente. <\/p>\n","protected":false},"author":2,"featured_media":91739,"comment_status":"open","ping_status":"open","sticky":false,"template":"","format":"standard","meta":{"fifu_image_url":"","fifu_image_alt":"","footnotes":""},"categories":[7],"tags":[38,114,2759],"class_list":{"0":"post-222423","1":"post","2":"type-post","3":"status-publish","4":"format-standard","5":"has-post-thumbnail","7":"category-nacionales","8":"tag-el-tiempo","9":"tag-pronostico","10":"tag-pronostico-del-tiempo"},"yoast_head":"<title>Sigue el fr\u00edo: c\u00f3mo estar\u00e1 el tiempo el fin de semana - Informe Litoral<\/title>\n<meta name=\"robots\" content=\"index, follow, max-snippet:-1, max-image-preview:large, max-video-preview:-1\" \/>\n<link rel=\"canonical\" href=\"https:\/\/informelitoral.com.ar\/sigue-el-frio-como-estara-el-tiempo-el-fin-de-semana\/\" \/>\n<meta property=\"og:locale\" content=\"es_ES\" \/>\n<meta property=\"og:type\" content=\"article\" \/>\n<meta property=\"og:title\" content=\"Sigue el fr\u00edo: c\u00f3mo estar\u00e1 el tiempo el fin de semana - Informe Litoral\" \/>\n<meta property=\"og:description\" content=\"No hay lluvias a la vista y prevalecer\u00e1n los d\u00edas soleados. Las temperaturas comenzar\u00e1n a subir leve pero paulatinamente.\" \/>\n<meta property=\"og:url\" content=\"https:\/\/informelitoral.com.ar\/sigue-el-frio-como-estara-el-tiempo-el-fin-de-semana\/\" \/>\n<meta property=\"og:site_name\" content=\"Informe Litoral\" \/>\n<meta property=\"article:publisher\" content=\"https:\/\/www.facebook.com\/informelitoral\/\" \/>\n<meta property=\"article:published_time\" content=\"2025-05-30T09:59:29+00:00\" \/>\n<meta property=\"og:image\" content=\"https:\/\/informelitoral.com.ar\/%77%70%2d%63%6f%6e%74%65%6e%74\/uploads\/2022\/10\/clima-soleado.jpg\" \/>\n\t<meta property=\"og:image:width\" content=\"800\" \/>\n\t<meta property=\"og:image:height\" content=\"533\" \/>\n\t<meta property=\"og:image:type\" content=\"image\/jpeg\" \/>\n<meta name=\"author\" content=\"Gonzalo Schmidt\" \/>\n<meta name=\"twitter:card\" content=\"summary_large_image\" \/>\n<meta name=\"twitter:creator\" content=\"@InformeLitoral\" \/>\n<meta name=\"twitter:site\" content=\"@InformeLitoral\" \/>\n<meta name=\"twitter:label1\" content=\"Escrito por\" \/>\n\t<meta name=\"twitter:data1\" content=\"Gonzalo Schmidt\" \/>\n\t<meta name=\"twitter:label2\" content=\"Tiempo de lectura\" \/>\n\t<meta name=\"twitter:data2\" content=\"3 minutos\" \/>\n<script type=\"application\/ld+json\" class=\"yoast-schema-graph\">{\"@context\":\"https:\\\/\\\/schema.org\",\"@graph\":[{\"@type\":\"Article\",\"@id\":\"https:\\\/\\\/informelitoral.com.ar\\\/sigue-el-frio-como-estara-el-tiempo-el-fin-de-semana\\\/#article\",\"isPartOf\":{\"@id\":\"https:\\\/\\\/informelitoral.com.ar\\\/sigue-el-frio-como-estara-el-tiempo-el-fin-de-semana\\\/\"},\"author\":{\"name\":\"Gonzalo Schmidt\",\"@id\":\"https:\\\/\\\/informelitoral.com.ar\\\/#\\\/schema\\\/person\\\/b9d00407c836482871ef1d57bf8e3180\"},\"headline\":\"Sigue el fr\u00edo: c\u00f3mo estar\u00e1 el tiempo el fin de semana\",\"datePublished\":\"2025-05-30T09:59:29+00:00\",\"mainEntityOfPage\":{\"@id\":\"https:\\\/\\\/informelitoral.com.ar\\\/sigue-el-frio-como-estara-el-tiempo-el-fin-de-semana\\\/\"},\"wordCount\":545,\"commentCount\":0,\"publisher\":{\"@id\":\"https:\\\/\\\/informelitoral.com.ar\\\/#organization\"},\"image\":{\"@id\":\"https:\\\/\\\/informelitoral.com.ar\\\/sigue-el-frio-como-estara-el-tiempo-el-fin-de-semana\\\/#primaryimage\"},\"thumbnailUrl\":\"https:\\\/\\\/informelitoral.com.ar\\\/%77%70%2d%63%6f%6e%74%65%6e%74\\\/uploads\\\/2022\\\/10\\\/clima-soleado.jpg\",\"keywords\":[\"El tiempo\",\"Pron\u00f3stico\",\"Pron\u00f3stico del tiempo\"],\"articleSection\":[\"Nacionales\"],\"inLanguage\":\"es\",\"potentialAction\":[{\"@type\":\"CommentAction\",\"name\":\"Comment\",\"target\":[\"https:\\\/\\\/informelitoral.com.ar\\\/sigue-el-frio-como-estara-el-tiempo-el-fin-de-semana\\\/#respond\"]}]},{\"@type\":\"WebPage\",\"@id\":\"https:\\\/\\\/informelitoral.com.ar\\\/sigue-el-frio-como-estara-el-tiempo-el-fin-de-semana\\\/\",\"url\":\"https:\\\/\\\/informelitoral.com.ar\\\/sigue-el-frio-como-estara-el-tiempo-el-fin-de-semana\\\/\",\"name\":\"Sigue el fr\u00edo: c\u00f3mo estar\u00e1 el tiempo el fin de semana - Informe Litoral\",\"isPartOf\":{\"@id\":\"https:\\\/\\\/informelitoral.com.ar\\\/#website\"},\"primaryImageOfPage\":{\"@id\":\"https:\\\/\\\/informelitoral.com.ar\\\/sigue-el-frio-como-estara-el-tiempo-el-fin-de-semana\\\/#primaryimage\"},\"image\":{\"@id\":\"https:\\\/\\\/informelitoral.com.ar\\\/sigue-el-frio-como-estara-el-tiempo-el-fin-de-semana\\\/#primaryimage\"},\"thumbnailUrl\":\"https:\\\/\\\/informelitoral.com.ar\\\/%77%70%2d%63%6f%6e%74%65%6e%74\\\/uploads\\\/2022\\\/10\\\/clima-soleado.jpg\",\"datePublished\":\"2025-05-30T09:59:29+00:00\",\"breadcrumb\":{\"@id\":\"https:\\\/\\\/informelitoral.com.ar\\\/sigue-el-frio-como-estara-el-tiempo-el-fin-de-semana\\\/#breadcrumb\"},\"inLanguage\":\"es\",\"potentialAction\":[{\"@type\":\"ReadAction\",\"target\":[\"https:\\\/\\\/informelitoral.com.ar\\\/sigue-el-frio-como-estara-el-tiempo-el-fin-de-semana\\\/\"]}]},{\"@type\":\"ImageObject\",\"inLanguage\":\"es\",\"@id\":\"https:\\\/\\\/informelitoral.com.ar\\\/sigue-el-frio-como-estara-el-tiempo-el-fin-de-semana\\\/#primaryimage\",\"url\":\"https:\\\/\\\/informelitoral.com.ar\\\/%77%70%2d%63%6f%6e%74%65%6e%74\\\/uploads\\\/2022\\\/10\\\/clima-soleado.jpg\",\"contentUrl\":\"https:\\\/\\\/informelitoral.com.ar\\\/%77%70%2d%63%6f%6e%74%65%6e%74\\\/uploads\\\/2022\\\/10\\\/clima-soleado.jpg\",\"width\":800,\"height\":533},{\"@type\":\"BreadcrumbList\",\"@id\":\"https:\\\/\\\/informelitoral.com.ar\\\/sigue-el-frio-como-estara-el-tiempo-el-fin-de-semana\\\/#breadcrumb\",\"itemListElement\":[{\"@type\":\"ListItem\",\"position\":1,\"name\":\"Portada\",\"item\":\"https:\\\/\\\/informelitoral.com.ar\\\/\"},{\"@type\":\"ListItem\",\"position\":2,\"name\":\"Sigue el fr\u00edo: c\u00f3mo estar\u00e1 el tiempo el fin de semana\"}]},{\"@type\":\"WebSite\",\"@id\":\"https:\\\/\\\/informelitoral.com.ar\\\/#website\",\"url\":\"https:\\\/\\\/informelitoral.com.ar\\\/\",\"name\":\"Informe Litoral\",\"description\":\"&quot;Nos informamos&quot; \",\"publisher\":{\"@id\":\"https:\\\/\\\/informelitoral.com.ar\\\/#organization\"},\"potentialAction\":[{\"@type\":\"SearchAction\",\"target\":{\"@type\":\"EntryPoint\",\"urlTemplate\":\"https:\\\/\\\/informelitoral.com.ar\\\/?s={search_term_string}\"},\"query-input\":{\"@type\":\"PropertyValueSpecification\",\"valueRequired\":true,\"valueName\":\"search_term_string\"}}],\"inLanguage\":\"es\"},{\"@type\":\"Organization\",\"@id\":\"https:\\\/\\\/informelitoral.com.ar\\\/#organization\",\"name\":\"Informe Litoral\",\"url\":\"https:\\\/\\\/informelitoral.com.ar\\\/\",\"logo\":{\"@type\":\"ImageObject\",\"inLanguage\":\"es\",\"@id\":\"https:\\\/\\\/informelitoral.com.ar\\\/#\\\/schema\\\/logo\\\/image\\\/\",\"url\":\"https:\\\/\\\/informelitoral.com.ar\\\/%77%70%2d%63%6f%6e%74%65%6e%74\\\/uploads\\\/2021\\\/01\\\/circulo.png\",\"contentUrl\":\"https:\\\/\\\/informelitoral.com.ar\\\/%77%70%2d%63%6f%6e%74%65%6e%74\\\/uploads\\\/2021\\\/01\\\/circulo.png\",\"width\":723,\"height\":731,\"caption\":\"Informe Litoral\"},\"image\":{\"@id\":\"https:\\\/\\\/informelitoral.com.ar\\\/#\\\/schema\\\/logo\\\/image\\\/\"},\"sameAs\":[\"https:\\\/\\\/www.facebook.com\\\/informelitoral\\\/\",\"https:\\\/\\\/x.com\\\/InformeLitoral\",\"https:\\\/\\\/www.instagram.com\\\/informelitoral\\\/\",\"https:\\\/\\\/www.youtube.com\\\/channel\\\/UCua4Qvz8Icb6MYqhoq9xLXw\"]},{\"@type\":\"Person\",\"@id\":\"https:\\\/\\\/informelitoral.com.ar\\\/#\\\/schema\\\/person\\\/b9d00407c836482871ef1d57bf8e3180\",\"name\":\"Gonzalo Schmidt\",\"image\":{\"@type\":\"ImageObject\",\"inLanguage\":\"es\",\"@id\":\"https:\\\/\\\/secure.gravatar.com\\\/avatar\\\/31a1a7b66ff2de83bd0e9fd79d026630d2d99e55e8bfe501287647b4fd9743de?s=96&d=mm&r=g\",\"url\":\"https:\\\/\\\/secure.gravatar.com\\\/avatar\\\/31a1a7b66ff2de83bd0e9fd79d026630d2d99e55e8bfe501287647b4fd9743de?s=96&d=mm&r=g\",\"contentUrl\":\"https:\\\/\\\/secure.gravatar.com\\\/avatar\\\/31a1a7b66ff2de83bd0e9fd79d026630d2d99e55e8bfe501287647b4fd9743de?s=96&d=mm&r=g\",\"caption\":\"Gonzalo Schmidt\"},\"description\":\"Sitio web de noticias de la provincia de Entre R\u00edos, Argentina. Informaci\u00f3n y entretenimiento. Informe Litoral, nos informamos.\",\"sameAs\":[\"http:\\\/\\\/www.isletasnoticias.com.ar\"],\"url\":\"https:\\\/\\\/informelitoral.com.ar\\\/author\\\/gonzalo\\\/\"}]}<\/script>","yoast_head_json":{"title":"Sigue el fr\u00edo: c\u00f3mo estar\u00e1 el tiempo el fin de semana - Informe Litoral","robots":{"index":"index","follow":"follow","max-snippet":"max-snippet:-1","max-image-preview":"max-image-preview:large","max-video-preview":"max-video-preview:-1"},"canonical":"https:\/\/informelitoral.com.ar\/sigue-el-frio-como-estara-el-tiempo-el-fin-de-semana\/","og_locale":"es_ES","og_type":"article","og_title":"Sigue el fr\u00edo: c\u00f3mo estar\u00e1 el tiempo el fin de semana - Informe Litoral","og_description":"No hay lluvias a la vista y prevalecer\u00e1n los d\u00edas soleados. Las temperaturas comenzar\u00e1n a subir leve pero paulatinamente.","og_url":"https:\/\/informelitoral.com.ar\/sigue-el-frio-como-estara-el-tiempo-el-fin-de-semana\/","og_site_name":"Informe Litoral","article_publisher":"https:\/\/www.facebook.com\/informelitoral\/","article_published_time":"2025-05-30T09:59:29+00:00","og_image":[{"width":800,"height":533,"url":"https:\/\/informelitoral.com.ar\/%77%70%2d%63%6f%6e%74%65%6e%74\/uploads\/2022\/10\/clima-soleado.jpg","type":"image\/jpeg"}],"author":"Gonzalo Schmidt","twitter_card":"summary_large_image","twitter_creator":"@InformeLitoral","twitter_site":"@InformeLitoral","twitter_misc":{"Escrito por":"Gonzalo Schmidt","Tiempo de lectura":"3 minutos"},"schema":{"@context":"https:\/\/schema.org","@graph":[{"@type":"Article","@id":"https:\/\/informelitoral.com.ar\/sigue-el-frio-como-estara-el-tiempo-el-fin-de-semana\/#article","isPartOf":{"@id":"https:\/\/informelitoral.com.ar\/sigue-el-frio-como-estara-el-tiempo-el-fin-de-semana\/"},"author":{"name":"Gonzalo Schmidt","@id":"https:\/\/informelitoral.com.ar\/#\/schema\/person\/b9d00407c836482871ef1d57bf8e3180"},"headline":"Sigue el fr\u00edo: c\u00f3mo estar\u00e1 el tiempo el fin de semana","datePublished":"2025-05-30T09:59:29+00:00","mainEntityOfPage":{"@id":"https:\/\/informelitoral.com.ar\/sigue-el-frio-como-estara-el-tiempo-el-fin-de-semana\/"},"wordCount":545,"commentCount":0,"publisher":{"@id":"https:\/\/informelitoral.com.ar\/#organization"},"image":{"@id":"https:\/\/informelitoral.com.ar\/sigue-el-frio-como-estara-el-tiempo-el-fin-de-semana\/#primaryimage"},"thumbnailUrl":"https:\/\/informelitoral.com.ar\/%77%70%2d%63%6f%6e%74%65%6e%74\/uploads\/2022\/10\/clima-soleado.jpg","keywords":["El tiempo","Pron\u00f3stico","Pron\u00f3stico del tiempo"],"articleSection":["Nacionales"],"inLanguage":"es","potentialAction":[{"@type":"CommentAction","name":"Comment","target":["https:\/\/informelitoral.com.ar\/sigue-el-frio-como-estara-el-tiempo-el-fin-de-semana\/#respond"]}]},{"@type":"WebPage","@id":"https:\/\/informelitoral.com.ar\/sigue-el-frio-como-estara-el-tiempo-el-fin-de-semana\/","url":"https:\/\/informelitoral.com.ar\/sigue-el-frio-como-estara-el-tiempo-el-fin-de-semana\/","name":"Sigue el fr\u00edo: c\u00f3mo estar\u00e1 el tiempo el fin de semana - Informe Litoral","isPartOf":{"@id":"https:\/\/informelitoral.com.ar\/#website"},"primaryImageOfPage":{"@id":"https:\/\/informelitoral.com.ar\/sigue-el-frio-como-estara-el-tiempo-el-fin-de-semana\/#primaryimage"},"image":{"@id":"https:\/\/informelitoral.com.ar\/sigue-el-frio-como-estara-el-tiempo-el-fin-de-semana\/#primaryimage"},"thumbnailUrl":"https:\/\/informelitoral.com.ar\/%77%70%2d%63%6f%6e%74%65%6e%74\/uploads\/2022\/10\/clima-soleado.jpg","datePublished":"2025-05-30T09:59:29+00:00","breadcrumb":{"@id":"https:\/\/informelitoral.com.ar\/sigue-el-frio-como-estara-el-tiempo-el-fin-de-semana\/#breadcrumb"},"inLanguage":"es","potentialAction":[{"@type":"ReadAction","target":["https:\/\/informelitoral.com.ar\/sigue-el-frio-como-estara-el-tiempo-el-fin-de-semana\/"]}]},{"@type":"ImageObject","inLanguage":"es","@id":"https:\/\/informelitoral.com.ar\/sigue-el-frio-como-estara-el-tiempo-el-fin-de-semana\/#primaryimage","url":"https:\/\/informelitoral.com.ar\/%77%70%2d%63%6f%6e%74%65%6e%74\/uploads\/2022\/10\/clima-soleado.jpg","contentUrl":"https:\/\/informelitoral.com.ar\/%77%70%2d%63%6f%6e%74%65%6e%74\/uploads\/2022\/10\/clima-soleado.jpg","width":800,"height":533},{"@type":"BreadcrumbList","@id":"https:\/\/informelitoral.com.ar\/sigue-el-frio-como-estara-el-tiempo-el-fin-de-semana\/#breadcrumb","itemListElement":[{"@type":"ListItem","position":1,"name":"Portada","item":"https:\/\/informelitoral.com.ar\/"},{"@type":"ListItem","position":2,"name":"Sigue el fr\u00edo: c\u00f3mo estar\u00e1 el tiempo el fin de semana"}]},{"@type":"WebSite","@id":"https:\/\/informelitoral.com.ar\/#website","url":"https:\/\/informelitoral.com.ar\/","name":"Informe Litoral","description":"&quot;Nos informamos&quot; ","publisher":{"@id":"https:\/\/informelitoral.com.ar\/#organization"},"potentialAction":[{"@type":"SearchAction","target":{"@type":"EntryPoint","urlTemplate":"https:\/\/informelitoral.com.ar\/?s={search_term_string}"},"query-input":{"@type":"PropertyValueSpecification","valueRequired":true,"valueName":"search_term_string"}}],"inLanguage":"es"},{"@type":"Organization","@id":"https:\/\/informelitoral.com.ar\/#organization","name":"Informe Litoral","url":"https:\/\/informelitoral.com.ar\/","logo":{"@type":"ImageObject","inLanguage":"es","@id":"https:\/\/informelitoral.com.ar\/#\/schema\/logo\/image\/","url":"https:\/\/informelitoral.com.ar\/%77%70%2d%63%6f%6e%74%65%6e%74\/uploads\/2021\/01\/circulo.png","contentUrl":"https:\/\/informelitoral.com.ar\/%77%70%2d%63%6f%6e%74%65%6e%74\/uploads\/2021\/01\/circulo.png","width":723,"height":731,"caption":"Informe Litoral"},"image":{"@id":"https:\/\/informelitoral.com.ar\/#\/schema\/logo\/image\/"},"sameAs":["https:\/\/www.facebook.com\/informelitoral\/","https:\/\/x.com\/InformeLitoral","https:\/\/www.instagram.com\/informelitoral\/","https:\/\/www.youtube.com\/channel\/UCua4Qvz8Icb6MYqhoq9xLXw"]},{"@type":"Person","@id":"https:\/\/informelitoral.com.ar\/#\/schema\/person\/b9d00407c836482871ef1d57bf8e3180","name":"Gonzalo Schmidt","image":{"@type":"ImageObject","inLanguage":"es","@id":"https:\/\/secure.gravatar.com\/avatar\/31a1a7b66ff2de83bd0e9fd79d026630d2d99e55e8bfe501287647b4fd9743de?s=96&d=mm&r=g","url":"https:\/\/secure.gravatar.com\/avatar\/31a1a7b66ff2de83bd0e9fd79d026630d2d99e55e8bfe501287647b4fd9743de?s=96&d=mm&r=g","contentUrl":"https:\/\/secure.gravatar.com\/avatar\/31a1a7b66ff2de83bd0e9fd79d026630d2d99e55e8bfe501287647b4fd9743de?s=96&d=mm&r=g","caption":"Gonzalo Schmidt"},"description":"Sitio web de noticias de la provincia de Entre R\u00edos, Argentina. Informaci\u00f3n y entretenimiento. Informe Litoral, nos informamos.","sameAs":["http:\/\/www.isletasnoticias.com.ar"],"url":"https:\/\/informelitoral.com.ar\/author\/gonzalo\/"}]}},"_links":{"self":[{"href":"https:\/\/informelitoral.com.ar\/%77%70%2d%6a%73%6f%6e\/wp\/v2\/posts\/222423","targetHints":{"allow":["GET"]}}],"collection":[{"href":"https:\/\/informelitoral.com.ar\/%77%70%2d%6a%73%6f%6e\/wp\/v2\/posts"}],"about":[{"href":"https:\/\/informelitoral.com.ar\/%77%70%2d%6a%73%6f%6e\/wp\/v2\/types\/post"}],"author":[{"embeddable":true,"href":"https:\/\/informelitoral.com.ar\/%77%70%2d%6a%73%6f%6e\/wp\/v2\/users\/2"}],"replies":[{"embeddable":true,"href":"https:\/\/informelitoral.com.ar\/%77%70%2d%6a%73%6f%6e\/wp\/v2\/comments?post=222423"}],"version-history":[{"count":1,"href":"https:\/\/informelitoral.com.ar\/%77%70%2d%6a%73%6f%6e\/wp\/v2\/posts\/222423\/revisions"}],"predecessor-version":[{"id":222424,"href":"https:\/\/informelitoral.com.ar\/%77%70%2d%6a%73%6f%6e\/wp\/v2\/posts\/222423\/revisions\/222424"}],"wp:featuredmedia":[{"embeddable":true,"href":"https:\/\/informelitoral.com.ar\/%77%70%2d%6a%73%6f%6e\/wp\/v2\/media\/91739"}],"wp:attachment":[{"href":"https:\/\/informelitoral.com.ar\/%77%70%2d%6a%73%6f%6e\/wp\/v2\/media?parent=222423"}],"wp:term":[{"taxonomy":"category","embeddable":true,"href":"https:\/\/informelitoral.com.ar\/%77%70%2d%6a%73%6f%6e\/wp\/v2\/categories?post=222423"},{"taxonomy":"post_tag","embeddable":true,"href":"https:\/\/informelitoral.com.ar\/%77%70%2d%6a%73%6f%6e\/wp\/v2\/tags?post=222423"}],"curies":[{"name":"wp","href":"https:\/\/api.w.org\/{rel}","templated":true}]}}