{"id":222249,"date":"2025-05-26T21:15:21","date_gmt":"2025-05-27T00:15:21","guid":{"rendered":"https:\/\/informelitoral.com.ar\/?p=222249"},"modified":"2025-05-28T21:22:03","modified_gmt":"2025-05-29T00:22:03","slug":"aranguren-celebro-la-revolucion-de-mayo","status":"publish","type":"post","link":"https:\/\/informelitoral.com.ar\/aranguren-celebro-la-revolucion-de-mayo\/","title":{"rendered":"Aranguren celebr\u00f3 la Revoluci\u00f3n de Mayo"},"content":{"rendered":"<p>El acto convoc\u00f3 a representantes de instituciones, autoridades, padres, trabajadores de los medios de comunicaci\u00f3n y p\u00fablico en general.<\/p>\n<p>Antes de enumerar la n\u00f3mina de autoridades presentes se realiz\u00f3 la lectura de una salutaci\u00f3n enviada por la vicepresidenta municipal, <strong>Mirta Noem\u00ed Levars.<\/strong><\/p>\n<p>Al finalizar el mismo, los presentes fueron invitados a compartir empanadas de carne fritas y gaseosas.<\/p>\n<h2><strong>Autoridades presentes:<\/strong><\/h2>\n<p><a href=\"https:\/\/informelitoral.com.ar\/%77%70%2d%63%6f%6e%74%65%6e%74\/uploads\/2025\/05\/2-1-1.jpg\"><img loading=\"lazy\" decoding=\"async\" class=\"aligncenter wp-image-222251 size-full\" src=\"https:\/\/informelitoral.com.ar\/%77%70%2d%63%6f%6e%74%65%6e%74\/uploads\/2025\/05\/2-1-1.jpg\" alt=\"\" width=\"2048\" height=\"1365\" srcset=\"https:\/\/informelitoral.com.ar\/%77%70%2d%63%6f%6e%74%65%6e%74\/uploads\/2025\/05\/2-1-1.jpg 2048w, https:\/\/informelitoral.com.ar\/%77%70%2d%63%6f%6e%74%65%6e%74\/uploads\/2025\/05\/2-1-1-300x200.jpg 300w, https:\/\/informelitoral.com.ar\/%77%70%2d%63%6f%6e%74%65%6e%74\/uploads\/2025\/05\/2-1-1-1024x683.jpg 1024w, https:\/\/informelitoral.com.ar\/%77%70%2d%63%6f%6e%74%65%6e%74\/uploads\/2025\/05\/2-1-1-768x512.jpg 768w, https:\/\/informelitoral.com.ar\/%77%70%2d%63%6f%6e%74%65%6e%74\/uploads\/2025\/05\/2-1-1-1536x1024.jpg 1536w, https:\/\/informelitoral.com.ar\/%77%70%2d%63%6f%6e%74%65%6e%74\/uploads\/2025\/05\/2-1-1-630x420.jpg 630w, https:\/\/informelitoral.com.ar\/%77%70%2d%63%6f%6e%74%65%6e%74\/uploads\/2025\/05\/2-1-1-696x464.jpg 696w, https:\/\/informelitoral.com.ar\/%77%70%2d%63%6f%6e%74%65%6e%74\/uploads\/2025\/05\/2-1-1-1068x712.jpg 1068w, https:\/\/informelitoral.com.ar\/%77%70%2d%63%6f%6e%74%65%6e%74\/uploads\/2025\/05\/2-1-1-1920x1280.jpg 1920w\" sizes=\"auto, (max-width: 2048px) 100vw, 2048px\" \/><\/a>PRESIDENTE MUNICIPAL DE ARANGUREN, DON HORACIO LU\u00cdS SIEBENLIST.<br \/>\nSECRETARIO DE GOBIERNO, BIOINGENIERO RAMIRO MU\u00d1OZ.<br \/>\nASESOR LETRADO, DR. JORGE RA\u00daL SPENGLER.<br \/>\nCONCEJALES: ANABEL OSTORERO, GERARDO NICHEA, MARIANA CORONEL (M\u00c1S PARA ENTRE R\u00cdOS). VANESA BRUSELARIO, GUILLERMO ZABALA Y ROBERTO SOAVE (JUNTOS POR ARANGUREN).<br \/>\nSUBJEFE COMISAR\u00cdA ARANGUREN, SUB COMISARIO MART\u00cdN \u00c1VILA.<br \/>\nJUEZ DE PAZ, DR. RA\u00daL OSTORERO.<br \/>\nDIRECTORA DEPARTAMENTAL DE ESCUELAS, PROFESORA CLAUDIA SOSA.<br \/>\nVICERRECTORA DE LA ESCUELA SECUNDARIA N\u00b0 2 JUAN H. VIEYTES, PROFESORA LIANA HEFFELE.<br \/>\nJEFE DE TALLER DE LA ESCUELA T\u00c9CNICA N\u00b05 14 DE FEBRERO, PROFESOR DIEGO WEIMER.<br \/>\nVICEDIRECTOR DE LA ESCUELA PRIMARIA NINA-NEP N\u00b0 102 \u201c17 DE AGOSTO\u201d PROFESOR HERN\u00c1N MILLER.<\/p>\n<p>Dem\u00e1s autoridades de establecimientos educativos, funcionarios municipales, representantes de Bomberos Voluntarios, docentes, alumnos y p\u00fablico en general.<br \/>\nLuego de la lectura de la rese\u00f1a, ingresaron las banderas de ceremonia de la Escuela Secundaria N\u00b0 2 Juan H. Vieytes, ESJA, Escuela de Educaci\u00f3n T\u00e9cnica N\u00b0 5 \u201c14 de Febrero\u201d y la Escuela Primaria N\u00b0 102 \u201c17 de agosto\u201d.<\/p>\n<p>La parte formal prosigui\u00f3 con la entonaci\u00f3n del Himno Nacional Argentino, la Marcha de Entre R\u00edos y las palabras alusivas, a cargo del Presidente Municipal, Luis Siebenlist.<br \/>\nConsumado el retiro de las banderas de ceremonia finaliz\u00f3 la parte protocolar y comenz\u00f3 el momento art\u00edstico.<\/p>\n<p>En primer t\u00e9rmino, se present\u00f3 la academia \u201cEl Aguaribay\u201d, a cargo de la Profesora Natacha Wollert, bailando un gato patri\u00f3tico, para luego continuar con alumnas de la Escuela Secundaria N\u00b0 2 Juan H. Vieytes, quienes leyeron una poes\u00eda.<\/p>\n<p>En tercer lugar, alumnos de 3\u00b0 grado A y B de la Escuela Primaria N\u00b0 102 \u201c17 de Agosto\u201d, acompa\u00f1ados por el Profesor Bernardo Schreiner, interpretaron \u201cCandombe del 25\u201d.<br \/>\nPor \u00faltimo y con un cierre muy festivo, los chicos del taller de danzas folkl\u00f3ricas municipal infantil y juvenil bailaron un candombe movido, denominado \u201cSue\u00f1o de Libertad\u201d, junto a los profesores Micaela Chaves y Ariel Balcaza.<\/p>\n<p>La reflexi\u00f3n tambi\u00e9n estuvo presente en el cierre del acto:<\/p>\n<p>\u201cPor una patria soberana, digna y justa para todos y todas, porque Patria es entender que los caminos no son individuales.<\/p>\n<p>La Patria es el otro y ese otro somos todos y todas. Es el pueblo, el verdadero protagonista de la historia\u201d, expres\u00f3 el locutor al finalizar el acto.<\/p>\n<p>Posteriormente, a trav\u00e9s de redes sociales, desde la Municipalidad de Aranguren realizaron el siguiente agradecimiento:<\/p>\n<p>\u201cGracias a las autoridades, instituciones, docentes, talleristas, estudiantes y vecinos de la localidad por participar de un nuevo aniversario de la Revoluci\u00f3n de Mayo\u201d.<\/p>\n","protected":false},"excerpt":{"rendered":"<p>El acto oficial conmemorando los 215 a\u00f1os de la Revoluci\u00f3n de Mayo se realiz\u00f3 en la Casa Del Bicentenario de Aranguren el domingo 25 de mayo, a las 11:00. El mismo fue organizado por la Municipalidad de Aranguren a trav\u00e9s del \u00c1rea de Cultura y Educaci\u00f3n.<\/p>\n","protected":false},"author":2,"featured_media":222252,"comment_status":"open","ping_status":"open","sticky":false,"template":"","format":"standard","meta":{"fifu_image_url":"","fifu_image_alt":"","footnotes":""},"categories":[4592],"tags":[4184,143,3659],"class_list":{"0":"post-222249","1":"post","2":"type-post","3":"status-publish","4":"format-standard","5":"has-post-thumbnail","7":"category-departamento-nogoya","8":"tag-25-de-mayo","9":"tag-aranguren","10":"tag-revolucion-de-mayo"},"yoast_head":"<title>Aranguren celebr\u00f3 la Revoluci\u00f3n de Mayo - Informe Litoral<\/title>\n<meta name=\"robots\" content=\"index, follow, max-snippet:-1, max-image-preview:large, max-video-preview:-1\" \/>\n<link rel=\"canonical\" href=\"https:\/\/informelitoral.com.ar\/aranguren-celebro-la-revolucion-de-mayo\/\" \/>\n<meta property=\"og:locale\" content=\"es_ES\" \/>\n<meta property=\"og:type\" content=\"article\" \/>\n<meta property=\"og:title\" content=\"Aranguren celebr\u00f3 la Revoluci\u00f3n de Mayo - Informe Litoral\" \/>\n<meta property=\"og:description\" content=\"El acto oficial conmemorando los 215 a\u00f1os de la Revoluci\u00f3n de Mayo se realiz\u00f3 en la Casa Del Bicentenario de Aranguren el domingo 25 de mayo, a las 11:00. El mismo fue organizado por la Municipalidad de Aranguren a trav\u00e9s del \u00c1rea de Cultura y Educaci\u00f3n.\" \/>\n<meta property=\"og:url\" content=\"https:\/\/informelitoral.com.ar\/aranguren-celebro-la-revolucion-de-mayo\/\" \/>\n<meta property=\"og:site_name\" content=\"Informe Litoral\" \/>\n<meta property=\"article:publisher\" content=\"https:\/\/www.facebook.com\/informelitoral\/\" \/>\n<meta property=\"article:published_time\" content=\"2025-05-27T00:15:21+00:00\" \/>\n<meta property=\"article:modified_time\" content=\"2025-05-29T00:22:03+00:00\" \/>\n<meta property=\"og:image\" content=\"https:\/\/informelitoral.com.ar\/%77%70%2d%63%6f%6e%74%65%6e%74\/uploads\/2025\/05\/3-1-1-1024x683.jpg\" \/>\n\t<meta property=\"og:image:width\" content=\"1024\" \/>\n\t<meta property=\"og:image:height\" content=\"683\" \/>\n\t<meta property=\"og:image:type\" content=\"image\/jpeg\" \/>\n<meta name=\"author\" content=\"Gonzalo Schmidt\" \/>\n<meta name=\"twitter:card\" content=\"summary_large_image\" \/>\n<meta name=\"twitter:creator\" content=\"@InformeLitoral\" \/>\n<meta name=\"twitter:site\" content=\"@InformeLitoral\" \/>\n<meta name=\"twitter:label1\" content=\"Escrito por\" \/>\n\t<meta name=\"twitter:data1\" content=\"Gonzalo Schmidt\" \/>\n\t<meta name=\"twitter:label2\" content=\"Tiempo de lectura\" \/>\n\t<meta name=\"twitter:data2\" content=\"3 minutos\" \/>\n<script type=\"application\/ld+json\" class=\"yoast-schema-graph\">{\"@context\":\"https:\\\/\\\/schema.org\",\"@graph\":[{\"@type\":\"Article\",\"@id\":\"https:\\\/\\\/informelitoral.com.ar\\\/aranguren-celebro-la-revolucion-de-mayo\\\/#article\",\"isPartOf\":{\"@id\":\"https:\\\/\\\/informelitoral.com.ar\\\/aranguren-celebro-la-revolucion-de-mayo\\\/\"},\"author\":{\"name\":\"Gonzalo Schmidt\",\"@id\":\"https:\\\/\\\/informelitoral.com.ar\\\/#\\\/schema\\\/person\\\/b9d00407c836482871ef1d57bf8e3180\"},\"headline\":\"Aranguren celebr\u00f3 la Revoluci\u00f3n de Mayo\",\"datePublished\":\"2025-05-27T00:15:21+00:00\",\"dateModified\":\"2025-05-29T00:22:03+00:00\",\"mainEntityOfPage\":{\"@id\":\"https:\\\/\\\/informelitoral.com.ar\\\/aranguren-celebro-la-revolucion-de-mayo\\\/\"},\"wordCount\":489,\"commentCount\":0,\"publisher\":{\"@id\":\"https:\\\/\\\/informelitoral.com.ar\\\/#organization\"},\"image\":{\"@id\":\"https:\\\/\\\/informelitoral.com.ar\\\/aranguren-celebro-la-revolucion-de-mayo\\\/#primaryimage\"},\"thumbnailUrl\":\"https:\\\/\\\/informelitoral.com.ar\\\/%77%70%2d%63%6f%6e%74%65%6e%74\\\/uploads\\\/2025\\\/05\\\/3-1-1.jpg\",\"keywords\":[\"25 de Mayo\",\"Aranguren\",\"Revoluci\u00f3n de Mayo\"],\"articleSection\":[\"Departamento Nogoy\u00e1\"],\"inLanguage\":\"es\",\"potentialAction\":[{\"@type\":\"CommentAction\",\"name\":\"Comment\",\"target\":[\"https:\\\/\\\/informelitoral.com.ar\\\/aranguren-celebro-la-revolucion-de-mayo\\\/#respond\"]}]},{\"@type\":\"WebPage\",\"@id\":\"https:\\\/\\\/informelitoral.com.ar\\\/aranguren-celebro-la-revolucion-de-mayo\\\/\",\"url\":\"https:\\\/\\\/informelitoral.com.ar\\\/aranguren-celebro-la-revolucion-de-mayo\\\/\",\"name\":\"Aranguren celebr\u00f3 la Revoluci\u00f3n de Mayo - Informe Litoral\",\"isPartOf\":{\"@id\":\"https:\\\/\\\/informelitoral.com.ar\\\/#website\"},\"primaryImageOfPage\":{\"@id\":\"https:\\\/\\\/informelitoral.com.ar\\\/aranguren-celebro-la-revolucion-de-mayo\\\/#primaryimage\"},\"image\":{\"@id\":\"https:\\\/\\\/informelitoral.com.ar\\\/aranguren-celebro-la-revolucion-de-mayo\\\/#primaryimage\"},\"thumbnailUrl\":\"https:\\\/\\\/informelitoral.com.ar\\\/%77%70%2d%63%6f%6e%74%65%6e%74\\\/uploads\\\/2025\\\/05\\\/3-1-1.jpg\",\"datePublished\":\"2025-05-27T00:15:21+00:00\",\"dateModified\":\"2025-05-29T00:22:03+00:00\",\"breadcrumb\":{\"@id\":\"https:\\\/\\\/informelitoral.com.ar\\\/aranguren-celebro-la-revolucion-de-mayo\\\/#breadcrumb\"},\"inLanguage\":\"es\",\"potentialAction\":[{\"@type\":\"ReadAction\",\"target\":[\"https:\\\/\\\/informelitoral.com.ar\\\/aranguren-celebro-la-revolucion-de-mayo\\\/\"]}]},{\"@type\":\"ImageObject\",\"inLanguage\":\"es\",\"@id\":\"https:\\\/\\\/informelitoral.com.ar\\\/aranguren-celebro-la-revolucion-de-mayo\\\/#primaryimage\",\"url\":\"https:\\\/\\\/informelitoral.com.ar\\\/%77%70%2d%63%6f%6e%74%65%6e%74\\\/uploads\\\/2025\\\/05\\\/3-1-1.jpg\",\"contentUrl\":\"https:\\\/\\\/informelitoral.com.ar\\\/%77%70%2d%63%6f%6e%74%65%6e%74\\\/uploads\\\/2025\\\/05\\\/3-1-1.jpg\",\"width\":2048,\"height\":1365},{\"@type\":\"BreadcrumbList\",\"@id\":\"https:\\\/\\\/informelitoral.com.ar\\\/aranguren-celebro-la-revolucion-de-mayo\\\/#breadcrumb\",\"itemListElement\":[{\"@type\":\"ListItem\",\"position\":1,\"name\":\"Portada\",\"item\":\"https:\\\/\\\/informelitoral.com.ar\\\/\"},{\"@type\":\"ListItem\",\"position\":2,\"name\":\"Aranguren celebr\u00f3 la Revoluci\u00f3n de Mayo\"}]},{\"@type\":\"WebSite\",\"@id\":\"https:\\\/\\\/informelitoral.com.ar\\\/#website\",\"url\":\"https:\\\/\\\/informelitoral.com.ar\\\/\",\"name\":\"Informe Litoral\",\"description\":\"&quot;Nos informamos&quot; \",\"publisher\":{\"@id\":\"https:\\\/\\\/informelitoral.com.ar\\\/#organization\"},\"potentialAction\":[{\"@type\":\"SearchAction\",\"target\":{\"@type\":\"EntryPoint\",\"urlTemplate\":\"https:\\\/\\\/informelitoral.com.ar\\\/?s={search_term_string}\"},\"query-input\":{\"@type\":\"PropertyValueSpecification\",\"valueRequired\":true,\"valueName\":\"search_term_string\"}}],\"inLanguage\":\"es\"},{\"@type\":\"Organization\",\"@id\":\"https:\\\/\\\/informelitoral.com.ar\\\/#organization\",\"name\":\"Informe Litoral\",\"url\":\"https:\\\/\\\/informelitoral.com.ar\\\/\",\"logo\":{\"@type\":\"ImageObject\",\"inLanguage\":\"es\",\"@id\":\"https:\\\/\\\/informelitoral.com.ar\\\/#\\\/schema\\\/logo\\\/image\\\/\",\"url\":\"https:\\\/\\\/informelitoral.com.ar\\\/%77%70%2d%63%6f%6e%74%65%6e%74\\\/uploads\\\/2021\\\/01\\\/circulo.png\",\"contentUrl\":\"https:\\\/\\\/informelitoral.com.ar\\\/%77%70%2d%63%6f%6e%74%65%6e%74\\\/uploads\\\/2021\\\/01\\\/circulo.png\",\"width\":723,\"height\":731,\"caption\":\"Informe Litoral\"},\"image\":{\"@id\":\"https:\\\/\\\/informelitoral.com.ar\\\/#\\\/schema\\\/logo\\\/image\\\/\"},\"sameAs\":[\"https:\\\/\\\/www.facebook.com\\\/informelitoral\\\/\",\"https:\\\/\\\/x.com\\\/InformeLitoral\",\"https:\\\/\\\/www.instagram.com\\\/informelitoral\\\/\",\"https:\\\/\\\/www.youtube.com\\\/channel\\\/UCua4Qvz8Icb6MYqhoq9xLXw\"]},{\"@type\":\"Person\",\"@id\":\"https:\\\/\\\/informelitoral.com.ar\\\/#\\\/schema\\\/person\\\/b9d00407c836482871ef1d57bf8e3180\",\"name\":\"Gonzalo Schmidt\",\"image\":{\"@type\":\"ImageObject\",\"inLanguage\":\"es\",\"@id\":\"https:\\\/\\\/secure.gravatar.com\\\/avatar\\\/31a1a7b66ff2de83bd0e9fd79d026630d2d99e55e8bfe501287647b4fd9743de?s=96&d=mm&r=g\",\"url\":\"https:\\\/\\\/secure.gravatar.com\\\/avatar\\\/31a1a7b66ff2de83bd0e9fd79d026630d2d99e55e8bfe501287647b4fd9743de?s=96&d=mm&r=g\",\"contentUrl\":\"https:\\\/\\\/secure.gravatar.com\\\/avatar\\\/31a1a7b66ff2de83bd0e9fd79d026630d2d99e55e8bfe501287647b4fd9743de?s=96&d=mm&r=g\",\"caption\":\"Gonzalo Schmidt\"},\"description\":\"Sitio web de noticias de la provincia de Entre R\u00edos, Argentina. Informaci\u00f3n y entretenimiento. Informe Litoral, nos informamos.\",\"sameAs\":[\"http:\\\/\\\/www.isletasnoticias.com.ar\"],\"url\":\"https:\\\/\\\/informelitoral.com.ar\\\/author\\\/gonzalo\\\/\"}]}<\/script>","yoast_head_json":{"title":"Aranguren celebr\u00f3 la Revoluci\u00f3n de Mayo - Informe Litoral","robots":{"index":"index","follow":"follow","max-snippet":"max-snippet:-1","max-image-preview":"max-image-preview:large","max-video-preview":"max-video-preview:-1"},"canonical":"https:\/\/informelitoral.com.ar\/aranguren-celebro-la-revolucion-de-mayo\/","og_locale":"es_ES","og_type":"article","og_title":"Aranguren celebr\u00f3 la Revoluci\u00f3n de Mayo - Informe Litoral","og_description":"El acto oficial conmemorando los 215 a\u00f1os de la Revoluci\u00f3n de Mayo se realiz\u00f3 en la Casa Del Bicentenario de Aranguren el domingo 25 de mayo, a las 11:00. El mismo fue organizado por la Municipalidad de Aranguren a trav\u00e9s del \u00c1rea de Cultura y Educaci\u00f3n.","og_url":"https:\/\/informelitoral.com.ar\/aranguren-celebro-la-revolucion-de-mayo\/","og_site_name":"Informe Litoral","article_publisher":"https:\/\/www.facebook.com\/informelitoral\/","article_published_time":"2025-05-27T00:15:21+00:00","article_modified_time":"2025-05-29T00:22:03+00:00","og_image":[{"width":1024,"height":683,"url":"https:\/\/informelitoral.com.ar\/%77%70%2d%63%6f%6e%74%65%6e%74\/uploads\/2025\/05\/3-1-1-1024x683.jpg","type":"image\/jpeg"}],"author":"Gonzalo Schmidt","twitter_card":"summary_large_image","twitter_creator":"@InformeLitoral","twitter_site":"@InformeLitoral","twitter_misc":{"Escrito por":"Gonzalo Schmidt","Tiempo de lectura":"3 minutos"},"schema":{"@context":"https:\/\/schema.org","@graph":[{"@type":"Article","@id":"https:\/\/informelitoral.com.ar\/aranguren-celebro-la-revolucion-de-mayo\/#article","isPartOf":{"@id":"https:\/\/informelitoral.com.ar\/aranguren-celebro-la-revolucion-de-mayo\/"},"author":{"name":"Gonzalo Schmidt","@id":"https:\/\/informelitoral.com.ar\/#\/schema\/person\/b9d00407c836482871ef1d57bf8e3180"},"headline":"Aranguren celebr\u00f3 la Revoluci\u00f3n de Mayo","datePublished":"2025-05-27T00:15:21+00:00","dateModified":"2025-05-29T00:22:03+00:00","mainEntityOfPage":{"@id":"https:\/\/informelitoral.com.ar\/aranguren-celebro-la-revolucion-de-mayo\/"},"wordCount":489,"commentCount":0,"publisher":{"@id":"https:\/\/informelitoral.com.ar\/#organization"},"image":{"@id":"https:\/\/informelitoral.com.ar\/aranguren-celebro-la-revolucion-de-mayo\/#primaryimage"},"thumbnailUrl":"https:\/\/informelitoral.com.ar\/%77%70%2d%63%6f%6e%74%65%6e%74\/uploads\/2025\/05\/3-1-1.jpg","keywords":["25 de Mayo","Aranguren","Revoluci\u00f3n de Mayo"],"articleSection":["Departamento Nogoy\u00e1"],"inLanguage":"es","potentialAction":[{"@type":"CommentAction","name":"Comment","target":["https:\/\/informelitoral.com.ar\/aranguren-celebro-la-revolucion-de-mayo\/#respond"]}]},{"@type":"WebPage","@id":"https:\/\/informelitoral.com.ar\/aranguren-celebro-la-revolucion-de-mayo\/","url":"https:\/\/informelitoral.com.ar\/aranguren-celebro-la-revolucion-de-mayo\/","name":"Aranguren celebr\u00f3 la Revoluci\u00f3n de Mayo - Informe Litoral","isPartOf":{"@id":"https:\/\/informelitoral.com.ar\/#website"},"primaryImageOfPage":{"@id":"https:\/\/informelitoral.com.ar\/aranguren-celebro-la-revolucion-de-mayo\/#primaryimage"},"image":{"@id":"https:\/\/informelitoral.com.ar\/aranguren-celebro-la-revolucion-de-mayo\/#primaryimage"},"thumbnailUrl":"https:\/\/informelitoral.com.ar\/%77%70%2d%63%6f%6e%74%65%6e%74\/uploads\/2025\/05\/3-1-1.jpg","datePublished":"2025-05-27T00:15:21+00:00","dateModified":"2025-05-29T00:22:03+00:00","breadcrumb":{"@id":"https:\/\/informelitoral.com.ar\/aranguren-celebro-la-revolucion-de-mayo\/#breadcrumb"},"inLanguage":"es","potentialAction":[{"@type":"ReadAction","target":["https:\/\/informelitoral.com.ar\/aranguren-celebro-la-revolucion-de-mayo\/"]}]},{"@type":"ImageObject","inLanguage":"es","@id":"https:\/\/informelitoral.com.ar\/aranguren-celebro-la-revolucion-de-mayo\/#primaryimage","url":"https:\/\/informelitoral.com.ar\/%77%70%2d%63%6f%6e%74%65%6e%74\/uploads\/2025\/05\/3-1-1.jpg","contentUrl":"https:\/\/informelitoral.com.ar\/%77%70%2d%63%6f%6e%74%65%6e%74\/uploads\/2025\/05\/3-1-1.jpg","width":2048,"height":1365},{"@type":"BreadcrumbList","@id":"https:\/\/informelitoral.com.ar\/aranguren-celebro-la-revolucion-de-mayo\/#breadcrumb","itemListElement":[{"@type":"ListItem","position":1,"name":"Portada","item":"https:\/\/informelitoral.com.ar\/"},{"@type":"ListItem","position":2,"name":"Aranguren celebr\u00f3 la Revoluci\u00f3n de Mayo"}]},{"@type":"WebSite","@id":"https:\/\/informelitoral.com.ar\/#website","url":"https:\/\/informelitoral.com.ar\/","name":"Informe Litoral","description":"&quot;Nos informamos&quot; ","publisher":{"@id":"https:\/\/informelitoral.com.ar\/#organization"},"potentialAction":[{"@type":"SearchAction","target":{"@type":"EntryPoint","urlTemplate":"https:\/\/informelitoral.com.ar\/?s={search_term_string}"},"query-input":{"@type":"PropertyValueSpecification","valueRequired":true,"valueName":"search_term_string"}}],"inLanguage":"es"},{"@type":"Organization","@id":"https:\/\/informelitoral.com.ar\/#organization","name":"Informe Litoral","url":"https:\/\/informelitoral.com.ar\/","logo":{"@type":"ImageObject","inLanguage":"es","@id":"https:\/\/informelitoral.com.ar\/#\/schema\/logo\/image\/","url":"https:\/\/informelitoral.com.ar\/%77%70%2d%63%6f%6e%74%65%6e%74\/uploads\/2021\/01\/circulo.png","contentUrl":"https:\/\/informelitoral.com.ar\/%77%70%2d%63%6f%6e%74%65%6e%74\/uploads\/2021\/01\/circulo.png","width":723,"height":731,"caption":"Informe Litoral"},"image":{"@id":"https:\/\/informelitoral.com.ar\/#\/schema\/logo\/image\/"},"sameAs":["https:\/\/www.facebook.com\/informelitoral\/","https:\/\/x.com\/InformeLitoral","https:\/\/www.instagram.com\/informelitoral\/","https:\/\/www.youtube.com\/channel\/UCua4Qvz8Icb6MYqhoq9xLXw"]},{"@type":"Person","@id":"https:\/\/informelitoral.com.ar\/#\/schema\/person\/b9d00407c836482871ef1d57bf8e3180","name":"Gonzalo Schmidt","image":{"@type":"ImageObject","inLanguage":"es","@id":"https:\/\/secure.gravatar.com\/avatar\/31a1a7b66ff2de83bd0e9fd79d026630d2d99e55e8bfe501287647b4fd9743de?s=96&d=mm&r=g","url":"https:\/\/secure.gravatar.com\/avatar\/31a1a7b66ff2de83bd0e9fd79d026630d2d99e55e8bfe501287647b4fd9743de?s=96&d=mm&r=g","contentUrl":"https:\/\/secure.gravatar.com\/avatar\/31a1a7b66ff2de83bd0e9fd79d026630d2d99e55e8bfe501287647b4fd9743de?s=96&d=mm&r=g","caption":"Gonzalo Schmidt"},"description":"Sitio web de noticias de la provincia de Entre R\u00edos, Argentina. Informaci\u00f3n y entretenimiento. Informe Litoral, nos informamos.","sameAs":["http:\/\/www.isletasnoticias.com.ar"],"url":"https:\/\/informelitoral.com.ar\/author\/gonzalo\/"}]}},"_links":{"self":[{"href":"https:\/\/informelitoral.com.ar\/%77%70%2d%6a%73%6f%6e\/wp\/v2\/posts\/222249","targetHints":{"allow":["GET"]}}],"collection":[{"href":"https:\/\/informelitoral.com.ar\/%77%70%2d%6a%73%6f%6e\/wp\/v2\/posts"}],"about":[{"href":"https:\/\/informelitoral.com.ar\/%77%70%2d%6a%73%6f%6e\/wp\/v2\/types\/post"}],"author":[{"embeddable":true,"href":"https:\/\/informelitoral.com.ar\/%77%70%2d%6a%73%6f%6e\/wp\/v2\/users\/2"}],"replies":[{"embeddable":true,"href":"https:\/\/informelitoral.com.ar\/%77%70%2d%6a%73%6f%6e\/wp\/v2\/comments?post=222249"}],"version-history":[{"count":0,"href":"https:\/\/informelitoral.com.ar\/%77%70%2d%6a%73%6f%6e\/wp\/v2\/posts\/222249\/revisions"}],"wp:featuredmedia":[{"embeddable":true,"href":"https:\/\/informelitoral.com.ar\/%77%70%2d%6a%73%6f%6e\/wp\/v2\/media\/222252"}],"wp:attachment":[{"href":"https:\/\/informelitoral.com.ar\/%77%70%2d%6a%73%6f%6e\/wp\/v2\/media?parent=222249"}],"wp:term":[{"taxonomy":"category","embeddable":true,"href":"https:\/\/informelitoral.com.ar\/%77%70%2d%6a%73%6f%6e\/wp\/v2\/categories?post=222249"},{"taxonomy":"post_tag","embeddable":true,"href":"https:\/\/informelitoral.com.ar\/%77%70%2d%6a%73%6f%6e\/wp\/v2\/tags?post=222249"}],"curies":[{"name":"wp","href":"https:\/\/api.w.org\/{rel}","templated":true}]}}