{"id":2222,"date":"2013-06-24T23:40:42","date_gmt":"2013-06-25T02:40:42","guid":{"rendered":"http:\/\/www.isletasnoticias.com.ar\/?p=2222"},"modified":"2013-06-24T23:40:56","modified_gmt":"2013-06-25T02:40:56","slug":"bicentenario-de-parana-la-presidente-encabezara-el-acto-central-y-se-esperan-anuncios","status":"publish","type":"post","link":"https:\/\/informelitoral.com.ar\/bicentenario-de-parana-la-presidente-encabezara-el-acto-central-y-se-esperan-anuncios\/","title":{"rendered":"Bicentenario de Paran\u00e1: la presidente encabezar\u00e1 el acto central y se esperan anuncios"},"content":{"rendered":"<p><strong>\u00a0 La presidente de la Naci\u00f3n <em>Cristina Fern\u00e1ndez de Kirchner<\/em> estar\u00e1 presente este martes por la tarde en los actos centrales por el festejo del Bicentenario de Paran\u00e1. Adem\u00e1s de lo protocolar y festivo, se esperan anuncios de importancia. Luego, actuar\u00e1n Los TeKis y Los Aut\u00e9nticos Decadentes.<\/strong><\/p>\n<p><img loading=\"lazy\" decoding=\"async\" class=\"size-full wp-image-2223 aligncenter\" alt=\"parana\" src=\"http:\/\/www.isletasnoticias.com.ar\/%77%70%2d%63%6f%6e%74%65%6e%74\/uploads\/2013\/06\/parana.jpg\" width=\"300\" height=\"276\" \/><\/p>\n<p>\u201cLa presidenta quiere estar junto a todos nosotros en este evento singular de los 200 a\u00f1os de la ciudad. Esto habla de lo importante que es Entre R\u00edos y Paran\u00e1 para ella y para todo el gobierno nacional\u201d, expres\u00f3 esta ma\u00f1ana el gobernador de la provincia <strong>Sergio Urribarri<\/strong> al anunciar la presencia en los festejos por el Bicentenario de Paran\u00e1 que se llevar\u00e1n a cabo este martes .<\/p>\n<p>\u201cCristina quiere compartir toda la alegr\u00eda de un pueblo y expresar su apoyo a la tarea de rescate de la ciudad y a la aventura de su desarrollo. La presidenta quiere tambi\u00e9n compartir con los j\u00f3venes y con todas las fuerzas vitales de la ciudad un hito en la historia que ser\u00e1 un momento \u00fanico para miles de paranaenses\u201d, indic\u00f3.<\/p>\n<p><a href=\"http:\/\/www.isletasnoticias.com.ar\/%77%70%2d%63%6f%6e%74%65%6e%74\/uploads\/2013\/06\/cristina.jpg\"><img loading=\"lazy\" decoding=\"async\" class=\"size-medium wp-image-2224 alignleft\" alt=\"cristina\" src=\"http:\/\/www.isletasnoticias.com.ar\/%77%70%2d%63%6f%6e%74%65%6e%74\/uploads\/2013\/06\/cristina-300x200.jpg\" width=\"300\" height=\"200\" srcset=\"https:\/\/informelitoral.com.ar\/%77%70%2d%63%6f%6e%74%65%6e%74\/uploads\/2013\/06\/cristina-300x200.jpg 300w, https:\/\/informelitoral.com.ar\/%77%70%2d%63%6f%6e%74%65%6e%74\/uploads\/2013\/06\/cristina.jpg 492w\" sizes=\"auto, (max-width: 300px) 100vw, 300px\" \/><\/a><\/p>\n<p style=\"text-align: left;\">La presidente arribar\u00e1 a la ciudad alrededor de las 17:00 y se dirigir\u00e1 a la zona del Puerto Nuevo donde se llevar\u00e1 adelante el acto central por el Bicentenario de la capital provincial desde donde dirigir\u00e1 un mensaje precedida por el gobernador Urribarri y la presidente municipal<strong> Blanca Osuna<\/strong>.\u00a0<em><\/em><\/p>\n<p>Estar\u00e1n presentes autoridades provinciales, intendentes de varias localidades entrerrianas, adem\u00e1s de la presencia del gobernador de la provincia de Santa Fe<strong> Antonio Bonfatti<\/strong> junto al intendente de la ciudad capital <strong>Jos\u00e9 Corral.\u00a0<\/strong><\/p>\n<p>Cristina llegar\u00e1 a Paran\u00e1 para participar de los festejos por el Bicentenario sin embargo se espera que en la oportunidad efect\u00fae un anuncio de gran importancia para la provincia y para la ciudad que se habr\u00eda estado ajustando en las \u00faltimas horas.<br \/>\n<em><br \/>\n<\/em>\u201cLa presidenta tienen una consideraci\u00f3n especial por los entrerrianos por lo mucho que hemos significado en su vida y en la de su esposo que siempre destac\u00f3 las muestras enormes de cari\u00f1o que recibi\u00f3 de los paranaenses y de los entrerrianos cada vez que pis\u00f3 este suelo\u201d, record\u00f3 Urribarri.<br \/>\n<em><br \/>\n<\/em>\u201cPor eso \u2013agreg\u00f3- convoco a todos los ciudadanos de Paran\u00e1 para que se hagan presentes en el Puerto Nuevo y que sean protagonistas como testigos de la historia de un momento \u00fanico en la vida de la ciudad y de ellos mismos. La presidenta viene a acompa\u00f1arnos y a compartir nuestra alegr\u00eda y nosotros debemos acompa\u00f1ar a la presidenta\u201d.<\/p>\n<p style=\"text-align: center;\"><a href=\"http:\/\/www.isletasnoticias.com.ar\/%77%70%2d%63%6f%6e%74%65%6e%74\/uploads\/2013\/06\/PARANAAA.jpg\"><img loading=\"lazy\" decoding=\"async\" class=\"size-medium wp-image-2225 alignright\" alt=\"PARANAAA\" src=\"http:\/\/www.isletasnoticias.com.ar\/%77%70%2d%63%6f%6e%74%65%6e%74\/uploads\/2013\/06\/PARANAAA-300x224.jpg\" width=\"300\" height=\"224\" srcset=\"https:\/\/informelitoral.com.ar\/%77%70%2d%63%6f%6e%74%65%6e%74\/uploads\/2013\/06\/PARANAAA-300x224.jpg 300w, https:\/\/informelitoral.com.ar\/%77%70%2d%63%6f%6e%74%65%6e%74\/uploads\/2013\/06\/PARANAAA-1024x766.jpg 1024w\" sizes=\"auto, (max-width: 300px) 100vw, 300px\" \/><\/a><\/p>\n<p>Urribarri record\u00f3 las acciones de \u201crescate\u201d que est\u00e1 llevando adelante su gobierno en conjunto con la gesti\u00f3n municipal. \u201cTodo ese proceso tiene el respaldo en gestos concreto, en recursos del gobierno nacional y de la aprobaci\u00f3n expresa de la presidenta\u201d, indic\u00f3 el gobernador.\u00a0<em><\/em><\/p>\n<p>Finalmente el gobernador expres\u00f3 su benepl\u00e1cito por la confirmaci\u00f3n de la presencia de decenas de personalidades de la cultura, del deporte, de la vida institucional y de la pol\u00edtica en el evento oficial. \u201cEso habla de que Paran\u00e1 ha hecho las paces consigo misma, lo que es una plataforma extraordinaria para encarar el futuro con gran optimismo y energ\u00eda\u201d.<\/p>\n","protected":false},"excerpt":{"rendered":"<p>&nbsp; La presidente de la Naci&oacute;n Cristina Fern&aacute;ndez de Kirchner estar&aacute; presente este martes por la tarde en los actos centrales por el festejo del Bicentenario de Paran&aacute;. Adem&aacute;s de lo protocolar y festivo, se esperan anuncios de importancia. Luego, actuar&aacute;n Los TeKis y Los Aut&eacute;nticos Decadentes. &ldquo;La presidenta quiere estar junto a todos nosotros [&hellip;]<\/p>\n","protected":false},"author":2,"featured_media":0,"comment_status":"open","ping_status":"open","sticky":false,"template":"","format":"standard","meta":{"fifu_image_url":"","fifu_image_alt":"","footnotes":""},"categories":[6],"tags":[],"class_list":{"0":"post-2222","1":"post","2":"type-post","3":"status-publish","4":"format-standard","6":"category-entre-rios"},"yoast_head":"<title>Bicentenario de Paran\u00e1: la presidente encabezar\u00e1 el acto central y se esperan anuncios - Informe Litoral<\/title>\n<meta name=\"robots\" content=\"index, follow, max-snippet:-1, max-image-preview:large, max-video-preview:-1\" \/>\n<link rel=\"canonical\" href=\"https:\/\/informelitoral.com.ar\/bicentenario-de-parana-la-presidente-encabezara-el-acto-central-y-se-esperan-anuncios\/\" \/>\n<meta property=\"og:locale\" content=\"es_ES\" \/>\n<meta property=\"og:type\" content=\"article\" \/>\n<meta property=\"og:title\" content=\"Bicentenario de Paran\u00e1: la presidente encabezar\u00e1 el acto central y se esperan anuncios - Informe Litoral\" \/>\n<meta property=\"og:description\" content=\"&nbsp; La presidente de la Naci&oacute;n Cristina Fern&aacute;ndez de Kirchner estar&aacute; presente este martes por la tarde en los actos centrales por el festejo del Bicentenario de Paran&aacute;. Adem&aacute;s de lo protocolar y festivo, se esperan anuncios de importancia. Luego, actuar&aacute;n Los TeKis y Los Aut&eacute;nticos Decadentes. &ldquo;La presidenta quiere estar junto a todos nosotros [&hellip;]\" \/>\n<meta property=\"og:url\" content=\"https:\/\/informelitoral.com.ar\/bicentenario-de-parana-la-presidente-encabezara-el-acto-central-y-se-esperan-anuncios\/\" \/>\n<meta property=\"og:site_name\" content=\"Informe Litoral\" \/>\n<meta property=\"article:publisher\" content=\"https:\/\/www.facebook.com\/informelitoral\/\" \/>\n<meta property=\"article:published_time\" content=\"2013-06-25T02:40:42+00:00\" \/>\n<meta property=\"article:modified_time\" content=\"2013-06-25T02:40:56+00:00\" \/>\n<meta property=\"og:image\" content=\"https:\/\/informelitoral.com.ar\/%77%70%2d%63%6f%6e%74%65%6e%74\/uploads\/2013\/06\/parana.jpg\" \/>\n\t<meta property=\"og:image:width\" content=\"300\" \/>\n\t<meta property=\"og:image:height\" content=\"276\" \/>\n\t<meta property=\"og:image:type\" content=\"image\/jpeg\" \/>\n<meta name=\"author\" content=\"Gonzalo Schmidt\" \/>\n<meta name=\"twitter:card\" content=\"summary_large_image\" \/>\n<meta name=\"twitter:creator\" content=\"@InformeLitoral\" \/>\n<meta name=\"twitter:site\" content=\"@InformeLitoral\" \/>\n<meta name=\"twitter:label1\" content=\"Escrito por\" \/>\n\t<meta name=\"twitter:data1\" content=\"Gonzalo Schmidt\" \/>\n\t<meta name=\"twitter:label2\" content=\"Tiempo de lectura\" \/>\n\t<meta name=\"twitter:data2\" content=\"3 minutos\" \/>\n<script type=\"application\/ld+json\" class=\"yoast-schema-graph\">{\"@context\":\"https:\\\/\\\/schema.org\",\"@graph\":[{\"@type\":\"Article\",\"@id\":\"https:\\\/\\\/informelitoral.com.ar\\\/bicentenario-de-parana-la-presidente-encabezara-el-acto-central-y-se-esperan-anuncios\\\/#article\",\"isPartOf\":{\"@id\":\"https:\\\/\\\/informelitoral.com.ar\\\/bicentenario-de-parana-la-presidente-encabezara-el-acto-central-y-se-esperan-anuncios\\\/\"},\"author\":{\"name\":\"Gonzalo Schmidt\",\"@id\":\"https:\\\/\\\/informelitoral.com.ar\\\/#\\\/schema\\\/person\\\/b9d00407c836482871ef1d57bf8e3180\"},\"headline\":\"Bicentenario de Paran\u00e1: la presidente encabezar\u00e1 el acto central y se esperan anuncios\",\"datePublished\":\"2013-06-25T02:40:42+00:00\",\"dateModified\":\"2013-06-25T02:40:56+00:00\",\"mainEntityOfPage\":{\"@id\":\"https:\\\/\\\/informelitoral.com.ar\\\/bicentenario-de-parana-la-presidente-encabezara-el-acto-central-y-se-esperan-anuncios\\\/\"},\"wordCount\":545,\"commentCount\":0,\"publisher\":{\"@id\":\"https:\\\/\\\/informelitoral.com.ar\\\/#organization\"},\"image\":{\"@id\":\"https:\\\/\\\/informelitoral.com.ar\\\/bicentenario-de-parana-la-presidente-encabezara-el-acto-central-y-se-esperan-anuncios\\\/#primaryimage\"},\"thumbnailUrl\":\"http:\\\/\\\/www.isletasnoticias.com.ar\\\/%77%70%2d%63%6f%6e%74%65%6e%74\\\/uploads\\\/2013\\\/06\\\/parana.jpg\",\"articleSection\":[\"Entre R\u00edos\"],\"inLanguage\":\"es\",\"potentialAction\":[{\"@type\":\"CommentAction\",\"name\":\"Comment\",\"target\":[\"https:\\\/\\\/informelitoral.com.ar\\\/bicentenario-de-parana-la-presidente-encabezara-el-acto-central-y-se-esperan-anuncios\\\/#respond\"]}]},{\"@type\":\"WebPage\",\"@id\":\"https:\\\/\\\/informelitoral.com.ar\\\/bicentenario-de-parana-la-presidente-encabezara-el-acto-central-y-se-esperan-anuncios\\\/\",\"url\":\"https:\\\/\\\/informelitoral.com.ar\\\/bicentenario-de-parana-la-presidente-encabezara-el-acto-central-y-se-esperan-anuncios\\\/\",\"name\":\"Bicentenario de Paran\u00e1: la presidente encabezar\u00e1 el acto central y se esperan anuncios - Informe Litoral\",\"isPartOf\":{\"@id\":\"https:\\\/\\\/informelitoral.com.ar\\\/#website\"},\"primaryImageOfPage\":{\"@id\":\"https:\\\/\\\/informelitoral.com.ar\\\/bicentenario-de-parana-la-presidente-encabezara-el-acto-central-y-se-esperan-anuncios\\\/#primaryimage\"},\"image\":{\"@id\":\"https:\\\/\\\/informelitoral.com.ar\\\/bicentenario-de-parana-la-presidente-encabezara-el-acto-central-y-se-esperan-anuncios\\\/#primaryimage\"},\"thumbnailUrl\":\"http:\\\/\\\/www.isletasnoticias.com.ar\\\/%77%70%2d%63%6f%6e%74%65%6e%74\\\/uploads\\\/2013\\\/06\\\/parana.jpg\",\"datePublished\":\"2013-06-25T02:40:42+00:00\",\"dateModified\":\"2013-06-25T02:40:56+00:00\",\"breadcrumb\":{\"@id\":\"https:\\\/\\\/informelitoral.com.ar\\\/bicentenario-de-parana-la-presidente-encabezara-el-acto-central-y-se-esperan-anuncios\\\/#breadcrumb\"},\"inLanguage\":\"es\",\"potentialAction\":[{\"@type\":\"ReadAction\",\"target\":[\"https:\\\/\\\/informelitoral.com.ar\\\/bicentenario-de-parana-la-presidente-encabezara-el-acto-central-y-se-esperan-anuncios\\\/\"]}]},{\"@type\":\"ImageObject\",\"inLanguage\":\"es\",\"@id\":\"https:\\\/\\\/informelitoral.com.ar\\\/bicentenario-de-parana-la-presidente-encabezara-el-acto-central-y-se-esperan-anuncios\\\/#primaryimage\",\"url\":\"http:\\\/\\\/www.isletasnoticias.com.ar\\\/%77%70%2d%63%6f%6e%74%65%6e%74\\\/uploads\\\/2013\\\/06\\\/parana.jpg\",\"contentUrl\":\"http:\\\/\\\/www.isletasnoticias.com.ar\\\/%77%70%2d%63%6f%6e%74%65%6e%74\\\/uploads\\\/2013\\\/06\\\/parana.jpg\"},{\"@type\":\"BreadcrumbList\",\"@id\":\"https:\\\/\\\/informelitoral.com.ar\\\/bicentenario-de-parana-la-presidente-encabezara-el-acto-central-y-se-esperan-anuncios\\\/#breadcrumb\",\"itemListElement\":[{\"@type\":\"ListItem\",\"position\":1,\"name\":\"Portada\",\"item\":\"https:\\\/\\\/informelitoral.com.ar\\\/\"},{\"@type\":\"ListItem\",\"position\":2,\"name\":\"Bicentenario de Paran\u00e1: la presidente encabezar\u00e1 el acto central y se esperan anuncios\"}]},{\"@type\":\"WebSite\",\"@id\":\"https:\\\/\\\/informelitoral.com.ar\\\/#website\",\"url\":\"https:\\\/\\\/informelitoral.com.ar\\\/\",\"name\":\"Informe Litoral\",\"description\":\"&quot;Nos informamos&quot; \",\"publisher\":{\"@id\":\"https:\\\/\\\/informelitoral.com.ar\\\/#organization\"},\"potentialAction\":[{\"@type\":\"SearchAction\",\"target\":{\"@type\":\"EntryPoint\",\"urlTemplate\":\"https:\\\/\\\/informelitoral.com.ar\\\/?s={search_term_string}\"},\"query-input\":{\"@type\":\"PropertyValueSpecification\",\"valueRequired\":true,\"valueName\":\"search_term_string\"}}],\"inLanguage\":\"es\"},{\"@type\":\"Organization\",\"@id\":\"https:\\\/\\\/informelitoral.com.ar\\\/#organization\",\"name\":\"Informe Litoral\",\"url\":\"https:\\\/\\\/informelitoral.com.ar\\\/\",\"logo\":{\"@type\":\"ImageObject\",\"inLanguage\":\"es\",\"@id\":\"https:\\\/\\\/informelitoral.com.ar\\\/#\\\/schema\\\/logo\\\/image\\\/\",\"url\":\"https:\\\/\\\/informelitoral.com.ar\\\/%77%70%2d%63%6f%6e%74%65%6e%74\\\/uploads\\\/2021\\\/01\\\/circulo.png\",\"contentUrl\":\"https:\\\/\\\/informelitoral.com.ar\\\/%77%70%2d%63%6f%6e%74%65%6e%74\\\/uploads\\\/2021\\\/01\\\/circulo.png\",\"width\":723,\"height\":731,\"caption\":\"Informe Litoral\"},\"image\":{\"@id\":\"https:\\\/\\\/informelitoral.com.ar\\\/#\\\/schema\\\/logo\\\/image\\\/\"},\"sameAs\":[\"https:\\\/\\\/www.facebook.com\\\/informelitoral\\\/\",\"https:\\\/\\\/x.com\\\/InformeLitoral\",\"https:\\\/\\\/www.instagram.com\\\/informelitoral\\\/\",\"https:\\\/\\\/www.youtube.com\\\/channel\\\/UCua4Qvz8Icb6MYqhoq9xLXw\"]},{\"@type\":\"Person\",\"@id\":\"https:\\\/\\\/informelitoral.com.ar\\\/#\\\/schema\\\/person\\\/b9d00407c836482871ef1d57bf8e3180\",\"name\":\"Gonzalo Schmidt\",\"image\":{\"@type\":\"ImageObject\",\"inLanguage\":\"es\",\"@id\":\"https:\\\/\\\/secure.gravatar.com\\\/avatar\\\/31a1a7b66ff2de83bd0e9fd79d026630d2d99e55e8bfe501287647b4fd9743de?s=96&d=mm&r=g\",\"url\":\"https:\\\/\\\/secure.gravatar.com\\\/avatar\\\/31a1a7b66ff2de83bd0e9fd79d026630d2d99e55e8bfe501287647b4fd9743de?s=96&d=mm&r=g\",\"contentUrl\":\"https:\\\/\\\/secure.gravatar.com\\\/avatar\\\/31a1a7b66ff2de83bd0e9fd79d026630d2d99e55e8bfe501287647b4fd9743de?s=96&d=mm&r=g\",\"caption\":\"Gonzalo Schmidt\"},\"description\":\"Sitio web de noticias de la provincia de Entre R\u00edos, Argentina. Informaci\u00f3n y entretenimiento. Informe Litoral, nos informamos.\",\"sameAs\":[\"http:\\\/\\\/www.isletasnoticias.com.ar\"],\"url\":\"https:\\\/\\\/informelitoral.com.ar\\\/author\\\/gonzalo\\\/\"}]}<\/script>","yoast_head_json":{"title":"Bicentenario de Paran\u00e1: la presidente encabezar\u00e1 el acto central y se esperan anuncios - Informe Litoral","robots":{"index":"index","follow":"follow","max-snippet":"max-snippet:-1","max-image-preview":"max-image-preview:large","max-video-preview":"max-video-preview:-1"},"canonical":"https:\/\/informelitoral.com.ar\/bicentenario-de-parana-la-presidente-encabezara-el-acto-central-y-se-esperan-anuncios\/","og_locale":"es_ES","og_type":"article","og_title":"Bicentenario de Paran\u00e1: la presidente encabezar\u00e1 el acto central y se esperan anuncios - Informe Litoral","og_description":"&nbsp; La presidente de la Naci&oacute;n Cristina Fern&aacute;ndez de Kirchner estar&aacute; presente este martes por la tarde en los actos centrales por el festejo del Bicentenario de Paran&aacute;. Adem&aacute;s de lo protocolar y festivo, se esperan anuncios de importancia. Luego, actuar&aacute;n Los TeKis y Los Aut&eacute;nticos Decadentes. &ldquo;La presidenta quiere estar junto a todos nosotros [&hellip;]","og_url":"https:\/\/informelitoral.com.ar\/bicentenario-de-parana-la-presidente-encabezara-el-acto-central-y-se-esperan-anuncios\/","og_site_name":"Informe Litoral","article_publisher":"https:\/\/www.facebook.com\/informelitoral\/","article_published_time":"2013-06-25T02:40:42+00:00","article_modified_time":"2013-06-25T02:40:56+00:00","og_image":[{"width":300,"height":276,"url":"https:\/\/informelitoral.com.ar\/%77%70%2d%63%6f%6e%74%65%6e%74\/uploads\/2013\/06\/parana.jpg","type":"image\/jpeg"}],"author":"Gonzalo Schmidt","twitter_card":"summary_large_image","twitter_creator":"@InformeLitoral","twitter_site":"@InformeLitoral","twitter_misc":{"Escrito por":"Gonzalo Schmidt","Tiempo de lectura":"3 minutos"},"schema":{"@context":"https:\/\/schema.org","@graph":[{"@type":"Article","@id":"https:\/\/informelitoral.com.ar\/bicentenario-de-parana-la-presidente-encabezara-el-acto-central-y-se-esperan-anuncios\/#article","isPartOf":{"@id":"https:\/\/informelitoral.com.ar\/bicentenario-de-parana-la-presidente-encabezara-el-acto-central-y-se-esperan-anuncios\/"},"author":{"name":"Gonzalo Schmidt","@id":"https:\/\/informelitoral.com.ar\/#\/schema\/person\/b9d00407c836482871ef1d57bf8e3180"},"headline":"Bicentenario de Paran\u00e1: la presidente encabezar\u00e1 el acto central y se esperan anuncios","datePublished":"2013-06-25T02:40:42+00:00","dateModified":"2013-06-25T02:40:56+00:00","mainEntityOfPage":{"@id":"https:\/\/informelitoral.com.ar\/bicentenario-de-parana-la-presidente-encabezara-el-acto-central-y-se-esperan-anuncios\/"},"wordCount":545,"commentCount":0,"publisher":{"@id":"https:\/\/informelitoral.com.ar\/#organization"},"image":{"@id":"https:\/\/informelitoral.com.ar\/bicentenario-de-parana-la-presidente-encabezara-el-acto-central-y-se-esperan-anuncios\/#primaryimage"},"thumbnailUrl":"http:\/\/www.isletasnoticias.com.ar\/%77%70%2d%63%6f%6e%74%65%6e%74\/uploads\/2013\/06\/parana.jpg","articleSection":["Entre R\u00edos"],"inLanguage":"es","potentialAction":[{"@type":"CommentAction","name":"Comment","target":["https:\/\/informelitoral.com.ar\/bicentenario-de-parana-la-presidente-encabezara-el-acto-central-y-se-esperan-anuncios\/#respond"]}]},{"@type":"WebPage","@id":"https:\/\/informelitoral.com.ar\/bicentenario-de-parana-la-presidente-encabezara-el-acto-central-y-se-esperan-anuncios\/","url":"https:\/\/informelitoral.com.ar\/bicentenario-de-parana-la-presidente-encabezara-el-acto-central-y-se-esperan-anuncios\/","name":"Bicentenario de Paran\u00e1: la presidente encabezar\u00e1 el acto central y se esperan anuncios - Informe Litoral","isPartOf":{"@id":"https:\/\/informelitoral.com.ar\/#website"},"primaryImageOfPage":{"@id":"https:\/\/informelitoral.com.ar\/bicentenario-de-parana-la-presidente-encabezara-el-acto-central-y-se-esperan-anuncios\/#primaryimage"},"image":{"@id":"https:\/\/informelitoral.com.ar\/bicentenario-de-parana-la-presidente-encabezara-el-acto-central-y-se-esperan-anuncios\/#primaryimage"},"thumbnailUrl":"http:\/\/www.isletasnoticias.com.ar\/%77%70%2d%63%6f%6e%74%65%6e%74\/uploads\/2013\/06\/parana.jpg","datePublished":"2013-06-25T02:40:42+00:00","dateModified":"2013-06-25T02:40:56+00:00","breadcrumb":{"@id":"https:\/\/informelitoral.com.ar\/bicentenario-de-parana-la-presidente-encabezara-el-acto-central-y-se-esperan-anuncios\/#breadcrumb"},"inLanguage":"es","potentialAction":[{"@type":"ReadAction","target":["https:\/\/informelitoral.com.ar\/bicentenario-de-parana-la-presidente-encabezara-el-acto-central-y-se-esperan-anuncios\/"]}]},{"@type":"ImageObject","inLanguage":"es","@id":"https:\/\/informelitoral.com.ar\/bicentenario-de-parana-la-presidente-encabezara-el-acto-central-y-se-esperan-anuncios\/#primaryimage","url":"http:\/\/www.isletasnoticias.com.ar\/%77%70%2d%63%6f%6e%74%65%6e%74\/uploads\/2013\/06\/parana.jpg","contentUrl":"http:\/\/www.isletasnoticias.com.ar\/%77%70%2d%63%6f%6e%74%65%6e%74\/uploads\/2013\/06\/parana.jpg"},{"@type":"BreadcrumbList","@id":"https:\/\/informelitoral.com.ar\/bicentenario-de-parana-la-presidente-encabezara-el-acto-central-y-se-esperan-anuncios\/#breadcrumb","itemListElement":[{"@type":"ListItem","position":1,"name":"Portada","item":"https:\/\/informelitoral.com.ar\/"},{"@type":"ListItem","position":2,"name":"Bicentenario de Paran\u00e1: la presidente encabezar\u00e1 el acto central y se esperan anuncios"}]},{"@type":"WebSite","@id":"https:\/\/informelitoral.com.ar\/#website","url":"https:\/\/informelitoral.com.ar\/","name":"Informe Litoral","description":"&quot;Nos informamos&quot; ","publisher":{"@id":"https:\/\/informelitoral.com.ar\/#organization"},"potentialAction":[{"@type":"SearchAction","target":{"@type":"EntryPoint","urlTemplate":"https:\/\/informelitoral.com.ar\/?s={search_term_string}"},"query-input":{"@type":"PropertyValueSpecification","valueRequired":true,"valueName":"search_term_string"}}],"inLanguage":"es"},{"@type":"Organization","@id":"https:\/\/informelitoral.com.ar\/#organization","name":"Informe Litoral","url":"https:\/\/informelitoral.com.ar\/","logo":{"@type":"ImageObject","inLanguage":"es","@id":"https:\/\/informelitoral.com.ar\/#\/schema\/logo\/image\/","url":"https:\/\/informelitoral.com.ar\/%77%70%2d%63%6f%6e%74%65%6e%74\/uploads\/2021\/01\/circulo.png","contentUrl":"https:\/\/informelitoral.com.ar\/%77%70%2d%63%6f%6e%74%65%6e%74\/uploads\/2021\/01\/circulo.png","width":723,"height":731,"caption":"Informe Litoral"},"image":{"@id":"https:\/\/informelitoral.com.ar\/#\/schema\/logo\/image\/"},"sameAs":["https:\/\/www.facebook.com\/informelitoral\/","https:\/\/x.com\/InformeLitoral","https:\/\/www.instagram.com\/informelitoral\/","https:\/\/www.youtube.com\/channel\/UCua4Qvz8Icb6MYqhoq9xLXw"]},{"@type":"Person","@id":"https:\/\/informelitoral.com.ar\/#\/schema\/person\/b9d00407c836482871ef1d57bf8e3180","name":"Gonzalo Schmidt","image":{"@type":"ImageObject","inLanguage":"es","@id":"https:\/\/secure.gravatar.com\/avatar\/31a1a7b66ff2de83bd0e9fd79d026630d2d99e55e8bfe501287647b4fd9743de?s=96&d=mm&r=g","url":"https:\/\/secure.gravatar.com\/avatar\/31a1a7b66ff2de83bd0e9fd79d026630d2d99e55e8bfe501287647b4fd9743de?s=96&d=mm&r=g","contentUrl":"https:\/\/secure.gravatar.com\/avatar\/31a1a7b66ff2de83bd0e9fd79d026630d2d99e55e8bfe501287647b4fd9743de?s=96&d=mm&r=g","caption":"Gonzalo Schmidt"},"description":"Sitio web de noticias de la provincia de Entre R\u00edos, Argentina. Informaci\u00f3n y entretenimiento. Informe Litoral, nos informamos.","sameAs":["http:\/\/www.isletasnoticias.com.ar"],"url":"https:\/\/informelitoral.com.ar\/author\/gonzalo\/"}]}},"_links":{"self":[{"href":"https:\/\/informelitoral.com.ar\/%77%70%2d%6a%73%6f%6e\/wp\/v2\/posts\/2222","targetHints":{"allow":["GET"]}}],"collection":[{"href":"https:\/\/informelitoral.com.ar\/%77%70%2d%6a%73%6f%6e\/wp\/v2\/posts"}],"about":[{"href":"https:\/\/informelitoral.com.ar\/%77%70%2d%6a%73%6f%6e\/wp\/v2\/types\/post"}],"author":[{"embeddable":true,"href":"https:\/\/informelitoral.com.ar\/%77%70%2d%6a%73%6f%6e\/wp\/v2\/users\/2"}],"replies":[{"embeddable":true,"href":"https:\/\/informelitoral.com.ar\/%77%70%2d%6a%73%6f%6e\/wp\/v2\/comments?post=2222"}],"version-history":[{"count":0,"href":"https:\/\/informelitoral.com.ar\/%77%70%2d%6a%73%6f%6e\/wp\/v2\/posts\/2222\/revisions"}],"wp:attachment":[{"href":"https:\/\/informelitoral.com.ar\/%77%70%2d%6a%73%6f%6e\/wp\/v2\/media?parent=2222"}],"wp:term":[{"taxonomy":"category","embeddable":true,"href":"https:\/\/informelitoral.com.ar\/%77%70%2d%6a%73%6f%6e\/wp\/v2\/categories?post=2222"},{"taxonomy":"post_tag","embeddable":true,"href":"https:\/\/informelitoral.com.ar\/%77%70%2d%6a%73%6f%6e\/wp\/v2\/tags?post=2222"}],"curies":[{"name":"wp","href":"https:\/\/api.w.org\/{rel}","templated":true}]}}