{"id":221987,"date":"2025-05-27T08:47:34","date_gmt":"2025-05-27T11:47:34","guid":{"rendered":"https:\/\/informelitoral.com.ar\/?p=221987"},"modified":"2025-05-27T08:49:37","modified_gmt":"2025-05-27T11:49:37","slug":"jubilados-del-iosper-percibieron-retroactivo-y-adicional-correspondiente-a-aumento-otorgado-a-los-activos","status":"publish","type":"post","link":"https:\/\/informelitoral.com.ar\/jubilados-del-iosper-percibieron-retroactivo-y-adicional-correspondiente-a-aumento-otorgado-a-los-activos\/","title":{"rendered":"Jubilados del Iosper percibieron retroactivo y adicional correspondiente a aumento otorgado a los activos"},"content":{"rendered":"<p>El presidente de la <strong>Caja de Jubilaciones y Pensiones<\/strong>, <strong>Gast\u00f3n Bagnat<\/strong>, explic\u00f3 que recibieron y coordinaron con todos los jubilados del Iosper el pago del retroactivo correspondiente a un incremento otorgado a los activos.<\/p>\n<p>Y agreg\u00f3 que el concepto de movilidad \u00abes algo que va m\u00e1s all\u00e1 del incremento por paritarias. Hay toda una vida que sucede en activos, que despu\u00e9s se traslada a pasivos. Este \u00faltimo caso, llevado a Iosper hizo que nos encontr\u00e1ramos con un reclamo de un adicional y retroactivos que se hab\u00eda otorgado a los activos de Iosper y a\u00fan no hab\u00eda sido trasladado a los pasivos\u00bb.<\/p>\n<p><a href=\"https:\/\/informelitoral.com.ar\/%77%70%2d%63%6f%6e%74%65%6e%74\/uploads\/2025\/01\/iosper.jpg\"><img loading=\"lazy\" decoding=\"async\" class=\"alignnone size-full wp-image-208752\" src=\"https:\/\/informelitoral.com.ar\/%77%70%2d%63%6f%6e%74%65%6e%74\/uploads\/2025\/01\/iosper.jpg\" alt=\"\" width=\"1920\" height=\"1440\" srcset=\"https:\/\/informelitoral.com.ar\/%77%70%2d%63%6f%6e%74%65%6e%74\/uploads\/2025\/01\/iosper.jpg 1920w, https:\/\/informelitoral.com.ar\/%77%70%2d%63%6f%6e%74%65%6e%74\/uploads\/2025\/01\/iosper-300x225.jpg 300w, https:\/\/informelitoral.com.ar\/%77%70%2d%63%6f%6e%74%65%6e%74\/uploads\/2025\/01\/iosper-1024x768.jpg 1024w, https:\/\/informelitoral.com.ar\/%77%70%2d%63%6f%6e%74%65%6e%74\/uploads\/2025\/01\/iosper-768x576.jpg 768w, https:\/\/informelitoral.com.ar\/%77%70%2d%63%6f%6e%74%65%6e%74\/uploads\/2025\/01\/iosper-1536x1152.jpg 1536w, https:\/\/informelitoral.com.ar\/%77%70%2d%63%6f%6e%74%65%6e%74\/uploads\/2025\/01\/iosper-560x420.jpg 560w, https:\/\/informelitoral.com.ar\/%77%70%2d%63%6f%6e%74%65%6e%74\/uploads\/2025\/01\/iosper-80x60.jpg 80w, https:\/\/informelitoral.com.ar\/%77%70%2d%63%6f%6e%74%65%6e%74\/uploads\/2025\/01\/iosper-696x522.jpg 696w, https:\/\/informelitoral.com.ar\/%77%70%2d%63%6f%6e%74%65%6e%74\/uploads\/2025\/01\/iosper-1068x801.jpg 1068w, https:\/\/informelitoral.com.ar\/%77%70%2d%63%6f%6e%74%65%6e%74\/uploads\/2025\/01\/iosper-265x198.jpg 265w\" sizes=\"auto, (max-width: 1920px) 100vw, 1920px\" \/><\/a><\/p>\n<p>En tanto, el jubilado de Iosper, <strong>Rub\u00e9n Alvarenque<\/strong>, valor\u00f3 la respuesta del presidente de la Caja. \u00abNos vamos muy conformes porque la soluci\u00f3n ha sido dada y llegamos a un acuerdo beneficioso para todos\u00bb.<\/p>\n<p>Por su parte, <strong>Juana \u00c1valos<\/strong>, presidenta del Centro de Jubilados Provinciales ATE Entre R\u00edos, remarc\u00f3 la importancia de este paso dado. \u00abSe trata de un retroactivo muy importante para nosotros. Esta gesti\u00f3n est\u00e1 cumpliendo con los jubilados\u00bb, afirm\u00f3.<\/p>\n<h6><em><strong>Del archivo:\u00a0<a href=\"https:\/\/informelitoral.com.ar\/el-iosper-rechazo-la-retencion-de-servicios-impulsada-por-trabajadores-del-organismo\/\" target=\"_blank\" rel=\"noopener\">El Iosper rechaz\u00f3 la retenci\u00f3n de servicios impulsada por trabajadores del organismo<\/a><\/strong><\/em><\/h6>\n","protected":false},"excerpt":{"rendered":"<p>Luego del trabajo y ordenamiento iniciado el a\u00f1o pasado en la Caja de Jubilaciones y Pensiones de Entre R\u00edos, se resolvi\u00f3 el pago del retroactivo y adicional a jubilados del Instituto de Obra Social de la Provincia de Entre R\u00edos (Iosper), correspondiente al aumento otorgado oportunamente a los activos provinciales. <\/p>\n","protected":false},"author":8,"featured_media":221988,"comment_status":"open","ping_status":"open","sticky":false,"template":"","format":"standard","meta":{"fifu_image_url":"","fifu_image_alt":"","footnotes":""},"categories":[6],"tags":[604,102,3226],"class_list":{"0":"post-221987","1":"post","2":"type-post","3":"status-publish","4":"format-standard","5":"has-post-thumbnail","7":"category-entre-rios","8":"tag-iosper","9":"tag-jubilados","10":"tag-retroactivo"},"yoast_head":"<title>Jubilados del Iosper percibieron retroactivo y adicional correspondiente a aumento otorgado a los activos - Informe Litoral<\/title>\n<meta name=\"robots\" content=\"index, follow, max-snippet:-1, max-image-preview:large, max-video-preview:-1\" \/>\n<link rel=\"canonical\" href=\"https:\/\/informelitoral.com.ar\/jubilados-del-iosper-percibieron-retroactivo-y-adicional-correspondiente-a-aumento-otorgado-a-los-activos\/\" \/>\n<meta property=\"og:locale\" content=\"es_ES\" \/>\n<meta property=\"og:type\" content=\"article\" \/>\n<meta property=\"og:title\" content=\"Jubilados del Iosper percibieron retroactivo y adicional correspondiente a aumento otorgado a los activos - Informe Litoral\" \/>\n<meta property=\"og:description\" content=\"Luego del trabajo y ordenamiento iniciado el a\u00f1o pasado en la Caja de Jubilaciones y Pensiones de Entre R\u00edos, se resolvi\u00f3 el pago del retroactivo y adicional a jubilados del Instituto de Obra Social de la Provincia de Entre R\u00edos (Iosper), correspondiente al aumento otorgado oportunamente a los activos provinciales.\" \/>\n<meta property=\"og:url\" content=\"https:\/\/informelitoral.com.ar\/jubilados-del-iosper-percibieron-retroactivo-y-adicional-correspondiente-a-aumento-otorgado-a-los-activos\/\" \/>\n<meta property=\"og:site_name\" content=\"Informe Litoral\" \/>\n<meta property=\"article:publisher\" content=\"https:\/\/www.facebook.com\/informelitoral\/\" \/>\n<meta property=\"article:published_time\" content=\"2025-05-27T11:47:34+00:00\" \/>\n<meta property=\"article:modified_time\" content=\"2025-05-27T11:49:37+00:00\" \/>\n<meta property=\"og:image\" content=\"https:\/\/informelitoral.com.ar\/%77%70%2d%63%6f%6e%74%65%6e%74\/uploads\/2025\/05\/jubilados-1.jpg\" \/>\n\t<meta property=\"og:image:width\" content=\"1920\" \/>\n\t<meta property=\"og:image:height\" content=\"1283\" \/>\n\t<meta property=\"og:image:type\" content=\"image\/jpeg\" \/>\n<meta name=\"author\" content=\"Sebastian\" \/>\n<meta name=\"twitter:card\" content=\"summary_large_image\" \/>\n<meta name=\"twitter:creator\" content=\"@InformeLitoral\" \/>\n<meta name=\"twitter:site\" content=\"@InformeLitoral\" \/>\n<meta name=\"twitter:label1\" content=\"Escrito por\" \/>\n\t<meta name=\"twitter:data1\" content=\"Sebastian\" \/>\n\t<meta name=\"twitter:label2\" content=\"Tiempo de lectura\" \/>\n\t<meta name=\"twitter:data2\" content=\"2 minutos\" \/>\n<script type=\"application\/ld+json\" class=\"yoast-schema-graph\">{\"@context\":\"https:\\\/\\\/schema.org\",\"@graph\":[{\"@type\":\"Article\",\"@id\":\"https:\\\/\\\/informelitoral.com.ar\\\/jubilados-del-iosper-percibieron-retroactivo-y-adicional-correspondiente-a-aumento-otorgado-a-los-activos\\\/#article\",\"isPartOf\":{\"@id\":\"https:\\\/\\\/informelitoral.com.ar\\\/jubilados-del-iosper-percibieron-retroactivo-y-adicional-correspondiente-a-aumento-otorgado-a-los-activos\\\/\"},\"author\":{\"name\":\"Sebastian\",\"@id\":\"https:\\\/\\\/informelitoral.com.ar\\\/#\\\/schema\\\/person\\\/f05f9f461677119578717524b127d6d5\"},\"headline\":\"Jubilados del Iosper percibieron retroactivo y adicional correspondiente a aumento otorgado a los activos\",\"datePublished\":\"2025-05-27T11:47:34+00:00\",\"dateModified\":\"2025-05-27T11:49:37+00:00\",\"mainEntityOfPage\":{\"@id\":\"https:\\\/\\\/informelitoral.com.ar\\\/jubilados-del-iosper-percibieron-retroactivo-y-adicional-correspondiente-a-aumento-otorgado-a-los-activos\\\/\"},\"wordCount\":213,\"commentCount\":0,\"publisher\":{\"@id\":\"https:\\\/\\\/informelitoral.com.ar\\\/#organization\"},\"image\":{\"@id\":\"https:\\\/\\\/informelitoral.com.ar\\\/jubilados-del-iosper-percibieron-retroactivo-y-adicional-correspondiente-a-aumento-otorgado-a-los-activos\\\/#primaryimage\"},\"thumbnailUrl\":\"https:\\\/\\\/informelitoral.com.ar\\\/%77%70%2d%63%6f%6e%74%65%6e%74\\\/uploads\\\/2025\\\/05\\\/jubilados-1.jpg\",\"keywords\":[\"Iosper\",\"Jubilados\",\"Retroactivo\"],\"articleSection\":[\"Entre R\u00edos\"],\"inLanguage\":\"es\",\"potentialAction\":[{\"@type\":\"CommentAction\",\"name\":\"Comment\",\"target\":[\"https:\\\/\\\/informelitoral.com.ar\\\/jubilados-del-iosper-percibieron-retroactivo-y-adicional-correspondiente-a-aumento-otorgado-a-los-activos\\\/#respond\"]}]},{\"@type\":\"WebPage\",\"@id\":\"https:\\\/\\\/informelitoral.com.ar\\\/jubilados-del-iosper-percibieron-retroactivo-y-adicional-correspondiente-a-aumento-otorgado-a-los-activos\\\/\",\"url\":\"https:\\\/\\\/informelitoral.com.ar\\\/jubilados-del-iosper-percibieron-retroactivo-y-adicional-correspondiente-a-aumento-otorgado-a-los-activos\\\/\",\"name\":\"Jubilados del Iosper percibieron retroactivo y adicional correspondiente a aumento otorgado a los activos - Informe Litoral\",\"isPartOf\":{\"@id\":\"https:\\\/\\\/informelitoral.com.ar\\\/#website\"},\"primaryImageOfPage\":{\"@id\":\"https:\\\/\\\/informelitoral.com.ar\\\/jubilados-del-iosper-percibieron-retroactivo-y-adicional-correspondiente-a-aumento-otorgado-a-los-activos\\\/#primaryimage\"},\"image\":{\"@id\":\"https:\\\/\\\/informelitoral.com.ar\\\/jubilados-del-iosper-percibieron-retroactivo-y-adicional-correspondiente-a-aumento-otorgado-a-los-activos\\\/#primaryimage\"},\"thumbnailUrl\":\"https:\\\/\\\/informelitoral.com.ar\\\/%77%70%2d%63%6f%6e%74%65%6e%74\\\/uploads\\\/2025\\\/05\\\/jubilados-1.jpg\",\"datePublished\":\"2025-05-27T11:47:34+00:00\",\"dateModified\":\"2025-05-27T11:49:37+00:00\",\"breadcrumb\":{\"@id\":\"https:\\\/\\\/informelitoral.com.ar\\\/jubilados-del-iosper-percibieron-retroactivo-y-adicional-correspondiente-a-aumento-otorgado-a-los-activos\\\/#breadcrumb\"},\"inLanguage\":\"es\",\"potentialAction\":[{\"@type\":\"ReadAction\",\"target\":[\"https:\\\/\\\/informelitoral.com.ar\\\/jubilados-del-iosper-percibieron-retroactivo-y-adicional-correspondiente-a-aumento-otorgado-a-los-activos\\\/\"]}]},{\"@type\":\"ImageObject\",\"inLanguage\":\"es\",\"@id\":\"https:\\\/\\\/informelitoral.com.ar\\\/jubilados-del-iosper-percibieron-retroactivo-y-adicional-correspondiente-a-aumento-otorgado-a-los-activos\\\/#primaryimage\",\"url\":\"https:\\\/\\\/informelitoral.com.ar\\\/%77%70%2d%63%6f%6e%74%65%6e%74\\\/uploads\\\/2025\\\/05\\\/jubilados-1.jpg\",\"contentUrl\":\"https:\\\/\\\/informelitoral.com.ar\\\/%77%70%2d%63%6f%6e%74%65%6e%74\\\/uploads\\\/2025\\\/05\\\/jubilados-1.jpg\",\"width\":1920,\"height\":1283},{\"@type\":\"BreadcrumbList\",\"@id\":\"https:\\\/\\\/informelitoral.com.ar\\\/jubilados-del-iosper-percibieron-retroactivo-y-adicional-correspondiente-a-aumento-otorgado-a-los-activos\\\/#breadcrumb\",\"itemListElement\":[{\"@type\":\"ListItem\",\"position\":1,\"name\":\"Portada\",\"item\":\"https:\\\/\\\/informelitoral.com.ar\\\/\"},{\"@type\":\"ListItem\",\"position\":2,\"name\":\"Jubilados del Iosper percibieron retroactivo y adicional correspondiente a aumento otorgado a los activos\"}]},{\"@type\":\"WebSite\",\"@id\":\"https:\\\/\\\/informelitoral.com.ar\\\/#website\",\"url\":\"https:\\\/\\\/informelitoral.com.ar\\\/\",\"name\":\"Informe Litoral\",\"description\":\"&quot;Nos informamos&quot; \",\"publisher\":{\"@id\":\"https:\\\/\\\/informelitoral.com.ar\\\/#organization\"},\"potentialAction\":[{\"@type\":\"SearchAction\",\"target\":{\"@type\":\"EntryPoint\",\"urlTemplate\":\"https:\\\/\\\/informelitoral.com.ar\\\/?s={search_term_string}\"},\"query-input\":{\"@type\":\"PropertyValueSpecification\",\"valueRequired\":true,\"valueName\":\"search_term_string\"}}],\"inLanguage\":\"es\"},{\"@type\":\"Organization\",\"@id\":\"https:\\\/\\\/informelitoral.com.ar\\\/#organization\",\"name\":\"Informe Litoral\",\"url\":\"https:\\\/\\\/informelitoral.com.ar\\\/\",\"logo\":{\"@type\":\"ImageObject\",\"inLanguage\":\"es\",\"@id\":\"https:\\\/\\\/informelitoral.com.ar\\\/#\\\/schema\\\/logo\\\/image\\\/\",\"url\":\"https:\\\/\\\/informelitoral.com.ar\\\/%77%70%2d%63%6f%6e%74%65%6e%74\\\/uploads\\\/2021\\\/01\\\/circulo.png\",\"contentUrl\":\"https:\\\/\\\/informelitoral.com.ar\\\/%77%70%2d%63%6f%6e%74%65%6e%74\\\/uploads\\\/2021\\\/01\\\/circulo.png\",\"width\":723,\"height\":731,\"caption\":\"Informe Litoral\"},\"image\":{\"@id\":\"https:\\\/\\\/informelitoral.com.ar\\\/#\\\/schema\\\/logo\\\/image\\\/\"},\"sameAs\":[\"https:\\\/\\\/www.facebook.com\\\/informelitoral\\\/\",\"https:\\\/\\\/x.com\\\/InformeLitoral\",\"https:\\\/\\\/www.instagram.com\\\/informelitoral\\\/\",\"https:\\\/\\\/www.youtube.com\\\/channel\\\/UCua4Qvz8Icb6MYqhoq9xLXw\"]},{\"@type\":\"Person\",\"@id\":\"https:\\\/\\\/informelitoral.com.ar\\\/#\\\/schema\\\/person\\\/f05f9f461677119578717524b127d6d5\",\"name\":\"Sebastian\",\"image\":{\"@type\":\"ImageObject\",\"inLanguage\":\"es\",\"@id\":\"https:\\\/\\\/secure.gravatar.com\\\/avatar\\\/b71bf7481d447dfb9583c7f2798e7cc64de6efb9067b74633ed8c31059a3bd82?s=96&d=mm&r=g\",\"url\":\"https:\\\/\\\/secure.gravatar.com\\\/avatar\\\/b71bf7481d447dfb9583c7f2798e7cc64de6efb9067b74633ed8c31059a3bd82?s=96&d=mm&r=g\",\"contentUrl\":\"https:\\\/\\\/secure.gravatar.com\\\/avatar\\\/b71bf7481d447dfb9583c7f2798e7cc64de6efb9067b74633ed8c31059a3bd82?s=96&d=mm&r=g\",\"caption\":\"Sebastian\"},\"url\":\"https:\\\/\\\/informelitoral.com.ar\\\/author\\\/sebastian\\\/\"}]}<\/script>","yoast_head_json":{"title":"Jubilados del Iosper percibieron retroactivo y adicional correspondiente a aumento otorgado a los activos - Informe Litoral","robots":{"index":"index","follow":"follow","max-snippet":"max-snippet:-1","max-image-preview":"max-image-preview:large","max-video-preview":"max-video-preview:-1"},"canonical":"https:\/\/informelitoral.com.ar\/jubilados-del-iosper-percibieron-retroactivo-y-adicional-correspondiente-a-aumento-otorgado-a-los-activos\/","og_locale":"es_ES","og_type":"article","og_title":"Jubilados del Iosper percibieron retroactivo y adicional correspondiente a aumento otorgado a los activos - Informe Litoral","og_description":"Luego del trabajo y ordenamiento iniciado el a\u00f1o pasado en la Caja de Jubilaciones y Pensiones de Entre R\u00edos, se resolvi\u00f3 el pago del retroactivo y adicional a jubilados del Instituto de Obra Social de la Provincia de Entre R\u00edos (Iosper), correspondiente al aumento otorgado oportunamente a los activos provinciales.","og_url":"https:\/\/informelitoral.com.ar\/jubilados-del-iosper-percibieron-retroactivo-y-adicional-correspondiente-a-aumento-otorgado-a-los-activos\/","og_site_name":"Informe Litoral","article_publisher":"https:\/\/www.facebook.com\/informelitoral\/","article_published_time":"2025-05-27T11:47:34+00:00","article_modified_time":"2025-05-27T11:49:37+00:00","og_image":[{"width":1920,"height":1283,"url":"https:\/\/informelitoral.com.ar\/%77%70%2d%63%6f%6e%74%65%6e%74\/uploads\/2025\/05\/jubilados-1.jpg","type":"image\/jpeg"}],"author":"Sebastian","twitter_card":"summary_large_image","twitter_creator":"@InformeLitoral","twitter_site":"@InformeLitoral","twitter_misc":{"Escrito por":"Sebastian","Tiempo de lectura":"2 minutos"},"schema":{"@context":"https:\/\/schema.org","@graph":[{"@type":"Article","@id":"https:\/\/informelitoral.com.ar\/jubilados-del-iosper-percibieron-retroactivo-y-adicional-correspondiente-a-aumento-otorgado-a-los-activos\/#article","isPartOf":{"@id":"https:\/\/informelitoral.com.ar\/jubilados-del-iosper-percibieron-retroactivo-y-adicional-correspondiente-a-aumento-otorgado-a-los-activos\/"},"author":{"name":"Sebastian","@id":"https:\/\/informelitoral.com.ar\/#\/schema\/person\/f05f9f461677119578717524b127d6d5"},"headline":"Jubilados del Iosper percibieron retroactivo y adicional correspondiente a aumento otorgado a los activos","datePublished":"2025-05-27T11:47:34+00:00","dateModified":"2025-05-27T11:49:37+00:00","mainEntityOfPage":{"@id":"https:\/\/informelitoral.com.ar\/jubilados-del-iosper-percibieron-retroactivo-y-adicional-correspondiente-a-aumento-otorgado-a-los-activos\/"},"wordCount":213,"commentCount":0,"publisher":{"@id":"https:\/\/informelitoral.com.ar\/#organization"},"image":{"@id":"https:\/\/informelitoral.com.ar\/jubilados-del-iosper-percibieron-retroactivo-y-adicional-correspondiente-a-aumento-otorgado-a-los-activos\/#primaryimage"},"thumbnailUrl":"https:\/\/informelitoral.com.ar\/%77%70%2d%63%6f%6e%74%65%6e%74\/uploads\/2025\/05\/jubilados-1.jpg","keywords":["Iosper","Jubilados","Retroactivo"],"articleSection":["Entre R\u00edos"],"inLanguage":"es","potentialAction":[{"@type":"CommentAction","name":"Comment","target":["https:\/\/informelitoral.com.ar\/jubilados-del-iosper-percibieron-retroactivo-y-adicional-correspondiente-a-aumento-otorgado-a-los-activos\/#respond"]}]},{"@type":"WebPage","@id":"https:\/\/informelitoral.com.ar\/jubilados-del-iosper-percibieron-retroactivo-y-adicional-correspondiente-a-aumento-otorgado-a-los-activos\/","url":"https:\/\/informelitoral.com.ar\/jubilados-del-iosper-percibieron-retroactivo-y-adicional-correspondiente-a-aumento-otorgado-a-los-activos\/","name":"Jubilados del Iosper percibieron retroactivo y adicional correspondiente a aumento otorgado a los activos - Informe Litoral","isPartOf":{"@id":"https:\/\/informelitoral.com.ar\/#website"},"primaryImageOfPage":{"@id":"https:\/\/informelitoral.com.ar\/jubilados-del-iosper-percibieron-retroactivo-y-adicional-correspondiente-a-aumento-otorgado-a-los-activos\/#primaryimage"},"image":{"@id":"https:\/\/informelitoral.com.ar\/jubilados-del-iosper-percibieron-retroactivo-y-adicional-correspondiente-a-aumento-otorgado-a-los-activos\/#primaryimage"},"thumbnailUrl":"https:\/\/informelitoral.com.ar\/%77%70%2d%63%6f%6e%74%65%6e%74\/uploads\/2025\/05\/jubilados-1.jpg","datePublished":"2025-05-27T11:47:34+00:00","dateModified":"2025-05-27T11:49:37+00:00","breadcrumb":{"@id":"https:\/\/informelitoral.com.ar\/jubilados-del-iosper-percibieron-retroactivo-y-adicional-correspondiente-a-aumento-otorgado-a-los-activos\/#breadcrumb"},"inLanguage":"es","potentialAction":[{"@type":"ReadAction","target":["https:\/\/informelitoral.com.ar\/jubilados-del-iosper-percibieron-retroactivo-y-adicional-correspondiente-a-aumento-otorgado-a-los-activos\/"]}]},{"@type":"ImageObject","inLanguage":"es","@id":"https:\/\/informelitoral.com.ar\/jubilados-del-iosper-percibieron-retroactivo-y-adicional-correspondiente-a-aumento-otorgado-a-los-activos\/#primaryimage","url":"https:\/\/informelitoral.com.ar\/%77%70%2d%63%6f%6e%74%65%6e%74\/uploads\/2025\/05\/jubilados-1.jpg","contentUrl":"https:\/\/informelitoral.com.ar\/%77%70%2d%63%6f%6e%74%65%6e%74\/uploads\/2025\/05\/jubilados-1.jpg","width":1920,"height":1283},{"@type":"BreadcrumbList","@id":"https:\/\/informelitoral.com.ar\/jubilados-del-iosper-percibieron-retroactivo-y-adicional-correspondiente-a-aumento-otorgado-a-los-activos\/#breadcrumb","itemListElement":[{"@type":"ListItem","position":1,"name":"Portada","item":"https:\/\/informelitoral.com.ar\/"},{"@type":"ListItem","position":2,"name":"Jubilados del Iosper percibieron retroactivo y adicional correspondiente a aumento otorgado a los activos"}]},{"@type":"WebSite","@id":"https:\/\/informelitoral.com.ar\/#website","url":"https:\/\/informelitoral.com.ar\/","name":"Informe Litoral","description":"&quot;Nos informamos&quot; ","publisher":{"@id":"https:\/\/informelitoral.com.ar\/#organization"},"potentialAction":[{"@type":"SearchAction","target":{"@type":"EntryPoint","urlTemplate":"https:\/\/informelitoral.com.ar\/?s={search_term_string}"},"query-input":{"@type":"PropertyValueSpecification","valueRequired":true,"valueName":"search_term_string"}}],"inLanguage":"es"},{"@type":"Organization","@id":"https:\/\/informelitoral.com.ar\/#organization","name":"Informe Litoral","url":"https:\/\/informelitoral.com.ar\/","logo":{"@type":"ImageObject","inLanguage":"es","@id":"https:\/\/informelitoral.com.ar\/#\/schema\/logo\/image\/","url":"https:\/\/informelitoral.com.ar\/%77%70%2d%63%6f%6e%74%65%6e%74\/uploads\/2021\/01\/circulo.png","contentUrl":"https:\/\/informelitoral.com.ar\/%77%70%2d%63%6f%6e%74%65%6e%74\/uploads\/2021\/01\/circulo.png","width":723,"height":731,"caption":"Informe Litoral"},"image":{"@id":"https:\/\/informelitoral.com.ar\/#\/schema\/logo\/image\/"},"sameAs":["https:\/\/www.facebook.com\/informelitoral\/","https:\/\/x.com\/InformeLitoral","https:\/\/www.instagram.com\/informelitoral\/","https:\/\/www.youtube.com\/channel\/UCua4Qvz8Icb6MYqhoq9xLXw"]},{"@type":"Person","@id":"https:\/\/informelitoral.com.ar\/#\/schema\/person\/f05f9f461677119578717524b127d6d5","name":"Sebastian","image":{"@type":"ImageObject","inLanguage":"es","@id":"https:\/\/secure.gravatar.com\/avatar\/b71bf7481d447dfb9583c7f2798e7cc64de6efb9067b74633ed8c31059a3bd82?s=96&d=mm&r=g","url":"https:\/\/secure.gravatar.com\/avatar\/b71bf7481d447dfb9583c7f2798e7cc64de6efb9067b74633ed8c31059a3bd82?s=96&d=mm&r=g","contentUrl":"https:\/\/secure.gravatar.com\/avatar\/b71bf7481d447dfb9583c7f2798e7cc64de6efb9067b74633ed8c31059a3bd82?s=96&d=mm&r=g","caption":"Sebastian"},"url":"https:\/\/informelitoral.com.ar\/author\/sebastian\/"}]}},"_links":{"self":[{"href":"https:\/\/informelitoral.com.ar\/%77%70%2d%6a%73%6f%6e\/wp\/v2\/posts\/221987","targetHints":{"allow":["GET"]}}],"collection":[{"href":"https:\/\/informelitoral.com.ar\/%77%70%2d%6a%73%6f%6e\/wp\/v2\/posts"}],"about":[{"href":"https:\/\/informelitoral.com.ar\/%77%70%2d%6a%73%6f%6e\/wp\/v2\/types\/post"}],"author":[{"embeddable":true,"href":"https:\/\/informelitoral.com.ar\/%77%70%2d%6a%73%6f%6e\/wp\/v2\/users\/8"}],"replies":[{"embeddable":true,"href":"https:\/\/informelitoral.com.ar\/%77%70%2d%6a%73%6f%6e\/wp\/v2\/comments?post=221987"}],"version-history":[{"count":0,"href":"https:\/\/informelitoral.com.ar\/%77%70%2d%6a%73%6f%6e\/wp\/v2\/posts\/221987\/revisions"}],"wp:featuredmedia":[{"embeddable":true,"href":"https:\/\/informelitoral.com.ar\/%77%70%2d%6a%73%6f%6e\/wp\/v2\/media\/221988"}],"wp:attachment":[{"href":"https:\/\/informelitoral.com.ar\/%77%70%2d%6a%73%6f%6e\/wp\/v2\/media?parent=221987"}],"wp:term":[{"taxonomy":"category","embeddable":true,"href":"https:\/\/informelitoral.com.ar\/%77%70%2d%6a%73%6f%6e\/wp\/v2\/categories?post=221987"},{"taxonomy":"post_tag","embeddable":true,"href":"https:\/\/informelitoral.com.ar\/%77%70%2d%6a%73%6f%6e\/wp\/v2\/tags?post=221987"}],"curies":[{"name":"wp","href":"https:\/\/api.w.org\/{rel}","templated":true}]}}