{"id":221933,"date":"2025-05-26T14:35:52","date_gmt":"2025-05-26T17:35:52","guid":{"rendered":"https:\/\/informelitoral.com.ar\/?p=221933"},"modified":"2025-05-26T14:35:52","modified_gmt":"2025-05-26T17:35:52","slug":"nacion-refuerza-el-control-sobre-los-subsidios-y-lanza-nuevo-procedimiento-para-la-recategorizacion","status":"publish","type":"post","link":"https:\/\/informelitoral.com.ar\/nacion-refuerza-el-control-sobre-los-subsidios-y-lanza-nuevo-procedimiento-para-la-recategorizacion\/","title":{"rendered":"Naci\u00f3n refuerza el control sobre los subsidios y lanza nuevo procedimiento para la recategorizaci\u00f3n"},"content":{"rendered":"<p>En un nuevo paso hacia la\u00a0reestructuraci\u00f3n del r\u00e9gimen de subsidios energ\u00e9ticos, el Gobierno nacional aprob\u00f3 un procedimiento digital para que los usuarios puedan consultar su categorizaci\u00f3n en el\u00a0Registro de Acceso a los Subsidios a la Energ\u00eda (RASE)\u00a0y solicitar su revisi\u00f3n mediante la plataforma\u00a0<strong>Tr\u00e1mites a Distancia (TAD).<\/strong><\/p>\n<p>La medida fue formalizada este lunes con la publicaci\u00f3n en el Bolet\u00edn Oficial de la\u00a0<strong>Resoluci\u00f3n N\u00b0 218\/2025 de la Secretar\u00eda de Energ\u00eda<\/strong>, encabezada por Mar\u00eda Carmen Tettamanti. La norma responde a la necesidad de\u00a0<strong>mejorar la focalizaci\u00f3n de los subsidios,<\/strong>\u00a0minimizar errores de inclusi\u00f3n y exclusi\u00f3n, y ofrecer mayor transparencia en el proceso.<\/p>\n<h2 class=\"wp-block-heading\"><strong>Nuevo procedimiento digital y consulta personalizada<\/strong><\/h2>\n<p>La resoluci\u00f3n establece que la Subsecretar\u00eda de Transici\u00f3n y Planeamiento Energ\u00e9tico deber\u00e1 implementar una herramienta de consulta online para que cualquier usuario pueda saber en qu\u00e9 nivel de segmentaci\u00f3n de subsidios se encuentra. Tambi\u00e9n se habilitar\u00e1 un\u00a0<strong>mecanismo digital para solicitar la revisi\u00f3n de esa categor\u00eda, a trav\u00e9s de la plataforma TAD.<\/strong><\/p>\n<p>Hasta ahora, las v\u00edas de contacto disponibles \u2013principalmente los call centers y algunas oficinas presenciales\u2013 no daban respuesta eficaz a la demanda ciudadana, lo que generaba incertidumbre, seg\u00fan reconoci\u00f3 la propia cartera energ\u00e9tica.<\/p>\n<p>Con esta iniciativa, se busca ofrecer un procedimiento \u201c\u00e1gil, transparente y con garant\u00edas\u201d, y reducir los actuales m\u00e1rgenes de error en la asignaci\u00f3n de los beneficios.<\/p>\n<h2 class=\"wp-block-heading\"><strong>Revisi\u00f3n de subsidios y control patrimonial<\/strong><\/h2>\n<p>La medida tambi\u00e9n refuerza el control sobre la\u00a0<strong>veracidad de las declaraciones juradas.\u00a0<\/strong>En los casos en que se detecte informaci\u00f3n falsa o subdeclarada \u2013como ocurre, por ejemplo, con usuarios registrados como de \u201cbajos ingresos\u201d que residen en barrios privados de alto poder adquisitivo\u2013, la autoridad podr\u00e1 excluirlos del beneficio y ordenar la refacturaci\u00f3n retroactiva de los subsidios otorgados indebidamente, con intereses y posibles sanciones.<\/p>\n<p>Para eso, se habilita a la Subsecretar\u00eda a cruzar datos con bases del Sistema de Identificaci\u00f3n Nacional Tributario y Social (SINTyS), ANSES y otras fuentes nacionales y provinciales, con el objetivo de detectar indicios de capacidad econ\u00f3mica no declarada.<\/p>\n<p>Adem\u00e1s, se establecen\u00a0<strong>nuevos indicadores patrimoniales<\/strong>\u00a0que podr\u00e1n ser utilizados para rechazar solicitudes o excluir a usuarios del padr\u00f3n de beneficiarios, como parte del trabajo de focalizaci\u00f3n del r\u00e9gimen de subsidios.<\/p>\n<h2 class=\"wp-block-heading\"><strong>Subsidios: qu\u00e9 cambia para los usuarios<\/strong><\/h2>\n<ul class=\"wp-block-list\">\n<li>Los usuarios ya inscriptos en el RASE\u00a0<strong>no necesitan reinscribirse<\/strong>, salvo que deban actualizar datos del grupo conviviente.<\/li>\n<li>Se habilitar\u00e1 una\u00a0<strong>herramienta de consulta personalizada<\/strong>\u00a0para conocer el nivel de subsidio asignado.<\/li>\n<li>Quienes deseen\u00a0<strong>revisar su categorizaci\u00f3n<\/strong>\u00a0podr\u00e1n hacerlo a trav\u00e9s de\u00a0<strong>TAD<\/strong>, cargando documentaci\u00f3n adicional si corresponde.<\/li>\n<li><strong>Usuarios sin acceso digital<\/strong>\u00a0podr\u00e1n continuar haciendo el tr\u00e1mite en oficinas de ANSES.<\/li>\n<\/ul>\n<p>La medida se dicta en el marco del\u00a0<strong>Per\u00edodo de Transici\u00f3n hacia Subsidios Energ\u00e9ticos Focalizados<\/strong>, que comenz\u00f3 en junio de 2024 y fue prorrogado hasta el 31 de mayo de 2025, con posibilidad de extensi\u00f3n.<\/p>\n<p>Adem\u00e1s, se enmarca en la\u00a0<strong>emergencia energ\u00e9tica nacional<\/strong>\u00a0vigente hasta el 9 de julio y la\u00a0<strong>emergencia p\u00fablica en materia econ\u00f3mica<\/strong>\u00a0que rige hasta fines de 2025, seg\u00fan los decretos 55\/2023, 70\/2023 y 1023\/2024.<\/p>\n<p>\u201cSe trabaja en resolver los errores de exclusi\u00f3n mediante la implementaci\u00f3n de un mecanismo para la revisi\u00f3n de las categor\u00edas asignadas a los usuarios, la correcta focalizaci\u00f3n exige que se contin\u00fae trabajando en la reducci\u00f3n de los errores de inclusi\u00f3n\u201d, justific\u00f3 el Gobierno.<\/p>\n","protected":false},"excerpt":{"rendered":"<p>La Secretar\u00eda de Energ\u00eda oficializ\u00f3 un nuevo procedimiento para que los usuarios puedan consultar su nivel de subsidio y solicitar cambios a trav\u00e9s de la plataforma TAD.<\/p>\n","protected":false},"author":8,"featured_media":107513,"comment_status":"open","ping_status":"open","sticky":false,"template":"","format":"standard","meta":{"fifu_image_url":"","fifu_image_alt":"","footnotes":""},"categories":[1594],"tags":[257,3179],"class_list":{"0":"post-221933","1":"post","2":"type-post","3":"status-publish","4":"format-standard","5":"has-post-thumbnail","7":"category-economia","8":"tag-luz","9":"tag-subsidios"},"yoast_head":"<title>Naci\u00f3n refuerza el control sobre los subsidios y lanza nuevo procedimiento para la recategorizaci\u00f3n - Informe Litoral<\/title>\n<meta name=\"robots\" content=\"index, follow, max-snippet:-1, max-image-preview:large, max-video-preview:-1\" \/>\n<link rel=\"canonical\" href=\"https:\/\/informelitoral.com.ar\/nacion-refuerza-el-control-sobre-los-subsidios-y-lanza-nuevo-procedimiento-para-la-recategorizacion\/\" \/>\n<meta property=\"og:locale\" content=\"es_ES\" \/>\n<meta property=\"og:type\" content=\"article\" \/>\n<meta property=\"og:title\" content=\"Naci\u00f3n refuerza el control sobre los subsidios y lanza nuevo procedimiento para la recategorizaci\u00f3n - Informe Litoral\" \/>\n<meta property=\"og:description\" content=\"La Secretar\u00eda de Energ\u00eda oficializ\u00f3 un nuevo procedimiento para que los usuarios puedan consultar su nivel de subsidio y solicitar cambios a trav\u00e9s de la plataforma TAD.\" \/>\n<meta property=\"og:url\" content=\"https:\/\/informelitoral.com.ar\/nacion-refuerza-el-control-sobre-los-subsidios-y-lanza-nuevo-procedimiento-para-la-recategorizacion\/\" \/>\n<meta property=\"og:site_name\" content=\"Informe Litoral\" \/>\n<meta property=\"article:publisher\" content=\"https:\/\/www.facebook.com\/informelitoral\/\" \/>\n<meta property=\"article:published_time\" content=\"2025-05-26T17:35:52+00:00\" \/>\n<meta property=\"og:image\" content=\"https:\/\/informelitoral.com.ar\/%77%70%2d%63%6f%6e%74%65%6e%74\/uploads\/2023\/01\/Luz-665x374-1.jpeg\" \/>\n\t<meta property=\"og:image:width\" content=\"665\" \/>\n\t<meta property=\"og:image:height\" content=\"374\" \/>\n\t<meta property=\"og:image:type\" content=\"image\/jpeg\" \/>\n<meta name=\"author\" content=\"Sebastian\" \/>\n<meta name=\"twitter:card\" content=\"summary_large_image\" \/>\n<meta name=\"twitter:creator\" content=\"@InformeLitoral\" \/>\n<meta name=\"twitter:site\" content=\"@InformeLitoral\" \/>\n<meta name=\"twitter:label1\" content=\"Escrito por\" \/>\n\t<meta name=\"twitter:data1\" content=\"Sebastian\" \/>\n\t<meta name=\"twitter:label2\" content=\"Tiempo de lectura\" \/>\n\t<meta name=\"twitter:data2\" content=\"3 minutos\" \/>\n<script type=\"application\/ld+json\" class=\"yoast-schema-graph\">{\"@context\":\"https:\\\/\\\/schema.org\",\"@graph\":[{\"@type\":\"Article\",\"@id\":\"https:\\\/\\\/informelitoral.com.ar\\\/nacion-refuerza-el-control-sobre-los-subsidios-y-lanza-nuevo-procedimiento-para-la-recategorizacion\\\/#article\",\"isPartOf\":{\"@id\":\"https:\\\/\\\/informelitoral.com.ar\\\/nacion-refuerza-el-control-sobre-los-subsidios-y-lanza-nuevo-procedimiento-para-la-recategorizacion\\\/\"},\"author\":{\"name\":\"Sebastian\",\"@id\":\"https:\\\/\\\/informelitoral.com.ar\\\/#\\\/schema\\\/person\\\/f05f9f461677119578717524b127d6d5\"},\"headline\":\"Naci\u00f3n refuerza el control sobre los subsidios y lanza nuevo procedimiento para la recategorizaci\u00f3n\",\"datePublished\":\"2025-05-26T17:35:52+00:00\",\"mainEntityOfPage\":{\"@id\":\"https:\\\/\\\/informelitoral.com.ar\\\/nacion-refuerza-el-control-sobre-los-subsidios-y-lanza-nuevo-procedimiento-para-la-recategorizacion\\\/\"},\"wordCount\":614,\"commentCount\":0,\"publisher\":{\"@id\":\"https:\\\/\\\/informelitoral.com.ar\\\/#organization\"},\"image\":{\"@id\":\"https:\\\/\\\/informelitoral.com.ar\\\/nacion-refuerza-el-control-sobre-los-subsidios-y-lanza-nuevo-procedimiento-para-la-recategorizacion\\\/#primaryimage\"},\"thumbnailUrl\":\"https:\\\/\\\/informelitoral.com.ar\\\/%77%70%2d%63%6f%6e%74%65%6e%74\\\/uploads\\\/2023\\\/01\\\/Luz-665x374-1.jpeg\",\"keywords\":[\"Luz\",\"subsidios\"],\"articleSection\":[\"Econom\u00eda\"],\"inLanguage\":\"es\",\"potentialAction\":[{\"@type\":\"CommentAction\",\"name\":\"Comment\",\"target\":[\"https:\\\/\\\/informelitoral.com.ar\\\/nacion-refuerza-el-control-sobre-los-subsidios-y-lanza-nuevo-procedimiento-para-la-recategorizacion\\\/#respond\"]}]},{\"@type\":\"WebPage\",\"@id\":\"https:\\\/\\\/informelitoral.com.ar\\\/nacion-refuerza-el-control-sobre-los-subsidios-y-lanza-nuevo-procedimiento-para-la-recategorizacion\\\/\",\"url\":\"https:\\\/\\\/informelitoral.com.ar\\\/nacion-refuerza-el-control-sobre-los-subsidios-y-lanza-nuevo-procedimiento-para-la-recategorizacion\\\/\",\"name\":\"Naci\u00f3n refuerza el control sobre los subsidios y lanza nuevo procedimiento para la recategorizaci\u00f3n - Informe Litoral\",\"isPartOf\":{\"@id\":\"https:\\\/\\\/informelitoral.com.ar\\\/#website\"},\"primaryImageOfPage\":{\"@id\":\"https:\\\/\\\/informelitoral.com.ar\\\/nacion-refuerza-el-control-sobre-los-subsidios-y-lanza-nuevo-procedimiento-para-la-recategorizacion\\\/#primaryimage\"},\"image\":{\"@id\":\"https:\\\/\\\/informelitoral.com.ar\\\/nacion-refuerza-el-control-sobre-los-subsidios-y-lanza-nuevo-procedimiento-para-la-recategorizacion\\\/#primaryimage\"},\"thumbnailUrl\":\"https:\\\/\\\/informelitoral.com.ar\\\/%77%70%2d%63%6f%6e%74%65%6e%74\\\/uploads\\\/2023\\\/01\\\/Luz-665x374-1.jpeg\",\"datePublished\":\"2025-05-26T17:35:52+00:00\",\"breadcrumb\":{\"@id\":\"https:\\\/\\\/informelitoral.com.ar\\\/nacion-refuerza-el-control-sobre-los-subsidios-y-lanza-nuevo-procedimiento-para-la-recategorizacion\\\/#breadcrumb\"},\"inLanguage\":\"es\",\"potentialAction\":[{\"@type\":\"ReadAction\",\"target\":[\"https:\\\/\\\/informelitoral.com.ar\\\/nacion-refuerza-el-control-sobre-los-subsidios-y-lanza-nuevo-procedimiento-para-la-recategorizacion\\\/\"]}]},{\"@type\":\"ImageObject\",\"inLanguage\":\"es\",\"@id\":\"https:\\\/\\\/informelitoral.com.ar\\\/nacion-refuerza-el-control-sobre-los-subsidios-y-lanza-nuevo-procedimiento-para-la-recategorizacion\\\/#primaryimage\",\"url\":\"https:\\\/\\\/informelitoral.com.ar\\\/%77%70%2d%63%6f%6e%74%65%6e%74\\\/uploads\\\/2023\\\/01\\\/Luz-665x374-1.jpeg\",\"contentUrl\":\"https:\\\/\\\/informelitoral.com.ar\\\/%77%70%2d%63%6f%6e%74%65%6e%74\\\/uploads\\\/2023\\\/01\\\/Luz-665x374-1.jpeg\",\"width\":665,\"height\":374},{\"@type\":\"BreadcrumbList\",\"@id\":\"https:\\\/\\\/informelitoral.com.ar\\\/nacion-refuerza-el-control-sobre-los-subsidios-y-lanza-nuevo-procedimiento-para-la-recategorizacion\\\/#breadcrumb\",\"itemListElement\":[{\"@type\":\"ListItem\",\"position\":1,\"name\":\"Portada\",\"item\":\"https:\\\/\\\/informelitoral.com.ar\\\/\"},{\"@type\":\"ListItem\",\"position\":2,\"name\":\"Naci\u00f3n refuerza el control sobre los subsidios y lanza nuevo procedimiento para la recategorizaci\u00f3n\"}]},{\"@type\":\"WebSite\",\"@id\":\"https:\\\/\\\/informelitoral.com.ar\\\/#website\",\"url\":\"https:\\\/\\\/informelitoral.com.ar\\\/\",\"name\":\"Informe Litoral\",\"description\":\"&quot;Nos informamos&quot; \",\"publisher\":{\"@id\":\"https:\\\/\\\/informelitoral.com.ar\\\/#organization\"},\"potentialAction\":[{\"@type\":\"SearchAction\",\"target\":{\"@type\":\"EntryPoint\",\"urlTemplate\":\"https:\\\/\\\/informelitoral.com.ar\\\/?s={search_term_string}\"},\"query-input\":{\"@type\":\"PropertyValueSpecification\",\"valueRequired\":true,\"valueName\":\"search_term_string\"}}],\"inLanguage\":\"es\"},{\"@type\":\"Organization\",\"@id\":\"https:\\\/\\\/informelitoral.com.ar\\\/#organization\",\"name\":\"Informe Litoral\",\"url\":\"https:\\\/\\\/informelitoral.com.ar\\\/\",\"logo\":{\"@type\":\"ImageObject\",\"inLanguage\":\"es\",\"@id\":\"https:\\\/\\\/informelitoral.com.ar\\\/#\\\/schema\\\/logo\\\/image\\\/\",\"url\":\"https:\\\/\\\/informelitoral.com.ar\\\/%77%70%2d%63%6f%6e%74%65%6e%74\\\/uploads\\\/2021\\\/01\\\/circulo.png\",\"contentUrl\":\"https:\\\/\\\/informelitoral.com.ar\\\/%77%70%2d%63%6f%6e%74%65%6e%74\\\/uploads\\\/2021\\\/01\\\/circulo.png\",\"width\":723,\"height\":731,\"caption\":\"Informe Litoral\"},\"image\":{\"@id\":\"https:\\\/\\\/informelitoral.com.ar\\\/#\\\/schema\\\/logo\\\/image\\\/\"},\"sameAs\":[\"https:\\\/\\\/www.facebook.com\\\/informelitoral\\\/\",\"https:\\\/\\\/x.com\\\/InformeLitoral\",\"https:\\\/\\\/www.instagram.com\\\/informelitoral\\\/\",\"https:\\\/\\\/www.youtube.com\\\/channel\\\/UCua4Qvz8Icb6MYqhoq9xLXw\"]},{\"@type\":\"Person\",\"@id\":\"https:\\\/\\\/informelitoral.com.ar\\\/#\\\/schema\\\/person\\\/f05f9f461677119578717524b127d6d5\",\"name\":\"Sebastian\",\"image\":{\"@type\":\"ImageObject\",\"inLanguage\":\"es\",\"@id\":\"https:\\\/\\\/secure.gravatar.com\\\/avatar\\\/b71bf7481d447dfb9583c7f2798e7cc64de6efb9067b74633ed8c31059a3bd82?s=96&d=mm&r=g\",\"url\":\"https:\\\/\\\/secure.gravatar.com\\\/avatar\\\/b71bf7481d447dfb9583c7f2798e7cc64de6efb9067b74633ed8c31059a3bd82?s=96&d=mm&r=g\",\"contentUrl\":\"https:\\\/\\\/secure.gravatar.com\\\/avatar\\\/b71bf7481d447dfb9583c7f2798e7cc64de6efb9067b74633ed8c31059a3bd82?s=96&d=mm&r=g\",\"caption\":\"Sebastian\"},\"url\":\"https:\\\/\\\/informelitoral.com.ar\\\/author\\\/sebastian\\\/\"}]}<\/script>","yoast_head_json":{"title":"Naci\u00f3n refuerza el control sobre los subsidios y lanza nuevo procedimiento para la recategorizaci\u00f3n - Informe Litoral","robots":{"index":"index","follow":"follow","max-snippet":"max-snippet:-1","max-image-preview":"max-image-preview:large","max-video-preview":"max-video-preview:-1"},"canonical":"https:\/\/informelitoral.com.ar\/nacion-refuerza-el-control-sobre-los-subsidios-y-lanza-nuevo-procedimiento-para-la-recategorizacion\/","og_locale":"es_ES","og_type":"article","og_title":"Naci\u00f3n refuerza el control sobre los subsidios y lanza nuevo procedimiento para la recategorizaci\u00f3n - Informe Litoral","og_description":"La Secretar\u00eda de Energ\u00eda oficializ\u00f3 un nuevo procedimiento para que los usuarios puedan consultar su nivel de subsidio y solicitar cambios a trav\u00e9s de la plataforma TAD.","og_url":"https:\/\/informelitoral.com.ar\/nacion-refuerza-el-control-sobre-los-subsidios-y-lanza-nuevo-procedimiento-para-la-recategorizacion\/","og_site_name":"Informe Litoral","article_publisher":"https:\/\/www.facebook.com\/informelitoral\/","article_published_time":"2025-05-26T17:35:52+00:00","og_image":[{"width":665,"height":374,"url":"https:\/\/informelitoral.com.ar\/%77%70%2d%63%6f%6e%74%65%6e%74\/uploads\/2023\/01\/Luz-665x374-1.jpeg","type":"image\/jpeg"}],"author":"Sebastian","twitter_card":"summary_large_image","twitter_creator":"@InformeLitoral","twitter_site":"@InformeLitoral","twitter_misc":{"Escrito por":"Sebastian","Tiempo de lectura":"3 minutos"},"schema":{"@context":"https:\/\/schema.org","@graph":[{"@type":"Article","@id":"https:\/\/informelitoral.com.ar\/nacion-refuerza-el-control-sobre-los-subsidios-y-lanza-nuevo-procedimiento-para-la-recategorizacion\/#article","isPartOf":{"@id":"https:\/\/informelitoral.com.ar\/nacion-refuerza-el-control-sobre-los-subsidios-y-lanza-nuevo-procedimiento-para-la-recategorizacion\/"},"author":{"name":"Sebastian","@id":"https:\/\/informelitoral.com.ar\/#\/schema\/person\/f05f9f461677119578717524b127d6d5"},"headline":"Naci\u00f3n refuerza el control sobre los subsidios y lanza nuevo procedimiento para la recategorizaci\u00f3n","datePublished":"2025-05-26T17:35:52+00:00","mainEntityOfPage":{"@id":"https:\/\/informelitoral.com.ar\/nacion-refuerza-el-control-sobre-los-subsidios-y-lanza-nuevo-procedimiento-para-la-recategorizacion\/"},"wordCount":614,"commentCount":0,"publisher":{"@id":"https:\/\/informelitoral.com.ar\/#organization"},"image":{"@id":"https:\/\/informelitoral.com.ar\/nacion-refuerza-el-control-sobre-los-subsidios-y-lanza-nuevo-procedimiento-para-la-recategorizacion\/#primaryimage"},"thumbnailUrl":"https:\/\/informelitoral.com.ar\/%77%70%2d%63%6f%6e%74%65%6e%74\/uploads\/2023\/01\/Luz-665x374-1.jpeg","keywords":["Luz","subsidios"],"articleSection":["Econom\u00eda"],"inLanguage":"es","potentialAction":[{"@type":"CommentAction","name":"Comment","target":["https:\/\/informelitoral.com.ar\/nacion-refuerza-el-control-sobre-los-subsidios-y-lanza-nuevo-procedimiento-para-la-recategorizacion\/#respond"]}]},{"@type":"WebPage","@id":"https:\/\/informelitoral.com.ar\/nacion-refuerza-el-control-sobre-los-subsidios-y-lanza-nuevo-procedimiento-para-la-recategorizacion\/","url":"https:\/\/informelitoral.com.ar\/nacion-refuerza-el-control-sobre-los-subsidios-y-lanza-nuevo-procedimiento-para-la-recategorizacion\/","name":"Naci\u00f3n refuerza el control sobre los subsidios y lanza nuevo procedimiento para la recategorizaci\u00f3n - Informe Litoral","isPartOf":{"@id":"https:\/\/informelitoral.com.ar\/#website"},"primaryImageOfPage":{"@id":"https:\/\/informelitoral.com.ar\/nacion-refuerza-el-control-sobre-los-subsidios-y-lanza-nuevo-procedimiento-para-la-recategorizacion\/#primaryimage"},"image":{"@id":"https:\/\/informelitoral.com.ar\/nacion-refuerza-el-control-sobre-los-subsidios-y-lanza-nuevo-procedimiento-para-la-recategorizacion\/#primaryimage"},"thumbnailUrl":"https:\/\/informelitoral.com.ar\/%77%70%2d%63%6f%6e%74%65%6e%74\/uploads\/2023\/01\/Luz-665x374-1.jpeg","datePublished":"2025-05-26T17:35:52+00:00","breadcrumb":{"@id":"https:\/\/informelitoral.com.ar\/nacion-refuerza-el-control-sobre-los-subsidios-y-lanza-nuevo-procedimiento-para-la-recategorizacion\/#breadcrumb"},"inLanguage":"es","potentialAction":[{"@type":"ReadAction","target":["https:\/\/informelitoral.com.ar\/nacion-refuerza-el-control-sobre-los-subsidios-y-lanza-nuevo-procedimiento-para-la-recategorizacion\/"]}]},{"@type":"ImageObject","inLanguage":"es","@id":"https:\/\/informelitoral.com.ar\/nacion-refuerza-el-control-sobre-los-subsidios-y-lanza-nuevo-procedimiento-para-la-recategorizacion\/#primaryimage","url":"https:\/\/informelitoral.com.ar\/%77%70%2d%63%6f%6e%74%65%6e%74\/uploads\/2023\/01\/Luz-665x374-1.jpeg","contentUrl":"https:\/\/informelitoral.com.ar\/%77%70%2d%63%6f%6e%74%65%6e%74\/uploads\/2023\/01\/Luz-665x374-1.jpeg","width":665,"height":374},{"@type":"BreadcrumbList","@id":"https:\/\/informelitoral.com.ar\/nacion-refuerza-el-control-sobre-los-subsidios-y-lanza-nuevo-procedimiento-para-la-recategorizacion\/#breadcrumb","itemListElement":[{"@type":"ListItem","position":1,"name":"Portada","item":"https:\/\/informelitoral.com.ar\/"},{"@type":"ListItem","position":2,"name":"Naci\u00f3n refuerza el control sobre los subsidios y lanza nuevo procedimiento para la recategorizaci\u00f3n"}]},{"@type":"WebSite","@id":"https:\/\/informelitoral.com.ar\/#website","url":"https:\/\/informelitoral.com.ar\/","name":"Informe Litoral","description":"&quot;Nos informamos&quot; ","publisher":{"@id":"https:\/\/informelitoral.com.ar\/#organization"},"potentialAction":[{"@type":"SearchAction","target":{"@type":"EntryPoint","urlTemplate":"https:\/\/informelitoral.com.ar\/?s={search_term_string}"},"query-input":{"@type":"PropertyValueSpecification","valueRequired":true,"valueName":"search_term_string"}}],"inLanguage":"es"},{"@type":"Organization","@id":"https:\/\/informelitoral.com.ar\/#organization","name":"Informe Litoral","url":"https:\/\/informelitoral.com.ar\/","logo":{"@type":"ImageObject","inLanguage":"es","@id":"https:\/\/informelitoral.com.ar\/#\/schema\/logo\/image\/","url":"https:\/\/informelitoral.com.ar\/%77%70%2d%63%6f%6e%74%65%6e%74\/uploads\/2021\/01\/circulo.png","contentUrl":"https:\/\/informelitoral.com.ar\/%77%70%2d%63%6f%6e%74%65%6e%74\/uploads\/2021\/01\/circulo.png","width":723,"height":731,"caption":"Informe Litoral"},"image":{"@id":"https:\/\/informelitoral.com.ar\/#\/schema\/logo\/image\/"},"sameAs":["https:\/\/www.facebook.com\/informelitoral\/","https:\/\/x.com\/InformeLitoral","https:\/\/www.instagram.com\/informelitoral\/","https:\/\/www.youtube.com\/channel\/UCua4Qvz8Icb6MYqhoq9xLXw"]},{"@type":"Person","@id":"https:\/\/informelitoral.com.ar\/#\/schema\/person\/f05f9f461677119578717524b127d6d5","name":"Sebastian","image":{"@type":"ImageObject","inLanguage":"es","@id":"https:\/\/secure.gravatar.com\/avatar\/b71bf7481d447dfb9583c7f2798e7cc64de6efb9067b74633ed8c31059a3bd82?s=96&d=mm&r=g","url":"https:\/\/secure.gravatar.com\/avatar\/b71bf7481d447dfb9583c7f2798e7cc64de6efb9067b74633ed8c31059a3bd82?s=96&d=mm&r=g","contentUrl":"https:\/\/secure.gravatar.com\/avatar\/b71bf7481d447dfb9583c7f2798e7cc64de6efb9067b74633ed8c31059a3bd82?s=96&d=mm&r=g","caption":"Sebastian"},"url":"https:\/\/informelitoral.com.ar\/author\/sebastian\/"}]}},"_links":{"self":[{"href":"https:\/\/informelitoral.com.ar\/%77%70%2d%6a%73%6f%6e\/wp\/v2\/posts\/221933","targetHints":{"allow":["GET"]}}],"collection":[{"href":"https:\/\/informelitoral.com.ar\/%77%70%2d%6a%73%6f%6e\/wp\/v2\/posts"}],"about":[{"href":"https:\/\/informelitoral.com.ar\/%77%70%2d%6a%73%6f%6e\/wp\/v2\/types\/post"}],"author":[{"embeddable":true,"href":"https:\/\/informelitoral.com.ar\/%77%70%2d%6a%73%6f%6e\/wp\/v2\/users\/8"}],"replies":[{"embeddable":true,"href":"https:\/\/informelitoral.com.ar\/%77%70%2d%6a%73%6f%6e\/wp\/v2\/comments?post=221933"}],"version-history":[{"count":0,"href":"https:\/\/informelitoral.com.ar\/%77%70%2d%6a%73%6f%6e\/wp\/v2\/posts\/221933\/revisions"}],"wp:featuredmedia":[{"embeddable":true,"href":"https:\/\/informelitoral.com.ar\/%77%70%2d%6a%73%6f%6e\/wp\/v2\/media\/107513"}],"wp:attachment":[{"href":"https:\/\/informelitoral.com.ar\/%77%70%2d%6a%73%6f%6e\/wp\/v2\/media?parent=221933"}],"wp:term":[{"taxonomy":"category","embeddable":true,"href":"https:\/\/informelitoral.com.ar\/%77%70%2d%6a%73%6f%6e\/wp\/v2\/categories?post=221933"},{"taxonomy":"post_tag","embeddable":true,"href":"https:\/\/informelitoral.com.ar\/%77%70%2d%6a%73%6f%6e\/wp\/v2\/tags?post=221933"}],"curies":[{"name":"wp","href":"https:\/\/api.w.org\/{rel}","templated":true}]}}