{"id":221918,"date":"2025-05-26T13:51:38","date_gmt":"2025-05-26T16:51:38","guid":{"rendered":"https:\/\/informelitoral.com.ar\/?p=221918"},"modified":"2025-05-26T20:49:32","modified_gmt":"2025-05-26T23:49:32","slug":"ater-aprobo-los-nuevos-valores-del-aforo-vehicular-para-el-impuesto-automotor-2025","status":"publish","type":"post","link":"https:\/\/informelitoral.com.ar\/ater-aprobo-los-nuevos-valores-del-aforo-vehicular-para-el-impuesto-automotor-2025\/","title":{"rendered":"ATER aprob\u00f3 los nuevos valores del aforo vehicular para el Impuesto Automotor 2025"},"content":{"rendered":"<p>ATER public\u00f3 una resoluci\u00f3n que impacta directamente en el c\u00e1lculo del Impuesto a los Automotores para el a\u00f1o fiscal 2025. Se trata de una ampliaci\u00f3n de la ya existente Resoluci\u00f3n N\u00b0 044\/2025 ATER, que busca\u00a0<strong>actualizar los valores de aforo<\/strong>\u00a0de los veh\u00edculos, incorporando especialmente a las unidades m\u00e1s nuevas que se sumaron al parque automotor entrerriano.<\/p>\n<p>La resoluci\u00f3n explica que la necesidad de esta actualizaci\u00f3n surge debido a que \u00abse ha[n] incorporado al parque automotor de la Provincia nuevas unidades que carecen de Valor de Aforo\u00bb. Por lo tanto, ha resultado \u00abnecesario ampliar el alcance de la norma citada en el Visto, estableciendo un valor uniforme respecto de los veh\u00edculos de igual marca, tipo y modelo\u00bb.<\/p>\n<h2><strong>La Resoluci\u00f3n fue publicada en el Bolet\u00edn Oficial N\u00ba 28.101.<\/strong><\/h2>\n<p>Los\u00a0<strong>valores de aforo<\/strong>, que representan el valor fiscal de cada veh\u00edculo, se adecuan a los precios de mercado vigentes. La resoluci\u00f3n detalla que estos valores se establecen \u00abteniendo en cuenta la tabla de valuaciones de la Direcci\u00f3n Nacional de los Registros Nacionales de la Propiedad del Automotor y Cr\u00e9ditos Prendarios\u00bb. Una vez determinados estos valores, se les aplicar\u00e1n las\u00a0<strong>al\u00edcuotas<\/strong>\u00a0(porcentajes de c\u00e1lculo) dispuestas en la Ley Impositiva N\u00b0 9622 para definir el monto final del Impuesto a los Automotores.<\/p>\n","protected":false},"excerpt":{"rendered":"<p>La Administradora Tributaria de Entre R\u00edos (ATER) emiti\u00f3 una nueva resoluci\u00f3n para incorporar al padr\u00f3n fiscal a los veh\u00edculos m\u00e1s recientes y asegurar el c\u00e1lculo correcto del impuesto anual.<\/p>\n","protected":false},"author":8,"featured_media":68358,"comment_status":"open","ping_status":"open","sticky":false,"template":"","format":"standard","meta":{"fifu_image_url":"","fifu_image_alt":"","footnotes":""},"categories":[6],"tags":[591,5759],"class_list":{"0":"post-221918","1":"post","2":"type-post","3":"status-publish","4":"format-standard","5":"has-post-thumbnail","7":"category-entre-rios","8":"tag-ater","9":"tag-impuesto-del-automor"},"yoast_head":"<title>ATER aprob\u00f3 los nuevos valores del aforo vehicular para el Impuesto Automotor 2025 - Informe Litoral<\/title>\n<meta name=\"robots\" content=\"index, follow, max-snippet:-1, max-image-preview:large, max-video-preview:-1\" \/>\n<link rel=\"canonical\" href=\"https:\/\/informelitoral.com.ar\/ater-aprobo-los-nuevos-valores-del-aforo-vehicular-para-el-impuesto-automotor-2025\/\" \/>\n<meta property=\"og:locale\" content=\"es_ES\" \/>\n<meta property=\"og:type\" content=\"article\" \/>\n<meta property=\"og:title\" content=\"ATER aprob\u00f3 los nuevos valores del aforo vehicular para el Impuesto Automotor 2025 - Informe Litoral\" \/>\n<meta property=\"og:description\" content=\"La Administradora Tributaria de Entre R\u00edos (ATER) emiti\u00f3 una nueva resoluci\u00f3n para incorporar al padr\u00f3n fiscal a los veh\u00edculos m\u00e1s recientes y asegurar el c\u00e1lculo correcto del impuesto anual.\" \/>\n<meta property=\"og:url\" content=\"https:\/\/informelitoral.com.ar\/ater-aprobo-los-nuevos-valores-del-aforo-vehicular-para-el-impuesto-automotor-2025\/\" \/>\n<meta property=\"og:site_name\" content=\"Informe Litoral\" \/>\n<meta property=\"article:publisher\" content=\"https:\/\/www.facebook.com\/informelitoral\/\" \/>\n<meta property=\"article:published_time\" content=\"2025-05-26T16:51:38+00:00\" \/>\n<meta property=\"article:modified_time\" content=\"2025-05-26T23:49:32+00:00\" \/>\n<meta property=\"og:image\" content=\"https:\/\/informelitoral.com.ar\/%77%70%2d%63%6f%6e%74%65%6e%74\/uploads\/2021\/12\/ater.jpg\" \/>\n\t<meta property=\"og:image:width\" content=\"1920\" \/>\n\t<meta property=\"og:image:height\" content=\"800\" \/>\n\t<meta property=\"og:image:type\" content=\"image\/jpeg\" \/>\n<meta name=\"author\" content=\"Sebastian\" \/>\n<meta name=\"twitter:card\" content=\"summary_large_image\" \/>\n<meta name=\"twitter:creator\" content=\"@InformeLitoral\" \/>\n<meta name=\"twitter:site\" content=\"@InformeLitoral\" \/>\n<meta name=\"twitter:label1\" content=\"Escrito por\" \/>\n\t<meta name=\"twitter:data1\" content=\"Sebastian\" \/>\n\t<meta name=\"twitter:label2\" content=\"Tiempo de lectura\" \/>\n\t<meta name=\"twitter:data2\" content=\"2 minutos\" \/>\n<script type=\"application\/ld+json\" class=\"yoast-schema-graph\">{\"@context\":\"https:\\\/\\\/schema.org\",\"@graph\":[{\"@type\":\"Article\",\"@id\":\"https:\\\/\\\/informelitoral.com.ar\\\/ater-aprobo-los-nuevos-valores-del-aforo-vehicular-para-el-impuesto-automotor-2025\\\/#article\",\"isPartOf\":{\"@id\":\"https:\\\/\\\/informelitoral.com.ar\\\/ater-aprobo-los-nuevos-valores-del-aforo-vehicular-para-el-impuesto-automotor-2025\\\/\"},\"author\":{\"name\":\"Sebastian\",\"@id\":\"https:\\\/\\\/informelitoral.com.ar\\\/#\\\/schema\\\/person\\\/f05f9f461677119578717524b127d6d5\"},\"headline\":\"ATER aprob\u00f3 los nuevos valores del aforo vehicular para el Impuesto Automotor 2025\",\"datePublished\":\"2025-05-26T16:51:38+00:00\",\"dateModified\":\"2025-05-26T23:49:32+00:00\",\"mainEntityOfPage\":{\"@id\":\"https:\\\/\\\/informelitoral.com.ar\\\/ater-aprobo-los-nuevos-valores-del-aforo-vehicular-para-el-impuesto-automotor-2025\\\/\"},\"wordCount\":236,\"commentCount\":0,\"publisher\":{\"@id\":\"https:\\\/\\\/informelitoral.com.ar\\\/#organization\"},\"image\":{\"@id\":\"https:\\\/\\\/informelitoral.com.ar\\\/ater-aprobo-los-nuevos-valores-del-aforo-vehicular-para-el-impuesto-automotor-2025\\\/#primaryimage\"},\"thumbnailUrl\":\"https:\\\/\\\/informelitoral.com.ar\\\/%77%70%2d%63%6f%6e%74%65%6e%74\\\/uploads\\\/2021\\\/12\\\/ater.jpg\",\"keywords\":[\"ATER\",\"Impuesto del Automor\"],\"articleSection\":[\"Entre R\u00edos\"],\"inLanguage\":\"es\",\"potentialAction\":[{\"@type\":\"CommentAction\",\"name\":\"Comment\",\"target\":[\"https:\\\/\\\/informelitoral.com.ar\\\/ater-aprobo-los-nuevos-valores-del-aforo-vehicular-para-el-impuesto-automotor-2025\\\/#respond\"]}]},{\"@type\":\"WebPage\",\"@id\":\"https:\\\/\\\/informelitoral.com.ar\\\/ater-aprobo-los-nuevos-valores-del-aforo-vehicular-para-el-impuesto-automotor-2025\\\/\",\"url\":\"https:\\\/\\\/informelitoral.com.ar\\\/ater-aprobo-los-nuevos-valores-del-aforo-vehicular-para-el-impuesto-automotor-2025\\\/\",\"name\":\"ATER aprob\u00f3 los nuevos valores del aforo vehicular para el Impuesto Automotor 2025 - Informe Litoral\",\"isPartOf\":{\"@id\":\"https:\\\/\\\/informelitoral.com.ar\\\/#website\"},\"primaryImageOfPage\":{\"@id\":\"https:\\\/\\\/informelitoral.com.ar\\\/ater-aprobo-los-nuevos-valores-del-aforo-vehicular-para-el-impuesto-automotor-2025\\\/#primaryimage\"},\"image\":{\"@id\":\"https:\\\/\\\/informelitoral.com.ar\\\/ater-aprobo-los-nuevos-valores-del-aforo-vehicular-para-el-impuesto-automotor-2025\\\/#primaryimage\"},\"thumbnailUrl\":\"https:\\\/\\\/informelitoral.com.ar\\\/%77%70%2d%63%6f%6e%74%65%6e%74\\\/uploads\\\/2021\\\/12\\\/ater.jpg\",\"datePublished\":\"2025-05-26T16:51:38+00:00\",\"dateModified\":\"2025-05-26T23:49:32+00:00\",\"breadcrumb\":{\"@id\":\"https:\\\/\\\/informelitoral.com.ar\\\/ater-aprobo-los-nuevos-valores-del-aforo-vehicular-para-el-impuesto-automotor-2025\\\/#breadcrumb\"},\"inLanguage\":\"es\",\"potentialAction\":[{\"@type\":\"ReadAction\",\"target\":[\"https:\\\/\\\/informelitoral.com.ar\\\/ater-aprobo-los-nuevos-valores-del-aforo-vehicular-para-el-impuesto-automotor-2025\\\/\"]}]},{\"@type\":\"ImageObject\",\"inLanguage\":\"es\",\"@id\":\"https:\\\/\\\/informelitoral.com.ar\\\/ater-aprobo-los-nuevos-valores-del-aforo-vehicular-para-el-impuesto-automotor-2025\\\/#primaryimage\",\"url\":\"https:\\\/\\\/informelitoral.com.ar\\\/%77%70%2d%63%6f%6e%74%65%6e%74\\\/uploads\\\/2021\\\/12\\\/ater.jpg\",\"contentUrl\":\"https:\\\/\\\/informelitoral.com.ar\\\/%77%70%2d%63%6f%6e%74%65%6e%74\\\/uploads\\\/2021\\\/12\\\/ater.jpg\",\"width\":1920,\"height\":800},{\"@type\":\"BreadcrumbList\",\"@id\":\"https:\\\/\\\/informelitoral.com.ar\\\/ater-aprobo-los-nuevos-valores-del-aforo-vehicular-para-el-impuesto-automotor-2025\\\/#breadcrumb\",\"itemListElement\":[{\"@type\":\"ListItem\",\"position\":1,\"name\":\"Portada\",\"item\":\"https:\\\/\\\/informelitoral.com.ar\\\/\"},{\"@type\":\"ListItem\",\"position\":2,\"name\":\"ATER aprob\u00f3 los nuevos valores del aforo vehicular para el Impuesto Automotor 2025\"}]},{\"@type\":\"WebSite\",\"@id\":\"https:\\\/\\\/informelitoral.com.ar\\\/#website\",\"url\":\"https:\\\/\\\/informelitoral.com.ar\\\/\",\"name\":\"Informe Litoral\",\"description\":\"&quot;Nos informamos&quot; \",\"publisher\":{\"@id\":\"https:\\\/\\\/informelitoral.com.ar\\\/#organization\"},\"potentialAction\":[{\"@type\":\"SearchAction\",\"target\":{\"@type\":\"EntryPoint\",\"urlTemplate\":\"https:\\\/\\\/informelitoral.com.ar\\\/?s={search_term_string}\"},\"query-input\":{\"@type\":\"PropertyValueSpecification\",\"valueRequired\":true,\"valueName\":\"search_term_string\"}}],\"inLanguage\":\"es\"},{\"@type\":\"Organization\",\"@id\":\"https:\\\/\\\/informelitoral.com.ar\\\/#organization\",\"name\":\"Informe Litoral\",\"url\":\"https:\\\/\\\/informelitoral.com.ar\\\/\",\"logo\":{\"@type\":\"ImageObject\",\"inLanguage\":\"es\",\"@id\":\"https:\\\/\\\/informelitoral.com.ar\\\/#\\\/schema\\\/logo\\\/image\\\/\",\"url\":\"https:\\\/\\\/informelitoral.com.ar\\\/%77%70%2d%63%6f%6e%74%65%6e%74\\\/uploads\\\/2021\\\/01\\\/circulo.png\",\"contentUrl\":\"https:\\\/\\\/informelitoral.com.ar\\\/%77%70%2d%63%6f%6e%74%65%6e%74\\\/uploads\\\/2021\\\/01\\\/circulo.png\",\"width\":723,\"height\":731,\"caption\":\"Informe Litoral\"},\"image\":{\"@id\":\"https:\\\/\\\/informelitoral.com.ar\\\/#\\\/schema\\\/logo\\\/image\\\/\"},\"sameAs\":[\"https:\\\/\\\/www.facebook.com\\\/informelitoral\\\/\",\"https:\\\/\\\/x.com\\\/InformeLitoral\",\"https:\\\/\\\/www.instagram.com\\\/informelitoral\\\/\",\"https:\\\/\\\/www.youtube.com\\\/channel\\\/UCua4Qvz8Icb6MYqhoq9xLXw\"]},{\"@type\":\"Person\",\"@id\":\"https:\\\/\\\/informelitoral.com.ar\\\/#\\\/schema\\\/person\\\/f05f9f461677119578717524b127d6d5\",\"name\":\"Sebastian\",\"image\":{\"@type\":\"ImageObject\",\"inLanguage\":\"es\",\"@id\":\"https:\\\/\\\/secure.gravatar.com\\\/avatar\\\/b71bf7481d447dfb9583c7f2798e7cc64de6efb9067b74633ed8c31059a3bd82?s=96&d=mm&r=g\",\"url\":\"https:\\\/\\\/secure.gravatar.com\\\/avatar\\\/b71bf7481d447dfb9583c7f2798e7cc64de6efb9067b74633ed8c31059a3bd82?s=96&d=mm&r=g\",\"contentUrl\":\"https:\\\/\\\/secure.gravatar.com\\\/avatar\\\/b71bf7481d447dfb9583c7f2798e7cc64de6efb9067b74633ed8c31059a3bd82?s=96&d=mm&r=g\",\"caption\":\"Sebastian\"},\"url\":\"https:\\\/\\\/informelitoral.com.ar\\\/author\\\/sebastian\\\/\"}]}<\/script>","yoast_head_json":{"title":"ATER aprob\u00f3 los nuevos valores del aforo vehicular para el Impuesto Automotor 2025 - Informe Litoral","robots":{"index":"index","follow":"follow","max-snippet":"max-snippet:-1","max-image-preview":"max-image-preview:large","max-video-preview":"max-video-preview:-1"},"canonical":"https:\/\/informelitoral.com.ar\/ater-aprobo-los-nuevos-valores-del-aforo-vehicular-para-el-impuesto-automotor-2025\/","og_locale":"es_ES","og_type":"article","og_title":"ATER aprob\u00f3 los nuevos valores del aforo vehicular para el Impuesto Automotor 2025 - Informe Litoral","og_description":"La Administradora Tributaria de Entre R\u00edos (ATER) emiti\u00f3 una nueva resoluci\u00f3n para incorporar al padr\u00f3n fiscal a los veh\u00edculos m\u00e1s recientes y asegurar el c\u00e1lculo correcto del impuesto anual.","og_url":"https:\/\/informelitoral.com.ar\/ater-aprobo-los-nuevos-valores-del-aforo-vehicular-para-el-impuesto-automotor-2025\/","og_site_name":"Informe Litoral","article_publisher":"https:\/\/www.facebook.com\/informelitoral\/","article_published_time":"2025-05-26T16:51:38+00:00","article_modified_time":"2025-05-26T23:49:32+00:00","og_image":[{"width":1920,"height":800,"url":"https:\/\/informelitoral.com.ar\/%77%70%2d%63%6f%6e%74%65%6e%74\/uploads\/2021\/12\/ater.jpg","type":"image\/jpeg"}],"author":"Sebastian","twitter_card":"summary_large_image","twitter_creator":"@InformeLitoral","twitter_site":"@InformeLitoral","twitter_misc":{"Escrito por":"Sebastian","Tiempo de lectura":"2 minutos"},"schema":{"@context":"https:\/\/schema.org","@graph":[{"@type":"Article","@id":"https:\/\/informelitoral.com.ar\/ater-aprobo-los-nuevos-valores-del-aforo-vehicular-para-el-impuesto-automotor-2025\/#article","isPartOf":{"@id":"https:\/\/informelitoral.com.ar\/ater-aprobo-los-nuevos-valores-del-aforo-vehicular-para-el-impuesto-automotor-2025\/"},"author":{"name":"Sebastian","@id":"https:\/\/informelitoral.com.ar\/#\/schema\/person\/f05f9f461677119578717524b127d6d5"},"headline":"ATER aprob\u00f3 los nuevos valores del aforo vehicular para el Impuesto Automotor 2025","datePublished":"2025-05-26T16:51:38+00:00","dateModified":"2025-05-26T23:49:32+00:00","mainEntityOfPage":{"@id":"https:\/\/informelitoral.com.ar\/ater-aprobo-los-nuevos-valores-del-aforo-vehicular-para-el-impuesto-automotor-2025\/"},"wordCount":236,"commentCount":0,"publisher":{"@id":"https:\/\/informelitoral.com.ar\/#organization"},"image":{"@id":"https:\/\/informelitoral.com.ar\/ater-aprobo-los-nuevos-valores-del-aforo-vehicular-para-el-impuesto-automotor-2025\/#primaryimage"},"thumbnailUrl":"https:\/\/informelitoral.com.ar\/%77%70%2d%63%6f%6e%74%65%6e%74\/uploads\/2021\/12\/ater.jpg","keywords":["ATER","Impuesto del Automor"],"articleSection":["Entre R\u00edos"],"inLanguage":"es","potentialAction":[{"@type":"CommentAction","name":"Comment","target":["https:\/\/informelitoral.com.ar\/ater-aprobo-los-nuevos-valores-del-aforo-vehicular-para-el-impuesto-automotor-2025\/#respond"]}]},{"@type":"WebPage","@id":"https:\/\/informelitoral.com.ar\/ater-aprobo-los-nuevos-valores-del-aforo-vehicular-para-el-impuesto-automotor-2025\/","url":"https:\/\/informelitoral.com.ar\/ater-aprobo-los-nuevos-valores-del-aforo-vehicular-para-el-impuesto-automotor-2025\/","name":"ATER aprob\u00f3 los nuevos valores del aforo vehicular para el Impuesto Automotor 2025 - Informe Litoral","isPartOf":{"@id":"https:\/\/informelitoral.com.ar\/#website"},"primaryImageOfPage":{"@id":"https:\/\/informelitoral.com.ar\/ater-aprobo-los-nuevos-valores-del-aforo-vehicular-para-el-impuesto-automotor-2025\/#primaryimage"},"image":{"@id":"https:\/\/informelitoral.com.ar\/ater-aprobo-los-nuevos-valores-del-aforo-vehicular-para-el-impuesto-automotor-2025\/#primaryimage"},"thumbnailUrl":"https:\/\/informelitoral.com.ar\/%77%70%2d%63%6f%6e%74%65%6e%74\/uploads\/2021\/12\/ater.jpg","datePublished":"2025-05-26T16:51:38+00:00","dateModified":"2025-05-26T23:49:32+00:00","breadcrumb":{"@id":"https:\/\/informelitoral.com.ar\/ater-aprobo-los-nuevos-valores-del-aforo-vehicular-para-el-impuesto-automotor-2025\/#breadcrumb"},"inLanguage":"es","potentialAction":[{"@type":"ReadAction","target":["https:\/\/informelitoral.com.ar\/ater-aprobo-los-nuevos-valores-del-aforo-vehicular-para-el-impuesto-automotor-2025\/"]}]},{"@type":"ImageObject","inLanguage":"es","@id":"https:\/\/informelitoral.com.ar\/ater-aprobo-los-nuevos-valores-del-aforo-vehicular-para-el-impuesto-automotor-2025\/#primaryimage","url":"https:\/\/informelitoral.com.ar\/%77%70%2d%63%6f%6e%74%65%6e%74\/uploads\/2021\/12\/ater.jpg","contentUrl":"https:\/\/informelitoral.com.ar\/%77%70%2d%63%6f%6e%74%65%6e%74\/uploads\/2021\/12\/ater.jpg","width":1920,"height":800},{"@type":"BreadcrumbList","@id":"https:\/\/informelitoral.com.ar\/ater-aprobo-los-nuevos-valores-del-aforo-vehicular-para-el-impuesto-automotor-2025\/#breadcrumb","itemListElement":[{"@type":"ListItem","position":1,"name":"Portada","item":"https:\/\/informelitoral.com.ar\/"},{"@type":"ListItem","position":2,"name":"ATER aprob\u00f3 los nuevos valores del aforo vehicular para el Impuesto Automotor 2025"}]},{"@type":"WebSite","@id":"https:\/\/informelitoral.com.ar\/#website","url":"https:\/\/informelitoral.com.ar\/","name":"Informe Litoral","description":"&quot;Nos informamos&quot; ","publisher":{"@id":"https:\/\/informelitoral.com.ar\/#organization"},"potentialAction":[{"@type":"SearchAction","target":{"@type":"EntryPoint","urlTemplate":"https:\/\/informelitoral.com.ar\/?s={search_term_string}"},"query-input":{"@type":"PropertyValueSpecification","valueRequired":true,"valueName":"search_term_string"}}],"inLanguage":"es"},{"@type":"Organization","@id":"https:\/\/informelitoral.com.ar\/#organization","name":"Informe Litoral","url":"https:\/\/informelitoral.com.ar\/","logo":{"@type":"ImageObject","inLanguage":"es","@id":"https:\/\/informelitoral.com.ar\/#\/schema\/logo\/image\/","url":"https:\/\/informelitoral.com.ar\/%77%70%2d%63%6f%6e%74%65%6e%74\/uploads\/2021\/01\/circulo.png","contentUrl":"https:\/\/informelitoral.com.ar\/%77%70%2d%63%6f%6e%74%65%6e%74\/uploads\/2021\/01\/circulo.png","width":723,"height":731,"caption":"Informe Litoral"},"image":{"@id":"https:\/\/informelitoral.com.ar\/#\/schema\/logo\/image\/"},"sameAs":["https:\/\/www.facebook.com\/informelitoral\/","https:\/\/x.com\/InformeLitoral","https:\/\/www.instagram.com\/informelitoral\/","https:\/\/www.youtube.com\/channel\/UCua4Qvz8Icb6MYqhoq9xLXw"]},{"@type":"Person","@id":"https:\/\/informelitoral.com.ar\/#\/schema\/person\/f05f9f461677119578717524b127d6d5","name":"Sebastian","image":{"@type":"ImageObject","inLanguage":"es","@id":"https:\/\/secure.gravatar.com\/avatar\/b71bf7481d447dfb9583c7f2798e7cc64de6efb9067b74633ed8c31059a3bd82?s=96&d=mm&r=g","url":"https:\/\/secure.gravatar.com\/avatar\/b71bf7481d447dfb9583c7f2798e7cc64de6efb9067b74633ed8c31059a3bd82?s=96&d=mm&r=g","contentUrl":"https:\/\/secure.gravatar.com\/avatar\/b71bf7481d447dfb9583c7f2798e7cc64de6efb9067b74633ed8c31059a3bd82?s=96&d=mm&r=g","caption":"Sebastian"},"url":"https:\/\/informelitoral.com.ar\/author\/sebastian\/"}]}},"_links":{"self":[{"href":"https:\/\/informelitoral.com.ar\/%77%70%2d%6a%73%6f%6e\/wp\/v2\/posts\/221918","targetHints":{"allow":["GET"]}}],"collection":[{"href":"https:\/\/informelitoral.com.ar\/%77%70%2d%6a%73%6f%6e\/wp\/v2\/posts"}],"about":[{"href":"https:\/\/informelitoral.com.ar\/%77%70%2d%6a%73%6f%6e\/wp\/v2\/types\/post"}],"author":[{"embeddable":true,"href":"https:\/\/informelitoral.com.ar\/%77%70%2d%6a%73%6f%6e\/wp\/v2\/users\/8"}],"replies":[{"embeddable":true,"href":"https:\/\/informelitoral.com.ar\/%77%70%2d%6a%73%6f%6e\/wp\/v2\/comments?post=221918"}],"version-history":[{"count":0,"href":"https:\/\/informelitoral.com.ar\/%77%70%2d%6a%73%6f%6e\/wp\/v2\/posts\/221918\/revisions"}],"wp:featuredmedia":[{"embeddable":true,"href":"https:\/\/informelitoral.com.ar\/%77%70%2d%6a%73%6f%6e\/wp\/v2\/media\/68358"}],"wp:attachment":[{"href":"https:\/\/informelitoral.com.ar\/%77%70%2d%6a%73%6f%6e\/wp\/v2\/media?parent=221918"}],"wp:term":[{"taxonomy":"category","embeddable":true,"href":"https:\/\/informelitoral.com.ar\/%77%70%2d%6a%73%6f%6e\/wp\/v2\/categories?post=221918"},{"taxonomy":"post_tag","embeddable":true,"href":"https:\/\/informelitoral.com.ar\/%77%70%2d%6a%73%6f%6e\/wp\/v2\/tags?post=221918"}],"curies":[{"name":"wp","href":"https:\/\/api.w.org\/{rel}","templated":true}]}}