{"id":221900,"date":"2025-05-26T11:19:59","date_gmt":"2025-05-26T14:19:59","guid":{"rendered":"https:\/\/informelitoral.com.ar\/?p=221900"},"modified":"2025-05-26T21:09:26","modified_gmt":"2025-05-27T00:09:26","slug":"el-centro-de-educacion-fisica-de-diamante-celebro-su-decimo-aniversario-con-una-muestra-de-actividades","status":"publish","type":"post","link":"https:\/\/informelitoral.com.ar\/el-centro-de-educacion-fisica-de-diamante-celebro-su-decimo-aniversario-con-una-muestra-de-actividades\/","title":{"rendered":"El Centro de Educaci\u00f3n F\u00edsica de Diamante celebr\u00f3 su d\u00e9cimo aniversario con una muestra de actividades"},"content":{"rendered":"<p>La coordinadora del CEF, <strong>Gisela Kozel<\/strong>, destac\u00f3 que el Centro cuenta con un grupo de profesores de educaci\u00f3n f\u00edsica que para fueron adjudicados por concurso que cada dos a\u00f1os deben presentar un proyecto y desarrollan tareas durante todo el a\u00f1o. \u00abEn vacaciones de invierno realizamos propuestas abiertas a la comunidad, y en verano trabajamos como colonia de vacaciones en el complejo de piletas\u00bb, precis\u00f3.<\/p>\n<p>El CEF se acord\u00f3 en un convenio de colaboraci\u00f3n entre el CGE y la municipalidad de Diamante el 7 de abril del 2015; y fue creado el 6 de mayo de ese a\u00f1o, seg\u00fan Resoluci\u00f3n N\u00b0 1365 del CGE, con el objetivo de fomentar la oferta de acceso a la actividad f\u00edsica y deportiva, recreativa y vida en la naturaleza de toda la comunidad, priorizando los sectores m\u00e1s vulnerables. En el \u00e1mbito municipal est\u00e1 regulado seg\u00fan la Ordenanza N\u00b0 1315\/2016.<\/p>\n<p>Actualmente el CEF tiene m\u00e1s de 120 alumnos que van desde los 4 a\u00f1os hasta los 80 con adultos mayores y funciona con talleres de handball, v\u00f3ley, b\u00e1squet, iniciaci\u00f3n deportiva, y gimnasia de adultos.<\/p>\n<p>En la ceremonia que se realiz\u00f3 en el Club Deportivo Strobel, particip\u00f3 la Banda Tambor de Tacuar\u00ed, Juan Cruz Zapata y equipo. El staff de profesores est\u00e1 integrado por Cristian Sierra que da los talleres de b\u00e1squet y v\u00f3ley; Andr\u00e9s Rau de iniciaci\u00f3n deportiva; Nicol\u00e1s Garioni, handball, y N\u00e9stor Fern\u00e1ndez con actividades para adultos mayores.<\/p>\n<p>De la muestra participaron el intendente Ezio Gieco; la coordinadora del CEF, Gisela Kozel; el director de Deportes, Juan Pablo Leonetti; el concejal Guillermo Fuchs, y los diputados provinciales Lenico Aranda y Silvina Decco, entre otras autoridades.<\/p>\n","protected":false},"excerpt":{"rendered":"<p>Con una ceremonia el Centro de Educaci\u00f3n F\u00edsica (CEF) N\u00b0 25 de Diamante celebr\u00f3 los 10 a\u00f1os de su creaci\u00f3n en un trabajo articulado entre el Consejo General de Educaci\u00f3n (CGE) y la municipalidad de Diamante.<\/p>\n","protected":false},"author":8,"featured_media":221901,"comment_status":"open","ping_status":"open","sticky":false,"template":"","format":"standard","meta":{"fifu_image_url":"","fifu_image_alt":"","footnotes":""},"categories":[4588],"tags":[34],"class_list":{"0":"post-221900","1":"post","2":"type-post","3":"status-publish","4":"format-standard","5":"has-post-thumbnail","7":"category-diamante","8":"tag-diamante"},"yoast_head":"<title>El Centro de Educaci\u00f3n F\u00edsica de Diamante celebr\u00f3 su d\u00e9cimo aniversario con una muestra de actividades - Informe Litoral<\/title>\n<meta name=\"robots\" content=\"index, follow, max-snippet:-1, max-image-preview:large, max-video-preview:-1\" \/>\n<link rel=\"canonical\" href=\"https:\/\/informelitoral.com.ar\/el-centro-de-educacion-fisica-de-diamante-celebro-su-decimo-aniversario-con-una-muestra-de-actividades\/\" \/>\n<meta property=\"og:locale\" content=\"es_ES\" \/>\n<meta property=\"og:type\" content=\"article\" \/>\n<meta property=\"og:title\" content=\"El Centro de Educaci\u00f3n F\u00edsica de Diamante celebr\u00f3 su d\u00e9cimo aniversario con una muestra de actividades - Informe Litoral\" \/>\n<meta property=\"og:description\" content=\"Con una ceremonia el Centro de Educaci\u00f3n F\u00edsica (CEF) N\u00b0 25 de Diamante celebr\u00f3 los 10 a\u00f1os de su creaci\u00f3n en un trabajo articulado entre el Consejo General de Educaci\u00f3n (CGE) y la municipalidad de Diamante.\" \/>\n<meta property=\"og:url\" content=\"https:\/\/informelitoral.com.ar\/el-centro-de-educacion-fisica-de-diamante-celebro-su-decimo-aniversario-con-una-muestra-de-actividades\/\" \/>\n<meta property=\"og:site_name\" content=\"Informe Litoral\" \/>\n<meta property=\"article:publisher\" content=\"https:\/\/www.facebook.com\/informelitoral\/\" \/>\n<meta property=\"article:published_time\" content=\"2025-05-26T14:19:59+00:00\" \/>\n<meta property=\"article:modified_time\" content=\"2025-05-27T00:09:26+00:00\" \/>\n<meta property=\"og:image\" content=\"https:\/\/informelitoral.com.ar\/%77%70%2d%63%6f%6e%74%65%6e%74\/uploads\/2025\/05\/CEF-Diamante-1.jpg\" \/>\n\t<meta property=\"og:image:width\" content=\"1920\" \/>\n\t<meta property=\"og:image:height\" content=\"1280\" \/>\n\t<meta property=\"og:image:type\" content=\"image\/jpeg\" \/>\n<meta name=\"author\" content=\"Sebastian\" \/>\n<meta name=\"twitter:card\" content=\"summary_large_image\" \/>\n<meta name=\"twitter:creator\" content=\"@InformeLitoral\" \/>\n<meta name=\"twitter:site\" content=\"@InformeLitoral\" \/>\n<meta name=\"twitter:label1\" content=\"Escrito por\" \/>\n\t<meta name=\"twitter:data1\" content=\"Sebastian\" \/>\n\t<meta name=\"twitter:label2\" content=\"Tiempo de lectura\" \/>\n\t<meta name=\"twitter:data2\" content=\"2 minutos\" \/>\n<script type=\"application\/ld+json\" class=\"yoast-schema-graph\">{\"@context\":\"https:\\\/\\\/schema.org\",\"@graph\":[{\"@type\":\"Article\",\"@id\":\"https:\\\/\\\/informelitoral.com.ar\\\/el-centro-de-educacion-fisica-de-diamante-celebro-su-decimo-aniversario-con-una-muestra-de-actividades\\\/#article\",\"isPartOf\":{\"@id\":\"https:\\\/\\\/informelitoral.com.ar\\\/el-centro-de-educacion-fisica-de-diamante-celebro-su-decimo-aniversario-con-una-muestra-de-actividades\\\/\"},\"author\":{\"name\":\"Sebastian\",\"@id\":\"https:\\\/\\\/informelitoral.com.ar\\\/#\\\/schema\\\/person\\\/f05f9f461677119578717524b127d6d5\"},\"headline\":\"El Centro de Educaci\u00f3n F\u00edsica de Diamante celebr\u00f3 su d\u00e9cimo aniversario con una muestra de actividades\",\"datePublished\":\"2025-05-26T14:19:59+00:00\",\"dateModified\":\"2025-05-27T00:09:26+00:00\",\"mainEntityOfPage\":{\"@id\":\"https:\\\/\\\/informelitoral.com.ar\\\/el-centro-de-educacion-fisica-de-diamante-celebro-su-decimo-aniversario-con-una-muestra-de-actividades\\\/\"},\"wordCount\":304,\"commentCount\":0,\"publisher\":{\"@id\":\"https:\\\/\\\/informelitoral.com.ar\\\/#organization\"},\"image\":{\"@id\":\"https:\\\/\\\/informelitoral.com.ar\\\/el-centro-de-educacion-fisica-de-diamante-celebro-su-decimo-aniversario-con-una-muestra-de-actividades\\\/#primaryimage\"},\"thumbnailUrl\":\"https:\\\/\\\/informelitoral.com.ar\\\/%77%70%2d%63%6f%6e%74%65%6e%74\\\/uploads\\\/2025\\\/05\\\/CEF-Diamante-1.jpg\",\"keywords\":[\"Diamante\"],\"articleSection\":[\"Diamante\"],\"inLanguage\":\"es\",\"potentialAction\":[{\"@type\":\"CommentAction\",\"name\":\"Comment\",\"target\":[\"https:\\\/\\\/informelitoral.com.ar\\\/el-centro-de-educacion-fisica-de-diamante-celebro-su-decimo-aniversario-con-una-muestra-de-actividades\\\/#respond\"]}]},{\"@type\":\"WebPage\",\"@id\":\"https:\\\/\\\/informelitoral.com.ar\\\/el-centro-de-educacion-fisica-de-diamante-celebro-su-decimo-aniversario-con-una-muestra-de-actividades\\\/\",\"url\":\"https:\\\/\\\/informelitoral.com.ar\\\/el-centro-de-educacion-fisica-de-diamante-celebro-su-decimo-aniversario-con-una-muestra-de-actividades\\\/\",\"name\":\"El Centro de Educaci\u00f3n F\u00edsica de Diamante celebr\u00f3 su d\u00e9cimo aniversario con una muestra de actividades - Informe Litoral\",\"isPartOf\":{\"@id\":\"https:\\\/\\\/informelitoral.com.ar\\\/#website\"},\"primaryImageOfPage\":{\"@id\":\"https:\\\/\\\/informelitoral.com.ar\\\/el-centro-de-educacion-fisica-de-diamante-celebro-su-decimo-aniversario-con-una-muestra-de-actividades\\\/#primaryimage\"},\"image\":{\"@id\":\"https:\\\/\\\/informelitoral.com.ar\\\/el-centro-de-educacion-fisica-de-diamante-celebro-su-decimo-aniversario-con-una-muestra-de-actividades\\\/#primaryimage\"},\"thumbnailUrl\":\"https:\\\/\\\/informelitoral.com.ar\\\/%77%70%2d%63%6f%6e%74%65%6e%74\\\/uploads\\\/2025\\\/05\\\/CEF-Diamante-1.jpg\",\"datePublished\":\"2025-05-26T14:19:59+00:00\",\"dateModified\":\"2025-05-27T00:09:26+00:00\",\"breadcrumb\":{\"@id\":\"https:\\\/\\\/informelitoral.com.ar\\\/el-centro-de-educacion-fisica-de-diamante-celebro-su-decimo-aniversario-con-una-muestra-de-actividades\\\/#breadcrumb\"},\"inLanguage\":\"es\",\"potentialAction\":[{\"@type\":\"ReadAction\",\"target\":[\"https:\\\/\\\/informelitoral.com.ar\\\/el-centro-de-educacion-fisica-de-diamante-celebro-su-decimo-aniversario-con-una-muestra-de-actividades\\\/\"]}]},{\"@type\":\"ImageObject\",\"inLanguage\":\"es\",\"@id\":\"https:\\\/\\\/informelitoral.com.ar\\\/el-centro-de-educacion-fisica-de-diamante-celebro-su-decimo-aniversario-con-una-muestra-de-actividades\\\/#primaryimage\",\"url\":\"https:\\\/\\\/informelitoral.com.ar\\\/%77%70%2d%63%6f%6e%74%65%6e%74\\\/uploads\\\/2025\\\/05\\\/CEF-Diamante-1.jpg\",\"contentUrl\":\"https:\\\/\\\/informelitoral.com.ar\\\/%77%70%2d%63%6f%6e%74%65%6e%74\\\/uploads\\\/2025\\\/05\\\/CEF-Diamante-1.jpg\",\"width\":1920,\"height\":1280},{\"@type\":\"BreadcrumbList\",\"@id\":\"https:\\\/\\\/informelitoral.com.ar\\\/el-centro-de-educacion-fisica-de-diamante-celebro-su-decimo-aniversario-con-una-muestra-de-actividades\\\/#breadcrumb\",\"itemListElement\":[{\"@type\":\"ListItem\",\"position\":1,\"name\":\"Portada\",\"item\":\"https:\\\/\\\/informelitoral.com.ar\\\/\"},{\"@type\":\"ListItem\",\"position\":2,\"name\":\"El Centro de Educaci\u00f3n F\u00edsica de Diamante celebr\u00f3 su d\u00e9cimo aniversario con una muestra de actividades\"}]},{\"@type\":\"WebSite\",\"@id\":\"https:\\\/\\\/informelitoral.com.ar\\\/#website\",\"url\":\"https:\\\/\\\/informelitoral.com.ar\\\/\",\"name\":\"Informe Litoral\",\"description\":\"&quot;Nos informamos&quot; \",\"publisher\":{\"@id\":\"https:\\\/\\\/informelitoral.com.ar\\\/#organization\"},\"potentialAction\":[{\"@type\":\"SearchAction\",\"target\":{\"@type\":\"EntryPoint\",\"urlTemplate\":\"https:\\\/\\\/informelitoral.com.ar\\\/?s={search_term_string}\"},\"query-input\":{\"@type\":\"PropertyValueSpecification\",\"valueRequired\":true,\"valueName\":\"search_term_string\"}}],\"inLanguage\":\"es\"},{\"@type\":\"Organization\",\"@id\":\"https:\\\/\\\/informelitoral.com.ar\\\/#organization\",\"name\":\"Informe Litoral\",\"url\":\"https:\\\/\\\/informelitoral.com.ar\\\/\",\"logo\":{\"@type\":\"ImageObject\",\"inLanguage\":\"es\",\"@id\":\"https:\\\/\\\/informelitoral.com.ar\\\/#\\\/schema\\\/logo\\\/image\\\/\",\"url\":\"https:\\\/\\\/informelitoral.com.ar\\\/%77%70%2d%63%6f%6e%74%65%6e%74\\\/uploads\\\/2021\\\/01\\\/circulo.png\",\"contentUrl\":\"https:\\\/\\\/informelitoral.com.ar\\\/%77%70%2d%63%6f%6e%74%65%6e%74\\\/uploads\\\/2021\\\/01\\\/circulo.png\",\"width\":723,\"height\":731,\"caption\":\"Informe Litoral\"},\"image\":{\"@id\":\"https:\\\/\\\/informelitoral.com.ar\\\/#\\\/schema\\\/logo\\\/image\\\/\"},\"sameAs\":[\"https:\\\/\\\/www.facebook.com\\\/informelitoral\\\/\",\"https:\\\/\\\/x.com\\\/InformeLitoral\",\"https:\\\/\\\/www.instagram.com\\\/informelitoral\\\/\",\"https:\\\/\\\/www.youtube.com\\\/channel\\\/UCua4Qvz8Icb6MYqhoq9xLXw\"]},{\"@type\":\"Person\",\"@id\":\"https:\\\/\\\/informelitoral.com.ar\\\/#\\\/schema\\\/person\\\/f05f9f461677119578717524b127d6d5\",\"name\":\"Sebastian\",\"image\":{\"@type\":\"ImageObject\",\"inLanguage\":\"es\",\"@id\":\"https:\\\/\\\/secure.gravatar.com\\\/avatar\\\/b71bf7481d447dfb9583c7f2798e7cc64de6efb9067b74633ed8c31059a3bd82?s=96&d=mm&r=g\",\"url\":\"https:\\\/\\\/secure.gravatar.com\\\/avatar\\\/b71bf7481d447dfb9583c7f2798e7cc64de6efb9067b74633ed8c31059a3bd82?s=96&d=mm&r=g\",\"contentUrl\":\"https:\\\/\\\/secure.gravatar.com\\\/avatar\\\/b71bf7481d447dfb9583c7f2798e7cc64de6efb9067b74633ed8c31059a3bd82?s=96&d=mm&r=g\",\"caption\":\"Sebastian\"},\"url\":\"https:\\\/\\\/informelitoral.com.ar\\\/author\\\/sebastian\\\/\"}]}<\/script>","yoast_head_json":{"title":"El Centro de Educaci\u00f3n F\u00edsica de Diamante celebr\u00f3 su d\u00e9cimo aniversario con una muestra de actividades - Informe Litoral","robots":{"index":"index","follow":"follow","max-snippet":"max-snippet:-1","max-image-preview":"max-image-preview:large","max-video-preview":"max-video-preview:-1"},"canonical":"https:\/\/informelitoral.com.ar\/el-centro-de-educacion-fisica-de-diamante-celebro-su-decimo-aniversario-con-una-muestra-de-actividades\/","og_locale":"es_ES","og_type":"article","og_title":"El Centro de Educaci\u00f3n F\u00edsica de Diamante celebr\u00f3 su d\u00e9cimo aniversario con una muestra de actividades - Informe Litoral","og_description":"Con una ceremonia el Centro de Educaci\u00f3n F\u00edsica (CEF) N\u00b0 25 de Diamante celebr\u00f3 los 10 a\u00f1os de su creaci\u00f3n en un trabajo articulado entre el Consejo General de Educaci\u00f3n (CGE) y la municipalidad de Diamante.","og_url":"https:\/\/informelitoral.com.ar\/el-centro-de-educacion-fisica-de-diamante-celebro-su-decimo-aniversario-con-una-muestra-de-actividades\/","og_site_name":"Informe Litoral","article_publisher":"https:\/\/www.facebook.com\/informelitoral\/","article_published_time":"2025-05-26T14:19:59+00:00","article_modified_time":"2025-05-27T00:09:26+00:00","og_image":[{"width":1920,"height":1280,"url":"https:\/\/informelitoral.com.ar\/%77%70%2d%63%6f%6e%74%65%6e%74\/uploads\/2025\/05\/CEF-Diamante-1.jpg","type":"image\/jpeg"}],"author":"Sebastian","twitter_card":"summary_large_image","twitter_creator":"@InformeLitoral","twitter_site":"@InformeLitoral","twitter_misc":{"Escrito por":"Sebastian","Tiempo de lectura":"2 minutos"},"schema":{"@context":"https:\/\/schema.org","@graph":[{"@type":"Article","@id":"https:\/\/informelitoral.com.ar\/el-centro-de-educacion-fisica-de-diamante-celebro-su-decimo-aniversario-con-una-muestra-de-actividades\/#article","isPartOf":{"@id":"https:\/\/informelitoral.com.ar\/el-centro-de-educacion-fisica-de-diamante-celebro-su-decimo-aniversario-con-una-muestra-de-actividades\/"},"author":{"name":"Sebastian","@id":"https:\/\/informelitoral.com.ar\/#\/schema\/person\/f05f9f461677119578717524b127d6d5"},"headline":"El Centro de Educaci\u00f3n F\u00edsica de Diamante celebr\u00f3 su d\u00e9cimo aniversario con una muestra de actividades","datePublished":"2025-05-26T14:19:59+00:00","dateModified":"2025-05-27T00:09:26+00:00","mainEntityOfPage":{"@id":"https:\/\/informelitoral.com.ar\/el-centro-de-educacion-fisica-de-diamante-celebro-su-decimo-aniversario-con-una-muestra-de-actividades\/"},"wordCount":304,"commentCount":0,"publisher":{"@id":"https:\/\/informelitoral.com.ar\/#organization"},"image":{"@id":"https:\/\/informelitoral.com.ar\/el-centro-de-educacion-fisica-de-diamante-celebro-su-decimo-aniversario-con-una-muestra-de-actividades\/#primaryimage"},"thumbnailUrl":"https:\/\/informelitoral.com.ar\/%77%70%2d%63%6f%6e%74%65%6e%74\/uploads\/2025\/05\/CEF-Diamante-1.jpg","keywords":["Diamante"],"articleSection":["Diamante"],"inLanguage":"es","potentialAction":[{"@type":"CommentAction","name":"Comment","target":["https:\/\/informelitoral.com.ar\/el-centro-de-educacion-fisica-de-diamante-celebro-su-decimo-aniversario-con-una-muestra-de-actividades\/#respond"]}]},{"@type":"WebPage","@id":"https:\/\/informelitoral.com.ar\/el-centro-de-educacion-fisica-de-diamante-celebro-su-decimo-aniversario-con-una-muestra-de-actividades\/","url":"https:\/\/informelitoral.com.ar\/el-centro-de-educacion-fisica-de-diamante-celebro-su-decimo-aniversario-con-una-muestra-de-actividades\/","name":"El Centro de Educaci\u00f3n F\u00edsica de Diamante celebr\u00f3 su d\u00e9cimo aniversario con una muestra de actividades - Informe Litoral","isPartOf":{"@id":"https:\/\/informelitoral.com.ar\/#website"},"primaryImageOfPage":{"@id":"https:\/\/informelitoral.com.ar\/el-centro-de-educacion-fisica-de-diamante-celebro-su-decimo-aniversario-con-una-muestra-de-actividades\/#primaryimage"},"image":{"@id":"https:\/\/informelitoral.com.ar\/el-centro-de-educacion-fisica-de-diamante-celebro-su-decimo-aniversario-con-una-muestra-de-actividades\/#primaryimage"},"thumbnailUrl":"https:\/\/informelitoral.com.ar\/%77%70%2d%63%6f%6e%74%65%6e%74\/uploads\/2025\/05\/CEF-Diamante-1.jpg","datePublished":"2025-05-26T14:19:59+00:00","dateModified":"2025-05-27T00:09:26+00:00","breadcrumb":{"@id":"https:\/\/informelitoral.com.ar\/el-centro-de-educacion-fisica-de-diamante-celebro-su-decimo-aniversario-con-una-muestra-de-actividades\/#breadcrumb"},"inLanguage":"es","potentialAction":[{"@type":"ReadAction","target":["https:\/\/informelitoral.com.ar\/el-centro-de-educacion-fisica-de-diamante-celebro-su-decimo-aniversario-con-una-muestra-de-actividades\/"]}]},{"@type":"ImageObject","inLanguage":"es","@id":"https:\/\/informelitoral.com.ar\/el-centro-de-educacion-fisica-de-diamante-celebro-su-decimo-aniversario-con-una-muestra-de-actividades\/#primaryimage","url":"https:\/\/informelitoral.com.ar\/%77%70%2d%63%6f%6e%74%65%6e%74\/uploads\/2025\/05\/CEF-Diamante-1.jpg","contentUrl":"https:\/\/informelitoral.com.ar\/%77%70%2d%63%6f%6e%74%65%6e%74\/uploads\/2025\/05\/CEF-Diamante-1.jpg","width":1920,"height":1280},{"@type":"BreadcrumbList","@id":"https:\/\/informelitoral.com.ar\/el-centro-de-educacion-fisica-de-diamante-celebro-su-decimo-aniversario-con-una-muestra-de-actividades\/#breadcrumb","itemListElement":[{"@type":"ListItem","position":1,"name":"Portada","item":"https:\/\/informelitoral.com.ar\/"},{"@type":"ListItem","position":2,"name":"El Centro de Educaci\u00f3n F\u00edsica de Diamante celebr\u00f3 su d\u00e9cimo aniversario con una muestra de actividades"}]},{"@type":"WebSite","@id":"https:\/\/informelitoral.com.ar\/#website","url":"https:\/\/informelitoral.com.ar\/","name":"Informe Litoral","description":"&quot;Nos informamos&quot; ","publisher":{"@id":"https:\/\/informelitoral.com.ar\/#organization"},"potentialAction":[{"@type":"SearchAction","target":{"@type":"EntryPoint","urlTemplate":"https:\/\/informelitoral.com.ar\/?s={search_term_string}"},"query-input":{"@type":"PropertyValueSpecification","valueRequired":true,"valueName":"search_term_string"}}],"inLanguage":"es"},{"@type":"Organization","@id":"https:\/\/informelitoral.com.ar\/#organization","name":"Informe Litoral","url":"https:\/\/informelitoral.com.ar\/","logo":{"@type":"ImageObject","inLanguage":"es","@id":"https:\/\/informelitoral.com.ar\/#\/schema\/logo\/image\/","url":"https:\/\/informelitoral.com.ar\/%77%70%2d%63%6f%6e%74%65%6e%74\/uploads\/2021\/01\/circulo.png","contentUrl":"https:\/\/informelitoral.com.ar\/%77%70%2d%63%6f%6e%74%65%6e%74\/uploads\/2021\/01\/circulo.png","width":723,"height":731,"caption":"Informe Litoral"},"image":{"@id":"https:\/\/informelitoral.com.ar\/#\/schema\/logo\/image\/"},"sameAs":["https:\/\/www.facebook.com\/informelitoral\/","https:\/\/x.com\/InformeLitoral","https:\/\/www.instagram.com\/informelitoral\/","https:\/\/www.youtube.com\/channel\/UCua4Qvz8Icb6MYqhoq9xLXw"]},{"@type":"Person","@id":"https:\/\/informelitoral.com.ar\/#\/schema\/person\/f05f9f461677119578717524b127d6d5","name":"Sebastian","image":{"@type":"ImageObject","inLanguage":"es","@id":"https:\/\/secure.gravatar.com\/avatar\/b71bf7481d447dfb9583c7f2798e7cc64de6efb9067b74633ed8c31059a3bd82?s=96&d=mm&r=g","url":"https:\/\/secure.gravatar.com\/avatar\/b71bf7481d447dfb9583c7f2798e7cc64de6efb9067b74633ed8c31059a3bd82?s=96&d=mm&r=g","contentUrl":"https:\/\/secure.gravatar.com\/avatar\/b71bf7481d447dfb9583c7f2798e7cc64de6efb9067b74633ed8c31059a3bd82?s=96&d=mm&r=g","caption":"Sebastian"},"url":"https:\/\/informelitoral.com.ar\/author\/sebastian\/"}]}},"_links":{"self":[{"href":"https:\/\/informelitoral.com.ar\/%77%70%2d%6a%73%6f%6e\/wp\/v2\/posts\/221900","targetHints":{"allow":["GET"]}}],"collection":[{"href":"https:\/\/informelitoral.com.ar\/%77%70%2d%6a%73%6f%6e\/wp\/v2\/posts"}],"about":[{"href":"https:\/\/informelitoral.com.ar\/%77%70%2d%6a%73%6f%6e\/wp\/v2\/types\/post"}],"author":[{"embeddable":true,"href":"https:\/\/informelitoral.com.ar\/%77%70%2d%6a%73%6f%6e\/wp\/v2\/users\/8"}],"replies":[{"embeddable":true,"href":"https:\/\/informelitoral.com.ar\/%77%70%2d%6a%73%6f%6e\/wp\/v2\/comments?post=221900"}],"version-history":[{"count":0,"href":"https:\/\/informelitoral.com.ar\/%77%70%2d%6a%73%6f%6e\/wp\/v2\/posts\/221900\/revisions"}],"wp:featuredmedia":[{"embeddable":true,"href":"https:\/\/informelitoral.com.ar\/%77%70%2d%6a%73%6f%6e\/wp\/v2\/media\/221901"}],"wp:attachment":[{"href":"https:\/\/informelitoral.com.ar\/%77%70%2d%6a%73%6f%6e\/wp\/v2\/media?parent=221900"}],"wp:term":[{"taxonomy":"category","embeddable":true,"href":"https:\/\/informelitoral.com.ar\/%77%70%2d%6a%73%6f%6e\/wp\/v2\/categories?post=221900"},{"taxonomy":"post_tag","embeddable":true,"href":"https:\/\/informelitoral.com.ar\/%77%70%2d%6a%73%6f%6e\/wp\/v2\/tags?post=221900"}],"curies":[{"name":"wp","href":"https:\/\/api.w.org\/{rel}","templated":true}]}}