{"id":221815,"date":"2025-05-23T07:33:10","date_gmt":"2025-05-23T10:33:10","guid":{"rendered":"https:\/\/informelitoral.com.ar\/?p=221815"},"modified":"2025-05-26T07:37:04","modified_gmt":"2025-05-26T10:37:04","slug":"estandar-unico-iniciaron-la-inspeccion-a-frigorificos-con-habilitacion-en-entre-rios","status":"publish","type":"post","link":"https:\/\/informelitoral.com.ar\/estandar-unico-iniciaron-la-inspeccion-a-frigorificos-con-habilitacion-en-entre-rios\/","title":{"rendered":"Est\u00e1ndar \u00fanico: iniciaron la inspecci\u00f3n a frigor\u00edficos con habilitaci\u00f3n en Entre R\u00edos"},"content":{"rendered":"<p>El\u00a0<strong>Senasa<\/strong>\u00a0y el Gobierno de la\u00a0<a href=\"https:\/\/www.argentina.gob.ar\/entre-rios\"><strong>provincia de Entre R\u00edos<\/strong><\/a>\u00a0iniciaron las\u00a0<strong>inspecciones en establecimientos faenadores con habilitaci\u00f3n provincial, con vistas a implementar un est\u00e1ndar sanitario unificado para optimizar las condiciones sanitarias de esos frigor\u00edficos<\/strong>\u00a0y garantizar la inocuidad de los productos c\u00e1rnicos destinados al consumo humano.<\/p>\n<p>Estas acciones, establecidas en el\u00a0<a href=\"https:\/\/www.argentina.gob.ar\/noticias\/entre-rios-chaco-y-santa-fe-tambien-trabajaran-por-un-estandar-unificado-para-sus\"><strong>acuerdo de cooperaci\u00f3n firmado entre ambos organismos<\/strong><\/a>, tiene como objetivo principal\u00a0<strong>establecer un marco sanitario com\u00fan que beneficie a la industria c\u00e1rnica de Entre R\u00edos, mejorando su posicionamiento para el tr\u00e1fico federal y a los consumidores, asegur\u00e1ndoles alimentos inocuos en sus mesas<\/strong>.<\/p>\n<p>En tal sentido, profesionales del\u00a0<strong>Centro Regional Entre R\u00edos del Senasa<\/strong>, junto a t\u00e9cnicos de la\u00a0<strong>Direcci\u00f3n General de Fiscalizaci\u00f3n provincial<\/strong>, inspeccionaron\u00a0<strong>dos establecimientos faenadores de bovinos y porcinos<\/strong>\u00a0con habilitaci\u00f3n provincial donde\u00a0<strong>evaluaron sus condiciones higi\u00e9nico-sanitarias generales, el manejo de efluentes y las condiciones exteriores de las plantas, la funcionalidad de los filtros sanitarios, corrales y playas de faena, las condiciones de las c\u00e1maras de enfriado y congelado, y el manejo de menudencias, la higiene y estado de ba\u00f1os, vestuarios y dep\u00f3sitos, la correcta documentaci\u00f3n relacionada con la calidad y la inspecci\u00f3n veterinaria<\/strong>, entre otros.<\/p>\n<p>El acuerdo establece un sistema integrado con el fin de crear una red institucional dedicada a promover el desarrollo de la calidad de las materias primas ganaderas, fomentar pr\u00e1cticas higi\u00e9nicas e inocuas, y asegurar la protecci\u00f3n de la salud p\u00fablica a trav\u00e9s de la seguridad alimentaria. Adem\u00e1s, se busca la integraci\u00f3n de todos los actores involucrados en la cadena agroalimentaria, desde la producci\u00f3n primaria hasta el consumo final, fortaleciendo la interrelaci\u00f3n entre los sectores p\u00fablico y privado.<\/p>\n","protected":false},"excerpt":{"rendered":"<p>Con los criterios uniformes, el Senasa busca garantizar la inocuidad de los alimentos que llegan al consumidor.<\/p>\n","protected":false},"author":2,"featured_media":221816,"comment_status":"open","ping_status":"open","sticky":false,"template":"","format":"standard","meta":{"fifu_image_url":"https:\/\/www.argentina.gob.ar\/sites\/default\/files\/25-05-22_er_estandar_unico_1.jpeg","fifu_image_alt":"","footnotes":""},"categories":[6],"tags":[389,81,1061,3294,204],"class_list":{"0":"post-221815","1":"post","2":"type-post","3":"status-publish","4":"format-standard","5":"has-post-thumbnail","7":"category-entre-rios","8":"tag-carne","9":"tag-entre-rios","10":"tag-frigorificos","11":"tag-sanidad-animal","12":"tag-senasa"},"yoast_head":"<title>Est\u00e1ndar \u00fanico: iniciaron la inspecci\u00f3n a frigor\u00edficos con habilitaci\u00f3n en Entre R\u00edos - Informe Litoral<\/title>\n<meta name=\"robots\" content=\"index, follow, max-snippet:-1, max-image-preview:large, max-video-preview:-1\" \/>\n<link rel=\"canonical\" href=\"https:\/\/informelitoral.com.ar\/estandar-unico-iniciaron-la-inspeccion-a-frigorificos-con-habilitacion-en-entre-rios\/\" \/>\n<meta property=\"og:locale\" content=\"es_ES\" \/>\n<meta property=\"og:type\" content=\"article\" \/>\n<meta property=\"og:title\" content=\"Est\u00e1ndar \u00fanico: iniciaron la inspecci\u00f3n a frigor\u00edficos con habilitaci\u00f3n en Entre R\u00edos - Informe Litoral\" \/>\n<meta property=\"og:description\" content=\"Con los criterios uniformes, el Senasa busca garantizar la inocuidad de los alimentos que llegan al consumidor.\" \/>\n<meta property=\"og:url\" content=\"https:\/\/informelitoral.com.ar\/estandar-unico-iniciaron-la-inspeccion-a-frigorificos-con-habilitacion-en-entre-rios\/\" \/>\n<meta property=\"og:site_name\" content=\"Informe Litoral\" \/>\n<meta property=\"article:publisher\" content=\"https:\/\/www.facebook.com\/informelitoral\/\" \/>\n<meta property=\"article:published_time\" content=\"2025-05-23T10:33:10+00:00\" \/>\n<meta property=\"article:modified_time\" content=\"2025-05-26T10:37:04+00:00\" \/>\n<meta property=\"og:image\" content=\"https:\/\/www.argentina.gob.ar\/sites\/default\/files\/25-05-22_er_estandar_unico_1.jpeg\" \/><meta property=\"og:image\" content=\"https:\/\/www.argentina.gob.ar\/sites\/default\/files\/25-05-22_er_estandar_unico_1.jpeg\" \/>\n\t<meta property=\"og:image:width\" content=\"789\" \/>\n\t<meta property=\"og:image:height\" content=\"444\" \/>\n\t<meta property=\"og:image:type\" content=\"image\/jpeg\" \/>\n<meta name=\"author\" content=\"Gonzalo Schmidt\" \/>\n<meta name=\"twitter:card\" content=\"summary_large_image\" \/>\n<meta name=\"twitter:image\" content=\"https:\/\/www.argentina.gob.ar\/sites\/default\/files\/25-05-22_er_estandar_unico_1.jpeg\" \/>\n<meta name=\"twitter:creator\" content=\"@InformeLitoral\" \/>\n<meta name=\"twitter:site\" content=\"@InformeLitoral\" \/>\n<meta name=\"twitter:label1\" content=\"Escrito por\" \/>\n\t<meta name=\"twitter:data1\" content=\"Gonzalo Schmidt\" \/>\n\t<meta name=\"twitter:label2\" content=\"Tiempo de lectura\" \/>\n\t<meta name=\"twitter:data2\" content=\"2 minutos\" \/>\n<script type=\"application\/ld+json\" class=\"yoast-schema-graph\">{\"@context\":\"https:\\\/\\\/schema.org\",\"@graph\":[{\"@type\":\"Article\",\"@id\":\"https:\\\/\\\/informelitoral.com.ar\\\/estandar-unico-iniciaron-la-inspeccion-a-frigorificos-con-habilitacion-en-entre-rios\\\/#article\",\"isPartOf\":{\"@id\":\"https:\\\/\\\/informelitoral.com.ar\\\/estandar-unico-iniciaron-la-inspeccion-a-frigorificos-con-habilitacion-en-entre-rios\\\/\"},\"author\":{\"name\":\"Gonzalo Schmidt\",\"@id\":\"https:\\\/\\\/informelitoral.com.ar\\\/#\\\/schema\\\/person\\\/b9d00407c836482871ef1d57bf8e3180\"},\"headline\":\"Est\u00e1ndar \u00fanico: iniciaron la inspecci\u00f3n a frigor\u00edficos con habilitaci\u00f3n en Entre R\u00edos\",\"datePublished\":\"2025-05-23T10:33:10+00:00\",\"dateModified\":\"2025-05-26T10:37:04+00:00\",\"mainEntityOfPage\":{\"@id\":\"https:\\\/\\\/informelitoral.com.ar\\\/estandar-unico-iniciaron-la-inspeccion-a-frigorificos-con-habilitacion-en-entre-rios\\\/\"},\"wordCount\":317,\"commentCount\":0,\"publisher\":{\"@id\":\"https:\\\/\\\/informelitoral.com.ar\\\/#organization\"},\"image\":{\"@id\":\"https:\\\/\\\/informelitoral.com.ar\\\/estandar-unico-iniciaron-la-inspeccion-a-frigorificos-con-habilitacion-en-entre-rios\\\/#primaryimage\"},\"thumbnailUrl\":\"https:\\\/\\\/www.argentina.gob.ar\\\/sites\\\/default\\\/files\\\/25-05-22_er_estandar_unico_1.jpeg\",\"keywords\":[\"Carne\",\"Entre R\u00edos\",\"Frigor\u00edficos\",\"Sanidad animal\",\"Senasa\"],\"articleSection\":[\"Entre R\u00edos\"],\"inLanguage\":\"es\",\"potentialAction\":[{\"@type\":\"CommentAction\",\"name\":\"Comment\",\"target\":[\"https:\\\/\\\/informelitoral.com.ar\\\/estandar-unico-iniciaron-la-inspeccion-a-frigorificos-con-habilitacion-en-entre-rios\\\/#respond\"]}]},{\"@type\":\"WebPage\",\"@id\":\"https:\\\/\\\/informelitoral.com.ar\\\/estandar-unico-iniciaron-la-inspeccion-a-frigorificos-con-habilitacion-en-entre-rios\\\/\",\"url\":\"https:\\\/\\\/informelitoral.com.ar\\\/estandar-unico-iniciaron-la-inspeccion-a-frigorificos-con-habilitacion-en-entre-rios\\\/\",\"name\":\"Est\u00e1ndar \u00fanico: iniciaron la inspecci\u00f3n a frigor\u00edficos con habilitaci\u00f3n en Entre R\u00edos - Informe Litoral\",\"isPartOf\":{\"@id\":\"https:\\\/\\\/informelitoral.com.ar\\\/#website\"},\"primaryImageOfPage\":{\"@id\":\"https:\\\/\\\/informelitoral.com.ar\\\/estandar-unico-iniciaron-la-inspeccion-a-frigorificos-con-habilitacion-en-entre-rios\\\/#primaryimage\"},\"image\":{\"@id\":\"https:\\\/\\\/informelitoral.com.ar\\\/estandar-unico-iniciaron-la-inspeccion-a-frigorificos-con-habilitacion-en-entre-rios\\\/#primaryimage\"},\"thumbnailUrl\":\"https:\\\/\\\/www.argentina.gob.ar\\\/sites\\\/default\\\/files\\\/25-05-22_er_estandar_unico_1.jpeg\",\"datePublished\":\"2025-05-23T10:33:10+00:00\",\"dateModified\":\"2025-05-26T10:37:04+00:00\",\"breadcrumb\":{\"@id\":\"https:\\\/\\\/informelitoral.com.ar\\\/estandar-unico-iniciaron-la-inspeccion-a-frigorificos-con-habilitacion-en-entre-rios\\\/#breadcrumb\"},\"inLanguage\":\"es\",\"potentialAction\":[{\"@type\":\"ReadAction\",\"target\":[\"https:\\\/\\\/informelitoral.com.ar\\\/estandar-unico-iniciaron-la-inspeccion-a-frigorificos-con-habilitacion-en-entre-rios\\\/\"]}]},{\"@type\":\"ImageObject\",\"inLanguage\":\"es\",\"@id\":\"https:\\\/\\\/informelitoral.com.ar\\\/estandar-unico-iniciaron-la-inspeccion-a-frigorificos-con-habilitacion-en-entre-rios\\\/#primaryimage\",\"url\":\"https:\\\/\\\/www.argentina.gob.ar\\\/sites\\\/default\\\/files\\\/25-05-22_er_estandar_unico_1.jpeg\",\"contentUrl\":\"https:\\\/\\\/www.argentina.gob.ar\\\/sites\\\/default\\\/files\\\/25-05-22_er_estandar_unico_1.jpeg\",\"width\":\"789\",\"height\":\"444\"},{\"@type\":\"BreadcrumbList\",\"@id\":\"https:\\\/\\\/informelitoral.com.ar\\\/estandar-unico-iniciaron-la-inspeccion-a-frigorificos-con-habilitacion-en-entre-rios\\\/#breadcrumb\",\"itemListElement\":[{\"@type\":\"ListItem\",\"position\":1,\"name\":\"Portada\",\"item\":\"https:\\\/\\\/informelitoral.com.ar\\\/\"},{\"@type\":\"ListItem\",\"position\":2,\"name\":\"Est\u00e1ndar \u00fanico: iniciaron la inspecci\u00f3n a frigor\u00edficos con habilitaci\u00f3n en Entre R\u00edos\"}]},{\"@type\":\"WebSite\",\"@id\":\"https:\\\/\\\/informelitoral.com.ar\\\/#website\",\"url\":\"https:\\\/\\\/informelitoral.com.ar\\\/\",\"name\":\"Informe Litoral\",\"description\":\"&quot;Nos informamos&quot; \",\"publisher\":{\"@id\":\"https:\\\/\\\/informelitoral.com.ar\\\/#organization\"},\"potentialAction\":[{\"@type\":\"SearchAction\",\"target\":{\"@type\":\"EntryPoint\",\"urlTemplate\":\"https:\\\/\\\/informelitoral.com.ar\\\/?s={search_term_string}\"},\"query-input\":{\"@type\":\"PropertyValueSpecification\",\"valueRequired\":true,\"valueName\":\"search_term_string\"}}],\"inLanguage\":\"es\"},{\"@type\":\"Organization\",\"@id\":\"https:\\\/\\\/informelitoral.com.ar\\\/#organization\",\"name\":\"Informe Litoral\",\"url\":\"https:\\\/\\\/informelitoral.com.ar\\\/\",\"logo\":{\"@type\":\"ImageObject\",\"inLanguage\":\"es\",\"@id\":\"https:\\\/\\\/informelitoral.com.ar\\\/#\\\/schema\\\/logo\\\/image\\\/\",\"url\":\"https:\\\/\\\/informelitoral.com.ar\\\/%77%70%2d%63%6f%6e%74%65%6e%74\\\/uploads\\\/2021\\\/01\\\/circulo.png\",\"contentUrl\":\"https:\\\/\\\/informelitoral.com.ar\\\/%77%70%2d%63%6f%6e%74%65%6e%74\\\/uploads\\\/2021\\\/01\\\/circulo.png\",\"width\":723,\"height\":731,\"caption\":\"Informe Litoral\"},\"image\":{\"@id\":\"https:\\\/\\\/informelitoral.com.ar\\\/#\\\/schema\\\/logo\\\/image\\\/\"},\"sameAs\":[\"https:\\\/\\\/www.facebook.com\\\/informelitoral\\\/\",\"https:\\\/\\\/x.com\\\/InformeLitoral\",\"https:\\\/\\\/www.instagram.com\\\/informelitoral\\\/\",\"https:\\\/\\\/www.youtube.com\\\/channel\\\/UCua4Qvz8Icb6MYqhoq9xLXw\"]},{\"@type\":\"Person\",\"@id\":\"https:\\\/\\\/informelitoral.com.ar\\\/#\\\/schema\\\/person\\\/b9d00407c836482871ef1d57bf8e3180\",\"name\":\"Gonzalo Schmidt\",\"image\":{\"@type\":\"ImageObject\",\"inLanguage\":\"es\",\"@id\":\"https:\\\/\\\/secure.gravatar.com\\\/avatar\\\/31a1a7b66ff2de83bd0e9fd79d026630d2d99e55e8bfe501287647b4fd9743de?s=96&d=mm&r=g\",\"url\":\"https:\\\/\\\/secure.gravatar.com\\\/avatar\\\/31a1a7b66ff2de83bd0e9fd79d026630d2d99e55e8bfe501287647b4fd9743de?s=96&d=mm&r=g\",\"contentUrl\":\"https:\\\/\\\/secure.gravatar.com\\\/avatar\\\/31a1a7b66ff2de83bd0e9fd79d026630d2d99e55e8bfe501287647b4fd9743de?s=96&d=mm&r=g\",\"caption\":\"Gonzalo Schmidt\"},\"description\":\"Sitio web de noticias de la provincia de Entre R\u00edos, Argentina. Informaci\u00f3n y entretenimiento. Informe Litoral, nos informamos.\",\"sameAs\":[\"http:\\\/\\\/www.isletasnoticias.com.ar\"],\"url\":\"https:\\\/\\\/informelitoral.com.ar\\\/author\\\/gonzalo\\\/\"}]}<\/script>","yoast_head_json":{"title":"Est\u00e1ndar \u00fanico: iniciaron la inspecci\u00f3n a frigor\u00edficos con habilitaci\u00f3n en Entre R\u00edos - Informe Litoral","robots":{"index":"index","follow":"follow","max-snippet":"max-snippet:-1","max-image-preview":"max-image-preview:large","max-video-preview":"max-video-preview:-1"},"canonical":"https:\/\/informelitoral.com.ar\/estandar-unico-iniciaron-la-inspeccion-a-frigorificos-con-habilitacion-en-entre-rios\/","og_locale":"es_ES","og_type":"article","og_title":"Est\u00e1ndar \u00fanico: iniciaron la inspecci\u00f3n a frigor\u00edficos con habilitaci\u00f3n en Entre R\u00edos - Informe Litoral","og_description":"Con los criterios uniformes, el Senasa busca garantizar la inocuidad de los alimentos que llegan al consumidor.","og_url":"https:\/\/informelitoral.com.ar\/estandar-unico-iniciaron-la-inspeccion-a-frigorificos-con-habilitacion-en-entre-rios\/","og_site_name":"Informe Litoral","article_publisher":"https:\/\/www.facebook.com\/informelitoral\/","article_published_time":"2025-05-23T10:33:10+00:00","article_modified_time":"2025-05-26T10:37:04+00:00","og_image":[{"url":"https:\/\/www.argentina.gob.ar\/sites\/default\/files\/25-05-22_er_estandar_unico_1.jpeg","type":"","width":"","height":""},{"width":789,"height":444,"url":"https:\/\/www.argentina.gob.ar\/sites\/default\/files\/25-05-22_er_estandar_unico_1.jpeg","type":"image\/jpeg"}],"author":"Gonzalo Schmidt","twitter_card":"summary_large_image","twitter_image":"https:\/\/www.argentina.gob.ar\/sites\/default\/files\/25-05-22_er_estandar_unico_1.jpeg","twitter_creator":"@InformeLitoral","twitter_site":"@InformeLitoral","twitter_misc":{"Escrito por":"Gonzalo Schmidt","Tiempo de lectura":"2 minutos"},"schema":{"@context":"https:\/\/schema.org","@graph":[{"@type":"Article","@id":"https:\/\/informelitoral.com.ar\/estandar-unico-iniciaron-la-inspeccion-a-frigorificos-con-habilitacion-en-entre-rios\/#article","isPartOf":{"@id":"https:\/\/informelitoral.com.ar\/estandar-unico-iniciaron-la-inspeccion-a-frigorificos-con-habilitacion-en-entre-rios\/"},"author":{"name":"Gonzalo Schmidt","@id":"https:\/\/informelitoral.com.ar\/#\/schema\/person\/b9d00407c836482871ef1d57bf8e3180"},"headline":"Est\u00e1ndar \u00fanico: iniciaron la inspecci\u00f3n a frigor\u00edficos con habilitaci\u00f3n en Entre R\u00edos","datePublished":"2025-05-23T10:33:10+00:00","dateModified":"2025-05-26T10:37:04+00:00","mainEntityOfPage":{"@id":"https:\/\/informelitoral.com.ar\/estandar-unico-iniciaron-la-inspeccion-a-frigorificos-con-habilitacion-en-entre-rios\/"},"wordCount":317,"commentCount":0,"publisher":{"@id":"https:\/\/informelitoral.com.ar\/#organization"},"image":{"@id":"https:\/\/informelitoral.com.ar\/estandar-unico-iniciaron-la-inspeccion-a-frigorificos-con-habilitacion-en-entre-rios\/#primaryimage"},"thumbnailUrl":"https:\/\/www.argentina.gob.ar\/sites\/default\/files\/25-05-22_er_estandar_unico_1.jpeg","keywords":["Carne","Entre R\u00edos","Frigor\u00edficos","Sanidad animal","Senasa"],"articleSection":["Entre R\u00edos"],"inLanguage":"es","potentialAction":[{"@type":"CommentAction","name":"Comment","target":["https:\/\/informelitoral.com.ar\/estandar-unico-iniciaron-la-inspeccion-a-frigorificos-con-habilitacion-en-entre-rios\/#respond"]}]},{"@type":"WebPage","@id":"https:\/\/informelitoral.com.ar\/estandar-unico-iniciaron-la-inspeccion-a-frigorificos-con-habilitacion-en-entre-rios\/","url":"https:\/\/informelitoral.com.ar\/estandar-unico-iniciaron-la-inspeccion-a-frigorificos-con-habilitacion-en-entre-rios\/","name":"Est\u00e1ndar \u00fanico: iniciaron la inspecci\u00f3n a frigor\u00edficos con habilitaci\u00f3n en Entre R\u00edos - Informe Litoral","isPartOf":{"@id":"https:\/\/informelitoral.com.ar\/#website"},"primaryImageOfPage":{"@id":"https:\/\/informelitoral.com.ar\/estandar-unico-iniciaron-la-inspeccion-a-frigorificos-con-habilitacion-en-entre-rios\/#primaryimage"},"image":{"@id":"https:\/\/informelitoral.com.ar\/estandar-unico-iniciaron-la-inspeccion-a-frigorificos-con-habilitacion-en-entre-rios\/#primaryimage"},"thumbnailUrl":"https:\/\/www.argentina.gob.ar\/sites\/default\/files\/25-05-22_er_estandar_unico_1.jpeg","datePublished":"2025-05-23T10:33:10+00:00","dateModified":"2025-05-26T10:37:04+00:00","breadcrumb":{"@id":"https:\/\/informelitoral.com.ar\/estandar-unico-iniciaron-la-inspeccion-a-frigorificos-con-habilitacion-en-entre-rios\/#breadcrumb"},"inLanguage":"es","potentialAction":[{"@type":"ReadAction","target":["https:\/\/informelitoral.com.ar\/estandar-unico-iniciaron-la-inspeccion-a-frigorificos-con-habilitacion-en-entre-rios\/"]}]},{"@type":"ImageObject","inLanguage":"es","@id":"https:\/\/informelitoral.com.ar\/estandar-unico-iniciaron-la-inspeccion-a-frigorificos-con-habilitacion-en-entre-rios\/#primaryimage","url":"https:\/\/www.argentina.gob.ar\/sites\/default\/files\/25-05-22_er_estandar_unico_1.jpeg","contentUrl":"https:\/\/www.argentina.gob.ar\/sites\/default\/files\/25-05-22_er_estandar_unico_1.jpeg","width":"789","height":"444"},{"@type":"BreadcrumbList","@id":"https:\/\/informelitoral.com.ar\/estandar-unico-iniciaron-la-inspeccion-a-frigorificos-con-habilitacion-en-entre-rios\/#breadcrumb","itemListElement":[{"@type":"ListItem","position":1,"name":"Portada","item":"https:\/\/informelitoral.com.ar\/"},{"@type":"ListItem","position":2,"name":"Est\u00e1ndar \u00fanico: iniciaron la inspecci\u00f3n a frigor\u00edficos con habilitaci\u00f3n en Entre R\u00edos"}]},{"@type":"WebSite","@id":"https:\/\/informelitoral.com.ar\/#website","url":"https:\/\/informelitoral.com.ar\/","name":"Informe Litoral","description":"&quot;Nos informamos&quot; ","publisher":{"@id":"https:\/\/informelitoral.com.ar\/#organization"},"potentialAction":[{"@type":"SearchAction","target":{"@type":"EntryPoint","urlTemplate":"https:\/\/informelitoral.com.ar\/?s={search_term_string}"},"query-input":{"@type":"PropertyValueSpecification","valueRequired":true,"valueName":"search_term_string"}}],"inLanguage":"es"},{"@type":"Organization","@id":"https:\/\/informelitoral.com.ar\/#organization","name":"Informe Litoral","url":"https:\/\/informelitoral.com.ar\/","logo":{"@type":"ImageObject","inLanguage":"es","@id":"https:\/\/informelitoral.com.ar\/#\/schema\/logo\/image\/","url":"https:\/\/informelitoral.com.ar\/%77%70%2d%63%6f%6e%74%65%6e%74\/uploads\/2021\/01\/circulo.png","contentUrl":"https:\/\/informelitoral.com.ar\/%77%70%2d%63%6f%6e%74%65%6e%74\/uploads\/2021\/01\/circulo.png","width":723,"height":731,"caption":"Informe Litoral"},"image":{"@id":"https:\/\/informelitoral.com.ar\/#\/schema\/logo\/image\/"},"sameAs":["https:\/\/www.facebook.com\/informelitoral\/","https:\/\/x.com\/InformeLitoral","https:\/\/www.instagram.com\/informelitoral\/","https:\/\/www.youtube.com\/channel\/UCua4Qvz8Icb6MYqhoq9xLXw"]},{"@type":"Person","@id":"https:\/\/informelitoral.com.ar\/#\/schema\/person\/b9d00407c836482871ef1d57bf8e3180","name":"Gonzalo Schmidt","image":{"@type":"ImageObject","inLanguage":"es","@id":"https:\/\/secure.gravatar.com\/avatar\/31a1a7b66ff2de83bd0e9fd79d026630d2d99e55e8bfe501287647b4fd9743de?s=96&d=mm&r=g","url":"https:\/\/secure.gravatar.com\/avatar\/31a1a7b66ff2de83bd0e9fd79d026630d2d99e55e8bfe501287647b4fd9743de?s=96&d=mm&r=g","contentUrl":"https:\/\/secure.gravatar.com\/avatar\/31a1a7b66ff2de83bd0e9fd79d026630d2d99e55e8bfe501287647b4fd9743de?s=96&d=mm&r=g","caption":"Gonzalo Schmidt"},"description":"Sitio web de noticias de la provincia de Entre R\u00edos, Argentina. Informaci\u00f3n y entretenimiento. Informe Litoral, nos informamos.","sameAs":["http:\/\/www.isletasnoticias.com.ar"],"url":"https:\/\/informelitoral.com.ar\/author\/gonzalo\/"}]}},"fifu_image_url":"https:\/\/www.argentina.gob.ar\/sites\/default\/files\/25-05-22_er_estandar_unico_1.jpeg","_links":{"self":[{"href":"https:\/\/informelitoral.com.ar\/%77%70%2d%6a%73%6f%6e\/wp\/v2\/posts\/221815","targetHints":{"allow":["GET"]}}],"collection":[{"href":"https:\/\/informelitoral.com.ar\/%77%70%2d%6a%73%6f%6e\/wp\/v2\/posts"}],"about":[{"href":"https:\/\/informelitoral.com.ar\/%77%70%2d%6a%73%6f%6e\/wp\/v2\/types\/post"}],"author":[{"embeddable":true,"href":"https:\/\/informelitoral.com.ar\/%77%70%2d%6a%73%6f%6e\/wp\/v2\/users\/2"}],"replies":[{"embeddable":true,"href":"https:\/\/informelitoral.com.ar\/%77%70%2d%6a%73%6f%6e\/wp\/v2\/comments?post=221815"}],"version-history":[{"count":0,"href":"https:\/\/informelitoral.com.ar\/%77%70%2d%6a%73%6f%6e\/wp\/v2\/posts\/221815\/revisions"}],"wp:featuredmedia":[{"embeddable":true,"href":"https:\/\/informelitoral.com.ar\/%77%70%2d%6a%73%6f%6e\/wp\/v2\/media\/221816"}],"wp:attachment":[{"href":"https:\/\/informelitoral.com.ar\/%77%70%2d%6a%73%6f%6e\/wp\/v2\/media?parent=221815"}],"wp:term":[{"taxonomy":"category","embeddable":true,"href":"https:\/\/informelitoral.com.ar\/%77%70%2d%6a%73%6f%6e\/wp\/v2\/categories?post=221815"},{"taxonomy":"post_tag","embeddable":true,"href":"https:\/\/informelitoral.com.ar\/%77%70%2d%6a%73%6f%6e\/wp\/v2\/tags?post=221815"}],"curies":[{"name":"wp","href":"https:\/\/api.w.org\/{rel}","templated":true}]}}