{"id":221806,"date":"2025-05-22T07:12:10","date_gmt":"2025-05-22T10:12:10","guid":{"rendered":"https:\/\/informelitoral.com.ar\/?p=221806"},"modified":"2025-05-26T07:12:35","modified_gmt":"2025-05-26T10:12:35","slug":"diputados-dieron-media-sancion-al-proyecto-que-reforma-la-ley-del-consejo-de-la-magistratura","status":"publish","type":"post","link":"https:\/\/informelitoral.com.ar\/diputados-dieron-media-sancion-al-proyecto-que-reforma-la-ley-del-consejo-de-la-magistratura\/","title":{"rendered":"Diputados dieron media sanci\u00f3n al proyecto que reforma la ley del Consejo de la Magistratura"},"content":{"rendered":"<p>Durante la s\u00e9ptima sesi\u00f3n ordinaria del 146\u00b0 periodo legislativo, presidida por<strong> Gustavo Hein<\/strong>, la C\u00e1mara de Diputados de Entre R\u00edos dio media sanci\u00f3n este jueves al proyecto presentado por el Poder Ejecutivo que reforma la ley del Consejo de la Magistratura de la Provincia. Adem\u00e1s, entre otras normas aprobadas, tuvo sanci\u00f3n definitiva una iniciativa que modifica la Ley de Comunas para permitirles a estos gobiernos locales la reglamentaci\u00f3n de su ordenamiento territorial. Tambi\u00e9n se dio curso a proyectos de declaraci\u00f3n y de resoluci\u00f3n.<\/p>\n<p>La diputada <strong>Gabriela Lena<\/strong> (Juntos por Entre R\u00edos), quien preside la comisi\u00f3n de Asuntos Constitucionales, Juicio Pol\u00edtico y Peticiones, Poderes y Reglamento, argument\u00f3 sobre la reforma de la ley que regula el funcionamiento del Consejo de la Magistratura, con el objetivo de agilizar los concursos para selecci\u00f3n de jueces, fiscales y defensores. Tras mencionar el trabajo que se realiz\u00f3 en comisi\u00f3n con la participaci\u00f3n de \u201cm\u00faltiples actores\u201d y todos los bloques que integran la C\u00e1mara, sostuvo: \u201cEs una reforma que corrige, que profundiza y que actualiza un r\u00e9gimen que ya mostraba signos de agotamiento\u201d.<\/p>\n<p>Entre los puntos m\u00e1s importantes, mencion\u00f3: la eliminaci\u00f3n del recurso jer\u00e1rquico directo para \u201cfortalecer la autonom\u00eda y el profesionalismo\u201d; la disminuci\u00f3n del banco de casos de 100 a 50 por materia, con el objetivo de hacer \u201cm\u00e1s viables\u201d los ex\u00e1menes ante el CMER; la realizaci\u00f3n de concursos anticipados para tener n\u00f3minas preparadas para casos de vacancia y la creaci\u00f3n de la Escuela Judicial bajo la \u00f3rbita del propio Consejo.<\/p>\n<p>\u201cEste proyecto de ley nos otorga m\u00e1s representaci\u00f3n, m\u00e1s control y m\u00e1s legitimidad. Ampl\u00eda la participaci\u00f3n de la sociedad civil y establece reglas claras de transparencia y publicidad digital de todos los actos del Consejo. Queremos garantizar que cada juez, fiscal y defensor lleguen por sus m\u00e9ritos y no por la cercan\u00eda de poder\u201d, agreg\u00f3.<\/p>\n<p>Por su parte, <strong>Laura Stratta<\/strong> (M\u00e1s para Entre R\u00edos) inform\u00f3 el acompa\u00f1amiento de su bloque a este proyecto en general, con discrepancias en particular. Como argumentos, mencion\u00f3 el proceso hist\u00f3rico del CMER, creado en 2003 por el entonces gobernador Jorge Busti y luego incluido en la reforma constitucional de 2008. \u201cEstamos convencidos de que necesitamos instituciones fuertes para tener una democracia fuerte\u201d, expres\u00f3, antes de mencionar su desacuerdo con el cambio en la integraci\u00f3n del organismo porque \u201cse deja afuera a la Universidad Nacional de Entre R\u00edos\u201d; la modificaci\u00f3n del mecanismo de elecci\u00f3n de la representaci\u00f3n de los trabajadores judiciales y los concursos anticipados, entre otros puntos.<\/p>\n<p><strong>Roque Fleitas<\/strong> (La Libertad Avanza) tambi\u00e9n mencion\u00f3 el voto de su bloque a favor en general y en contra en algunos art\u00edculos.<strong> Fabi\u00e1n Rogel<\/strong> (JxER) sostuvo que esta reforma \u201ces un paso adelante y en nada es un retroceso\u201d. Liliana Salinas (Partido Conservador Popular) manifest\u00f3 su apoyo, aunque pidi\u00f3 que se tengan en cuenta los aportes de los asesores.<\/p>\n<p>En la votaci\u00f3n en particular, <strong>Andrea Zoff<\/strong> (M\u00e1s para ER) sum\u00f3 fundamentos a la oposici\u00f3n de su bancada a una serie de art\u00edculos, a lo que le sigui\u00f3 una r\u00e9plica de <strong>Lena<\/strong> y contrarr\u00e9plicas de <strong>Sergio Castrill\u00f3n, Yari Seyler<\/strong> (M\u00e1s para ER), <strong>Salinas, Marcelo L\u00f3pez<\/strong> (JxER).<\/p>\n<h2><strong>Condonaci\u00f3n de deudas<\/strong><\/h2>\n<p><strong>Marcelo L\u00f3pez<\/strong> fundament\u00f3 su iniciativa que propicia la condonaci\u00f3n de deudas impositivas a inmuebles que se donen a gobiernos locales, la cual fue aprobada por unanimidad. \u201cEste es un proyecto que resulta de trascendencia para municipios y comunas de toda la provincia, porque va a facilitar la transferencia a t\u00edtulo gratuito de inmuebles que sean propiedad de un privado y que se destinen al ordenamiento territorial, desarrollo urban\u00edstico, planes de viviendas, calles, espacios p\u00fablicos y oficinas p\u00fablicas, exigi\u00e9ndoles que previamente esas comunas y municipios condonden las tasas sobre inmuebles adeudadas. La deuda a condonar va incluir el capital, intereses y multas\u201d, explic\u00f3.<\/p>\n<p>Asimismo, se aprobaron dos proyectos del diputado L\u00f3pez que ratifican la vigencia de la declaraci\u00f3n de utilidad p\u00fablica y sujeto a expropiaci\u00f3n de dos inmuebles, uno ubicado en Colonia Ayu\u00ed y otro en el barrio La Bianca de Concordia.<\/p>\n<p>En la continuidad de la sesi\u00f3n, se dio sanci\u00f3n definitiva a un proyecto de ley, proveniente del Senado, por el que se instituye el d\u00eda 15 de junio como D\u00eda Provincial del Chamam\u00e9 Entrerriano, en conmemoraci\u00f3n del fallecimiento de Abelardo Dimotta.<\/p>\n<h2><strong>Comunas<\/strong><\/h2>\n<p>La C\u00e1mara convirti\u00f3 en ley un proyecto proveniente del Senado por el cual se sustituye el inciso C del art\u00edculo 25 de la Ley N\u00b010.644, de modo que los consejos comunales estar\u00e1n facultados para \u201creglamentar el ordenamiento urban\u00edstico de la comuna, regulando su uso, ocupaci\u00f3n, subdivisi\u00f3n del suelo, afectaci\u00f3n a propiedad horizontal y\/o propiedad horizontal especial, as\u00ed como el desarrollo urbano en funci\u00f3n social\u201d.<\/p>\n<p><strong>Mar\u00eda Elena Romero<\/strong> (JxER), titular de la comisi\u00f3n de Asuntos Municipales y Comunales, expuso al respecto: \u201cEste proyecto es de profundo impacto territorial e institucional. La Ley de Comunas establece las facultades de los consejos comunales en el art\u00edculo 25 y particularmente el inciso C establece que los consejos est\u00e1n facultados para participar en el ordenamiento urban\u00edstico y en las subdivisiones y ordenamientos de tierra, actuando conjuntamente con los organismos pertinentes de la Provincia. Y que los planes urban\u00edsticos se adoptar\u00e1n o modificar\u00e1n con la aprobaci\u00f3n del organismo provincial competente. Esto ha tra\u00eddo innumerables problemas en la subdivisi\u00f3n y en los loteos de cada una de las comunas. Las comunas no tienen en la ley vigente facultades para incidir en el ordenamiento de su territorio y eso muchas veces hace que se les vuelva muy dif\u00edcil brindar los servicios necesarios\u201d.<\/p>\n<h2><strong>Homenajes<\/strong><\/h2>\n<p><strong>Silvina Decc\u00f3<\/strong> (M\u00e1s para ER) rindi\u00f3 un homenaje al recientemente fallecido expresidente de Uruguay, Jos\u00e9 Mujica.<strong> Mauro Godein<\/strong> (JxER) continu\u00f3 con este reconocimiento.<\/p>\n<p>Por su parte,<strong> Roque Fleitas<\/strong> (LLA) hizo alusi\u00f3n al aniversario de la Revoluci\u00f3n de Mayo de 1810. Sobre el mismo tema hablaron Fabi\u00e1n Rogel (JxER) y <strong>Lorena Arrozogaray<\/strong> (M\u00e1s para ER).<\/p>\n<p><strong>Liliana Salinas<\/strong> (PCP) habl\u00f3 sobre el D\u00eda Internacional de la Enfermer\u00eda, que se conmemor\u00f3 el 12 de mayo. Enrique Cresto (M\u00e1s para ER) hizo un reconocimiento a la comisi\u00f3n que trabaj\u00f3 por la Escuela de Educaci\u00f3n Integral N\u00b0 9, Luis Agote de San Salvador, que cumple 50 a\u00f1os el d\u00eda de la fecha. Carlos Damasco (LLER) hizo menci\u00f3n al 2 de junio, D\u00eda del Bombero Voluntario.<\/p>\n","protected":false},"excerpt":{"rendered":"<p>La C\u00e1mara baja vot\u00f3 por unanimidad en general a favor de una iniciativa del Ejecutivo que busca agilizar los concursos para la selecci\u00f3n de jueces, fiscales y defensores. Tambi\u00e9n se sancion\u00f3 una modificaci\u00f3n de la Ley de Comunas, entre otras iniciativas.<\/p>\n","protected":false},"author":2,"featured_media":221807,"comment_status":"open","ping_status":"open","sticky":false,"template":"","format":"standard","meta":{"fifu_image_url":"https:\/\/hcder.gov.ar\/archivosDownload\/fotosNoticias\/1821_4408.jpg","fifu_image_alt":"","footnotes":""},"categories":[16],"tags":[3627,230,196,287],"class_list":{"0":"post-221806","1":"post","2":"type-post","3":"status-publish","4":"format-standard","5":"has-post-thumbnail","7":"category-politi","8":"tag-camara-de-diputados","9":"tag-comunas","10":"tag-diputados","11":"tag-legislativas"},"yoast_head":"<title>Diputados dieron media sanci\u00f3n al proyecto que reforma la ley del Consejo de la Magistratura - Informe Litoral<\/title>\n<meta name=\"robots\" content=\"index, follow, max-snippet:-1, max-image-preview:large, max-video-preview:-1\" \/>\n<link rel=\"canonical\" href=\"https:\/\/informelitoral.com.ar\/diputados-dieron-media-sancion-al-proyecto-que-reforma-la-ley-del-consejo-de-la-magistratura\/\" \/>\n<meta property=\"og:locale\" content=\"es_ES\" \/>\n<meta property=\"og:type\" content=\"article\" \/>\n<meta property=\"og:title\" content=\"Diputados dieron media sanci\u00f3n al proyecto que reforma la ley del Consejo de la Magistratura - Informe Litoral\" \/>\n<meta property=\"og:description\" content=\"La C\u00e1mara baja vot\u00f3 por unanimidad en general a favor de una iniciativa del Ejecutivo que busca agilizar los concursos para la selecci\u00f3n de jueces, fiscales y defensores. Tambi\u00e9n se sancion\u00f3 una modificaci\u00f3n de la Ley de Comunas, entre otras iniciativas.\" \/>\n<meta property=\"og:url\" content=\"https:\/\/informelitoral.com.ar\/diputados-dieron-media-sancion-al-proyecto-que-reforma-la-ley-del-consejo-de-la-magistratura\/\" \/>\n<meta property=\"og:site_name\" content=\"Informe Litoral\" \/>\n<meta property=\"article:publisher\" content=\"https:\/\/www.facebook.com\/informelitoral\/\" \/>\n<meta property=\"article:published_time\" content=\"2025-05-22T10:12:10+00:00\" \/>\n<meta property=\"article:modified_time\" content=\"2025-05-26T10:12:35+00:00\" \/>\n<meta property=\"og:image\" content=\"https:\/\/hcder.gov.ar\/archivosDownload\/fotosNoticias\/1821_4408.jpg\" \/><meta property=\"og:image\" content=\"https:\/\/hcder.gov.ar\/archivosDownload\/fotosNoticias\/1821_4408.jpg\" \/>\n\t<meta property=\"og:image:width\" content=\"1024\" \/>\n\t<meta property=\"og:image:height\" content=\"682\" \/>\n\t<meta property=\"og:image:type\" content=\"image\/jpeg\" \/>\n<meta name=\"author\" content=\"Gonzalo Schmidt\" \/>\n<meta name=\"twitter:card\" content=\"summary_large_image\" \/>\n<meta name=\"twitter:image\" content=\"https:\/\/hcder.gov.ar\/archivosDownload\/fotosNoticias\/1821_4408.jpg\" \/>\n<meta name=\"twitter:creator\" content=\"@InformeLitoral\" \/>\n<meta name=\"twitter:site\" content=\"@InformeLitoral\" \/>\n<meta name=\"twitter:label1\" content=\"Escrito por\" \/>\n\t<meta name=\"twitter:data1\" content=\"Gonzalo Schmidt\" \/>\n\t<meta name=\"twitter:label2\" content=\"Tiempo de lectura\" \/>\n\t<meta name=\"twitter:data2\" content=\"5 minutos\" \/>\n<script type=\"application\/ld+json\" class=\"yoast-schema-graph\">{\"@context\":\"https:\\\/\\\/schema.org\",\"@graph\":[{\"@type\":\"Article\",\"@id\":\"https:\\\/\\\/informelitoral.com.ar\\\/diputados-dieron-media-sancion-al-proyecto-que-reforma-la-ley-del-consejo-de-la-magistratura\\\/#article\",\"isPartOf\":{\"@id\":\"https:\\\/\\\/informelitoral.com.ar\\\/diputados-dieron-media-sancion-al-proyecto-que-reforma-la-ley-del-consejo-de-la-magistratura\\\/\"},\"author\":{\"name\":\"Gonzalo Schmidt\",\"@id\":\"https:\\\/\\\/informelitoral.com.ar\\\/#\\\/schema\\\/person\\\/b9d00407c836482871ef1d57bf8e3180\"},\"headline\":\"Diputados dieron media sanci\u00f3n al proyecto que reforma la ley del Consejo de la Magistratura\",\"datePublished\":\"2025-05-22T10:12:10+00:00\",\"dateModified\":\"2025-05-26T10:12:35+00:00\",\"mainEntityOfPage\":{\"@id\":\"https:\\\/\\\/informelitoral.com.ar\\\/diputados-dieron-media-sancion-al-proyecto-que-reforma-la-ley-del-consejo-de-la-magistratura\\\/\"},\"wordCount\":1138,\"commentCount\":0,\"publisher\":{\"@id\":\"https:\\\/\\\/informelitoral.com.ar\\\/#organization\"},\"image\":{\"@id\":\"https:\\\/\\\/informelitoral.com.ar\\\/diputados-dieron-media-sancion-al-proyecto-que-reforma-la-ley-del-consejo-de-la-magistratura\\\/#primaryimage\"},\"thumbnailUrl\":\"https:\\\/\\\/hcder.gov.ar\\\/archivosDownload\\\/fotosNoticias\\\/1821_4408.jpg\",\"keywords\":[\"C\u00e1mara de Diputados\",\"Comunas\",\"Diputados\",\"Legislativas\"],\"articleSection\":[\"Politica\"],\"inLanguage\":\"es\",\"potentialAction\":[{\"@type\":\"CommentAction\",\"name\":\"Comment\",\"target\":[\"https:\\\/\\\/informelitoral.com.ar\\\/diputados-dieron-media-sancion-al-proyecto-que-reforma-la-ley-del-consejo-de-la-magistratura\\\/#respond\"]}]},{\"@type\":\"WebPage\",\"@id\":\"https:\\\/\\\/informelitoral.com.ar\\\/diputados-dieron-media-sancion-al-proyecto-que-reforma-la-ley-del-consejo-de-la-magistratura\\\/\",\"url\":\"https:\\\/\\\/informelitoral.com.ar\\\/diputados-dieron-media-sancion-al-proyecto-que-reforma-la-ley-del-consejo-de-la-magistratura\\\/\",\"name\":\"Diputados dieron media sanci\u00f3n al proyecto que reforma la ley del Consejo de la Magistratura - Informe Litoral\",\"isPartOf\":{\"@id\":\"https:\\\/\\\/informelitoral.com.ar\\\/#website\"},\"primaryImageOfPage\":{\"@id\":\"https:\\\/\\\/informelitoral.com.ar\\\/diputados-dieron-media-sancion-al-proyecto-que-reforma-la-ley-del-consejo-de-la-magistratura\\\/#primaryimage\"},\"image\":{\"@id\":\"https:\\\/\\\/informelitoral.com.ar\\\/diputados-dieron-media-sancion-al-proyecto-que-reforma-la-ley-del-consejo-de-la-magistratura\\\/#primaryimage\"},\"thumbnailUrl\":\"https:\\\/\\\/hcder.gov.ar\\\/archivosDownload\\\/fotosNoticias\\\/1821_4408.jpg\",\"datePublished\":\"2025-05-22T10:12:10+00:00\",\"dateModified\":\"2025-05-26T10:12:35+00:00\",\"breadcrumb\":{\"@id\":\"https:\\\/\\\/informelitoral.com.ar\\\/diputados-dieron-media-sancion-al-proyecto-que-reforma-la-ley-del-consejo-de-la-magistratura\\\/#breadcrumb\"},\"inLanguage\":\"es\",\"potentialAction\":[{\"@type\":\"ReadAction\",\"target\":[\"https:\\\/\\\/informelitoral.com.ar\\\/diputados-dieron-media-sancion-al-proyecto-que-reforma-la-ley-del-consejo-de-la-magistratura\\\/\"]}]},{\"@type\":\"ImageObject\",\"inLanguage\":\"es\",\"@id\":\"https:\\\/\\\/informelitoral.com.ar\\\/diputados-dieron-media-sancion-al-proyecto-que-reforma-la-ley-del-consejo-de-la-magistratura\\\/#primaryimage\",\"url\":\"https:\\\/\\\/hcder.gov.ar\\\/archivosDownload\\\/fotosNoticias\\\/1821_4408.jpg\",\"contentUrl\":\"https:\\\/\\\/hcder.gov.ar\\\/archivosDownload\\\/fotosNoticias\\\/1821_4408.jpg\",\"width\":\"1024\",\"height\":\"682\"},{\"@type\":\"BreadcrumbList\",\"@id\":\"https:\\\/\\\/informelitoral.com.ar\\\/diputados-dieron-media-sancion-al-proyecto-que-reforma-la-ley-del-consejo-de-la-magistratura\\\/#breadcrumb\",\"itemListElement\":[{\"@type\":\"ListItem\",\"position\":1,\"name\":\"Portada\",\"item\":\"https:\\\/\\\/informelitoral.com.ar\\\/\"},{\"@type\":\"ListItem\",\"position\":2,\"name\":\"Diputados dieron media sanci\u00f3n al proyecto que reforma la ley del Consejo de la Magistratura\"}]},{\"@type\":\"WebSite\",\"@id\":\"https:\\\/\\\/informelitoral.com.ar\\\/#website\",\"url\":\"https:\\\/\\\/informelitoral.com.ar\\\/\",\"name\":\"Informe Litoral\",\"description\":\"&quot;Nos informamos&quot; \",\"publisher\":{\"@id\":\"https:\\\/\\\/informelitoral.com.ar\\\/#organization\"},\"potentialAction\":[{\"@type\":\"SearchAction\",\"target\":{\"@type\":\"EntryPoint\",\"urlTemplate\":\"https:\\\/\\\/informelitoral.com.ar\\\/?s={search_term_string}\"},\"query-input\":{\"@type\":\"PropertyValueSpecification\",\"valueRequired\":true,\"valueName\":\"search_term_string\"}}],\"inLanguage\":\"es\"},{\"@type\":\"Organization\",\"@id\":\"https:\\\/\\\/informelitoral.com.ar\\\/#organization\",\"name\":\"Informe Litoral\",\"url\":\"https:\\\/\\\/informelitoral.com.ar\\\/\",\"logo\":{\"@type\":\"ImageObject\",\"inLanguage\":\"es\",\"@id\":\"https:\\\/\\\/informelitoral.com.ar\\\/#\\\/schema\\\/logo\\\/image\\\/\",\"url\":\"https:\\\/\\\/informelitoral.com.ar\\\/%77%70%2d%63%6f%6e%74%65%6e%74\\\/uploads\\\/2021\\\/01\\\/circulo.png\",\"contentUrl\":\"https:\\\/\\\/informelitoral.com.ar\\\/%77%70%2d%63%6f%6e%74%65%6e%74\\\/uploads\\\/2021\\\/01\\\/circulo.png\",\"width\":723,\"height\":731,\"caption\":\"Informe Litoral\"},\"image\":{\"@id\":\"https:\\\/\\\/informelitoral.com.ar\\\/#\\\/schema\\\/logo\\\/image\\\/\"},\"sameAs\":[\"https:\\\/\\\/www.facebook.com\\\/informelitoral\\\/\",\"https:\\\/\\\/x.com\\\/InformeLitoral\",\"https:\\\/\\\/www.instagram.com\\\/informelitoral\\\/\",\"https:\\\/\\\/www.youtube.com\\\/channel\\\/UCua4Qvz8Icb6MYqhoq9xLXw\"]},{\"@type\":\"Person\",\"@id\":\"https:\\\/\\\/informelitoral.com.ar\\\/#\\\/schema\\\/person\\\/b9d00407c836482871ef1d57bf8e3180\",\"name\":\"Gonzalo Schmidt\",\"image\":{\"@type\":\"ImageObject\",\"inLanguage\":\"es\",\"@id\":\"https:\\\/\\\/secure.gravatar.com\\\/avatar\\\/31a1a7b66ff2de83bd0e9fd79d026630d2d99e55e8bfe501287647b4fd9743de?s=96&d=mm&r=g\",\"url\":\"https:\\\/\\\/secure.gravatar.com\\\/avatar\\\/31a1a7b66ff2de83bd0e9fd79d026630d2d99e55e8bfe501287647b4fd9743de?s=96&d=mm&r=g\",\"contentUrl\":\"https:\\\/\\\/secure.gravatar.com\\\/avatar\\\/31a1a7b66ff2de83bd0e9fd79d026630d2d99e55e8bfe501287647b4fd9743de?s=96&d=mm&r=g\",\"caption\":\"Gonzalo Schmidt\"},\"description\":\"Sitio web de noticias de la provincia de Entre R\u00edos, Argentina. Informaci\u00f3n y entretenimiento. Informe Litoral, nos informamos.\",\"sameAs\":[\"http:\\\/\\\/www.isletasnoticias.com.ar\"],\"url\":\"https:\\\/\\\/informelitoral.com.ar\\\/author\\\/gonzalo\\\/\"}]}<\/script>","yoast_head_json":{"title":"Diputados dieron media sanci\u00f3n al proyecto que reforma la ley del Consejo de la Magistratura - Informe Litoral","robots":{"index":"index","follow":"follow","max-snippet":"max-snippet:-1","max-image-preview":"max-image-preview:large","max-video-preview":"max-video-preview:-1"},"canonical":"https:\/\/informelitoral.com.ar\/diputados-dieron-media-sancion-al-proyecto-que-reforma-la-ley-del-consejo-de-la-magistratura\/","og_locale":"es_ES","og_type":"article","og_title":"Diputados dieron media sanci\u00f3n al proyecto que reforma la ley del Consejo de la Magistratura - Informe Litoral","og_description":"La C\u00e1mara baja vot\u00f3 por unanimidad en general a favor de una iniciativa del Ejecutivo que busca agilizar los concursos para la selecci\u00f3n de jueces, fiscales y defensores. Tambi\u00e9n se sancion\u00f3 una modificaci\u00f3n de la Ley de Comunas, entre otras iniciativas.","og_url":"https:\/\/informelitoral.com.ar\/diputados-dieron-media-sancion-al-proyecto-que-reforma-la-ley-del-consejo-de-la-magistratura\/","og_site_name":"Informe Litoral","article_publisher":"https:\/\/www.facebook.com\/informelitoral\/","article_published_time":"2025-05-22T10:12:10+00:00","article_modified_time":"2025-05-26T10:12:35+00:00","og_image":[{"url":"https:\/\/hcder.gov.ar\/archivosDownload\/fotosNoticias\/1821_4408.jpg","type":"","width":"","height":""},{"width":1024,"height":682,"url":"https:\/\/hcder.gov.ar\/archivosDownload\/fotosNoticias\/1821_4408.jpg","type":"image\/jpeg"}],"author":"Gonzalo Schmidt","twitter_card":"summary_large_image","twitter_image":"https:\/\/hcder.gov.ar\/archivosDownload\/fotosNoticias\/1821_4408.jpg","twitter_creator":"@InformeLitoral","twitter_site":"@InformeLitoral","twitter_misc":{"Escrito por":"Gonzalo Schmidt","Tiempo de lectura":"5 minutos"},"schema":{"@context":"https:\/\/schema.org","@graph":[{"@type":"Article","@id":"https:\/\/informelitoral.com.ar\/diputados-dieron-media-sancion-al-proyecto-que-reforma-la-ley-del-consejo-de-la-magistratura\/#article","isPartOf":{"@id":"https:\/\/informelitoral.com.ar\/diputados-dieron-media-sancion-al-proyecto-que-reforma-la-ley-del-consejo-de-la-magistratura\/"},"author":{"name":"Gonzalo Schmidt","@id":"https:\/\/informelitoral.com.ar\/#\/schema\/person\/b9d00407c836482871ef1d57bf8e3180"},"headline":"Diputados dieron media sanci\u00f3n al proyecto que reforma la ley del Consejo de la Magistratura","datePublished":"2025-05-22T10:12:10+00:00","dateModified":"2025-05-26T10:12:35+00:00","mainEntityOfPage":{"@id":"https:\/\/informelitoral.com.ar\/diputados-dieron-media-sancion-al-proyecto-que-reforma-la-ley-del-consejo-de-la-magistratura\/"},"wordCount":1138,"commentCount":0,"publisher":{"@id":"https:\/\/informelitoral.com.ar\/#organization"},"image":{"@id":"https:\/\/informelitoral.com.ar\/diputados-dieron-media-sancion-al-proyecto-que-reforma-la-ley-del-consejo-de-la-magistratura\/#primaryimage"},"thumbnailUrl":"https:\/\/hcder.gov.ar\/archivosDownload\/fotosNoticias\/1821_4408.jpg","keywords":["C\u00e1mara de Diputados","Comunas","Diputados","Legislativas"],"articleSection":["Politica"],"inLanguage":"es","potentialAction":[{"@type":"CommentAction","name":"Comment","target":["https:\/\/informelitoral.com.ar\/diputados-dieron-media-sancion-al-proyecto-que-reforma-la-ley-del-consejo-de-la-magistratura\/#respond"]}]},{"@type":"WebPage","@id":"https:\/\/informelitoral.com.ar\/diputados-dieron-media-sancion-al-proyecto-que-reforma-la-ley-del-consejo-de-la-magistratura\/","url":"https:\/\/informelitoral.com.ar\/diputados-dieron-media-sancion-al-proyecto-que-reforma-la-ley-del-consejo-de-la-magistratura\/","name":"Diputados dieron media sanci\u00f3n al proyecto que reforma la ley del Consejo de la Magistratura - Informe Litoral","isPartOf":{"@id":"https:\/\/informelitoral.com.ar\/#website"},"primaryImageOfPage":{"@id":"https:\/\/informelitoral.com.ar\/diputados-dieron-media-sancion-al-proyecto-que-reforma-la-ley-del-consejo-de-la-magistratura\/#primaryimage"},"image":{"@id":"https:\/\/informelitoral.com.ar\/diputados-dieron-media-sancion-al-proyecto-que-reforma-la-ley-del-consejo-de-la-magistratura\/#primaryimage"},"thumbnailUrl":"https:\/\/hcder.gov.ar\/archivosDownload\/fotosNoticias\/1821_4408.jpg","datePublished":"2025-05-22T10:12:10+00:00","dateModified":"2025-05-26T10:12:35+00:00","breadcrumb":{"@id":"https:\/\/informelitoral.com.ar\/diputados-dieron-media-sancion-al-proyecto-que-reforma-la-ley-del-consejo-de-la-magistratura\/#breadcrumb"},"inLanguage":"es","potentialAction":[{"@type":"ReadAction","target":["https:\/\/informelitoral.com.ar\/diputados-dieron-media-sancion-al-proyecto-que-reforma-la-ley-del-consejo-de-la-magistratura\/"]}]},{"@type":"ImageObject","inLanguage":"es","@id":"https:\/\/informelitoral.com.ar\/diputados-dieron-media-sancion-al-proyecto-que-reforma-la-ley-del-consejo-de-la-magistratura\/#primaryimage","url":"https:\/\/hcder.gov.ar\/archivosDownload\/fotosNoticias\/1821_4408.jpg","contentUrl":"https:\/\/hcder.gov.ar\/archivosDownload\/fotosNoticias\/1821_4408.jpg","width":"1024","height":"682"},{"@type":"BreadcrumbList","@id":"https:\/\/informelitoral.com.ar\/diputados-dieron-media-sancion-al-proyecto-que-reforma-la-ley-del-consejo-de-la-magistratura\/#breadcrumb","itemListElement":[{"@type":"ListItem","position":1,"name":"Portada","item":"https:\/\/informelitoral.com.ar\/"},{"@type":"ListItem","position":2,"name":"Diputados dieron media sanci\u00f3n al proyecto que reforma la ley del Consejo de la Magistratura"}]},{"@type":"WebSite","@id":"https:\/\/informelitoral.com.ar\/#website","url":"https:\/\/informelitoral.com.ar\/","name":"Informe Litoral","description":"&quot;Nos informamos&quot; ","publisher":{"@id":"https:\/\/informelitoral.com.ar\/#organization"},"potentialAction":[{"@type":"SearchAction","target":{"@type":"EntryPoint","urlTemplate":"https:\/\/informelitoral.com.ar\/?s={search_term_string}"},"query-input":{"@type":"PropertyValueSpecification","valueRequired":true,"valueName":"search_term_string"}}],"inLanguage":"es"},{"@type":"Organization","@id":"https:\/\/informelitoral.com.ar\/#organization","name":"Informe Litoral","url":"https:\/\/informelitoral.com.ar\/","logo":{"@type":"ImageObject","inLanguage":"es","@id":"https:\/\/informelitoral.com.ar\/#\/schema\/logo\/image\/","url":"https:\/\/informelitoral.com.ar\/%77%70%2d%63%6f%6e%74%65%6e%74\/uploads\/2021\/01\/circulo.png","contentUrl":"https:\/\/informelitoral.com.ar\/%77%70%2d%63%6f%6e%74%65%6e%74\/uploads\/2021\/01\/circulo.png","width":723,"height":731,"caption":"Informe Litoral"},"image":{"@id":"https:\/\/informelitoral.com.ar\/#\/schema\/logo\/image\/"},"sameAs":["https:\/\/www.facebook.com\/informelitoral\/","https:\/\/x.com\/InformeLitoral","https:\/\/www.instagram.com\/informelitoral\/","https:\/\/www.youtube.com\/channel\/UCua4Qvz8Icb6MYqhoq9xLXw"]},{"@type":"Person","@id":"https:\/\/informelitoral.com.ar\/#\/schema\/person\/b9d00407c836482871ef1d57bf8e3180","name":"Gonzalo Schmidt","image":{"@type":"ImageObject","inLanguage":"es","@id":"https:\/\/secure.gravatar.com\/avatar\/31a1a7b66ff2de83bd0e9fd79d026630d2d99e55e8bfe501287647b4fd9743de?s=96&d=mm&r=g","url":"https:\/\/secure.gravatar.com\/avatar\/31a1a7b66ff2de83bd0e9fd79d026630d2d99e55e8bfe501287647b4fd9743de?s=96&d=mm&r=g","contentUrl":"https:\/\/secure.gravatar.com\/avatar\/31a1a7b66ff2de83bd0e9fd79d026630d2d99e55e8bfe501287647b4fd9743de?s=96&d=mm&r=g","caption":"Gonzalo Schmidt"},"description":"Sitio web de noticias de la provincia de Entre R\u00edos, Argentina. Informaci\u00f3n y entretenimiento. Informe Litoral, nos informamos.","sameAs":["http:\/\/www.isletasnoticias.com.ar"],"url":"https:\/\/informelitoral.com.ar\/author\/gonzalo\/"}]}},"fifu_image_url":"https:\/\/hcder.gov.ar\/archivosDownload\/fotosNoticias\/1821_4408.jpg","_links":{"self":[{"href":"https:\/\/informelitoral.com.ar\/%77%70%2d%6a%73%6f%6e\/wp\/v2\/posts\/221806","targetHints":{"allow":["GET"]}}],"collection":[{"href":"https:\/\/informelitoral.com.ar\/%77%70%2d%6a%73%6f%6e\/wp\/v2\/posts"}],"about":[{"href":"https:\/\/informelitoral.com.ar\/%77%70%2d%6a%73%6f%6e\/wp\/v2\/types\/post"}],"author":[{"embeddable":true,"href":"https:\/\/informelitoral.com.ar\/%77%70%2d%6a%73%6f%6e\/wp\/v2\/users\/2"}],"replies":[{"embeddable":true,"href":"https:\/\/informelitoral.com.ar\/%77%70%2d%6a%73%6f%6e\/wp\/v2\/comments?post=221806"}],"version-history":[{"count":0,"href":"https:\/\/informelitoral.com.ar\/%77%70%2d%6a%73%6f%6e\/wp\/v2\/posts\/221806\/revisions"}],"wp:featuredmedia":[{"embeddable":true,"href":"https:\/\/informelitoral.com.ar\/%77%70%2d%6a%73%6f%6e\/wp\/v2\/media\/221807"}],"wp:attachment":[{"href":"https:\/\/informelitoral.com.ar\/%77%70%2d%6a%73%6f%6e\/wp\/v2\/media?parent=221806"}],"wp:term":[{"taxonomy":"category","embeddable":true,"href":"https:\/\/informelitoral.com.ar\/%77%70%2d%6a%73%6f%6e\/wp\/v2\/categories?post=221806"},{"taxonomy":"post_tag","embeddable":true,"href":"https:\/\/informelitoral.com.ar\/%77%70%2d%6a%73%6f%6e\/wp\/v2\/tags?post=221806"}],"curies":[{"name":"wp","href":"https:\/\/api.w.org\/{rel}","templated":true}]}}