{"id":221787,"date":"2025-05-25T22:33:14","date_gmt":"2025-05-26T01:33:14","guid":{"rendered":"https:\/\/informelitoral.com.ar\/?p=221787"},"modified":"2025-05-25T22:36:50","modified_gmt":"2025-05-26T01:36:50","slug":"expo-leche-2025-coopar-estuvo-presente-con-la-sucursal-de-crucesitas-septima","status":"publish","type":"post","link":"https:\/\/informelitoral.com.ar\/expo-leche-2025-coopar-estuvo-presente-con-la-sucursal-de-crucesitas-septima\/","title":{"rendered":"Expo Leche 2025: Coopar estuvo presente con la sucursal de Crucesitas S\u00e9ptima"},"content":{"rendered":"<p>En di\u00e1logo con los medios period\u00edsticos, el ingeniero Fettolini coment\u00f3 que la expo fue un lugar propicio para el di\u00e1logo ameno y distendido con gente del sector: \u201cVienen productores lecheros y agr\u00edcolas, charlamos de c\u00f3mo van con la cosecha, perspectivas de siembra de trigo, entre otras cuestiones, ellos vienen de paseo, pensando en otra cosa, por eso hablamos de todo, desde cuestiones familiares hasta del trabajo\u201d, expres\u00f3.<\/p>\n<p>En cuanto a la sucursal de Crucesitas Octava dijo qu\u00e9: \u201cLa verdad que este a\u00f1o me ha sorprendido, ha crecido mucho en todo lo que es la cantidad de productores que se sumaron a nuestro padr\u00f3n.<\/p>\n<p>Entiendo que no es solo nuestra visita lo que gener\u00f3 esto, sino que tambi\u00e9n el comentario de boca en boca, porque me ha pasado que los mismos productores se han acercado a nosotros para comenzar el lazo comercial.<\/p>\n<p>En Crucesitas Octava tenemos despacho de combustible, Gasoil Euro y Nafta, ferreter\u00eda y un galp\u00f3n con agroinsumos, entonces al productor le queda a mano, est\u00e1n a 10 o 15 kil\u00f3metros de la sucursal, cargan combustible y se proveen de lo necesario para trabajar. Cuando arranc\u00f3 la cosecha de soja tuvimos mucho movimiento de maquinarias con sus respectivos tachos de combustible, hemos crecido mucho y estoy muy conforme por el trabajo que hicimos en Crucesitas, m\u00e1s lo que queda por hacer\u201d, sentenci\u00f3 el Ingeniero.<br \/>\nSe increment\u00f3 el padr\u00f3n de socios y analizando las cosechas la demanda aumenta y por ende, los requerimientos: \u201cA Nogoy\u00e1 llega mucho acopio de la zona de Crucesitas Octava, porque no tenemos acopio por el momento, lo bueno en esta oportunidad es que el tiempo nos acompa\u00f1\u00f3 y no se dificult\u00f3 el traslado de los camiones con la cosecha, el tr\u00e1nsito de los camiones ha sido aceptable pero es l\u00f3gico que llegan a Nogoy\u00e1 y tienen su tiempo de espera porque Nogoy\u00e1 tiene un movimiento muy importante, por lo tanto ese es el requerimiento de los productores de la zona, que deber\u00edamos tener en Crucesitas alguna planta de silos como para pulm\u00f3n de ellos, para que puedan venir, entregar mientras est\u00e1n cosechando y despu\u00e9s elegir el momento para sacarlo, pero estar\u00edan necesitando el pulm\u00f3n\u201d, coment\u00f3 Fettolini, quien luego record\u00f3 qu\u00e9: \u201cLa sucursal se inaugur\u00f3 en el 2021 y hemos tenido un crecimiento bastante importante. Arrancamos con ferreter\u00eda y venta de combustible hasta hace dos a\u00f1os atr\u00e1s donde empezamos a incorporar de a poco insumos y el a\u00f1o pasado empezamos a vender semillas directamente porque los camiones ven\u00edan desde Aranguren con semillas y los productores retiraban desde el campo nuestro, venimos dando peque\u00f1os pasos firmes y seguramente se analizar\u00e1 desde COOPAR el crecimiento de las campa\u00f1as como para dar otro paso m\u00e1s, creo que cada movimiento que podemos llegar a hacer ser\u00e1 muy importante para productores de esa zona. Estamos en un lugar estrat\u00e9gicamente muy bien ubicado, pero a su vez, lejos de rutas importantes, desde 50 a 70 kil\u00f3metros y hay muchos productores que est\u00e1n viviendo en el campo, entonces necesitan ir de a poco solucionando los problemas\u201d, concluy\u00f3.<\/p>\n","protected":false},"excerpt":{"rendered":"<p>En el stand que despleg\u00f3 la sucursal COOPAR de Nogoy\u00e1, en la XXI Expo Provincial de la Leche y la XII Expo Jersey Entrerriana, los d\u00edas 9, 10 y 11 del corriente mes, en el predio de la Sociedad Rural de Nogoy\u00e1, estuvo presente el ingeniero agr\u00f3nomo Sergio Fettolini, encargado de la sucursal de Crucesitas Octava.<\/p>\n","protected":false},"author":2,"featured_media":221784,"comment_status":"open","ping_status":"open","sticky":false,"template":"","format":"standard","meta":{"fifu_image_url":"","fifu_image_alt":"","footnotes":""},"categories":[10],"tags":[143,1611,1554,74],"class_list":{"0":"post-221787","1":"post","2":"type-post","3":"status-publish","4":"format-standard","5":"has-post-thumbnail","7":"category-campo","8":"tag-aranguren","9":"tag-coopar","10":"tag-departamento-nogoya","11":"tag-nogoya"},"yoast_head":"<title>Expo Leche 2025: Coopar estuvo presente con la sucursal de Crucesitas S\u00e9ptima - Informe Litoral<\/title>\n<meta name=\"robots\" content=\"index, follow, max-snippet:-1, max-image-preview:large, max-video-preview:-1\" \/>\n<link rel=\"canonical\" href=\"https:\/\/informelitoral.com.ar\/expo-leche-2025-coopar-estuvo-presente-con-la-sucursal-de-crucesitas-septima\/\" \/>\n<meta property=\"og:locale\" content=\"es_ES\" \/>\n<meta property=\"og:type\" content=\"article\" \/>\n<meta property=\"og:title\" content=\"Expo Leche 2025: Coopar estuvo presente con la sucursal de Crucesitas S\u00e9ptima - Informe Litoral\" \/>\n<meta property=\"og:description\" content=\"En el stand que despleg\u00f3 la sucursal COOPAR de Nogoy\u00e1, en la XXI Expo Provincial de la Leche y la XII Expo Jersey Entrerriana, los d\u00edas 9, 10 y 11 del corriente mes, en el predio de la Sociedad Rural de Nogoy\u00e1, estuvo presente el ingeniero agr\u00f3nomo Sergio Fettolini, encargado de la sucursal de Crucesitas Octava.\" \/>\n<meta property=\"og:url\" content=\"https:\/\/informelitoral.com.ar\/expo-leche-2025-coopar-estuvo-presente-con-la-sucursal-de-crucesitas-septima\/\" \/>\n<meta property=\"og:site_name\" content=\"Informe Litoral\" \/>\n<meta property=\"article:publisher\" content=\"https:\/\/www.facebook.com\/informelitoral\/\" \/>\n<meta property=\"article:published_time\" content=\"2025-05-26T01:33:14+00:00\" \/>\n<meta property=\"article:modified_time\" content=\"2025-05-26T01:36:50+00:00\" \/>\n<meta property=\"og:image\" content=\"https:\/\/informelitoral.com.ar\/%77%70%2d%63%6f%6e%74%65%6e%74\/uploads\/2025\/05\/Expo-Leche-4--scaled.jpg\" \/>\n\t<meta property=\"og:image:width\" content=\"2560\" \/>\n\t<meta property=\"og:image:height\" content=\"1680\" \/>\n\t<meta property=\"og:image:type\" content=\"image\/jpeg\" \/>\n<meta name=\"author\" content=\"Gonzalo Schmidt\" \/>\n<meta name=\"twitter:card\" content=\"summary_large_image\" \/>\n<meta name=\"twitter:creator\" content=\"@InformeLitoral\" \/>\n<meta name=\"twitter:site\" content=\"@InformeLitoral\" \/>\n<meta name=\"twitter:label1\" content=\"Escrito por\" \/>\n\t<meta name=\"twitter:data1\" content=\"Gonzalo Schmidt\" \/>\n\t<meta name=\"twitter:label2\" content=\"Tiempo de lectura\" \/>\n\t<meta name=\"twitter:data2\" content=\"3 minutos\" \/>\n<script type=\"application\/ld+json\" class=\"yoast-schema-graph\">{\"@context\":\"https:\\\/\\\/schema.org\",\"@graph\":[{\"@type\":\"Article\",\"@id\":\"https:\\\/\\\/informelitoral.com.ar\\\/expo-leche-2025-coopar-estuvo-presente-con-la-sucursal-de-crucesitas-septima\\\/#article\",\"isPartOf\":{\"@id\":\"https:\\\/\\\/informelitoral.com.ar\\\/expo-leche-2025-coopar-estuvo-presente-con-la-sucursal-de-crucesitas-septima\\\/\"},\"author\":{\"name\":\"Gonzalo Schmidt\",\"@id\":\"https:\\\/\\\/informelitoral.com.ar\\\/#\\\/schema\\\/person\\\/b9d00407c836482871ef1d57bf8e3180\"},\"headline\":\"Expo Leche 2025: Coopar estuvo presente con la sucursal de Crucesitas S\u00e9ptima\",\"datePublished\":\"2025-05-26T01:33:14+00:00\",\"dateModified\":\"2025-05-26T01:36:50+00:00\",\"mainEntityOfPage\":{\"@id\":\"https:\\\/\\\/informelitoral.com.ar\\\/expo-leche-2025-coopar-estuvo-presente-con-la-sucursal-de-crucesitas-septima\\\/\"},\"wordCount\":543,\"commentCount\":0,\"publisher\":{\"@id\":\"https:\\\/\\\/informelitoral.com.ar\\\/#organization\"},\"image\":{\"@id\":\"https:\\\/\\\/informelitoral.com.ar\\\/expo-leche-2025-coopar-estuvo-presente-con-la-sucursal-de-crucesitas-septima\\\/#primaryimage\"},\"thumbnailUrl\":\"https:\\\/\\\/informelitoral.com.ar\\\/%77%70%2d%63%6f%6e%74%65%6e%74\\\/uploads\\\/2025\\\/05\\\/Expo-Leche-4--scaled.jpg\",\"keywords\":[\"Aranguren\",\"Coopar\",\"Departamento Nogoy\u00e1\",\"Nogoy\u00e1\"],\"articleSection\":[\"Campo\"],\"inLanguage\":\"es\",\"potentialAction\":[{\"@type\":\"CommentAction\",\"name\":\"Comment\",\"target\":[\"https:\\\/\\\/informelitoral.com.ar\\\/expo-leche-2025-coopar-estuvo-presente-con-la-sucursal-de-crucesitas-septima\\\/#respond\"]}]},{\"@type\":\"WebPage\",\"@id\":\"https:\\\/\\\/informelitoral.com.ar\\\/expo-leche-2025-coopar-estuvo-presente-con-la-sucursal-de-crucesitas-septima\\\/\",\"url\":\"https:\\\/\\\/informelitoral.com.ar\\\/expo-leche-2025-coopar-estuvo-presente-con-la-sucursal-de-crucesitas-septima\\\/\",\"name\":\"Expo Leche 2025: Coopar estuvo presente con la sucursal de Crucesitas S\u00e9ptima - Informe Litoral\",\"isPartOf\":{\"@id\":\"https:\\\/\\\/informelitoral.com.ar\\\/#website\"},\"primaryImageOfPage\":{\"@id\":\"https:\\\/\\\/informelitoral.com.ar\\\/expo-leche-2025-coopar-estuvo-presente-con-la-sucursal-de-crucesitas-septima\\\/#primaryimage\"},\"image\":{\"@id\":\"https:\\\/\\\/informelitoral.com.ar\\\/expo-leche-2025-coopar-estuvo-presente-con-la-sucursal-de-crucesitas-septima\\\/#primaryimage\"},\"thumbnailUrl\":\"https:\\\/\\\/informelitoral.com.ar\\\/%77%70%2d%63%6f%6e%74%65%6e%74\\\/uploads\\\/2025\\\/05\\\/Expo-Leche-4--scaled.jpg\",\"datePublished\":\"2025-05-26T01:33:14+00:00\",\"dateModified\":\"2025-05-26T01:36:50+00:00\",\"breadcrumb\":{\"@id\":\"https:\\\/\\\/informelitoral.com.ar\\\/expo-leche-2025-coopar-estuvo-presente-con-la-sucursal-de-crucesitas-septima\\\/#breadcrumb\"},\"inLanguage\":\"es\",\"potentialAction\":[{\"@type\":\"ReadAction\",\"target\":[\"https:\\\/\\\/informelitoral.com.ar\\\/expo-leche-2025-coopar-estuvo-presente-con-la-sucursal-de-crucesitas-septima\\\/\"]}]},{\"@type\":\"ImageObject\",\"inLanguage\":\"es\",\"@id\":\"https:\\\/\\\/informelitoral.com.ar\\\/expo-leche-2025-coopar-estuvo-presente-con-la-sucursal-de-crucesitas-septima\\\/#primaryimage\",\"url\":\"https:\\\/\\\/informelitoral.com.ar\\\/%77%70%2d%63%6f%6e%74%65%6e%74\\\/uploads\\\/2025\\\/05\\\/Expo-Leche-4--scaled.jpg\",\"contentUrl\":\"https:\\\/\\\/informelitoral.com.ar\\\/%77%70%2d%63%6f%6e%74%65%6e%74\\\/uploads\\\/2025\\\/05\\\/Expo-Leche-4--scaled.jpg\",\"width\":2560,\"height\":1680},{\"@type\":\"BreadcrumbList\",\"@id\":\"https:\\\/\\\/informelitoral.com.ar\\\/expo-leche-2025-coopar-estuvo-presente-con-la-sucursal-de-crucesitas-septima\\\/#breadcrumb\",\"itemListElement\":[{\"@type\":\"ListItem\",\"position\":1,\"name\":\"Portada\",\"item\":\"https:\\\/\\\/informelitoral.com.ar\\\/\"},{\"@type\":\"ListItem\",\"position\":2,\"name\":\"Expo Leche 2025: Coopar estuvo presente con la sucursal de Crucesitas S\u00e9ptima\"}]},{\"@type\":\"WebSite\",\"@id\":\"https:\\\/\\\/informelitoral.com.ar\\\/#website\",\"url\":\"https:\\\/\\\/informelitoral.com.ar\\\/\",\"name\":\"Informe Litoral\",\"description\":\"&quot;Nos informamos&quot; \",\"publisher\":{\"@id\":\"https:\\\/\\\/informelitoral.com.ar\\\/#organization\"},\"potentialAction\":[{\"@type\":\"SearchAction\",\"target\":{\"@type\":\"EntryPoint\",\"urlTemplate\":\"https:\\\/\\\/informelitoral.com.ar\\\/?s={search_term_string}\"},\"query-input\":{\"@type\":\"PropertyValueSpecification\",\"valueRequired\":true,\"valueName\":\"search_term_string\"}}],\"inLanguage\":\"es\"},{\"@type\":\"Organization\",\"@id\":\"https:\\\/\\\/informelitoral.com.ar\\\/#organization\",\"name\":\"Informe Litoral\",\"url\":\"https:\\\/\\\/informelitoral.com.ar\\\/\",\"logo\":{\"@type\":\"ImageObject\",\"inLanguage\":\"es\",\"@id\":\"https:\\\/\\\/informelitoral.com.ar\\\/#\\\/schema\\\/logo\\\/image\\\/\",\"url\":\"https:\\\/\\\/informelitoral.com.ar\\\/%77%70%2d%63%6f%6e%74%65%6e%74\\\/uploads\\\/2021\\\/01\\\/circulo.png\",\"contentUrl\":\"https:\\\/\\\/informelitoral.com.ar\\\/%77%70%2d%63%6f%6e%74%65%6e%74\\\/uploads\\\/2021\\\/01\\\/circulo.png\",\"width\":723,\"height\":731,\"caption\":\"Informe Litoral\"},\"image\":{\"@id\":\"https:\\\/\\\/informelitoral.com.ar\\\/#\\\/schema\\\/logo\\\/image\\\/\"},\"sameAs\":[\"https:\\\/\\\/www.facebook.com\\\/informelitoral\\\/\",\"https:\\\/\\\/x.com\\\/InformeLitoral\",\"https:\\\/\\\/www.instagram.com\\\/informelitoral\\\/\",\"https:\\\/\\\/www.youtube.com\\\/channel\\\/UCua4Qvz8Icb6MYqhoq9xLXw\"]},{\"@type\":\"Person\",\"@id\":\"https:\\\/\\\/informelitoral.com.ar\\\/#\\\/schema\\\/person\\\/b9d00407c836482871ef1d57bf8e3180\",\"name\":\"Gonzalo Schmidt\",\"image\":{\"@type\":\"ImageObject\",\"inLanguage\":\"es\",\"@id\":\"https:\\\/\\\/secure.gravatar.com\\\/avatar\\\/31a1a7b66ff2de83bd0e9fd79d026630d2d99e55e8bfe501287647b4fd9743de?s=96&d=mm&r=g\",\"url\":\"https:\\\/\\\/secure.gravatar.com\\\/avatar\\\/31a1a7b66ff2de83bd0e9fd79d026630d2d99e55e8bfe501287647b4fd9743de?s=96&d=mm&r=g\",\"contentUrl\":\"https:\\\/\\\/secure.gravatar.com\\\/avatar\\\/31a1a7b66ff2de83bd0e9fd79d026630d2d99e55e8bfe501287647b4fd9743de?s=96&d=mm&r=g\",\"caption\":\"Gonzalo Schmidt\"},\"description\":\"Sitio web de noticias de la provincia de Entre R\u00edos, Argentina. Informaci\u00f3n y entretenimiento. Informe Litoral, nos informamos.\",\"sameAs\":[\"http:\\\/\\\/www.isletasnoticias.com.ar\"],\"url\":\"https:\\\/\\\/informelitoral.com.ar\\\/author\\\/gonzalo\\\/\"}]}<\/script>","yoast_head_json":{"title":"Expo Leche 2025: Coopar estuvo presente con la sucursal de Crucesitas S\u00e9ptima - Informe Litoral","robots":{"index":"index","follow":"follow","max-snippet":"max-snippet:-1","max-image-preview":"max-image-preview:large","max-video-preview":"max-video-preview:-1"},"canonical":"https:\/\/informelitoral.com.ar\/expo-leche-2025-coopar-estuvo-presente-con-la-sucursal-de-crucesitas-septima\/","og_locale":"es_ES","og_type":"article","og_title":"Expo Leche 2025: Coopar estuvo presente con la sucursal de Crucesitas S\u00e9ptima - Informe Litoral","og_description":"En el stand que despleg\u00f3 la sucursal COOPAR de Nogoy\u00e1, en la XXI Expo Provincial de la Leche y la XII Expo Jersey Entrerriana, los d\u00edas 9, 10 y 11 del corriente mes, en el predio de la Sociedad Rural de Nogoy\u00e1, estuvo presente el ingeniero agr\u00f3nomo Sergio Fettolini, encargado de la sucursal de Crucesitas Octava.","og_url":"https:\/\/informelitoral.com.ar\/expo-leche-2025-coopar-estuvo-presente-con-la-sucursal-de-crucesitas-septima\/","og_site_name":"Informe Litoral","article_publisher":"https:\/\/www.facebook.com\/informelitoral\/","article_published_time":"2025-05-26T01:33:14+00:00","article_modified_time":"2025-05-26T01:36:50+00:00","og_image":[{"width":2560,"height":1680,"url":"https:\/\/informelitoral.com.ar\/%77%70%2d%63%6f%6e%74%65%6e%74\/uploads\/2025\/05\/Expo-Leche-4--scaled.jpg","type":"image\/jpeg"}],"author":"Gonzalo Schmidt","twitter_card":"summary_large_image","twitter_creator":"@InformeLitoral","twitter_site":"@InformeLitoral","twitter_misc":{"Escrito por":"Gonzalo Schmidt","Tiempo de lectura":"3 minutos"},"schema":{"@context":"https:\/\/schema.org","@graph":[{"@type":"Article","@id":"https:\/\/informelitoral.com.ar\/expo-leche-2025-coopar-estuvo-presente-con-la-sucursal-de-crucesitas-septima\/#article","isPartOf":{"@id":"https:\/\/informelitoral.com.ar\/expo-leche-2025-coopar-estuvo-presente-con-la-sucursal-de-crucesitas-septima\/"},"author":{"name":"Gonzalo Schmidt","@id":"https:\/\/informelitoral.com.ar\/#\/schema\/person\/b9d00407c836482871ef1d57bf8e3180"},"headline":"Expo Leche 2025: Coopar estuvo presente con la sucursal de Crucesitas S\u00e9ptima","datePublished":"2025-05-26T01:33:14+00:00","dateModified":"2025-05-26T01:36:50+00:00","mainEntityOfPage":{"@id":"https:\/\/informelitoral.com.ar\/expo-leche-2025-coopar-estuvo-presente-con-la-sucursal-de-crucesitas-septima\/"},"wordCount":543,"commentCount":0,"publisher":{"@id":"https:\/\/informelitoral.com.ar\/#organization"},"image":{"@id":"https:\/\/informelitoral.com.ar\/expo-leche-2025-coopar-estuvo-presente-con-la-sucursal-de-crucesitas-septima\/#primaryimage"},"thumbnailUrl":"https:\/\/informelitoral.com.ar\/%77%70%2d%63%6f%6e%74%65%6e%74\/uploads\/2025\/05\/Expo-Leche-4--scaled.jpg","keywords":["Aranguren","Coopar","Departamento Nogoy\u00e1","Nogoy\u00e1"],"articleSection":["Campo"],"inLanguage":"es","potentialAction":[{"@type":"CommentAction","name":"Comment","target":["https:\/\/informelitoral.com.ar\/expo-leche-2025-coopar-estuvo-presente-con-la-sucursal-de-crucesitas-septima\/#respond"]}]},{"@type":"WebPage","@id":"https:\/\/informelitoral.com.ar\/expo-leche-2025-coopar-estuvo-presente-con-la-sucursal-de-crucesitas-septima\/","url":"https:\/\/informelitoral.com.ar\/expo-leche-2025-coopar-estuvo-presente-con-la-sucursal-de-crucesitas-septima\/","name":"Expo Leche 2025: Coopar estuvo presente con la sucursal de Crucesitas S\u00e9ptima - Informe Litoral","isPartOf":{"@id":"https:\/\/informelitoral.com.ar\/#website"},"primaryImageOfPage":{"@id":"https:\/\/informelitoral.com.ar\/expo-leche-2025-coopar-estuvo-presente-con-la-sucursal-de-crucesitas-septima\/#primaryimage"},"image":{"@id":"https:\/\/informelitoral.com.ar\/expo-leche-2025-coopar-estuvo-presente-con-la-sucursal-de-crucesitas-septima\/#primaryimage"},"thumbnailUrl":"https:\/\/informelitoral.com.ar\/%77%70%2d%63%6f%6e%74%65%6e%74\/uploads\/2025\/05\/Expo-Leche-4--scaled.jpg","datePublished":"2025-05-26T01:33:14+00:00","dateModified":"2025-05-26T01:36:50+00:00","breadcrumb":{"@id":"https:\/\/informelitoral.com.ar\/expo-leche-2025-coopar-estuvo-presente-con-la-sucursal-de-crucesitas-septima\/#breadcrumb"},"inLanguage":"es","potentialAction":[{"@type":"ReadAction","target":["https:\/\/informelitoral.com.ar\/expo-leche-2025-coopar-estuvo-presente-con-la-sucursal-de-crucesitas-septima\/"]}]},{"@type":"ImageObject","inLanguage":"es","@id":"https:\/\/informelitoral.com.ar\/expo-leche-2025-coopar-estuvo-presente-con-la-sucursal-de-crucesitas-septima\/#primaryimage","url":"https:\/\/informelitoral.com.ar\/%77%70%2d%63%6f%6e%74%65%6e%74\/uploads\/2025\/05\/Expo-Leche-4--scaled.jpg","contentUrl":"https:\/\/informelitoral.com.ar\/%77%70%2d%63%6f%6e%74%65%6e%74\/uploads\/2025\/05\/Expo-Leche-4--scaled.jpg","width":2560,"height":1680},{"@type":"BreadcrumbList","@id":"https:\/\/informelitoral.com.ar\/expo-leche-2025-coopar-estuvo-presente-con-la-sucursal-de-crucesitas-septima\/#breadcrumb","itemListElement":[{"@type":"ListItem","position":1,"name":"Portada","item":"https:\/\/informelitoral.com.ar\/"},{"@type":"ListItem","position":2,"name":"Expo Leche 2025: Coopar estuvo presente con la sucursal de Crucesitas S\u00e9ptima"}]},{"@type":"WebSite","@id":"https:\/\/informelitoral.com.ar\/#website","url":"https:\/\/informelitoral.com.ar\/","name":"Informe Litoral","description":"&quot;Nos informamos&quot; ","publisher":{"@id":"https:\/\/informelitoral.com.ar\/#organization"},"potentialAction":[{"@type":"SearchAction","target":{"@type":"EntryPoint","urlTemplate":"https:\/\/informelitoral.com.ar\/?s={search_term_string}"},"query-input":{"@type":"PropertyValueSpecification","valueRequired":true,"valueName":"search_term_string"}}],"inLanguage":"es"},{"@type":"Organization","@id":"https:\/\/informelitoral.com.ar\/#organization","name":"Informe Litoral","url":"https:\/\/informelitoral.com.ar\/","logo":{"@type":"ImageObject","inLanguage":"es","@id":"https:\/\/informelitoral.com.ar\/#\/schema\/logo\/image\/","url":"https:\/\/informelitoral.com.ar\/%77%70%2d%63%6f%6e%74%65%6e%74\/uploads\/2021\/01\/circulo.png","contentUrl":"https:\/\/informelitoral.com.ar\/%77%70%2d%63%6f%6e%74%65%6e%74\/uploads\/2021\/01\/circulo.png","width":723,"height":731,"caption":"Informe Litoral"},"image":{"@id":"https:\/\/informelitoral.com.ar\/#\/schema\/logo\/image\/"},"sameAs":["https:\/\/www.facebook.com\/informelitoral\/","https:\/\/x.com\/InformeLitoral","https:\/\/www.instagram.com\/informelitoral\/","https:\/\/www.youtube.com\/channel\/UCua4Qvz8Icb6MYqhoq9xLXw"]},{"@type":"Person","@id":"https:\/\/informelitoral.com.ar\/#\/schema\/person\/b9d00407c836482871ef1d57bf8e3180","name":"Gonzalo Schmidt","image":{"@type":"ImageObject","inLanguage":"es","@id":"https:\/\/secure.gravatar.com\/avatar\/31a1a7b66ff2de83bd0e9fd79d026630d2d99e55e8bfe501287647b4fd9743de?s=96&d=mm&r=g","url":"https:\/\/secure.gravatar.com\/avatar\/31a1a7b66ff2de83bd0e9fd79d026630d2d99e55e8bfe501287647b4fd9743de?s=96&d=mm&r=g","contentUrl":"https:\/\/secure.gravatar.com\/avatar\/31a1a7b66ff2de83bd0e9fd79d026630d2d99e55e8bfe501287647b4fd9743de?s=96&d=mm&r=g","caption":"Gonzalo Schmidt"},"description":"Sitio web de noticias de la provincia de Entre R\u00edos, Argentina. Informaci\u00f3n y entretenimiento. Informe Litoral, nos informamos.","sameAs":["http:\/\/www.isletasnoticias.com.ar"],"url":"https:\/\/informelitoral.com.ar\/author\/gonzalo\/"}]}},"_links":{"self":[{"href":"https:\/\/informelitoral.com.ar\/%77%70%2d%6a%73%6f%6e\/wp\/v2\/posts\/221787","targetHints":{"allow":["GET"]}}],"collection":[{"href":"https:\/\/informelitoral.com.ar\/%77%70%2d%6a%73%6f%6e\/wp\/v2\/posts"}],"about":[{"href":"https:\/\/informelitoral.com.ar\/%77%70%2d%6a%73%6f%6e\/wp\/v2\/types\/post"}],"author":[{"embeddable":true,"href":"https:\/\/informelitoral.com.ar\/%77%70%2d%6a%73%6f%6e\/wp\/v2\/users\/2"}],"replies":[{"embeddable":true,"href":"https:\/\/informelitoral.com.ar\/%77%70%2d%6a%73%6f%6e\/wp\/v2\/comments?post=221787"}],"version-history":[{"count":0,"href":"https:\/\/informelitoral.com.ar\/%77%70%2d%6a%73%6f%6e\/wp\/v2\/posts\/221787\/revisions"}],"wp:featuredmedia":[{"embeddable":true,"href":"https:\/\/informelitoral.com.ar\/%77%70%2d%6a%73%6f%6e\/wp\/v2\/media\/221784"}],"wp:attachment":[{"href":"https:\/\/informelitoral.com.ar\/%77%70%2d%6a%73%6f%6e\/wp\/v2\/media?parent=221787"}],"wp:term":[{"taxonomy":"category","embeddable":true,"href":"https:\/\/informelitoral.com.ar\/%77%70%2d%6a%73%6f%6e\/wp\/v2\/categories?post=221787"},{"taxonomy":"post_tag","embeddable":true,"href":"https:\/\/informelitoral.com.ar\/%77%70%2d%6a%73%6f%6e\/wp\/v2\/tags?post=221787"}],"curies":[{"name":"wp","href":"https:\/\/api.w.org\/{rel}","templated":true}]}}