{"id":221781,"date":"2025-05-25T22:19:37","date_gmt":"2025-05-26T01:19:37","guid":{"rendered":"https:\/\/informelitoral.com.ar\/?p=221781"},"modified":"2025-05-25T22:19:37","modified_gmt":"2025-05-26T01:19:37","slug":"araguren-contara-con-un-vehiculo-0km-para-transporte-de-personas","status":"publish","type":"post","link":"https:\/\/informelitoral.com.ar\/araguren-contara-con-un-vehiculo-0km-para-transporte-de-personas\/","title":{"rendered":"Araguren contar\u00e1 con un veh\u00edculo 0Km para transporte de personas"},"content":{"rendered":"<p>El temario fue diverso: adhesi\u00f3n a un plan de capitalizaci\u00f3n para la adquisici\u00f3n de una Trafic 0Km y la titularizaci\u00f3n en el cargo de la tesorera municipal, Evangelina Algara\u00f1\u00e1, t\u00f3picos aprobados por el Concejo Deliberante.<\/p>\n<p>Como novedades se trataron temas referidos al <strong>aniversario de Aranguren,<\/strong> contando en esta oportunidad con el apoyo de empresas, emprendedores, pymes y expositores locales.<br \/>\nTambi\u00e9n se desatacaron obras como<strong> cord\u00f3n cuneta en el barrio sur, sobre avenida Victoria, nueva subasta de terrenos municipales para el 25 de julio, obras de seguridad vial, como la se\u00f1al\u00e9tica, fomentando el tr\u00e1nsito regulado y controlado, preservando la seguridad de la poblaci\u00f3n.<\/strong><\/p>\n<p>Por \u00faltimo, el presidente municipal, anunci\u00f3 un <strong>aumento salarial del 10% para todos los empleados municipales.<\/strong> Adem\u00e1s, se realiz\u00f3 una invitaci\u00f3n a toda la comunidad para el <strong>acto oficial del 25 de Mayo<\/strong>, que se concretar\u00e1 el domingo, a las 11:00 en la Casa del Bicentenario.<\/p>\n<p>Durante la primera parte de la entrevista, el secretario de Gobierno, <strong>Ramiro Mu\u00f1oz<\/strong>, se refiri\u00f3 a la expo que se realizar\u00e1 junto al cumplea\u00f1os del pueblo, el s\u00e1bado 28 de junio hasta las primeras horas del domingo 29, en el Complejo Deportivo Municipal: \u201cLas \u00e1reas de Cultura y Producci\u00f3n est\u00e1n trabajando en lo que ser\u00e1n los festejos por el aniversario de nuestro pueblo. Este a\u00f1o, el valor agregado ser\u00e1 una fuerte puesta en valor de empresas y pymes arangurenses, para lo cual <strong>Fabi\u00e1n Bruggeman<\/strong>, encargado de Producci\u00f3n y Ambiente, ha estado trabajando con mucho intercambio con los vecinos y empresas locales y esto ha permitido que podamos realizar un anexo de expo dentro de lo que ser\u00eda la habitual fiesta. Este a\u00f1o queremos darle la vidriera y el escenario que con mucho esfuerzo se han ganado y merecen las empresas y pymes locales\u201d, expres\u00f3 Mu\u00f1oz.<\/p>\n<p><strong>Trafic 0Km y tritularizaci\u00f3n de tesorera municipal:<\/strong> Temas aprobados en la sesi\u00f3n del Concejo Deliberante del pasado lunes 19 de mayo. Sobre esto, el bioingeniero mencion\u00f3 qu\u00e9 se aprob\u00f3: \u201cLa suscripci\u00f3n por parte del Municipio a un plan de capitalizaci\u00f3n para comprar una nueva unidad que nos permita seguir prestando, seg\u00fan la reglamentaci\u00f3n correspondiente, el servicio de transporte que es de uso municipal y completamente solidario a todas las instituciones locales\u201d, sintetiz\u00f3.<\/p>\n<p>En referencia a la<strong> titularizaci\u00f3n de la tesorera municipal,<\/strong> Mu\u00f1oz dijo qu\u00e9: \u201cEl otro proyecto que se aprob\u00f3 tiene que ver con el orden institucional y viene a cerrar una etapa anterior que tuvo mucho que ver con un sumario administrativo sobre un agente municipal que la Justicia determin\u00f3 en segunda instancia la sentencia que sostuvo anteriormente, que es la exoneraci\u00f3n del cargo. Esto dej\u00f3 una vacante en un sector muy sensible que es la Tesorer\u00eda Municipal. De forma interina estuvo trabajando una agente municipal y luego del proceso judicial anteriormente mencionado hizo que se pueda formalizar la designaci\u00f3n en el cargo, ya no en comisi\u00f3n sino con el acuerdo del bloque legislativo. Esto suma mucho para la persona, es una realidad muy importante poder ser titular en el cargo al tratarse de una persona con gran idoneidad, con quien hemos podido trabajar codo a codo en la gesti\u00f3n, termina siendo de gran importancia para nosotros, pero sobre todo para la persona nombrada. Para esto fue muy importante el acuerdo que pudo dar casi todo el Concejo Deliberante. Fue un proyecto que se vot\u00f3 casi por unanimidad, hubo solo una abstenci\u00f3n por parte del bloque opositor, lo cual forma parte de la democracia, de las instituciones.<br \/>\nDesde el punto de vista de la gesti\u00f3n nos deja muy tranquilos poder reconocer la trayectoria de la agente municipal, <strong>Evangelina Algara\u00f1\u00e1<\/strong>, quien hoy es la tesorera titular del municipio de Aranguren.<\/p>\n<p>Por su parte, el presidente municipal de Aranguren,<strong> Luis Siebenlist,<\/strong> habl\u00f3 sobre una importante obra de cord\u00f3n cuneta que se est\u00e1 llevando a cabo sobre Avenida Victoria, en la zona de la urbanizaci\u00f3n sur: \u201cSe est\u00e1 avanzando de una manera muy importante gracias al equipo de trabajo a quienes le reconocemos su esfuerzo y dedicaci\u00f3n. El cord\u00f3n cuneta nos va a permitir agregar calles para avanzar con la urbanizaci\u00f3n sur, teniendo en cuenta que en la subasta p\u00fablica presencial se vendieron tres terrenos sumado al terreno ya vendido anteriormente en la subasta on line, por lo tanto, tenemos que cumplir con lo que est\u00e1 establecido por ordenanza y con la expectativa de seguir despertando el inter\u00e9s en muchas personas para que se sumen durante las pr\u00f3ximas subastas. Hubo j\u00f3venes que adquirieron terrenos quienes est\u00e1n proyectando su futuro, bienvenido es que lo puedan hacer, m\u00e1s all\u00e1 de la coyuntura econ\u00f3mica actual\u201d, expres\u00f3 Siebenlist. Un dato importante es que la nueva subasta presencial se realizar\u00e1 el 25 de julio del corriente a\u00f1o.<\/p>\n<p>Al respecto, el intendente de Aranguren, agreg\u00f3 que: \u201cEstamos esperando que comience el tendido el\u00e9ctrico por parte de la cooperativa San Mart\u00edn, ya pagamos un 60% de la obra.<br \/>\nLos terrenos cuentan con todos los servicios b\u00e1sicos, cloacas, agua, cord\u00f3n cuneta y pr\u00f3ximamente todos estar\u00e1n dotados de tendido el\u00e9ctrico.<\/p>\n<p>Tenemos que ser consecuentes con las ordenanzas que se emanan desde el Concejo Deliberante, los terrenos que est\u00e1n a la venta tienen que tener los servicios b\u00e1sicos esenciales como le exigir\u00edamos a cualquier emprendimiento inmobiliario que desee establecerse. Luz, agua, cloacas, apto de zona no inundable, tienen toda la normativa vigente que se exige para evitar problemas a futuro a trav\u00e9s de la planificaci\u00f3n\u201d, resumi\u00f3 Siebenlist.<\/p>\n","protected":false},"excerpt":{"rendered":"<p>El intendente de Aranguren, Luis Siebenlist, junto al secretario de Gobierno, bioingeniero Ramiro Mu\u00f1oz, repasaron diversos temas de gesti\u00f3n y los preparativos para el aniversario de la ciudad. <\/p>\n","protected":false},"author":2,"featured_media":221782,"comment_status":"open","ping_status":"open","sticky":false,"template":"","format":"standard","meta":{"fifu_image_url":"","fifu_image_alt":"","footnotes":""},"categories":[4592],"tags":[143,111,173],"class_list":{"0":"post-221781","1":"post","2":"type-post","3":"status-publish","4":"format-standard","5":"has-post-thumbnail","7":"category-departamento-nogoya","8":"tag-aranguren","9":"tag-municipales","10":"tag-municipio"},"yoast_head":"<title>Araguren contar\u00e1 con un veh\u00edculo 0Km para transporte de personas - Informe Litoral<\/title>\n<meta name=\"robots\" content=\"index, follow, max-snippet:-1, max-image-preview:large, max-video-preview:-1\" \/>\n<link rel=\"canonical\" href=\"https:\/\/informelitoral.com.ar\/araguren-contara-con-un-vehiculo-0km-para-transporte-de-personas\/\" \/>\n<meta property=\"og:locale\" content=\"es_ES\" \/>\n<meta property=\"og:type\" content=\"article\" \/>\n<meta property=\"og:title\" content=\"Araguren contar\u00e1 con un veh\u00edculo 0Km para transporte de personas - Informe Litoral\" \/>\n<meta property=\"og:description\" content=\"El intendente de Aranguren, Luis Siebenlist, junto al secretario de Gobierno, bioingeniero Ramiro Mu\u00f1oz, repasaron diversos temas de gesti\u00f3n y los preparativos para el aniversario de la ciudad.\" \/>\n<meta property=\"og:url\" content=\"https:\/\/informelitoral.com.ar\/araguren-contara-con-un-vehiculo-0km-para-transporte-de-personas\/\" \/>\n<meta property=\"og:site_name\" content=\"Informe Litoral\" \/>\n<meta property=\"article:publisher\" content=\"https:\/\/www.facebook.com\/informelitoral\/\" \/>\n<meta property=\"article:published_time\" content=\"2025-05-26T01:19:37+00:00\" \/>\n<meta property=\"og:image\" content=\"https:\/\/informelitoral.com.ar\/%77%70%2d%63%6f%6e%74%65%6e%74\/uploads\/2025\/05\/1A.jpg\" \/>\n\t<meta property=\"og:image:width\" content=\"1200\" \/>\n\t<meta property=\"og:image:height\" content=\"1600\" \/>\n\t<meta property=\"og:image:type\" content=\"image\/jpeg\" \/>\n<meta name=\"author\" content=\"Gonzalo Schmidt\" \/>\n<meta name=\"twitter:card\" content=\"summary_large_image\" \/>\n<meta name=\"twitter:creator\" content=\"@InformeLitoral\" \/>\n<meta name=\"twitter:site\" content=\"@InformeLitoral\" \/>\n<meta name=\"twitter:label1\" content=\"Escrito por\" \/>\n\t<meta name=\"twitter:data1\" content=\"Gonzalo Schmidt\" \/>\n\t<meta name=\"twitter:label2\" content=\"Tiempo de lectura\" \/>\n\t<meta name=\"twitter:data2\" content=\"5 minutos\" \/>\n<script type=\"application\/ld+json\" class=\"yoast-schema-graph\">{\"@context\":\"https:\\\/\\\/schema.org\",\"@graph\":[{\"@type\":\"Article\",\"@id\":\"https:\\\/\\\/informelitoral.com.ar\\\/araguren-contara-con-un-vehiculo-0km-para-transporte-de-personas\\\/#article\",\"isPartOf\":{\"@id\":\"https:\\\/\\\/informelitoral.com.ar\\\/araguren-contara-con-un-vehiculo-0km-para-transporte-de-personas\\\/\"},\"author\":{\"name\":\"Gonzalo Schmidt\",\"@id\":\"https:\\\/\\\/informelitoral.com.ar\\\/#\\\/schema\\\/person\\\/b9d00407c836482871ef1d57bf8e3180\"},\"headline\":\"Araguren contar\u00e1 con un veh\u00edculo 0Km para transporte de personas\",\"datePublished\":\"2025-05-26T01:19:37+00:00\",\"mainEntityOfPage\":{\"@id\":\"https:\\\/\\\/informelitoral.com.ar\\\/araguren-contara-con-un-vehiculo-0km-para-transporte-de-personas\\\/\"},\"wordCount\":955,\"commentCount\":0,\"publisher\":{\"@id\":\"https:\\\/\\\/informelitoral.com.ar\\\/#organization\"},\"image\":{\"@id\":\"https:\\\/\\\/informelitoral.com.ar\\\/araguren-contara-con-un-vehiculo-0km-para-transporte-de-personas\\\/#primaryimage\"},\"thumbnailUrl\":\"https:\\\/\\\/informelitoral.com.ar\\\/%77%70%2d%63%6f%6e%74%65%6e%74\\\/uploads\\\/2025\\\/05\\\/1A.jpg\",\"keywords\":[\"Aranguren\",\"Municipales\",\"Municipio\"],\"articleSection\":[\"Departamento Nogoy\u00e1\"],\"inLanguage\":\"es\",\"potentialAction\":[{\"@type\":\"CommentAction\",\"name\":\"Comment\",\"target\":[\"https:\\\/\\\/informelitoral.com.ar\\\/araguren-contara-con-un-vehiculo-0km-para-transporte-de-personas\\\/#respond\"]}]},{\"@type\":\"WebPage\",\"@id\":\"https:\\\/\\\/informelitoral.com.ar\\\/araguren-contara-con-un-vehiculo-0km-para-transporte-de-personas\\\/\",\"url\":\"https:\\\/\\\/informelitoral.com.ar\\\/araguren-contara-con-un-vehiculo-0km-para-transporte-de-personas\\\/\",\"name\":\"Araguren contar\u00e1 con un veh\u00edculo 0Km para transporte de personas - Informe Litoral\",\"isPartOf\":{\"@id\":\"https:\\\/\\\/informelitoral.com.ar\\\/#website\"},\"primaryImageOfPage\":{\"@id\":\"https:\\\/\\\/informelitoral.com.ar\\\/araguren-contara-con-un-vehiculo-0km-para-transporte-de-personas\\\/#primaryimage\"},\"image\":{\"@id\":\"https:\\\/\\\/informelitoral.com.ar\\\/araguren-contara-con-un-vehiculo-0km-para-transporte-de-personas\\\/#primaryimage\"},\"thumbnailUrl\":\"https:\\\/\\\/informelitoral.com.ar\\\/%77%70%2d%63%6f%6e%74%65%6e%74\\\/uploads\\\/2025\\\/05\\\/1A.jpg\",\"datePublished\":\"2025-05-26T01:19:37+00:00\",\"breadcrumb\":{\"@id\":\"https:\\\/\\\/informelitoral.com.ar\\\/araguren-contara-con-un-vehiculo-0km-para-transporte-de-personas\\\/#breadcrumb\"},\"inLanguage\":\"es\",\"potentialAction\":[{\"@type\":\"ReadAction\",\"target\":[\"https:\\\/\\\/informelitoral.com.ar\\\/araguren-contara-con-un-vehiculo-0km-para-transporte-de-personas\\\/\"]}]},{\"@type\":\"ImageObject\",\"inLanguage\":\"es\",\"@id\":\"https:\\\/\\\/informelitoral.com.ar\\\/araguren-contara-con-un-vehiculo-0km-para-transporte-de-personas\\\/#primaryimage\",\"url\":\"https:\\\/\\\/informelitoral.com.ar\\\/%77%70%2d%63%6f%6e%74%65%6e%74\\\/uploads\\\/2025\\\/05\\\/1A.jpg\",\"contentUrl\":\"https:\\\/\\\/informelitoral.com.ar\\\/%77%70%2d%63%6f%6e%74%65%6e%74\\\/uploads\\\/2025\\\/05\\\/1A.jpg\",\"width\":1200,\"height\":1600},{\"@type\":\"BreadcrumbList\",\"@id\":\"https:\\\/\\\/informelitoral.com.ar\\\/araguren-contara-con-un-vehiculo-0km-para-transporte-de-personas\\\/#breadcrumb\",\"itemListElement\":[{\"@type\":\"ListItem\",\"position\":1,\"name\":\"Portada\",\"item\":\"https:\\\/\\\/informelitoral.com.ar\\\/\"},{\"@type\":\"ListItem\",\"position\":2,\"name\":\"Araguren contar\u00e1 con un veh\u00edculo 0Km para transporte de personas\"}]},{\"@type\":\"WebSite\",\"@id\":\"https:\\\/\\\/informelitoral.com.ar\\\/#website\",\"url\":\"https:\\\/\\\/informelitoral.com.ar\\\/\",\"name\":\"Informe Litoral\",\"description\":\"&quot;Nos informamos&quot; \",\"publisher\":{\"@id\":\"https:\\\/\\\/informelitoral.com.ar\\\/#organization\"},\"potentialAction\":[{\"@type\":\"SearchAction\",\"target\":{\"@type\":\"EntryPoint\",\"urlTemplate\":\"https:\\\/\\\/informelitoral.com.ar\\\/?s={search_term_string}\"},\"query-input\":{\"@type\":\"PropertyValueSpecification\",\"valueRequired\":true,\"valueName\":\"search_term_string\"}}],\"inLanguage\":\"es\"},{\"@type\":\"Organization\",\"@id\":\"https:\\\/\\\/informelitoral.com.ar\\\/#organization\",\"name\":\"Informe Litoral\",\"url\":\"https:\\\/\\\/informelitoral.com.ar\\\/\",\"logo\":{\"@type\":\"ImageObject\",\"inLanguage\":\"es\",\"@id\":\"https:\\\/\\\/informelitoral.com.ar\\\/#\\\/schema\\\/logo\\\/image\\\/\",\"url\":\"https:\\\/\\\/informelitoral.com.ar\\\/%77%70%2d%63%6f%6e%74%65%6e%74\\\/uploads\\\/2021\\\/01\\\/circulo.png\",\"contentUrl\":\"https:\\\/\\\/informelitoral.com.ar\\\/%77%70%2d%63%6f%6e%74%65%6e%74\\\/uploads\\\/2021\\\/01\\\/circulo.png\",\"width\":723,\"height\":731,\"caption\":\"Informe Litoral\"},\"image\":{\"@id\":\"https:\\\/\\\/informelitoral.com.ar\\\/#\\\/schema\\\/logo\\\/image\\\/\"},\"sameAs\":[\"https:\\\/\\\/www.facebook.com\\\/informelitoral\\\/\",\"https:\\\/\\\/x.com\\\/InformeLitoral\",\"https:\\\/\\\/www.instagram.com\\\/informelitoral\\\/\",\"https:\\\/\\\/www.youtube.com\\\/channel\\\/UCua4Qvz8Icb6MYqhoq9xLXw\"]},{\"@type\":\"Person\",\"@id\":\"https:\\\/\\\/informelitoral.com.ar\\\/#\\\/schema\\\/person\\\/b9d00407c836482871ef1d57bf8e3180\",\"name\":\"Gonzalo Schmidt\",\"image\":{\"@type\":\"ImageObject\",\"inLanguage\":\"es\",\"@id\":\"https:\\\/\\\/secure.gravatar.com\\\/avatar\\\/31a1a7b66ff2de83bd0e9fd79d026630d2d99e55e8bfe501287647b4fd9743de?s=96&d=mm&r=g\",\"url\":\"https:\\\/\\\/secure.gravatar.com\\\/avatar\\\/31a1a7b66ff2de83bd0e9fd79d026630d2d99e55e8bfe501287647b4fd9743de?s=96&d=mm&r=g\",\"contentUrl\":\"https:\\\/\\\/secure.gravatar.com\\\/avatar\\\/31a1a7b66ff2de83bd0e9fd79d026630d2d99e55e8bfe501287647b4fd9743de?s=96&d=mm&r=g\",\"caption\":\"Gonzalo Schmidt\"},\"description\":\"Sitio web de noticias de la provincia de Entre R\u00edos, Argentina. Informaci\u00f3n y entretenimiento. Informe Litoral, nos informamos.\",\"sameAs\":[\"http:\\\/\\\/www.isletasnoticias.com.ar\"],\"url\":\"https:\\\/\\\/informelitoral.com.ar\\\/author\\\/gonzalo\\\/\"}]}<\/script>","yoast_head_json":{"title":"Araguren contar\u00e1 con un veh\u00edculo 0Km para transporte de personas - Informe Litoral","robots":{"index":"index","follow":"follow","max-snippet":"max-snippet:-1","max-image-preview":"max-image-preview:large","max-video-preview":"max-video-preview:-1"},"canonical":"https:\/\/informelitoral.com.ar\/araguren-contara-con-un-vehiculo-0km-para-transporte-de-personas\/","og_locale":"es_ES","og_type":"article","og_title":"Araguren contar\u00e1 con un veh\u00edculo 0Km para transporte de personas - Informe Litoral","og_description":"El intendente de Aranguren, Luis Siebenlist, junto al secretario de Gobierno, bioingeniero Ramiro Mu\u00f1oz, repasaron diversos temas de gesti\u00f3n y los preparativos para el aniversario de la ciudad.","og_url":"https:\/\/informelitoral.com.ar\/araguren-contara-con-un-vehiculo-0km-para-transporte-de-personas\/","og_site_name":"Informe Litoral","article_publisher":"https:\/\/www.facebook.com\/informelitoral\/","article_published_time":"2025-05-26T01:19:37+00:00","og_image":[{"width":1200,"height":1600,"url":"https:\/\/informelitoral.com.ar\/%77%70%2d%63%6f%6e%74%65%6e%74\/uploads\/2025\/05\/1A.jpg","type":"image\/jpeg"}],"author":"Gonzalo Schmidt","twitter_card":"summary_large_image","twitter_creator":"@InformeLitoral","twitter_site":"@InformeLitoral","twitter_misc":{"Escrito por":"Gonzalo Schmidt","Tiempo de lectura":"5 minutos"},"schema":{"@context":"https:\/\/schema.org","@graph":[{"@type":"Article","@id":"https:\/\/informelitoral.com.ar\/araguren-contara-con-un-vehiculo-0km-para-transporte-de-personas\/#article","isPartOf":{"@id":"https:\/\/informelitoral.com.ar\/araguren-contara-con-un-vehiculo-0km-para-transporte-de-personas\/"},"author":{"name":"Gonzalo Schmidt","@id":"https:\/\/informelitoral.com.ar\/#\/schema\/person\/b9d00407c836482871ef1d57bf8e3180"},"headline":"Araguren contar\u00e1 con un veh\u00edculo 0Km para transporte de personas","datePublished":"2025-05-26T01:19:37+00:00","mainEntityOfPage":{"@id":"https:\/\/informelitoral.com.ar\/araguren-contara-con-un-vehiculo-0km-para-transporte-de-personas\/"},"wordCount":955,"commentCount":0,"publisher":{"@id":"https:\/\/informelitoral.com.ar\/#organization"},"image":{"@id":"https:\/\/informelitoral.com.ar\/araguren-contara-con-un-vehiculo-0km-para-transporte-de-personas\/#primaryimage"},"thumbnailUrl":"https:\/\/informelitoral.com.ar\/%77%70%2d%63%6f%6e%74%65%6e%74\/uploads\/2025\/05\/1A.jpg","keywords":["Aranguren","Municipales","Municipio"],"articleSection":["Departamento Nogoy\u00e1"],"inLanguage":"es","potentialAction":[{"@type":"CommentAction","name":"Comment","target":["https:\/\/informelitoral.com.ar\/araguren-contara-con-un-vehiculo-0km-para-transporte-de-personas\/#respond"]}]},{"@type":"WebPage","@id":"https:\/\/informelitoral.com.ar\/araguren-contara-con-un-vehiculo-0km-para-transporte-de-personas\/","url":"https:\/\/informelitoral.com.ar\/araguren-contara-con-un-vehiculo-0km-para-transporte-de-personas\/","name":"Araguren contar\u00e1 con un veh\u00edculo 0Km para transporte de personas - Informe Litoral","isPartOf":{"@id":"https:\/\/informelitoral.com.ar\/#website"},"primaryImageOfPage":{"@id":"https:\/\/informelitoral.com.ar\/araguren-contara-con-un-vehiculo-0km-para-transporte-de-personas\/#primaryimage"},"image":{"@id":"https:\/\/informelitoral.com.ar\/araguren-contara-con-un-vehiculo-0km-para-transporte-de-personas\/#primaryimage"},"thumbnailUrl":"https:\/\/informelitoral.com.ar\/%77%70%2d%63%6f%6e%74%65%6e%74\/uploads\/2025\/05\/1A.jpg","datePublished":"2025-05-26T01:19:37+00:00","breadcrumb":{"@id":"https:\/\/informelitoral.com.ar\/araguren-contara-con-un-vehiculo-0km-para-transporte-de-personas\/#breadcrumb"},"inLanguage":"es","potentialAction":[{"@type":"ReadAction","target":["https:\/\/informelitoral.com.ar\/araguren-contara-con-un-vehiculo-0km-para-transporte-de-personas\/"]}]},{"@type":"ImageObject","inLanguage":"es","@id":"https:\/\/informelitoral.com.ar\/araguren-contara-con-un-vehiculo-0km-para-transporte-de-personas\/#primaryimage","url":"https:\/\/informelitoral.com.ar\/%77%70%2d%63%6f%6e%74%65%6e%74\/uploads\/2025\/05\/1A.jpg","contentUrl":"https:\/\/informelitoral.com.ar\/%77%70%2d%63%6f%6e%74%65%6e%74\/uploads\/2025\/05\/1A.jpg","width":1200,"height":1600},{"@type":"BreadcrumbList","@id":"https:\/\/informelitoral.com.ar\/araguren-contara-con-un-vehiculo-0km-para-transporte-de-personas\/#breadcrumb","itemListElement":[{"@type":"ListItem","position":1,"name":"Portada","item":"https:\/\/informelitoral.com.ar\/"},{"@type":"ListItem","position":2,"name":"Araguren contar\u00e1 con un veh\u00edculo 0Km para transporte de personas"}]},{"@type":"WebSite","@id":"https:\/\/informelitoral.com.ar\/#website","url":"https:\/\/informelitoral.com.ar\/","name":"Informe Litoral","description":"&quot;Nos informamos&quot; ","publisher":{"@id":"https:\/\/informelitoral.com.ar\/#organization"},"potentialAction":[{"@type":"SearchAction","target":{"@type":"EntryPoint","urlTemplate":"https:\/\/informelitoral.com.ar\/?s={search_term_string}"},"query-input":{"@type":"PropertyValueSpecification","valueRequired":true,"valueName":"search_term_string"}}],"inLanguage":"es"},{"@type":"Organization","@id":"https:\/\/informelitoral.com.ar\/#organization","name":"Informe Litoral","url":"https:\/\/informelitoral.com.ar\/","logo":{"@type":"ImageObject","inLanguage":"es","@id":"https:\/\/informelitoral.com.ar\/#\/schema\/logo\/image\/","url":"https:\/\/informelitoral.com.ar\/%77%70%2d%63%6f%6e%74%65%6e%74\/uploads\/2021\/01\/circulo.png","contentUrl":"https:\/\/informelitoral.com.ar\/%77%70%2d%63%6f%6e%74%65%6e%74\/uploads\/2021\/01\/circulo.png","width":723,"height":731,"caption":"Informe Litoral"},"image":{"@id":"https:\/\/informelitoral.com.ar\/#\/schema\/logo\/image\/"},"sameAs":["https:\/\/www.facebook.com\/informelitoral\/","https:\/\/x.com\/InformeLitoral","https:\/\/www.instagram.com\/informelitoral\/","https:\/\/www.youtube.com\/channel\/UCua4Qvz8Icb6MYqhoq9xLXw"]},{"@type":"Person","@id":"https:\/\/informelitoral.com.ar\/#\/schema\/person\/b9d00407c836482871ef1d57bf8e3180","name":"Gonzalo Schmidt","image":{"@type":"ImageObject","inLanguage":"es","@id":"https:\/\/secure.gravatar.com\/avatar\/31a1a7b66ff2de83bd0e9fd79d026630d2d99e55e8bfe501287647b4fd9743de?s=96&d=mm&r=g","url":"https:\/\/secure.gravatar.com\/avatar\/31a1a7b66ff2de83bd0e9fd79d026630d2d99e55e8bfe501287647b4fd9743de?s=96&d=mm&r=g","contentUrl":"https:\/\/secure.gravatar.com\/avatar\/31a1a7b66ff2de83bd0e9fd79d026630d2d99e55e8bfe501287647b4fd9743de?s=96&d=mm&r=g","caption":"Gonzalo Schmidt"},"description":"Sitio web de noticias de la provincia de Entre R\u00edos, Argentina. Informaci\u00f3n y entretenimiento. Informe Litoral, nos informamos.","sameAs":["http:\/\/www.isletasnoticias.com.ar"],"url":"https:\/\/informelitoral.com.ar\/author\/gonzalo\/"}]}},"_links":{"self":[{"href":"https:\/\/informelitoral.com.ar\/%77%70%2d%6a%73%6f%6e\/wp\/v2\/posts\/221781","targetHints":{"allow":["GET"]}}],"collection":[{"href":"https:\/\/informelitoral.com.ar\/%77%70%2d%6a%73%6f%6e\/wp\/v2\/posts"}],"about":[{"href":"https:\/\/informelitoral.com.ar\/%77%70%2d%6a%73%6f%6e\/wp\/v2\/types\/post"}],"author":[{"embeddable":true,"href":"https:\/\/informelitoral.com.ar\/%77%70%2d%6a%73%6f%6e\/wp\/v2\/users\/2"}],"replies":[{"embeddable":true,"href":"https:\/\/informelitoral.com.ar\/%77%70%2d%6a%73%6f%6e\/wp\/v2\/comments?post=221781"}],"version-history":[{"count":0,"href":"https:\/\/informelitoral.com.ar\/%77%70%2d%6a%73%6f%6e\/wp\/v2\/posts\/221781\/revisions"}],"wp:featuredmedia":[{"embeddable":true,"href":"https:\/\/informelitoral.com.ar\/%77%70%2d%6a%73%6f%6e\/wp\/v2\/media\/221782"}],"wp:attachment":[{"href":"https:\/\/informelitoral.com.ar\/%77%70%2d%6a%73%6f%6e\/wp\/v2\/media?parent=221781"}],"wp:term":[{"taxonomy":"category","embeddable":true,"href":"https:\/\/informelitoral.com.ar\/%77%70%2d%6a%73%6f%6e\/wp\/v2\/categories?post=221781"},{"taxonomy":"post_tag","embeddable":true,"href":"https:\/\/informelitoral.com.ar\/%77%70%2d%6a%73%6f%6e\/wp\/v2\/tags?post=221781"}],"curies":[{"name":"wp","href":"https:\/\/api.w.org\/{rel}","templated":true}]}}