{"id":221775,"date":"2025-05-21T21:01:39","date_gmt":"2025-05-22T00:01:39","guid":{"rendered":"https:\/\/informelitoral.com.ar\/?p=221775"},"modified":"2025-05-24T21:05:05","modified_gmt":"2025-05-25T00:05:05","slug":"sortearon-10-viviendas-para-general-racedo","status":"publish","type":"post","link":"https:\/\/informelitoral.com.ar\/sortearon-10-viviendas-para-general-racedo\/","title":{"rendered":"Sortearon 10 viviendas para General Racedo"},"content":{"rendered":"<p>El acto que se desarroll\u00f3 este mi\u00e9rcoles en la sede del IAPV en Paran\u00e1, fue encabezado por el presidente,<strong> Manuel Sch\u00f6nhals,<\/strong> quien estuvo\u00a0 acompa\u00f1ado\u00a0 por el presidente comunal de Racedo,<strong> Julio Demartin<\/strong>,\u00a0los legisladores <strong>L\u00e9nico Aranda<\/strong> y <strong>Silvina Decc\u00f3<\/strong>, los vocales de\u00a0la repartici\u00f3n, <strong>Luis Uriona<\/strong> y<strong> An\u00edbal Steren<\/strong> y fue certificado por el escribano delegado de la Escriban\u00eda Mayor de Gobierno, <strong>Sebasti\u00e1n Ibarra.<\/strong> Adem\u00e1s, se transmiti\u00f3 en vivo por el canal de YouTube\u00a0 oficial del organismo.<\/p>\n<p>Durante su alocuci\u00f3n, Sch\u00f6nhals expres\u00f3 que \u00abes un importante momento el sorteo de nuevas viviendas porque se hace realidad el sue\u00f1o de nuevas familias de estas comunidades de tener su techo digno, siendo\u00a0el espacio f\u00edsico en el que se consolida un hogar, cimiento fundamental de la sociedad\u00bb.<\/p>\n<p>El funcionario felicit\u00f3 a quienes resultaron beneficiados y valor\u00f3 \u00abla instancia de los sorteos p\u00fablicos para la adjudicaci\u00f3n de viviendas, porque dan muestra de la transparencia con la que se trabaja desde el gobierno de Rogelio Frigerio, con el objetivo de garantizar el derecho de las familias entrerrianas a tener su casa\u00bb.<\/p>\n<p>Por su parte, el presidente comunal de Racedo, <strong>Julio Demartin\u00a0<\/strong> afirm\u00f3 que \u00abes una gran alegr\u00eda poder acercar soluciones habitacionales para los vecinos de nuestra localidad, que tanto lo necesitan\u00bb.<\/p>\n<p>El jefe comunal subray\u00f3 que \u00abestos son los momentos por los que vale la pena estar en el lugar donde estamos y ver que diez familias van a tener su hogar, su espacio, su lugar de construcci\u00f3n a futuro, lo cual tiene un valor incalculable y brinda la tranquilidad de la vivienda propia\u00bb.<\/p>\n<p>Se informa que los beneficiarios que resultaron preadjudicatarios ser\u00e121n contactados por el personal del organismo y se les solicitar\u00e1 la documentaci\u00f3n necesaria para respaldar los datos declarados durante la inscripci\u00f3n online en el Registro de Demanda Habitacional.<\/p>\n","protected":false},"excerpt":{"rendered":"<p>En el marco del programa Primero Tu Casa, el gobierno entrerriano, a trav\u00e9s del Instituto Aut\u00e1rquico de Planeamiento y Vivienda (IAPV) preadjudic\u00f3 mediante sorteo 10 unidades habitacionales que ejecuta en General Racedo, departamento Diamante.<\/p>\n","protected":false},"author":2,"featured_media":221776,"comment_status":"open","ping_status":"open","sticky":false,"template":"","format":"standard","meta":{"fifu_image_url":"https:\/\/www.iapv.gob.ar\/descarga\/imagenes\/noticias\/3089\/53628_t1920.jpg?ver=1-250514.1","fifu_image_alt":"","footnotes":""},"categories":[5],"tags":[3065,1517,352],"class_list":{"0":"post-221775","1":"post","2":"type-post","3":"status-publish","4":"format-standard","5":"has-post-thumbnail","7":"category-zonales","8":"tag-general-racedo","9":"tag-iapv","10":"tag-viviendas"},"yoast_head":"<title>Sortearon 10 viviendas para General Racedo - Informe Litoral<\/title>\n<meta name=\"robots\" content=\"index, follow, max-snippet:-1, max-image-preview:large, max-video-preview:-1\" \/>\n<link rel=\"canonical\" href=\"https:\/\/informelitoral.com.ar\/sortearon-10-viviendas-para-general-racedo\/\" \/>\n<meta property=\"og:locale\" content=\"es_ES\" \/>\n<meta property=\"og:type\" content=\"article\" \/>\n<meta property=\"og:title\" content=\"Sortearon 10 viviendas para General Racedo - Informe Litoral\" \/>\n<meta property=\"og:description\" content=\"En el marco del programa Primero Tu Casa, el gobierno entrerriano, a trav\u00e9s del Instituto Aut\u00e1rquico de Planeamiento y Vivienda (IAPV) preadjudic\u00f3 mediante sorteo 10 unidades habitacionales que ejecuta en General Racedo, departamento Diamante.\" \/>\n<meta property=\"og:url\" content=\"https:\/\/informelitoral.com.ar\/sortearon-10-viviendas-para-general-racedo\/\" \/>\n<meta property=\"og:site_name\" content=\"Informe Litoral\" \/>\n<meta property=\"article:publisher\" content=\"https:\/\/www.facebook.com\/informelitoral\/\" \/>\n<meta property=\"article:published_time\" content=\"2025-05-22T00:01:39+00:00\" \/>\n<meta property=\"article:modified_time\" content=\"2025-05-25T00:05:05+00:00\" \/>\n<meta property=\"og:image\" content=\"https:\/\/www.iapv.gob.ar\/descarga\/imagenes\/noticias\/3089\/53628_t1920.jpg?ver=1-250514.1\" \/><meta property=\"og:image\" content=\"https:\/\/www.iapv.gob.ar\/descarga\/imagenes\/noticias\/3089\/53628_t1920.jpg?ver=1-250514.1\" \/>\n\t<meta property=\"og:image:width\" content=\"1920\" \/>\n\t<meta property=\"og:image:height\" content=\"800\" \/>\n\t<meta property=\"og:image:type\" content=\"image\/jpeg\" \/>\n<meta name=\"author\" content=\"Gonzalo Schmidt\" \/>\n<meta name=\"twitter:card\" content=\"summary_large_image\" \/>\n<meta name=\"twitter:image\" content=\"https:\/\/www.iapv.gob.ar\/descarga\/imagenes\/noticias\/3089\/53628_t1920.jpg?ver=1-250514.1\" \/>\n<meta name=\"twitter:creator\" content=\"@InformeLitoral\" \/>\n<meta name=\"twitter:site\" content=\"@InformeLitoral\" \/>\n<meta name=\"twitter:label1\" content=\"Escrito por\" \/>\n\t<meta name=\"twitter:data1\" content=\"Gonzalo Schmidt\" \/>\n\t<meta name=\"twitter:label2\" content=\"Tiempo de lectura\" \/>\n\t<meta name=\"twitter:data2\" content=\"2 minutos\" \/>\n<script type=\"application\/ld+json\" class=\"yoast-schema-graph\">{\"@context\":\"https:\\\/\\\/schema.org\",\"@graph\":[{\"@type\":\"Article\",\"@id\":\"https:\\\/\\\/informelitoral.com.ar\\\/sortearon-10-viviendas-para-general-racedo\\\/#article\",\"isPartOf\":{\"@id\":\"https:\\\/\\\/informelitoral.com.ar\\\/sortearon-10-viviendas-para-general-racedo\\\/\"},\"author\":{\"name\":\"Gonzalo Schmidt\",\"@id\":\"https:\\\/\\\/informelitoral.com.ar\\\/#\\\/schema\\\/person\\\/b9d00407c836482871ef1d57bf8e3180\"},\"headline\":\"Sortearon 10 viviendas para General Racedo\",\"datePublished\":\"2025-05-22T00:01:39+00:00\",\"dateModified\":\"2025-05-25T00:05:05+00:00\",\"mainEntityOfPage\":{\"@id\":\"https:\\\/\\\/informelitoral.com.ar\\\/sortearon-10-viviendas-para-general-racedo\\\/\"},\"wordCount\":322,\"commentCount\":0,\"publisher\":{\"@id\":\"https:\\\/\\\/informelitoral.com.ar\\\/#organization\"},\"image\":{\"@id\":\"https:\\\/\\\/informelitoral.com.ar\\\/sortearon-10-viviendas-para-general-racedo\\\/#primaryimage\"},\"thumbnailUrl\":\"https:\\\/\\\/www.iapv.gob.ar\\\/descarga\\\/imagenes\\\/noticias\\\/3089\\\/53628_t1920.jpg?ver=1-250514.1\",\"keywords\":[\"General Racedo\",\"IAPV\",\"Viviendas\"],\"articleSection\":[\"Departamento Diamante\"],\"inLanguage\":\"es\",\"potentialAction\":[{\"@type\":\"CommentAction\",\"name\":\"Comment\",\"target\":[\"https:\\\/\\\/informelitoral.com.ar\\\/sortearon-10-viviendas-para-general-racedo\\\/#respond\"]}]},{\"@type\":\"WebPage\",\"@id\":\"https:\\\/\\\/informelitoral.com.ar\\\/sortearon-10-viviendas-para-general-racedo\\\/\",\"url\":\"https:\\\/\\\/informelitoral.com.ar\\\/sortearon-10-viviendas-para-general-racedo\\\/\",\"name\":\"Sortearon 10 viviendas para General Racedo - Informe Litoral\",\"isPartOf\":{\"@id\":\"https:\\\/\\\/informelitoral.com.ar\\\/#website\"},\"primaryImageOfPage\":{\"@id\":\"https:\\\/\\\/informelitoral.com.ar\\\/sortearon-10-viviendas-para-general-racedo\\\/#primaryimage\"},\"image\":{\"@id\":\"https:\\\/\\\/informelitoral.com.ar\\\/sortearon-10-viviendas-para-general-racedo\\\/#primaryimage\"},\"thumbnailUrl\":\"https:\\\/\\\/www.iapv.gob.ar\\\/descarga\\\/imagenes\\\/noticias\\\/3089\\\/53628_t1920.jpg?ver=1-250514.1\",\"datePublished\":\"2025-05-22T00:01:39+00:00\",\"dateModified\":\"2025-05-25T00:05:05+00:00\",\"breadcrumb\":{\"@id\":\"https:\\\/\\\/informelitoral.com.ar\\\/sortearon-10-viviendas-para-general-racedo\\\/#breadcrumb\"},\"inLanguage\":\"es\",\"potentialAction\":[{\"@type\":\"ReadAction\",\"target\":[\"https:\\\/\\\/informelitoral.com.ar\\\/sortearon-10-viviendas-para-general-racedo\\\/\"]}]},{\"@type\":\"ImageObject\",\"inLanguage\":\"es\",\"@id\":\"https:\\\/\\\/informelitoral.com.ar\\\/sortearon-10-viviendas-para-general-racedo\\\/#primaryimage\",\"url\":\"https:\\\/\\\/www.iapv.gob.ar\\\/descarga\\\/imagenes\\\/noticias\\\/3089\\\/53628_t1920.jpg?ver=1-250514.1\",\"contentUrl\":\"https:\\\/\\\/www.iapv.gob.ar\\\/descarga\\\/imagenes\\\/noticias\\\/3089\\\/53628_t1920.jpg?ver=1-250514.1\",\"width\":\"1920\",\"height\":\"800\"},{\"@type\":\"BreadcrumbList\",\"@id\":\"https:\\\/\\\/informelitoral.com.ar\\\/sortearon-10-viviendas-para-general-racedo\\\/#breadcrumb\",\"itemListElement\":[{\"@type\":\"ListItem\",\"position\":1,\"name\":\"Portada\",\"item\":\"https:\\\/\\\/informelitoral.com.ar\\\/\"},{\"@type\":\"ListItem\",\"position\":2,\"name\":\"Sortearon 10 viviendas para General Racedo\"}]},{\"@type\":\"WebSite\",\"@id\":\"https:\\\/\\\/informelitoral.com.ar\\\/#website\",\"url\":\"https:\\\/\\\/informelitoral.com.ar\\\/\",\"name\":\"Informe Litoral\",\"description\":\"&quot;Nos informamos&quot; \",\"publisher\":{\"@id\":\"https:\\\/\\\/informelitoral.com.ar\\\/#organization\"},\"potentialAction\":[{\"@type\":\"SearchAction\",\"target\":{\"@type\":\"EntryPoint\",\"urlTemplate\":\"https:\\\/\\\/informelitoral.com.ar\\\/?s={search_term_string}\"},\"query-input\":{\"@type\":\"PropertyValueSpecification\",\"valueRequired\":true,\"valueName\":\"search_term_string\"}}],\"inLanguage\":\"es\"},{\"@type\":\"Organization\",\"@id\":\"https:\\\/\\\/informelitoral.com.ar\\\/#organization\",\"name\":\"Informe Litoral\",\"url\":\"https:\\\/\\\/informelitoral.com.ar\\\/\",\"logo\":{\"@type\":\"ImageObject\",\"inLanguage\":\"es\",\"@id\":\"https:\\\/\\\/informelitoral.com.ar\\\/#\\\/schema\\\/logo\\\/image\\\/\",\"url\":\"https:\\\/\\\/informelitoral.com.ar\\\/%77%70%2d%63%6f%6e%74%65%6e%74\\\/uploads\\\/2021\\\/01\\\/circulo.png\",\"contentUrl\":\"https:\\\/\\\/informelitoral.com.ar\\\/%77%70%2d%63%6f%6e%74%65%6e%74\\\/uploads\\\/2021\\\/01\\\/circulo.png\",\"width\":723,\"height\":731,\"caption\":\"Informe Litoral\"},\"image\":{\"@id\":\"https:\\\/\\\/informelitoral.com.ar\\\/#\\\/schema\\\/logo\\\/image\\\/\"},\"sameAs\":[\"https:\\\/\\\/www.facebook.com\\\/informelitoral\\\/\",\"https:\\\/\\\/x.com\\\/InformeLitoral\",\"https:\\\/\\\/www.instagram.com\\\/informelitoral\\\/\",\"https:\\\/\\\/www.youtube.com\\\/channel\\\/UCua4Qvz8Icb6MYqhoq9xLXw\"]},{\"@type\":\"Person\",\"@id\":\"https:\\\/\\\/informelitoral.com.ar\\\/#\\\/schema\\\/person\\\/b9d00407c836482871ef1d57bf8e3180\",\"name\":\"Gonzalo Schmidt\",\"image\":{\"@type\":\"ImageObject\",\"inLanguage\":\"es\",\"@id\":\"https:\\\/\\\/secure.gravatar.com\\\/avatar\\\/31a1a7b66ff2de83bd0e9fd79d026630d2d99e55e8bfe501287647b4fd9743de?s=96&d=mm&r=g\",\"url\":\"https:\\\/\\\/secure.gravatar.com\\\/avatar\\\/31a1a7b66ff2de83bd0e9fd79d026630d2d99e55e8bfe501287647b4fd9743de?s=96&d=mm&r=g\",\"contentUrl\":\"https:\\\/\\\/secure.gravatar.com\\\/avatar\\\/31a1a7b66ff2de83bd0e9fd79d026630d2d99e55e8bfe501287647b4fd9743de?s=96&d=mm&r=g\",\"caption\":\"Gonzalo Schmidt\"},\"description\":\"Sitio web de noticias de la provincia de Entre R\u00edos, Argentina. Informaci\u00f3n y entretenimiento. Informe Litoral, nos informamos.\",\"sameAs\":[\"http:\\\/\\\/www.isletasnoticias.com.ar\"],\"url\":\"https:\\\/\\\/informelitoral.com.ar\\\/author\\\/gonzalo\\\/\"}]}<\/script>","yoast_head_json":{"title":"Sortearon 10 viviendas para General Racedo - Informe Litoral","robots":{"index":"index","follow":"follow","max-snippet":"max-snippet:-1","max-image-preview":"max-image-preview:large","max-video-preview":"max-video-preview:-1"},"canonical":"https:\/\/informelitoral.com.ar\/sortearon-10-viviendas-para-general-racedo\/","og_locale":"es_ES","og_type":"article","og_title":"Sortearon 10 viviendas para General Racedo - Informe Litoral","og_description":"En el marco del programa Primero Tu Casa, el gobierno entrerriano, a trav\u00e9s del Instituto Aut\u00e1rquico de Planeamiento y Vivienda (IAPV) preadjudic\u00f3 mediante sorteo 10 unidades habitacionales que ejecuta en General Racedo, departamento Diamante.","og_url":"https:\/\/informelitoral.com.ar\/sortearon-10-viviendas-para-general-racedo\/","og_site_name":"Informe Litoral","article_publisher":"https:\/\/www.facebook.com\/informelitoral\/","article_published_time":"2025-05-22T00:01:39+00:00","article_modified_time":"2025-05-25T00:05:05+00:00","og_image":[{"url":"https:\/\/www.iapv.gob.ar\/descarga\/imagenes\/noticias\/3089\/53628_t1920.jpg?ver=1-250514.1","type":"","width":"","height":""},{"width":1920,"height":800,"url":"https:\/\/www.iapv.gob.ar\/descarga\/imagenes\/noticias\/3089\/53628_t1920.jpg?ver=1-250514.1","type":"image\/jpeg"}],"author":"Gonzalo Schmidt","twitter_card":"summary_large_image","twitter_image":"https:\/\/www.iapv.gob.ar\/descarga\/imagenes\/noticias\/3089\/53628_t1920.jpg?ver=1-250514.1","twitter_creator":"@InformeLitoral","twitter_site":"@InformeLitoral","twitter_misc":{"Escrito por":"Gonzalo Schmidt","Tiempo de lectura":"2 minutos"},"schema":{"@context":"https:\/\/schema.org","@graph":[{"@type":"Article","@id":"https:\/\/informelitoral.com.ar\/sortearon-10-viviendas-para-general-racedo\/#article","isPartOf":{"@id":"https:\/\/informelitoral.com.ar\/sortearon-10-viviendas-para-general-racedo\/"},"author":{"name":"Gonzalo Schmidt","@id":"https:\/\/informelitoral.com.ar\/#\/schema\/person\/b9d00407c836482871ef1d57bf8e3180"},"headline":"Sortearon 10 viviendas para General Racedo","datePublished":"2025-05-22T00:01:39+00:00","dateModified":"2025-05-25T00:05:05+00:00","mainEntityOfPage":{"@id":"https:\/\/informelitoral.com.ar\/sortearon-10-viviendas-para-general-racedo\/"},"wordCount":322,"commentCount":0,"publisher":{"@id":"https:\/\/informelitoral.com.ar\/#organization"},"image":{"@id":"https:\/\/informelitoral.com.ar\/sortearon-10-viviendas-para-general-racedo\/#primaryimage"},"thumbnailUrl":"https:\/\/www.iapv.gob.ar\/descarga\/imagenes\/noticias\/3089\/53628_t1920.jpg?ver=1-250514.1","keywords":["General Racedo","IAPV","Viviendas"],"articleSection":["Departamento Diamante"],"inLanguage":"es","potentialAction":[{"@type":"CommentAction","name":"Comment","target":["https:\/\/informelitoral.com.ar\/sortearon-10-viviendas-para-general-racedo\/#respond"]}]},{"@type":"WebPage","@id":"https:\/\/informelitoral.com.ar\/sortearon-10-viviendas-para-general-racedo\/","url":"https:\/\/informelitoral.com.ar\/sortearon-10-viviendas-para-general-racedo\/","name":"Sortearon 10 viviendas para General Racedo - Informe Litoral","isPartOf":{"@id":"https:\/\/informelitoral.com.ar\/#website"},"primaryImageOfPage":{"@id":"https:\/\/informelitoral.com.ar\/sortearon-10-viviendas-para-general-racedo\/#primaryimage"},"image":{"@id":"https:\/\/informelitoral.com.ar\/sortearon-10-viviendas-para-general-racedo\/#primaryimage"},"thumbnailUrl":"https:\/\/www.iapv.gob.ar\/descarga\/imagenes\/noticias\/3089\/53628_t1920.jpg?ver=1-250514.1","datePublished":"2025-05-22T00:01:39+00:00","dateModified":"2025-05-25T00:05:05+00:00","breadcrumb":{"@id":"https:\/\/informelitoral.com.ar\/sortearon-10-viviendas-para-general-racedo\/#breadcrumb"},"inLanguage":"es","potentialAction":[{"@type":"ReadAction","target":["https:\/\/informelitoral.com.ar\/sortearon-10-viviendas-para-general-racedo\/"]}]},{"@type":"ImageObject","inLanguage":"es","@id":"https:\/\/informelitoral.com.ar\/sortearon-10-viviendas-para-general-racedo\/#primaryimage","url":"https:\/\/www.iapv.gob.ar\/descarga\/imagenes\/noticias\/3089\/53628_t1920.jpg?ver=1-250514.1","contentUrl":"https:\/\/www.iapv.gob.ar\/descarga\/imagenes\/noticias\/3089\/53628_t1920.jpg?ver=1-250514.1","width":"1920","height":"800"},{"@type":"BreadcrumbList","@id":"https:\/\/informelitoral.com.ar\/sortearon-10-viviendas-para-general-racedo\/#breadcrumb","itemListElement":[{"@type":"ListItem","position":1,"name":"Portada","item":"https:\/\/informelitoral.com.ar\/"},{"@type":"ListItem","position":2,"name":"Sortearon 10 viviendas para General Racedo"}]},{"@type":"WebSite","@id":"https:\/\/informelitoral.com.ar\/#website","url":"https:\/\/informelitoral.com.ar\/","name":"Informe Litoral","description":"&quot;Nos informamos&quot; ","publisher":{"@id":"https:\/\/informelitoral.com.ar\/#organization"},"potentialAction":[{"@type":"SearchAction","target":{"@type":"EntryPoint","urlTemplate":"https:\/\/informelitoral.com.ar\/?s={search_term_string}"},"query-input":{"@type":"PropertyValueSpecification","valueRequired":true,"valueName":"search_term_string"}}],"inLanguage":"es"},{"@type":"Organization","@id":"https:\/\/informelitoral.com.ar\/#organization","name":"Informe Litoral","url":"https:\/\/informelitoral.com.ar\/","logo":{"@type":"ImageObject","inLanguage":"es","@id":"https:\/\/informelitoral.com.ar\/#\/schema\/logo\/image\/","url":"https:\/\/informelitoral.com.ar\/%77%70%2d%63%6f%6e%74%65%6e%74\/uploads\/2021\/01\/circulo.png","contentUrl":"https:\/\/informelitoral.com.ar\/%77%70%2d%63%6f%6e%74%65%6e%74\/uploads\/2021\/01\/circulo.png","width":723,"height":731,"caption":"Informe Litoral"},"image":{"@id":"https:\/\/informelitoral.com.ar\/#\/schema\/logo\/image\/"},"sameAs":["https:\/\/www.facebook.com\/informelitoral\/","https:\/\/x.com\/InformeLitoral","https:\/\/www.instagram.com\/informelitoral\/","https:\/\/www.youtube.com\/channel\/UCua4Qvz8Icb6MYqhoq9xLXw"]},{"@type":"Person","@id":"https:\/\/informelitoral.com.ar\/#\/schema\/person\/b9d00407c836482871ef1d57bf8e3180","name":"Gonzalo Schmidt","image":{"@type":"ImageObject","inLanguage":"es","@id":"https:\/\/secure.gravatar.com\/avatar\/31a1a7b66ff2de83bd0e9fd79d026630d2d99e55e8bfe501287647b4fd9743de?s=96&d=mm&r=g","url":"https:\/\/secure.gravatar.com\/avatar\/31a1a7b66ff2de83bd0e9fd79d026630d2d99e55e8bfe501287647b4fd9743de?s=96&d=mm&r=g","contentUrl":"https:\/\/secure.gravatar.com\/avatar\/31a1a7b66ff2de83bd0e9fd79d026630d2d99e55e8bfe501287647b4fd9743de?s=96&d=mm&r=g","caption":"Gonzalo Schmidt"},"description":"Sitio web de noticias de la provincia de Entre R\u00edos, Argentina. Informaci\u00f3n y entretenimiento. Informe Litoral, nos informamos.","sameAs":["http:\/\/www.isletasnoticias.com.ar"],"url":"https:\/\/informelitoral.com.ar\/author\/gonzalo\/"}]}},"fifu_image_url":"https:\/\/www.iapv.gob.ar\/descarga\/imagenes\/noticias\/3089\/53628_t1920.jpg?ver=1-250514.1","_links":{"self":[{"href":"https:\/\/informelitoral.com.ar\/%77%70%2d%6a%73%6f%6e\/wp\/v2\/posts\/221775","targetHints":{"allow":["GET"]}}],"collection":[{"href":"https:\/\/informelitoral.com.ar\/%77%70%2d%6a%73%6f%6e\/wp\/v2\/posts"}],"about":[{"href":"https:\/\/informelitoral.com.ar\/%77%70%2d%6a%73%6f%6e\/wp\/v2\/types\/post"}],"author":[{"embeddable":true,"href":"https:\/\/informelitoral.com.ar\/%77%70%2d%6a%73%6f%6e\/wp\/v2\/users\/2"}],"replies":[{"embeddable":true,"href":"https:\/\/informelitoral.com.ar\/%77%70%2d%6a%73%6f%6e\/wp\/v2\/comments?post=221775"}],"version-history":[{"count":0,"href":"https:\/\/informelitoral.com.ar\/%77%70%2d%6a%73%6f%6e\/wp\/v2\/posts\/221775\/revisions"}],"wp:featuredmedia":[{"embeddable":true,"href":"https:\/\/informelitoral.com.ar\/%77%70%2d%6a%73%6f%6e\/wp\/v2\/media\/221776"}],"wp:attachment":[{"href":"https:\/\/informelitoral.com.ar\/%77%70%2d%6a%73%6f%6e\/wp\/v2\/media?parent=221775"}],"wp:term":[{"taxonomy":"category","embeddable":true,"href":"https:\/\/informelitoral.com.ar\/%77%70%2d%6a%73%6f%6e\/wp\/v2\/categories?post=221775"},{"taxonomy":"post_tag","embeddable":true,"href":"https:\/\/informelitoral.com.ar\/%77%70%2d%6a%73%6f%6e\/wp\/v2\/tags?post=221775"}],"curies":[{"name":"wp","href":"https:\/\/api.w.org\/{rel}","templated":true}]}}