{"id":221772,"date":"2025-05-21T20:55:21","date_gmt":"2025-05-21T23:55:21","guid":{"rendered":"https:\/\/informelitoral.com.ar\/?p=221772"},"modified":"2025-05-24T20:59:00","modified_gmt":"2025-05-24T23:59:00","slug":"continua-el-tratamiento-de-la-creacion-de-fiscalias-ambientales","status":"publish","type":"post","link":"https:\/\/informelitoral.com.ar\/continua-el-tratamiento-de-la-creacion-de-fiscalias-ambientales\/","title":{"rendered":"Contin\u00faa el tratamiento de la creaci\u00f3n de fiscal\u00edas ambientales"},"content":{"rendered":"<p>Las comisiones de Hacienda, Presupuesto y Cuentas, que preside Bruno Sarubi, y de Recursos Naturales y Ambiente, que encabeza Juan Rossi, analizaron en conjunto este mi\u00e9rcoles un proyecto de ley que proponen crear dos fiscal\u00edas ambientales con asiento en Paran\u00e1 y en Gualeguaych\u00fa.<\/p>\n<p>En esta reuni\u00f3n, que fue la segunda en que se trat\u00f3 esta iniciativa, los legisladores escucharon las opiniones del procurador general del Ministerio P\u00fablico Fiscal de la Provincia, Jorge Am\u00edlcar Garc\u00eda, y de Julieta Robledo, abogada especialista en derecho ambiental.<\/p>\n<p>Al t\u00e9rmino del encuentro, la diputada Lorena Arrozogaray, autora del proyecto, coment\u00f3 que el prop\u00f3sito es que estas nuevas fiscal\u00edas espec\u00edficas puedan intervenir a tiempo y, en lo posible, reparar da\u00f1os ambientales, una en la costa del Paran\u00e1 y otra en la del Uruguay. \u201cComo lo se\u00f1alaron los invitados, se trata de delitos muy complejos, por lo que se requieren de equipos t\u00e9cnicos especializados\u201d, argument\u00f3.<\/p>\n<p>\u201cMuchas veces, como lo hemos hablado tambi\u00e9n con la Secretar\u00eda de Ambiente, se da que los plazos se extienden y cuando se llega a un fallo judicial, ya es muy dif\u00edcil reparar el da\u00f1o causado y volver al estado anterior. Se trata de fallos que se dictan en promedio despu\u00e9s de cinco a\u00f1os\u201d, se\u00f1al\u00f3 la legisladora.<\/p>\n<p>A su vez, mencion\u00f3 que en otras provincias existen organismos como los propuestos en su proyecto, como en el caso de Corrientes que ya tiene 19. De hecho, mencion\u00f3 que \u201cla semana pasada se hizo el segundo encuentro de la red de fiscales ambientales de Argentina y ah\u00ed se habl\u00f3 de c\u00f3mo pod\u00edan acompa\u00f1ar a aquellas provincias que a\u00fan no los tienen\u201d.<\/p>\n<p>Finalmente, consider\u00f3 que \u201cno se trata de una gran estructura, ya que se prev\u00e9 el nombramiento de dos fiscales y cuatro auxiliares\u201d, y llam\u00f3 a tener en cuenta que \u201ccuando hay que reparar un da\u00f1o ambiental, termina siendo muy costoso\u201d.<\/p>\n","protected":false},"excerpt":{"rendered":"<p>En reuni\u00f3n conjunta de comisiones, los diputados analizaron el proyecto de Arrozogaray para constituir fiscal\u00edas espec\u00edficas en Paran\u00e1 y Gualeguaych\u00fa.<\/p>\n","protected":false},"author":2,"featured_media":221773,"comment_status":"open","ping_status":"open","sticky":false,"template":"","format":"standard","meta":{"fifu_image_url":"https:\/\/hcder.gov.ar\/archivosDownload\/fotosNoticias\/1820_4404.jpg","fifu_image_alt":"","footnotes":""},"categories":[14],"tags":[46,81],"class_list":{"0":"post-221772","1":"post","2":"type-post","3":"status-publish","4":"format-standard","5":"has-post-thumbnail","7":"category-policiales","8":"tag-ambiente","9":"tag-entre-rios"},"yoast_head":"<title>Contin\u00faa el tratamiento de la creaci\u00f3n de fiscal\u00edas ambientales - Informe Litoral<\/title>\n<meta name=\"robots\" content=\"index, follow, max-snippet:-1, max-image-preview:large, max-video-preview:-1\" \/>\n<link rel=\"canonical\" href=\"https:\/\/informelitoral.com.ar\/continua-el-tratamiento-de-la-creacion-de-fiscalias-ambientales\/\" \/>\n<meta property=\"og:locale\" content=\"es_ES\" \/>\n<meta property=\"og:type\" content=\"article\" \/>\n<meta property=\"og:title\" content=\"Contin\u00faa el tratamiento de la creaci\u00f3n de fiscal\u00edas ambientales - Informe Litoral\" \/>\n<meta property=\"og:description\" content=\"En reuni\u00f3n conjunta de comisiones, los diputados analizaron el proyecto de Arrozogaray para constituir fiscal\u00edas espec\u00edficas en Paran\u00e1 y Gualeguaych\u00fa.\" \/>\n<meta property=\"og:url\" content=\"https:\/\/informelitoral.com.ar\/continua-el-tratamiento-de-la-creacion-de-fiscalias-ambientales\/\" \/>\n<meta property=\"og:site_name\" content=\"Informe Litoral\" \/>\n<meta property=\"article:publisher\" content=\"https:\/\/www.facebook.com\/informelitoral\/\" \/>\n<meta property=\"article:published_time\" content=\"2025-05-21T23:55:21+00:00\" \/>\n<meta property=\"article:modified_time\" content=\"2025-05-24T23:59:00+00:00\" \/>\n<meta property=\"og:image\" content=\"https:\/\/hcder.gov.ar\/archivosDownload\/fotosNoticias\/1820_4404.jpg\" \/><meta property=\"og:image\" content=\"https:\/\/hcder.gov.ar\/archivosDownload\/fotosNoticias\/1820_4404.jpg\" \/>\n\t<meta property=\"og:image:width\" content=\"1024\" \/>\n\t<meta property=\"og:image:height\" content=\"682\" \/>\n\t<meta property=\"og:image:type\" content=\"image\/jpeg\" \/>\n<meta name=\"author\" content=\"Gonzalo Schmidt\" \/>\n<meta name=\"twitter:card\" content=\"summary_large_image\" \/>\n<meta name=\"twitter:image\" content=\"https:\/\/hcder.gov.ar\/archivosDownload\/fotosNoticias\/1820_4404.jpg\" \/>\n<meta name=\"twitter:creator\" content=\"@InformeLitoral\" \/>\n<meta name=\"twitter:site\" content=\"@InformeLitoral\" \/>\n<meta name=\"twitter:label1\" content=\"Escrito por\" \/>\n\t<meta name=\"twitter:data1\" content=\"Gonzalo Schmidt\" \/>\n\t<meta name=\"twitter:label2\" content=\"Tiempo de lectura\" \/>\n\t<meta name=\"twitter:data2\" content=\"2 minutos\" \/>\n<script type=\"application\/ld+json\" class=\"yoast-schema-graph\">{\"@context\":\"https:\\\/\\\/schema.org\",\"@graph\":[{\"@type\":\"Article\",\"@id\":\"https:\\\/\\\/informelitoral.com.ar\\\/continua-el-tratamiento-de-la-creacion-de-fiscalias-ambientales\\\/#article\",\"isPartOf\":{\"@id\":\"https:\\\/\\\/informelitoral.com.ar\\\/continua-el-tratamiento-de-la-creacion-de-fiscalias-ambientales\\\/\"},\"author\":{\"name\":\"Gonzalo Schmidt\",\"@id\":\"https:\\\/\\\/informelitoral.com.ar\\\/#\\\/schema\\\/person\\\/b9d00407c836482871ef1d57bf8e3180\"},\"headline\":\"Contin\u00faa el tratamiento de la creaci\u00f3n de fiscal\u00edas ambientales\",\"datePublished\":\"2025-05-21T23:55:21+00:00\",\"dateModified\":\"2025-05-24T23:59:00+00:00\",\"mainEntityOfPage\":{\"@id\":\"https:\\\/\\\/informelitoral.com.ar\\\/continua-el-tratamiento-de-la-creacion-de-fiscalias-ambientales\\\/\"},\"wordCount\":342,\"commentCount\":0,\"publisher\":{\"@id\":\"https:\\\/\\\/informelitoral.com.ar\\\/#organization\"},\"image\":{\"@id\":\"https:\\\/\\\/informelitoral.com.ar\\\/continua-el-tratamiento-de-la-creacion-de-fiscalias-ambientales\\\/#primaryimage\"},\"thumbnailUrl\":\"https:\\\/\\\/hcder.gov.ar\\\/archivosDownload\\\/fotosNoticias\\\/1820_4404.jpg\",\"keywords\":[\"Ambiente\",\"Entre R\u00edos\"],\"articleSection\":[\"Policiales\"],\"inLanguage\":\"es\",\"potentialAction\":[{\"@type\":\"CommentAction\",\"name\":\"Comment\",\"target\":[\"https:\\\/\\\/informelitoral.com.ar\\\/continua-el-tratamiento-de-la-creacion-de-fiscalias-ambientales\\\/#respond\"]}]},{\"@type\":\"WebPage\",\"@id\":\"https:\\\/\\\/informelitoral.com.ar\\\/continua-el-tratamiento-de-la-creacion-de-fiscalias-ambientales\\\/\",\"url\":\"https:\\\/\\\/informelitoral.com.ar\\\/continua-el-tratamiento-de-la-creacion-de-fiscalias-ambientales\\\/\",\"name\":\"Contin\u00faa el tratamiento de la creaci\u00f3n de fiscal\u00edas ambientales - Informe Litoral\",\"isPartOf\":{\"@id\":\"https:\\\/\\\/informelitoral.com.ar\\\/#website\"},\"primaryImageOfPage\":{\"@id\":\"https:\\\/\\\/informelitoral.com.ar\\\/continua-el-tratamiento-de-la-creacion-de-fiscalias-ambientales\\\/#primaryimage\"},\"image\":{\"@id\":\"https:\\\/\\\/informelitoral.com.ar\\\/continua-el-tratamiento-de-la-creacion-de-fiscalias-ambientales\\\/#primaryimage\"},\"thumbnailUrl\":\"https:\\\/\\\/hcder.gov.ar\\\/archivosDownload\\\/fotosNoticias\\\/1820_4404.jpg\",\"datePublished\":\"2025-05-21T23:55:21+00:00\",\"dateModified\":\"2025-05-24T23:59:00+00:00\",\"breadcrumb\":{\"@id\":\"https:\\\/\\\/informelitoral.com.ar\\\/continua-el-tratamiento-de-la-creacion-de-fiscalias-ambientales\\\/#breadcrumb\"},\"inLanguage\":\"es\",\"potentialAction\":[{\"@type\":\"ReadAction\",\"target\":[\"https:\\\/\\\/informelitoral.com.ar\\\/continua-el-tratamiento-de-la-creacion-de-fiscalias-ambientales\\\/\"]}]},{\"@type\":\"ImageObject\",\"inLanguage\":\"es\",\"@id\":\"https:\\\/\\\/informelitoral.com.ar\\\/continua-el-tratamiento-de-la-creacion-de-fiscalias-ambientales\\\/#primaryimage\",\"url\":\"https:\\\/\\\/hcder.gov.ar\\\/archivosDownload\\\/fotosNoticias\\\/1820_4404.jpg\",\"contentUrl\":\"https:\\\/\\\/hcder.gov.ar\\\/archivosDownload\\\/fotosNoticias\\\/1820_4404.jpg\",\"width\":\"1024\",\"height\":\"682\"},{\"@type\":\"BreadcrumbList\",\"@id\":\"https:\\\/\\\/informelitoral.com.ar\\\/continua-el-tratamiento-de-la-creacion-de-fiscalias-ambientales\\\/#breadcrumb\",\"itemListElement\":[{\"@type\":\"ListItem\",\"position\":1,\"name\":\"Portada\",\"item\":\"https:\\\/\\\/informelitoral.com.ar\\\/\"},{\"@type\":\"ListItem\",\"position\":2,\"name\":\"Contin\u00faa el tratamiento de la creaci\u00f3n de fiscal\u00edas ambientales\"}]},{\"@type\":\"WebSite\",\"@id\":\"https:\\\/\\\/informelitoral.com.ar\\\/#website\",\"url\":\"https:\\\/\\\/informelitoral.com.ar\\\/\",\"name\":\"Informe Litoral\",\"description\":\"&quot;Nos informamos&quot; \",\"publisher\":{\"@id\":\"https:\\\/\\\/informelitoral.com.ar\\\/#organization\"},\"potentialAction\":[{\"@type\":\"SearchAction\",\"target\":{\"@type\":\"EntryPoint\",\"urlTemplate\":\"https:\\\/\\\/informelitoral.com.ar\\\/?s={search_term_string}\"},\"query-input\":{\"@type\":\"PropertyValueSpecification\",\"valueRequired\":true,\"valueName\":\"search_term_string\"}}],\"inLanguage\":\"es\"},{\"@type\":\"Organization\",\"@id\":\"https:\\\/\\\/informelitoral.com.ar\\\/#organization\",\"name\":\"Informe Litoral\",\"url\":\"https:\\\/\\\/informelitoral.com.ar\\\/\",\"logo\":{\"@type\":\"ImageObject\",\"inLanguage\":\"es\",\"@id\":\"https:\\\/\\\/informelitoral.com.ar\\\/#\\\/schema\\\/logo\\\/image\\\/\",\"url\":\"https:\\\/\\\/informelitoral.com.ar\\\/%77%70%2d%63%6f%6e%74%65%6e%74\\\/uploads\\\/2021\\\/01\\\/circulo.png\",\"contentUrl\":\"https:\\\/\\\/informelitoral.com.ar\\\/%77%70%2d%63%6f%6e%74%65%6e%74\\\/uploads\\\/2021\\\/01\\\/circulo.png\",\"width\":723,\"height\":731,\"caption\":\"Informe Litoral\"},\"image\":{\"@id\":\"https:\\\/\\\/informelitoral.com.ar\\\/#\\\/schema\\\/logo\\\/image\\\/\"},\"sameAs\":[\"https:\\\/\\\/www.facebook.com\\\/informelitoral\\\/\",\"https:\\\/\\\/x.com\\\/InformeLitoral\",\"https:\\\/\\\/www.instagram.com\\\/informelitoral\\\/\",\"https:\\\/\\\/www.youtube.com\\\/channel\\\/UCua4Qvz8Icb6MYqhoq9xLXw\"]},{\"@type\":\"Person\",\"@id\":\"https:\\\/\\\/informelitoral.com.ar\\\/#\\\/schema\\\/person\\\/b9d00407c836482871ef1d57bf8e3180\",\"name\":\"Gonzalo Schmidt\",\"image\":{\"@type\":\"ImageObject\",\"inLanguage\":\"es\",\"@id\":\"https:\\\/\\\/secure.gravatar.com\\\/avatar\\\/31a1a7b66ff2de83bd0e9fd79d026630d2d99e55e8bfe501287647b4fd9743de?s=96&d=mm&r=g\",\"url\":\"https:\\\/\\\/secure.gravatar.com\\\/avatar\\\/31a1a7b66ff2de83bd0e9fd79d026630d2d99e55e8bfe501287647b4fd9743de?s=96&d=mm&r=g\",\"contentUrl\":\"https:\\\/\\\/secure.gravatar.com\\\/avatar\\\/31a1a7b66ff2de83bd0e9fd79d026630d2d99e55e8bfe501287647b4fd9743de?s=96&d=mm&r=g\",\"caption\":\"Gonzalo Schmidt\"},\"description\":\"Sitio web de noticias de la provincia de Entre R\u00edos, Argentina. Informaci\u00f3n y entretenimiento. Informe Litoral, nos informamos.\",\"sameAs\":[\"http:\\\/\\\/www.isletasnoticias.com.ar\"],\"url\":\"https:\\\/\\\/informelitoral.com.ar\\\/author\\\/gonzalo\\\/\"}]}<\/script>","yoast_head_json":{"title":"Contin\u00faa el tratamiento de la creaci\u00f3n de fiscal\u00edas ambientales - Informe Litoral","robots":{"index":"index","follow":"follow","max-snippet":"max-snippet:-1","max-image-preview":"max-image-preview:large","max-video-preview":"max-video-preview:-1"},"canonical":"https:\/\/informelitoral.com.ar\/continua-el-tratamiento-de-la-creacion-de-fiscalias-ambientales\/","og_locale":"es_ES","og_type":"article","og_title":"Contin\u00faa el tratamiento de la creaci\u00f3n de fiscal\u00edas ambientales - Informe Litoral","og_description":"En reuni\u00f3n conjunta de comisiones, los diputados analizaron el proyecto de Arrozogaray para constituir fiscal\u00edas espec\u00edficas en Paran\u00e1 y Gualeguaych\u00fa.","og_url":"https:\/\/informelitoral.com.ar\/continua-el-tratamiento-de-la-creacion-de-fiscalias-ambientales\/","og_site_name":"Informe Litoral","article_publisher":"https:\/\/www.facebook.com\/informelitoral\/","article_published_time":"2025-05-21T23:55:21+00:00","article_modified_time":"2025-05-24T23:59:00+00:00","og_image":[{"url":"https:\/\/hcder.gov.ar\/archivosDownload\/fotosNoticias\/1820_4404.jpg","type":"","width":"","height":""},{"width":1024,"height":682,"url":"https:\/\/hcder.gov.ar\/archivosDownload\/fotosNoticias\/1820_4404.jpg","type":"image\/jpeg"}],"author":"Gonzalo Schmidt","twitter_card":"summary_large_image","twitter_image":"https:\/\/hcder.gov.ar\/archivosDownload\/fotosNoticias\/1820_4404.jpg","twitter_creator":"@InformeLitoral","twitter_site":"@InformeLitoral","twitter_misc":{"Escrito por":"Gonzalo Schmidt","Tiempo de lectura":"2 minutos"},"schema":{"@context":"https:\/\/schema.org","@graph":[{"@type":"Article","@id":"https:\/\/informelitoral.com.ar\/continua-el-tratamiento-de-la-creacion-de-fiscalias-ambientales\/#article","isPartOf":{"@id":"https:\/\/informelitoral.com.ar\/continua-el-tratamiento-de-la-creacion-de-fiscalias-ambientales\/"},"author":{"name":"Gonzalo Schmidt","@id":"https:\/\/informelitoral.com.ar\/#\/schema\/person\/b9d00407c836482871ef1d57bf8e3180"},"headline":"Contin\u00faa el tratamiento de la creaci\u00f3n de fiscal\u00edas ambientales","datePublished":"2025-05-21T23:55:21+00:00","dateModified":"2025-05-24T23:59:00+00:00","mainEntityOfPage":{"@id":"https:\/\/informelitoral.com.ar\/continua-el-tratamiento-de-la-creacion-de-fiscalias-ambientales\/"},"wordCount":342,"commentCount":0,"publisher":{"@id":"https:\/\/informelitoral.com.ar\/#organization"},"image":{"@id":"https:\/\/informelitoral.com.ar\/continua-el-tratamiento-de-la-creacion-de-fiscalias-ambientales\/#primaryimage"},"thumbnailUrl":"https:\/\/hcder.gov.ar\/archivosDownload\/fotosNoticias\/1820_4404.jpg","keywords":["Ambiente","Entre R\u00edos"],"articleSection":["Policiales"],"inLanguage":"es","potentialAction":[{"@type":"CommentAction","name":"Comment","target":["https:\/\/informelitoral.com.ar\/continua-el-tratamiento-de-la-creacion-de-fiscalias-ambientales\/#respond"]}]},{"@type":"WebPage","@id":"https:\/\/informelitoral.com.ar\/continua-el-tratamiento-de-la-creacion-de-fiscalias-ambientales\/","url":"https:\/\/informelitoral.com.ar\/continua-el-tratamiento-de-la-creacion-de-fiscalias-ambientales\/","name":"Contin\u00faa el tratamiento de la creaci\u00f3n de fiscal\u00edas ambientales - Informe Litoral","isPartOf":{"@id":"https:\/\/informelitoral.com.ar\/#website"},"primaryImageOfPage":{"@id":"https:\/\/informelitoral.com.ar\/continua-el-tratamiento-de-la-creacion-de-fiscalias-ambientales\/#primaryimage"},"image":{"@id":"https:\/\/informelitoral.com.ar\/continua-el-tratamiento-de-la-creacion-de-fiscalias-ambientales\/#primaryimage"},"thumbnailUrl":"https:\/\/hcder.gov.ar\/archivosDownload\/fotosNoticias\/1820_4404.jpg","datePublished":"2025-05-21T23:55:21+00:00","dateModified":"2025-05-24T23:59:00+00:00","breadcrumb":{"@id":"https:\/\/informelitoral.com.ar\/continua-el-tratamiento-de-la-creacion-de-fiscalias-ambientales\/#breadcrumb"},"inLanguage":"es","potentialAction":[{"@type":"ReadAction","target":["https:\/\/informelitoral.com.ar\/continua-el-tratamiento-de-la-creacion-de-fiscalias-ambientales\/"]}]},{"@type":"ImageObject","inLanguage":"es","@id":"https:\/\/informelitoral.com.ar\/continua-el-tratamiento-de-la-creacion-de-fiscalias-ambientales\/#primaryimage","url":"https:\/\/hcder.gov.ar\/archivosDownload\/fotosNoticias\/1820_4404.jpg","contentUrl":"https:\/\/hcder.gov.ar\/archivosDownload\/fotosNoticias\/1820_4404.jpg","width":"1024","height":"682"},{"@type":"BreadcrumbList","@id":"https:\/\/informelitoral.com.ar\/continua-el-tratamiento-de-la-creacion-de-fiscalias-ambientales\/#breadcrumb","itemListElement":[{"@type":"ListItem","position":1,"name":"Portada","item":"https:\/\/informelitoral.com.ar\/"},{"@type":"ListItem","position":2,"name":"Contin\u00faa el tratamiento de la creaci\u00f3n de fiscal\u00edas ambientales"}]},{"@type":"WebSite","@id":"https:\/\/informelitoral.com.ar\/#website","url":"https:\/\/informelitoral.com.ar\/","name":"Informe Litoral","description":"&quot;Nos informamos&quot; ","publisher":{"@id":"https:\/\/informelitoral.com.ar\/#organization"},"potentialAction":[{"@type":"SearchAction","target":{"@type":"EntryPoint","urlTemplate":"https:\/\/informelitoral.com.ar\/?s={search_term_string}"},"query-input":{"@type":"PropertyValueSpecification","valueRequired":true,"valueName":"search_term_string"}}],"inLanguage":"es"},{"@type":"Organization","@id":"https:\/\/informelitoral.com.ar\/#organization","name":"Informe Litoral","url":"https:\/\/informelitoral.com.ar\/","logo":{"@type":"ImageObject","inLanguage":"es","@id":"https:\/\/informelitoral.com.ar\/#\/schema\/logo\/image\/","url":"https:\/\/informelitoral.com.ar\/%77%70%2d%63%6f%6e%74%65%6e%74\/uploads\/2021\/01\/circulo.png","contentUrl":"https:\/\/informelitoral.com.ar\/%77%70%2d%63%6f%6e%74%65%6e%74\/uploads\/2021\/01\/circulo.png","width":723,"height":731,"caption":"Informe Litoral"},"image":{"@id":"https:\/\/informelitoral.com.ar\/#\/schema\/logo\/image\/"},"sameAs":["https:\/\/www.facebook.com\/informelitoral\/","https:\/\/x.com\/InformeLitoral","https:\/\/www.instagram.com\/informelitoral\/","https:\/\/www.youtube.com\/channel\/UCua4Qvz8Icb6MYqhoq9xLXw"]},{"@type":"Person","@id":"https:\/\/informelitoral.com.ar\/#\/schema\/person\/b9d00407c836482871ef1d57bf8e3180","name":"Gonzalo Schmidt","image":{"@type":"ImageObject","inLanguage":"es","@id":"https:\/\/secure.gravatar.com\/avatar\/31a1a7b66ff2de83bd0e9fd79d026630d2d99e55e8bfe501287647b4fd9743de?s=96&d=mm&r=g","url":"https:\/\/secure.gravatar.com\/avatar\/31a1a7b66ff2de83bd0e9fd79d026630d2d99e55e8bfe501287647b4fd9743de?s=96&d=mm&r=g","contentUrl":"https:\/\/secure.gravatar.com\/avatar\/31a1a7b66ff2de83bd0e9fd79d026630d2d99e55e8bfe501287647b4fd9743de?s=96&d=mm&r=g","caption":"Gonzalo Schmidt"},"description":"Sitio web de noticias de la provincia de Entre R\u00edos, Argentina. Informaci\u00f3n y entretenimiento. Informe Litoral, nos informamos.","sameAs":["http:\/\/www.isletasnoticias.com.ar"],"url":"https:\/\/informelitoral.com.ar\/author\/gonzalo\/"}]}},"fifu_image_url":"https:\/\/hcder.gov.ar\/archivosDownload\/fotosNoticias\/1820_4404.jpg","_links":{"self":[{"href":"https:\/\/informelitoral.com.ar\/%77%70%2d%6a%73%6f%6e\/wp\/v2\/posts\/221772","targetHints":{"allow":["GET"]}}],"collection":[{"href":"https:\/\/informelitoral.com.ar\/%77%70%2d%6a%73%6f%6e\/wp\/v2\/posts"}],"about":[{"href":"https:\/\/informelitoral.com.ar\/%77%70%2d%6a%73%6f%6e\/wp\/v2\/types\/post"}],"author":[{"embeddable":true,"href":"https:\/\/informelitoral.com.ar\/%77%70%2d%6a%73%6f%6e\/wp\/v2\/users\/2"}],"replies":[{"embeddable":true,"href":"https:\/\/informelitoral.com.ar\/%77%70%2d%6a%73%6f%6e\/wp\/v2\/comments?post=221772"}],"version-history":[{"count":0,"href":"https:\/\/informelitoral.com.ar\/%77%70%2d%6a%73%6f%6e\/wp\/v2\/posts\/221772\/revisions"}],"wp:featuredmedia":[{"embeddable":true,"href":"https:\/\/informelitoral.com.ar\/%77%70%2d%6a%73%6f%6e\/wp\/v2\/media\/221773"}],"wp:attachment":[{"href":"https:\/\/informelitoral.com.ar\/%77%70%2d%6a%73%6f%6e\/wp\/v2\/media?parent=221772"}],"wp:term":[{"taxonomy":"category","embeddable":true,"href":"https:\/\/informelitoral.com.ar\/%77%70%2d%6a%73%6f%6e\/wp\/v2\/categories?post=221772"},{"taxonomy":"post_tag","embeddable":true,"href":"https:\/\/informelitoral.com.ar\/%77%70%2d%6a%73%6f%6e\/wp\/v2\/tags?post=221772"}],"curies":[{"name":"wp","href":"https:\/\/api.w.org\/{rel}","templated":true}]}}