{"id":221769,"date":"2025-05-20T20:50:24","date_gmt":"2025-05-20T23:50:24","guid":{"rendered":"https:\/\/informelitoral.com.ar\/?p=221769"},"modified":"2025-05-24T20:54:45","modified_gmt":"2025-05-24T23:54:45","slug":"buscan-que-las-comunas-entrerrianas-puedan-contraer-credito-publico","status":"publish","type":"post","link":"https:\/\/informelitoral.com.ar\/buscan-que-las-comunas-entrerrianas-puedan-contraer-credito-publico\/","title":{"rendered":"Buscan que las comunas entrerrianas puedan contraer cr\u00e9dito p\u00fablico"},"content":{"rendered":"<p>La comisi\u00f3n de Asuntos Municipales y Comunales, que preside la diputada Mar\u00eda Elena Romero, se reuni\u00f3 este martes y avanz\u00f3 en el tratamiento de un proyecto de ley que habilita a las comunas a contraer cr\u00e9dito p\u00fablico, a trav\u00e9s de una modificaci\u00f3n a la Ley N\u00b0 10.644. De la reuni\u00f3n particip\u00f3 el secretario de Asuntos Pol\u00edticos del gobierno provincial, Juli\u00e1n Maneiro.<\/p>\n<p>La iniciativa, presentada por Romero, agrega un inciso al art\u00edculo 25 de la norma mencionada, con el objetivo de sumar entre las facultades de los consejos comunales, la de autorizar la contrataci\u00f3n de empr\u00e9stitos o cr\u00e9dito p\u00fablico, con el voto favorable de la mayor\u00eda absoluta de la totalidad de su miembros.<\/p>\n<p>\u201cActualmente no se permite contraer empr\u00e9stitos a las comunas. Al ser una especie de municipios rurales que tienen sus recursos por goteo diario de coparticipaci\u00f3n, necesitan tener esta herramienta para comprar, por ejemplo, maquinaria para el mantenimiento de caminos rurales, luminaria o todo lo que tenga que ver con la obra p\u00fablica\u201d, argument\u00f3 la autora.<\/p>\n<p>\u201cEsto lo han manifestado las comunas tanto al Ministerio de Gobierno como a la comisi\u00f3n de Asuntos Municipales y Comunales. Hubo consenso en esta comisi\u00f3n, excepto por la necesidad de hacer una mejora en la redacci\u00f3n y la posibilidad de establecer un l\u00edmite para el empr\u00e9stito, y pr\u00f3ximamente saldr\u00eda el dictamen favorable\u201d, inform\u00f3 la legisladora.<\/p>\n<p>Acerca de la invitaci\u00f3n a Maneiro, indic\u00f3 que obedeci\u00f3 a la necesidad de contar con su opini\u00f3n, ya que pr\u00f3ximamente se comenzar\u00e1 a proyectar una reforma integral de la Ley de Comunas y es conveniente que las modificaciones parciales que se hagan ahora sean coherentes con el resto de los cambios que se\u00a0prev\u00e9\u00a0realizar.<\/p>\n","protected":false},"excerpt":{"rendered":"<p>Los legisladores abordaron en comisi\u00f3n una iniciativa que busca agregar un inciso a un art\u00edculo de la Ley de Comunas. Aunque el proyecto tendr\u00e1 algunos cambios, hubo consenso acerca de la necesidad de esta modificaci\u00f3n.<\/p>\n","protected":false},"author":2,"featured_media":221770,"comment_status":"open","ping_status":"open","sticky":false,"template":"","format":"standard","meta":{"fifu_image_url":"https:\/\/hcder.gov.ar\/archivosDownload\/fotosNoticias\/1818_4398.JPG","fifu_image_alt":"","footnotes":""},"categories":[16],"tags":[230,196,287],"class_list":{"0":"post-221769","1":"post","2":"type-post","3":"status-publish","4":"format-standard","5":"has-post-thumbnail","7":"category-politi","8":"tag-comunas","9":"tag-diputados","10":"tag-legislativas"},"yoast_head":"<title>Buscan que las comunas entrerrianas puedan contraer cr\u00e9dito p\u00fablico - Informe Litoral<\/title>\n<meta name=\"robots\" content=\"index, follow, max-snippet:-1, max-image-preview:large, max-video-preview:-1\" \/>\n<link rel=\"canonical\" href=\"https:\/\/informelitoral.com.ar\/buscan-que-las-comunas-entrerrianas-puedan-contraer-credito-publico\/\" \/>\n<meta property=\"og:locale\" content=\"es_ES\" \/>\n<meta property=\"og:type\" content=\"article\" \/>\n<meta property=\"og:title\" content=\"Buscan que las comunas entrerrianas puedan contraer cr\u00e9dito p\u00fablico - Informe Litoral\" \/>\n<meta property=\"og:description\" content=\"Los legisladores abordaron en comisi\u00f3n una iniciativa que busca agregar un inciso a un art\u00edculo de la Ley de Comunas. Aunque el proyecto tendr\u00e1 algunos cambios, hubo consenso acerca de la necesidad de esta modificaci\u00f3n.\" \/>\n<meta property=\"og:url\" content=\"https:\/\/informelitoral.com.ar\/buscan-que-las-comunas-entrerrianas-puedan-contraer-credito-publico\/\" \/>\n<meta property=\"og:site_name\" content=\"Informe Litoral\" \/>\n<meta property=\"article:publisher\" content=\"https:\/\/www.facebook.com\/informelitoral\/\" \/>\n<meta property=\"article:published_time\" content=\"2025-05-20T23:50:24+00:00\" \/>\n<meta property=\"article:modified_time\" content=\"2025-05-24T23:54:45+00:00\" \/>\n<meta property=\"og:image\" content=\"https:\/\/hcder.gov.ar\/archivosDownload\/fotosNoticias\/1818_4398.JPG\" \/><meta property=\"og:image\" content=\"https:\/\/hcder.gov.ar\/archivosDownload\/fotosNoticias\/1818_4398.JPG\" \/>\n\t<meta property=\"og:image:width\" content=\"1024\" \/>\n\t<meta property=\"og:image:height\" content=\"682\" \/>\n\t<meta property=\"og:image:type\" content=\"image\/jpeg\" \/>\n<meta name=\"author\" content=\"Gonzalo Schmidt\" \/>\n<meta name=\"twitter:card\" content=\"summary_large_image\" \/>\n<meta name=\"twitter:image\" content=\"https:\/\/hcder.gov.ar\/archivosDownload\/fotosNoticias\/1818_4398.JPG\" \/>\n<meta name=\"twitter:creator\" content=\"@InformeLitoral\" \/>\n<meta name=\"twitter:site\" content=\"@InformeLitoral\" \/>\n<meta name=\"twitter:label1\" content=\"Escrito por\" \/>\n\t<meta name=\"twitter:data1\" content=\"Gonzalo Schmidt\" \/>\n\t<meta name=\"twitter:label2\" content=\"Tiempo de lectura\" \/>\n\t<meta name=\"twitter:data2\" content=\"2 minutos\" \/>\n<script type=\"application\/ld+json\" class=\"yoast-schema-graph\">{\"@context\":\"https:\\\/\\\/schema.org\",\"@graph\":[{\"@type\":\"Article\",\"@id\":\"https:\\\/\\\/informelitoral.com.ar\\\/buscan-que-las-comunas-entrerrianas-puedan-contraer-credito-publico\\\/#article\",\"isPartOf\":{\"@id\":\"https:\\\/\\\/informelitoral.com.ar\\\/buscan-que-las-comunas-entrerrianas-puedan-contraer-credito-publico\\\/\"},\"author\":{\"name\":\"Gonzalo Schmidt\",\"@id\":\"https:\\\/\\\/informelitoral.com.ar\\\/#\\\/schema\\\/person\\\/b9d00407c836482871ef1d57bf8e3180\"},\"headline\":\"Buscan que las comunas entrerrianas puedan contraer cr\u00e9dito p\u00fablico\",\"datePublished\":\"2025-05-20T23:50:24+00:00\",\"dateModified\":\"2025-05-24T23:54:45+00:00\",\"mainEntityOfPage\":{\"@id\":\"https:\\\/\\\/informelitoral.com.ar\\\/buscan-que-las-comunas-entrerrianas-puedan-contraer-credito-publico\\\/\"},\"wordCount\":314,\"commentCount\":0,\"publisher\":{\"@id\":\"https:\\\/\\\/informelitoral.com.ar\\\/#organization\"},\"image\":{\"@id\":\"https:\\\/\\\/informelitoral.com.ar\\\/buscan-que-las-comunas-entrerrianas-puedan-contraer-credito-publico\\\/#primaryimage\"},\"thumbnailUrl\":\"https:\\\/\\\/hcder.gov.ar\\\/archivosDownload\\\/fotosNoticias\\\/1818_4398.JPG\",\"keywords\":[\"Comunas\",\"Diputados\",\"Legislativas\"],\"articleSection\":[\"Politica\"],\"inLanguage\":\"es\",\"potentialAction\":[{\"@type\":\"CommentAction\",\"name\":\"Comment\",\"target\":[\"https:\\\/\\\/informelitoral.com.ar\\\/buscan-que-las-comunas-entrerrianas-puedan-contraer-credito-publico\\\/#respond\"]}]},{\"@type\":\"WebPage\",\"@id\":\"https:\\\/\\\/informelitoral.com.ar\\\/buscan-que-las-comunas-entrerrianas-puedan-contraer-credito-publico\\\/\",\"url\":\"https:\\\/\\\/informelitoral.com.ar\\\/buscan-que-las-comunas-entrerrianas-puedan-contraer-credito-publico\\\/\",\"name\":\"Buscan que las comunas entrerrianas puedan contraer cr\u00e9dito p\u00fablico - Informe Litoral\",\"isPartOf\":{\"@id\":\"https:\\\/\\\/informelitoral.com.ar\\\/#website\"},\"primaryImageOfPage\":{\"@id\":\"https:\\\/\\\/informelitoral.com.ar\\\/buscan-que-las-comunas-entrerrianas-puedan-contraer-credito-publico\\\/#primaryimage\"},\"image\":{\"@id\":\"https:\\\/\\\/informelitoral.com.ar\\\/buscan-que-las-comunas-entrerrianas-puedan-contraer-credito-publico\\\/#primaryimage\"},\"thumbnailUrl\":\"https:\\\/\\\/hcder.gov.ar\\\/archivosDownload\\\/fotosNoticias\\\/1818_4398.JPG\",\"datePublished\":\"2025-05-20T23:50:24+00:00\",\"dateModified\":\"2025-05-24T23:54:45+00:00\",\"breadcrumb\":{\"@id\":\"https:\\\/\\\/informelitoral.com.ar\\\/buscan-que-las-comunas-entrerrianas-puedan-contraer-credito-publico\\\/#breadcrumb\"},\"inLanguage\":\"es\",\"potentialAction\":[{\"@type\":\"ReadAction\",\"target\":[\"https:\\\/\\\/informelitoral.com.ar\\\/buscan-que-las-comunas-entrerrianas-puedan-contraer-credito-publico\\\/\"]}]},{\"@type\":\"ImageObject\",\"inLanguage\":\"es\",\"@id\":\"https:\\\/\\\/informelitoral.com.ar\\\/buscan-que-las-comunas-entrerrianas-puedan-contraer-credito-publico\\\/#primaryimage\",\"url\":\"https:\\\/\\\/hcder.gov.ar\\\/archivosDownload\\\/fotosNoticias\\\/1818_4398.JPG\",\"contentUrl\":\"https:\\\/\\\/hcder.gov.ar\\\/archivosDownload\\\/fotosNoticias\\\/1818_4398.JPG\",\"width\":\"1024\",\"height\":\"682\"},{\"@type\":\"BreadcrumbList\",\"@id\":\"https:\\\/\\\/informelitoral.com.ar\\\/buscan-que-las-comunas-entrerrianas-puedan-contraer-credito-publico\\\/#breadcrumb\",\"itemListElement\":[{\"@type\":\"ListItem\",\"position\":1,\"name\":\"Portada\",\"item\":\"https:\\\/\\\/informelitoral.com.ar\\\/\"},{\"@type\":\"ListItem\",\"position\":2,\"name\":\"Buscan que las comunas entrerrianas puedan contraer cr\u00e9dito p\u00fablico\"}]},{\"@type\":\"WebSite\",\"@id\":\"https:\\\/\\\/informelitoral.com.ar\\\/#website\",\"url\":\"https:\\\/\\\/informelitoral.com.ar\\\/\",\"name\":\"Informe Litoral\",\"description\":\"&quot;Nos informamos&quot; \",\"publisher\":{\"@id\":\"https:\\\/\\\/informelitoral.com.ar\\\/#organization\"},\"potentialAction\":[{\"@type\":\"SearchAction\",\"target\":{\"@type\":\"EntryPoint\",\"urlTemplate\":\"https:\\\/\\\/informelitoral.com.ar\\\/?s={search_term_string}\"},\"query-input\":{\"@type\":\"PropertyValueSpecification\",\"valueRequired\":true,\"valueName\":\"search_term_string\"}}],\"inLanguage\":\"es\"},{\"@type\":\"Organization\",\"@id\":\"https:\\\/\\\/informelitoral.com.ar\\\/#organization\",\"name\":\"Informe Litoral\",\"url\":\"https:\\\/\\\/informelitoral.com.ar\\\/\",\"logo\":{\"@type\":\"ImageObject\",\"inLanguage\":\"es\",\"@id\":\"https:\\\/\\\/informelitoral.com.ar\\\/#\\\/schema\\\/logo\\\/image\\\/\",\"url\":\"https:\\\/\\\/informelitoral.com.ar\\\/%77%70%2d%63%6f%6e%74%65%6e%74\\\/uploads\\\/2021\\\/01\\\/circulo.png\",\"contentUrl\":\"https:\\\/\\\/informelitoral.com.ar\\\/%77%70%2d%63%6f%6e%74%65%6e%74\\\/uploads\\\/2021\\\/01\\\/circulo.png\",\"width\":723,\"height\":731,\"caption\":\"Informe Litoral\"},\"image\":{\"@id\":\"https:\\\/\\\/informelitoral.com.ar\\\/#\\\/schema\\\/logo\\\/image\\\/\"},\"sameAs\":[\"https:\\\/\\\/www.facebook.com\\\/informelitoral\\\/\",\"https:\\\/\\\/x.com\\\/InformeLitoral\",\"https:\\\/\\\/www.instagram.com\\\/informelitoral\\\/\",\"https:\\\/\\\/www.youtube.com\\\/channel\\\/UCua4Qvz8Icb6MYqhoq9xLXw\"]},{\"@type\":\"Person\",\"@id\":\"https:\\\/\\\/informelitoral.com.ar\\\/#\\\/schema\\\/person\\\/b9d00407c836482871ef1d57bf8e3180\",\"name\":\"Gonzalo Schmidt\",\"image\":{\"@type\":\"ImageObject\",\"inLanguage\":\"es\",\"@id\":\"https:\\\/\\\/secure.gravatar.com\\\/avatar\\\/31a1a7b66ff2de83bd0e9fd79d026630d2d99e55e8bfe501287647b4fd9743de?s=96&d=mm&r=g\",\"url\":\"https:\\\/\\\/secure.gravatar.com\\\/avatar\\\/31a1a7b66ff2de83bd0e9fd79d026630d2d99e55e8bfe501287647b4fd9743de?s=96&d=mm&r=g\",\"contentUrl\":\"https:\\\/\\\/secure.gravatar.com\\\/avatar\\\/31a1a7b66ff2de83bd0e9fd79d026630d2d99e55e8bfe501287647b4fd9743de?s=96&d=mm&r=g\",\"caption\":\"Gonzalo Schmidt\"},\"description\":\"Sitio web de noticias de la provincia de Entre R\u00edos, Argentina. Informaci\u00f3n y entretenimiento. Informe Litoral, nos informamos.\",\"sameAs\":[\"http:\\\/\\\/www.isletasnoticias.com.ar\"],\"url\":\"https:\\\/\\\/informelitoral.com.ar\\\/author\\\/gonzalo\\\/\"}]}<\/script>","yoast_head_json":{"title":"Buscan que las comunas entrerrianas puedan contraer cr\u00e9dito p\u00fablico - Informe Litoral","robots":{"index":"index","follow":"follow","max-snippet":"max-snippet:-1","max-image-preview":"max-image-preview:large","max-video-preview":"max-video-preview:-1"},"canonical":"https:\/\/informelitoral.com.ar\/buscan-que-las-comunas-entrerrianas-puedan-contraer-credito-publico\/","og_locale":"es_ES","og_type":"article","og_title":"Buscan que las comunas entrerrianas puedan contraer cr\u00e9dito p\u00fablico - Informe Litoral","og_description":"Los legisladores abordaron en comisi\u00f3n una iniciativa que busca agregar un inciso a un art\u00edculo de la Ley de Comunas. Aunque el proyecto tendr\u00e1 algunos cambios, hubo consenso acerca de la necesidad de esta modificaci\u00f3n.","og_url":"https:\/\/informelitoral.com.ar\/buscan-que-las-comunas-entrerrianas-puedan-contraer-credito-publico\/","og_site_name":"Informe Litoral","article_publisher":"https:\/\/www.facebook.com\/informelitoral\/","article_published_time":"2025-05-20T23:50:24+00:00","article_modified_time":"2025-05-24T23:54:45+00:00","og_image":[{"url":"https:\/\/hcder.gov.ar\/archivosDownload\/fotosNoticias\/1818_4398.JPG","type":"","width":"","height":""},{"width":1024,"height":682,"url":"https:\/\/hcder.gov.ar\/archivosDownload\/fotosNoticias\/1818_4398.JPG","type":"image\/jpeg"}],"author":"Gonzalo Schmidt","twitter_card":"summary_large_image","twitter_image":"https:\/\/hcder.gov.ar\/archivosDownload\/fotosNoticias\/1818_4398.JPG","twitter_creator":"@InformeLitoral","twitter_site":"@InformeLitoral","twitter_misc":{"Escrito por":"Gonzalo Schmidt","Tiempo de lectura":"2 minutos"},"schema":{"@context":"https:\/\/schema.org","@graph":[{"@type":"Article","@id":"https:\/\/informelitoral.com.ar\/buscan-que-las-comunas-entrerrianas-puedan-contraer-credito-publico\/#article","isPartOf":{"@id":"https:\/\/informelitoral.com.ar\/buscan-que-las-comunas-entrerrianas-puedan-contraer-credito-publico\/"},"author":{"name":"Gonzalo Schmidt","@id":"https:\/\/informelitoral.com.ar\/#\/schema\/person\/b9d00407c836482871ef1d57bf8e3180"},"headline":"Buscan que las comunas entrerrianas puedan contraer cr\u00e9dito p\u00fablico","datePublished":"2025-05-20T23:50:24+00:00","dateModified":"2025-05-24T23:54:45+00:00","mainEntityOfPage":{"@id":"https:\/\/informelitoral.com.ar\/buscan-que-las-comunas-entrerrianas-puedan-contraer-credito-publico\/"},"wordCount":314,"commentCount":0,"publisher":{"@id":"https:\/\/informelitoral.com.ar\/#organization"},"image":{"@id":"https:\/\/informelitoral.com.ar\/buscan-que-las-comunas-entrerrianas-puedan-contraer-credito-publico\/#primaryimage"},"thumbnailUrl":"https:\/\/hcder.gov.ar\/archivosDownload\/fotosNoticias\/1818_4398.JPG","keywords":["Comunas","Diputados","Legislativas"],"articleSection":["Politica"],"inLanguage":"es","potentialAction":[{"@type":"CommentAction","name":"Comment","target":["https:\/\/informelitoral.com.ar\/buscan-que-las-comunas-entrerrianas-puedan-contraer-credito-publico\/#respond"]}]},{"@type":"WebPage","@id":"https:\/\/informelitoral.com.ar\/buscan-que-las-comunas-entrerrianas-puedan-contraer-credito-publico\/","url":"https:\/\/informelitoral.com.ar\/buscan-que-las-comunas-entrerrianas-puedan-contraer-credito-publico\/","name":"Buscan que las comunas entrerrianas puedan contraer cr\u00e9dito p\u00fablico - Informe Litoral","isPartOf":{"@id":"https:\/\/informelitoral.com.ar\/#website"},"primaryImageOfPage":{"@id":"https:\/\/informelitoral.com.ar\/buscan-que-las-comunas-entrerrianas-puedan-contraer-credito-publico\/#primaryimage"},"image":{"@id":"https:\/\/informelitoral.com.ar\/buscan-que-las-comunas-entrerrianas-puedan-contraer-credito-publico\/#primaryimage"},"thumbnailUrl":"https:\/\/hcder.gov.ar\/archivosDownload\/fotosNoticias\/1818_4398.JPG","datePublished":"2025-05-20T23:50:24+00:00","dateModified":"2025-05-24T23:54:45+00:00","breadcrumb":{"@id":"https:\/\/informelitoral.com.ar\/buscan-que-las-comunas-entrerrianas-puedan-contraer-credito-publico\/#breadcrumb"},"inLanguage":"es","potentialAction":[{"@type":"ReadAction","target":["https:\/\/informelitoral.com.ar\/buscan-que-las-comunas-entrerrianas-puedan-contraer-credito-publico\/"]}]},{"@type":"ImageObject","inLanguage":"es","@id":"https:\/\/informelitoral.com.ar\/buscan-que-las-comunas-entrerrianas-puedan-contraer-credito-publico\/#primaryimage","url":"https:\/\/hcder.gov.ar\/archivosDownload\/fotosNoticias\/1818_4398.JPG","contentUrl":"https:\/\/hcder.gov.ar\/archivosDownload\/fotosNoticias\/1818_4398.JPG","width":"1024","height":"682"},{"@type":"BreadcrumbList","@id":"https:\/\/informelitoral.com.ar\/buscan-que-las-comunas-entrerrianas-puedan-contraer-credito-publico\/#breadcrumb","itemListElement":[{"@type":"ListItem","position":1,"name":"Portada","item":"https:\/\/informelitoral.com.ar\/"},{"@type":"ListItem","position":2,"name":"Buscan que las comunas entrerrianas puedan contraer cr\u00e9dito p\u00fablico"}]},{"@type":"WebSite","@id":"https:\/\/informelitoral.com.ar\/#website","url":"https:\/\/informelitoral.com.ar\/","name":"Informe Litoral","description":"&quot;Nos informamos&quot; ","publisher":{"@id":"https:\/\/informelitoral.com.ar\/#organization"},"potentialAction":[{"@type":"SearchAction","target":{"@type":"EntryPoint","urlTemplate":"https:\/\/informelitoral.com.ar\/?s={search_term_string}"},"query-input":{"@type":"PropertyValueSpecification","valueRequired":true,"valueName":"search_term_string"}}],"inLanguage":"es"},{"@type":"Organization","@id":"https:\/\/informelitoral.com.ar\/#organization","name":"Informe Litoral","url":"https:\/\/informelitoral.com.ar\/","logo":{"@type":"ImageObject","inLanguage":"es","@id":"https:\/\/informelitoral.com.ar\/#\/schema\/logo\/image\/","url":"https:\/\/informelitoral.com.ar\/%77%70%2d%63%6f%6e%74%65%6e%74\/uploads\/2021\/01\/circulo.png","contentUrl":"https:\/\/informelitoral.com.ar\/%77%70%2d%63%6f%6e%74%65%6e%74\/uploads\/2021\/01\/circulo.png","width":723,"height":731,"caption":"Informe Litoral"},"image":{"@id":"https:\/\/informelitoral.com.ar\/#\/schema\/logo\/image\/"},"sameAs":["https:\/\/www.facebook.com\/informelitoral\/","https:\/\/x.com\/InformeLitoral","https:\/\/www.instagram.com\/informelitoral\/","https:\/\/www.youtube.com\/channel\/UCua4Qvz8Icb6MYqhoq9xLXw"]},{"@type":"Person","@id":"https:\/\/informelitoral.com.ar\/#\/schema\/person\/b9d00407c836482871ef1d57bf8e3180","name":"Gonzalo Schmidt","image":{"@type":"ImageObject","inLanguage":"es","@id":"https:\/\/secure.gravatar.com\/avatar\/31a1a7b66ff2de83bd0e9fd79d026630d2d99e55e8bfe501287647b4fd9743de?s=96&d=mm&r=g","url":"https:\/\/secure.gravatar.com\/avatar\/31a1a7b66ff2de83bd0e9fd79d026630d2d99e55e8bfe501287647b4fd9743de?s=96&d=mm&r=g","contentUrl":"https:\/\/secure.gravatar.com\/avatar\/31a1a7b66ff2de83bd0e9fd79d026630d2d99e55e8bfe501287647b4fd9743de?s=96&d=mm&r=g","caption":"Gonzalo Schmidt"},"description":"Sitio web de noticias de la provincia de Entre R\u00edos, Argentina. Informaci\u00f3n y entretenimiento. Informe Litoral, nos informamos.","sameAs":["http:\/\/www.isletasnoticias.com.ar"],"url":"https:\/\/informelitoral.com.ar\/author\/gonzalo\/"}]}},"fifu_image_url":"https:\/\/hcder.gov.ar\/archivosDownload\/fotosNoticias\/1818_4398.JPG","_links":{"self":[{"href":"https:\/\/informelitoral.com.ar\/%77%70%2d%6a%73%6f%6e\/wp\/v2\/posts\/221769","targetHints":{"allow":["GET"]}}],"collection":[{"href":"https:\/\/informelitoral.com.ar\/%77%70%2d%6a%73%6f%6e\/wp\/v2\/posts"}],"about":[{"href":"https:\/\/informelitoral.com.ar\/%77%70%2d%6a%73%6f%6e\/wp\/v2\/types\/post"}],"author":[{"embeddable":true,"href":"https:\/\/informelitoral.com.ar\/%77%70%2d%6a%73%6f%6e\/wp\/v2\/users\/2"}],"replies":[{"embeddable":true,"href":"https:\/\/informelitoral.com.ar\/%77%70%2d%6a%73%6f%6e\/wp\/v2\/comments?post=221769"}],"version-history":[{"count":0,"href":"https:\/\/informelitoral.com.ar\/%77%70%2d%6a%73%6f%6e\/wp\/v2\/posts\/221769\/revisions"}],"wp:featuredmedia":[{"embeddable":true,"href":"https:\/\/informelitoral.com.ar\/%77%70%2d%6a%73%6f%6e\/wp\/v2\/media\/221770"}],"wp:attachment":[{"href":"https:\/\/informelitoral.com.ar\/%77%70%2d%6a%73%6f%6e\/wp\/v2\/media?parent=221769"}],"wp:term":[{"taxonomy":"category","embeddable":true,"href":"https:\/\/informelitoral.com.ar\/%77%70%2d%6a%73%6f%6e\/wp\/v2\/categories?post=221769"},{"taxonomy":"post_tag","embeddable":true,"href":"https:\/\/informelitoral.com.ar\/%77%70%2d%6a%73%6f%6e\/wp\/v2\/tags?post=221769"}],"curies":[{"name":"wp","href":"https:\/\/api.w.org\/{rel}","templated":true}]}}