{"id":221766,"date":"2025-05-20T20:38:58","date_gmt":"2025-05-20T23:38:58","guid":{"rendered":"https:\/\/informelitoral.com.ar\/?p=221766"},"modified":"2025-05-24T20:50:09","modified_gmt":"2025-05-24T23:50:09","slug":"quieren-que-los-agentes-del-estado-se-capaciten-en-lengua-de-senas","status":"publish","type":"post","link":"https:\/\/informelitoral.com.ar\/quieren-que-los-agentes-del-estado-se-capaciten-en-lengua-de-senas\/","title":{"rendered":"Quieren que los agentes del Estado se capaciten en Lengua de Se\u00f1as"},"content":{"rendered":"<p>Este martes por la ma\u00f1ana, la comisi\u00f3n de Desarrollo Social, cuya titular es Carolina Sreitenberger, trat\u00f3 por primera vez el proyecto que present\u00f3 la diputada Mariana Bentos que propone adherir a la ley nacional N\u00b0 27.710. Esta norma establece, como pol\u00edtica p\u00fablica la eliminaci\u00f3n de las barreras comunicacionales para impulsar la inclusi\u00f3n e igualdad de oportunidades para personas sordas e hipoac\u00fasicas.<\/p>\n<p>A la vez, a nivel provincial, la iniciativa prev\u00e9 instaurar la capacitaci\u00f3n obligatoria, peri\u00f3dica y permanente en Lengua de Se\u00f1as Argentina para todas las personas que se desempe\u00f1en en la funci\u00f3n p\u00fablica en todos sus niveles y jerarqu\u00edas. La diputada Susana P\u00e9rez tambi\u00e9n hab\u00eda hecho lo propio, presentando el proyecto de adhesi\u00f3n, por lo que ambos textos podr\u00edan unificarse en una sola norma.<\/p>\n<p>Bentos expres\u00f3 que la iniciativa \u201csurge de un intercambio con personas que est\u00e1n trabajando con la comunidad sorda e hipoac\u00fasica, particularmente con un equipo de Villaguay; docentes que conocen las barreras que sus alumnos tienen que atravesar, principalmente comunicacionales\u201d.<\/p>\n<p>\u201cPor eso este proyecto busca capacitar a los tres poderes del Estado. Para poder ser verdaderamente inclusivos tenemos que capacitarnos, romper esas barreras con la persona sorda\u201d, sentenci\u00f3 la legisladora.<\/p>\n<p>Fueron invitados especialmente a la reuni\u00f3n Diego V\u00e9lez, director del Instituto Provincial de Discapacidad (Iprodi), que ser\u00eda seg\u00fan el proyecto el \u00f3rgano de aplicaci\u00f3n de esta ley, \u00a0y quien ya hab\u00eda realizado aportes a la norma en el momento de su redacci\u00f3n; y la especialista en Lengua de Se\u00f1as Argentina y miembro del equipo la C\u00e1mara de Diputados de Entre R\u00edos, Jazm\u00edn Vieytes, para esclarecer algunos puntos en relaci\u00f3n a otro proyecto presentado, del diputado Jorge Maier, \u00a0que establece la creaci\u00f3n de un servicio itinerante de interpretaci\u00f3n de lengua de se\u00f1as.<\/p>\n<p>Por otra parte, en esta misma reuni\u00f3n se analiz\u00f3 el proyecto de la diputada Noelia Taborda, que establece una sustituci\u00f3n terminol\u00f3gica en la ley N\u00b0 5.729, correspondiente al R\u00e9gimen de Asignaciones Familiares para Empleados P\u00fablicos Provinciales, de toda menci\u00f3n a las expresiones \u00abhijo incapacitado\u00bb o \u00abhijo con capacidades diferentes\u00bb, reemplaz\u00e1ndolas por \u00abhijo con discapacidad\u00bb. El mismo obtuvo dictamen favorable al final\u00a0del\u00a0encuentro.<\/p>\n","protected":false},"excerpt":{"rendered":"<p>La comisi\u00f3n que preside la diputada Streitenberger trat\u00f3 proyectos de Bentos y P\u00e9rez relacionados con las personas sordas. Dictamen favorable para una propuesta de Taborda.<\/p>\n","protected":false},"author":2,"featured_media":221767,"comment_status":"open","ping_status":"open","sticky":false,"template":"","format":"standard","meta":{"fifu_image_url":"https:\/\/hcder.gov.ar\/archivosDownload\/fotosNoticias\/1817_4393.JPG","fifu_image_alt":"","footnotes":""},"categories":[16],"tags":[3627,287,1658],"class_list":{"0":"post-221766","1":"post","2":"type-post","3":"status-publish","4":"format-standard","5":"has-post-thumbnail","7":"category-politi","8":"tag-camara-de-diputados","9":"tag-legislativas","10":"tag-lengua-de-senas"},"yoast_head":"<title>Quieren que los agentes del Estado se capaciten en Lengua de Se\u00f1as - Informe Litoral<\/title>\n<meta name=\"robots\" content=\"index, follow, max-snippet:-1, max-image-preview:large, max-video-preview:-1\" \/>\n<link rel=\"canonical\" href=\"https:\/\/informelitoral.com.ar\/quieren-que-los-agentes-del-estado-se-capaciten-en-lengua-de-senas\/\" \/>\n<meta property=\"og:locale\" content=\"es_ES\" \/>\n<meta property=\"og:type\" content=\"article\" \/>\n<meta property=\"og:title\" content=\"Quieren que los agentes del Estado se capaciten en Lengua de Se\u00f1as - Informe Litoral\" \/>\n<meta property=\"og:description\" content=\"La comisi\u00f3n que preside la diputada Streitenberger trat\u00f3 proyectos de Bentos y P\u00e9rez relacionados con las personas sordas. Dictamen favorable para una propuesta de Taborda.\" \/>\n<meta property=\"og:url\" content=\"https:\/\/informelitoral.com.ar\/quieren-que-los-agentes-del-estado-se-capaciten-en-lengua-de-senas\/\" \/>\n<meta property=\"og:site_name\" content=\"Informe Litoral\" \/>\n<meta property=\"article:publisher\" content=\"https:\/\/www.facebook.com\/informelitoral\/\" \/>\n<meta property=\"article:published_time\" content=\"2025-05-20T23:38:58+00:00\" \/>\n<meta property=\"article:modified_time\" content=\"2025-05-24T23:50:09+00:00\" \/>\n<meta property=\"og:image\" content=\"https:\/\/hcder.gov.ar\/archivosDownload\/fotosNoticias\/1817_4393.JPG\" \/><meta property=\"og:image\" content=\"https:\/\/hcder.gov.ar\/archivosDownload\/fotosNoticias\/1817_4393.JPG\" \/>\n\t<meta property=\"og:image:width\" content=\"1024\" \/>\n\t<meta property=\"og:image:height\" content=\"682\" \/>\n\t<meta property=\"og:image:type\" content=\"image\/jpeg\" \/>\n<meta name=\"author\" content=\"Gonzalo Schmidt\" \/>\n<meta name=\"twitter:card\" content=\"summary_large_image\" \/>\n<meta name=\"twitter:image\" content=\"https:\/\/hcder.gov.ar\/archivosDownload\/fotosNoticias\/1817_4393.JPG\" \/>\n<meta name=\"twitter:creator\" content=\"@InformeLitoral\" \/>\n<meta name=\"twitter:site\" content=\"@InformeLitoral\" \/>\n<meta name=\"twitter:label1\" content=\"Escrito por\" \/>\n\t<meta name=\"twitter:data1\" content=\"Gonzalo Schmidt\" \/>\n\t<meta name=\"twitter:label2\" content=\"Tiempo de lectura\" \/>\n\t<meta name=\"twitter:data2\" content=\"2 minutos\" \/>\n<script type=\"application\/ld+json\" class=\"yoast-schema-graph\">{\"@context\":\"https:\\\/\\\/schema.org\",\"@graph\":[{\"@type\":\"Article\",\"@id\":\"https:\\\/\\\/informelitoral.com.ar\\\/quieren-que-los-agentes-del-estado-se-capaciten-en-lengua-de-senas\\\/#article\",\"isPartOf\":{\"@id\":\"https:\\\/\\\/informelitoral.com.ar\\\/quieren-que-los-agentes-del-estado-se-capaciten-en-lengua-de-senas\\\/\"},\"author\":{\"name\":\"Gonzalo Schmidt\",\"@id\":\"https:\\\/\\\/informelitoral.com.ar\\\/#\\\/schema\\\/person\\\/b9d00407c836482871ef1d57bf8e3180\"},\"headline\":\"Quieren que los agentes del Estado se capaciten en Lengua de Se\u00f1as\",\"datePublished\":\"2025-05-20T23:38:58+00:00\",\"dateModified\":\"2025-05-24T23:50:09+00:00\",\"mainEntityOfPage\":{\"@id\":\"https:\\\/\\\/informelitoral.com.ar\\\/quieren-que-los-agentes-del-estado-se-capaciten-en-lengua-de-senas\\\/\"},\"wordCount\":401,\"commentCount\":0,\"publisher\":{\"@id\":\"https:\\\/\\\/informelitoral.com.ar\\\/#organization\"},\"image\":{\"@id\":\"https:\\\/\\\/informelitoral.com.ar\\\/quieren-que-los-agentes-del-estado-se-capaciten-en-lengua-de-senas\\\/#primaryimage\"},\"thumbnailUrl\":\"https:\\\/\\\/hcder.gov.ar\\\/archivosDownload\\\/fotosNoticias\\\/1817_4393.JPG\",\"keywords\":[\"C\u00e1mara de Diputados\",\"Legislativas\",\"Lengua de se\u00f1as\"],\"articleSection\":[\"Politica\"],\"inLanguage\":\"es\",\"potentialAction\":[{\"@type\":\"CommentAction\",\"name\":\"Comment\",\"target\":[\"https:\\\/\\\/informelitoral.com.ar\\\/quieren-que-los-agentes-del-estado-se-capaciten-en-lengua-de-senas\\\/#respond\"]}]},{\"@type\":\"WebPage\",\"@id\":\"https:\\\/\\\/informelitoral.com.ar\\\/quieren-que-los-agentes-del-estado-se-capaciten-en-lengua-de-senas\\\/\",\"url\":\"https:\\\/\\\/informelitoral.com.ar\\\/quieren-que-los-agentes-del-estado-se-capaciten-en-lengua-de-senas\\\/\",\"name\":\"Quieren que los agentes del Estado se capaciten en Lengua de Se\u00f1as - Informe Litoral\",\"isPartOf\":{\"@id\":\"https:\\\/\\\/informelitoral.com.ar\\\/#website\"},\"primaryImageOfPage\":{\"@id\":\"https:\\\/\\\/informelitoral.com.ar\\\/quieren-que-los-agentes-del-estado-se-capaciten-en-lengua-de-senas\\\/#primaryimage\"},\"image\":{\"@id\":\"https:\\\/\\\/informelitoral.com.ar\\\/quieren-que-los-agentes-del-estado-se-capaciten-en-lengua-de-senas\\\/#primaryimage\"},\"thumbnailUrl\":\"https:\\\/\\\/hcder.gov.ar\\\/archivosDownload\\\/fotosNoticias\\\/1817_4393.JPG\",\"datePublished\":\"2025-05-20T23:38:58+00:00\",\"dateModified\":\"2025-05-24T23:50:09+00:00\",\"breadcrumb\":{\"@id\":\"https:\\\/\\\/informelitoral.com.ar\\\/quieren-que-los-agentes-del-estado-se-capaciten-en-lengua-de-senas\\\/#breadcrumb\"},\"inLanguage\":\"es\",\"potentialAction\":[{\"@type\":\"ReadAction\",\"target\":[\"https:\\\/\\\/informelitoral.com.ar\\\/quieren-que-los-agentes-del-estado-se-capaciten-en-lengua-de-senas\\\/\"]}]},{\"@type\":\"ImageObject\",\"inLanguage\":\"es\",\"@id\":\"https:\\\/\\\/informelitoral.com.ar\\\/quieren-que-los-agentes-del-estado-se-capaciten-en-lengua-de-senas\\\/#primaryimage\",\"url\":\"https:\\\/\\\/hcder.gov.ar\\\/archivosDownload\\\/fotosNoticias\\\/1817_4393.JPG\",\"contentUrl\":\"https:\\\/\\\/hcder.gov.ar\\\/archivosDownload\\\/fotosNoticias\\\/1817_4393.JPG\",\"width\":\"1024\",\"height\":\"682\"},{\"@type\":\"BreadcrumbList\",\"@id\":\"https:\\\/\\\/informelitoral.com.ar\\\/quieren-que-los-agentes-del-estado-se-capaciten-en-lengua-de-senas\\\/#breadcrumb\",\"itemListElement\":[{\"@type\":\"ListItem\",\"position\":1,\"name\":\"Portada\",\"item\":\"https:\\\/\\\/informelitoral.com.ar\\\/\"},{\"@type\":\"ListItem\",\"position\":2,\"name\":\"Quieren que los agentes del Estado se capaciten en Lengua de Se\u00f1as\"}]},{\"@type\":\"WebSite\",\"@id\":\"https:\\\/\\\/informelitoral.com.ar\\\/#website\",\"url\":\"https:\\\/\\\/informelitoral.com.ar\\\/\",\"name\":\"Informe Litoral\",\"description\":\"&quot;Nos informamos&quot; \",\"publisher\":{\"@id\":\"https:\\\/\\\/informelitoral.com.ar\\\/#organization\"},\"potentialAction\":[{\"@type\":\"SearchAction\",\"target\":{\"@type\":\"EntryPoint\",\"urlTemplate\":\"https:\\\/\\\/informelitoral.com.ar\\\/?s={search_term_string}\"},\"query-input\":{\"@type\":\"PropertyValueSpecification\",\"valueRequired\":true,\"valueName\":\"search_term_string\"}}],\"inLanguage\":\"es\"},{\"@type\":\"Organization\",\"@id\":\"https:\\\/\\\/informelitoral.com.ar\\\/#organization\",\"name\":\"Informe Litoral\",\"url\":\"https:\\\/\\\/informelitoral.com.ar\\\/\",\"logo\":{\"@type\":\"ImageObject\",\"inLanguage\":\"es\",\"@id\":\"https:\\\/\\\/informelitoral.com.ar\\\/#\\\/schema\\\/logo\\\/image\\\/\",\"url\":\"https:\\\/\\\/informelitoral.com.ar\\\/%77%70%2d%63%6f%6e%74%65%6e%74\\\/uploads\\\/2021\\\/01\\\/circulo.png\",\"contentUrl\":\"https:\\\/\\\/informelitoral.com.ar\\\/%77%70%2d%63%6f%6e%74%65%6e%74\\\/uploads\\\/2021\\\/01\\\/circulo.png\",\"width\":723,\"height\":731,\"caption\":\"Informe Litoral\"},\"image\":{\"@id\":\"https:\\\/\\\/informelitoral.com.ar\\\/#\\\/schema\\\/logo\\\/image\\\/\"},\"sameAs\":[\"https:\\\/\\\/www.facebook.com\\\/informelitoral\\\/\",\"https:\\\/\\\/x.com\\\/InformeLitoral\",\"https:\\\/\\\/www.instagram.com\\\/informelitoral\\\/\",\"https:\\\/\\\/www.youtube.com\\\/channel\\\/UCua4Qvz8Icb6MYqhoq9xLXw\"]},{\"@type\":\"Person\",\"@id\":\"https:\\\/\\\/informelitoral.com.ar\\\/#\\\/schema\\\/person\\\/b9d00407c836482871ef1d57bf8e3180\",\"name\":\"Gonzalo Schmidt\",\"image\":{\"@type\":\"ImageObject\",\"inLanguage\":\"es\",\"@id\":\"https:\\\/\\\/secure.gravatar.com\\\/avatar\\\/31a1a7b66ff2de83bd0e9fd79d026630d2d99e55e8bfe501287647b4fd9743de?s=96&d=mm&r=g\",\"url\":\"https:\\\/\\\/secure.gravatar.com\\\/avatar\\\/31a1a7b66ff2de83bd0e9fd79d026630d2d99e55e8bfe501287647b4fd9743de?s=96&d=mm&r=g\",\"contentUrl\":\"https:\\\/\\\/secure.gravatar.com\\\/avatar\\\/31a1a7b66ff2de83bd0e9fd79d026630d2d99e55e8bfe501287647b4fd9743de?s=96&d=mm&r=g\",\"caption\":\"Gonzalo Schmidt\"},\"description\":\"Sitio web de noticias de la provincia de Entre R\u00edos, Argentina. Informaci\u00f3n y entretenimiento. Informe Litoral, nos informamos.\",\"sameAs\":[\"http:\\\/\\\/www.isletasnoticias.com.ar\"],\"url\":\"https:\\\/\\\/informelitoral.com.ar\\\/author\\\/gonzalo\\\/\"}]}<\/script>","yoast_head_json":{"title":"Quieren que los agentes del Estado se capaciten en Lengua de Se\u00f1as - Informe Litoral","robots":{"index":"index","follow":"follow","max-snippet":"max-snippet:-1","max-image-preview":"max-image-preview:large","max-video-preview":"max-video-preview:-1"},"canonical":"https:\/\/informelitoral.com.ar\/quieren-que-los-agentes-del-estado-se-capaciten-en-lengua-de-senas\/","og_locale":"es_ES","og_type":"article","og_title":"Quieren que los agentes del Estado se capaciten en Lengua de Se\u00f1as - Informe Litoral","og_description":"La comisi\u00f3n que preside la diputada Streitenberger trat\u00f3 proyectos de Bentos y P\u00e9rez relacionados con las personas sordas. Dictamen favorable para una propuesta de Taborda.","og_url":"https:\/\/informelitoral.com.ar\/quieren-que-los-agentes-del-estado-se-capaciten-en-lengua-de-senas\/","og_site_name":"Informe Litoral","article_publisher":"https:\/\/www.facebook.com\/informelitoral\/","article_published_time":"2025-05-20T23:38:58+00:00","article_modified_time":"2025-05-24T23:50:09+00:00","og_image":[{"url":"https:\/\/hcder.gov.ar\/archivosDownload\/fotosNoticias\/1817_4393.JPG","type":"","width":"","height":""},{"width":1024,"height":682,"url":"https:\/\/hcder.gov.ar\/archivosDownload\/fotosNoticias\/1817_4393.JPG","type":"image\/jpeg"}],"author":"Gonzalo Schmidt","twitter_card":"summary_large_image","twitter_image":"https:\/\/hcder.gov.ar\/archivosDownload\/fotosNoticias\/1817_4393.JPG","twitter_creator":"@InformeLitoral","twitter_site":"@InformeLitoral","twitter_misc":{"Escrito por":"Gonzalo Schmidt","Tiempo de lectura":"2 minutos"},"schema":{"@context":"https:\/\/schema.org","@graph":[{"@type":"Article","@id":"https:\/\/informelitoral.com.ar\/quieren-que-los-agentes-del-estado-se-capaciten-en-lengua-de-senas\/#article","isPartOf":{"@id":"https:\/\/informelitoral.com.ar\/quieren-que-los-agentes-del-estado-se-capaciten-en-lengua-de-senas\/"},"author":{"name":"Gonzalo Schmidt","@id":"https:\/\/informelitoral.com.ar\/#\/schema\/person\/b9d00407c836482871ef1d57bf8e3180"},"headline":"Quieren que los agentes del Estado se capaciten en Lengua de Se\u00f1as","datePublished":"2025-05-20T23:38:58+00:00","dateModified":"2025-05-24T23:50:09+00:00","mainEntityOfPage":{"@id":"https:\/\/informelitoral.com.ar\/quieren-que-los-agentes-del-estado-se-capaciten-en-lengua-de-senas\/"},"wordCount":401,"commentCount":0,"publisher":{"@id":"https:\/\/informelitoral.com.ar\/#organization"},"image":{"@id":"https:\/\/informelitoral.com.ar\/quieren-que-los-agentes-del-estado-se-capaciten-en-lengua-de-senas\/#primaryimage"},"thumbnailUrl":"https:\/\/hcder.gov.ar\/archivosDownload\/fotosNoticias\/1817_4393.JPG","keywords":["C\u00e1mara de Diputados","Legislativas","Lengua de se\u00f1as"],"articleSection":["Politica"],"inLanguage":"es","potentialAction":[{"@type":"CommentAction","name":"Comment","target":["https:\/\/informelitoral.com.ar\/quieren-que-los-agentes-del-estado-se-capaciten-en-lengua-de-senas\/#respond"]}]},{"@type":"WebPage","@id":"https:\/\/informelitoral.com.ar\/quieren-que-los-agentes-del-estado-se-capaciten-en-lengua-de-senas\/","url":"https:\/\/informelitoral.com.ar\/quieren-que-los-agentes-del-estado-se-capaciten-en-lengua-de-senas\/","name":"Quieren que los agentes del Estado se capaciten en Lengua de Se\u00f1as - Informe Litoral","isPartOf":{"@id":"https:\/\/informelitoral.com.ar\/#website"},"primaryImageOfPage":{"@id":"https:\/\/informelitoral.com.ar\/quieren-que-los-agentes-del-estado-se-capaciten-en-lengua-de-senas\/#primaryimage"},"image":{"@id":"https:\/\/informelitoral.com.ar\/quieren-que-los-agentes-del-estado-se-capaciten-en-lengua-de-senas\/#primaryimage"},"thumbnailUrl":"https:\/\/hcder.gov.ar\/archivosDownload\/fotosNoticias\/1817_4393.JPG","datePublished":"2025-05-20T23:38:58+00:00","dateModified":"2025-05-24T23:50:09+00:00","breadcrumb":{"@id":"https:\/\/informelitoral.com.ar\/quieren-que-los-agentes-del-estado-se-capaciten-en-lengua-de-senas\/#breadcrumb"},"inLanguage":"es","potentialAction":[{"@type":"ReadAction","target":["https:\/\/informelitoral.com.ar\/quieren-que-los-agentes-del-estado-se-capaciten-en-lengua-de-senas\/"]}]},{"@type":"ImageObject","inLanguage":"es","@id":"https:\/\/informelitoral.com.ar\/quieren-que-los-agentes-del-estado-se-capaciten-en-lengua-de-senas\/#primaryimage","url":"https:\/\/hcder.gov.ar\/archivosDownload\/fotosNoticias\/1817_4393.JPG","contentUrl":"https:\/\/hcder.gov.ar\/archivosDownload\/fotosNoticias\/1817_4393.JPG","width":"1024","height":"682"},{"@type":"BreadcrumbList","@id":"https:\/\/informelitoral.com.ar\/quieren-que-los-agentes-del-estado-se-capaciten-en-lengua-de-senas\/#breadcrumb","itemListElement":[{"@type":"ListItem","position":1,"name":"Portada","item":"https:\/\/informelitoral.com.ar\/"},{"@type":"ListItem","position":2,"name":"Quieren que los agentes del Estado se capaciten en Lengua de Se\u00f1as"}]},{"@type":"WebSite","@id":"https:\/\/informelitoral.com.ar\/#website","url":"https:\/\/informelitoral.com.ar\/","name":"Informe Litoral","description":"&quot;Nos informamos&quot; ","publisher":{"@id":"https:\/\/informelitoral.com.ar\/#organization"},"potentialAction":[{"@type":"SearchAction","target":{"@type":"EntryPoint","urlTemplate":"https:\/\/informelitoral.com.ar\/?s={search_term_string}"},"query-input":{"@type":"PropertyValueSpecification","valueRequired":true,"valueName":"search_term_string"}}],"inLanguage":"es"},{"@type":"Organization","@id":"https:\/\/informelitoral.com.ar\/#organization","name":"Informe Litoral","url":"https:\/\/informelitoral.com.ar\/","logo":{"@type":"ImageObject","inLanguage":"es","@id":"https:\/\/informelitoral.com.ar\/#\/schema\/logo\/image\/","url":"https:\/\/informelitoral.com.ar\/%77%70%2d%63%6f%6e%74%65%6e%74\/uploads\/2021\/01\/circulo.png","contentUrl":"https:\/\/informelitoral.com.ar\/%77%70%2d%63%6f%6e%74%65%6e%74\/uploads\/2021\/01\/circulo.png","width":723,"height":731,"caption":"Informe Litoral"},"image":{"@id":"https:\/\/informelitoral.com.ar\/#\/schema\/logo\/image\/"},"sameAs":["https:\/\/www.facebook.com\/informelitoral\/","https:\/\/x.com\/InformeLitoral","https:\/\/www.instagram.com\/informelitoral\/","https:\/\/www.youtube.com\/channel\/UCua4Qvz8Icb6MYqhoq9xLXw"]},{"@type":"Person","@id":"https:\/\/informelitoral.com.ar\/#\/schema\/person\/b9d00407c836482871ef1d57bf8e3180","name":"Gonzalo Schmidt","image":{"@type":"ImageObject","inLanguage":"es","@id":"https:\/\/secure.gravatar.com\/avatar\/31a1a7b66ff2de83bd0e9fd79d026630d2d99e55e8bfe501287647b4fd9743de?s=96&d=mm&r=g","url":"https:\/\/secure.gravatar.com\/avatar\/31a1a7b66ff2de83bd0e9fd79d026630d2d99e55e8bfe501287647b4fd9743de?s=96&d=mm&r=g","contentUrl":"https:\/\/secure.gravatar.com\/avatar\/31a1a7b66ff2de83bd0e9fd79d026630d2d99e55e8bfe501287647b4fd9743de?s=96&d=mm&r=g","caption":"Gonzalo Schmidt"},"description":"Sitio web de noticias de la provincia de Entre R\u00edos, Argentina. Informaci\u00f3n y entretenimiento. Informe Litoral, nos informamos.","sameAs":["http:\/\/www.isletasnoticias.com.ar"],"url":"https:\/\/informelitoral.com.ar\/author\/gonzalo\/"}]}},"fifu_image_url":"https:\/\/hcder.gov.ar\/archivosDownload\/fotosNoticias\/1817_4393.JPG","_links":{"self":[{"href":"https:\/\/informelitoral.com.ar\/%77%70%2d%6a%73%6f%6e\/wp\/v2\/posts\/221766","targetHints":{"allow":["GET"]}}],"collection":[{"href":"https:\/\/informelitoral.com.ar\/%77%70%2d%6a%73%6f%6e\/wp\/v2\/posts"}],"about":[{"href":"https:\/\/informelitoral.com.ar\/%77%70%2d%6a%73%6f%6e\/wp\/v2\/types\/post"}],"author":[{"embeddable":true,"href":"https:\/\/informelitoral.com.ar\/%77%70%2d%6a%73%6f%6e\/wp\/v2\/users\/2"}],"replies":[{"embeddable":true,"href":"https:\/\/informelitoral.com.ar\/%77%70%2d%6a%73%6f%6e\/wp\/v2\/comments?post=221766"}],"version-history":[{"count":0,"href":"https:\/\/informelitoral.com.ar\/%77%70%2d%6a%73%6f%6e\/wp\/v2\/posts\/221766\/revisions"}],"wp:featuredmedia":[{"embeddable":true,"href":"https:\/\/informelitoral.com.ar\/%77%70%2d%6a%73%6f%6e\/wp\/v2\/media\/221767"}],"wp:attachment":[{"href":"https:\/\/informelitoral.com.ar\/%77%70%2d%6a%73%6f%6e\/wp\/v2\/media?parent=221766"}],"wp:term":[{"taxonomy":"category","embeddable":true,"href":"https:\/\/informelitoral.com.ar\/%77%70%2d%6a%73%6f%6e\/wp\/v2\/categories?post=221766"},{"taxonomy":"post_tag","embeddable":true,"href":"https:\/\/informelitoral.com.ar\/%77%70%2d%6a%73%6f%6e\/wp\/v2\/tags?post=221766"}],"curies":[{"name":"wp","href":"https:\/\/api.w.org\/{rel}","templated":true}]}}