{"id":221756,"date":"2025-05-21T20:21:33","date_gmt":"2025-05-21T23:21:33","guid":{"rendered":"https:\/\/informelitoral.com.ar\/?p=221756"},"modified":"2025-05-24T20:22:20","modified_gmt":"2025-05-24T23:22:20","slug":"oser-se-desarrollo-una-nueva-reunion-de-comision-en-el-senado-con-invitados","status":"publish","type":"post","link":"https:\/\/informelitoral.com.ar\/oser-se-desarrollo-una-nueva-reunion-de-comision-en-el-senado-con-invitados\/","title":{"rendered":"OSER: se desarroll\u00f3 una nueva reuni\u00f3n de Comisi\u00f3n en el Senado con invitados"},"content":{"rendered":"<p><strong>Contin\u00faa en estudio el proyecto de ley por el que se propicia la creaci\u00f3n de la Obra Social de Entre R\u00edos (OSER) entidad que suceder\u00e1 al Instituto Obra Social de la Provincia de Entre R\u00edos (IOSPER), creado por la Ley N\u00ba 5.480 y sus modificatorias.<\/strong><\/p>\n<p>Este mi\u00e9rcoles por la ma\u00f1ana, en el sal\u00f3n de los Escudos de Casa de Gobierno, los presidentes de las Comisiones de Salud P\u00fablica y Drogadicci\u00f3n, Hern\u00e1n M\u00e9ndez (Islas del Ibicuy -Juntos por Entre R\u00edos), de Presupuesto y Hacienda, Gustavo Vergara (Diamante \u2013 Juntos Por Entre R\u00edos) y de Legislaci\u00f3n General, Nancy Miranda (Federal \u2013 M\u00e1s Para Entre R\u00edos), dieron la palabra en primer t\u00e9rmino al presidente de APOCIER, Augusto Escobar, quien manifest\u00f3 que son cinco las empresas que conforman la Asociaci\u00f3n. En este sentido coment\u00f3 el objetivo del convenio que manten\u00edan con Iosper de abastecer de insumos m\u00e9dicos en distintas especialidades en todo Entre R\u00edos. Refiri\u00f3 que en la \u00faltima etapa del convenio con la obra social tuvieron serias dificultades relacionadas a variaciones econ\u00f3micas y que la deuda actual asciende a 1300 millones de pesos, en tanto en el mes de febrero cortaron los servicios con Iosper por falta de pago.<\/p>\n<p>Tras varias preguntas por parte de los senadores, se present\u00f3 a continuaci\u00f3n a la presidenta de ACLER, Silvia D\u2019 Agostino, junto al secretario Miguel \u00c1ngel Schnitman. D\u2019Agostino se\u00f1al\u00f3 que han pasado por distintas etapas de Iosper, y en relaci\u00f3n al proyecto de ley lo calific\u00f3 como escueto, tras lo cual especific\u00f3 algunos puntos que llamaron la atenci\u00f3n de la Asociaci\u00f3n, por lo que no ven el objetivo de la OSER. Asimismo, se refiri\u00f3 al estado actual del sector, donde por ejemplo en Paran\u00e1 en esta semana no hay camas disponibles, tras el cierre de tres sanatorios grandes, como tambi\u00e9n ocurre en distintos lugares de la provincia. En cuanto a la situaci\u00f3n con Iosper confirm\u00f3 que estos \u00faltimos meses han sido duros para las cl\u00ednicas y sanatorios y ha habido despidos de personal. Tambi\u00e9n expresaron la realidad de la falta de m\u00e9dicos y residentes en distintas especialidades, en todo el territorio provincial.<\/p>\n<p>Por \u00faltimo, fue el turno de COFAER. Su presidente, Roberto Aranguren, manifest\u00f3 coincidencias con la alocuci\u00f3n de D\u2019Agostino, y coment\u00f3 que representan al 95% de las 500 farmacias que hay en Entre R\u00edos. Hizo referencia a que el objetivo del Colegio es defender a la peque\u00f1a farmacia, y se explay\u00f3 en los cambios tecnol\u00f3gicos aplicados recientemente con la receta electr\u00f3nica. Pidi\u00f3 que en el proyecto de ley se plasme la necesidad que el medicamento est\u00e9 en las farmacias de toda la provincia.<\/p>\n<p>El senador M\u00e9ndez confirm\u00f3 que est\u00e1n trabajando en modificaciones para mejorar el proyecto de ley, en tanto el senador Vergara manifest\u00f3 que la idea es tratar de sacar dictamen de las Comisiones en las pr\u00f3ximas horas para llevarlos a disposici\u00f3n del pleno del Senado.<\/p>\n<p>Del encuentro formaron parte los senadores Rafael Cavagna (Nogoy\u00e1 \u2013 Juntos Por Entre R\u00edos), Jaime Benedetti (Gualeguaych\u00fa \u2013 Juntos Por Entre R\u00edos), Juan Pablo Cosso (Villaguay \u2013 M\u00e1s Para Entre R\u00edos), V\u00edctor Sanzberro (Victoria \u2013 M\u00e1s Para Entre R\u00edos), Claudia Silva (Paran\u00e1-M\u00e1s para Entre R\u00edos), Gladys Dom\u00ednguez (Feliciano \u2013 M\u00e1s Para Entre R\u00edos), Marcelo Berthet (San Salvador -M\u00e1s Para Entre R\u00edos), Casiano Otaegui (Gualeguay \u2013 Juntos Por Entre R\u00edos), Ramiro Favre (Col\u00f3n \u2013 Juntos Por Entre R\u00edos), Rub\u00e9n Dal Mol\u00edn (Federaci\u00f3n \u2013 Juntos por Entre R\u00edos) y Gloria Cozzi (Concordia \u2013 Juntos Por Entre R\u00edos).<\/p>\n","protected":false},"excerpt":{"rendered":"<p>Las Comisiones de Legislaci\u00f3n General, de Presupuesto y Hacienda, y de Salud P\u00fablica y Drogadicci\u00f3n, recibieron este mi\u00e9rcoles a representantes de la Asociaci\u00f3n de Cl\u00ednicas y Sanatorios de Entre R\u00edos (ACLER), del Colegio de Farmac\u00e9uticos de Entre R\u00edos (COFAER), y de la Asociaci\u00f3n de Proveedores de Ortopedias, Cirug\u00edas e Insumos de Entre R\u00edos (APOCIER). <\/p>\n","protected":false},"author":2,"featured_media":221757,"comment_status":"open","ping_status":"open","sticky":false,"template":"","format":"standard","meta":{"fifu_image_url":"https:\/\/www.senadoer.gob.ar\/wp-content\/uploads\/2025\/05\/PSX_20250521_111346-860x573.jpg","fifu_image_alt":"","footnotes":""},"categories":[16],"tags":[604,287,5732,464,468],"class_list":{"0":"post-221756","1":"post","2":"type-post","3":"status-publish","4":"format-standard","5":"has-post-thumbnail","7":"category-politi","8":"tag-iosper","9":"tag-legislativas","10":"tag-oser","11":"tag-senado","12":"tag-senadores"},"yoast_head":"<title>OSER: se desarroll\u00f3 una nueva reuni\u00f3n de Comisi\u00f3n en el Senado con invitados - Informe Litoral<\/title>\n<meta name=\"robots\" content=\"index, follow, max-snippet:-1, max-image-preview:large, max-video-preview:-1\" \/>\n<link rel=\"canonical\" href=\"https:\/\/informelitoral.com.ar\/oser-se-desarrollo-una-nueva-reunion-de-comision-en-el-senado-con-invitados\/\" \/>\n<meta property=\"og:locale\" content=\"es_ES\" \/>\n<meta property=\"og:type\" content=\"article\" \/>\n<meta property=\"og:title\" content=\"OSER: se desarroll\u00f3 una nueva reuni\u00f3n de Comisi\u00f3n en el Senado con invitados - Informe Litoral\" \/>\n<meta property=\"og:description\" content=\"Las Comisiones de Legislaci\u00f3n General, de Presupuesto y Hacienda, y de Salud P\u00fablica y Drogadicci\u00f3n, recibieron este mi\u00e9rcoles a representantes de la Asociaci\u00f3n de Cl\u00ednicas y Sanatorios de Entre R\u00edos (ACLER), del Colegio de Farmac\u00e9uticos de Entre R\u00edos (COFAER), y de la Asociaci\u00f3n de Proveedores de Ortopedias, Cirug\u00edas e Insumos de Entre R\u00edos (APOCIER).\" \/>\n<meta property=\"og:url\" content=\"https:\/\/informelitoral.com.ar\/oser-se-desarrollo-una-nueva-reunion-de-comision-en-el-senado-con-invitados\/\" \/>\n<meta property=\"og:site_name\" content=\"Informe Litoral\" \/>\n<meta property=\"article:publisher\" content=\"https:\/\/www.facebook.com\/informelitoral\/\" \/>\n<meta property=\"article:published_time\" content=\"2025-05-21T23:21:33+00:00\" \/>\n<meta property=\"article:modified_time\" content=\"2025-05-24T23:22:20+00:00\" \/>\n<meta property=\"og:image\" content=\"https:\/\/www.senadoer.gob.ar\/%77%70%2d%63%6f%6e%74%65%6e%74\/uploads\/2025\/05\/PSX_20250521_111346-860x573.jpg\" \/><meta property=\"og:image\" content=\"https:\/\/www.senadoer.gob.ar\/%77%70%2d%63%6f%6e%74%65%6e%74\/uploads\/2025\/05\/PSX_20250521_111346-860x573.jpg\" \/>\n\t<meta property=\"og:image:width\" content=\"860\" \/>\n\t<meta property=\"og:image:height\" content=\"573\" \/>\n\t<meta property=\"og:image:type\" content=\"image\/jpeg\" \/>\n<meta name=\"author\" content=\"Gonzalo Schmidt\" \/>\n<meta name=\"twitter:card\" content=\"summary_large_image\" \/>\n<meta name=\"twitter:image\" content=\"https:\/\/www.senadoer.gob.ar\/%77%70%2d%63%6f%6e%74%65%6e%74\/uploads\/2025\/05\/PSX_20250521_111346-860x573.jpg\" \/>\n<meta name=\"twitter:creator\" content=\"@InformeLitoral\" \/>\n<meta name=\"twitter:site\" content=\"@InformeLitoral\" \/>\n<meta name=\"twitter:label1\" content=\"Escrito por\" \/>\n\t<meta name=\"twitter:data1\" content=\"Gonzalo Schmidt\" \/>\n\t<meta name=\"twitter:label2\" content=\"Tiempo de lectura\" \/>\n\t<meta name=\"twitter:data2\" content=\"3 minutos\" \/>\n<script type=\"application\/ld+json\" class=\"yoast-schema-graph\">{\"@context\":\"https:\\\/\\\/schema.org\",\"@graph\":[{\"@type\":\"Article\",\"@id\":\"https:\\\/\\\/informelitoral.com.ar\\\/oser-se-desarrollo-una-nueva-reunion-de-comision-en-el-senado-con-invitados\\\/#article\",\"isPartOf\":{\"@id\":\"https:\\\/\\\/informelitoral.com.ar\\\/oser-se-desarrollo-una-nueva-reunion-de-comision-en-el-senado-con-invitados\\\/\"},\"author\":{\"name\":\"Gonzalo Schmidt\",\"@id\":\"https:\\\/\\\/informelitoral.com.ar\\\/#\\\/schema\\\/person\\\/b9d00407c836482871ef1d57bf8e3180\"},\"headline\":\"OSER: se desarroll\u00f3 una nueva reuni\u00f3n de Comisi\u00f3n en el Senado con invitados\",\"datePublished\":\"2025-05-21T23:21:33+00:00\",\"dateModified\":\"2025-05-24T23:22:20+00:00\",\"mainEntityOfPage\":{\"@id\":\"https:\\\/\\\/informelitoral.com.ar\\\/oser-se-desarrollo-una-nueva-reunion-de-comision-en-el-senado-con-invitados\\\/\"},\"wordCount\":634,\"commentCount\":0,\"publisher\":{\"@id\":\"https:\\\/\\\/informelitoral.com.ar\\\/#organization\"},\"image\":{\"@id\":\"https:\\\/\\\/informelitoral.com.ar\\\/oser-se-desarrollo-una-nueva-reunion-de-comision-en-el-senado-con-invitados\\\/#primaryimage\"},\"thumbnailUrl\":\"https:\\\/\\\/www.senadoer.gob.ar\\\/%77%70%2d%63%6f%6e%74%65%6e%74\\\/uploads\\\/2025\\\/05\\\/PSX_20250521_111346-860x573.jpg\",\"keywords\":[\"Iosper\",\"Legislativas\",\"OSER\",\"Senado\",\"Senadores\"],\"articleSection\":[\"Politica\"],\"inLanguage\":\"es\",\"potentialAction\":[{\"@type\":\"CommentAction\",\"name\":\"Comment\",\"target\":[\"https:\\\/\\\/informelitoral.com.ar\\\/oser-se-desarrollo-una-nueva-reunion-de-comision-en-el-senado-con-invitados\\\/#respond\"]}]},{\"@type\":\"WebPage\",\"@id\":\"https:\\\/\\\/informelitoral.com.ar\\\/oser-se-desarrollo-una-nueva-reunion-de-comision-en-el-senado-con-invitados\\\/\",\"url\":\"https:\\\/\\\/informelitoral.com.ar\\\/oser-se-desarrollo-una-nueva-reunion-de-comision-en-el-senado-con-invitados\\\/\",\"name\":\"OSER: se desarroll\u00f3 una nueva reuni\u00f3n de Comisi\u00f3n en el Senado con invitados - Informe Litoral\",\"isPartOf\":{\"@id\":\"https:\\\/\\\/informelitoral.com.ar\\\/#website\"},\"primaryImageOfPage\":{\"@id\":\"https:\\\/\\\/informelitoral.com.ar\\\/oser-se-desarrollo-una-nueva-reunion-de-comision-en-el-senado-con-invitados\\\/#primaryimage\"},\"image\":{\"@id\":\"https:\\\/\\\/informelitoral.com.ar\\\/oser-se-desarrollo-una-nueva-reunion-de-comision-en-el-senado-con-invitados\\\/#primaryimage\"},\"thumbnailUrl\":\"https:\\\/\\\/www.senadoer.gob.ar\\\/%77%70%2d%63%6f%6e%74%65%6e%74\\\/uploads\\\/2025\\\/05\\\/PSX_20250521_111346-860x573.jpg\",\"datePublished\":\"2025-05-21T23:21:33+00:00\",\"dateModified\":\"2025-05-24T23:22:20+00:00\",\"breadcrumb\":{\"@id\":\"https:\\\/\\\/informelitoral.com.ar\\\/oser-se-desarrollo-una-nueva-reunion-de-comision-en-el-senado-con-invitados\\\/#breadcrumb\"},\"inLanguage\":\"es\",\"potentialAction\":[{\"@type\":\"ReadAction\",\"target\":[\"https:\\\/\\\/informelitoral.com.ar\\\/oser-se-desarrollo-una-nueva-reunion-de-comision-en-el-senado-con-invitados\\\/\"]}]},{\"@type\":\"ImageObject\",\"inLanguage\":\"es\",\"@id\":\"https:\\\/\\\/informelitoral.com.ar\\\/oser-se-desarrollo-una-nueva-reunion-de-comision-en-el-senado-con-invitados\\\/#primaryimage\",\"url\":\"https:\\\/\\\/www.senadoer.gob.ar\\\/%77%70%2d%63%6f%6e%74%65%6e%74\\\/uploads\\\/2025\\\/05\\\/PSX_20250521_111346-860x573.jpg\",\"contentUrl\":\"https:\\\/\\\/www.senadoer.gob.ar\\\/%77%70%2d%63%6f%6e%74%65%6e%74\\\/uploads\\\/2025\\\/05\\\/PSX_20250521_111346-860x573.jpg\",\"width\":\"860\",\"height\":\"573\"},{\"@type\":\"BreadcrumbList\",\"@id\":\"https:\\\/\\\/informelitoral.com.ar\\\/oser-se-desarrollo-una-nueva-reunion-de-comision-en-el-senado-con-invitados\\\/#breadcrumb\",\"itemListElement\":[{\"@type\":\"ListItem\",\"position\":1,\"name\":\"Portada\",\"item\":\"https:\\\/\\\/informelitoral.com.ar\\\/\"},{\"@type\":\"ListItem\",\"position\":2,\"name\":\"OSER: se desarroll\u00f3 una nueva reuni\u00f3n de Comisi\u00f3n en el Senado con invitados\"}]},{\"@type\":\"WebSite\",\"@id\":\"https:\\\/\\\/informelitoral.com.ar\\\/#website\",\"url\":\"https:\\\/\\\/informelitoral.com.ar\\\/\",\"name\":\"Informe Litoral\",\"description\":\"&quot;Nos informamos&quot; \",\"publisher\":{\"@id\":\"https:\\\/\\\/informelitoral.com.ar\\\/#organization\"},\"potentialAction\":[{\"@type\":\"SearchAction\",\"target\":{\"@type\":\"EntryPoint\",\"urlTemplate\":\"https:\\\/\\\/informelitoral.com.ar\\\/?s={search_term_string}\"},\"query-input\":{\"@type\":\"PropertyValueSpecification\",\"valueRequired\":true,\"valueName\":\"search_term_string\"}}],\"inLanguage\":\"es\"},{\"@type\":\"Organization\",\"@id\":\"https:\\\/\\\/informelitoral.com.ar\\\/#organization\",\"name\":\"Informe Litoral\",\"url\":\"https:\\\/\\\/informelitoral.com.ar\\\/\",\"logo\":{\"@type\":\"ImageObject\",\"inLanguage\":\"es\",\"@id\":\"https:\\\/\\\/informelitoral.com.ar\\\/#\\\/schema\\\/logo\\\/image\\\/\",\"url\":\"https:\\\/\\\/informelitoral.com.ar\\\/%77%70%2d%63%6f%6e%74%65%6e%74\\\/uploads\\\/2021\\\/01\\\/circulo.png\",\"contentUrl\":\"https:\\\/\\\/informelitoral.com.ar\\\/%77%70%2d%63%6f%6e%74%65%6e%74\\\/uploads\\\/2021\\\/01\\\/circulo.png\",\"width\":723,\"height\":731,\"caption\":\"Informe Litoral\"},\"image\":{\"@id\":\"https:\\\/\\\/informelitoral.com.ar\\\/#\\\/schema\\\/logo\\\/image\\\/\"},\"sameAs\":[\"https:\\\/\\\/www.facebook.com\\\/informelitoral\\\/\",\"https:\\\/\\\/x.com\\\/InformeLitoral\",\"https:\\\/\\\/www.instagram.com\\\/informelitoral\\\/\",\"https:\\\/\\\/www.youtube.com\\\/channel\\\/UCua4Qvz8Icb6MYqhoq9xLXw\"]},{\"@type\":\"Person\",\"@id\":\"https:\\\/\\\/informelitoral.com.ar\\\/#\\\/schema\\\/person\\\/b9d00407c836482871ef1d57bf8e3180\",\"name\":\"Gonzalo Schmidt\",\"image\":{\"@type\":\"ImageObject\",\"inLanguage\":\"es\",\"@id\":\"https:\\\/\\\/secure.gravatar.com\\\/avatar\\\/31a1a7b66ff2de83bd0e9fd79d026630d2d99e55e8bfe501287647b4fd9743de?s=96&d=mm&r=g\",\"url\":\"https:\\\/\\\/secure.gravatar.com\\\/avatar\\\/31a1a7b66ff2de83bd0e9fd79d026630d2d99e55e8bfe501287647b4fd9743de?s=96&d=mm&r=g\",\"contentUrl\":\"https:\\\/\\\/secure.gravatar.com\\\/avatar\\\/31a1a7b66ff2de83bd0e9fd79d026630d2d99e55e8bfe501287647b4fd9743de?s=96&d=mm&r=g\",\"caption\":\"Gonzalo Schmidt\"},\"description\":\"Sitio web de noticias de la provincia de Entre R\u00edos, Argentina. Informaci\u00f3n y entretenimiento. Informe Litoral, nos informamos.\",\"sameAs\":[\"http:\\\/\\\/www.isletasnoticias.com.ar\"],\"url\":\"https:\\\/\\\/informelitoral.com.ar\\\/author\\\/gonzalo\\\/\"}]}<\/script>","yoast_head_json":{"title":"OSER: se desarroll\u00f3 una nueva reuni\u00f3n de Comisi\u00f3n en el Senado con invitados - Informe Litoral","robots":{"index":"index","follow":"follow","max-snippet":"max-snippet:-1","max-image-preview":"max-image-preview:large","max-video-preview":"max-video-preview:-1"},"canonical":"https:\/\/informelitoral.com.ar\/oser-se-desarrollo-una-nueva-reunion-de-comision-en-el-senado-con-invitados\/","og_locale":"es_ES","og_type":"article","og_title":"OSER: se desarroll\u00f3 una nueva reuni\u00f3n de Comisi\u00f3n en el Senado con invitados - Informe Litoral","og_description":"Las Comisiones de Legislaci\u00f3n General, de Presupuesto y Hacienda, y de Salud P\u00fablica y Drogadicci\u00f3n, recibieron este mi\u00e9rcoles a representantes de la Asociaci\u00f3n de Cl\u00ednicas y Sanatorios de Entre R\u00edos (ACLER), del Colegio de Farmac\u00e9uticos de Entre R\u00edos (COFAER), y de la Asociaci\u00f3n de Proveedores de Ortopedias, Cirug\u00edas e Insumos de Entre R\u00edos (APOCIER).","og_url":"https:\/\/informelitoral.com.ar\/oser-se-desarrollo-una-nueva-reunion-de-comision-en-el-senado-con-invitados\/","og_site_name":"Informe Litoral","article_publisher":"https:\/\/www.facebook.com\/informelitoral\/","article_published_time":"2025-05-21T23:21:33+00:00","article_modified_time":"2025-05-24T23:22:20+00:00","og_image":[{"url":"https:\/\/www.senadoer.gob.ar\/wp-content\/uploads\/2025\/05\/PSX_20250521_111346-860x573.jpg","type":"","width":"","height":""},{"width":860,"height":573,"url":"https:\/\/www.senadoer.gob.ar\/wp-content\/uploads\/2025\/05\/PSX_20250521_111346-860x573.jpg","type":"image\/jpeg"}],"author":"Gonzalo Schmidt","twitter_card":"summary_large_image","twitter_image":"https:\/\/www.senadoer.gob.ar\/wp-content\/uploads\/2025\/05\/PSX_20250521_111346-860x573.jpg","twitter_creator":"@InformeLitoral","twitter_site":"@InformeLitoral","twitter_misc":{"Escrito por":"Gonzalo Schmidt","Tiempo de lectura":"3 minutos"},"schema":{"@context":"https:\/\/schema.org","@graph":[{"@type":"Article","@id":"https:\/\/informelitoral.com.ar\/oser-se-desarrollo-una-nueva-reunion-de-comision-en-el-senado-con-invitados\/#article","isPartOf":{"@id":"https:\/\/informelitoral.com.ar\/oser-se-desarrollo-una-nueva-reunion-de-comision-en-el-senado-con-invitados\/"},"author":{"name":"Gonzalo Schmidt","@id":"https:\/\/informelitoral.com.ar\/#\/schema\/person\/b9d00407c836482871ef1d57bf8e3180"},"headline":"OSER: se desarroll\u00f3 una nueva reuni\u00f3n de Comisi\u00f3n en el Senado con invitados","datePublished":"2025-05-21T23:21:33+00:00","dateModified":"2025-05-24T23:22:20+00:00","mainEntityOfPage":{"@id":"https:\/\/informelitoral.com.ar\/oser-se-desarrollo-una-nueva-reunion-de-comision-en-el-senado-con-invitados\/"},"wordCount":634,"commentCount":0,"publisher":{"@id":"https:\/\/informelitoral.com.ar\/#organization"},"image":{"@id":"https:\/\/informelitoral.com.ar\/oser-se-desarrollo-una-nueva-reunion-de-comision-en-el-senado-con-invitados\/#primaryimage"},"thumbnailUrl":"https:\/\/www.senadoer.gob.ar\/%77%70%2d%63%6f%6e%74%65%6e%74\/uploads\/2025\/05\/PSX_20250521_111346-860x573.jpg","keywords":["Iosper","Legislativas","OSER","Senado","Senadores"],"articleSection":["Politica"],"inLanguage":"es","potentialAction":[{"@type":"CommentAction","name":"Comment","target":["https:\/\/informelitoral.com.ar\/oser-se-desarrollo-una-nueva-reunion-de-comision-en-el-senado-con-invitados\/#respond"]}]},{"@type":"WebPage","@id":"https:\/\/informelitoral.com.ar\/oser-se-desarrollo-una-nueva-reunion-de-comision-en-el-senado-con-invitados\/","url":"https:\/\/informelitoral.com.ar\/oser-se-desarrollo-una-nueva-reunion-de-comision-en-el-senado-con-invitados\/","name":"OSER: se desarroll\u00f3 una nueva reuni\u00f3n de Comisi\u00f3n en el Senado con invitados - Informe Litoral","isPartOf":{"@id":"https:\/\/informelitoral.com.ar\/#website"},"primaryImageOfPage":{"@id":"https:\/\/informelitoral.com.ar\/oser-se-desarrollo-una-nueva-reunion-de-comision-en-el-senado-con-invitados\/#primaryimage"},"image":{"@id":"https:\/\/informelitoral.com.ar\/oser-se-desarrollo-una-nueva-reunion-de-comision-en-el-senado-con-invitados\/#primaryimage"},"thumbnailUrl":"https:\/\/www.senadoer.gob.ar\/%77%70%2d%63%6f%6e%74%65%6e%74\/uploads\/2025\/05\/PSX_20250521_111346-860x573.jpg","datePublished":"2025-05-21T23:21:33+00:00","dateModified":"2025-05-24T23:22:20+00:00","breadcrumb":{"@id":"https:\/\/informelitoral.com.ar\/oser-se-desarrollo-una-nueva-reunion-de-comision-en-el-senado-con-invitados\/#breadcrumb"},"inLanguage":"es","potentialAction":[{"@type":"ReadAction","target":["https:\/\/informelitoral.com.ar\/oser-se-desarrollo-una-nueva-reunion-de-comision-en-el-senado-con-invitados\/"]}]},{"@type":"ImageObject","inLanguage":"es","@id":"https:\/\/informelitoral.com.ar\/oser-se-desarrollo-una-nueva-reunion-de-comision-en-el-senado-con-invitados\/#primaryimage","url":"https:\/\/www.senadoer.gob.ar\/%77%70%2d%63%6f%6e%74%65%6e%74\/uploads\/2025\/05\/PSX_20250521_111346-860x573.jpg","contentUrl":"https:\/\/www.senadoer.gob.ar\/%77%70%2d%63%6f%6e%74%65%6e%74\/uploads\/2025\/05\/PSX_20250521_111346-860x573.jpg","width":"860","height":"573"},{"@type":"BreadcrumbList","@id":"https:\/\/informelitoral.com.ar\/oser-se-desarrollo-una-nueva-reunion-de-comision-en-el-senado-con-invitados\/#breadcrumb","itemListElement":[{"@type":"ListItem","position":1,"name":"Portada","item":"https:\/\/informelitoral.com.ar\/"},{"@type":"ListItem","position":2,"name":"OSER: se desarroll\u00f3 una nueva reuni\u00f3n de Comisi\u00f3n en el Senado con invitados"}]},{"@type":"WebSite","@id":"https:\/\/informelitoral.com.ar\/#website","url":"https:\/\/informelitoral.com.ar\/","name":"Informe Litoral","description":"&quot;Nos informamos&quot; ","publisher":{"@id":"https:\/\/informelitoral.com.ar\/#organization"},"potentialAction":[{"@type":"SearchAction","target":{"@type":"EntryPoint","urlTemplate":"https:\/\/informelitoral.com.ar\/?s={search_term_string}"},"query-input":{"@type":"PropertyValueSpecification","valueRequired":true,"valueName":"search_term_string"}}],"inLanguage":"es"},{"@type":"Organization","@id":"https:\/\/informelitoral.com.ar\/#organization","name":"Informe Litoral","url":"https:\/\/informelitoral.com.ar\/","logo":{"@type":"ImageObject","inLanguage":"es","@id":"https:\/\/informelitoral.com.ar\/#\/schema\/logo\/image\/","url":"https:\/\/informelitoral.com.ar\/%77%70%2d%63%6f%6e%74%65%6e%74\/uploads\/2021\/01\/circulo.png","contentUrl":"https:\/\/informelitoral.com.ar\/%77%70%2d%63%6f%6e%74%65%6e%74\/uploads\/2021\/01\/circulo.png","width":723,"height":731,"caption":"Informe Litoral"},"image":{"@id":"https:\/\/informelitoral.com.ar\/#\/schema\/logo\/image\/"},"sameAs":["https:\/\/www.facebook.com\/informelitoral\/","https:\/\/x.com\/InformeLitoral","https:\/\/www.instagram.com\/informelitoral\/","https:\/\/www.youtube.com\/channel\/UCua4Qvz8Icb6MYqhoq9xLXw"]},{"@type":"Person","@id":"https:\/\/informelitoral.com.ar\/#\/schema\/person\/b9d00407c836482871ef1d57bf8e3180","name":"Gonzalo Schmidt","image":{"@type":"ImageObject","inLanguage":"es","@id":"https:\/\/secure.gravatar.com\/avatar\/31a1a7b66ff2de83bd0e9fd79d026630d2d99e55e8bfe501287647b4fd9743de?s=96&d=mm&r=g","url":"https:\/\/secure.gravatar.com\/avatar\/31a1a7b66ff2de83bd0e9fd79d026630d2d99e55e8bfe501287647b4fd9743de?s=96&d=mm&r=g","contentUrl":"https:\/\/secure.gravatar.com\/avatar\/31a1a7b66ff2de83bd0e9fd79d026630d2d99e55e8bfe501287647b4fd9743de?s=96&d=mm&r=g","caption":"Gonzalo Schmidt"},"description":"Sitio web de noticias de la provincia de Entre R\u00edos, Argentina. Informaci\u00f3n y entretenimiento. Informe Litoral, nos informamos.","sameAs":["http:\/\/www.isletasnoticias.com.ar"],"url":"https:\/\/informelitoral.com.ar\/author\/gonzalo\/"}]}},"fifu_image_url":"https:\/\/www.senadoer.gob.ar\/wp-content\/uploads\/2025\/05\/PSX_20250521_111346-860x573.jpg","_links":{"self":[{"href":"https:\/\/informelitoral.com.ar\/%77%70%2d%6a%73%6f%6e\/wp\/v2\/posts\/221756","targetHints":{"allow":["GET"]}}],"collection":[{"href":"https:\/\/informelitoral.com.ar\/%77%70%2d%6a%73%6f%6e\/wp\/v2\/posts"}],"about":[{"href":"https:\/\/informelitoral.com.ar\/%77%70%2d%6a%73%6f%6e\/wp\/v2\/types\/post"}],"author":[{"embeddable":true,"href":"https:\/\/informelitoral.com.ar\/%77%70%2d%6a%73%6f%6e\/wp\/v2\/users\/2"}],"replies":[{"embeddable":true,"href":"https:\/\/informelitoral.com.ar\/%77%70%2d%6a%73%6f%6e\/wp\/v2\/comments?post=221756"}],"version-history":[{"count":0,"href":"https:\/\/informelitoral.com.ar\/%77%70%2d%6a%73%6f%6e\/wp\/v2\/posts\/221756\/revisions"}],"wp:featuredmedia":[{"embeddable":true,"href":"https:\/\/informelitoral.com.ar\/%77%70%2d%6a%73%6f%6e\/wp\/v2\/media\/221757"}],"wp:attachment":[{"href":"https:\/\/informelitoral.com.ar\/%77%70%2d%6a%73%6f%6e\/wp\/v2\/media?parent=221756"}],"wp:term":[{"taxonomy":"category","embeddable":true,"href":"https:\/\/informelitoral.com.ar\/%77%70%2d%6a%73%6f%6e\/wp\/v2\/categories?post=221756"},{"taxonomy":"post_tag","embeddable":true,"href":"https:\/\/informelitoral.com.ar\/%77%70%2d%6a%73%6f%6e\/wp\/v2\/tags?post=221756"}],"curies":[{"name":"wp","href":"https:\/\/api.w.org\/{rel}","templated":true}]}}