{"id":221751,"date":"2025-05-20T20:15:53","date_gmt":"2025-05-20T23:15:53","guid":{"rendered":"https:\/\/informelitoral.com.ar\/?p=221751"},"modified":"2025-05-24T20:18:28","modified_gmt":"2025-05-24T23:18:28","slug":"en-el-senado-continua-el-debate-en-comision-del-proyecto-de-creacion-de-la-oser","status":"publish","type":"post","link":"https:\/\/informelitoral.com.ar\/en-el-senado-continua-el-debate-en-comision-del-proyecto-de-creacion-de-la-oser\/","title":{"rendered":"En el Senado contin\u00faa el debate en comisi\u00f3n del proyecto de creaci\u00f3n de la OSER"},"content":{"rendered":"<p>En el recinto de la C\u00e1mara de Senadores continu\u00f3 el estudio de la iniciativa que propicia la creaci\u00f3n de la Obra Social de Entre R\u00edos (OSER) entidad que suceder\u00eda al Instituto Obra Social de la Provincia de Entre R\u00edos (IOSPER), creado por la Ley N\u00ba 5.480 y sus modificatorias.<\/p>\n<p>Encabezaron el encuentro de trabajo los presidentes de las Comisiones de Salud P\u00fablica y Drogadicci\u00f3n, de Presupuesto y Hacienda, y de Legislaci\u00f3n General, Hern\u00e1n M\u00e9ndez (Islas del Ibicuy -Juntos por Entre R\u00edos), Gustavo Vergara (Diamante \u2013 Juntos Por Entre R\u00edos) y Nancy Miranda (Federal \u2013 M\u00e1s Para Entre R\u00edos), respectivamente.<\/p>\n<p>Del encuentro fueron parte los senadores Gloria Cozzi (Concordia \u2013 Juntos Por Entre R\u00edos), Jaime Benedetti (Gualeguaych\u00fa \u2013 Juntos Por Entre R\u00edos), Patricia D\u00edaz (La Paz \u2013 M\u00e1s Para Entre R\u00edos), Juan Pablo Cosso (Villaguay \u2013 M\u00e1s Para Entre R\u00edos), V\u00edctor Sanzberro (Victoria \u2013 M\u00e1s Para Entre R\u00edos), Claudia Silva (Paran\u00e1-M\u00e1s para Entre R\u00edos), Gladys Dom\u00ednguez (Feliciano \u2013 M\u00e1s Para Entre R\u00edos), Casiano Otaegui (Gualeguay \u2013 Juntos Por Entre R\u00edos), Ramiro Favre (Col\u00f3n \u2013 Juntos Por Entre R\u00edos) y Rub\u00e9n Dal Mol\u00edn (Federaci\u00f3n \u2013 Juntos por Entre R\u00edos).<\/p>\n<p>Desde FEMER se hicieron presentes su presidente, Fernando V\u00e1zquez Vuelta, junto al integrante de la comisi\u00f3n directiva Lautaro Torriani; en tanto del C\u00edrculo M\u00e9dico de Paran\u00e1 asisti\u00f3 al encuentro su titular Eduardo Vesco. Ante los senadores, V\u00e1zquez Vuelta se\u00f1al\u00f3 que representan al 90% de los m\u00e9dicos de Entre R\u00edos, y son los principales prestadores m\u00e9dicos de la obra social m\u00e1s grande de la provincia, constituyendo casi un 30% del trabajo m\u00e9dico. Desde la entidad manifestaron que los cambios en Iosper tienen que ser pensados y evaluados por lo que solicitaron ampliar el per\u00edodo de intervenci\u00f3n por seis meses m\u00e1s para realizar una evaluaci\u00f3n m\u00e1s aplomada sobre el asunto. En este sentido cuestionaron algunos puntos del proyecto y bregaron por un equilibrio en gesti\u00f3n y control. Varios senadores presentes realizaron sus consultas a los m\u00e9dicos.<\/p>\n<p>Posteriormente desde ADDA hicieron su exposici\u00f3n Jes\u00fas Juricich y Norma Radichi. En primer lugar comentaron que la entidad que integran surgi\u00f3 en 2020 como afiliados autoconvocados, que conocen la historia de la obra social, por lo que rechazan la eliminaci\u00f3n de Iosper. Seguidamente analizaron el articulado del proyecto del Poder Ejecutivo marcando todo lo que les generaba incertidumbre. Algunos senadores formularon sus preguntas a los miembros de ADDA, tras lo cual se dio por finalizada la reuni\u00f3n de Comisi\u00f3n.<\/p>\n<p>Por el proyecto que confeccion\u00f3 el Poder Ejecutivo se crea la \u201cObra Social de Entre R\u00edos\u201d (OSER) como una entidad de derecho p\u00fablico con autarqu\u00eda administrativa y financiera, con domicilio legal en la ciudad de Paran\u00e1, que ser\u00e1 continuadora legal y patrimonial del Instituto Obra Social de la Provincia de Entre R\u00edos (IOSPER), creado por la Ley N\u00ba 5480 y sus modificatorias, sucedi\u00e9ndolo a t\u00edtulo universal en todos sus derechos y obligaciones, incluyendo su patrimonio, personal, afiliados, contratos y fondos existentes. La Obra Social de Entre R\u00edos se relacionar\u00e1 con el Poder Ejecutivo a trav\u00e9s del Ministerio de Gobierno y Trabajo. La OSER tendr\u00e1 por objeto organizar y administrar un sistema de atenci\u00f3n m\u00e9dica para sus afiliados y efectuar por s\u00ed o por intermedio de terceros, prestaciones asistenciales, de conformidad con las disposiciones de esta ley y reglamentaciones que se dicten. A lo largo de ocho cap\u00edtulos y 32 art\u00edculos se establece el r\u00e9gimen, objetivos y acciones, lo que concierne a patrimonio y recursos, direcci\u00f3n y administraci\u00f3n, lo relativo a beneficiarios y fiscalizaci\u00f3n, un cap\u00edtulo sobre transparencia activa y dem\u00e1s disposiciones.<\/p>\n","protected":false},"excerpt":{"rendered":"<p>Este martes en el marco de una nueva reuni\u00f3n conjunta de las Comisiones de Legislaci\u00f3n General, de Presupuesto y Hacienda, y de Salud P\u00fablica y Drogadicci\u00f3n, los senadores recibieron a representantes de la Federaci\u00f3n M\u00e9dica de Entre R\u00edos (FEMER), C\u00edrculo M\u00e9dico de Paran\u00e1, y de la Asociaci\u00f3n Civil en Defensa de los derechos de los Afiliados (ADDA).<\/p>\n","protected":false},"author":2,"featured_media":221753,"comment_status":"open","ping_status":"open","sticky":false,"template":"","format":"standard","meta":{"fifu_image_url":"https:\/\/www.senadoer.gob.ar\/wp-content\/uploads\/2025\/05\/Imagen-de-WhatsApp-2025-05-20-a-las-13.35.56_f49e0f5f-860x573.jpg","fifu_image_alt":"","footnotes":""},"categories":[16],"tags":[2047,604,287,1618,5732,464],"class_list":{"0":"post-221751","1":"post","2":"type-post","3":"status-publish","4":"format-standard","5":"has-post-thumbnail","7":"category-politi","8":"tag-camara-de-senadores","9":"tag-iosper","10":"tag-legislativas","11":"tag-obra-social","12":"tag-oser","13":"tag-senado"},"yoast_head":"<title>En el Senado contin\u00faa el debate en comisi\u00f3n del proyecto de creaci\u00f3n de la OSER - Informe Litoral<\/title>\n<meta name=\"robots\" content=\"index, follow, max-snippet:-1, max-image-preview:large, max-video-preview:-1\" \/>\n<link rel=\"canonical\" href=\"https:\/\/informelitoral.com.ar\/en-el-senado-continua-el-debate-en-comision-del-proyecto-de-creacion-de-la-oser\/\" \/>\n<meta property=\"og:locale\" content=\"es_ES\" \/>\n<meta property=\"og:type\" content=\"article\" \/>\n<meta property=\"og:title\" content=\"En el Senado contin\u00faa el debate en comisi\u00f3n del proyecto de creaci\u00f3n de la OSER - Informe Litoral\" \/>\n<meta property=\"og:description\" content=\"Este martes en el marco de una nueva reuni\u00f3n conjunta de las Comisiones de Legislaci\u00f3n General, de Presupuesto y Hacienda, y de Salud P\u00fablica y Drogadicci\u00f3n, los senadores recibieron a representantes de la Federaci\u00f3n M\u00e9dica de Entre R\u00edos (FEMER), C\u00edrculo M\u00e9dico de Paran\u00e1, y de la Asociaci\u00f3n Civil en Defensa de los derechos de los Afiliados (ADDA).\" \/>\n<meta property=\"og:url\" content=\"https:\/\/informelitoral.com.ar\/en-el-senado-continua-el-debate-en-comision-del-proyecto-de-creacion-de-la-oser\/\" \/>\n<meta property=\"og:site_name\" content=\"Informe Litoral\" \/>\n<meta property=\"article:publisher\" content=\"https:\/\/www.facebook.com\/informelitoral\/\" \/>\n<meta property=\"article:published_time\" content=\"2025-05-20T23:15:53+00:00\" \/>\n<meta property=\"article:modified_time\" content=\"2025-05-24T23:18:28+00:00\" \/>\n<meta property=\"og:image\" content=\"https:\/\/www.senadoer.gob.ar\/%77%70%2d%63%6f%6e%74%65%6e%74\/uploads\/2025\/05\/Imagen-de-WhatsApp-2025-05-20-a-las-13.35.56_f49e0f5f-860x573.jpg\" \/><meta property=\"og:image\" content=\"https:\/\/www.senadoer.gob.ar\/%77%70%2d%63%6f%6e%74%65%6e%74\/uploads\/2025\/05\/Imagen-de-WhatsApp-2025-05-20-a-las-13.35.56_f49e0f5f-860x573.jpg\" \/>\n\t<meta property=\"og:image:width\" content=\"860\" \/>\n\t<meta property=\"og:image:height\" content=\"573\" \/>\n\t<meta property=\"og:image:type\" content=\"image\/jpeg\" \/>\n<meta name=\"author\" content=\"Gonzalo Schmidt\" \/>\n<meta name=\"twitter:card\" content=\"summary_large_image\" \/>\n<meta name=\"twitter:image\" content=\"https:\/\/www.senadoer.gob.ar\/%77%70%2d%63%6f%6e%74%65%6e%74\/uploads\/2025\/05\/Imagen-de-WhatsApp-2025-05-20-a-las-13.35.56_f49e0f5f-860x573.jpg\" \/>\n<meta name=\"twitter:creator\" content=\"@InformeLitoral\" \/>\n<meta name=\"twitter:site\" content=\"@InformeLitoral\" \/>\n<meta name=\"twitter:label1\" content=\"Escrito por\" \/>\n\t<meta name=\"twitter:data1\" content=\"Gonzalo Schmidt\" \/>\n\t<meta name=\"twitter:label2\" content=\"Tiempo de lectura\" \/>\n\t<meta name=\"twitter:data2\" content=\"3 minutos\" \/>\n<script type=\"application\/ld+json\" class=\"yoast-schema-graph\">{\"@context\":\"https:\\\/\\\/schema.org\",\"@graph\":[{\"@type\":\"Article\",\"@id\":\"https:\\\/\\\/informelitoral.com.ar\\\/en-el-senado-continua-el-debate-en-comision-del-proyecto-de-creacion-de-la-oser\\\/#article\",\"isPartOf\":{\"@id\":\"https:\\\/\\\/informelitoral.com.ar\\\/en-el-senado-continua-el-debate-en-comision-del-proyecto-de-creacion-de-la-oser\\\/\"},\"author\":{\"name\":\"Gonzalo Schmidt\",\"@id\":\"https:\\\/\\\/informelitoral.com.ar\\\/#\\\/schema\\\/person\\\/b9d00407c836482871ef1d57bf8e3180\"},\"headline\":\"En el Senado contin\u00faa el debate en comisi\u00f3n del proyecto de creaci\u00f3n de la OSER\",\"datePublished\":\"2025-05-20T23:15:53+00:00\",\"dateModified\":\"2025-05-24T23:18:28+00:00\",\"mainEntityOfPage\":{\"@id\":\"https:\\\/\\\/informelitoral.com.ar\\\/en-el-senado-continua-el-debate-en-comision-del-proyecto-de-creacion-de-la-oser\\\/\"},\"wordCount\":660,\"commentCount\":0,\"publisher\":{\"@id\":\"https:\\\/\\\/informelitoral.com.ar\\\/#organization\"},\"image\":{\"@id\":\"https:\\\/\\\/informelitoral.com.ar\\\/en-el-senado-continua-el-debate-en-comision-del-proyecto-de-creacion-de-la-oser\\\/#primaryimage\"},\"thumbnailUrl\":\"https:\\\/\\\/www.senadoer.gob.ar\\\/%77%70%2d%63%6f%6e%74%65%6e%74\\\/uploads\\\/2025\\\/05\\\/Imagen-de-WhatsApp-2025-05-20-a-las-13.35.56_f49e0f5f-860x573.jpg\",\"keywords\":[\"Camara de Senadores\",\"Iosper\",\"Legislativas\",\"Obra Social\",\"OSER\",\"Senado\"],\"articleSection\":[\"Politica\"],\"inLanguage\":\"es\",\"potentialAction\":[{\"@type\":\"CommentAction\",\"name\":\"Comment\",\"target\":[\"https:\\\/\\\/informelitoral.com.ar\\\/en-el-senado-continua-el-debate-en-comision-del-proyecto-de-creacion-de-la-oser\\\/#respond\"]}]},{\"@type\":\"WebPage\",\"@id\":\"https:\\\/\\\/informelitoral.com.ar\\\/en-el-senado-continua-el-debate-en-comision-del-proyecto-de-creacion-de-la-oser\\\/\",\"url\":\"https:\\\/\\\/informelitoral.com.ar\\\/en-el-senado-continua-el-debate-en-comision-del-proyecto-de-creacion-de-la-oser\\\/\",\"name\":\"En el Senado contin\u00faa el debate en comisi\u00f3n del proyecto de creaci\u00f3n de la OSER - Informe Litoral\",\"isPartOf\":{\"@id\":\"https:\\\/\\\/informelitoral.com.ar\\\/#website\"},\"primaryImageOfPage\":{\"@id\":\"https:\\\/\\\/informelitoral.com.ar\\\/en-el-senado-continua-el-debate-en-comision-del-proyecto-de-creacion-de-la-oser\\\/#primaryimage\"},\"image\":{\"@id\":\"https:\\\/\\\/informelitoral.com.ar\\\/en-el-senado-continua-el-debate-en-comision-del-proyecto-de-creacion-de-la-oser\\\/#primaryimage\"},\"thumbnailUrl\":\"https:\\\/\\\/www.senadoer.gob.ar\\\/%77%70%2d%63%6f%6e%74%65%6e%74\\\/uploads\\\/2025\\\/05\\\/Imagen-de-WhatsApp-2025-05-20-a-las-13.35.56_f49e0f5f-860x573.jpg\",\"datePublished\":\"2025-05-20T23:15:53+00:00\",\"dateModified\":\"2025-05-24T23:18:28+00:00\",\"breadcrumb\":{\"@id\":\"https:\\\/\\\/informelitoral.com.ar\\\/en-el-senado-continua-el-debate-en-comision-del-proyecto-de-creacion-de-la-oser\\\/#breadcrumb\"},\"inLanguage\":\"es\",\"potentialAction\":[{\"@type\":\"ReadAction\",\"target\":[\"https:\\\/\\\/informelitoral.com.ar\\\/en-el-senado-continua-el-debate-en-comision-del-proyecto-de-creacion-de-la-oser\\\/\"]}]},{\"@type\":\"ImageObject\",\"inLanguage\":\"es\",\"@id\":\"https:\\\/\\\/informelitoral.com.ar\\\/en-el-senado-continua-el-debate-en-comision-del-proyecto-de-creacion-de-la-oser\\\/#primaryimage\",\"url\":\"https:\\\/\\\/www.senadoer.gob.ar\\\/%77%70%2d%63%6f%6e%74%65%6e%74\\\/uploads\\\/2025\\\/05\\\/Imagen-de-WhatsApp-2025-05-20-a-las-13.35.56_f49e0f5f-860x573.jpg\",\"contentUrl\":\"https:\\\/\\\/www.senadoer.gob.ar\\\/%77%70%2d%63%6f%6e%74%65%6e%74\\\/uploads\\\/2025\\\/05\\\/Imagen-de-WhatsApp-2025-05-20-a-las-13.35.56_f49e0f5f-860x573.jpg\",\"width\":\"860\",\"height\":\"573\"},{\"@type\":\"BreadcrumbList\",\"@id\":\"https:\\\/\\\/informelitoral.com.ar\\\/en-el-senado-continua-el-debate-en-comision-del-proyecto-de-creacion-de-la-oser\\\/#breadcrumb\",\"itemListElement\":[{\"@type\":\"ListItem\",\"position\":1,\"name\":\"Portada\",\"item\":\"https:\\\/\\\/informelitoral.com.ar\\\/\"},{\"@type\":\"ListItem\",\"position\":2,\"name\":\"En el Senado contin\u00faa el debate en comisi\u00f3n del proyecto de creaci\u00f3n de la OSER\"}]},{\"@type\":\"WebSite\",\"@id\":\"https:\\\/\\\/informelitoral.com.ar\\\/#website\",\"url\":\"https:\\\/\\\/informelitoral.com.ar\\\/\",\"name\":\"Informe Litoral\",\"description\":\"&quot;Nos informamos&quot; \",\"publisher\":{\"@id\":\"https:\\\/\\\/informelitoral.com.ar\\\/#organization\"},\"potentialAction\":[{\"@type\":\"SearchAction\",\"target\":{\"@type\":\"EntryPoint\",\"urlTemplate\":\"https:\\\/\\\/informelitoral.com.ar\\\/?s={search_term_string}\"},\"query-input\":{\"@type\":\"PropertyValueSpecification\",\"valueRequired\":true,\"valueName\":\"search_term_string\"}}],\"inLanguage\":\"es\"},{\"@type\":\"Organization\",\"@id\":\"https:\\\/\\\/informelitoral.com.ar\\\/#organization\",\"name\":\"Informe Litoral\",\"url\":\"https:\\\/\\\/informelitoral.com.ar\\\/\",\"logo\":{\"@type\":\"ImageObject\",\"inLanguage\":\"es\",\"@id\":\"https:\\\/\\\/informelitoral.com.ar\\\/#\\\/schema\\\/logo\\\/image\\\/\",\"url\":\"https:\\\/\\\/informelitoral.com.ar\\\/%77%70%2d%63%6f%6e%74%65%6e%74\\\/uploads\\\/2021\\\/01\\\/circulo.png\",\"contentUrl\":\"https:\\\/\\\/informelitoral.com.ar\\\/%77%70%2d%63%6f%6e%74%65%6e%74\\\/uploads\\\/2021\\\/01\\\/circulo.png\",\"width\":723,\"height\":731,\"caption\":\"Informe Litoral\"},\"image\":{\"@id\":\"https:\\\/\\\/informelitoral.com.ar\\\/#\\\/schema\\\/logo\\\/image\\\/\"},\"sameAs\":[\"https:\\\/\\\/www.facebook.com\\\/informelitoral\\\/\",\"https:\\\/\\\/x.com\\\/InformeLitoral\",\"https:\\\/\\\/www.instagram.com\\\/informelitoral\\\/\",\"https:\\\/\\\/www.youtube.com\\\/channel\\\/UCua4Qvz8Icb6MYqhoq9xLXw\"]},{\"@type\":\"Person\",\"@id\":\"https:\\\/\\\/informelitoral.com.ar\\\/#\\\/schema\\\/person\\\/b9d00407c836482871ef1d57bf8e3180\",\"name\":\"Gonzalo Schmidt\",\"image\":{\"@type\":\"ImageObject\",\"inLanguage\":\"es\",\"@id\":\"https:\\\/\\\/secure.gravatar.com\\\/avatar\\\/31a1a7b66ff2de83bd0e9fd79d026630d2d99e55e8bfe501287647b4fd9743de?s=96&d=mm&r=g\",\"url\":\"https:\\\/\\\/secure.gravatar.com\\\/avatar\\\/31a1a7b66ff2de83bd0e9fd79d026630d2d99e55e8bfe501287647b4fd9743de?s=96&d=mm&r=g\",\"contentUrl\":\"https:\\\/\\\/secure.gravatar.com\\\/avatar\\\/31a1a7b66ff2de83bd0e9fd79d026630d2d99e55e8bfe501287647b4fd9743de?s=96&d=mm&r=g\",\"caption\":\"Gonzalo Schmidt\"},\"description\":\"Sitio web de noticias de la provincia de Entre R\u00edos, Argentina. Informaci\u00f3n y entretenimiento. Informe Litoral, nos informamos.\",\"sameAs\":[\"http:\\\/\\\/www.isletasnoticias.com.ar\"],\"url\":\"https:\\\/\\\/informelitoral.com.ar\\\/author\\\/gonzalo\\\/\"}]}<\/script>","yoast_head_json":{"title":"En el Senado contin\u00faa el debate en comisi\u00f3n del proyecto de creaci\u00f3n de la OSER - Informe Litoral","robots":{"index":"index","follow":"follow","max-snippet":"max-snippet:-1","max-image-preview":"max-image-preview:large","max-video-preview":"max-video-preview:-1"},"canonical":"https:\/\/informelitoral.com.ar\/en-el-senado-continua-el-debate-en-comision-del-proyecto-de-creacion-de-la-oser\/","og_locale":"es_ES","og_type":"article","og_title":"En el Senado contin\u00faa el debate en comisi\u00f3n del proyecto de creaci\u00f3n de la OSER - Informe Litoral","og_description":"Este martes en el marco de una nueva reuni\u00f3n conjunta de las Comisiones de Legislaci\u00f3n General, de Presupuesto y Hacienda, y de Salud P\u00fablica y Drogadicci\u00f3n, los senadores recibieron a representantes de la Federaci\u00f3n M\u00e9dica de Entre R\u00edos (FEMER), C\u00edrculo M\u00e9dico de Paran\u00e1, y de la Asociaci\u00f3n Civil en Defensa de los derechos de los Afiliados (ADDA).","og_url":"https:\/\/informelitoral.com.ar\/en-el-senado-continua-el-debate-en-comision-del-proyecto-de-creacion-de-la-oser\/","og_site_name":"Informe Litoral","article_publisher":"https:\/\/www.facebook.com\/informelitoral\/","article_published_time":"2025-05-20T23:15:53+00:00","article_modified_time":"2025-05-24T23:18:28+00:00","og_image":[{"url":"https:\/\/www.senadoer.gob.ar\/wp-content\/uploads\/2025\/05\/Imagen-de-WhatsApp-2025-05-20-a-las-13.35.56_f49e0f5f-860x573.jpg","type":"","width":"","height":""},{"width":860,"height":573,"url":"https:\/\/www.senadoer.gob.ar\/wp-content\/uploads\/2025\/05\/Imagen-de-WhatsApp-2025-05-20-a-las-13.35.56_f49e0f5f-860x573.jpg","type":"image\/jpeg"}],"author":"Gonzalo Schmidt","twitter_card":"summary_large_image","twitter_image":"https:\/\/www.senadoer.gob.ar\/wp-content\/uploads\/2025\/05\/Imagen-de-WhatsApp-2025-05-20-a-las-13.35.56_f49e0f5f-860x573.jpg","twitter_creator":"@InformeLitoral","twitter_site":"@InformeLitoral","twitter_misc":{"Escrito por":"Gonzalo Schmidt","Tiempo de lectura":"3 minutos"},"schema":{"@context":"https:\/\/schema.org","@graph":[{"@type":"Article","@id":"https:\/\/informelitoral.com.ar\/en-el-senado-continua-el-debate-en-comision-del-proyecto-de-creacion-de-la-oser\/#article","isPartOf":{"@id":"https:\/\/informelitoral.com.ar\/en-el-senado-continua-el-debate-en-comision-del-proyecto-de-creacion-de-la-oser\/"},"author":{"name":"Gonzalo Schmidt","@id":"https:\/\/informelitoral.com.ar\/#\/schema\/person\/b9d00407c836482871ef1d57bf8e3180"},"headline":"En el Senado contin\u00faa el debate en comisi\u00f3n del proyecto de creaci\u00f3n de la OSER","datePublished":"2025-05-20T23:15:53+00:00","dateModified":"2025-05-24T23:18:28+00:00","mainEntityOfPage":{"@id":"https:\/\/informelitoral.com.ar\/en-el-senado-continua-el-debate-en-comision-del-proyecto-de-creacion-de-la-oser\/"},"wordCount":660,"commentCount":0,"publisher":{"@id":"https:\/\/informelitoral.com.ar\/#organization"},"image":{"@id":"https:\/\/informelitoral.com.ar\/en-el-senado-continua-el-debate-en-comision-del-proyecto-de-creacion-de-la-oser\/#primaryimage"},"thumbnailUrl":"https:\/\/www.senadoer.gob.ar\/%77%70%2d%63%6f%6e%74%65%6e%74\/uploads\/2025\/05\/Imagen-de-WhatsApp-2025-05-20-a-las-13.35.56_f49e0f5f-860x573.jpg","keywords":["Camara de Senadores","Iosper","Legislativas","Obra Social","OSER","Senado"],"articleSection":["Politica"],"inLanguage":"es","potentialAction":[{"@type":"CommentAction","name":"Comment","target":["https:\/\/informelitoral.com.ar\/en-el-senado-continua-el-debate-en-comision-del-proyecto-de-creacion-de-la-oser\/#respond"]}]},{"@type":"WebPage","@id":"https:\/\/informelitoral.com.ar\/en-el-senado-continua-el-debate-en-comision-del-proyecto-de-creacion-de-la-oser\/","url":"https:\/\/informelitoral.com.ar\/en-el-senado-continua-el-debate-en-comision-del-proyecto-de-creacion-de-la-oser\/","name":"En el Senado contin\u00faa el debate en comisi\u00f3n del proyecto de creaci\u00f3n de la OSER - Informe Litoral","isPartOf":{"@id":"https:\/\/informelitoral.com.ar\/#website"},"primaryImageOfPage":{"@id":"https:\/\/informelitoral.com.ar\/en-el-senado-continua-el-debate-en-comision-del-proyecto-de-creacion-de-la-oser\/#primaryimage"},"image":{"@id":"https:\/\/informelitoral.com.ar\/en-el-senado-continua-el-debate-en-comision-del-proyecto-de-creacion-de-la-oser\/#primaryimage"},"thumbnailUrl":"https:\/\/www.senadoer.gob.ar\/%77%70%2d%63%6f%6e%74%65%6e%74\/uploads\/2025\/05\/Imagen-de-WhatsApp-2025-05-20-a-las-13.35.56_f49e0f5f-860x573.jpg","datePublished":"2025-05-20T23:15:53+00:00","dateModified":"2025-05-24T23:18:28+00:00","breadcrumb":{"@id":"https:\/\/informelitoral.com.ar\/en-el-senado-continua-el-debate-en-comision-del-proyecto-de-creacion-de-la-oser\/#breadcrumb"},"inLanguage":"es","potentialAction":[{"@type":"ReadAction","target":["https:\/\/informelitoral.com.ar\/en-el-senado-continua-el-debate-en-comision-del-proyecto-de-creacion-de-la-oser\/"]}]},{"@type":"ImageObject","inLanguage":"es","@id":"https:\/\/informelitoral.com.ar\/en-el-senado-continua-el-debate-en-comision-del-proyecto-de-creacion-de-la-oser\/#primaryimage","url":"https:\/\/www.senadoer.gob.ar\/%77%70%2d%63%6f%6e%74%65%6e%74\/uploads\/2025\/05\/Imagen-de-WhatsApp-2025-05-20-a-las-13.35.56_f49e0f5f-860x573.jpg","contentUrl":"https:\/\/www.senadoer.gob.ar\/%77%70%2d%63%6f%6e%74%65%6e%74\/uploads\/2025\/05\/Imagen-de-WhatsApp-2025-05-20-a-las-13.35.56_f49e0f5f-860x573.jpg","width":"860","height":"573"},{"@type":"BreadcrumbList","@id":"https:\/\/informelitoral.com.ar\/en-el-senado-continua-el-debate-en-comision-del-proyecto-de-creacion-de-la-oser\/#breadcrumb","itemListElement":[{"@type":"ListItem","position":1,"name":"Portada","item":"https:\/\/informelitoral.com.ar\/"},{"@type":"ListItem","position":2,"name":"En el Senado contin\u00faa el debate en comisi\u00f3n del proyecto de creaci\u00f3n de la OSER"}]},{"@type":"WebSite","@id":"https:\/\/informelitoral.com.ar\/#website","url":"https:\/\/informelitoral.com.ar\/","name":"Informe Litoral","description":"&quot;Nos informamos&quot; ","publisher":{"@id":"https:\/\/informelitoral.com.ar\/#organization"},"potentialAction":[{"@type":"SearchAction","target":{"@type":"EntryPoint","urlTemplate":"https:\/\/informelitoral.com.ar\/?s={search_term_string}"},"query-input":{"@type":"PropertyValueSpecification","valueRequired":true,"valueName":"search_term_string"}}],"inLanguage":"es"},{"@type":"Organization","@id":"https:\/\/informelitoral.com.ar\/#organization","name":"Informe Litoral","url":"https:\/\/informelitoral.com.ar\/","logo":{"@type":"ImageObject","inLanguage":"es","@id":"https:\/\/informelitoral.com.ar\/#\/schema\/logo\/image\/","url":"https:\/\/informelitoral.com.ar\/%77%70%2d%63%6f%6e%74%65%6e%74\/uploads\/2021\/01\/circulo.png","contentUrl":"https:\/\/informelitoral.com.ar\/%77%70%2d%63%6f%6e%74%65%6e%74\/uploads\/2021\/01\/circulo.png","width":723,"height":731,"caption":"Informe Litoral"},"image":{"@id":"https:\/\/informelitoral.com.ar\/#\/schema\/logo\/image\/"},"sameAs":["https:\/\/www.facebook.com\/informelitoral\/","https:\/\/x.com\/InformeLitoral","https:\/\/www.instagram.com\/informelitoral\/","https:\/\/www.youtube.com\/channel\/UCua4Qvz8Icb6MYqhoq9xLXw"]},{"@type":"Person","@id":"https:\/\/informelitoral.com.ar\/#\/schema\/person\/b9d00407c836482871ef1d57bf8e3180","name":"Gonzalo Schmidt","image":{"@type":"ImageObject","inLanguage":"es","@id":"https:\/\/secure.gravatar.com\/avatar\/31a1a7b66ff2de83bd0e9fd79d026630d2d99e55e8bfe501287647b4fd9743de?s=96&d=mm&r=g","url":"https:\/\/secure.gravatar.com\/avatar\/31a1a7b66ff2de83bd0e9fd79d026630d2d99e55e8bfe501287647b4fd9743de?s=96&d=mm&r=g","contentUrl":"https:\/\/secure.gravatar.com\/avatar\/31a1a7b66ff2de83bd0e9fd79d026630d2d99e55e8bfe501287647b4fd9743de?s=96&d=mm&r=g","caption":"Gonzalo Schmidt"},"description":"Sitio web de noticias de la provincia de Entre R\u00edos, Argentina. Informaci\u00f3n y entretenimiento. Informe Litoral, nos informamos.","sameAs":["http:\/\/www.isletasnoticias.com.ar"],"url":"https:\/\/informelitoral.com.ar\/author\/gonzalo\/"}]}},"fifu_image_url":"https:\/\/www.senadoer.gob.ar\/wp-content\/uploads\/2025\/05\/Imagen-de-WhatsApp-2025-05-20-a-las-13.35.56_f49e0f5f-860x573.jpg","_links":{"self":[{"href":"https:\/\/informelitoral.com.ar\/%77%70%2d%6a%73%6f%6e\/wp\/v2\/posts\/221751","targetHints":{"allow":["GET"]}}],"collection":[{"href":"https:\/\/informelitoral.com.ar\/%77%70%2d%6a%73%6f%6e\/wp\/v2\/posts"}],"about":[{"href":"https:\/\/informelitoral.com.ar\/%77%70%2d%6a%73%6f%6e\/wp\/v2\/types\/post"}],"author":[{"embeddable":true,"href":"https:\/\/informelitoral.com.ar\/%77%70%2d%6a%73%6f%6e\/wp\/v2\/users\/2"}],"replies":[{"embeddable":true,"href":"https:\/\/informelitoral.com.ar\/%77%70%2d%6a%73%6f%6e\/wp\/v2\/comments?post=221751"}],"version-history":[{"count":0,"href":"https:\/\/informelitoral.com.ar\/%77%70%2d%6a%73%6f%6e\/wp\/v2\/posts\/221751\/revisions"}],"wp:featuredmedia":[{"embeddable":true,"href":"https:\/\/informelitoral.com.ar\/%77%70%2d%6a%73%6f%6e\/wp\/v2\/media\/221753"}],"wp:attachment":[{"href":"https:\/\/informelitoral.com.ar\/%77%70%2d%6a%73%6f%6e\/wp\/v2\/media?parent=221751"}],"wp:term":[{"taxonomy":"category","embeddable":true,"href":"https:\/\/informelitoral.com.ar\/%77%70%2d%6a%73%6f%6e\/wp\/v2\/categories?post=221751"},{"taxonomy":"post_tag","embeddable":true,"href":"https:\/\/informelitoral.com.ar\/%77%70%2d%6a%73%6f%6e\/wp\/v2\/tags?post=221751"}],"curies":[{"name":"wp","href":"https:\/\/api.w.org\/{rel}","templated":true}]}}