{"id":221661,"date":"2025-05-14T11:06:17","date_gmt":"2025-05-14T14:06:17","guid":{"rendered":"https:\/\/informelitoral.com.ar\/?p=221661"},"modified":"2025-05-14T20:14:40","modified_gmt":"2025-05-14T23:14:40","slug":"de-la-ultima-curva-al-volante-de-alpine-la-revancha-de-colapinto-comienza-en-italia","status":"publish","type":"post","link":"https:\/\/informelitoral.com.ar\/de-la-ultima-curva-al-volante-de-alpine-la-revancha-de-colapinto-comienza-en-italia\/","title":{"rendered":"De la \u00faltima curva al volante de Alpine: la revancha de Colapinto comienza en Italia"},"content":{"rendered":"<p><strong>Franco Colapinto fue confirmado como piloto titular de Alpine por cinco carreras y su regreso a la F\u00f3rmula 1 se dar\u00e1 en el circuito de \u00edmola, Italia<\/strong>, que le trae muy buenos recuerdos teniendo en cuenta que ha mostrado grandes actuaciones all\u00ed cuando corr\u00eda en las categor\u00edas formativas de monoplazas a nivel internacional.<\/p>\n<p>Colapinto, que reemplaz\u00f3 a <strong>Jack Doohan<\/strong> y ya est\u00e1 trabajando de cara a su regreso a la F1 junto al equipo franc\u00e9s, tiene un gran historial en \u00cdmola donde logr\u00f3 dos resonantes triunfos en la \u00faltima vuelta, dejando una gran imagen.<\/p>\n<p>La primera victoria de Franco lleg\u00f3 en su temporada debut en la <strong>F\u00f3rmula 3<\/strong> cuando corr\u00eda para VAR Racing y en la \u00faltima vuelta de la <strong>Sprint Race<\/strong> recuper\u00f3 la punta y cerr\u00f3 un triunfo hist\u00f3rico para el automovilismo nacional.<\/p>\n<p>Dos a\u00f1os m\u00e1s tarde, y en el mismo circuito, la historia ya era otra: Franco hab\u00eda pasado a competir en F\u00f3rmula 2, ya estaba m\u00e1s maduro, y tambi\u00e9n lleg\u00f3 a la \u00faltima vuelta ubicado en el segundo puesto, con la ilusi\u00f3n de dar el golpe y lograr otro triunfo en tierras italianas.<\/p>\n<h6><em><strong>Del archivo:\u00a0<a href=\"https:\/\/informelitoral.com.ar\/mirtha-legrand-celebro-el-regreso-de-franco-colapinto-a-la-formula-1-con-alpine\/\" target=\"_blank\" rel=\"noopener\">Mirtha Legrand celebro el regreso de Franco Colapinto a la f\u00f3rmula 1 con Alpine<\/a><\/strong><\/em><\/h6>\n<p>Y as\u00ed fue, luego de usar el DRS en la recta principal y acercarse a su rival, <strong>Paul Aron<\/strong>, lo super\u00f3 doblando por afuera y rozando la arena en una maniobra impactante que le vali\u00f3 el triunfo y lo coloc\u00f3 en el centro de los elogios de la prensa internacional.<\/p>\n<p>En ese momento Colapinto formaba parte del programa de j\u00f3venes talentos de la escuder\u00eda Williams y el director del equipo,<strong> James Wolve<\/strong>s, confirm\u00f3 posteriormente que fue esa maniobra la que lo llev\u00f3 a decidirse por Colapinto cuando tuvo que reemplazar a Logan Sargeant como piloto titular en la escuder\u00eda inglesa con sede en Grove.<\/p>\n<p>Sin saberlo, en aquel momento Colapinto tambi\u00e9n super\u00f3 a quien luego ser\u00eda su rival en la lucha por llegar a Alpine, teniendo en cuenta que el estonio Paul Aron era el preferido del ex director de la escuder\u00eda francesa, Oliver Oakes, para ocupar el lugar de Doohan, aunque se termin\u00f3 imponiendo la visi\u00f3n de Briatore y Franco afortunadamente logr\u00f3 regresar a la F1.<\/p>\n<h2 class=\"wp-block-heading\"><strong>Los horarios y el cronograma del GP de Imola<\/strong><\/h2>\n<p><strong><u>Viernes 16 de mayo<\/u><\/strong><\/p>\n<ul class=\"wp-block-list\">\n<li><strong>Pr\u00e1cticas libres 1:\u00a0<\/strong>8.30 a 9.30 horas<\/li>\n<li><strong>Pr\u00e1cticas libres 2:\u00a0<\/strong>12.00 a 13.00 horas<\/li>\n<\/ul>\n<p><strong><u>S\u00e1bado 17 de mayo<\/u><\/strong><\/p>\n<ul class=\"wp-block-list\">\n<li><strong>Pr\u00e1cticas libres 3:<\/strong>\u00a07.30 a 8.30 horas<\/li>\n<li><strong>Clasificaci\u00f3n:<\/strong>\u00a011.00 a 12.00 horas<\/li>\n<\/ul>\n<p><strong><u>Domingo 18 de mayo<\/u><\/strong><\/p>\n<ul class=\"wp-block-list\">\n<li><strong>Carrera<\/strong>: 10.00.<\/li>\n<\/ul>\n","protected":false},"excerpt":{"rendered":"<p>El argentino fue confirmado como piloto titular de Alpine por cinco carreras y su regreso se dar\u00e1 este fin de semana en el circuito de \u00edmola, Italia.<\/p>\n","protected":false},"author":8,"featured_media":221662,"comment_status":"open","ping_status":"open","sticky":false,"template":"","format":"standard","meta":{"fifu_image_url":"https:\/\/media.sitioandino.com.ar\/p\/7d124522312d56151be5ac2cebd36d54\/adjuntos\/335\/imagenes\/000\/767\/0000767018\/790x0\/smart\/franco-colapinto.png","fifu_image_alt":"","footnotes":""},"categories":[13],"tags":[447,5120],"class_list":{"0":"post-221661","1":"post","2":"type-post","3":"status-publish","4":"format-standard","5":"has-post-thumbnail","7":"category-deportes","8":"tag-automovilismo","9":"tag-franco-colapinto"},"yoast_head":"<title>De la \u00faltima curva al volante de Alpine: la revancha de Colapinto comienza en Italia - Informe Litoral<\/title>\n<meta name=\"robots\" content=\"index, follow, max-snippet:-1, max-image-preview:large, max-video-preview:-1\" \/>\n<link rel=\"canonical\" href=\"https:\/\/informelitoral.com.ar\/de-la-ultima-curva-al-volante-de-alpine-la-revancha-de-colapinto-comienza-en-italia\/\" \/>\n<meta property=\"og:locale\" content=\"es_ES\" \/>\n<meta property=\"og:type\" content=\"article\" \/>\n<meta property=\"og:title\" content=\"De la \u00faltima curva al volante de Alpine: la revancha de Colapinto comienza en Italia - Informe Litoral\" \/>\n<meta property=\"og:description\" content=\"El argentino fue confirmado como piloto titular de Alpine por cinco carreras y su regreso se dar\u00e1 este fin de semana en el circuito de \u00edmola, Italia.\" \/>\n<meta property=\"og:url\" content=\"https:\/\/informelitoral.com.ar\/de-la-ultima-curva-al-volante-de-alpine-la-revancha-de-colapinto-comienza-en-italia\/\" \/>\n<meta property=\"og:site_name\" content=\"Informe Litoral\" \/>\n<meta property=\"article:publisher\" content=\"https:\/\/www.facebook.com\/informelitoral\/\" \/>\n<meta property=\"article:published_time\" content=\"2025-05-14T14:06:17+00:00\" \/>\n<meta property=\"article:modified_time\" content=\"2025-05-14T23:14:40+00:00\" \/>\n<meta property=\"og:image\" content=\"https:\/\/media.sitioandino.com.ar\/p\/7d124522312d56151be5ac2cebd36d54\/adjuntos\/335\/imagenes\/000\/767\/0000767018\/790x0\/smart\/franco-colapinto.png\" \/><meta property=\"og:image\" content=\"https:\/\/media.sitioandino.com.ar\/p\/7d124522312d56151be5ac2cebd36d54\/adjuntos\/335\/imagenes\/000\/767\/0000767018\/790x0\/smart\/franco-colapinto.png\" \/>\n\t<meta property=\"og:image:width\" content=\"790\" \/>\n\t<meta property=\"og:image:height\" content=\"474\" \/>\n\t<meta property=\"og:image:type\" content=\"image\/jpeg\" \/>\n<meta name=\"author\" content=\"Sebastian\" \/>\n<meta name=\"twitter:card\" content=\"summary_large_image\" \/>\n<meta name=\"twitter:image\" content=\"https:\/\/media.sitioandino.com.ar\/p\/7d124522312d56151be5ac2cebd36d54\/adjuntos\/335\/imagenes\/000\/767\/0000767018\/790x0\/smart\/franco-colapinto.png\" \/>\n<meta name=\"twitter:creator\" content=\"@InformeLitoral\" \/>\n<meta name=\"twitter:site\" content=\"@InformeLitoral\" \/>\n<meta name=\"twitter:label1\" content=\"Escrito por\" \/>\n\t<meta name=\"twitter:data1\" content=\"Sebastian\" \/>\n\t<meta name=\"twitter:label2\" content=\"Tiempo de lectura\" \/>\n\t<meta name=\"twitter:data2\" content=\"3 minutos\" \/>\n<script type=\"application\/ld+json\" class=\"yoast-schema-graph\">{\"@context\":\"https:\\\/\\\/schema.org\",\"@graph\":[{\"@type\":\"Article\",\"@id\":\"https:\\\/\\\/informelitoral.com.ar\\\/de-la-ultima-curva-al-volante-de-alpine-la-revancha-de-colapinto-comienza-en-italia\\\/#article\",\"isPartOf\":{\"@id\":\"https:\\\/\\\/informelitoral.com.ar\\\/de-la-ultima-curva-al-volante-de-alpine-la-revancha-de-colapinto-comienza-en-italia\\\/\"},\"author\":{\"name\":\"Sebastian\",\"@id\":\"https:\\\/\\\/informelitoral.com.ar\\\/#\\\/schema\\\/person\\\/f05f9f461677119578717524b127d6d5\"},\"headline\":\"De la \u00faltima curva al volante de Alpine: la revancha de Colapinto comienza en Italia\",\"datePublished\":\"2025-05-14T14:06:17+00:00\",\"dateModified\":\"2025-05-14T23:14:40+00:00\",\"mainEntityOfPage\":{\"@id\":\"https:\\\/\\\/informelitoral.com.ar\\\/de-la-ultima-curva-al-volante-de-alpine-la-revancha-de-colapinto-comienza-en-italia\\\/\"},\"wordCount\":441,\"commentCount\":0,\"publisher\":{\"@id\":\"https:\\\/\\\/informelitoral.com.ar\\\/#organization\"},\"image\":{\"@id\":\"https:\\\/\\\/informelitoral.com.ar\\\/de-la-ultima-curva-al-volante-de-alpine-la-revancha-de-colapinto-comienza-en-italia\\\/#primaryimage\"},\"thumbnailUrl\":\"https:\\\/\\\/media.sitioandino.com.ar\\\/p\\\/7d124522312d56151be5ac2cebd36d54\\\/adjuntos\\\/335\\\/imagenes\\\/000\\\/767\\\/0000767018\\\/790x0\\\/smart\\\/franco-colapinto.png\",\"keywords\":[\"Automovilismo\",\"Franco Colapinto\"],\"articleSection\":[\"Deportes\"],\"inLanguage\":\"es\",\"potentialAction\":[{\"@type\":\"CommentAction\",\"name\":\"Comment\",\"target\":[\"https:\\\/\\\/informelitoral.com.ar\\\/de-la-ultima-curva-al-volante-de-alpine-la-revancha-de-colapinto-comienza-en-italia\\\/#respond\"]}]},{\"@type\":\"WebPage\",\"@id\":\"https:\\\/\\\/informelitoral.com.ar\\\/de-la-ultima-curva-al-volante-de-alpine-la-revancha-de-colapinto-comienza-en-italia\\\/\",\"url\":\"https:\\\/\\\/informelitoral.com.ar\\\/de-la-ultima-curva-al-volante-de-alpine-la-revancha-de-colapinto-comienza-en-italia\\\/\",\"name\":\"De la \u00faltima curva al volante de Alpine: la revancha de Colapinto comienza en Italia - Informe Litoral\",\"isPartOf\":{\"@id\":\"https:\\\/\\\/informelitoral.com.ar\\\/#website\"},\"primaryImageOfPage\":{\"@id\":\"https:\\\/\\\/informelitoral.com.ar\\\/de-la-ultima-curva-al-volante-de-alpine-la-revancha-de-colapinto-comienza-en-italia\\\/#primaryimage\"},\"image\":{\"@id\":\"https:\\\/\\\/informelitoral.com.ar\\\/de-la-ultima-curva-al-volante-de-alpine-la-revancha-de-colapinto-comienza-en-italia\\\/#primaryimage\"},\"thumbnailUrl\":\"https:\\\/\\\/media.sitioandino.com.ar\\\/p\\\/7d124522312d56151be5ac2cebd36d54\\\/adjuntos\\\/335\\\/imagenes\\\/000\\\/767\\\/0000767018\\\/790x0\\\/smart\\\/franco-colapinto.png\",\"datePublished\":\"2025-05-14T14:06:17+00:00\",\"dateModified\":\"2025-05-14T23:14:40+00:00\",\"breadcrumb\":{\"@id\":\"https:\\\/\\\/informelitoral.com.ar\\\/de-la-ultima-curva-al-volante-de-alpine-la-revancha-de-colapinto-comienza-en-italia\\\/#breadcrumb\"},\"inLanguage\":\"es\",\"potentialAction\":[{\"@type\":\"ReadAction\",\"target\":[\"https:\\\/\\\/informelitoral.com.ar\\\/de-la-ultima-curva-al-volante-de-alpine-la-revancha-de-colapinto-comienza-en-italia\\\/\"]}]},{\"@type\":\"ImageObject\",\"inLanguage\":\"es\",\"@id\":\"https:\\\/\\\/informelitoral.com.ar\\\/de-la-ultima-curva-al-volante-de-alpine-la-revancha-de-colapinto-comienza-en-italia\\\/#primaryimage\",\"url\":\"https:\\\/\\\/media.sitioandino.com.ar\\\/p\\\/7d124522312d56151be5ac2cebd36d54\\\/adjuntos\\\/335\\\/imagenes\\\/000\\\/767\\\/0000767018\\\/790x0\\\/smart\\\/franco-colapinto.png\",\"contentUrl\":\"https:\\\/\\\/media.sitioandino.com.ar\\\/p\\\/7d124522312d56151be5ac2cebd36d54\\\/adjuntos\\\/335\\\/imagenes\\\/000\\\/767\\\/0000767018\\\/790x0\\\/smart\\\/franco-colapinto.png\",\"width\":\"790\",\"height\":\"474\"},{\"@type\":\"BreadcrumbList\",\"@id\":\"https:\\\/\\\/informelitoral.com.ar\\\/de-la-ultima-curva-al-volante-de-alpine-la-revancha-de-colapinto-comienza-en-italia\\\/#breadcrumb\",\"itemListElement\":[{\"@type\":\"ListItem\",\"position\":1,\"name\":\"Portada\",\"item\":\"https:\\\/\\\/informelitoral.com.ar\\\/\"},{\"@type\":\"ListItem\",\"position\":2,\"name\":\"De la \u00faltima curva al volante de Alpine: la revancha de Colapinto comienza en Italia\"}]},{\"@type\":\"WebSite\",\"@id\":\"https:\\\/\\\/informelitoral.com.ar\\\/#website\",\"url\":\"https:\\\/\\\/informelitoral.com.ar\\\/\",\"name\":\"Informe Litoral\",\"description\":\"&quot;Nos informamos&quot; \",\"publisher\":{\"@id\":\"https:\\\/\\\/informelitoral.com.ar\\\/#organization\"},\"potentialAction\":[{\"@type\":\"SearchAction\",\"target\":{\"@type\":\"EntryPoint\",\"urlTemplate\":\"https:\\\/\\\/informelitoral.com.ar\\\/?s={search_term_string}\"},\"query-input\":{\"@type\":\"PropertyValueSpecification\",\"valueRequired\":true,\"valueName\":\"search_term_string\"}}],\"inLanguage\":\"es\"},{\"@type\":\"Organization\",\"@id\":\"https:\\\/\\\/informelitoral.com.ar\\\/#organization\",\"name\":\"Informe Litoral\",\"url\":\"https:\\\/\\\/informelitoral.com.ar\\\/\",\"logo\":{\"@type\":\"ImageObject\",\"inLanguage\":\"es\",\"@id\":\"https:\\\/\\\/informelitoral.com.ar\\\/#\\\/schema\\\/logo\\\/image\\\/\",\"url\":\"https:\\\/\\\/informelitoral.com.ar\\\/%77%70%2d%63%6f%6e%74%65%6e%74\\\/uploads\\\/2021\\\/01\\\/circulo.png\",\"contentUrl\":\"https:\\\/\\\/informelitoral.com.ar\\\/%77%70%2d%63%6f%6e%74%65%6e%74\\\/uploads\\\/2021\\\/01\\\/circulo.png\",\"width\":723,\"height\":731,\"caption\":\"Informe Litoral\"},\"image\":{\"@id\":\"https:\\\/\\\/informelitoral.com.ar\\\/#\\\/schema\\\/logo\\\/image\\\/\"},\"sameAs\":[\"https:\\\/\\\/www.facebook.com\\\/informelitoral\\\/\",\"https:\\\/\\\/x.com\\\/InformeLitoral\",\"https:\\\/\\\/www.instagram.com\\\/informelitoral\\\/\",\"https:\\\/\\\/www.youtube.com\\\/channel\\\/UCua4Qvz8Icb6MYqhoq9xLXw\"]},{\"@type\":\"Person\",\"@id\":\"https:\\\/\\\/informelitoral.com.ar\\\/#\\\/schema\\\/person\\\/f05f9f461677119578717524b127d6d5\",\"name\":\"Sebastian\",\"image\":{\"@type\":\"ImageObject\",\"inLanguage\":\"es\",\"@id\":\"https:\\\/\\\/secure.gravatar.com\\\/avatar\\\/b71bf7481d447dfb9583c7f2798e7cc64de6efb9067b74633ed8c31059a3bd82?s=96&d=mm&r=g\",\"url\":\"https:\\\/\\\/secure.gravatar.com\\\/avatar\\\/b71bf7481d447dfb9583c7f2798e7cc64de6efb9067b74633ed8c31059a3bd82?s=96&d=mm&r=g\",\"contentUrl\":\"https:\\\/\\\/secure.gravatar.com\\\/avatar\\\/b71bf7481d447dfb9583c7f2798e7cc64de6efb9067b74633ed8c31059a3bd82?s=96&d=mm&r=g\",\"caption\":\"Sebastian\"},\"url\":\"https:\\\/\\\/informelitoral.com.ar\\\/author\\\/sebastian\\\/\"}]}<\/script>","yoast_head_json":{"title":"De la \u00faltima curva al volante de Alpine: la revancha de Colapinto comienza en Italia - Informe Litoral","robots":{"index":"index","follow":"follow","max-snippet":"max-snippet:-1","max-image-preview":"max-image-preview:large","max-video-preview":"max-video-preview:-1"},"canonical":"https:\/\/informelitoral.com.ar\/de-la-ultima-curva-al-volante-de-alpine-la-revancha-de-colapinto-comienza-en-italia\/","og_locale":"es_ES","og_type":"article","og_title":"De la \u00faltima curva al volante de Alpine: la revancha de Colapinto comienza en Italia - Informe Litoral","og_description":"El argentino fue confirmado como piloto titular de Alpine por cinco carreras y su regreso se dar\u00e1 este fin de semana en el circuito de \u00edmola, Italia.","og_url":"https:\/\/informelitoral.com.ar\/de-la-ultima-curva-al-volante-de-alpine-la-revancha-de-colapinto-comienza-en-italia\/","og_site_name":"Informe Litoral","article_publisher":"https:\/\/www.facebook.com\/informelitoral\/","article_published_time":"2025-05-14T14:06:17+00:00","article_modified_time":"2025-05-14T23:14:40+00:00","og_image":[{"url":"https:\/\/media.sitioandino.com.ar\/p\/7d124522312d56151be5ac2cebd36d54\/adjuntos\/335\/imagenes\/000\/767\/0000767018\/790x0\/smart\/franco-colapinto.png","type":"","width":"","height":""},{"width":790,"height":474,"url":"https:\/\/media.sitioandino.com.ar\/p\/7d124522312d56151be5ac2cebd36d54\/adjuntos\/335\/imagenes\/000\/767\/0000767018\/790x0\/smart\/franco-colapinto.png","type":"image\/jpeg"}],"author":"Sebastian","twitter_card":"summary_large_image","twitter_image":"https:\/\/media.sitioandino.com.ar\/p\/7d124522312d56151be5ac2cebd36d54\/adjuntos\/335\/imagenes\/000\/767\/0000767018\/790x0\/smart\/franco-colapinto.png","twitter_creator":"@InformeLitoral","twitter_site":"@InformeLitoral","twitter_misc":{"Escrito por":"Sebastian","Tiempo de lectura":"3 minutos"},"schema":{"@context":"https:\/\/schema.org","@graph":[{"@type":"Article","@id":"https:\/\/informelitoral.com.ar\/de-la-ultima-curva-al-volante-de-alpine-la-revancha-de-colapinto-comienza-en-italia\/#article","isPartOf":{"@id":"https:\/\/informelitoral.com.ar\/de-la-ultima-curva-al-volante-de-alpine-la-revancha-de-colapinto-comienza-en-italia\/"},"author":{"name":"Sebastian","@id":"https:\/\/informelitoral.com.ar\/#\/schema\/person\/f05f9f461677119578717524b127d6d5"},"headline":"De la \u00faltima curva al volante de Alpine: la revancha de Colapinto comienza en Italia","datePublished":"2025-05-14T14:06:17+00:00","dateModified":"2025-05-14T23:14:40+00:00","mainEntityOfPage":{"@id":"https:\/\/informelitoral.com.ar\/de-la-ultima-curva-al-volante-de-alpine-la-revancha-de-colapinto-comienza-en-italia\/"},"wordCount":441,"commentCount":0,"publisher":{"@id":"https:\/\/informelitoral.com.ar\/#organization"},"image":{"@id":"https:\/\/informelitoral.com.ar\/de-la-ultima-curva-al-volante-de-alpine-la-revancha-de-colapinto-comienza-en-italia\/#primaryimage"},"thumbnailUrl":"https:\/\/media.sitioandino.com.ar\/p\/7d124522312d56151be5ac2cebd36d54\/adjuntos\/335\/imagenes\/000\/767\/0000767018\/790x0\/smart\/franco-colapinto.png","keywords":["Automovilismo","Franco Colapinto"],"articleSection":["Deportes"],"inLanguage":"es","potentialAction":[{"@type":"CommentAction","name":"Comment","target":["https:\/\/informelitoral.com.ar\/de-la-ultima-curva-al-volante-de-alpine-la-revancha-de-colapinto-comienza-en-italia\/#respond"]}]},{"@type":"WebPage","@id":"https:\/\/informelitoral.com.ar\/de-la-ultima-curva-al-volante-de-alpine-la-revancha-de-colapinto-comienza-en-italia\/","url":"https:\/\/informelitoral.com.ar\/de-la-ultima-curva-al-volante-de-alpine-la-revancha-de-colapinto-comienza-en-italia\/","name":"De la \u00faltima curva al volante de Alpine: la revancha de Colapinto comienza en Italia - Informe Litoral","isPartOf":{"@id":"https:\/\/informelitoral.com.ar\/#website"},"primaryImageOfPage":{"@id":"https:\/\/informelitoral.com.ar\/de-la-ultima-curva-al-volante-de-alpine-la-revancha-de-colapinto-comienza-en-italia\/#primaryimage"},"image":{"@id":"https:\/\/informelitoral.com.ar\/de-la-ultima-curva-al-volante-de-alpine-la-revancha-de-colapinto-comienza-en-italia\/#primaryimage"},"thumbnailUrl":"https:\/\/media.sitioandino.com.ar\/p\/7d124522312d56151be5ac2cebd36d54\/adjuntos\/335\/imagenes\/000\/767\/0000767018\/790x0\/smart\/franco-colapinto.png","datePublished":"2025-05-14T14:06:17+00:00","dateModified":"2025-05-14T23:14:40+00:00","breadcrumb":{"@id":"https:\/\/informelitoral.com.ar\/de-la-ultima-curva-al-volante-de-alpine-la-revancha-de-colapinto-comienza-en-italia\/#breadcrumb"},"inLanguage":"es","potentialAction":[{"@type":"ReadAction","target":["https:\/\/informelitoral.com.ar\/de-la-ultima-curva-al-volante-de-alpine-la-revancha-de-colapinto-comienza-en-italia\/"]}]},{"@type":"ImageObject","inLanguage":"es","@id":"https:\/\/informelitoral.com.ar\/de-la-ultima-curva-al-volante-de-alpine-la-revancha-de-colapinto-comienza-en-italia\/#primaryimage","url":"https:\/\/media.sitioandino.com.ar\/p\/7d124522312d56151be5ac2cebd36d54\/adjuntos\/335\/imagenes\/000\/767\/0000767018\/790x0\/smart\/franco-colapinto.png","contentUrl":"https:\/\/media.sitioandino.com.ar\/p\/7d124522312d56151be5ac2cebd36d54\/adjuntos\/335\/imagenes\/000\/767\/0000767018\/790x0\/smart\/franco-colapinto.png","width":"790","height":"474"},{"@type":"BreadcrumbList","@id":"https:\/\/informelitoral.com.ar\/de-la-ultima-curva-al-volante-de-alpine-la-revancha-de-colapinto-comienza-en-italia\/#breadcrumb","itemListElement":[{"@type":"ListItem","position":1,"name":"Portada","item":"https:\/\/informelitoral.com.ar\/"},{"@type":"ListItem","position":2,"name":"De la \u00faltima curva al volante de Alpine: la revancha de Colapinto comienza en Italia"}]},{"@type":"WebSite","@id":"https:\/\/informelitoral.com.ar\/#website","url":"https:\/\/informelitoral.com.ar\/","name":"Informe Litoral","description":"&quot;Nos informamos&quot; ","publisher":{"@id":"https:\/\/informelitoral.com.ar\/#organization"},"potentialAction":[{"@type":"SearchAction","target":{"@type":"EntryPoint","urlTemplate":"https:\/\/informelitoral.com.ar\/?s={search_term_string}"},"query-input":{"@type":"PropertyValueSpecification","valueRequired":true,"valueName":"search_term_string"}}],"inLanguage":"es"},{"@type":"Organization","@id":"https:\/\/informelitoral.com.ar\/#organization","name":"Informe Litoral","url":"https:\/\/informelitoral.com.ar\/","logo":{"@type":"ImageObject","inLanguage":"es","@id":"https:\/\/informelitoral.com.ar\/#\/schema\/logo\/image\/","url":"https:\/\/informelitoral.com.ar\/%77%70%2d%63%6f%6e%74%65%6e%74\/uploads\/2021\/01\/circulo.png","contentUrl":"https:\/\/informelitoral.com.ar\/%77%70%2d%63%6f%6e%74%65%6e%74\/uploads\/2021\/01\/circulo.png","width":723,"height":731,"caption":"Informe Litoral"},"image":{"@id":"https:\/\/informelitoral.com.ar\/#\/schema\/logo\/image\/"},"sameAs":["https:\/\/www.facebook.com\/informelitoral\/","https:\/\/x.com\/InformeLitoral","https:\/\/www.instagram.com\/informelitoral\/","https:\/\/www.youtube.com\/channel\/UCua4Qvz8Icb6MYqhoq9xLXw"]},{"@type":"Person","@id":"https:\/\/informelitoral.com.ar\/#\/schema\/person\/f05f9f461677119578717524b127d6d5","name":"Sebastian","image":{"@type":"ImageObject","inLanguage":"es","@id":"https:\/\/secure.gravatar.com\/avatar\/b71bf7481d447dfb9583c7f2798e7cc64de6efb9067b74633ed8c31059a3bd82?s=96&d=mm&r=g","url":"https:\/\/secure.gravatar.com\/avatar\/b71bf7481d447dfb9583c7f2798e7cc64de6efb9067b74633ed8c31059a3bd82?s=96&d=mm&r=g","contentUrl":"https:\/\/secure.gravatar.com\/avatar\/b71bf7481d447dfb9583c7f2798e7cc64de6efb9067b74633ed8c31059a3bd82?s=96&d=mm&r=g","caption":"Sebastian"},"url":"https:\/\/informelitoral.com.ar\/author\/sebastian\/"}]}},"fifu_image_url":"https:\/\/media.sitioandino.com.ar\/p\/7d124522312d56151be5ac2cebd36d54\/adjuntos\/335\/imagenes\/000\/767\/0000767018\/790x0\/smart\/franco-colapinto.png","_links":{"self":[{"href":"https:\/\/informelitoral.com.ar\/%77%70%2d%6a%73%6f%6e\/wp\/v2\/posts\/221661","targetHints":{"allow":["GET"]}}],"collection":[{"href":"https:\/\/informelitoral.com.ar\/%77%70%2d%6a%73%6f%6e\/wp\/v2\/posts"}],"about":[{"href":"https:\/\/informelitoral.com.ar\/%77%70%2d%6a%73%6f%6e\/wp\/v2\/types\/post"}],"author":[{"embeddable":true,"href":"https:\/\/informelitoral.com.ar\/%77%70%2d%6a%73%6f%6e\/wp\/v2\/users\/8"}],"replies":[{"embeddable":true,"href":"https:\/\/informelitoral.com.ar\/%77%70%2d%6a%73%6f%6e\/wp\/v2\/comments?post=221661"}],"version-history":[{"count":0,"href":"https:\/\/informelitoral.com.ar\/%77%70%2d%6a%73%6f%6e\/wp\/v2\/posts\/221661\/revisions"}],"wp:featuredmedia":[{"embeddable":true,"href":"https:\/\/informelitoral.com.ar\/%77%70%2d%6a%73%6f%6e\/wp\/v2\/media\/221662"}],"wp:attachment":[{"href":"https:\/\/informelitoral.com.ar\/%77%70%2d%6a%73%6f%6e\/wp\/v2\/media?parent=221661"}],"wp:term":[{"taxonomy":"category","embeddable":true,"href":"https:\/\/informelitoral.com.ar\/%77%70%2d%6a%73%6f%6e\/wp\/v2\/categories?post=221661"},{"taxonomy":"post_tag","embeddable":true,"href":"https:\/\/informelitoral.com.ar\/%77%70%2d%6a%73%6f%6e\/wp\/v2\/tags?post=221661"}],"curies":[{"name":"wp","href":"https:\/\/api.w.org\/{rel}","templated":true}]}}