{"id":221639,"date":"2025-05-14T10:28:08","date_gmt":"2025-05-14T13:28:08","guid":{"rendered":"https:\/\/informelitoral.com.ar\/?p=221639"},"modified":"2025-05-14T15:54:39","modified_gmt":"2025-05-14T18:54:39","slug":"llegan-los-juegos-culturales-entrerrianos-ulises-ferrero","status":"publish","type":"post","link":"https:\/\/informelitoral.com.ar\/llegan-los-juegos-culturales-entrerrianos-ulises-ferrero\/","title":{"rendered":"Ram\u00edrez: Llegan los \u00abJuegos Culturales Entrerrianos Ulises Ferrero\u00bb"},"content":{"rendered":"<p data-sourcepos=\"3:1-3:255\">Una gran oportunidad para<strong> j\u00f3venes de 12 a 18 a\u00f1os<\/strong> se presenta en la provincia. Se vienen los<strong> Juegos Culturales Entrerrianos Ulises Ferrero<\/strong>, un espacio ideal para que los gurises puedan desplegar todo su talento art\u00edstico.<\/p>\n<p data-sourcepos=\"5:1-5:205\">Los encuentros regionales ser\u00e1n cinco agrupando distintas localidades en <strong>Rosario del Tala, Villa Elisa, Alcar\u00e1z, San Jaime y Cerrito<\/strong>.<strong> La final provincial se realizar\u00e1 en General Ram\u00edrez<\/strong>, en septiembre. Las propuestas ser\u00e1n evaluadas por un jurado que estar\u00e1 compuesto por especialistas en cada \u00e1rea.<\/p>\n<h6 data-sourcepos=\"5:1-5:205\"><em><strong>Del archivo:\u00a0<a href=\"https:\/\/informelitoral.com.ar\/general-ramirez-se-realizara-una-capacitacion-en-adicciones\/\" target=\"_blank\" rel=\"noopener\">General Ram\u00edrez: se realizar\u00e1 una capacitaci\u00f3n en adicciones<\/a><\/strong><\/em><\/h6>\n<p data-sourcepos=\"5:1-5:205\">Las disciplinas en las que podr\u00e1n participar son variadas y abarcan diferentes expresiones culturales: canto, freestyle, pintura, dibujo, fotograf\u00eda, teatro, danza, poes\u00eda, historieta, payada y muchas m\u00e1s.<\/p>\n<p data-sourcepos=\"7:1-7:196\">Los interesados tienen tiempo <strong>hasta el 30 de mayo<\/strong> para inscribirse a trav\u00e9s del siguiente enlace:<strong> <a class=\"ng-star-inserted\" href=\"https:\/\/forms.comunicacionentrerios.com\/f\/114\" target=\"_blank\" rel=\"noopener\">https:\/\/forms.comunicacionentrerios.com\/f\/114<\/a><\/strong><\/p>\n<p data-sourcepos=\"9:1-9:180\">Para consultas, pueden acercarse a la Oficina de Pol\u00edticas Culturales, ubicada en Belgrano 431, o comunicarse al tel\u00e9fono <strong>3434162191<\/strong>. (<em>Informe Litoral<\/em>)<\/p>\n","protected":false},"excerpt":{"rendered":"<p>Los interesados tienen tiempo para inscribirse hasta el 30 de mayo. Para consultas, pueden acercarse a la Oficina de Pol\u00edticas Culturales, ubicada en Belgrano 431.<\/p>\n","protected":false},"author":8,"featured_media":221642,"comment_status":"open","ping_status":"open","sticky":false,"template":"","format":"standard","meta":{"fifu_image_url":"","fifu_image_alt":"","footnotes":""},"categories":[6,4586],"tags":[81,556,5752],"class_list":{"0":"post-221639","1":"post","2":"type-post","3":"status-publish","4":"format-standard","5":"has-post-thumbnail","7":"category-entre-rios","8":"category-general-ramirez","9":"tag-entre-rios","10":"tag-general-ramirez","11":"tag-juegos-culturales-entrerrianos-ulises-ferrero"},"yoast_head":"<title>Ram\u00edrez: Llegan los &quot;Juegos Culturales Entrerrianos Ulises Ferrero&quot; - Informe Litoral<\/title>\n<meta name=\"robots\" content=\"index, follow, max-snippet:-1, max-image-preview:large, max-video-preview:-1\" \/>\n<link rel=\"canonical\" href=\"https:\/\/informelitoral.com.ar\/llegan-los-juegos-culturales-entrerrianos-ulises-ferrero\/\" \/>\n<meta property=\"og:locale\" content=\"es_ES\" \/>\n<meta property=\"og:type\" content=\"article\" \/>\n<meta property=\"og:title\" content=\"Ram\u00edrez: Llegan los &quot;Juegos Culturales Entrerrianos Ulises Ferrero&quot; - Informe Litoral\" \/>\n<meta property=\"og:description\" content=\"Los interesados tienen tiempo para inscribirse hasta el 30 de mayo. Para consultas, pueden acercarse a la Oficina de Pol\u00edticas Culturales, ubicada en Belgrano 431.\" \/>\n<meta property=\"og:url\" content=\"https:\/\/informelitoral.com.ar\/llegan-los-juegos-culturales-entrerrianos-ulises-ferrero\/\" \/>\n<meta property=\"og:site_name\" content=\"Informe Litoral\" \/>\n<meta property=\"article:publisher\" content=\"https:\/\/www.facebook.com\/informelitoral\/\" \/>\n<meta property=\"article:published_time\" content=\"2025-05-14T13:28:08+00:00\" \/>\n<meta property=\"article:modified_time\" content=\"2025-05-14T18:54:39+00:00\" \/>\n<meta property=\"og:image\" content=\"https:\/\/informelitoral.com.ar\/%77%70%2d%63%6f%6e%74%65%6e%74\/uploads\/2025\/05\/Juegos-Culturales-980x653-1.jpg\" \/>\n\t<meta property=\"og:image:width\" content=\"980\" \/>\n\t<meta property=\"og:image:height\" content=\"653\" \/>\n\t<meta property=\"og:image:type\" content=\"image\/jpeg\" \/>\n<meta name=\"author\" content=\"Sebastian\" \/>\n<meta name=\"twitter:card\" content=\"summary_large_image\" \/>\n<meta name=\"twitter:creator\" content=\"@InformeLitoral\" \/>\n<meta name=\"twitter:site\" content=\"@InformeLitoral\" \/>\n<meta name=\"twitter:label1\" content=\"Escrito por\" \/>\n\t<meta name=\"twitter:data1\" content=\"Sebastian\" \/>\n\t<meta name=\"twitter:label2\" content=\"Tiempo de lectura\" \/>\n\t<meta name=\"twitter:data2\" content=\"1 minuto\" \/>\n<script type=\"application\/ld+json\" class=\"yoast-schema-graph\">{\"@context\":\"https:\\\/\\\/schema.org\",\"@graph\":[{\"@type\":\"Article\",\"@id\":\"https:\\\/\\\/informelitoral.com.ar\\\/llegan-los-juegos-culturales-entrerrianos-ulises-ferrero\\\/#article\",\"isPartOf\":{\"@id\":\"https:\\\/\\\/informelitoral.com.ar\\\/llegan-los-juegos-culturales-entrerrianos-ulises-ferrero\\\/\"},\"author\":{\"name\":\"Sebastian\",\"@id\":\"https:\\\/\\\/informelitoral.com.ar\\\/#\\\/schema\\\/person\\\/f05f9f461677119578717524b127d6d5\"},\"headline\":\"Ram\u00edrez: Llegan los \u00abJuegos Culturales Entrerrianos Ulises Ferrero\u00bb\",\"datePublished\":\"2025-05-14T13:28:08+00:00\",\"dateModified\":\"2025-05-14T18:54:39+00:00\",\"mainEntityOfPage\":{\"@id\":\"https:\\\/\\\/informelitoral.com.ar\\\/llegan-los-juegos-culturales-entrerrianos-ulises-ferrero\\\/\"},\"wordCount\":179,\"commentCount\":0,\"publisher\":{\"@id\":\"https:\\\/\\\/informelitoral.com.ar\\\/#organization\"},\"image\":{\"@id\":\"https:\\\/\\\/informelitoral.com.ar\\\/llegan-los-juegos-culturales-entrerrianos-ulises-ferrero\\\/#primaryimage\"},\"thumbnailUrl\":\"https:\\\/\\\/informelitoral.com.ar\\\/%77%70%2d%63%6f%6e%74%65%6e%74\\\/uploads\\\/2025\\\/05\\\/Juegos-Culturales-980x653-1.jpg\",\"keywords\":[\"Entre R\u00edos\",\"General Ram\u00edrez\",\"Juegos Culturales Entrerrianos Ulises Ferrero\"],\"articleSection\":[\"Entre R\u00edos\",\"General Ram\u00edrez\"],\"inLanguage\":\"es\",\"potentialAction\":[{\"@type\":\"CommentAction\",\"name\":\"Comment\",\"target\":[\"https:\\\/\\\/informelitoral.com.ar\\\/llegan-los-juegos-culturales-entrerrianos-ulises-ferrero\\\/#respond\"]}]},{\"@type\":\"WebPage\",\"@id\":\"https:\\\/\\\/informelitoral.com.ar\\\/llegan-los-juegos-culturales-entrerrianos-ulises-ferrero\\\/\",\"url\":\"https:\\\/\\\/informelitoral.com.ar\\\/llegan-los-juegos-culturales-entrerrianos-ulises-ferrero\\\/\",\"name\":\"Ram\u00edrez: Llegan los \\\"Juegos Culturales Entrerrianos Ulises Ferrero\\\" - Informe Litoral\",\"isPartOf\":{\"@id\":\"https:\\\/\\\/informelitoral.com.ar\\\/#website\"},\"primaryImageOfPage\":{\"@id\":\"https:\\\/\\\/informelitoral.com.ar\\\/llegan-los-juegos-culturales-entrerrianos-ulises-ferrero\\\/#primaryimage\"},\"image\":{\"@id\":\"https:\\\/\\\/informelitoral.com.ar\\\/llegan-los-juegos-culturales-entrerrianos-ulises-ferrero\\\/#primaryimage\"},\"thumbnailUrl\":\"https:\\\/\\\/informelitoral.com.ar\\\/%77%70%2d%63%6f%6e%74%65%6e%74\\\/uploads\\\/2025\\\/05\\\/Juegos-Culturales-980x653-1.jpg\",\"datePublished\":\"2025-05-14T13:28:08+00:00\",\"dateModified\":\"2025-05-14T18:54:39+00:00\",\"breadcrumb\":{\"@id\":\"https:\\\/\\\/informelitoral.com.ar\\\/llegan-los-juegos-culturales-entrerrianos-ulises-ferrero\\\/#breadcrumb\"},\"inLanguage\":\"es\",\"potentialAction\":[{\"@type\":\"ReadAction\",\"target\":[\"https:\\\/\\\/informelitoral.com.ar\\\/llegan-los-juegos-culturales-entrerrianos-ulises-ferrero\\\/\"]}]},{\"@type\":\"ImageObject\",\"inLanguage\":\"es\",\"@id\":\"https:\\\/\\\/informelitoral.com.ar\\\/llegan-los-juegos-culturales-entrerrianos-ulises-ferrero\\\/#primaryimage\",\"url\":\"https:\\\/\\\/informelitoral.com.ar\\\/%77%70%2d%63%6f%6e%74%65%6e%74\\\/uploads\\\/2025\\\/05\\\/Juegos-Culturales-980x653-1.jpg\",\"contentUrl\":\"https:\\\/\\\/informelitoral.com.ar\\\/%77%70%2d%63%6f%6e%74%65%6e%74\\\/uploads\\\/2025\\\/05\\\/Juegos-Culturales-980x653-1.jpg\",\"width\":980,\"height\":653},{\"@type\":\"BreadcrumbList\",\"@id\":\"https:\\\/\\\/informelitoral.com.ar\\\/llegan-los-juegos-culturales-entrerrianos-ulises-ferrero\\\/#breadcrumb\",\"itemListElement\":[{\"@type\":\"ListItem\",\"position\":1,\"name\":\"Portada\",\"item\":\"https:\\\/\\\/informelitoral.com.ar\\\/\"},{\"@type\":\"ListItem\",\"position\":2,\"name\":\"Ram\u00edrez: Llegan los \u00abJuegos Culturales Entrerrianos Ulises Ferrero\u00bb\"}]},{\"@type\":\"WebSite\",\"@id\":\"https:\\\/\\\/informelitoral.com.ar\\\/#website\",\"url\":\"https:\\\/\\\/informelitoral.com.ar\\\/\",\"name\":\"Informe Litoral\",\"description\":\"&quot;Nos informamos&quot; \",\"publisher\":{\"@id\":\"https:\\\/\\\/informelitoral.com.ar\\\/#organization\"},\"potentialAction\":[{\"@type\":\"SearchAction\",\"target\":{\"@type\":\"EntryPoint\",\"urlTemplate\":\"https:\\\/\\\/informelitoral.com.ar\\\/?s={search_term_string}\"},\"query-input\":{\"@type\":\"PropertyValueSpecification\",\"valueRequired\":true,\"valueName\":\"search_term_string\"}}],\"inLanguage\":\"es\"},{\"@type\":\"Organization\",\"@id\":\"https:\\\/\\\/informelitoral.com.ar\\\/#organization\",\"name\":\"Informe Litoral\",\"url\":\"https:\\\/\\\/informelitoral.com.ar\\\/\",\"logo\":{\"@type\":\"ImageObject\",\"inLanguage\":\"es\",\"@id\":\"https:\\\/\\\/informelitoral.com.ar\\\/#\\\/schema\\\/logo\\\/image\\\/\",\"url\":\"https:\\\/\\\/informelitoral.com.ar\\\/%77%70%2d%63%6f%6e%74%65%6e%74\\\/uploads\\\/2021\\\/01\\\/circulo.png\",\"contentUrl\":\"https:\\\/\\\/informelitoral.com.ar\\\/%77%70%2d%63%6f%6e%74%65%6e%74\\\/uploads\\\/2021\\\/01\\\/circulo.png\",\"width\":723,\"height\":731,\"caption\":\"Informe Litoral\"},\"image\":{\"@id\":\"https:\\\/\\\/informelitoral.com.ar\\\/#\\\/schema\\\/logo\\\/image\\\/\"},\"sameAs\":[\"https:\\\/\\\/www.facebook.com\\\/informelitoral\\\/\",\"https:\\\/\\\/x.com\\\/InformeLitoral\",\"https:\\\/\\\/www.instagram.com\\\/informelitoral\\\/\",\"https:\\\/\\\/www.youtube.com\\\/channel\\\/UCua4Qvz8Icb6MYqhoq9xLXw\"]},{\"@type\":\"Person\",\"@id\":\"https:\\\/\\\/informelitoral.com.ar\\\/#\\\/schema\\\/person\\\/f05f9f461677119578717524b127d6d5\",\"name\":\"Sebastian\",\"image\":{\"@type\":\"ImageObject\",\"inLanguage\":\"es\",\"@id\":\"https:\\\/\\\/secure.gravatar.com\\\/avatar\\\/b71bf7481d447dfb9583c7f2798e7cc64de6efb9067b74633ed8c31059a3bd82?s=96&d=mm&r=g\",\"url\":\"https:\\\/\\\/secure.gravatar.com\\\/avatar\\\/b71bf7481d447dfb9583c7f2798e7cc64de6efb9067b74633ed8c31059a3bd82?s=96&d=mm&r=g\",\"contentUrl\":\"https:\\\/\\\/secure.gravatar.com\\\/avatar\\\/b71bf7481d447dfb9583c7f2798e7cc64de6efb9067b74633ed8c31059a3bd82?s=96&d=mm&r=g\",\"caption\":\"Sebastian\"},\"url\":\"https:\\\/\\\/informelitoral.com.ar\\\/author\\\/sebastian\\\/\"}]}<\/script>","yoast_head_json":{"title":"Ram\u00edrez: Llegan los \"Juegos Culturales Entrerrianos Ulises Ferrero\" - Informe Litoral","robots":{"index":"index","follow":"follow","max-snippet":"max-snippet:-1","max-image-preview":"max-image-preview:large","max-video-preview":"max-video-preview:-1"},"canonical":"https:\/\/informelitoral.com.ar\/llegan-los-juegos-culturales-entrerrianos-ulises-ferrero\/","og_locale":"es_ES","og_type":"article","og_title":"Ram\u00edrez: Llegan los \"Juegos Culturales Entrerrianos Ulises Ferrero\" - Informe Litoral","og_description":"Los interesados tienen tiempo para inscribirse hasta el 30 de mayo. Para consultas, pueden acercarse a la Oficina de Pol\u00edticas Culturales, ubicada en Belgrano 431.","og_url":"https:\/\/informelitoral.com.ar\/llegan-los-juegos-culturales-entrerrianos-ulises-ferrero\/","og_site_name":"Informe Litoral","article_publisher":"https:\/\/www.facebook.com\/informelitoral\/","article_published_time":"2025-05-14T13:28:08+00:00","article_modified_time":"2025-05-14T18:54:39+00:00","og_image":[{"width":980,"height":653,"url":"https:\/\/informelitoral.com.ar\/%77%70%2d%63%6f%6e%74%65%6e%74\/uploads\/2025\/05\/Juegos-Culturales-980x653-1.jpg","type":"image\/jpeg"}],"author":"Sebastian","twitter_card":"summary_large_image","twitter_creator":"@InformeLitoral","twitter_site":"@InformeLitoral","twitter_misc":{"Escrito por":"Sebastian","Tiempo de lectura":"1 minuto"},"schema":{"@context":"https:\/\/schema.org","@graph":[{"@type":"Article","@id":"https:\/\/informelitoral.com.ar\/llegan-los-juegos-culturales-entrerrianos-ulises-ferrero\/#article","isPartOf":{"@id":"https:\/\/informelitoral.com.ar\/llegan-los-juegos-culturales-entrerrianos-ulises-ferrero\/"},"author":{"name":"Sebastian","@id":"https:\/\/informelitoral.com.ar\/#\/schema\/person\/f05f9f461677119578717524b127d6d5"},"headline":"Ram\u00edrez: Llegan los \u00abJuegos Culturales Entrerrianos Ulises Ferrero\u00bb","datePublished":"2025-05-14T13:28:08+00:00","dateModified":"2025-05-14T18:54:39+00:00","mainEntityOfPage":{"@id":"https:\/\/informelitoral.com.ar\/llegan-los-juegos-culturales-entrerrianos-ulises-ferrero\/"},"wordCount":179,"commentCount":0,"publisher":{"@id":"https:\/\/informelitoral.com.ar\/#organization"},"image":{"@id":"https:\/\/informelitoral.com.ar\/llegan-los-juegos-culturales-entrerrianos-ulises-ferrero\/#primaryimage"},"thumbnailUrl":"https:\/\/informelitoral.com.ar\/%77%70%2d%63%6f%6e%74%65%6e%74\/uploads\/2025\/05\/Juegos-Culturales-980x653-1.jpg","keywords":["Entre R\u00edos","General Ram\u00edrez","Juegos Culturales Entrerrianos Ulises Ferrero"],"articleSection":["Entre R\u00edos","General Ram\u00edrez"],"inLanguage":"es","potentialAction":[{"@type":"CommentAction","name":"Comment","target":["https:\/\/informelitoral.com.ar\/llegan-los-juegos-culturales-entrerrianos-ulises-ferrero\/#respond"]}]},{"@type":"WebPage","@id":"https:\/\/informelitoral.com.ar\/llegan-los-juegos-culturales-entrerrianos-ulises-ferrero\/","url":"https:\/\/informelitoral.com.ar\/llegan-los-juegos-culturales-entrerrianos-ulises-ferrero\/","name":"Ram\u00edrez: Llegan los \"Juegos Culturales Entrerrianos Ulises Ferrero\" - Informe Litoral","isPartOf":{"@id":"https:\/\/informelitoral.com.ar\/#website"},"primaryImageOfPage":{"@id":"https:\/\/informelitoral.com.ar\/llegan-los-juegos-culturales-entrerrianos-ulises-ferrero\/#primaryimage"},"image":{"@id":"https:\/\/informelitoral.com.ar\/llegan-los-juegos-culturales-entrerrianos-ulises-ferrero\/#primaryimage"},"thumbnailUrl":"https:\/\/informelitoral.com.ar\/%77%70%2d%63%6f%6e%74%65%6e%74\/uploads\/2025\/05\/Juegos-Culturales-980x653-1.jpg","datePublished":"2025-05-14T13:28:08+00:00","dateModified":"2025-05-14T18:54:39+00:00","breadcrumb":{"@id":"https:\/\/informelitoral.com.ar\/llegan-los-juegos-culturales-entrerrianos-ulises-ferrero\/#breadcrumb"},"inLanguage":"es","potentialAction":[{"@type":"ReadAction","target":["https:\/\/informelitoral.com.ar\/llegan-los-juegos-culturales-entrerrianos-ulises-ferrero\/"]}]},{"@type":"ImageObject","inLanguage":"es","@id":"https:\/\/informelitoral.com.ar\/llegan-los-juegos-culturales-entrerrianos-ulises-ferrero\/#primaryimage","url":"https:\/\/informelitoral.com.ar\/%77%70%2d%63%6f%6e%74%65%6e%74\/uploads\/2025\/05\/Juegos-Culturales-980x653-1.jpg","contentUrl":"https:\/\/informelitoral.com.ar\/%77%70%2d%63%6f%6e%74%65%6e%74\/uploads\/2025\/05\/Juegos-Culturales-980x653-1.jpg","width":980,"height":653},{"@type":"BreadcrumbList","@id":"https:\/\/informelitoral.com.ar\/llegan-los-juegos-culturales-entrerrianos-ulises-ferrero\/#breadcrumb","itemListElement":[{"@type":"ListItem","position":1,"name":"Portada","item":"https:\/\/informelitoral.com.ar\/"},{"@type":"ListItem","position":2,"name":"Ram\u00edrez: Llegan los \u00abJuegos Culturales Entrerrianos Ulises Ferrero\u00bb"}]},{"@type":"WebSite","@id":"https:\/\/informelitoral.com.ar\/#website","url":"https:\/\/informelitoral.com.ar\/","name":"Informe Litoral","description":"&quot;Nos informamos&quot; ","publisher":{"@id":"https:\/\/informelitoral.com.ar\/#organization"},"potentialAction":[{"@type":"SearchAction","target":{"@type":"EntryPoint","urlTemplate":"https:\/\/informelitoral.com.ar\/?s={search_term_string}"},"query-input":{"@type":"PropertyValueSpecification","valueRequired":true,"valueName":"search_term_string"}}],"inLanguage":"es"},{"@type":"Organization","@id":"https:\/\/informelitoral.com.ar\/#organization","name":"Informe Litoral","url":"https:\/\/informelitoral.com.ar\/","logo":{"@type":"ImageObject","inLanguage":"es","@id":"https:\/\/informelitoral.com.ar\/#\/schema\/logo\/image\/","url":"https:\/\/informelitoral.com.ar\/%77%70%2d%63%6f%6e%74%65%6e%74\/uploads\/2021\/01\/circulo.png","contentUrl":"https:\/\/informelitoral.com.ar\/%77%70%2d%63%6f%6e%74%65%6e%74\/uploads\/2021\/01\/circulo.png","width":723,"height":731,"caption":"Informe Litoral"},"image":{"@id":"https:\/\/informelitoral.com.ar\/#\/schema\/logo\/image\/"},"sameAs":["https:\/\/www.facebook.com\/informelitoral\/","https:\/\/x.com\/InformeLitoral","https:\/\/www.instagram.com\/informelitoral\/","https:\/\/www.youtube.com\/channel\/UCua4Qvz8Icb6MYqhoq9xLXw"]},{"@type":"Person","@id":"https:\/\/informelitoral.com.ar\/#\/schema\/person\/f05f9f461677119578717524b127d6d5","name":"Sebastian","image":{"@type":"ImageObject","inLanguage":"es","@id":"https:\/\/secure.gravatar.com\/avatar\/b71bf7481d447dfb9583c7f2798e7cc64de6efb9067b74633ed8c31059a3bd82?s=96&d=mm&r=g","url":"https:\/\/secure.gravatar.com\/avatar\/b71bf7481d447dfb9583c7f2798e7cc64de6efb9067b74633ed8c31059a3bd82?s=96&d=mm&r=g","contentUrl":"https:\/\/secure.gravatar.com\/avatar\/b71bf7481d447dfb9583c7f2798e7cc64de6efb9067b74633ed8c31059a3bd82?s=96&d=mm&r=g","caption":"Sebastian"},"url":"https:\/\/informelitoral.com.ar\/author\/sebastian\/"}]}},"_links":{"self":[{"href":"https:\/\/informelitoral.com.ar\/%77%70%2d%6a%73%6f%6e\/wp\/v2\/posts\/221639","targetHints":{"allow":["GET"]}}],"collection":[{"href":"https:\/\/informelitoral.com.ar\/%77%70%2d%6a%73%6f%6e\/wp\/v2\/posts"}],"about":[{"href":"https:\/\/informelitoral.com.ar\/%77%70%2d%6a%73%6f%6e\/wp\/v2\/types\/post"}],"author":[{"embeddable":true,"href":"https:\/\/informelitoral.com.ar\/%77%70%2d%6a%73%6f%6e\/wp\/v2\/users\/8"}],"replies":[{"embeddable":true,"href":"https:\/\/informelitoral.com.ar\/%77%70%2d%6a%73%6f%6e\/wp\/v2\/comments?post=221639"}],"version-history":[{"count":0,"href":"https:\/\/informelitoral.com.ar\/%77%70%2d%6a%73%6f%6e\/wp\/v2\/posts\/221639\/revisions"}],"wp:featuredmedia":[{"embeddable":true,"href":"https:\/\/informelitoral.com.ar\/%77%70%2d%6a%73%6f%6e\/wp\/v2\/media\/221642"}],"wp:attachment":[{"href":"https:\/\/informelitoral.com.ar\/%77%70%2d%6a%73%6f%6e\/wp\/v2\/media?parent=221639"}],"wp:term":[{"taxonomy":"category","embeddable":true,"href":"https:\/\/informelitoral.com.ar\/%77%70%2d%6a%73%6f%6e\/wp\/v2\/categories?post=221639"},{"taxonomy":"post_tag","embeddable":true,"href":"https:\/\/informelitoral.com.ar\/%77%70%2d%6a%73%6f%6e\/wp\/v2\/tags?post=221639"}],"curies":[{"name":"wp","href":"https:\/\/api.w.org\/{rel}","templated":true}]}}