{"id":221571,"date":"2025-05-14T09:19:21","date_gmt":"2025-05-14T12:19:21","guid":{"rendered":"https:\/\/informelitoral.com.ar\/?p=221571"},"modified":"2025-05-14T09:19:21","modified_gmt":"2025-05-14T12:19:21","slug":"indec-dara-a-conocer-hoy-la-inflacion-de-abril","status":"publish","type":"post","link":"https:\/\/informelitoral.com.ar\/indec-dara-a-conocer-hoy-la-inflacion-de-abril\/","title":{"rendered":"INDEC dar\u00e1 a conocer hoy la inflaci\u00f3n de abril"},"content":{"rendered":"<p>El Instituto Nacional de Estad\u00edstica y Censos (INDEC) dar\u00e1 a conocer hoy, a las 16 horas, el \u00cdndice de Precios al Consumidor (IPC) de abril. El dato oficial es esperado con expectativa por el mercado, ya que podr\u00eda confirmar una desaceleraci\u00f3n frente al 3,7% registrado en marzo. La se\u00f1al m\u00e1s clara en ese sentido la dio la inflaci\u00f3n de la Ciudad de Buenos Aires, que se ubic\u00f3 en el 2,3% durante el cuarto mes del a\u00f1o.<\/p>\n<p>Uno de los factores que condicionar\u00e1n la cifra de abril es el debut del nuevo esquema cambiario de flotaci\u00f3n administrada entre bandas, anunciado por el Gobierno a mediados de mes, junto con la flexibilizaci\u00f3n del cepo para personas humanas.<\/p>\n<p>Seg\u00fan el Relevamiento de Expectativas de Mercado (REM), los analistas estiman que la inflaci\u00f3n de abril rondar\u00e1 el 3,2%. Para el acumulado de 2025, en tanto, la proyecci\u00f3n se ubica en torno al 31,8%. La clave de la desaceleraci\u00f3n estar\u00eda en el comportamiento de los alimentos y en la baja incidencia de rubros estacionales como Educaci\u00f3n y Prendas de vestir.<\/p>\n<h2><strong>Impacto moderado del nuevo esquema cambiario y comportamiento de los alimentos<\/strong><\/h2>\n<p>El nuevo r\u00e9gimen de bandas cambiarias, con un piso de $1.000 y un techo de $1.400 para el d\u00f3lar mayorista, no habr\u00eda generado un impacto significativo en la mayor\u00eda de los precios. As\u00ed lo afirman desde EcoGo, donde proyectaron una inflaci\u00f3n del 3% para abril. \u201cEn general no vimos grandes saltos en los precios\u201d, aseguraron, y detallaron que el efecto se concentr\u00f3 en sectores puntuales como \u201ccomputaci\u00f3n\u201d y \u201celectr\u00f3nica\u201d.<\/p>\n<p>Desde PxQ estimaron que el aumento de precios se ubicar\u00e1 en torno al 3,1%. Destacaron la desaceleraci\u00f3n en el rubro alimentos y bebidas, as\u00ed como la baja en Educaci\u00f3n y vestimenta. \u201cLas principales alzas del mes se dieron en Bebidas alcoh\u00f3licas y tabaco (+4,6%), Restaurantes y hoteles (+3,9%) y Recreaci\u00f3n y cultura (+3,7%)\u201d, resaltaron.<\/p>\n<p>Analytica, por su parte, prev\u00e9 un nivel general de inflaci\u00f3n del 3,4%. Seg\u00fan su medici\u00f3n, los alimentos y bebidas crecieron 2,5% en abril, mientras que dentro de ese grupo, las verduras se incrementaron un 4,4% y las carnes, un 3%. Las subas, aunque presentes, mostraron menor intensidad que en marzo, lo que contribuir\u00eda a la desaceleraci\u00f3n general.<\/p>\n<h2><strong>Consultoras anticipan una inflaci\u00f3n menor al 3% en algunos casos<\/strong><\/h2>\n<p>Desde C&amp;T, otra de las firmas que realizan seguimiento semanal de precios, proyectaron un alza del 2,7%, un punto por debajo del mes anterior. \u201cEl impacto de los cambios econ\u00f3micos fue en algunos productos en la primer y segunda semana y hubo reversi\u00f3n en la tercera. De hecho, estimamos que hubo una sobre reacci\u00f3n y que algunos precios pueden ajustar a la baja pr\u00f3ximamente\u00bb, explic\u00f3 Mar\u00eda Castiglioni, economista de la consultora.<\/p>\n<p>Cabe recordar que en marzo, el \u00edndice inflacionario hab\u00eda mostrado una aceleraci\u00f3n inesperada, alcanzando el 3,7%. Sin embargo, \u201cesta desaceleraci\u00f3n se explica por el menor aumento de los alimentos en las \u00faltimas dos semanas de abril, aunque el promedio mensual de este segmento -seg\u00fan LCG- est\u00e1 por encima de los incrementos de marzo. As\u00ed y todo, la variaci\u00f3n de precios estar\u00eda por debajo del nivel general del tercer mes del a\u00f1o\u201d.<\/p>\n<p>El dato oficial del INDEC ser\u00e1 clave no solo para confirmar la desaceleraci\u00f3n de abril, sino tambi\u00e9n para consolidar las expectativas de una inflaci\u00f3n m\u00e1s contenida en los pr\u00f3ximos meses.<\/p>\n","protected":false},"excerpt":{"rendered":"<p>La variaci\u00f3n que revelar\u00e1 a las 16 horas el ente de estad\u00edsticas estar\u00e1 condicionada por el debut del nuevo esquema cambiario a mitad de abril y la flexibilizaci\u00f3n del cepo para personas humanas.<\/p>\n","protected":false},"author":8,"featured_media":87531,"comment_status":"open","ping_status":"open","sticky":false,"template":"","format":"standard","meta":{"fifu_image_url":"","fifu_image_alt":"","footnotes":""},"categories":[1594],"tags":[78,95],"class_list":{"0":"post-221571","1":"post","2":"type-post","3":"status-publish","4":"format-standard","5":"has-post-thumbnail","7":"category-economia","8":"tag-indec","9":"tag-inflacion"},"yoast_head":"<title>INDEC dar\u00e1 a conocer hoy la inflaci\u00f3n de abril - Informe Litoral<\/title>\n<meta name=\"robots\" content=\"index, follow, max-snippet:-1, max-image-preview:large, max-video-preview:-1\" \/>\n<link rel=\"canonical\" href=\"https:\/\/informelitoral.com.ar\/indec-dara-a-conocer-hoy-la-inflacion-de-abril\/\" \/>\n<meta property=\"og:locale\" content=\"es_ES\" \/>\n<meta property=\"og:type\" content=\"article\" \/>\n<meta property=\"og:title\" content=\"INDEC dar\u00e1 a conocer hoy la inflaci\u00f3n de abril - Informe Litoral\" \/>\n<meta property=\"og:description\" content=\"La variaci\u00f3n que revelar\u00e1 a las 16 horas el ente de estad\u00edsticas estar\u00e1 condicionada por el debut del nuevo esquema cambiario a mitad de abril y la flexibilizaci\u00f3n del cepo para personas humanas.\" \/>\n<meta property=\"og:url\" content=\"https:\/\/informelitoral.com.ar\/indec-dara-a-conocer-hoy-la-inflacion-de-abril\/\" \/>\n<meta property=\"og:site_name\" content=\"Informe Litoral\" \/>\n<meta property=\"article:publisher\" content=\"https:\/\/www.facebook.com\/informelitoral\/\" \/>\n<meta property=\"article:published_time\" content=\"2025-05-14T12:19:21+00:00\" \/>\n<meta property=\"og:image\" content=\"https:\/\/informelitoral.com.ar\/%77%70%2d%63%6f%6e%74%65%6e%74\/uploads\/2022\/09\/indec-696x464-1.jpeg\" \/>\n\t<meta property=\"og:image:width\" content=\"696\" \/>\n\t<meta property=\"og:image:height\" content=\"464\" \/>\n\t<meta property=\"og:image:type\" content=\"image\/jpeg\" \/>\n<meta name=\"author\" content=\"Sebastian\" \/>\n<meta name=\"twitter:card\" content=\"summary_large_image\" \/>\n<meta name=\"twitter:creator\" content=\"@InformeLitoral\" \/>\n<meta name=\"twitter:site\" content=\"@InformeLitoral\" \/>\n<meta name=\"twitter:label1\" content=\"Escrito por\" \/>\n\t<meta name=\"twitter:data1\" content=\"Sebastian\" \/>\n\t<meta name=\"twitter:label2\" content=\"Tiempo de lectura\" \/>\n\t<meta name=\"twitter:data2\" content=\"3 minutos\" \/>\n<script type=\"application\/ld+json\" class=\"yoast-schema-graph\">{\"@context\":\"https:\\\/\\\/schema.org\",\"@graph\":[{\"@type\":\"Article\",\"@id\":\"https:\\\/\\\/informelitoral.com.ar\\\/indec-dara-a-conocer-hoy-la-inflacion-de-abril\\\/#article\",\"isPartOf\":{\"@id\":\"https:\\\/\\\/informelitoral.com.ar\\\/indec-dara-a-conocer-hoy-la-inflacion-de-abril\\\/\"},\"author\":{\"name\":\"Sebastian\",\"@id\":\"https:\\\/\\\/informelitoral.com.ar\\\/#\\\/schema\\\/person\\\/f05f9f461677119578717524b127d6d5\"},\"headline\":\"INDEC dar\u00e1 a conocer hoy la inflaci\u00f3n de abril\",\"datePublished\":\"2025-05-14T12:19:21+00:00\",\"mainEntityOfPage\":{\"@id\":\"https:\\\/\\\/informelitoral.com.ar\\\/indec-dara-a-conocer-hoy-la-inflacion-de-abril\\\/\"},\"wordCount\":590,\"commentCount\":0,\"publisher\":{\"@id\":\"https:\\\/\\\/informelitoral.com.ar\\\/#organization\"},\"image\":{\"@id\":\"https:\\\/\\\/informelitoral.com.ar\\\/indec-dara-a-conocer-hoy-la-inflacion-de-abril\\\/#primaryimage\"},\"thumbnailUrl\":\"https:\\\/\\\/informelitoral.com.ar\\\/%77%70%2d%63%6f%6e%74%65%6e%74\\\/uploads\\\/2022\\\/09\\\/indec-696x464-1.jpeg\",\"keywords\":[\"Indec\",\"Inflaci\u00f3n\"],\"articleSection\":[\"Econom\u00eda\"],\"inLanguage\":\"es\",\"potentialAction\":[{\"@type\":\"CommentAction\",\"name\":\"Comment\",\"target\":[\"https:\\\/\\\/informelitoral.com.ar\\\/indec-dara-a-conocer-hoy-la-inflacion-de-abril\\\/#respond\"]}]},{\"@type\":\"WebPage\",\"@id\":\"https:\\\/\\\/informelitoral.com.ar\\\/indec-dara-a-conocer-hoy-la-inflacion-de-abril\\\/\",\"url\":\"https:\\\/\\\/informelitoral.com.ar\\\/indec-dara-a-conocer-hoy-la-inflacion-de-abril\\\/\",\"name\":\"INDEC dar\u00e1 a conocer hoy la inflaci\u00f3n de abril - Informe Litoral\",\"isPartOf\":{\"@id\":\"https:\\\/\\\/informelitoral.com.ar\\\/#website\"},\"primaryImageOfPage\":{\"@id\":\"https:\\\/\\\/informelitoral.com.ar\\\/indec-dara-a-conocer-hoy-la-inflacion-de-abril\\\/#primaryimage\"},\"image\":{\"@id\":\"https:\\\/\\\/informelitoral.com.ar\\\/indec-dara-a-conocer-hoy-la-inflacion-de-abril\\\/#primaryimage\"},\"thumbnailUrl\":\"https:\\\/\\\/informelitoral.com.ar\\\/%77%70%2d%63%6f%6e%74%65%6e%74\\\/uploads\\\/2022\\\/09\\\/indec-696x464-1.jpeg\",\"datePublished\":\"2025-05-14T12:19:21+00:00\",\"breadcrumb\":{\"@id\":\"https:\\\/\\\/informelitoral.com.ar\\\/indec-dara-a-conocer-hoy-la-inflacion-de-abril\\\/#breadcrumb\"},\"inLanguage\":\"es\",\"potentialAction\":[{\"@type\":\"ReadAction\",\"target\":[\"https:\\\/\\\/informelitoral.com.ar\\\/indec-dara-a-conocer-hoy-la-inflacion-de-abril\\\/\"]}]},{\"@type\":\"ImageObject\",\"inLanguage\":\"es\",\"@id\":\"https:\\\/\\\/informelitoral.com.ar\\\/indec-dara-a-conocer-hoy-la-inflacion-de-abril\\\/#primaryimage\",\"url\":\"https:\\\/\\\/informelitoral.com.ar\\\/%77%70%2d%63%6f%6e%74%65%6e%74\\\/uploads\\\/2022\\\/09\\\/indec-696x464-1.jpeg\",\"contentUrl\":\"https:\\\/\\\/informelitoral.com.ar\\\/%77%70%2d%63%6f%6e%74%65%6e%74\\\/uploads\\\/2022\\\/09\\\/indec-696x464-1.jpeg\",\"width\":696,\"height\":464},{\"@type\":\"BreadcrumbList\",\"@id\":\"https:\\\/\\\/informelitoral.com.ar\\\/indec-dara-a-conocer-hoy-la-inflacion-de-abril\\\/#breadcrumb\",\"itemListElement\":[{\"@type\":\"ListItem\",\"position\":1,\"name\":\"Portada\",\"item\":\"https:\\\/\\\/informelitoral.com.ar\\\/\"},{\"@type\":\"ListItem\",\"position\":2,\"name\":\"INDEC dar\u00e1 a conocer hoy la inflaci\u00f3n de abril\"}]},{\"@type\":\"WebSite\",\"@id\":\"https:\\\/\\\/informelitoral.com.ar\\\/#website\",\"url\":\"https:\\\/\\\/informelitoral.com.ar\\\/\",\"name\":\"Informe Litoral\",\"description\":\"&quot;Nos informamos&quot; \",\"publisher\":{\"@id\":\"https:\\\/\\\/informelitoral.com.ar\\\/#organization\"},\"potentialAction\":[{\"@type\":\"SearchAction\",\"target\":{\"@type\":\"EntryPoint\",\"urlTemplate\":\"https:\\\/\\\/informelitoral.com.ar\\\/?s={search_term_string}\"},\"query-input\":{\"@type\":\"PropertyValueSpecification\",\"valueRequired\":true,\"valueName\":\"search_term_string\"}}],\"inLanguage\":\"es\"},{\"@type\":\"Organization\",\"@id\":\"https:\\\/\\\/informelitoral.com.ar\\\/#organization\",\"name\":\"Informe Litoral\",\"url\":\"https:\\\/\\\/informelitoral.com.ar\\\/\",\"logo\":{\"@type\":\"ImageObject\",\"inLanguage\":\"es\",\"@id\":\"https:\\\/\\\/informelitoral.com.ar\\\/#\\\/schema\\\/logo\\\/image\\\/\",\"url\":\"https:\\\/\\\/informelitoral.com.ar\\\/%77%70%2d%63%6f%6e%74%65%6e%74\\\/uploads\\\/2021\\\/01\\\/circulo.png\",\"contentUrl\":\"https:\\\/\\\/informelitoral.com.ar\\\/%77%70%2d%63%6f%6e%74%65%6e%74\\\/uploads\\\/2021\\\/01\\\/circulo.png\",\"width\":723,\"height\":731,\"caption\":\"Informe Litoral\"},\"image\":{\"@id\":\"https:\\\/\\\/informelitoral.com.ar\\\/#\\\/schema\\\/logo\\\/image\\\/\"},\"sameAs\":[\"https:\\\/\\\/www.facebook.com\\\/informelitoral\\\/\",\"https:\\\/\\\/x.com\\\/InformeLitoral\",\"https:\\\/\\\/www.instagram.com\\\/informelitoral\\\/\",\"https:\\\/\\\/www.youtube.com\\\/channel\\\/UCua4Qvz8Icb6MYqhoq9xLXw\"]},{\"@type\":\"Person\",\"@id\":\"https:\\\/\\\/informelitoral.com.ar\\\/#\\\/schema\\\/person\\\/f05f9f461677119578717524b127d6d5\",\"name\":\"Sebastian\",\"image\":{\"@type\":\"ImageObject\",\"inLanguage\":\"es\",\"@id\":\"https:\\\/\\\/secure.gravatar.com\\\/avatar\\\/b71bf7481d447dfb9583c7f2798e7cc64de6efb9067b74633ed8c31059a3bd82?s=96&d=mm&r=g\",\"url\":\"https:\\\/\\\/secure.gravatar.com\\\/avatar\\\/b71bf7481d447dfb9583c7f2798e7cc64de6efb9067b74633ed8c31059a3bd82?s=96&d=mm&r=g\",\"contentUrl\":\"https:\\\/\\\/secure.gravatar.com\\\/avatar\\\/b71bf7481d447dfb9583c7f2798e7cc64de6efb9067b74633ed8c31059a3bd82?s=96&d=mm&r=g\",\"caption\":\"Sebastian\"},\"url\":\"https:\\\/\\\/informelitoral.com.ar\\\/author\\\/sebastian\\\/\"}]}<\/script>","yoast_head_json":{"title":"INDEC dar\u00e1 a conocer hoy la inflaci\u00f3n de abril - Informe Litoral","robots":{"index":"index","follow":"follow","max-snippet":"max-snippet:-1","max-image-preview":"max-image-preview:large","max-video-preview":"max-video-preview:-1"},"canonical":"https:\/\/informelitoral.com.ar\/indec-dara-a-conocer-hoy-la-inflacion-de-abril\/","og_locale":"es_ES","og_type":"article","og_title":"INDEC dar\u00e1 a conocer hoy la inflaci\u00f3n de abril - Informe Litoral","og_description":"La variaci\u00f3n que revelar\u00e1 a las 16 horas el ente de estad\u00edsticas estar\u00e1 condicionada por el debut del nuevo esquema cambiario a mitad de abril y la flexibilizaci\u00f3n del cepo para personas humanas.","og_url":"https:\/\/informelitoral.com.ar\/indec-dara-a-conocer-hoy-la-inflacion-de-abril\/","og_site_name":"Informe Litoral","article_publisher":"https:\/\/www.facebook.com\/informelitoral\/","article_published_time":"2025-05-14T12:19:21+00:00","og_image":[{"width":696,"height":464,"url":"https:\/\/informelitoral.com.ar\/%77%70%2d%63%6f%6e%74%65%6e%74\/uploads\/2022\/09\/indec-696x464-1.jpeg","type":"image\/jpeg"}],"author":"Sebastian","twitter_card":"summary_large_image","twitter_creator":"@InformeLitoral","twitter_site":"@InformeLitoral","twitter_misc":{"Escrito por":"Sebastian","Tiempo de lectura":"3 minutos"},"schema":{"@context":"https:\/\/schema.org","@graph":[{"@type":"Article","@id":"https:\/\/informelitoral.com.ar\/indec-dara-a-conocer-hoy-la-inflacion-de-abril\/#article","isPartOf":{"@id":"https:\/\/informelitoral.com.ar\/indec-dara-a-conocer-hoy-la-inflacion-de-abril\/"},"author":{"name":"Sebastian","@id":"https:\/\/informelitoral.com.ar\/#\/schema\/person\/f05f9f461677119578717524b127d6d5"},"headline":"INDEC dar\u00e1 a conocer hoy la inflaci\u00f3n de abril","datePublished":"2025-05-14T12:19:21+00:00","mainEntityOfPage":{"@id":"https:\/\/informelitoral.com.ar\/indec-dara-a-conocer-hoy-la-inflacion-de-abril\/"},"wordCount":590,"commentCount":0,"publisher":{"@id":"https:\/\/informelitoral.com.ar\/#organization"},"image":{"@id":"https:\/\/informelitoral.com.ar\/indec-dara-a-conocer-hoy-la-inflacion-de-abril\/#primaryimage"},"thumbnailUrl":"https:\/\/informelitoral.com.ar\/%77%70%2d%63%6f%6e%74%65%6e%74\/uploads\/2022\/09\/indec-696x464-1.jpeg","keywords":["Indec","Inflaci\u00f3n"],"articleSection":["Econom\u00eda"],"inLanguage":"es","potentialAction":[{"@type":"CommentAction","name":"Comment","target":["https:\/\/informelitoral.com.ar\/indec-dara-a-conocer-hoy-la-inflacion-de-abril\/#respond"]}]},{"@type":"WebPage","@id":"https:\/\/informelitoral.com.ar\/indec-dara-a-conocer-hoy-la-inflacion-de-abril\/","url":"https:\/\/informelitoral.com.ar\/indec-dara-a-conocer-hoy-la-inflacion-de-abril\/","name":"INDEC dar\u00e1 a conocer hoy la inflaci\u00f3n de abril - Informe Litoral","isPartOf":{"@id":"https:\/\/informelitoral.com.ar\/#website"},"primaryImageOfPage":{"@id":"https:\/\/informelitoral.com.ar\/indec-dara-a-conocer-hoy-la-inflacion-de-abril\/#primaryimage"},"image":{"@id":"https:\/\/informelitoral.com.ar\/indec-dara-a-conocer-hoy-la-inflacion-de-abril\/#primaryimage"},"thumbnailUrl":"https:\/\/informelitoral.com.ar\/%77%70%2d%63%6f%6e%74%65%6e%74\/uploads\/2022\/09\/indec-696x464-1.jpeg","datePublished":"2025-05-14T12:19:21+00:00","breadcrumb":{"@id":"https:\/\/informelitoral.com.ar\/indec-dara-a-conocer-hoy-la-inflacion-de-abril\/#breadcrumb"},"inLanguage":"es","potentialAction":[{"@type":"ReadAction","target":["https:\/\/informelitoral.com.ar\/indec-dara-a-conocer-hoy-la-inflacion-de-abril\/"]}]},{"@type":"ImageObject","inLanguage":"es","@id":"https:\/\/informelitoral.com.ar\/indec-dara-a-conocer-hoy-la-inflacion-de-abril\/#primaryimage","url":"https:\/\/informelitoral.com.ar\/%77%70%2d%63%6f%6e%74%65%6e%74\/uploads\/2022\/09\/indec-696x464-1.jpeg","contentUrl":"https:\/\/informelitoral.com.ar\/%77%70%2d%63%6f%6e%74%65%6e%74\/uploads\/2022\/09\/indec-696x464-1.jpeg","width":696,"height":464},{"@type":"BreadcrumbList","@id":"https:\/\/informelitoral.com.ar\/indec-dara-a-conocer-hoy-la-inflacion-de-abril\/#breadcrumb","itemListElement":[{"@type":"ListItem","position":1,"name":"Portada","item":"https:\/\/informelitoral.com.ar\/"},{"@type":"ListItem","position":2,"name":"INDEC dar\u00e1 a conocer hoy la inflaci\u00f3n de abril"}]},{"@type":"WebSite","@id":"https:\/\/informelitoral.com.ar\/#website","url":"https:\/\/informelitoral.com.ar\/","name":"Informe Litoral","description":"&quot;Nos informamos&quot; ","publisher":{"@id":"https:\/\/informelitoral.com.ar\/#organization"},"potentialAction":[{"@type":"SearchAction","target":{"@type":"EntryPoint","urlTemplate":"https:\/\/informelitoral.com.ar\/?s={search_term_string}"},"query-input":{"@type":"PropertyValueSpecification","valueRequired":true,"valueName":"search_term_string"}}],"inLanguage":"es"},{"@type":"Organization","@id":"https:\/\/informelitoral.com.ar\/#organization","name":"Informe Litoral","url":"https:\/\/informelitoral.com.ar\/","logo":{"@type":"ImageObject","inLanguage":"es","@id":"https:\/\/informelitoral.com.ar\/#\/schema\/logo\/image\/","url":"https:\/\/informelitoral.com.ar\/%77%70%2d%63%6f%6e%74%65%6e%74\/uploads\/2021\/01\/circulo.png","contentUrl":"https:\/\/informelitoral.com.ar\/%77%70%2d%63%6f%6e%74%65%6e%74\/uploads\/2021\/01\/circulo.png","width":723,"height":731,"caption":"Informe Litoral"},"image":{"@id":"https:\/\/informelitoral.com.ar\/#\/schema\/logo\/image\/"},"sameAs":["https:\/\/www.facebook.com\/informelitoral\/","https:\/\/x.com\/InformeLitoral","https:\/\/www.instagram.com\/informelitoral\/","https:\/\/www.youtube.com\/channel\/UCua4Qvz8Icb6MYqhoq9xLXw"]},{"@type":"Person","@id":"https:\/\/informelitoral.com.ar\/#\/schema\/person\/f05f9f461677119578717524b127d6d5","name":"Sebastian","image":{"@type":"ImageObject","inLanguage":"es","@id":"https:\/\/secure.gravatar.com\/avatar\/b71bf7481d447dfb9583c7f2798e7cc64de6efb9067b74633ed8c31059a3bd82?s=96&d=mm&r=g","url":"https:\/\/secure.gravatar.com\/avatar\/b71bf7481d447dfb9583c7f2798e7cc64de6efb9067b74633ed8c31059a3bd82?s=96&d=mm&r=g","contentUrl":"https:\/\/secure.gravatar.com\/avatar\/b71bf7481d447dfb9583c7f2798e7cc64de6efb9067b74633ed8c31059a3bd82?s=96&d=mm&r=g","caption":"Sebastian"},"url":"https:\/\/informelitoral.com.ar\/author\/sebastian\/"}]}},"_links":{"self":[{"href":"https:\/\/informelitoral.com.ar\/%77%70%2d%6a%73%6f%6e\/wp\/v2\/posts\/221571","targetHints":{"allow":["GET"]}}],"collection":[{"href":"https:\/\/informelitoral.com.ar\/%77%70%2d%6a%73%6f%6e\/wp\/v2\/posts"}],"about":[{"href":"https:\/\/informelitoral.com.ar\/%77%70%2d%6a%73%6f%6e\/wp\/v2\/types\/post"}],"author":[{"embeddable":true,"href":"https:\/\/informelitoral.com.ar\/%77%70%2d%6a%73%6f%6e\/wp\/v2\/users\/8"}],"replies":[{"embeddable":true,"href":"https:\/\/informelitoral.com.ar\/%77%70%2d%6a%73%6f%6e\/wp\/v2\/comments?post=221571"}],"version-history":[{"count":0,"href":"https:\/\/informelitoral.com.ar\/%77%70%2d%6a%73%6f%6e\/wp\/v2\/posts\/221571\/revisions"}],"wp:featuredmedia":[{"embeddable":true,"href":"https:\/\/informelitoral.com.ar\/%77%70%2d%6a%73%6f%6e\/wp\/v2\/media\/87531"}],"wp:attachment":[{"href":"https:\/\/informelitoral.com.ar\/%77%70%2d%6a%73%6f%6e\/wp\/v2\/media?parent=221571"}],"wp:term":[{"taxonomy":"category","embeddable":true,"href":"https:\/\/informelitoral.com.ar\/%77%70%2d%6a%73%6f%6e\/wp\/v2\/categories?post=221571"},{"taxonomy":"post_tag","embeddable":true,"href":"https:\/\/informelitoral.com.ar\/%77%70%2d%6a%73%6f%6e\/wp\/v2\/tags?post=221571"}],"curies":[{"name":"wp","href":"https:\/\/api.w.org\/{rel}","templated":true}]}}