{"id":221551,"date":"2025-05-14T07:23:55","date_gmt":"2025-05-14T10:23:55","guid":{"rendered":"https:\/\/informelitoral.com.ar\/?p=221551"},"modified":"2025-05-14T07:25:25","modified_gmt":"2025-05-14T10:25:25","slug":"frigerio-expuso-sobre-estrategias-para-la-competitividad-y-el-alivio-al-sector-productivo","status":"publish","type":"post","link":"https:\/\/informelitoral.com.ar\/frigerio-expuso-sobre-estrategias-para-la-competitividad-y-el-alivio-al-sector-productivo\/","title":{"rendered":"Frigerio expuso sobre estrategias para la competitividad y el alivio al sector productivo"},"content":{"rendered":"<p>Bajo el lema Argentina 2025: Estrategias para un futuro competitivo, el mandatario comparti\u00f3 el panel \u00abUna mirada desde el centro del pa\u00eds\u00bb, junto a sus pares de C\u00f3rdoba, <strong>Mart\u00edn Llaryora<\/strong>, y de Chubut, <strong>Ignacio Torres. \u00a0<\/strong><\/p>\n<p>En su disertaci\u00f3n, Frigerio destac\u00f3 la heterogeneidad entre las provincias, se\u00f1alando que algunas iniciaron su gesti\u00f3n con ahorros y capacidad de inversi\u00f3n (como C\u00f3rdoba), mientras que otras, como Entre R\u00edos, enfrentaron deudas y cuentas p\u00fablicas vac\u00edas. \u00abHay realidades muy distintas\u00bb, afirm\u00f3.<\/p>\n<p>El gobernador asegur\u00f3 que, en un escenario de \u00abextrema escasez\u00bb, con menos recursos y m\u00e1s responsabilidades que nunca, su administraci\u00f3n aprendi\u00f3 a priorizar: \u00abLa escasez nos obliga a ser m\u00e1s eficientes, transparentes y eficaces\u00bb, y se\u00f1al\u00f3 que \u00abse puede gestionar sin plata\u00bb.<\/p>\n<p>En este marco, plante\u00f3 la necesidad de redistribuir responsabilidades y su correspondiente financiamiento entre los distintos niveles de gobierno. \u00abHoy est\u00e1 claro que salud, educaci\u00f3n, seguridad y justicia son responsabilidad provincial, pero falta discutir c\u00f3mo se financian\u00bb, remarc\u00f3. Y destac\u00f3 avances en infraestructura en la provincia, como la mejora de rutas, caminos productivos y puertos, claves para la competitividad.<\/p>\n<h2><strong>Reformas necesarias: desregulaci\u00f3n tributaria y rol del Estado<\/strong><\/h2>\n<p>Frigerio abog\u00f3 por una agenda de desregulaci\u00f3n, reformas laborales para \u00abterminar con la industria del juicio\u00bb y una reforma tributaria consensuada que alivie la presi\u00f3n fiscal sobre los sectores productivos. \u00abHay que unir a Naci\u00f3n, provincias y municipios en una pol\u00edtica impositiva pro-empleo y pro-producci\u00f3n\u00bb, sostuvo.<\/p>\n<p>El gobernador resalt\u00f3 que, pese a una ca\u00edda del 23 por ciento en los ingresos, se alcanz\u00f3 el equilibrio en las cuentas p\u00fablicas, y adem\u00e1s esto se logr\u00f3 \u00abbajando impuestos\u00bb. Lo calific\u00f3 como un hecho \u00abnovedoso y doblemente meritorio\u00bb.<\/p>\n<p>Frigerio cerr\u00f3 con un llamado a enfocarse en la competitividad sist\u00e9mica, insistiendo en que la salida de la crisis requiere \u00abcondiciones para que el sector privado genere empleo y riqueza\u00bb. Su exposici\u00f3n reflej\u00f3 tanto los desaf\u00edos de gestionar en la adversidad como la urgencia de generar consensos para llevar adelante reformas estructurales.<\/p>\n<h6><em><strong>Del archivo:\u00a0<a href=\"https:\/\/informelitoral.com.ar\/jonagro-frigerio-pidio-alivio-fiscal-para-el-agro\/\" target=\"_blank\" rel=\"noopener\">Jonagro: Frigerio pidi\u00f3 alivio fiscal para el agro<\/a><\/strong><\/em><\/h6>\n","protected":false},"excerpt":{"rendered":"<p>El gobernador Rogelio Frigerio particip\u00f3 este martes del 42\u00b0 Congreso Anual del Instituto Argentino de Ejecutivos de Finanzas (IAEF), donde expuso sobre los desaf\u00edos de la gesti\u00f3n provincial en un contexto de restricciones econ\u00f3micas y plante\u00f3 estrategias para impulsar la competitividad.<\/p>\n","protected":false},"author":2,"featured_media":221552,"comment_status":"open","ping_status":"open","sticky":false,"template":"","format":"standard","meta":{"fifu_image_url":"https:\/\/media.letrap.com.ar\/p\/a50916d5ccd0cbf37647ab81781f4e83\/adjuntos\/349\/imagenes\/100\/158\/0100158955\/790x0\/smart\/frigerio-llaryora-torresjpeg.jpeg","fifu_image_alt":"","footnotes":""},"categories":[16],"tags":[120,949],"class_list":{"0":"post-221551","1":"post","2":"type-post","3":"status-publish","4":"format-standard","5":"has-post-thumbnail","7":"category-politi","8":"tag-produccion","9":"tag-rogelio-frigerio"},"yoast_head":"<title>Frigerio expuso sobre estrategias para la competitividad y el alivio al sector productivo - Informe Litoral<\/title>\n<meta name=\"robots\" content=\"index, follow, max-snippet:-1, max-image-preview:large, max-video-preview:-1\" \/>\n<link rel=\"canonical\" href=\"https:\/\/informelitoral.com.ar\/frigerio-expuso-sobre-estrategias-para-la-competitividad-y-el-alivio-al-sector-productivo\/\" \/>\n<meta property=\"og:locale\" content=\"es_ES\" \/>\n<meta property=\"og:type\" content=\"article\" \/>\n<meta property=\"og:title\" content=\"Frigerio expuso sobre estrategias para la competitividad y el alivio al sector productivo - Informe Litoral\" \/>\n<meta property=\"og:description\" content=\"El gobernador Rogelio Frigerio particip\u00f3 este martes del 42\u00b0 Congreso Anual del Instituto Argentino de Ejecutivos de Finanzas (IAEF), donde expuso sobre los desaf\u00edos de la gesti\u00f3n provincial en un contexto de restricciones econ\u00f3micas y plante\u00f3 estrategias para impulsar la competitividad.\" \/>\n<meta property=\"og:url\" content=\"https:\/\/informelitoral.com.ar\/frigerio-expuso-sobre-estrategias-para-la-competitividad-y-el-alivio-al-sector-productivo\/\" \/>\n<meta property=\"og:site_name\" content=\"Informe Litoral\" \/>\n<meta property=\"article:publisher\" content=\"https:\/\/www.facebook.com\/informelitoral\/\" \/>\n<meta property=\"article:published_time\" content=\"2025-05-14T10:23:55+00:00\" \/>\n<meta property=\"article:modified_time\" content=\"2025-05-14T10:25:25+00:00\" \/>\n<meta property=\"og:image\" content=\"https:\/\/media.letrap.com.ar\/p\/a50916d5ccd0cbf37647ab81781f4e83\/adjuntos\/349\/imagenes\/100\/158\/0100158955\/790x0\/smart\/frigerio-llaryora-torresjpeg.jpeg\" \/><meta property=\"og:image\" content=\"https:\/\/media.letrap.com.ar\/p\/a50916d5ccd0cbf37647ab81781f4e83\/adjuntos\/349\/imagenes\/100\/158\/0100158955\/790x0\/smart\/frigerio-llaryora-torresjpeg.jpeg\" \/>\n\t<meta property=\"og:image:width\" content=\"790\" \/>\n\t<meta property=\"og:image:height\" content=\"527\" \/>\n\t<meta property=\"og:image:type\" content=\"image\/jpeg\" \/>\n<meta name=\"author\" content=\"Gonzalo Schmidt\" \/>\n<meta name=\"twitter:card\" content=\"summary_large_image\" \/>\n<meta name=\"twitter:image\" content=\"https:\/\/media.letrap.com.ar\/p\/a50916d5ccd0cbf37647ab81781f4e83\/adjuntos\/349\/imagenes\/100\/158\/0100158955\/790x0\/smart\/frigerio-llaryora-torresjpeg.jpeg\" \/>\n<meta name=\"twitter:creator\" content=\"@InformeLitoral\" \/>\n<meta name=\"twitter:site\" content=\"@InformeLitoral\" \/>\n<meta name=\"twitter:label1\" content=\"Escrito por\" \/>\n\t<meta name=\"twitter:data1\" content=\"Gonzalo Schmidt\" \/>\n\t<meta name=\"twitter:label2\" content=\"Tiempo de lectura\" \/>\n\t<meta name=\"twitter:data2\" content=\"2 minutos\" \/>\n<script type=\"application\/ld+json\" class=\"yoast-schema-graph\">{\"@context\":\"https:\\\/\\\/schema.org\",\"@graph\":[{\"@type\":\"Article\",\"@id\":\"https:\\\/\\\/informelitoral.com.ar\\\/frigerio-expuso-sobre-estrategias-para-la-competitividad-y-el-alivio-al-sector-productivo\\\/#article\",\"isPartOf\":{\"@id\":\"https:\\\/\\\/informelitoral.com.ar\\\/frigerio-expuso-sobre-estrategias-para-la-competitividad-y-el-alivio-al-sector-productivo\\\/\"},\"author\":{\"name\":\"Gonzalo Schmidt\",\"@id\":\"https:\\\/\\\/informelitoral.com.ar\\\/#\\\/schema\\\/person\\\/b9d00407c836482871ef1d57bf8e3180\"},\"headline\":\"Frigerio expuso sobre estrategias para la competitividad y el alivio al sector productivo\",\"datePublished\":\"2025-05-14T10:23:55+00:00\",\"dateModified\":\"2025-05-14T10:25:25+00:00\",\"mainEntityOfPage\":{\"@id\":\"https:\\\/\\\/informelitoral.com.ar\\\/frigerio-expuso-sobre-estrategias-para-la-competitividad-y-el-alivio-al-sector-productivo\\\/\"},\"wordCount\":372,\"commentCount\":0,\"publisher\":{\"@id\":\"https:\\\/\\\/informelitoral.com.ar\\\/#organization\"},\"image\":{\"@id\":\"https:\\\/\\\/informelitoral.com.ar\\\/frigerio-expuso-sobre-estrategias-para-la-competitividad-y-el-alivio-al-sector-productivo\\\/#primaryimage\"},\"thumbnailUrl\":\"https:\\\/\\\/media.letrap.com.ar\\\/p\\\/a50916d5ccd0cbf37647ab81781f4e83\\\/adjuntos\\\/349\\\/imagenes\\\/100\\\/158\\\/0100158955\\\/790x0\\\/smart\\\/frigerio-llaryora-torresjpeg.jpeg\",\"keywords\":[\"Producci\u00f3n\",\"Rogelio Frigerio\"],\"articleSection\":[\"Politica\"],\"inLanguage\":\"es\",\"potentialAction\":[{\"@type\":\"CommentAction\",\"name\":\"Comment\",\"target\":[\"https:\\\/\\\/informelitoral.com.ar\\\/frigerio-expuso-sobre-estrategias-para-la-competitividad-y-el-alivio-al-sector-productivo\\\/#respond\"]}]},{\"@type\":\"WebPage\",\"@id\":\"https:\\\/\\\/informelitoral.com.ar\\\/frigerio-expuso-sobre-estrategias-para-la-competitividad-y-el-alivio-al-sector-productivo\\\/\",\"url\":\"https:\\\/\\\/informelitoral.com.ar\\\/frigerio-expuso-sobre-estrategias-para-la-competitividad-y-el-alivio-al-sector-productivo\\\/\",\"name\":\"Frigerio expuso sobre estrategias para la competitividad y el alivio al sector productivo - Informe Litoral\",\"isPartOf\":{\"@id\":\"https:\\\/\\\/informelitoral.com.ar\\\/#website\"},\"primaryImageOfPage\":{\"@id\":\"https:\\\/\\\/informelitoral.com.ar\\\/frigerio-expuso-sobre-estrategias-para-la-competitividad-y-el-alivio-al-sector-productivo\\\/#primaryimage\"},\"image\":{\"@id\":\"https:\\\/\\\/informelitoral.com.ar\\\/frigerio-expuso-sobre-estrategias-para-la-competitividad-y-el-alivio-al-sector-productivo\\\/#primaryimage\"},\"thumbnailUrl\":\"https:\\\/\\\/media.letrap.com.ar\\\/p\\\/a50916d5ccd0cbf37647ab81781f4e83\\\/adjuntos\\\/349\\\/imagenes\\\/100\\\/158\\\/0100158955\\\/790x0\\\/smart\\\/frigerio-llaryora-torresjpeg.jpeg\",\"datePublished\":\"2025-05-14T10:23:55+00:00\",\"dateModified\":\"2025-05-14T10:25:25+00:00\",\"breadcrumb\":{\"@id\":\"https:\\\/\\\/informelitoral.com.ar\\\/frigerio-expuso-sobre-estrategias-para-la-competitividad-y-el-alivio-al-sector-productivo\\\/#breadcrumb\"},\"inLanguage\":\"es\",\"potentialAction\":[{\"@type\":\"ReadAction\",\"target\":[\"https:\\\/\\\/informelitoral.com.ar\\\/frigerio-expuso-sobre-estrategias-para-la-competitividad-y-el-alivio-al-sector-productivo\\\/\"]}]},{\"@type\":\"ImageObject\",\"inLanguage\":\"es\",\"@id\":\"https:\\\/\\\/informelitoral.com.ar\\\/frigerio-expuso-sobre-estrategias-para-la-competitividad-y-el-alivio-al-sector-productivo\\\/#primaryimage\",\"url\":\"https:\\\/\\\/media.letrap.com.ar\\\/p\\\/a50916d5ccd0cbf37647ab81781f4e83\\\/adjuntos\\\/349\\\/imagenes\\\/100\\\/158\\\/0100158955\\\/790x0\\\/smart\\\/frigerio-llaryora-torresjpeg.jpeg\",\"contentUrl\":\"https:\\\/\\\/media.letrap.com.ar\\\/p\\\/a50916d5ccd0cbf37647ab81781f4e83\\\/adjuntos\\\/349\\\/imagenes\\\/100\\\/158\\\/0100158955\\\/790x0\\\/smart\\\/frigerio-llaryora-torresjpeg.jpeg\",\"width\":\"790\",\"height\":\"527\"},{\"@type\":\"BreadcrumbList\",\"@id\":\"https:\\\/\\\/informelitoral.com.ar\\\/frigerio-expuso-sobre-estrategias-para-la-competitividad-y-el-alivio-al-sector-productivo\\\/#breadcrumb\",\"itemListElement\":[{\"@type\":\"ListItem\",\"position\":1,\"name\":\"Portada\",\"item\":\"https:\\\/\\\/informelitoral.com.ar\\\/\"},{\"@type\":\"ListItem\",\"position\":2,\"name\":\"Frigerio expuso sobre estrategias para la competitividad y el alivio al sector productivo\"}]},{\"@type\":\"WebSite\",\"@id\":\"https:\\\/\\\/informelitoral.com.ar\\\/#website\",\"url\":\"https:\\\/\\\/informelitoral.com.ar\\\/\",\"name\":\"Informe Litoral\",\"description\":\"&quot;Nos informamos&quot; \",\"publisher\":{\"@id\":\"https:\\\/\\\/informelitoral.com.ar\\\/#organization\"},\"potentialAction\":[{\"@type\":\"SearchAction\",\"target\":{\"@type\":\"EntryPoint\",\"urlTemplate\":\"https:\\\/\\\/informelitoral.com.ar\\\/?s={search_term_string}\"},\"query-input\":{\"@type\":\"PropertyValueSpecification\",\"valueRequired\":true,\"valueName\":\"search_term_string\"}}],\"inLanguage\":\"es\"},{\"@type\":\"Organization\",\"@id\":\"https:\\\/\\\/informelitoral.com.ar\\\/#organization\",\"name\":\"Informe Litoral\",\"url\":\"https:\\\/\\\/informelitoral.com.ar\\\/\",\"logo\":{\"@type\":\"ImageObject\",\"inLanguage\":\"es\",\"@id\":\"https:\\\/\\\/informelitoral.com.ar\\\/#\\\/schema\\\/logo\\\/image\\\/\",\"url\":\"https:\\\/\\\/informelitoral.com.ar\\\/%77%70%2d%63%6f%6e%74%65%6e%74\\\/uploads\\\/2021\\\/01\\\/circulo.png\",\"contentUrl\":\"https:\\\/\\\/informelitoral.com.ar\\\/%77%70%2d%63%6f%6e%74%65%6e%74\\\/uploads\\\/2021\\\/01\\\/circulo.png\",\"width\":723,\"height\":731,\"caption\":\"Informe Litoral\"},\"image\":{\"@id\":\"https:\\\/\\\/informelitoral.com.ar\\\/#\\\/schema\\\/logo\\\/image\\\/\"},\"sameAs\":[\"https:\\\/\\\/www.facebook.com\\\/informelitoral\\\/\",\"https:\\\/\\\/x.com\\\/InformeLitoral\",\"https:\\\/\\\/www.instagram.com\\\/informelitoral\\\/\",\"https:\\\/\\\/www.youtube.com\\\/channel\\\/UCua4Qvz8Icb6MYqhoq9xLXw\"]},{\"@type\":\"Person\",\"@id\":\"https:\\\/\\\/informelitoral.com.ar\\\/#\\\/schema\\\/person\\\/b9d00407c836482871ef1d57bf8e3180\",\"name\":\"Gonzalo Schmidt\",\"image\":{\"@type\":\"ImageObject\",\"inLanguage\":\"es\",\"@id\":\"https:\\\/\\\/secure.gravatar.com\\\/avatar\\\/31a1a7b66ff2de83bd0e9fd79d026630d2d99e55e8bfe501287647b4fd9743de?s=96&d=mm&r=g\",\"url\":\"https:\\\/\\\/secure.gravatar.com\\\/avatar\\\/31a1a7b66ff2de83bd0e9fd79d026630d2d99e55e8bfe501287647b4fd9743de?s=96&d=mm&r=g\",\"contentUrl\":\"https:\\\/\\\/secure.gravatar.com\\\/avatar\\\/31a1a7b66ff2de83bd0e9fd79d026630d2d99e55e8bfe501287647b4fd9743de?s=96&d=mm&r=g\",\"caption\":\"Gonzalo Schmidt\"},\"description\":\"Sitio web de noticias de la provincia de Entre R\u00edos, Argentina. Informaci\u00f3n y entretenimiento. Informe Litoral, nos informamos.\",\"sameAs\":[\"http:\\\/\\\/www.isletasnoticias.com.ar\"],\"url\":\"https:\\\/\\\/informelitoral.com.ar\\\/author\\\/gonzalo\\\/\"}]}<\/script>","yoast_head_json":{"title":"Frigerio expuso sobre estrategias para la competitividad y el alivio al sector productivo - Informe Litoral","robots":{"index":"index","follow":"follow","max-snippet":"max-snippet:-1","max-image-preview":"max-image-preview:large","max-video-preview":"max-video-preview:-1"},"canonical":"https:\/\/informelitoral.com.ar\/frigerio-expuso-sobre-estrategias-para-la-competitividad-y-el-alivio-al-sector-productivo\/","og_locale":"es_ES","og_type":"article","og_title":"Frigerio expuso sobre estrategias para la competitividad y el alivio al sector productivo - Informe Litoral","og_description":"El gobernador Rogelio Frigerio particip\u00f3 este martes del 42\u00b0 Congreso Anual del Instituto Argentino de Ejecutivos de Finanzas (IAEF), donde expuso sobre los desaf\u00edos de la gesti\u00f3n provincial en un contexto de restricciones econ\u00f3micas y plante\u00f3 estrategias para impulsar la competitividad.","og_url":"https:\/\/informelitoral.com.ar\/frigerio-expuso-sobre-estrategias-para-la-competitividad-y-el-alivio-al-sector-productivo\/","og_site_name":"Informe Litoral","article_publisher":"https:\/\/www.facebook.com\/informelitoral\/","article_published_time":"2025-05-14T10:23:55+00:00","article_modified_time":"2025-05-14T10:25:25+00:00","og_image":[{"url":"https:\/\/media.letrap.com.ar\/p\/a50916d5ccd0cbf37647ab81781f4e83\/adjuntos\/349\/imagenes\/100\/158\/0100158955\/790x0\/smart\/frigerio-llaryora-torresjpeg.jpeg","type":"","width":"","height":""},{"width":790,"height":527,"url":"https:\/\/media.letrap.com.ar\/p\/a50916d5ccd0cbf37647ab81781f4e83\/adjuntos\/349\/imagenes\/100\/158\/0100158955\/790x0\/smart\/frigerio-llaryora-torresjpeg.jpeg","type":"image\/jpeg"}],"author":"Gonzalo Schmidt","twitter_card":"summary_large_image","twitter_image":"https:\/\/media.letrap.com.ar\/p\/a50916d5ccd0cbf37647ab81781f4e83\/adjuntos\/349\/imagenes\/100\/158\/0100158955\/790x0\/smart\/frigerio-llaryora-torresjpeg.jpeg","twitter_creator":"@InformeLitoral","twitter_site":"@InformeLitoral","twitter_misc":{"Escrito por":"Gonzalo Schmidt","Tiempo de lectura":"2 minutos"},"schema":{"@context":"https:\/\/schema.org","@graph":[{"@type":"Article","@id":"https:\/\/informelitoral.com.ar\/frigerio-expuso-sobre-estrategias-para-la-competitividad-y-el-alivio-al-sector-productivo\/#article","isPartOf":{"@id":"https:\/\/informelitoral.com.ar\/frigerio-expuso-sobre-estrategias-para-la-competitividad-y-el-alivio-al-sector-productivo\/"},"author":{"name":"Gonzalo Schmidt","@id":"https:\/\/informelitoral.com.ar\/#\/schema\/person\/b9d00407c836482871ef1d57bf8e3180"},"headline":"Frigerio expuso sobre estrategias para la competitividad y el alivio al sector productivo","datePublished":"2025-05-14T10:23:55+00:00","dateModified":"2025-05-14T10:25:25+00:00","mainEntityOfPage":{"@id":"https:\/\/informelitoral.com.ar\/frigerio-expuso-sobre-estrategias-para-la-competitividad-y-el-alivio-al-sector-productivo\/"},"wordCount":372,"commentCount":0,"publisher":{"@id":"https:\/\/informelitoral.com.ar\/#organization"},"image":{"@id":"https:\/\/informelitoral.com.ar\/frigerio-expuso-sobre-estrategias-para-la-competitividad-y-el-alivio-al-sector-productivo\/#primaryimage"},"thumbnailUrl":"https:\/\/media.letrap.com.ar\/p\/a50916d5ccd0cbf37647ab81781f4e83\/adjuntos\/349\/imagenes\/100\/158\/0100158955\/790x0\/smart\/frigerio-llaryora-torresjpeg.jpeg","keywords":["Producci\u00f3n","Rogelio Frigerio"],"articleSection":["Politica"],"inLanguage":"es","potentialAction":[{"@type":"CommentAction","name":"Comment","target":["https:\/\/informelitoral.com.ar\/frigerio-expuso-sobre-estrategias-para-la-competitividad-y-el-alivio-al-sector-productivo\/#respond"]}]},{"@type":"WebPage","@id":"https:\/\/informelitoral.com.ar\/frigerio-expuso-sobre-estrategias-para-la-competitividad-y-el-alivio-al-sector-productivo\/","url":"https:\/\/informelitoral.com.ar\/frigerio-expuso-sobre-estrategias-para-la-competitividad-y-el-alivio-al-sector-productivo\/","name":"Frigerio expuso sobre estrategias para la competitividad y el alivio al sector productivo - Informe Litoral","isPartOf":{"@id":"https:\/\/informelitoral.com.ar\/#website"},"primaryImageOfPage":{"@id":"https:\/\/informelitoral.com.ar\/frigerio-expuso-sobre-estrategias-para-la-competitividad-y-el-alivio-al-sector-productivo\/#primaryimage"},"image":{"@id":"https:\/\/informelitoral.com.ar\/frigerio-expuso-sobre-estrategias-para-la-competitividad-y-el-alivio-al-sector-productivo\/#primaryimage"},"thumbnailUrl":"https:\/\/media.letrap.com.ar\/p\/a50916d5ccd0cbf37647ab81781f4e83\/adjuntos\/349\/imagenes\/100\/158\/0100158955\/790x0\/smart\/frigerio-llaryora-torresjpeg.jpeg","datePublished":"2025-05-14T10:23:55+00:00","dateModified":"2025-05-14T10:25:25+00:00","breadcrumb":{"@id":"https:\/\/informelitoral.com.ar\/frigerio-expuso-sobre-estrategias-para-la-competitividad-y-el-alivio-al-sector-productivo\/#breadcrumb"},"inLanguage":"es","potentialAction":[{"@type":"ReadAction","target":["https:\/\/informelitoral.com.ar\/frigerio-expuso-sobre-estrategias-para-la-competitividad-y-el-alivio-al-sector-productivo\/"]}]},{"@type":"ImageObject","inLanguage":"es","@id":"https:\/\/informelitoral.com.ar\/frigerio-expuso-sobre-estrategias-para-la-competitividad-y-el-alivio-al-sector-productivo\/#primaryimage","url":"https:\/\/media.letrap.com.ar\/p\/a50916d5ccd0cbf37647ab81781f4e83\/adjuntos\/349\/imagenes\/100\/158\/0100158955\/790x0\/smart\/frigerio-llaryora-torresjpeg.jpeg","contentUrl":"https:\/\/media.letrap.com.ar\/p\/a50916d5ccd0cbf37647ab81781f4e83\/adjuntos\/349\/imagenes\/100\/158\/0100158955\/790x0\/smart\/frigerio-llaryora-torresjpeg.jpeg","width":"790","height":"527"},{"@type":"BreadcrumbList","@id":"https:\/\/informelitoral.com.ar\/frigerio-expuso-sobre-estrategias-para-la-competitividad-y-el-alivio-al-sector-productivo\/#breadcrumb","itemListElement":[{"@type":"ListItem","position":1,"name":"Portada","item":"https:\/\/informelitoral.com.ar\/"},{"@type":"ListItem","position":2,"name":"Frigerio expuso sobre estrategias para la competitividad y el alivio al sector productivo"}]},{"@type":"WebSite","@id":"https:\/\/informelitoral.com.ar\/#website","url":"https:\/\/informelitoral.com.ar\/","name":"Informe Litoral","description":"&quot;Nos informamos&quot; ","publisher":{"@id":"https:\/\/informelitoral.com.ar\/#organization"},"potentialAction":[{"@type":"SearchAction","target":{"@type":"EntryPoint","urlTemplate":"https:\/\/informelitoral.com.ar\/?s={search_term_string}"},"query-input":{"@type":"PropertyValueSpecification","valueRequired":true,"valueName":"search_term_string"}}],"inLanguage":"es"},{"@type":"Organization","@id":"https:\/\/informelitoral.com.ar\/#organization","name":"Informe Litoral","url":"https:\/\/informelitoral.com.ar\/","logo":{"@type":"ImageObject","inLanguage":"es","@id":"https:\/\/informelitoral.com.ar\/#\/schema\/logo\/image\/","url":"https:\/\/informelitoral.com.ar\/%77%70%2d%63%6f%6e%74%65%6e%74\/uploads\/2021\/01\/circulo.png","contentUrl":"https:\/\/informelitoral.com.ar\/%77%70%2d%63%6f%6e%74%65%6e%74\/uploads\/2021\/01\/circulo.png","width":723,"height":731,"caption":"Informe Litoral"},"image":{"@id":"https:\/\/informelitoral.com.ar\/#\/schema\/logo\/image\/"},"sameAs":["https:\/\/www.facebook.com\/informelitoral\/","https:\/\/x.com\/InformeLitoral","https:\/\/www.instagram.com\/informelitoral\/","https:\/\/www.youtube.com\/channel\/UCua4Qvz8Icb6MYqhoq9xLXw"]},{"@type":"Person","@id":"https:\/\/informelitoral.com.ar\/#\/schema\/person\/b9d00407c836482871ef1d57bf8e3180","name":"Gonzalo Schmidt","image":{"@type":"ImageObject","inLanguage":"es","@id":"https:\/\/secure.gravatar.com\/avatar\/31a1a7b66ff2de83bd0e9fd79d026630d2d99e55e8bfe501287647b4fd9743de?s=96&d=mm&r=g","url":"https:\/\/secure.gravatar.com\/avatar\/31a1a7b66ff2de83bd0e9fd79d026630d2d99e55e8bfe501287647b4fd9743de?s=96&d=mm&r=g","contentUrl":"https:\/\/secure.gravatar.com\/avatar\/31a1a7b66ff2de83bd0e9fd79d026630d2d99e55e8bfe501287647b4fd9743de?s=96&d=mm&r=g","caption":"Gonzalo Schmidt"},"description":"Sitio web de noticias de la provincia de Entre R\u00edos, Argentina. Informaci\u00f3n y entretenimiento. Informe Litoral, nos informamos.","sameAs":["http:\/\/www.isletasnoticias.com.ar"],"url":"https:\/\/informelitoral.com.ar\/author\/gonzalo\/"}]}},"fifu_image_url":"https:\/\/media.letrap.com.ar\/p\/a50916d5ccd0cbf37647ab81781f4e83\/adjuntos\/349\/imagenes\/100\/158\/0100158955\/790x0\/smart\/frigerio-llaryora-torresjpeg.jpeg","_links":{"self":[{"href":"https:\/\/informelitoral.com.ar\/%77%70%2d%6a%73%6f%6e\/wp\/v2\/posts\/221551","targetHints":{"allow":["GET"]}}],"collection":[{"href":"https:\/\/informelitoral.com.ar\/%77%70%2d%6a%73%6f%6e\/wp\/v2\/posts"}],"about":[{"href":"https:\/\/informelitoral.com.ar\/%77%70%2d%6a%73%6f%6e\/wp\/v2\/types\/post"}],"author":[{"embeddable":true,"href":"https:\/\/informelitoral.com.ar\/%77%70%2d%6a%73%6f%6e\/wp\/v2\/users\/2"}],"replies":[{"embeddable":true,"href":"https:\/\/informelitoral.com.ar\/%77%70%2d%6a%73%6f%6e\/wp\/v2\/comments?post=221551"}],"version-history":[{"count":0,"href":"https:\/\/informelitoral.com.ar\/%77%70%2d%6a%73%6f%6e\/wp\/v2\/posts\/221551\/revisions"}],"wp:featuredmedia":[{"embeddable":true,"href":"https:\/\/informelitoral.com.ar\/%77%70%2d%6a%73%6f%6e\/wp\/v2\/media\/221552"}],"wp:attachment":[{"href":"https:\/\/informelitoral.com.ar\/%77%70%2d%6a%73%6f%6e\/wp\/v2\/media?parent=221551"}],"wp:term":[{"taxonomy":"category","embeddable":true,"href":"https:\/\/informelitoral.com.ar\/%77%70%2d%6a%73%6f%6e\/wp\/v2\/categories?post=221551"},{"taxonomy":"post_tag","embeddable":true,"href":"https:\/\/informelitoral.com.ar\/%77%70%2d%6a%73%6f%6e\/wp\/v2\/tags?post=221551"}],"curies":[{"name":"wp","href":"https:\/\/api.w.org\/{rel}","templated":true}]}}