{"id":221473,"date":"2025-05-13T11:21:59","date_gmt":"2025-05-13T14:21:59","guid":{"rendered":"https:\/\/informelitoral.com.ar\/?p=221473"},"modified":"2025-05-13T16:34:34","modified_gmt":"2025-05-13T19:34:34","slug":"tragedia-en-la-ruta-3-choque-frontal-entre-micro-y-camion-dejo-al-menos-cuatro-muertos-y-multiples-heridos-en-san-miguel-del-monte","status":"publish","type":"post","link":"https:\/\/informelitoral.com.ar\/tragedia-en-la-ruta-3-choque-frontal-entre-micro-y-camion-dejo-al-menos-cuatro-muertos-y-multiples-heridos-en-san-miguel-del-monte\/","title":{"rendered":"Tragedia en la Ruta 3: choque frontal entre micro y cami\u00f3n dej\u00f3 al menos cuatro muertos y m\u00faltiples heridos"},"content":{"rendered":"<p><strong>Un micro de la empresa Condor Estrella choc\u00f3 de frente esta madrugada con un cami\u00f3n<\/strong>\u00a0en la Ruta Nacional 3, a la altura del kil\u00f3metro 132, en San Miguel del Monte, dejando como resultado\u00a0<strong>al menos cuatro v\u00edctimas fatales y m\u00faltiples heridos.<\/strong><\/p>\n<p>Hasta el momento se registraron\u00a0<strong>cuatro fallecidos y 16 heridos\u00a0<\/strong>que fueron trasladados al hospital Zen\u00f3n Videla Dorna de San Miguel del Monte, ubicado a 25 kil\u00f3metros de la zona del tr\u00e1gico siniestro vial.<\/p>\n<p>Del total de lesionados,\u00a0<strong>seis fueron derivados con c\u00f3digo rojo<\/strong>, pero por el momento solo uno se encuentra en\u00a0<strong>grave estado<\/strong>, por lo que fue derivado al Hospital Cuenca Alta.<\/p>\n<p>Respecto a las heridas, detallaron que la mayor\u00eda cuenta con\u00a0<strong>politraumatismos y fracturas varias.<\/strong><\/p>\n<p><img decoding=\"async\" src=\"https:\/\/i0.wp.com\/ahora.com.ar\/%77%70%2d%63%6f%6e%74%65%6e%74\/uploads\/2025\/05\/image-5-47.jpg?resize=696%2C522&amp;quality=89&amp;ssl=1\" \/><\/p>\n<p><strong>Francisco Guti\u00e9rrez<\/strong>, jefe de Bomberos de San Miguel del Monte, destac\u00f3 que al momento del siniestro fatal\u00a0<i><strong>\u00abhab\u00eda mucha niebla\u00bb\u00a0<\/strong><\/i>y que en esa zona\u00a0<i><strong>\u00abhay muchos accidentes\u00bb.<\/strong><\/i><\/p>\n<p><img decoding=\"async\" src=\"https:\/\/i0.wp.com\/ahora.com.ar\/%77%70%2d%63%6f%6e%74%65%6e%74\/uploads\/2025\/05\/image-5-48.jpg?resize=696%2C522&amp;quality=89&amp;ssl=1\" \/><\/p>\n<p>En el lugar trabajaban Bomberos y personal de rescate y se estima que\u00a0<strong>habr\u00e1 m\u00e1s de dos horas de demora en la traza por el operativo.<\/strong><\/p>\n<p>Las primeras informaciones se\u00f1alan que\u00a0<strong>el micro se dirig\u00eda hac\u00eda Buenos Aires y choc\u00f3 de frente contra el cami\u00f3n que iba en sentido contrario. <\/strong><em>(Noticias Argentinas)<\/em><\/p>\n","protected":false},"excerpt":{"rendered":"<p>Ocurri\u00f3 a la altura del kil\u00f3metro 132, en San Miguel del Monte.<\/p>\n","protected":false},"author":8,"featured_media":221474,"comment_status":"open","ping_status":"open","sticky":false,"template":"","format":"standard","meta":{"fifu_image_url":"https:\/\/alpha-assets.tadevel-cdn.com\/68233071bbc030e6557e8746\/720.webp","fifu_image_alt":"","footnotes":""},"categories":[14,9],"tags":[1879,1881,2610],"class_list":{"0":"post-221473","1":"post","2":"type-post","3":"status-publish","4":"format-standard","5":"has-post-thumbnail","7":"category-policiales","8":"category-sociedad","9":"tag-choque","10":"tag-colectivo","11":"tag-provincia-de-buenos-aires"},"yoast_head":"<title>Tragedia en la Ruta 3: choque frontal entre micro y cami\u00f3n dej\u00f3 al menos cuatro muertos y m\u00faltiples heridos - Informe Litoral<\/title>\n<meta name=\"robots\" content=\"index, follow, max-snippet:-1, max-image-preview:large, max-video-preview:-1\" \/>\n<link rel=\"canonical\" href=\"https:\/\/informelitoral.com.ar\/tragedia-en-la-ruta-3-choque-frontal-entre-micro-y-camion-dejo-al-menos-cuatro-muertos-y-multiples-heridos-en-san-miguel-del-monte\/\" \/>\n<meta property=\"og:locale\" content=\"es_ES\" \/>\n<meta property=\"og:type\" content=\"article\" \/>\n<meta property=\"og:title\" content=\"Tragedia en la Ruta 3: choque frontal entre micro y cami\u00f3n dej\u00f3 al menos cuatro muertos y m\u00faltiples heridos - Informe Litoral\" \/>\n<meta property=\"og:description\" content=\"Ocurri\u00f3 a la altura del kil\u00f3metro 132, en San Miguel del Monte.\" \/>\n<meta property=\"og:url\" content=\"https:\/\/informelitoral.com.ar\/tragedia-en-la-ruta-3-choque-frontal-entre-micro-y-camion-dejo-al-menos-cuatro-muertos-y-multiples-heridos-en-san-miguel-del-monte\/\" \/>\n<meta property=\"og:site_name\" content=\"Informe Litoral\" \/>\n<meta property=\"article:publisher\" content=\"https:\/\/www.facebook.com\/informelitoral\/\" \/>\n<meta property=\"article:published_time\" content=\"2025-05-13T14:21:59+00:00\" \/>\n<meta property=\"article:modified_time\" content=\"2025-05-13T19:34:34+00:00\" \/>\n<meta property=\"og:image\" content=\"https:\/\/alpha-assets.tadevel-cdn.com\/68233071bbc030e6557e8746\/720.webp\" \/><meta property=\"og:image\" content=\"https:\/\/alpha-assets.tadevel-cdn.com\/68233071bbc030e6557e8746\/720.webp\" \/>\n\t<meta property=\"og:image:width\" content=\"960\" \/>\n\t<meta property=\"og:image:height\" content=\"720\" \/>\n\t<meta property=\"og:image:type\" content=\"image\/jpeg\" \/>\n<meta name=\"author\" content=\"Sebastian\" \/>\n<meta name=\"twitter:card\" content=\"summary_large_image\" \/>\n<meta name=\"twitter:image\" content=\"https:\/\/alpha-assets.tadevel-cdn.com\/68233071bbc030e6557e8746\/720.webp\" \/>\n<meta name=\"twitter:creator\" content=\"@InformeLitoral\" \/>\n<meta name=\"twitter:site\" content=\"@InformeLitoral\" \/>\n<meta name=\"twitter:label1\" content=\"Escrito por\" \/>\n\t<meta name=\"twitter:data1\" content=\"Sebastian\" \/>\n\t<meta name=\"twitter:label2\" content=\"Tiempo de lectura\" \/>\n\t<meta name=\"twitter:data2\" content=\"2 minutos\" \/>\n<script type=\"application\/ld+json\" class=\"yoast-schema-graph\">{\"@context\":\"https:\\\/\\\/schema.org\",\"@graph\":[{\"@type\":\"Article\",\"@id\":\"https:\\\/\\\/informelitoral.com.ar\\\/tragedia-en-la-ruta-3-choque-frontal-entre-micro-y-camion-dejo-al-menos-cuatro-muertos-y-multiples-heridos-en-san-miguel-del-monte\\\/#article\",\"isPartOf\":{\"@id\":\"https:\\\/\\\/informelitoral.com.ar\\\/tragedia-en-la-ruta-3-choque-frontal-entre-micro-y-camion-dejo-al-menos-cuatro-muertos-y-multiples-heridos-en-san-miguel-del-monte\\\/\"},\"author\":{\"name\":\"Sebastian\",\"@id\":\"https:\\\/\\\/informelitoral.com.ar\\\/#\\\/schema\\\/person\\\/f05f9f461677119578717524b127d6d5\"},\"headline\":\"Tragedia en la Ruta 3: choque frontal entre micro y cami\u00f3n dej\u00f3 al menos cuatro muertos y m\u00faltiples heridos\",\"datePublished\":\"2025-05-13T14:21:59+00:00\",\"dateModified\":\"2025-05-13T19:34:34+00:00\",\"mainEntityOfPage\":{\"@id\":\"https:\\\/\\\/informelitoral.com.ar\\\/tragedia-en-la-ruta-3-choque-frontal-entre-micro-y-camion-dejo-al-menos-cuatro-muertos-y-multiples-heridos-en-san-miguel-del-monte\\\/\"},\"wordCount\":232,\"commentCount\":0,\"publisher\":{\"@id\":\"https:\\\/\\\/informelitoral.com.ar\\\/#organization\"},\"image\":{\"@id\":\"https:\\\/\\\/informelitoral.com.ar\\\/tragedia-en-la-ruta-3-choque-frontal-entre-micro-y-camion-dejo-al-menos-cuatro-muertos-y-multiples-heridos-en-san-miguel-del-monte\\\/#primaryimage\"},\"thumbnailUrl\":\"https:\\\/\\\/alpha-assets.tadevel-cdn.com\\\/68233071bbc030e6557e8746\\\/720.webp\",\"keywords\":[\"Choque\",\"Colectivo\",\"Provincia de Buenos Aires\"],\"articleSection\":[\"Policiales\",\"Sociedad\"],\"inLanguage\":\"es\",\"potentialAction\":[{\"@type\":\"CommentAction\",\"name\":\"Comment\",\"target\":[\"https:\\\/\\\/informelitoral.com.ar\\\/tragedia-en-la-ruta-3-choque-frontal-entre-micro-y-camion-dejo-al-menos-cuatro-muertos-y-multiples-heridos-en-san-miguel-del-monte\\\/#respond\"]}]},{\"@type\":\"WebPage\",\"@id\":\"https:\\\/\\\/informelitoral.com.ar\\\/tragedia-en-la-ruta-3-choque-frontal-entre-micro-y-camion-dejo-al-menos-cuatro-muertos-y-multiples-heridos-en-san-miguel-del-monte\\\/\",\"url\":\"https:\\\/\\\/informelitoral.com.ar\\\/tragedia-en-la-ruta-3-choque-frontal-entre-micro-y-camion-dejo-al-menos-cuatro-muertos-y-multiples-heridos-en-san-miguel-del-monte\\\/\",\"name\":\"Tragedia en la Ruta 3: choque frontal entre micro y cami\u00f3n dej\u00f3 al menos cuatro muertos y m\u00faltiples heridos - Informe Litoral\",\"isPartOf\":{\"@id\":\"https:\\\/\\\/informelitoral.com.ar\\\/#website\"},\"primaryImageOfPage\":{\"@id\":\"https:\\\/\\\/informelitoral.com.ar\\\/tragedia-en-la-ruta-3-choque-frontal-entre-micro-y-camion-dejo-al-menos-cuatro-muertos-y-multiples-heridos-en-san-miguel-del-monte\\\/#primaryimage\"},\"image\":{\"@id\":\"https:\\\/\\\/informelitoral.com.ar\\\/tragedia-en-la-ruta-3-choque-frontal-entre-micro-y-camion-dejo-al-menos-cuatro-muertos-y-multiples-heridos-en-san-miguel-del-monte\\\/#primaryimage\"},\"thumbnailUrl\":\"https:\\\/\\\/alpha-assets.tadevel-cdn.com\\\/68233071bbc030e6557e8746\\\/720.webp\",\"datePublished\":\"2025-05-13T14:21:59+00:00\",\"dateModified\":\"2025-05-13T19:34:34+00:00\",\"breadcrumb\":{\"@id\":\"https:\\\/\\\/informelitoral.com.ar\\\/tragedia-en-la-ruta-3-choque-frontal-entre-micro-y-camion-dejo-al-menos-cuatro-muertos-y-multiples-heridos-en-san-miguel-del-monte\\\/#breadcrumb\"},\"inLanguage\":\"es\",\"potentialAction\":[{\"@type\":\"ReadAction\",\"target\":[\"https:\\\/\\\/informelitoral.com.ar\\\/tragedia-en-la-ruta-3-choque-frontal-entre-micro-y-camion-dejo-al-menos-cuatro-muertos-y-multiples-heridos-en-san-miguel-del-monte\\\/\"]}]},{\"@type\":\"ImageObject\",\"inLanguage\":\"es\",\"@id\":\"https:\\\/\\\/informelitoral.com.ar\\\/tragedia-en-la-ruta-3-choque-frontal-entre-micro-y-camion-dejo-al-menos-cuatro-muertos-y-multiples-heridos-en-san-miguel-del-monte\\\/#primaryimage\",\"url\":\"https:\\\/\\\/alpha-assets.tadevel-cdn.com\\\/68233071bbc030e6557e8746\\\/720.webp\",\"contentUrl\":\"https:\\\/\\\/alpha-assets.tadevel-cdn.com\\\/68233071bbc030e6557e8746\\\/720.webp\",\"width\":\"960\",\"height\":\"720\"},{\"@type\":\"BreadcrumbList\",\"@id\":\"https:\\\/\\\/informelitoral.com.ar\\\/tragedia-en-la-ruta-3-choque-frontal-entre-micro-y-camion-dejo-al-menos-cuatro-muertos-y-multiples-heridos-en-san-miguel-del-monte\\\/#breadcrumb\",\"itemListElement\":[{\"@type\":\"ListItem\",\"position\":1,\"name\":\"Portada\",\"item\":\"https:\\\/\\\/informelitoral.com.ar\\\/\"},{\"@type\":\"ListItem\",\"position\":2,\"name\":\"Tragedia en la Ruta 3: choque frontal entre micro y cami\u00f3n dej\u00f3 al menos cuatro muertos y m\u00faltiples heridos\"}]},{\"@type\":\"WebSite\",\"@id\":\"https:\\\/\\\/informelitoral.com.ar\\\/#website\",\"url\":\"https:\\\/\\\/informelitoral.com.ar\\\/\",\"name\":\"Informe Litoral\",\"description\":\"&quot;Nos informamos&quot; \",\"publisher\":{\"@id\":\"https:\\\/\\\/informelitoral.com.ar\\\/#organization\"},\"potentialAction\":[{\"@type\":\"SearchAction\",\"target\":{\"@type\":\"EntryPoint\",\"urlTemplate\":\"https:\\\/\\\/informelitoral.com.ar\\\/?s={search_term_string}\"},\"query-input\":{\"@type\":\"PropertyValueSpecification\",\"valueRequired\":true,\"valueName\":\"search_term_string\"}}],\"inLanguage\":\"es\"},{\"@type\":\"Organization\",\"@id\":\"https:\\\/\\\/informelitoral.com.ar\\\/#organization\",\"name\":\"Informe Litoral\",\"url\":\"https:\\\/\\\/informelitoral.com.ar\\\/\",\"logo\":{\"@type\":\"ImageObject\",\"inLanguage\":\"es\",\"@id\":\"https:\\\/\\\/informelitoral.com.ar\\\/#\\\/schema\\\/logo\\\/image\\\/\",\"url\":\"https:\\\/\\\/informelitoral.com.ar\\\/%77%70%2d%63%6f%6e%74%65%6e%74\\\/uploads\\\/2021\\\/01\\\/circulo.png\",\"contentUrl\":\"https:\\\/\\\/informelitoral.com.ar\\\/%77%70%2d%63%6f%6e%74%65%6e%74\\\/uploads\\\/2021\\\/01\\\/circulo.png\",\"width\":723,\"height\":731,\"caption\":\"Informe Litoral\"},\"image\":{\"@id\":\"https:\\\/\\\/informelitoral.com.ar\\\/#\\\/schema\\\/logo\\\/image\\\/\"},\"sameAs\":[\"https:\\\/\\\/www.facebook.com\\\/informelitoral\\\/\",\"https:\\\/\\\/x.com\\\/InformeLitoral\",\"https:\\\/\\\/www.instagram.com\\\/informelitoral\\\/\",\"https:\\\/\\\/www.youtube.com\\\/channel\\\/UCua4Qvz8Icb6MYqhoq9xLXw\"]},{\"@type\":\"Person\",\"@id\":\"https:\\\/\\\/informelitoral.com.ar\\\/#\\\/schema\\\/person\\\/f05f9f461677119578717524b127d6d5\",\"name\":\"Sebastian\",\"image\":{\"@type\":\"ImageObject\",\"inLanguage\":\"es\",\"@id\":\"https:\\\/\\\/secure.gravatar.com\\\/avatar\\\/b71bf7481d447dfb9583c7f2798e7cc64de6efb9067b74633ed8c31059a3bd82?s=96&d=mm&r=g\",\"url\":\"https:\\\/\\\/secure.gravatar.com\\\/avatar\\\/b71bf7481d447dfb9583c7f2798e7cc64de6efb9067b74633ed8c31059a3bd82?s=96&d=mm&r=g\",\"contentUrl\":\"https:\\\/\\\/secure.gravatar.com\\\/avatar\\\/b71bf7481d447dfb9583c7f2798e7cc64de6efb9067b74633ed8c31059a3bd82?s=96&d=mm&r=g\",\"caption\":\"Sebastian\"},\"url\":\"https:\\\/\\\/informelitoral.com.ar\\\/author\\\/sebastian\\\/\"}]}<\/script>","yoast_head_json":{"title":"Tragedia en la Ruta 3: choque frontal entre micro y cami\u00f3n dej\u00f3 al menos cuatro muertos y m\u00faltiples heridos - Informe Litoral","robots":{"index":"index","follow":"follow","max-snippet":"max-snippet:-1","max-image-preview":"max-image-preview:large","max-video-preview":"max-video-preview:-1"},"canonical":"https:\/\/informelitoral.com.ar\/tragedia-en-la-ruta-3-choque-frontal-entre-micro-y-camion-dejo-al-menos-cuatro-muertos-y-multiples-heridos-en-san-miguel-del-monte\/","og_locale":"es_ES","og_type":"article","og_title":"Tragedia en la Ruta 3: choque frontal entre micro y cami\u00f3n dej\u00f3 al menos cuatro muertos y m\u00faltiples heridos - Informe Litoral","og_description":"Ocurri\u00f3 a la altura del kil\u00f3metro 132, en San Miguel del Monte.","og_url":"https:\/\/informelitoral.com.ar\/tragedia-en-la-ruta-3-choque-frontal-entre-micro-y-camion-dejo-al-menos-cuatro-muertos-y-multiples-heridos-en-san-miguel-del-monte\/","og_site_name":"Informe Litoral","article_publisher":"https:\/\/www.facebook.com\/informelitoral\/","article_published_time":"2025-05-13T14:21:59+00:00","article_modified_time":"2025-05-13T19:34:34+00:00","og_image":[{"url":"https:\/\/alpha-assets.tadevel-cdn.com\/68233071bbc030e6557e8746\/720.webp","type":"","width":"","height":""},{"width":960,"height":720,"url":"https:\/\/alpha-assets.tadevel-cdn.com\/68233071bbc030e6557e8746\/720.webp","type":"image\/jpeg"}],"author":"Sebastian","twitter_card":"summary_large_image","twitter_image":"https:\/\/alpha-assets.tadevel-cdn.com\/68233071bbc030e6557e8746\/720.webp","twitter_creator":"@InformeLitoral","twitter_site":"@InformeLitoral","twitter_misc":{"Escrito por":"Sebastian","Tiempo de lectura":"2 minutos"},"schema":{"@context":"https:\/\/schema.org","@graph":[{"@type":"Article","@id":"https:\/\/informelitoral.com.ar\/tragedia-en-la-ruta-3-choque-frontal-entre-micro-y-camion-dejo-al-menos-cuatro-muertos-y-multiples-heridos-en-san-miguel-del-monte\/#article","isPartOf":{"@id":"https:\/\/informelitoral.com.ar\/tragedia-en-la-ruta-3-choque-frontal-entre-micro-y-camion-dejo-al-menos-cuatro-muertos-y-multiples-heridos-en-san-miguel-del-monte\/"},"author":{"name":"Sebastian","@id":"https:\/\/informelitoral.com.ar\/#\/schema\/person\/f05f9f461677119578717524b127d6d5"},"headline":"Tragedia en la Ruta 3: choque frontal entre micro y cami\u00f3n dej\u00f3 al menos cuatro muertos y m\u00faltiples heridos","datePublished":"2025-05-13T14:21:59+00:00","dateModified":"2025-05-13T19:34:34+00:00","mainEntityOfPage":{"@id":"https:\/\/informelitoral.com.ar\/tragedia-en-la-ruta-3-choque-frontal-entre-micro-y-camion-dejo-al-menos-cuatro-muertos-y-multiples-heridos-en-san-miguel-del-monte\/"},"wordCount":232,"commentCount":0,"publisher":{"@id":"https:\/\/informelitoral.com.ar\/#organization"},"image":{"@id":"https:\/\/informelitoral.com.ar\/tragedia-en-la-ruta-3-choque-frontal-entre-micro-y-camion-dejo-al-menos-cuatro-muertos-y-multiples-heridos-en-san-miguel-del-monte\/#primaryimage"},"thumbnailUrl":"https:\/\/alpha-assets.tadevel-cdn.com\/68233071bbc030e6557e8746\/720.webp","keywords":["Choque","Colectivo","Provincia de Buenos Aires"],"articleSection":["Policiales","Sociedad"],"inLanguage":"es","potentialAction":[{"@type":"CommentAction","name":"Comment","target":["https:\/\/informelitoral.com.ar\/tragedia-en-la-ruta-3-choque-frontal-entre-micro-y-camion-dejo-al-menos-cuatro-muertos-y-multiples-heridos-en-san-miguel-del-monte\/#respond"]}]},{"@type":"WebPage","@id":"https:\/\/informelitoral.com.ar\/tragedia-en-la-ruta-3-choque-frontal-entre-micro-y-camion-dejo-al-menos-cuatro-muertos-y-multiples-heridos-en-san-miguel-del-monte\/","url":"https:\/\/informelitoral.com.ar\/tragedia-en-la-ruta-3-choque-frontal-entre-micro-y-camion-dejo-al-menos-cuatro-muertos-y-multiples-heridos-en-san-miguel-del-monte\/","name":"Tragedia en la Ruta 3: choque frontal entre micro y cami\u00f3n dej\u00f3 al menos cuatro muertos y m\u00faltiples heridos - Informe Litoral","isPartOf":{"@id":"https:\/\/informelitoral.com.ar\/#website"},"primaryImageOfPage":{"@id":"https:\/\/informelitoral.com.ar\/tragedia-en-la-ruta-3-choque-frontal-entre-micro-y-camion-dejo-al-menos-cuatro-muertos-y-multiples-heridos-en-san-miguel-del-monte\/#primaryimage"},"image":{"@id":"https:\/\/informelitoral.com.ar\/tragedia-en-la-ruta-3-choque-frontal-entre-micro-y-camion-dejo-al-menos-cuatro-muertos-y-multiples-heridos-en-san-miguel-del-monte\/#primaryimage"},"thumbnailUrl":"https:\/\/alpha-assets.tadevel-cdn.com\/68233071bbc030e6557e8746\/720.webp","datePublished":"2025-05-13T14:21:59+00:00","dateModified":"2025-05-13T19:34:34+00:00","breadcrumb":{"@id":"https:\/\/informelitoral.com.ar\/tragedia-en-la-ruta-3-choque-frontal-entre-micro-y-camion-dejo-al-menos-cuatro-muertos-y-multiples-heridos-en-san-miguel-del-monte\/#breadcrumb"},"inLanguage":"es","potentialAction":[{"@type":"ReadAction","target":["https:\/\/informelitoral.com.ar\/tragedia-en-la-ruta-3-choque-frontal-entre-micro-y-camion-dejo-al-menos-cuatro-muertos-y-multiples-heridos-en-san-miguel-del-monte\/"]}]},{"@type":"ImageObject","inLanguage":"es","@id":"https:\/\/informelitoral.com.ar\/tragedia-en-la-ruta-3-choque-frontal-entre-micro-y-camion-dejo-al-menos-cuatro-muertos-y-multiples-heridos-en-san-miguel-del-monte\/#primaryimage","url":"https:\/\/alpha-assets.tadevel-cdn.com\/68233071bbc030e6557e8746\/720.webp","contentUrl":"https:\/\/alpha-assets.tadevel-cdn.com\/68233071bbc030e6557e8746\/720.webp","width":"960","height":"720"},{"@type":"BreadcrumbList","@id":"https:\/\/informelitoral.com.ar\/tragedia-en-la-ruta-3-choque-frontal-entre-micro-y-camion-dejo-al-menos-cuatro-muertos-y-multiples-heridos-en-san-miguel-del-monte\/#breadcrumb","itemListElement":[{"@type":"ListItem","position":1,"name":"Portada","item":"https:\/\/informelitoral.com.ar\/"},{"@type":"ListItem","position":2,"name":"Tragedia en la Ruta 3: choque frontal entre micro y cami\u00f3n dej\u00f3 al menos cuatro muertos y m\u00faltiples heridos"}]},{"@type":"WebSite","@id":"https:\/\/informelitoral.com.ar\/#website","url":"https:\/\/informelitoral.com.ar\/","name":"Informe Litoral","description":"&quot;Nos informamos&quot; ","publisher":{"@id":"https:\/\/informelitoral.com.ar\/#organization"},"potentialAction":[{"@type":"SearchAction","target":{"@type":"EntryPoint","urlTemplate":"https:\/\/informelitoral.com.ar\/?s={search_term_string}"},"query-input":{"@type":"PropertyValueSpecification","valueRequired":true,"valueName":"search_term_string"}}],"inLanguage":"es"},{"@type":"Organization","@id":"https:\/\/informelitoral.com.ar\/#organization","name":"Informe Litoral","url":"https:\/\/informelitoral.com.ar\/","logo":{"@type":"ImageObject","inLanguage":"es","@id":"https:\/\/informelitoral.com.ar\/#\/schema\/logo\/image\/","url":"https:\/\/informelitoral.com.ar\/%77%70%2d%63%6f%6e%74%65%6e%74\/uploads\/2021\/01\/circulo.png","contentUrl":"https:\/\/informelitoral.com.ar\/%77%70%2d%63%6f%6e%74%65%6e%74\/uploads\/2021\/01\/circulo.png","width":723,"height":731,"caption":"Informe Litoral"},"image":{"@id":"https:\/\/informelitoral.com.ar\/#\/schema\/logo\/image\/"},"sameAs":["https:\/\/www.facebook.com\/informelitoral\/","https:\/\/x.com\/InformeLitoral","https:\/\/www.instagram.com\/informelitoral\/","https:\/\/www.youtube.com\/channel\/UCua4Qvz8Icb6MYqhoq9xLXw"]},{"@type":"Person","@id":"https:\/\/informelitoral.com.ar\/#\/schema\/person\/f05f9f461677119578717524b127d6d5","name":"Sebastian","image":{"@type":"ImageObject","inLanguage":"es","@id":"https:\/\/secure.gravatar.com\/avatar\/b71bf7481d447dfb9583c7f2798e7cc64de6efb9067b74633ed8c31059a3bd82?s=96&d=mm&r=g","url":"https:\/\/secure.gravatar.com\/avatar\/b71bf7481d447dfb9583c7f2798e7cc64de6efb9067b74633ed8c31059a3bd82?s=96&d=mm&r=g","contentUrl":"https:\/\/secure.gravatar.com\/avatar\/b71bf7481d447dfb9583c7f2798e7cc64de6efb9067b74633ed8c31059a3bd82?s=96&d=mm&r=g","caption":"Sebastian"},"url":"https:\/\/informelitoral.com.ar\/author\/sebastian\/"}]}},"fifu_image_url":"https:\/\/alpha-assets.tadevel-cdn.com\/68233071bbc030e6557e8746\/720.webp","_links":{"self":[{"href":"https:\/\/informelitoral.com.ar\/%77%70%2d%6a%73%6f%6e\/wp\/v2\/posts\/221473","targetHints":{"allow":["GET"]}}],"collection":[{"href":"https:\/\/informelitoral.com.ar\/%77%70%2d%6a%73%6f%6e\/wp\/v2\/posts"}],"about":[{"href":"https:\/\/informelitoral.com.ar\/%77%70%2d%6a%73%6f%6e\/wp\/v2\/types\/post"}],"author":[{"embeddable":true,"href":"https:\/\/informelitoral.com.ar\/%77%70%2d%6a%73%6f%6e\/wp\/v2\/users\/8"}],"replies":[{"embeddable":true,"href":"https:\/\/informelitoral.com.ar\/%77%70%2d%6a%73%6f%6e\/wp\/v2\/comments?post=221473"}],"version-history":[{"count":0,"href":"https:\/\/informelitoral.com.ar\/%77%70%2d%6a%73%6f%6e\/wp\/v2\/posts\/221473\/revisions"}],"wp:featuredmedia":[{"embeddable":true,"href":"https:\/\/informelitoral.com.ar\/%77%70%2d%6a%73%6f%6e\/wp\/v2\/media\/221474"}],"wp:attachment":[{"href":"https:\/\/informelitoral.com.ar\/%77%70%2d%6a%73%6f%6e\/wp\/v2\/media?parent=221473"}],"wp:term":[{"taxonomy":"category","embeddable":true,"href":"https:\/\/informelitoral.com.ar\/%77%70%2d%6a%73%6f%6e\/wp\/v2\/categories?post=221473"},{"taxonomy":"post_tag","embeddable":true,"href":"https:\/\/informelitoral.com.ar\/%77%70%2d%6a%73%6f%6e\/wp\/v2\/tags?post=221473"}],"curies":[{"name":"wp","href":"https:\/\/api.w.org\/{rel}","templated":true}]}}