{"id":221364,"date":"2025-05-13T07:57:29","date_gmt":"2025-05-13T10:57:29","guid":{"rendered":"https:\/\/informelitoral.com.ar\/?p=221364"},"modified":"2025-05-13T07:57:29","modified_gmt":"2025-05-13T10:57:29","slug":"escuelas-entrerrianas-recibieron-nuevas-computadoras","status":"publish","type":"post","link":"https:\/\/informelitoral.com.ar\/escuelas-entrerrianas-recibieron-nuevas-computadoras\/","title":{"rendered":"Escuelas entrerrianas recibieron nuevas computadoras"},"content":{"rendered":"<p>El presidente de la C\u00e1mara de Diputados,\u00a0<strong>Gustavo Hein<\/strong>, y la titular del Consejo General de Educaci\u00f3n (CGE),\u00a0<strong>Alicia Fregonese<\/strong>, encabezaron este lunes el acto de\u00a0<strong>entrega de computadoras a las escuelas que participaron el a\u00f1o pasado del proyecto Visionarios<\/strong>, por el cual estudiantes secundarios realizaron programas de radio sobre diversas tem\u00e1ticas vinculadas al quehacer legislativo.<\/p>\n<p>Durante 2024, el proyecto cont\u00f3 con la participaci\u00f3n de\u00a0<strong>11 instituciones educativas<\/strong>. Autoridades de escuelas de\u00a0<strong>San Jos\u00e9 de Feliciano, La Paz, Ibicuy, Victoria, San Jos\u00e9 y Paran\u00e1<\/strong>\u00a0asistieron al acto realizado en el Sal\u00f3n de los Pasos Perdidos y recibieron los equipos inform\u00e1ticos que les ser\u00e1n de utilidad para el desarrollo de sus actividades pedag\u00f3gicas.<\/p>\n<p>Al respecto, Hein destac\u00f3: \u201c<strong>Cuando iniciamos este programa nos propusimos abrir esta C\u00e1mara a las problem\u00e1ticas territoriales<\/strong>. Y nada mejor que generar un convenio con el CGE para permitir la participaci\u00f3n de los j\u00f3venes en los temas que les interesa, que muchas veces no son aquellos de los que hablamos los funcionarios\u201d.<\/p>\n<p>\u201cHemos llegado a buen puerto. Visionarios se inici\u00f3 all\u00e1 por agosto y estamos cerrando con las 11 escuelas que se inscribieron; pero este fue s\u00f3lo el puntapi\u00e9 inicial.\u00a0<strong>Somos una herramienta para generar puentes y eso nos hace sentir \u00fatiles desde nuestro lugar<\/strong>\u201d, agreg\u00f3 el presidente de la C\u00e1mara de Diputados<\/p>\n<p>Por su parte, la titular del CGE consider\u00f3: \u201cEl objetivo de este programa es generar un v\u00ednculo entre los alumnos de secundaria y el Poder Legislativo.\u00a0<strong>Esto contribuye a fomentar lo que llamamos ciudadan\u00eda global, que es la participaci\u00f3n de los estudiantes no solamente en lo pedag\u00f3gico y el desarrollo de habilidades<\/strong>, sino tambi\u00e9n en el compromiso con su territorio\u201d. Luego continu\u00f3: \u201cLa construcci\u00f3n de ciudadan\u00eda y la identidad son muy importantes para darles seguridad y que puedan tener sus proyectos de vida\u201d.<\/p>\n<p><strong>Clarisa Chapino<\/strong>, rectora del Instituto San Jos\u00e9 de Feliciano de la localidad del mismo nombre, manifest\u00f3 su satisfacci\u00f3n y agradecimiento por el equipamiento recibido y por la participaci\u00f3n de los estudiantes de su colegio. \u201cLos chicos hicieron dos programas: uno sobre grooming y otro sobre personas desaparecidas, a cargo del docente de Pr\u00e1cticas Comunicacionales. Fue importante para ellos y una linda experiencia poder realizar estas actividades\u201d, dijo.<\/p>\n<p>Edith Faviere, vicerrectora del Instituto Nuestra Se\u00f1ora de la Merced de La Paz, se\u00f1al\u00f3 que \u201ces un privilegio poder mostrar lo que realizan los estudiantes durante las actividades acad\u00e9micas, espec\u00edficamente en la orientaci\u00f3n en Comunicaci\u00f3n\u201d. Y a\u00f1adi\u00f3: \u201cAhora nos toca una etapa de muchos desaf\u00edos, sobre todo con el uso de la tecnolog\u00eda y recibir equipamiento nos facilita el trabajo\u201d.<\/p>\n<p><strong>Ver\u00f3nica Puig,<\/strong>\u00a0docente del mismo instituto, coment\u00f3: \u201cNos entusiasmamos enormemente y pudimos plantear dos temas importantes para el departamento: el cuidado del suelo y la ense\u00f1anza de la lengua chan\u00e1. Adem\u00e1s dimos a conocer la actividad de un alumno que es m\u00fasico. Destaco que resolvimos todo dentro del colegio; grabamos y editamos en el aula con equipamiento propio, as\u00ed que esta computadora nos viene muy bien para que los chicos puedan desarrollar sus habilidades personales\u201d.<\/p>\n<h6><em><strong>Del archivo:\u00a0<a href=\"https:\/\/informelitoral.com.ar\/la-obra-de-repavimentacion-de-la-ruta-provincial-no-10-presenta-un-50-por-ciento-de-avance\/\" target=\"_blank\" rel=\"noopener\">La obra de repavimentaci\u00f3n de la ruta provincial N\u00ba 10 presenta un 50 por ciento de avance<\/a><\/strong><\/em><\/h6>\n","protected":false},"excerpt":{"rendered":"<p>Son 11 instituciones de seis departamentos, que ahora cuentan con nuevo equioamiento. Fue en un acto encabezado por el presidente de la C\u00e1mara de Diputados, Gustavo Hein.<\/p>\n","protected":false},"author":2,"featured_media":221365,"comment_status":"open","ping_status":"open","sticky":false,"template":"","format":"standard","meta":{"fifu_image_url":"https:\/\/i0.wp.com\/ahora.com.ar\/wp-content\/uploads\/2025\/05\/Hein-Fregoneses.jpg?resize=696%2C464&quality=89&ssl=1","fifu_image_alt":"","footnotes":""},"categories":[16],"tags":[845,3627,196,98,1589,287],"class_list":{"0":"post-221364","1":"post","2":"type-post","3":"status-publish","4":"format-standard","5":"has-post-thumbnail","7":"category-politi","8":"tag-alicia-fregonese","9":"tag-camara-de-diputados","10":"tag-diputados","11":"tag-educacion","12":"tag-gustavo-hein","13":"tag-legislativas"},"yoast_head":"<title>Escuelas entrerrianas recibieron nuevas computadoras - Informe Litoral<\/title>\n<meta name=\"robots\" content=\"index, follow, max-snippet:-1, max-image-preview:large, max-video-preview:-1\" \/>\n<link rel=\"canonical\" href=\"https:\/\/informelitoral.com.ar\/escuelas-entrerrianas-recibieron-nuevas-computadoras\/\" \/>\n<meta property=\"og:locale\" content=\"es_ES\" \/>\n<meta property=\"og:type\" content=\"article\" \/>\n<meta property=\"og:title\" content=\"Escuelas entrerrianas recibieron nuevas computadoras - Informe Litoral\" \/>\n<meta property=\"og:description\" content=\"Son 11 instituciones de seis departamentos, que ahora cuentan con nuevo equioamiento. Fue en un acto encabezado por el presidente de la C\u00e1mara de Diputados, Gustavo Hein.\" \/>\n<meta property=\"og:url\" content=\"https:\/\/informelitoral.com.ar\/escuelas-entrerrianas-recibieron-nuevas-computadoras\/\" \/>\n<meta property=\"og:site_name\" content=\"Informe Litoral\" \/>\n<meta property=\"article:publisher\" content=\"https:\/\/www.facebook.com\/informelitoral\/\" \/>\n<meta property=\"article:published_time\" content=\"2025-05-13T10:57:29+00:00\" \/>\n<meta property=\"og:image\" content=\"https:\/\/i0.wp.com\/ahora.com.ar\/%77%70%2d%63%6f%6e%74%65%6e%74\/uploads\/2025\/05\/Hein-Fregoneses.jpg?resize=696%2C464&quality=89&ssl=1\" \/>\n<meta name=\"author\" content=\"Gonzalo Schmidt\" \/>\n<meta name=\"twitter:card\" content=\"summary_large_image\" \/>\n<meta name=\"twitter:image\" content=\"https:\/\/i0.wp.com\/ahora.com.ar\/%77%70%2d%63%6f%6e%74%65%6e%74\/uploads\/2025\/05\/Hein-Fregoneses.jpg?resize=696%2C464&quality=89&ssl=1\" \/>\n<meta name=\"twitter:creator\" content=\"@InformeLitoral\" \/>\n<meta name=\"twitter:site\" content=\"@InformeLitoral\" \/>\n<meta name=\"twitter:label1\" content=\"Escrito por\" \/>\n\t<meta name=\"twitter:data1\" content=\"Gonzalo Schmidt\" \/>\n\t<meta name=\"twitter:label2\" content=\"Tiempo de lectura\" \/>\n\t<meta name=\"twitter:data2\" content=\"3 minutos\" \/>\n<script type=\"application\/ld+json\" class=\"yoast-schema-graph\">{\"@context\":\"https:\\\/\\\/schema.org\",\"@graph\":[{\"@type\":\"Article\",\"@id\":\"https:\\\/\\\/informelitoral.com.ar\\\/escuelas-entrerrianas-recibieron-nuevas-computadoras\\\/#article\",\"isPartOf\":{\"@id\":\"https:\\\/\\\/informelitoral.com.ar\\\/escuelas-entrerrianas-recibieron-nuevas-computadoras\\\/\"},\"author\":{\"name\":\"Gonzalo Schmidt\",\"@id\":\"https:\\\/\\\/informelitoral.com.ar\\\/#\\\/schema\\\/person\\\/b9d00407c836482871ef1d57bf8e3180\"},\"headline\":\"Escuelas entrerrianas recibieron nuevas computadoras\",\"datePublished\":\"2025-05-13T10:57:29+00:00\",\"mainEntityOfPage\":{\"@id\":\"https:\\\/\\\/informelitoral.com.ar\\\/escuelas-entrerrianas-recibieron-nuevas-computadoras\\\/\"},\"wordCount\":558,\"commentCount\":0,\"publisher\":{\"@id\":\"https:\\\/\\\/informelitoral.com.ar\\\/#organization\"},\"image\":{\"@id\":\"https:\\\/\\\/informelitoral.com.ar\\\/escuelas-entrerrianas-recibieron-nuevas-computadoras\\\/#primaryimage\"},\"thumbnailUrl\":\"https:\\\/\\\/i0.wp.com\\\/ahora.com.ar\\\/%77%70%2d%63%6f%6e%74%65%6e%74\\\/uploads\\\/2025\\\/05\\\/Hein-Fregoneses.jpg?resize=696%2C464&quality=89&ssl=1\",\"keywords\":[\"Alicia Fregonese\",\"C\u00e1mara de Diputados\",\"Diputados\",\"Educaci\u00f3n\",\"Gustavo Hein\",\"Legislativas\"],\"articleSection\":[\"Politica\"],\"inLanguage\":\"es\",\"potentialAction\":[{\"@type\":\"CommentAction\",\"name\":\"Comment\",\"target\":[\"https:\\\/\\\/informelitoral.com.ar\\\/escuelas-entrerrianas-recibieron-nuevas-computadoras\\\/#respond\"]}]},{\"@type\":\"WebPage\",\"@id\":\"https:\\\/\\\/informelitoral.com.ar\\\/escuelas-entrerrianas-recibieron-nuevas-computadoras\\\/\",\"url\":\"https:\\\/\\\/informelitoral.com.ar\\\/escuelas-entrerrianas-recibieron-nuevas-computadoras\\\/\",\"name\":\"Escuelas entrerrianas recibieron nuevas computadoras - Informe Litoral\",\"isPartOf\":{\"@id\":\"https:\\\/\\\/informelitoral.com.ar\\\/#website\"},\"primaryImageOfPage\":{\"@id\":\"https:\\\/\\\/informelitoral.com.ar\\\/escuelas-entrerrianas-recibieron-nuevas-computadoras\\\/#primaryimage\"},\"image\":{\"@id\":\"https:\\\/\\\/informelitoral.com.ar\\\/escuelas-entrerrianas-recibieron-nuevas-computadoras\\\/#primaryimage\"},\"thumbnailUrl\":\"https:\\\/\\\/i0.wp.com\\\/ahora.com.ar\\\/%77%70%2d%63%6f%6e%74%65%6e%74\\\/uploads\\\/2025\\\/05\\\/Hein-Fregoneses.jpg?resize=696%2C464&quality=89&ssl=1\",\"datePublished\":\"2025-05-13T10:57:29+00:00\",\"breadcrumb\":{\"@id\":\"https:\\\/\\\/informelitoral.com.ar\\\/escuelas-entrerrianas-recibieron-nuevas-computadoras\\\/#breadcrumb\"},\"inLanguage\":\"es\",\"potentialAction\":[{\"@type\":\"ReadAction\",\"target\":[\"https:\\\/\\\/informelitoral.com.ar\\\/escuelas-entrerrianas-recibieron-nuevas-computadoras\\\/\"]}]},{\"@type\":\"ImageObject\",\"inLanguage\":\"es\",\"@id\":\"https:\\\/\\\/informelitoral.com.ar\\\/escuelas-entrerrianas-recibieron-nuevas-computadoras\\\/#primaryimage\",\"url\":\"https:\\\/\\\/i0.wp.com\\\/ahora.com.ar\\\/%77%70%2d%63%6f%6e%74%65%6e%74\\\/uploads\\\/2025\\\/05\\\/Hein-Fregoneses.jpg?resize=696%2C464&quality=89&ssl=1\",\"contentUrl\":\"https:\\\/\\\/i0.wp.com\\\/ahora.com.ar\\\/%77%70%2d%63%6f%6e%74%65%6e%74\\\/uploads\\\/2025\\\/05\\\/Hein-Fregoneses.jpg?resize=696%2C464&quality=89&ssl=1\",\"width\":\"696\",\"height\":\"464\"},{\"@type\":\"BreadcrumbList\",\"@id\":\"https:\\\/\\\/informelitoral.com.ar\\\/escuelas-entrerrianas-recibieron-nuevas-computadoras\\\/#breadcrumb\",\"itemListElement\":[{\"@type\":\"ListItem\",\"position\":1,\"name\":\"Portada\",\"item\":\"https:\\\/\\\/informelitoral.com.ar\\\/\"},{\"@type\":\"ListItem\",\"position\":2,\"name\":\"Escuelas entrerrianas recibieron nuevas computadoras\"}]},{\"@type\":\"WebSite\",\"@id\":\"https:\\\/\\\/informelitoral.com.ar\\\/#website\",\"url\":\"https:\\\/\\\/informelitoral.com.ar\\\/\",\"name\":\"Informe Litoral\",\"description\":\"&quot;Nos informamos&quot; \",\"publisher\":{\"@id\":\"https:\\\/\\\/informelitoral.com.ar\\\/#organization\"},\"potentialAction\":[{\"@type\":\"SearchAction\",\"target\":{\"@type\":\"EntryPoint\",\"urlTemplate\":\"https:\\\/\\\/informelitoral.com.ar\\\/?s={search_term_string}\"},\"query-input\":{\"@type\":\"PropertyValueSpecification\",\"valueRequired\":true,\"valueName\":\"search_term_string\"}}],\"inLanguage\":\"es\"},{\"@type\":\"Organization\",\"@id\":\"https:\\\/\\\/informelitoral.com.ar\\\/#organization\",\"name\":\"Informe Litoral\",\"url\":\"https:\\\/\\\/informelitoral.com.ar\\\/\",\"logo\":{\"@type\":\"ImageObject\",\"inLanguage\":\"es\",\"@id\":\"https:\\\/\\\/informelitoral.com.ar\\\/#\\\/schema\\\/logo\\\/image\\\/\",\"url\":\"https:\\\/\\\/informelitoral.com.ar\\\/%77%70%2d%63%6f%6e%74%65%6e%74\\\/uploads\\\/2021\\\/01\\\/circulo.png\",\"contentUrl\":\"https:\\\/\\\/informelitoral.com.ar\\\/%77%70%2d%63%6f%6e%74%65%6e%74\\\/uploads\\\/2021\\\/01\\\/circulo.png\",\"width\":723,\"height\":731,\"caption\":\"Informe Litoral\"},\"image\":{\"@id\":\"https:\\\/\\\/informelitoral.com.ar\\\/#\\\/schema\\\/logo\\\/image\\\/\"},\"sameAs\":[\"https:\\\/\\\/www.facebook.com\\\/informelitoral\\\/\",\"https:\\\/\\\/x.com\\\/InformeLitoral\",\"https:\\\/\\\/www.instagram.com\\\/informelitoral\\\/\",\"https:\\\/\\\/www.youtube.com\\\/channel\\\/UCua4Qvz8Icb6MYqhoq9xLXw\"]},{\"@type\":\"Person\",\"@id\":\"https:\\\/\\\/informelitoral.com.ar\\\/#\\\/schema\\\/person\\\/b9d00407c836482871ef1d57bf8e3180\",\"name\":\"Gonzalo Schmidt\",\"image\":{\"@type\":\"ImageObject\",\"inLanguage\":\"es\",\"@id\":\"https:\\\/\\\/secure.gravatar.com\\\/avatar\\\/31a1a7b66ff2de83bd0e9fd79d026630d2d99e55e8bfe501287647b4fd9743de?s=96&d=mm&r=g\",\"url\":\"https:\\\/\\\/secure.gravatar.com\\\/avatar\\\/31a1a7b66ff2de83bd0e9fd79d026630d2d99e55e8bfe501287647b4fd9743de?s=96&d=mm&r=g\",\"contentUrl\":\"https:\\\/\\\/secure.gravatar.com\\\/avatar\\\/31a1a7b66ff2de83bd0e9fd79d026630d2d99e55e8bfe501287647b4fd9743de?s=96&d=mm&r=g\",\"caption\":\"Gonzalo Schmidt\"},\"description\":\"Sitio web de noticias de la provincia de Entre R\u00edos, Argentina. Informaci\u00f3n y entretenimiento. Informe Litoral, nos informamos.\",\"sameAs\":[\"http:\\\/\\\/www.isletasnoticias.com.ar\"],\"url\":\"https:\\\/\\\/informelitoral.com.ar\\\/author\\\/gonzalo\\\/\"}]}<\/script>","yoast_head_json":{"title":"Escuelas entrerrianas recibieron nuevas computadoras - Informe Litoral","robots":{"index":"index","follow":"follow","max-snippet":"max-snippet:-1","max-image-preview":"max-image-preview:large","max-video-preview":"max-video-preview:-1"},"canonical":"https:\/\/informelitoral.com.ar\/escuelas-entrerrianas-recibieron-nuevas-computadoras\/","og_locale":"es_ES","og_type":"article","og_title":"Escuelas entrerrianas recibieron nuevas computadoras - Informe Litoral","og_description":"Son 11 instituciones de seis departamentos, que ahora cuentan con nuevo equioamiento. Fue en un acto encabezado por el presidente de la C\u00e1mara de Diputados, Gustavo Hein.","og_url":"https:\/\/informelitoral.com.ar\/escuelas-entrerrianas-recibieron-nuevas-computadoras\/","og_site_name":"Informe Litoral","article_publisher":"https:\/\/www.facebook.com\/informelitoral\/","article_published_time":"2025-05-13T10:57:29+00:00","og_image":[{"url":"https:\/\/i0.wp.com\/ahora.com.ar\/wp-content\/uploads\/2025\/05\/Hein-Fregoneses.jpg?resize=696%2C464&quality=89&ssl=1","type":"","width":"","height":""}],"author":"Gonzalo Schmidt","twitter_card":"summary_large_image","twitter_image":"https:\/\/i0.wp.com\/ahora.com.ar\/wp-content\/uploads\/2025\/05\/Hein-Fregoneses.jpg?resize=696%2C464&quality=89&ssl=1","twitter_creator":"@InformeLitoral","twitter_site":"@InformeLitoral","twitter_misc":{"Escrito por":"Gonzalo Schmidt","Tiempo de lectura":"3 minutos"},"schema":{"@context":"https:\/\/schema.org","@graph":[{"@type":"Article","@id":"https:\/\/informelitoral.com.ar\/escuelas-entrerrianas-recibieron-nuevas-computadoras\/#article","isPartOf":{"@id":"https:\/\/informelitoral.com.ar\/escuelas-entrerrianas-recibieron-nuevas-computadoras\/"},"author":{"name":"Gonzalo Schmidt","@id":"https:\/\/informelitoral.com.ar\/#\/schema\/person\/b9d00407c836482871ef1d57bf8e3180"},"headline":"Escuelas entrerrianas recibieron nuevas computadoras","datePublished":"2025-05-13T10:57:29+00:00","mainEntityOfPage":{"@id":"https:\/\/informelitoral.com.ar\/escuelas-entrerrianas-recibieron-nuevas-computadoras\/"},"wordCount":558,"commentCount":0,"publisher":{"@id":"https:\/\/informelitoral.com.ar\/#organization"},"image":{"@id":"https:\/\/informelitoral.com.ar\/escuelas-entrerrianas-recibieron-nuevas-computadoras\/#primaryimage"},"thumbnailUrl":"https:\/\/i0.wp.com\/ahora.com.ar\/%77%70%2d%63%6f%6e%74%65%6e%74\/uploads\/2025\/05\/Hein-Fregoneses.jpg?resize=696%2C464&quality=89&ssl=1","keywords":["Alicia Fregonese","C\u00e1mara de Diputados","Diputados","Educaci\u00f3n","Gustavo Hein","Legislativas"],"articleSection":["Politica"],"inLanguage":"es","potentialAction":[{"@type":"CommentAction","name":"Comment","target":["https:\/\/informelitoral.com.ar\/escuelas-entrerrianas-recibieron-nuevas-computadoras\/#respond"]}]},{"@type":"WebPage","@id":"https:\/\/informelitoral.com.ar\/escuelas-entrerrianas-recibieron-nuevas-computadoras\/","url":"https:\/\/informelitoral.com.ar\/escuelas-entrerrianas-recibieron-nuevas-computadoras\/","name":"Escuelas entrerrianas recibieron nuevas computadoras - Informe Litoral","isPartOf":{"@id":"https:\/\/informelitoral.com.ar\/#website"},"primaryImageOfPage":{"@id":"https:\/\/informelitoral.com.ar\/escuelas-entrerrianas-recibieron-nuevas-computadoras\/#primaryimage"},"image":{"@id":"https:\/\/informelitoral.com.ar\/escuelas-entrerrianas-recibieron-nuevas-computadoras\/#primaryimage"},"thumbnailUrl":"https:\/\/i0.wp.com\/ahora.com.ar\/%77%70%2d%63%6f%6e%74%65%6e%74\/uploads\/2025\/05\/Hein-Fregoneses.jpg?resize=696%2C464&quality=89&ssl=1","datePublished":"2025-05-13T10:57:29+00:00","breadcrumb":{"@id":"https:\/\/informelitoral.com.ar\/escuelas-entrerrianas-recibieron-nuevas-computadoras\/#breadcrumb"},"inLanguage":"es","potentialAction":[{"@type":"ReadAction","target":["https:\/\/informelitoral.com.ar\/escuelas-entrerrianas-recibieron-nuevas-computadoras\/"]}]},{"@type":"ImageObject","inLanguage":"es","@id":"https:\/\/informelitoral.com.ar\/escuelas-entrerrianas-recibieron-nuevas-computadoras\/#primaryimage","url":"https:\/\/i0.wp.com\/ahora.com.ar\/%77%70%2d%63%6f%6e%74%65%6e%74\/uploads\/2025\/05\/Hein-Fregoneses.jpg?resize=696%2C464&quality=89&ssl=1","contentUrl":"https:\/\/i0.wp.com\/ahora.com.ar\/%77%70%2d%63%6f%6e%74%65%6e%74\/uploads\/2025\/05\/Hein-Fregoneses.jpg?resize=696%2C464&quality=89&ssl=1","width":"696","height":"464"},{"@type":"BreadcrumbList","@id":"https:\/\/informelitoral.com.ar\/escuelas-entrerrianas-recibieron-nuevas-computadoras\/#breadcrumb","itemListElement":[{"@type":"ListItem","position":1,"name":"Portada","item":"https:\/\/informelitoral.com.ar\/"},{"@type":"ListItem","position":2,"name":"Escuelas entrerrianas recibieron nuevas computadoras"}]},{"@type":"WebSite","@id":"https:\/\/informelitoral.com.ar\/#website","url":"https:\/\/informelitoral.com.ar\/","name":"Informe Litoral","description":"&quot;Nos informamos&quot; ","publisher":{"@id":"https:\/\/informelitoral.com.ar\/#organization"},"potentialAction":[{"@type":"SearchAction","target":{"@type":"EntryPoint","urlTemplate":"https:\/\/informelitoral.com.ar\/?s={search_term_string}"},"query-input":{"@type":"PropertyValueSpecification","valueRequired":true,"valueName":"search_term_string"}}],"inLanguage":"es"},{"@type":"Organization","@id":"https:\/\/informelitoral.com.ar\/#organization","name":"Informe Litoral","url":"https:\/\/informelitoral.com.ar\/","logo":{"@type":"ImageObject","inLanguage":"es","@id":"https:\/\/informelitoral.com.ar\/#\/schema\/logo\/image\/","url":"https:\/\/informelitoral.com.ar\/%77%70%2d%63%6f%6e%74%65%6e%74\/uploads\/2021\/01\/circulo.png","contentUrl":"https:\/\/informelitoral.com.ar\/%77%70%2d%63%6f%6e%74%65%6e%74\/uploads\/2021\/01\/circulo.png","width":723,"height":731,"caption":"Informe Litoral"},"image":{"@id":"https:\/\/informelitoral.com.ar\/#\/schema\/logo\/image\/"},"sameAs":["https:\/\/www.facebook.com\/informelitoral\/","https:\/\/x.com\/InformeLitoral","https:\/\/www.instagram.com\/informelitoral\/","https:\/\/www.youtube.com\/channel\/UCua4Qvz8Icb6MYqhoq9xLXw"]},{"@type":"Person","@id":"https:\/\/informelitoral.com.ar\/#\/schema\/person\/b9d00407c836482871ef1d57bf8e3180","name":"Gonzalo Schmidt","image":{"@type":"ImageObject","inLanguage":"es","@id":"https:\/\/secure.gravatar.com\/avatar\/31a1a7b66ff2de83bd0e9fd79d026630d2d99e55e8bfe501287647b4fd9743de?s=96&d=mm&r=g","url":"https:\/\/secure.gravatar.com\/avatar\/31a1a7b66ff2de83bd0e9fd79d026630d2d99e55e8bfe501287647b4fd9743de?s=96&d=mm&r=g","contentUrl":"https:\/\/secure.gravatar.com\/avatar\/31a1a7b66ff2de83bd0e9fd79d026630d2d99e55e8bfe501287647b4fd9743de?s=96&d=mm&r=g","caption":"Gonzalo Schmidt"},"description":"Sitio web de noticias de la provincia de Entre R\u00edos, Argentina. Informaci\u00f3n y entretenimiento. Informe Litoral, nos informamos.","sameAs":["http:\/\/www.isletasnoticias.com.ar"],"url":"https:\/\/informelitoral.com.ar\/author\/gonzalo\/"}]}},"fifu_image_url":"https:\/\/i0.wp.com\/ahora.com.ar\/wp-content\/uploads\/2025\/05\/Hein-Fregoneses.jpg?resize=696%2C464&quality=89&ssl=1","_links":{"self":[{"href":"https:\/\/informelitoral.com.ar\/%77%70%2d%6a%73%6f%6e\/wp\/v2\/posts\/221364","targetHints":{"allow":["GET"]}}],"collection":[{"href":"https:\/\/informelitoral.com.ar\/%77%70%2d%6a%73%6f%6e\/wp\/v2\/posts"}],"about":[{"href":"https:\/\/informelitoral.com.ar\/%77%70%2d%6a%73%6f%6e\/wp\/v2\/types\/post"}],"author":[{"embeddable":true,"href":"https:\/\/informelitoral.com.ar\/%77%70%2d%6a%73%6f%6e\/wp\/v2\/users\/2"}],"replies":[{"embeddable":true,"href":"https:\/\/informelitoral.com.ar\/%77%70%2d%6a%73%6f%6e\/wp\/v2\/comments?post=221364"}],"version-history":[{"count":0,"href":"https:\/\/informelitoral.com.ar\/%77%70%2d%6a%73%6f%6e\/wp\/v2\/posts\/221364\/revisions"}],"wp:featuredmedia":[{"embeddable":true,"href":"https:\/\/informelitoral.com.ar\/%77%70%2d%6a%73%6f%6e\/wp\/v2\/media\/221365"}],"wp:attachment":[{"href":"https:\/\/informelitoral.com.ar\/%77%70%2d%6a%73%6f%6e\/wp\/v2\/media?parent=221364"}],"wp:term":[{"taxonomy":"category","embeddable":true,"href":"https:\/\/informelitoral.com.ar\/%77%70%2d%6a%73%6f%6e\/wp\/v2\/categories?post=221364"},{"taxonomy":"post_tag","embeddable":true,"href":"https:\/\/informelitoral.com.ar\/%77%70%2d%6a%73%6f%6e\/wp\/v2\/tags?post=221364"}],"curies":[{"name":"wp","href":"https:\/\/api.w.org\/{rel}","templated":true}]}}