{"id":221356,"date":"2025-05-13T07:27:03","date_gmt":"2025-05-13T10:27:03","guid":{"rendered":"https:\/\/informelitoral.com.ar\/?p=221356"},"modified":"2025-05-13T07:27:03","modified_gmt":"2025-05-13T10:27:03","slug":"la-salud-de-los-trabajadores-no-puede-estar-secuestrada-por-intereses-corporativos","status":"publish","type":"post","link":"https:\/\/informelitoral.com.ar\/la-salud-de-los-trabajadores-no-puede-estar-secuestrada-por-intereses-corporativos\/","title":{"rendered":"\u201cLa salud de los trabajadores no puede estar secuestrada por intereses corporativos\u201d"},"content":{"rendered":"<p>En Entre R\u00edos estamos discutiendo algo mucho m\u00e1s profundo que una ley. Lo que est\u00e1 en juego es la posibilidad concreta de recuperar una obra social que durante a\u00f1os fue v\u00edctima de un manejo oscuro, negligente y, en muchos casos, claramente corrupto. Y lo estamos haciendo con datos, con responsabilidad y con la firme decisi\u00f3n de poner en el centro de la escena a los m\u00e1s de 300.000 afiliados que necesitan un sistema transparente, eficiente y justo.<\/p>\n<p>Desde que se dispuso la intervenci\u00f3n del IOSPER salieron a la luz cifras que no pueden ni deben naturalizarse: s\u00f3lo en medicamentos, la gesti\u00f3n anterior gener\u00f3 un perjuicio econ\u00f3mico superior a los 22.000 millones de pesos anuales, con sobreprecios que en algunos casos superaron el 1.700 por ciento. \u00bfQui\u00e9n puede mirar para otro lado ante semejante saqueo?<\/p>\n<p>La respuesta del equipo interventor fue inmediata y contundente. Se renegociaron deudas, se desactivaron mecanismos de corrupci\u00f3n, se dise\u00f1\u00f3 un nuevo modelo de contrataci\u00f3n que permitir\u00e1 reducir el peso del gasto en medicamentos del 50 al 35 por ciento de los ingresos, sin afectar la calidad de atenci\u00f3n. Se incorporaron actores clave, como la C\u00e1mara de Farmacias de Entre R\u00edos, para ampliar la cobertura territorial y garantizar precios justos. Y, lo m\u00e1s importante, se puso fin a un sistema perverso que, con la excusa de prestar un servicio, desviaba recursos en beneficio de unos pocos.<\/p>\n<p>Sabemos que hay sectores que resisten el cambio. Es comprensible: est\u00e1n defendiendo privilegios, no derechos. Hay gremios que, en lugar de aportar al debate, optan por levantar una bandera corporativa. Nosotros, en cambio, preferimos hablar con hechos.<\/p>\n<p>La transformaci\u00f3n que estamos impulsando no es contra los trabajadores, sino en defensa de los trabajadores. Porque ning\u00fan docente, polic\u00eda o enfermero merece quedar atrapado en una obra social que paga precios obscenos por medicamentos gen\u00e9ricos. Porque ning\u00fan afiliado merece seguir financiando ineficiencias que derivan en demoras, cortes de servicio o prestaciones inadecuadas.<\/p>\n<p>Esta ley no es una imposici\u00f3n: es una necesidad. Pero tambi\u00e9n es una oportunidad hist\u00f3rica. La oportunidad de contar, por fin, con una obra social que funcione, que rinda cuentas, que cuide los recursos p\u00fablicos y que garantice salud de calidad.<\/p>\n<p>Quienes hoy levantan la voz contra esta reforma deber\u00edan preguntarse a qui\u00e9n est\u00e1n defendiendo. Nosotros lo tenemos claro: defendemos a los entrerrianos.<\/p>\n","protected":false},"excerpt":{"rendered":"<p>-Por Marcelo L\u00f3pez, diputado provincial y presidente del Bloque Juntos por Entre R\u00edos<\/p>\n","protected":false},"author":2,"featured_media":221357,"comment_status":"open","ping_status":"open","sticky":false,"template":"","format":"standard","meta":{"fifu_image_url":"https:\/\/www.novaentrerios.com\/data\/fotos2\/bbx_221265792_entrerios.jpg","fifu_image_alt":"","footnotes":""},"categories":[11],"tags":[604,2540,1618,82],"class_list":{"0":"post-221356","1":"post","2":"type-post","3":"status-publish","4":"format-standard","5":"has-post-thumbnail","7":"category-opinion","8":"tag-iosper","9":"tag-juntos-por-entre-rios","10":"tag-obra-social","11":"tag-salud"},"yoast_head":"<title>\u201cLa salud de los trabajadores no puede estar secuestrada por intereses corporativos\u201d - Informe Litoral<\/title>\n<meta name=\"robots\" content=\"index, follow, max-snippet:-1, max-image-preview:large, max-video-preview:-1\" \/>\n<link rel=\"canonical\" href=\"https:\/\/informelitoral.com.ar\/la-salud-de-los-trabajadores-no-puede-estar-secuestrada-por-intereses-corporativos\/\" \/>\n<meta property=\"og:locale\" content=\"es_ES\" \/>\n<meta property=\"og:type\" content=\"article\" \/>\n<meta property=\"og:title\" content=\"\u201cLa salud de los trabajadores no puede estar secuestrada por intereses corporativos\u201d - Informe Litoral\" \/>\n<meta property=\"og:description\" content=\"-Por Marcelo L\u00f3pez, diputado provincial y presidente del Bloque Juntos por Entre R\u00edos\" \/>\n<meta property=\"og:url\" content=\"https:\/\/informelitoral.com.ar\/la-salud-de-los-trabajadores-no-puede-estar-secuestrada-por-intereses-corporativos\/\" \/>\n<meta property=\"og:site_name\" content=\"Informe Litoral\" \/>\n<meta property=\"article:publisher\" content=\"https:\/\/www.facebook.com\/informelitoral\/\" \/>\n<meta property=\"article:published_time\" content=\"2025-05-13T10:27:03+00:00\" \/>\n<meta property=\"og:image\" content=\"https:\/\/www.novaentrerios.com\/data\/fotos2\/bbx_221265792_entrerios.jpg\" \/><meta property=\"og:image\" content=\"https:\/\/www.novaentrerios.com\/data\/fotos2\/bbx_221265792_entrerios.jpg\" \/>\n\t<meta property=\"og:image:width\" content=\"800\" \/>\n\t<meta property=\"og:image:height\" content=\"579\" \/>\n\t<meta property=\"og:image:type\" content=\"image\/jpeg\" \/>\n<meta name=\"author\" content=\"Gonzalo Schmidt\" \/>\n<meta name=\"twitter:card\" content=\"summary_large_image\" \/>\n<meta name=\"twitter:image\" content=\"https:\/\/www.novaentrerios.com\/data\/fotos2\/bbx_221265792_entrerios.jpg\" \/>\n<meta name=\"twitter:creator\" content=\"@InformeLitoral\" \/>\n<meta name=\"twitter:site\" content=\"@InformeLitoral\" \/>\n<meta name=\"twitter:label1\" content=\"Escrito por\" \/>\n\t<meta name=\"twitter:data1\" content=\"Gonzalo Schmidt\" \/>\n\t<meta name=\"twitter:label2\" content=\"Tiempo de lectura\" \/>\n\t<meta name=\"twitter:data2\" content=\"2 minutos\" \/>\n<script type=\"application\/ld+json\" class=\"yoast-schema-graph\">{\"@context\":\"https:\\\/\\\/schema.org\",\"@graph\":[{\"@type\":\"Article\",\"@id\":\"https:\\\/\\\/informelitoral.com.ar\\\/la-salud-de-los-trabajadores-no-puede-estar-secuestrada-por-intereses-corporativos\\\/#article\",\"isPartOf\":{\"@id\":\"https:\\\/\\\/informelitoral.com.ar\\\/la-salud-de-los-trabajadores-no-puede-estar-secuestrada-por-intereses-corporativos\\\/\"},\"author\":{\"name\":\"Gonzalo Schmidt\",\"@id\":\"https:\\\/\\\/informelitoral.com.ar\\\/#\\\/schema\\\/person\\\/b9d00407c836482871ef1d57bf8e3180\"},\"headline\":\"\u201cLa salud de los trabajadores no puede estar secuestrada por intereses corporativos\u201d\",\"datePublished\":\"2025-05-13T10:27:03+00:00\",\"mainEntityOfPage\":{\"@id\":\"https:\\\/\\\/informelitoral.com.ar\\\/la-salud-de-los-trabajadores-no-puede-estar-secuestrada-por-intereses-corporativos\\\/\"},\"wordCount\":419,\"commentCount\":0,\"publisher\":{\"@id\":\"https:\\\/\\\/informelitoral.com.ar\\\/#organization\"},\"image\":{\"@id\":\"https:\\\/\\\/informelitoral.com.ar\\\/la-salud-de-los-trabajadores-no-puede-estar-secuestrada-por-intereses-corporativos\\\/#primaryimage\"},\"thumbnailUrl\":\"https:\\\/\\\/www.novaentrerios.com\\\/data\\\/fotos2\\\/bbx_221265792_entrerios.jpg\",\"keywords\":[\"Iosper\",\"Juntos por Entre R\u00edos\",\"Obra Social\",\"Salud\"],\"articleSection\":[\"Opini\u00f3n\"],\"inLanguage\":\"es\",\"potentialAction\":[{\"@type\":\"CommentAction\",\"name\":\"Comment\",\"target\":[\"https:\\\/\\\/informelitoral.com.ar\\\/la-salud-de-los-trabajadores-no-puede-estar-secuestrada-por-intereses-corporativos\\\/#respond\"]}]},{\"@type\":\"WebPage\",\"@id\":\"https:\\\/\\\/informelitoral.com.ar\\\/la-salud-de-los-trabajadores-no-puede-estar-secuestrada-por-intereses-corporativos\\\/\",\"url\":\"https:\\\/\\\/informelitoral.com.ar\\\/la-salud-de-los-trabajadores-no-puede-estar-secuestrada-por-intereses-corporativos\\\/\",\"name\":\"\u201cLa salud de los trabajadores no puede estar secuestrada por intereses corporativos\u201d - Informe Litoral\",\"isPartOf\":{\"@id\":\"https:\\\/\\\/informelitoral.com.ar\\\/#website\"},\"primaryImageOfPage\":{\"@id\":\"https:\\\/\\\/informelitoral.com.ar\\\/la-salud-de-los-trabajadores-no-puede-estar-secuestrada-por-intereses-corporativos\\\/#primaryimage\"},\"image\":{\"@id\":\"https:\\\/\\\/informelitoral.com.ar\\\/la-salud-de-los-trabajadores-no-puede-estar-secuestrada-por-intereses-corporativos\\\/#primaryimage\"},\"thumbnailUrl\":\"https:\\\/\\\/www.novaentrerios.com\\\/data\\\/fotos2\\\/bbx_221265792_entrerios.jpg\",\"datePublished\":\"2025-05-13T10:27:03+00:00\",\"breadcrumb\":{\"@id\":\"https:\\\/\\\/informelitoral.com.ar\\\/la-salud-de-los-trabajadores-no-puede-estar-secuestrada-por-intereses-corporativos\\\/#breadcrumb\"},\"inLanguage\":\"es\",\"potentialAction\":[{\"@type\":\"ReadAction\",\"target\":[\"https:\\\/\\\/informelitoral.com.ar\\\/la-salud-de-los-trabajadores-no-puede-estar-secuestrada-por-intereses-corporativos\\\/\"]}]},{\"@type\":\"ImageObject\",\"inLanguage\":\"es\",\"@id\":\"https:\\\/\\\/informelitoral.com.ar\\\/la-salud-de-los-trabajadores-no-puede-estar-secuestrada-por-intereses-corporativos\\\/#primaryimage\",\"url\":\"https:\\\/\\\/www.novaentrerios.com\\\/data\\\/fotos2\\\/bbx_221265792_entrerios.jpg\",\"contentUrl\":\"https:\\\/\\\/www.novaentrerios.com\\\/data\\\/fotos2\\\/bbx_221265792_entrerios.jpg\",\"width\":\"800\",\"height\":\"579\"},{\"@type\":\"BreadcrumbList\",\"@id\":\"https:\\\/\\\/informelitoral.com.ar\\\/la-salud-de-los-trabajadores-no-puede-estar-secuestrada-por-intereses-corporativos\\\/#breadcrumb\",\"itemListElement\":[{\"@type\":\"ListItem\",\"position\":1,\"name\":\"Portada\",\"item\":\"https:\\\/\\\/informelitoral.com.ar\\\/\"},{\"@type\":\"ListItem\",\"position\":2,\"name\":\"\u201cLa salud de los trabajadores no puede estar secuestrada por intereses corporativos\u201d\"}]},{\"@type\":\"WebSite\",\"@id\":\"https:\\\/\\\/informelitoral.com.ar\\\/#website\",\"url\":\"https:\\\/\\\/informelitoral.com.ar\\\/\",\"name\":\"Informe Litoral\",\"description\":\"&quot;Nos informamos&quot; \",\"publisher\":{\"@id\":\"https:\\\/\\\/informelitoral.com.ar\\\/#organization\"},\"potentialAction\":[{\"@type\":\"SearchAction\",\"target\":{\"@type\":\"EntryPoint\",\"urlTemplate\":\"https:\\\/\\\/informelitoral.com.ar\\\/?s={search_term_string}\"},\"query-input\":{\"@type\":\"PropertyValueSpecification\",\"valueRequired\":true,\"valueName\":\"search_term_string\"}}],\"inLanguage\":\"es\"},{\"@type\":\"Organization\",\"@id\":\"https:\\\/\\\/informelitoral.com.ar\\\/#organization\",\"name\":\"Informe Litoral\",\"url\":\"https:\\\/\\\/informelitoral.com.ar\\\/\",\"logo\":{\"@type\":\"ImageObject\",\"inLanguage\":\"es\",\"@id\":\"https:\\\/\\\/informelitoral.com.ar\\\/#\\\/schema\\\/logo\\\/image\\\/\",\"url\":\"https:\\\/\\\/informelitoral.com.ar\\\/%77%70%2d%63%6f%6e%74%65%6e%74\\\/uploads\\\/2021\\\/01\\\/circulo.png\",\"contentUrl\":\"https:\\\/\\\/informelitoral.com.ar\\\/%77%70%2d%63%6f%6e%74%65%6e%74\\\/uploads\\\/2021\\\/01\\\/circulo.png\",\"width\":723,\"height\":731,\"caption\":\"Informe Litoral\"},\"image\":{\"@id\":\"https:\\\/\\\/informelitoral.com.ar\\\/#\\\/schema\\\/logo\\\/image\\\/\"},\"sameAs\":[\"https:\\\/\\\/www.facebook.com\\\/informelitoral\\\/\",\"https:\\\/\\\/x.com\\\/InformeLitoral\",\"https:\\\/\\\/www.instagram.com\\\/informelitoral\\\/\",\"https:\\\/\\\/www.youtube.com\\\/channel\\\/UCua4Qvz8Icb6MYqhoq9xLXw\"]},{\"@type\":\"Person\",\"@id\":\"https:\\\/\\\/informelitoral.com.ar\\\/#\\\/schema\\\/person\\\/b9d00407c836482871ef1d57bf8e3180\",\"name\":\"Gonzalo Schmidt\",\"image\":{\"@type\":\"ImageObject\",\"inLanguage\":\"es\",\"@id\":\"https:\\\/\\\/secure.gravatar.com\\\/avatar\\\/31a1a7b66ff2de83bd0e9fd79d026630d2d99e55e8bfe501287647b4fd9743de?s=96&d=mm&r=g\",\"url\":\"https:\\\/\\\/secure.gravatar.com\\\/avatar\\\/31a1a7b66ff2de83bd0e9fd79d026630d2d99e55e8bfe501287647b4fd9743de?s=96&d=mm&r=g\",\"contentUrl\":\"https:\\\/\\\/secure.gravatar.com\\\/avatar\\\/31a1a7b66ff2de83bd0e9fd79d026630d2d99e55e8bfe501287647b4fd9743de?s=96&d=mm&r=g\",\"caption\":\"Gonzalo Schmidt\"},\"description\":\"Sitio web de noticias de la provincia de Entre R\u00edos, Argentina. Informaci\u00f3n y entretenimiento. Informe Litoral, nos informamos.\",\"sameAs\":[\"http:\\\/\\\/www.isletasnoticias.com.ar\"],\"url\":\"https:\\\/\\\/informelitoral.com.ar\\\/author\\\/gonzalo\\\/\"}]}<\/script>","yoast_head_json":{"title":"\u201cLa salud de los trabajadores no puede estar secuestrada por intereses corporativos\u201d - Informe Litoral","robots":{"index":"index","follow":"follow","max-snippet":"max-snippet:-1","max-image-preview":"max-image-preview:large","max-video-preview":"max-video-preview:-1"},"canonical":"https:\/\/informelitoral.com.ar\/la-salud-de-los-trabajadores-no-puede-estar-secuestrada-por-intereses-corporativos\/","og_locale":"es_ES","og_type":"article","og_title":"\u201cLa salud de los trabajadores no puede estar secuestrada por intereses corporativos\u201d - Informe Litoral","og_description":"-Por Marcelo L\u00f3pez, diputado provincial y presidente del Bloque Juntos por Entre R\u00edos","og_url":"https:\/\/informelitoral.com.ar\/la-salud-de-los-trabajadores-no-puede-estar-secuestrada-por-intereses-corporativos\/","og_site_name":"Informe Litoral","article_publisher":"https:\/\/www.facebook.com\/informelitoral\/","article_published_time":"2025-05-13T10:27:03+00:00","og_image":[{"url":"https:\/\/www.novaentrerios.com\/data\/fotos2\/bbx_221265792_entrerios.jpg","type":"","width":"","height":""},{"width":800,"height":579,"url":"https:\/\/www.novaentrerios.com\/data\/fotos2\/bbx_221265792_entrerios.jpg","type":"image\/jpeg"}],"author":"Gonzalo Schmidt","twitter_card":"summary_large_image","twitter_image":"https:\/\/www.novaentrerios.com\/data\/fotos2\/bbx_221265792_entrerios.jpg","twitter_creator":"@InformeLitoral","twitter_site":"@InformeLitoral","twitter_misc":{"Escrito por":"Gonzalo Schmidt","Tiempo de lectura":"2 minutos"},"schema":{"@context":"https:\/\/schema.org","@graph":[{"@type":"Article","@id":"https:\/\/informelitoral.com.ar\/la-salud-de-los-trabajadores-no-puede-estar-secuestrada-por-intereses-corporativos\/#article","isPartOf":{"@id":"https:\/\/informelitoral.com.ar\/la-salud-de-los-trabajadores-no-puede-estar-secuestrada-por-intereses-corporativos\/"},"author":{"name":"Gonzalo Schmidt","@id":"https:\/\/informelitoral.com.ar\/#\/schema\/person\/b9d00407c836482871ef1d57bf8e3180"},"headline":"\u201cLa salud de los trabajadores no puede estar secuestrada por intereses corporativos\u201d","datePublished":"2025-05-13T10:27:03+00:00","mainEntityOfPage":{"@id":"https:\/\/informelitoral.com.ar\/la-salud-de-los-trabajadores-no-puede-estar-secuestrada-por-intereses-corporativos\/"},"wordCount":419,"commentCount":0,"publisher":{"@id":"https:\/\/informelitoral.com.ar\/#organization"},"image":{"@id":"https:\/\/informelitoral.com.ar\/la-salud-de-los-trabajadores-no-puede-estar-secuestrada-por-intereses-corporativos\/#primaryimage"},"thumbnailUrl":"https:\/\/www.novaentrerios.com\/data\/fotos2\/bbx_221265792_entrerios.jpg","keywords":["Iosper","Juntos por Entre R\u00edos","Obra Social","Salud"],"articleSection":["Opini\u00f3n"],"inLanguage":"es","potentialAction":[{"@type":"CommentAction","name":"Comment","target":["https:\/\/informelitoral.com.ar\/la-salud-de-los-trabajadores-no-puede-estar-secuestrada-por-intereses-corporativos\/#respond"]}]},{"@type":"WebPage","@id":"https:\/\/informelitoral.com.ar\/la-salud-de-los-trabajadores-no-puede-estar-secuestrada-por-intereses-corporativos\/","url":"https:\/\/informelitoral.com.ar\/la-salud-de-los-trabajadores-no-puede-estar-secuestrada-por-intereses-corporativos\/","name":"\u201cLa salud de los trabajadores no puede estar secuestrada por intereses corporativos\u201d - Informe Litoral","isPartOf":{"@id":"https:\/\/informelitoral.com.ar\/#website"},"primaryImageOfPage":{"@id":"https:\/\/informelitoral.com.ar\/la-salud-de-los-trabajadores-no-puede-estar-secuestrada-por-intereses-corporativos\/#primaryimage"},"image":{"@id":"https:\/\/informelitoral.com.ar\/la-salud-de-los-trabajadores-no-puede-estar-secuestrada-por-intereses-corporativos\/#primaryimage"},"thumbnailUrl":"https:\/\/www.novaentrerios.com\/data\/fotos2\/bbx_221265792_entrerios.jpg","datePublished":"2025-05-13T10:27:03+00:00","breadcrumb":{"@id":"https:\/\/informelitoral.com.ar\/la-salud-de-los-trabajadores-no-puede-estar-secuestrada-por-intereses-corporativos\/#breadcrumb"},"inLanguage":"es","potentialAction":[{"@type":"ReadAction","target":["https:\/\/informelitoral.com.ar\/la-salud-de-los-trabajadores-no-puede-estar-secuestrada-por-intereses-corporativos\/"]}]},{"@type":"ImageObject","inLanguage":"es","@id":"https:\/\/informelitoral.com.ar\/la-salud-de-los-trabajadores-no-puede-estar-secuestrada-por-intereses-corporativos\/#primaryimage","url":"https:\/\/www.novaentrerios.com\/data\/fotos2\/bbx_221265792_entrerios.jpg","contentUrl":"https:\/\/www.novaentrerios.com\/data\/fotos2\/bbx_221265792_entrerios.jpg","width":"800","height":"579"},{"@type":"BreadcrumbList","@id":"https:\/\/informelitoral.com.ar\/la-salud-de-los-trabajadores-no-puede-estar-secuestrada-por-intereses-corporativos\/#breadcrumb","itemListElement":[{"@type":"ListItem","position":1,"name":"Portada","item":"https:\/\/informelitoral.com.ar\/"},{"@type":"ListItem","position":2,"name":"\u201cLa salud de los trabajadores no puede estar secuestrada por intereses corporativos\u201d"}]},{"@type":"WebSite","@id":"https:\/\/informelitoral.com.ar\/#website","url":"https:\/\/informelitoral.com.ar\/","name":"Informe Litoral","description":"&quot;Nos informamos&quot; ","publisher":{"@id":"https:\/\/informelitoral.com.ar\/#organization"},"potentialAction":[{"@type":"SearchAction","target":{"@type":"EntryPoint","urlTemplate":"https:\/\/informelitoral.com.ar\/?s={search_term_string}"},"query-input":{"@type":"PropertyValueSpecification","valueRequired":true,"valueName":"search_term_string"}}],"inLanguage":"es"},{"@type":"Organization","@id":"https:\/\/informelitoral.com.ar\/#organization","name":"Informe Litoral","url":"https:\/\/informelitoral.com.ar\/","logo":{"@type":"ImageObject","inLanguage":"es","@id":"https:\/\/informelitoral.com.ar\/#\/schema\/logo\/image\/","url":"https:\/\/informelitoral.com.ar\/%77%70%2d%63%6f%6e%74%65%6e%74\/uploads\/2021\/01\/circulo.png","contentUrl":"https:\/\/informelitoral.com.ar\/%77%70%2d%63%6f%6e%74%65%6e%74\/uploads\/2021\/01\/circulo.png","width":723,"height":731,"caption":"Informe Litoral"},"image":{"@id":"https:\/\/informelitoral.com.ar\/#\/schema\/logo\/image\/"},"sameAs":["https:\/\/www.facebook.com\/informelitoral\/","https:\/\/x.com\/InformeLitoral","https:\/\/www.instagram.com\/informelitoral\/","https:\/\/www.youtube.com\/channel\/UCua4Qvz8Icb6MYqhoq9xLXw"]},{"@type":"Person","@id":"https:\/\/informelitoral.com.ar\/#\/schema\/person\/b9d00407c836482871ef1d57bf8e3180","name":"Gonzalo Schmidt","image":{"@type":"ImageObject","inLanguage":"es","@id":"https:\/\/secure.gravatar.com\/avatar\/31a1a7b66ff2de83bd0e9fd79d026630d2d99e55e8bfe501287647b4fd9743de?s=96&d=mm&r=g","url":"https:\/\/secure.gravatar.com\/avatar\/31a1a7b66ff2de83bd0e9fd79d026630d2d99e55e8bfe501287647b4fd9743de?s=96&d=mm&r=g","contentUrl":"https:\/\/secure.gravatar.com\/avatar\/31a1a7b66ff2de83bd0e9fd79d026630d2d99e55e8bfe501287647b4fd9743de?s=96&d=mm&r=g","caption":"Gonzalo Schmidt"},"description":"Sitio web de noticias de la provincia de Entre R\u00edos, Argentina. Informaci\u00f3n y entretenimiento. Informe Litoral, nos informamos.","sameAs":["http:\/\/www.isletasnoticias.com.ar"],"url":"https:\/\/informelitoral.com.ar\/author\/gonzalo\/"}]}},"fifu_image_url":"https:\/\/www.novaentrerios.com\/data\/fotos2\/bbx_221265792_entrerios.jpg","_links":{"self":[{"href":"https:\/\/informelitoral.com.ar\/%77%70%2d%6a%73%6f%6e\/wp\/v2\/posts\/221356","targetHints":{"allow":["GET"]}}],"collection":[{"href":"https:\/\/informelitoral.com.ar\/%77%70%2d%6a%73%6f%6e\/wp\/v2\/posts"}],"about":[{"href":"https:\/\/informelitoral.com.ar\/%77%70%2d%6a%73%6f%6e\/wp\/v2\/types\/post"}],"author":[{"embeddable":true,"href":"https:\/\/informelitoral.com.ar\/%77%70%2d%6a%73%6f%6e\/wp\/v2\/users\/2"}],"replies":[{"embeddable":true,"href":"https:\/\/informelitoral.com.ar\/%77%70%2d%6a%73%6f%6e\/wp\/v2\/comments?post=221356"}],"version-history":[{"count":0,"href":"https:\/\/informelitoral.com.ar\/%77%70%2d%6a%73%6f%6e\/wp\/v2\/posts\/221356\/revisions"}],"wp:featuredmedia":[{"embeddable":true,"href":"https:\/\/informelitoral.com.ar\/%77%70%2d%6a%73%6f%6e\/wp\/v2\/media\/221357"}],"wp:attachment":[{"href":"https:\/\/informelitoral.com.ar\/%77%70%2d%6a%73%6f%6e\/wp\/v2\/media?parent=221356"}],"wp:term":[{"taxonomy":"category","embeddable":true,"href":"https:\/\/informelitoral.com.ar\/%77%70%2d%6a%73%6f%6e\/wp\/v2\/categories?post=221356"},{"taxonomy":"post_tag","embeddable":true,"href":"https:\/\/informelitoral.com.ar\/%77%70%2d%6a%73%6f%6e\/wp\/v2\/tags?post=221356"}],"curies":[{"name":"wp","href":"https:\/\/api.w.org\/{rel}","templated":true}]}}