{"id":221289,"date":"2025-05-12T13:24:00","date_gmt":"2025-05-12T16:24:00","guid":{"rendered":"https:\/\/informelitoral.com.ar\/?p=221289"},"modified":"2025-05-12T14:58:57","modified_gmt":"2025-05-12T17:58:57","slug":"municipalidad-de-parana-y-uader-fortalecen-lazos-para-promover-el-arte-y-la-cultura","status":"publish","type":"post","link":"https:\/\/informelitoral.com.ar\/municipalidad-de-parana-y-uader-fortalecen-lazos-para-promover-el-arte-y-la-cultura\/","title":{"rendered":"La municipalidad de Paran\u00e1 y UADER fortalecen lazos para promover el arte y la cultura"},"content":{"rendered":"<p>\u201cDestaco el valor que tiene que esta instituci\u00f3n y que tenga junto a <strong>UADER<\/strong> di\u00e1logo permanente con la Municipalidad, que presta colaboraci\u00f3n y tambi\u00e9n recibe enorme apoyo en actividades que se hacen en la ciudad y que provienen de este espacio que cultiva arte\u201d, indic\u00f3 <strong>Rosario Romero<\/strong>.<\/p>\n<p>Y agreg\u00f3: \u201cEstimulando el arte, se estimula otro prop\u00f3sito en la vida y se estimulan las mejores pr\u00e1cticas. Me encanta que trabajemos juntos\u201d.<\/p>\n<p><strong>Daniel Richard<\/strong>, por su parte, expreso: \u201cVenimos trabajando en diferentes \u00e1reas y tem\u00e1ticas. Valoro el gesto de la Intendenta y de la gesti\u00f3n municipal de acompa\u00f1ar a esta instituci\u00f3n porque podemos llevar adelante nuestra funci\u00f3n social y poner al servicio el conocimiento universitario a la gesti\u00f3n municipal\u201d.<\/p>\n<h6><em><strong>Del archivo:\u00a0<a title=\"Paran\u00e1 abre la inscripci\u00f3n para los Juegos Entrerrianos de Adultos Mayores 2025\" href=\"https:\/\/informelitoral.com.ar\/parana-abre-la-inscripcion-para-los-juegos-entrerrianos-de-adultos-mayores-2025\/\" target=\"_blank\" rel=\"noopener\">Paran\u00e1 abre la inscripci\u00f3n para los Juegos Entrerrianos de Adultos Mayores 2025<\/a><\/strong><\/em><\/h6>\n<h2><strong>Los convenios<\/strong><\/h2>\n<p>Uno posibilita la participaci\u00f3n de tres estudiantes de la <strong>Escuela de Artes Visuales \u201cProfesor Roberto L\u00f3pez Carnelli\u201d<\/strong>, dependiente de la<strong> FHAyCS<\/strong>, como gu\u00edas en los recorridos destinados al p\u00fablico en la <strong>Feria de Arte Paran\u00e1<\/strong>.<\/p>\n<p>Otro de los acuerdos tiene por objeto establecer los t\u00e9rminos de colaboraci\u00f3n entre la Municipalidad y la Facultad para fortalecer la infraestructura del auditorio \u201cProf. Walter Heinze\u201d de la Escuela de M\u00fasica, Danza y Teatro, mediante la incorporaci\u00f3n de equipamiento adecuado y el fomento de actividades acad\u00e9micas y culturales en dicho espacio.<\/p>\n<p>A su vez, la Facultad se compromete a poner a disposici\u00f3n el Auditorio cuando el municipio lo requiera para actividades que promuevan pol\u00edticas p\u00fablicas en cultura, educaci\u00f3n, inclusi\u00f3n y formaci\u00f3n ciudadana.<\/p>\n<p>El tercero consiste en la capacitaci\u00f3n dirigida a coreutas. Tendr\u00e1 una duraci\u00f3n de tres meses y ser\u00e1 los s\u00e1bados, abiertos a la comunidad de <strong>Paran\u00e1<\/strong> y la regi\u00f3n.<\/p>\n<h6><em><strong>Del archivo:\u00a0<a title=\"Paran\u00e1 da el puntapi\u00e9 inicial a la transformaci\u00f3n digital de los Concejos Deliberantes\" href=\"https:\/\/informelitoral.com.ar\/parana-da-el-puntapie-inicial-a-la-transformacion-digital-de-los-concejos-deliberantes\/\" target=\"_blank\" rel=\"noopener\">Paran\u00e1 da el puntapi\u00e9 inicial a la transformaci\u00f3n digital de los Concejos Deliberantes<\/a><\/strong><\/em><\/h6>\n","protected":false},"excerpt":{"rendered":"<p>La intendenta Rosario Romero y el decano de la casa de estudios, Daniel Richar, rubricaron los acuerdos para la realizaci\u00f3n de actividades de trascendencia educativa, social, cient\u00edfica, tecnol\u00f3gica, cultural y econ\u00f3mica. Buscan fomentar la cooperaci\u00f3n de \u00e1reas y el fortalecimiento institucional.<\/p>\n","protected":false},"author":8,"featured_media":221300,"comment_status":"open","ping_status":"open","sticky":false,"template":"","format":"standard","meta":{"fifu_image_url":"","fifu_image_alt":"","footnotes":""},"categories":[1597],"tags":[3484,1399,1299],"class_list":{"0":"post-221289","1":"post","2":"type-post","3":"status-publish","4":"format-standard","5":"has-post-thumbnail","7":"category-parana","8":"tag-convenios","9":"tag-municipalidad-de-parana","10":"tag-uader"},"yoast_head":"<title>La municipalidad de Paran\u00e1 y UADER fortalecen lazos para promover el arte y la cultura - Informe Litoral<\/title>\n<meta name=\"robots\" content=\"index, follow, max-snippet:-1, max-image-preview:large, max-video-preview:-1\" \/>\n<link rel=\"canonical\" href=\"https:\/\/informelitoral.com.ar\/municipalidad-de-parana-y-uader-fortalecen-lazos-para-promover-el-arte-y-la-cultura\/\" \/>\n<meta property=\"og:locale\" content=\"es_ES\" \/>\n<meta property=\"og:type\" content=\"article\" \/>\n<meta property=\"og:title\" content=\"La municipalidad de Paran\u00e1 y UADER fortalecen lazos para promover el arte y la cultura - Informe Litoral\" \/>\n<meta property=\"og:description\" content=\"La intendenta Rosario Romero y el decano de la casa de estudios, Daniel Richar, rubricaron los acuerdos para la realizaci\u00f3n de actividades de trascendencia educativa, social, cient\u00edfica, tecnol\u00f3gica, cultural y econ\u00f3mica. Buscan fomentar la cooperaci\u00f3n de \u00e1reas y el fortalecimiento institucional.\" \/>\n<meta property=\"og:url\" content=\"https:\/\/informelitoral.com.ar\/municipalidad-de-parana-y-uader-fortalecen-lazos-para-promover-el-arte-y-la-cultura\/\" \/>\n<meta property=\"og:site_name\" content=\"Informe Litoral\" \/>\n<meta property=\"article:publisher\" content=\"https:\/\/www.facebook.com\/informelitoral\/\" \/>\n<meta property=\"article:published_time\" content=\"2025-05-12T16:24:00+00:00\" \/>\n<meta property=\"article:modified_time\" content=\"2025-05-12T17:58:57+00:00\" \/>\n<meta property=\"og:image\" content=\"https:\/\/informelitoral.com.ar\/%77%70%2d%63%6f%6e%74%65%6e%74\/uploads\/2025\/05\/1747014328_13beec411bea1bbf1982.jpg\" \/>\n\t<meta property=\"og:image:width\" content=\"1620\" \/>\n\t<meta property=\"og:image:height\" content=\"1080\" \/>\n\t<meta property=\"og:image:type\" content=\"image\/jpeg\" \/>\n<meta name=\"author\" content=\"Sebastian\" \/>\n<meta name=\"twitter:card\" content=\"summary_large_image\" \/>\n<meta name=\"twitter:creator\" content=\"@InformeLitoral\" \/>\n<meta name=\"twitter:site\" content=\"@InformeLitoral\" \/>\n<meta name=\"twitter:label1\" content=\"Escrito por\" \/>\n\t<meta name=\"twitter:data1\" content=\"Sebastian\" \/>\n\t<meta name=\"twitter:label2\" content=\"Tiempo de lectura\" \/>\n\t<meta name=\"twitter:data2\" content=\"2 minutos\" \/>\n<script type=\"application\/ld+json\" class=\"yoast-schema-graph\">{\"@context\":\"https:\\\/\\\/schema.org\",\"@graph\":[{\"@type\":\"Article\",\"@id\":\"https:\\\/\\\/informelitoral.com.ar\\\/municipalidad-de-parana-y-uader-fortalecen-lazos-para-promover-el-arte-y-la-cultura\\\/#article\",\"isPartOf\":{\"@id\":\"https:\\\/\\\/informelitoral.com.ar\\\/municipalidad-de-parana-y-uader-fortalecen-lazos-para-promover-el-arte-y-la-cultura\\\/\"},\"author\":{\"name\":\"Sebastian\",\"@id\":\"https:\\\/\\\/informelitoral.com.ar\\\/#\\\/schema\\\/person\\\/f05f9f461677119578717524b127d6d5\"},\"headline\":\"La municipalidad de Paran\u00e1 y UADER fortalecen lazos para promover el arte y la cultura\",\"datePublished\":\"2025-05-12T16:24:00+00:00\",\"dateModified\":\"2025-05-12T17:58:57+00:00\",\"mainEntityOfPage\":{\"@id\":\"https:\\\/\\\/informelitoral.com.ar\\\/municipalidad-de-parana-y-uader-fortalecen-lazos-para-promover-el-arte-y-la-cultura\\\/\"},\"wordCount\":341,\"commentCount\":0,\"publisher\":{\"@id\":\"https:\\\/\\\/informelitoral.com.ar\\\/#organization\"},\"image\":{\"@id\":\"https:\\\/\\\/informelitoral.com.ar\\\/municipalidad-de-parana-y-uader-fortalecen-lazos-para-promover-el-arte-y-la-cultura\\\/#primaryimage\"},\"thumbnailUrl\":\"https:\\\/\\\/informelitoral.com.ar\\\/%77%70%2d%63%6f%6e%74%65%6e%74\\\/uploads\\\/2025\\\/05\\\/1747014328_13beec411bea1bbf1982.jpg\",\"keywords\":[\"Convenios\",\"Municipalidad de Paran\u00e1\",\"Uader\"],\"articleSection\":[\"Paran\u00e1\"],\"inLanguage\":\"es\",\"potentialAction\":[{\"@type\":\"CommentAction\",\"name\":\"Comment\",\"target\":[\"https:\\\/\\\/informelitoral.com.ar\\\/municipalidad-de-parana-y-uader-fortalecen-lazos-para-promover-el-arte-y-la-cultura\\\/#respond\"]}]},{\"@type\":\"WebPage\",\"@id\":\"https:\\\/\\\/informelitoral.com.ar\\\/municipalidad-de-parana-y-uader-fortalecen-lazos-para-promover-el-arte-y-la-cultura\\\/\",\"url\":\"https:\\\/\\\/informelitoral.com.ar\\\/municipalidad-de-parana-y-uader-fortalecen-lazos-para-promover-el-arte-y-la-cultura\\\/\",\"name\":\"La municipalidad de Paran\u00e1 y UADER fortalecen lazos para promover el arte y la cultura - Informe Litoral\",\"isPartOf\":{\"@id\":\"https:\\\/\\\/informelitoral.com.ar\\\/#website\"},\"primaryImageOfPage\":{\"@id\":\"https:\\\/\\\/informelitoral.com.ar\\\/municipalidad-de-parana-y-uader-fortalecen-lazos-para-promover-el-arte-y-la-cultura\\\/#primaryimage\"},\"image\":{\"@id\":\"https:\\\/\\\/informelitoral.com.ar\\\/municipalidad-de-parana-y-uader-fortalecen-lazos-para-promover-el-arte-y-la-cultura\\\/#primaryimage\"},\"thumbnailUrl\":\"https:\\\/\\\/informelitoral.com.ar\\\/%77%70%2d%63%6f%6e%74%65%6e%74\\\/uploads\\\/2025\\\/05\\\/1747014328_13beec411bea1bbf1982.jpg\",\"datePublished\":\"2025-05-12T16:24:00+00:00\",\"dateModified\":\"2025-05-12T17:58:57+00:00\",\"breadcrumb\":{\"@id\":\"https:\\\/\\\/informelitoral.com.ar\\\/municipalidad-de-parana-y-uader-fortalecen-lazos-para-promover-el-arte-y-la-cultura\\\/#breadcrumb\"},\"inLanguage\":\"es\",\"potentialAction\":[{\"@type\":\"ReadAction\",\"target\":[\"https:\\\/\\\/informelitoral.com.ar\\\/municipalidad-de-parana-y-uader-fortalecen-lazos-para-promover-el-arte-y-la-cultura\\\/\"]}]},{\"@type\":\"ImageObject\",\"inLanguage\":\"es\",\"@id\":\"https:\\\/\\\/informelitoral.com.ar\\\/municipalidad-de-parana-y-uader-fortalecen-lazos-para-promover-el-arte-y-la-cultura\\\/#primaryimage\",\"url\":\"https:\\\/\\\/informelitoral.com.ar\\\/%77%70%2d%63%6f%6e%74%65%6e%74\\\/uploads\\\/2025\\\/05\\\/1747014328_13beec411bea1bbf1982.jpg\",\"contentUrl\":\"https:\\\/\\\/informelitoral.com.ar\\\/%77%70%2d%63%6f%6e%74%65%6e%74\\\/uploads\\\/2025\\\/05\\\/1747014328_13beec411bea1bbf1982.jpg\",\"width\":1620,\"height\":1080},{\"@type\":\"BreadcrumbList\",\"@id\":\"https:\\\/\\\/informelitoral.com.ar\\\/municipalidad-de-parana-y-uader-fortalecen-lazos-para-promover-el-arte-y-la-cultura\\\/#breadcrumb\",\"itemListElement\":[{\"@type\":\"ListItem\",\"position\":1,\"name\":\"Portada\",\"item\":\"https:\\\/\\\/informelitoral.com.ar\\\/\"},{\"@type\":\"ListItem\",\"position\":2,\"name\":\"La municipalidad de Paran\u00e1 y UADER fortalecen lazos para promover el arte y la cultura\"}]},{\"@type\":\"WebSite\",\"@id\":\"https:\\\/\\\/informelitoral.com.ar\\\/#website\",\"url\":\"https:\\\/\\\/informelitoral.com.ar\\\/\",\"name\":\"Informe Litoral\",\"description\":\"&quot;Nos informamos&quot; \",\"publisher\":{\"@id\":\"https:\\\/\\\/informelitoral.com.ar\\\/#organization\"},\"potentialAction\":[{\"@type\":\"SearchAction\",\"target\":{\"@type\":\"EntryPoint\",\"urlTemplate\":\"https:\\\/\\\/informelitoral.com.ar\\\/?s={search_term_string}\"},\"query-input\":{\"@type\":\"PropertyValueSpecification\",\"valueRequired\":true,\"valueName\":\"search_term_string\"}}],\"inLanguage\":\"es\"},{\"@type\":\"Organization\",\"@id\":\"https:\\\/\\\/informelitoral.com.ar\\\/#organization\",\"name\":\"Informe Litoral\",\"url\":\"https:\\\/\\\/informelitoral.com.ar\\\/\",\"logo\":{\"@type\":\"ImageObject\",\"inLanguage\":\"es\",\"@id\":\"https:\\\/\\\/informelitoral.com.ar\\\/#\\\/schema\\\/logo\\\/image\\\/\",\"url\":\"https:\\\/\\\/informelitoral.com.ar\\\/%77%70%2d%63%6f%6e%74%65%6e%74\\\/uploads\\\/2021\\\/01\\\/circulo.png\",\"contentUrl\":\"https:\\\/\\\/informelitoral.com.ar\\\/%77%70%2d%63%6f%6e%74%65%6e%74\\\/uploads\\\/2021\\\/01\\\/circulo.png\",\"width\":723,\"height\":731,\"caption\":\"Informe Litoral\"},\"image\":{\"@id\":\"https:\\\/\\\/informelitoral.com.ar\\\/#\\\/schema\\\/logo\\\/image\\\/\"},\"sameAs\":[\"https:\\\/\\\/www.facebook.com\\\/informelitoral\\\/\",\"https:\\\/\\\/x.com\\\/InformeLitoral\",\"https:\\\/\\\/www.instagram.com\\\/informelitoral\\\/\",\"https:\\\/\\\/www.youtube.com\\\/channel\\\/UCua4Qvz8Icb6MYqhoq9xLXw\"]},{\"@type\":\"Person\",\"@id\":\"https:\\\/\\\/informelitoral.com.ar\\\/#\\\/schema\\\/person\\\/f05f9f461677119578717524b127d6d5\",\"name\":\"Sebastian\",\"image\":{\"@type\":\"ImageObject\",\"inLanguage\":\"es\",\"@id\":\"https:\\\/\\\/secure.gravatar.com\\\/avatar\\\/b71bf7481d447dfb9583c7f2798e7cc64de6efb9067b74633ed8c31059a3bd82?s=96&d=mm&r=g\",\"url\":\"https:\\\/\\\/secure.gravatar.com\\\/avatar\\\/b71bf7481d447dfb9583c7f2798e7cc64de6efb9067b74633ed8c31059a3bd82?s=96&d=mm&r=g\",\"contentUrl\":\"https:\\\/\\\/secure.gravatar.com\\\/avatar\\\/b71bf7481d447dfb9583c7f2798e7cc64de6efb9067b74633ed8c31059a3bd82?s=96&d=mm&r=g\",\"caption\":\"Sebastian\"},\"url\":\"https:\\\/\\\/informelitoral.com.ar\\\/author\\\/sebastian\\\/\"}]}<\/script>","yoast_head_json":{"title":"La municipalidad de Paran\u00e1 y UADER fortalecen lazos para promover el arte y la cultura - Informe Litoral","robots":{"index":"index","follow":"follow","max-snippet":"max-snippet:-1","max-image-preview":"max-image-preview:large","max-video-preview":"max-video-preview:-1"},"canonical":"https:\/\/informelitoral.com.ar\/municipalidad-de-parana-y-uader-fortalecen-lazos-para-promover-el-arte-y-la-cultura\/","og_locale":"es_ES","og_type":"article","og_title":"La municipalidad de Paran\u00e1 y UADER fortalecen lazos para promover el arte y la cultura - Informe Litoral","og_description":"La intendenta Rosario Romero y el decano de la casa de estudios, Daniel Richar, rubricaron los acuerdos para la realizaci\u00f3n de actividades de trascendencia educativa, social, cient\u00edfica, tecnol\u00f3gica, cultural y econ\u00f3mica. Buscan fomentar la cooperaci\u00f3n de \u00e1reas y el fortalecimiento institucional.","og_url":"https:\/\/informelitoral.com.ar\/municipalidad-de-parana-y-uader-fortalecen-lazos-para-promover-el-arte-y-la-cultura\/","og_site_name":"Informe Litoral","article_publisher":"https:\/\/www.facebook.com\/informelitoral\/","article_published_time":"2025-05-12T16:24:00+00:00","article_modified_time":"2025-05-12T17:58:57+00:00","og_image":[{"width":1620,"height":1080,"url":"https:\/\/informelitoral.com.ar\/%77%70%2d%63%6f%6e%74%65%6e%74\/uploads\/2025\/05\/1747014328_13beec411bea1bbf1982.jpg","type":"image\/jpeg"}],"author":"Sebastian","twitter_card":"summary_large_image","twitter_creator":"@InformeLitoral","twitter_site":"@InformeLitoral","twitter_misc":{"Escrito por":"Sebastian","Tiempo de lectura":"2 minutos"},"schema":{"@context":"https:\/\/schema.org","@graph":[{"@type":"Article","@id":"https:\/\/informelitoral.com.ar\/municipalidad-de-parana-y-uader-fortalecen-lazos-para-promover-el-arte-y-la-cultura\/#article","isPartOf":{"@id":"https:\/\/informelitoral.com.ar\/municipalidad-de-parana-y-uader-fortalecen-lazos-para-promover-el-arte-y-la-cultura\/"},"author":{"name":"Sebastian","@id":"https:\/\/informelitoral.com.ar\/#\/schema\/person\/f05f9f461677119578717524b127d6d5"},"headline":"La municipalidad de Paran\u00e1 y UADER fortalecen lazos para promover el arte y la cultura","datePublished":"2025-05-12T16:24:00+00:00","dateModified":"2025-05-12T17:58:57+00:00","mainEntityOfPage":{"@id":"https:\/\/informelitoral.com.ar\/municipalidad-de-parana-y-uader-fortalecen-lazos-para-promover-el-arte-y-la-cultura\/"},"wordCount":341,"commentCount":0,"publisher":{"@id":"https:\/\/informelitoral.com.ar\/#organization"},"image":{"@id":"https:\/\/informelitoral.com.ar\/municipalidad-de-parana-y-uader-fortalecen-lazos-para-promover-el-arte-y-la-cultura\/#primaryimage"},"thumbnailUrl":"https:\/\/informelitoral.com.ar\/%77%70%2d%63%6f%6e%74%65%6e%74\/uploads\/2025\/05\/1747014328_13beec411bea1bbf1982.jpg","keywords":["Convenios","Municipalidad de Paran\u00e1","Uader"],"articleSection":["Paran\u00e1"],"inLanguage":"es","potentialAction":[{"@type":"CommentAction","name":"Comment","target":["https:\/\/informelitoral.com.ar\/municipalidad-de-parana-y-uader-fortalecen-lazos-para-promover-el-arte-y-la-cultura\/#respond"]}]},{"@type":"WebPage","@id":"https:\/\/informelitoral.com.ar\/municipalidad-de-parana-y-uader-fortalecen-lazos-para-promover-el-arte-y-la-cultura\/","url":"https:\/\/informelitoral.com.ar\/municipalidad-de-parana-y-uader-fortalecen-lazos-para-promover-el-arte-y-la-cultura\/","name":"La municipalidad de Paran\u00e1 y UADER fortalecen lazos para promover el arte y la cultura - Informe Litoral","isPartOf":{"@id":"https:\/\/informelitoral.com.ar\/#website"},"primaryImageOfPage":{"@id":"https:\/\/informelitoral.com.ar\/municipalidad-de-parana-y-uader-fortalecen-lazos-para-promover-el-arte-y-la-cultura\/#primaryimage"},"image":{"@id":"https:\/\/informelitoral.com.ar\/municipalidad-de-parana-y-uader-fortalecen-lazos-para-promover-el-arte-y-la-cultura\/#primaryimage"},"thumbnailUrl":"https:\/\/informelitoral.com.ar\/%77%70%2d%63%6f%6e%74%65%6e%74\/uploads\/2025\/05\/1747014328_13beec411bea1bbf1982.jpg","datePublished":"2025-05-12T16:24:00+00:00","dateModified":"2025-05-12T17:58:57+00:00","breadcrumb":{"@id":"https:\/\/informelitoral.com.ar\/municipalidad-de-parana-y-uader-fortalecen-lazos-para-promover-el-arte-y-la-cultura\/#breadcrumb"},"inLanguage":"es","potentialAction":[{"@type":"ReadAction","target":["https:\/\/informelitoral.com.ar\/municipalidad-de-parana-y-uader-fortalecen-lazos-para-promover-el-arte-y-la-cultura\/"]}]},{"@type":"ImageObject","inLanguage":"es","@id":"https:\/\/informelitoral.com.ar\/municipalidad-de-parana-y-uader-fortalecen-lazos-para-promover-el-arte-y-la-cultura\/#primaryimage","url":"https:\/\/informelitoral.com.ar\/%77%70%2d%63%6f%6e%74%65%6e%74\/uploads\/2025\/05\/1747014328_13beec411bea1bbf1982.jpg","contentUrl":"https:\/\/informelitoral.com.ar\/%77%70%2d%63%6f%6e%74%65%6e%74\/uploads\/2025\/05\/1747014328_13beec411bea1bbf1982.jpg","width":1620,"height":1080},{"@type":"BreadcrumbList","@id":"https:\/\/informelitoral.com.ar\/municipalidad-de-parana-y-uader-fortalecen-lazos-para-promover-el-arte-y-la-cultura\/#breadcrumb","itemListElement":[{"@type":"ListItem","position":1,"name":"Portada","item":"https:\/\/informelitoral.com.ar\/"},{"@type":"ListItem","position":2,"name":"La municipalidad de Paran\u00e1 y UADER fortalecen lazos para promover el arte y la cultura"}]},{"@type":"WebSite","@id":"https:\/\/informelitoral.com.ar\/#website","url":"https:\/\/informelitoral.com.ar\/","name":"Informe Litoral","description":"&quot;Nos informamos&quot; ","publisher":{"@id":"https:\/\/informelitoral.com.ar\/#organization"},"potentialAction":[{"@type":"SearchAction","target":{"@type":"EntryPoint","urlTemplate":"https:\/\/informelitoral.com.ar\/?s={search_term_string}"},"query-input":{"@type":"PropertyValueSpecification","valueRequired":true,"valueName":"search_term_string"}}],"inLanguage":"es"},{"@type":"Organization","@id":"https:\/\/informelitoral.com.ar\/#organization","name":"Informe Litoral","url":"https:\/\/informelitoral.com.ar\/","logo":{"@type":"ImageObject","inLanguage":"es","@id":"https:\/\/informelitoral.com.ar\/#\/schema\/logo\/image\/","url":"https:\/\/informelitoral.com.ar\/%77%70%2d%63%6f%6e%74%65%6e%74\/uploads\/2021\/01\/circulo.png","contentUrl":"https:\/\/informelitoral.com.ar\/%77%70%2d%63%6f%6e%74%65%6e%74\/uploads\/2021\/01\/circulo.png","width":723,"height":731,"caption":"Informe Litoral"},"image":{"@id":"https:\/\/informelitoral.com.ar\/#\/schema\/logo\/image\/"},"sameAs":["https:\/\/www.facebook.com\/informelitoral\/","https:\/\/x.com\/InformeLitoral","https:\/\/www.instagram.com\/informelitoral\/","https:\/\/www.youtube.com\/channel\/UCua4Qvz8Icb6MYqhoq9xLXw"]},{"@type":"Person","@id":"https:\/\/informelitoral.com.ar\/#\/schema\/person\/f05f9f461677119578717524b127d6d5","name":"Sebastian","image":{"@type":"ImageObject","inLanguage":"es","@id":"https:\/\/secure.gravatar.com\/avatar\/b71bf7481d447dfb9583c7f2798e7cc64de6efb9067b74633ed8c31059a3bd82?s=96&d=mm&r=g","url":"https:\/\/secure.gravatar.com\/avatar\/b71bf7481d447dfb9583c7f2798e7cc64de6efb9067b74633ed8c31059a3bd82?s=96&d=mm&r=g","contentUrl":"https:\/\/secure.gravatar.com\/avatar\/b71bf7481d447dfb9583c7f2798e7cc64de6efb9067b74633ed8c31059a3bd82?s=96&d=mm&r=g","caption":"Sebastian"},"url":"https:\/\/informelitoral.com.ar\/author\/sebastian\/"}]}},"_links":{"self":[{"href":"https:\/\/informelitoral.com.ar\/%77%70%2d%6a%73%6f%6e\/wp\/v2\/posts\/221289","targetHints":{"allow":["GET"]}}],"collection":[{"href":"https:\/\/informelitoral.com.ar\/%77%70%2d%6a%73%6f%6e\/wp\/v2\/posts"}],"about":[{"href":"https:\/\/informelitoral.com.ar\/%77%70%2d%6a%73%6f%6e\/wp\/v2\/types\/post"}],"author":[{"embeddable":true,"href":"https:\/\/informelitoral.com.ar\/%77%70%2d%6a%73%6f%6e\/wp\/v2\/users\/8"}],"replies":[{"embeddable":true,"href":"https:\/\/informelitoral.com.ar\/%77%70%2d%6a%73%6f%6e\/wp\/v2\/comments?post=221289"}],"version-history":[{"count":0,"href":"https:\/\/informelitoral.com.ar\/%77%70%2d%6a%73%6f%6e\/wp\/v2\/posts\/221289\/revisions"}],"wp:featuredmedia":[{"embeddable":true,"href":"https:\/\/informelitoral.com.ar\/%77%70%2d%6a%73%6f%6e\/wp\/v2\/media\/221300"}],"wp:attachment":[{"href":"https:\/\/informelitoral.com.ar\/%77%70%2d%6a%73%6f%6e\/wp\/v2\/media?parent=221289"}],"wp:term":[{"taxonomy":"category","embeddable":true,"href":"https:\/\/informelitoral.com.ar\/%77%70%2d%6a%73%6f%6e\/wp\/v2\/categories?post=221289"},{"taxonomy":"post_tag","embeddable":true,"href":"https:\/\/informelitoral.com.ar\/%77%70%2d%6a%73%6f%6e\/wp\/v2\/tags?post=221289"}],"curies":[{"name":"wp","href":"https:\/\/api.w.org\/{rel}","templated":true}]}}