{"id":2212,"date":"2013-06-19T00:48:36","date_gmt":"2013-06-19T03:48:36","guid":{"rendered":"http:\/\/www.isletasnoticias.com.ar\/?p=2212"},"modified":"2013-06-19T00:48:36","modified_gmt":"2013-06-19T03:48:36","slug":"la-policia-busca-al-acusado-de-femicidio-en-nogoya","status":"publish","type":"post","link":"https:\/\/informelitoral.com.ar\/la-policia-busca-al-acusado-de-femicidio-en-nogoya\/","title":{"rendered":"La Polic\u00eda busca al acusado de femicidio en Nogoy\u00e1"},"content":{"rendered":"<p><strong>\u00a0 Se realiza una intensa b\u00fasqueda en la zona rural para ubicar a un hombre de 34 a\u00f1os, quien es se\u00f1alado como presunto responsable del feminicidio. Hay antecedentes de violencia de g\u00e9nero.<\/strong><\/p>\n<p><img loading=\"lazy\" decoding=\"async\" class=\"size-medium wp-image-2213 alignright\" alt=\"buyutti2.jpg_869080375\" src=\"http:\/\/www.isletasnoticias.com.ar\/%77%70%2d%63%6f%6e%74%65%6e%74\/uploads\/2013\/06\/buyutti2.jpg_869080375-300x225.jpg\" width=\"300\" height=\"225\" srcset=\"https:\/\/informelitoral.com.ar\/%77%70%2d%63%6f%6e%74%65%6e%74\/uploads\/2013\/06\/buyutti2.jpg_869080375-300x225.jpg 300w, https:\/\/informelitoral.com.ar\/%77%70%2d%63%6f%6e%74%65%6e%74\/uploads\/2013\/06\/buyutti2.jpg_869080375.jpg 624w\" sizes=\"auto, (max-width: 300px) 100vw, 300px\" \/><\/p>\n<p>Este martes alrededor de las 15, en calle Mendoza de Nogoy\u00e1, una mujer muri\u00f3 por importante cortes en el cuello. Un hombre de 34 a\u00f1os, su expareja, est\u00e1 siendo buscado como presunto responsable del feminicido.<\/p>\n<p>La Polic\u00eda de Nogoy\u00e1 realiza intensos operativos en la zona de montes aleda\u00f1a a la\u00a0ciudad, con el fin de localizar al sospechoso.<\/p>\n<p>Desde la Jefatura Nogoy\u00e1 se inform\u00f3 a\u00a0<em>UNO<\/em><strong>\u00a0<\/strong>que a las 16:00 se dio el aviso que <strong>Mirian Pav\u00f3n<\/strong>, de 30 a\u00f1os, fue encontrada sin vida, con cortes en el cuello y en el pecho.<\/p>\n<p>El buscado es el exmarido de la v\u00edctima, <strong>Hugo Buyutti, de 34 a\u00f1os<\/strong>, quien hab\u00eda sido denunciado por Pav\u00f3n por violencia familiar.<\/p>\n<p>Seg\u00fan la hip\u00f3tesis policial, habr\u00eda contado con un cuchillo de importantes dimensiones con el que hiri\u00f3 mortalmente a la mujer que era madre de cuatro criaturas.<\/p>\n<p>El m\u00e9dico policial constat\u00f3 al menos un profundo corte a la altura del pecho que afect\u00f3 directamente el coraz\u00f3n y otro que literalmente \u201cla degoll\u00f3\u201d.<\/p>\n","protected":false},"excerpt":{"rendered":"<p>&nbsp; Se realiza una intensa b&uacute;squeda en la zona rural para ubicar a un hombre de 34 a&ntilde;os, quien es se&ntilde;alado como presunto responsable del feminicidio. Hay antecedentes de violencia de g&eacute;nero. Este martes alrededor de las 15, en calle Mendoza de Nogoy&aacute;, una mujer muri&oacute; por importante cortes en el cuello. Un hombre de [&hellip;]<\/p>\n","protected":false},"author":2,"featured_media":0,"comment_status":"open","ping_status":"open","sticky":false,"template":"","format":"standard","meta":{"fifu_image_url":"","fifu_image_alt":"","footnotes":""},"categories":[14],"tags":[],"class_list":{"0":"post-2212","1":"post","2":"type-post","3":"status-publish","4":"format-standard","6":"category-policiales"},"yoast_head":"<title>La Polic\u00eda busca al acusado de femicidio en Nogoy\u00e1 - Informe Litoral<\/title>\n<meta name=\"robots\" content=\"index, follow, max-snippet:-1, max-image-preview:large, max-video-preview:-1\" \/>\n<link rel=\"canonical\" href=\"https:\/\/informelitoral.com.ar\/la-policia-busca-al-acusado-de-femicidio-en-nogoya\/\" \/>\n<meta property=\"og:locale\" content=\"es_ES\" \/>\n<meta property=\"og:type\" content=\"article\" \/>\n<meta property=\"og:title\" content=\"La Polic\u00eda busca al acusado de femicidio en Nogoy\u00e1 - Informe Litoral\" \/>\n<meta property=\"og:description\" content=\"&nbsp; Se realiza una intensa b&uacute;squeda en la zona rural para ubicar a un hombre de 34 a&ntilde;os, quien es se&ntilde;alado como presunto responsable del feminicidio. Hay antecedentes de violencia de g&eacute;nero. Este martes alrededor de las 15, en calle Mendoza de Nogoy&aacute;, una mujer muri&oacute; por importante cortes en el cuello. Un hombre de [&hellip;]\" \/>\n<meta property=\"og:url\" content=\"https:\/\/informelitoral.com.ar\/la-policia-busca-al-acusado-de-femicidio-en-nogoya\/\" \/>\n<meta property=\"og:site_name\" content=\"Informe Litoral\" \/>\n<meta property=\"article:publisher\" content=\"https:\/\/www.facebook.com\/informelitoral\/\" \/>\n<meta property=\"article:published_time\" content=\"2013-06-19T03:48:36+00:00\" \/>\n<meta property=\"og:image\" content=\"https:\/\/informelitoral.com.ar\/%77%70%2d%63%6f%6e%74%65%6e%74\/uploads\/2013\/06\/buyutti2.jpg_869080375.jpg\" \/>\n\t<meta property=\"og:image:width\" content=\"624\" \/>\n\t<meta property=\"og:image:height\" content=\"468\" \/>\n\t<meta property=\"og:image:type\" content=\"image\/jpeg\" \/>\n<meta name=\"author\" content=\"Gonzalo Schmidt\" \/>\n<meta name=\"twitter:card\" content=\"summary_large_image\" \/>\n<meta name=\"twitter:creator\" content=\"@InformeLitoral\" \/>\n<meta name=\"twitter:site\" content=\"@InformeLitoral\" \/>\n<meta name=\"twitter:label1\" content=\"Escrito por\" \/>\n\t<meta name=\"twitter:data1\" content=\"Gonzalo Schmidt\" \/>\n\t<meta name=\"twitter:label2\" content=\"Tiempo de lectura\" \/>\n\t<meta name=\"twitter:data2\" content=\"1 minuto\" \/>\n<script type=\"application\/ld+json\" class=\"yoast-schema-graph\">{\"@context\":\"https:\\\/\\\/schema.org\",\"@graph\":[{\"@type\":\"Article\",\"@id\":\"https:\\\/\\\/informelitoral.com.ar\\\/la-policia-busca-al-acusado-de-femicidio-en-nogoya\\\/#article\",\"isPartOf\":{\"@id\":\"https:\\\/\\\/informelitoral.com.ar\\\/la-policia-busca-al-acusado-de-femicidio-en-nogoya\\\/\"},\"author\":{\"name\":\"Gonzalo Schmidt\",\"@id\":\"https:\\\/\\\/informelitoral.com.ar\\\/#\\\/schema\\\/person\\\/b9d00407c836482871ef1d57bf8e3180\"},\"headline\":\"La Polic\u00eda busca al acusado de femicidio en Nogoy\u00e1\",\"datePublished\":\"2013-06-19T03:48:36+00:00\",\"mainEntityOfPage\":{\"@id\":\"https:\\\/\\\/informelitoral.com.ar\\\/la-policia-busca-al-acusado-de-femicidio-en-nogoya\\\/\"},\"wordCount\":219,\"commentCount\":0,\"publisher\":{\"@id\":\"https:\\\/\\\/informelitoral.com.ar\\\/#organization\"},\"image\":{\"@id\":\"https:\\\/\\\/informelitoral.com.ar\\\/la-policia-busca-al-acusado-de-femicidio-en-nogoya\\\/#primaryimage\"},\"thumbnailUrl\":\"http:\\\/\\\/www.isletasnoticias.com.ar\\\/%77%70%2d%63%6f%6e%74%65%6e%74\\\/uploads\\\/2013\\\/06\\\/buyutti2.jpg_869080375-300x225.jpg\",\"articleSection\":[\"Policiales\"],\"inLanguage\":\"es\",\"potentialAction\":[{\"@type\":\"CommentAction\",\"name\":\"Comment\",\"target\":[\"https:\\\/\\\/informelitoral.com.ar\\\/la-policia-busca-al-acusado-de-femicidio-en-nogoya\\\/#respond\"]}]},{\"@type\":\"WebPage\",\"@id\":\"https:\\\/\\\/informelitoral.com.ar\\\/la-policia-busca-al-acusado-de-femicidio-en-nogoya\\\/\",\"url\":\"https:\\\/\\\/informelitoral.com.ar\\\/la-policia-busca-al-acusado-de-femicidio-en-nogoya\\\/\",\"name\":\"La Polic\u00eda busca al acusado de femicidio en Nogoy\u00e1 - Informe Litoral\",\"isPartOf\":{\"@id\":\"https:\\\/\\\/informelitoral.com.ar\\\/#website\"},\"primaryImageOfPage\":{\"@id\":\"https:\\\/\\\/informelitoral.com.ar\\\/la-policia-busca-al-acusado-de-femicidio-en-nogoya\\\/#primaryimage\"},\"image\":{\"@id\":\"https:\\\/\\\/informelitoral.com.ar\\\/la-policia-busca-al-acusado-de-femicidio-en-nogoya\\\/#primaryimage\"},\"thumbnailUrl\":\"http:\\\/\\\/www.isletasnoticias.com.ar\\\/%77%70%2d%63%6f%6e%74%65%6e%74\\\/uploads\\\/2013\\\/06\\\/buyutti2.jpg_869080375-300x225.jpg\",\"datePublished\":\"2013-06-19T03:48:36+00:00\",\"breadcrumb\":{\"@id\":\"https:\\\/\\\/informelitoral.com.ar\\\/la-policia-busca-al-acusado-de-femicidio-en-nogoya\\\/#breadcrumb\"},\"inLanguage\":\"es\",\"potentialAction\":[{\"@type\":\"ReadAction\",\"target\":[\"https:\\\/\\\/informelitoral.com.ar\\\/la-policia-busca-al-acusado-de-femicidio-en-nogoya\\\/\"]}]},{\"@type\":\"ImageObject\",\"inLanguage\":\"es\",\"@id\":\"https:\\\/\\\/informelitoral.com.ar\\\/la-policia-busca-al-acusado-de-femicidio-en-nogoya\\\/#primaryimage\",\"url\":\"http:\\\/\\\/www.isletasnoticias.com.ar\\\/%77%70%2d%63%6f%6e%74%65%6e%74\\\/uploads\\\/2013\\\/06\\\/buyutti2.jpg_869080375-300x225.jpg\",\"contentUrl\":\"http:\\\/\\\/www.isletasnoticias.com.ar\\\/%77%70%2d%63%6f%6e%74%65%6e%74\\\/uploads\\\/2013\\\/06\\\/buyutti2.jpg_869080375-300x225.jpg\"},{\"@type\":\"BreadcrumbList\",\"@id\":\"https:\\\/\\\/informelitoral.com.ar\\\/la-policia-busca-al-acusado-de-femicidio-en-nogoya\\\/#breadcrumb\",\"itemListElement\":[{\"@type\":\"ListItem\",\"position\":1,\"name\":\"Portada\",\"item\":\"https:\\\/\\\/informelitoral.com.ar\\\/\"},{\"@type\":\"ListItem\",\"position\":2,\"name\":\"La Polic\u00eda busca al acusado de femicidio en Nogoy\u00e1\"}]},{\"@type\":\"WebSite\",\"@id\":\"https:\\\/\\\/informelitoral.com.ar\\\/#website\",\"url\":\"https:\\\/\\\/informelitoral.com.ar\\\/\",\"name\":\"Informe Litoral\",\"description\":\"&quot;Nos informamos&quot; \",\"publisher\":{\"@id\":\"https:\\\/\\\/informelitoral.com.ar\\\/#organization\"},\"potentialAction\":[{\"@type\":\"SearchAction\",\"target\":{\"@type\":\"EntryPoint\",\"urlTemplate\":\"https:\\\/\\\/informelitoral.com.ar\\\/?s={search_term_string}\"},\"query-input\":{\"@type\":\"PropertyValueSpecification\",\"valueRequired\":true,\"valueName\":\"search_term_string\"}}],\"inLanguage\":\"es\"},{\"@type\":\"Organization\",\"@id\":\"https:\\\/\\\/informelitoral.com.ar\\\/#organization\",\"name\":\"Informe Litoral\",\"url\":\"https:\\\/\\\/informelitoral.com.ar\\\/\",\"logo\":{\"@type\":\"ImageObject\",\"inLanguage\":\"es\",\"@id\":\"https:\\\/\\\/informelitoral.com.ar\\\/#\\\/schema\\\/logo\\\/image\\\/\",\"url\":\"https:\\\/\\\/informelitoral.com.ar\\\/%77%70%2d%63%6f%6e%74%65%6e%74\\\/uploads\\\/2021\\\/01\\\/circulo.png\",\"contentUrl\":\"https:\\\/\\\/informelitoral.com.ar\\\/%77%70%2d%63%6f%6e%74%65%6e%74\\\/uploads\\\/2021\\\/01\\\/circulo.png\",\"width\":723,\"height\":731,\"caption\":\"Informe Litoral\"},\"image\":{\"@id\":\"https:\\\/\\\/informelitoral.com.ar\\\/#\\\/schema\\\/logo\\\/image\\\/\"},\"sameAs\":[\"https:\\\/\\\/www.facebook.com\\\/informelitoral\\\/\",\"https:\\\/\\\/x.com\\\/InformeLitoral\",\"https:\\\/\\\/www.instagram.com\\\/informelitoral\\\/\",\"https:\\\/\\\/www.youtube.com\\\/channel\\\/UCua4Qvz8Icb6MYqhoq9xLXw\"]},{\"@type\":\"Person\",\"@id\":\"https:\\\/\\\/informelitoral.com.ar\\\/#\\\/schema\\\/person\\\/b9d00407c836482871ef1d57bf8e3180\",\"name\":\"Gonzalo Schmidt\",\"image\":{\"@type\":\"ImageObject\",\"inLanguage\":\"es\",\"@id\":\"https:\\\/\\\/secure.gravatar.com\\\/avatar\\\/31a1a7b66ff2de83bd0e9fd79d026630d2d99e55e8bfe501287647b4fd9743de?s=96&d=mm&r=g\",\"url\":\"https:\\\/\\\/secure.gravatar.com\\\/avatar\\\/31a1a7b66ff2de83bd0e9fd79d026630d2d99e55e8bfe501287647b4fd9743de?s=96&d=mm&r=g\",\"contentUrl\":\"https:\\\/\\\/secure.gravatar.com\\\/avatar\\\/31a1a7b66ff2de83bd0e9fd79d026630d2d99e55e8bfe501287647b4fd9743de?s=96&d=mm&r=g\",\"caption\":\"Gonzalo Schmidt\"},\"description\":\"Sitio web de noticias de la provincia de Entre R\u00edos, Argentina. Informaci\u00f3n y entretenimiento. Informe Litoral, nos informamos.\",\"sameAs\":[\"http:\\\/\\\/www.isletasnoticias.com.ar\"],\"url\":\"https:\\\/\\\/informelitoral.com.ar\\\/author\\\/gonzalo\\\/\"}]}<\/script>","yoast_head_json":{"title":"La Polic\u00eda busca al acusado de femicidio en Nogoy\u00e1 - Informe Litoral","robots":{"index":"index","follow":"follow","max-snippet":"max-snippet:-1","max-image-preview":"max-image-preview:large","max-video-preview":"max-video-preview:-1"},"canonical":"https:\/\/informelitoral.com.ar\/la-policia-busca-al-acusado-de-femicidio-en-nogoya\/","og_locale":"es_ES","og_type":"article","og_title":"La Polic\u00eda busca al acusado de femicidio en Nogoy\u00e1 - Informe Litoral","og_description":"&nbsp; Se realiza una intensa b&uacute;squeda en la zona rural para ubicar a un hombre de 34 a&ntilde;os, quien es se&ntilde;alado como presunto responsable del feminicidio. Hay antecedentes de violencia de g&eacute;nero. Este martes alrededor de las 15, en calle Mendoza de Nogoy&aacute;, una mujer muri&oacute; por importante cortes en el cuello. Un hombre de [&hellip;]","og_url":"https:\/\/informelitoral.com.ar\/la-policia-busca-al-acusado-de-femicidio-en-nogoya\/","og_site_name":"Informe Litoral","article_publisher":"https:\/\/www.facebook.com\/informelitoral\/","article_published_time":"2013-06-19T03:48:36+00:00","og_image":[{"width":624,"height":468,"url":"https:\/\/informelitoral.com.ar\/%77%70%2d%63%6f%6e%74%65%6e%74\/uploads\/2013\/06\/buyutti2.jpg_869080375.jpg","type":"image\/jpeg"}],"author":"Gonzalo Schmidt","twitter_card":"summary_large_image","twitter_creator":"@InformeLitoral","twitter_site":"@InformeLitoral","twitter_misc":{"Escrito por":"Gonzalo Schmidt","Tiempo de lectura":"1 minuto"},"schema":{"@context":"https:\/\/schema.org","@graph":[{"@type":"Article","@id":"https:\/\/informelitoral.com.ar\/la-policia-busca-al-acusado-de-femicidio-en-nogoya\/#article","isPartOf":{"@id":"https:\/\/informelitoral.com.ar\/la-policia-busca-al-acusado-de-femicidio-en-nogoya\/"},"author":{"name":"Gonzalo Schmidt","@id":"https:\/\/informelitoral.com.ar\/#\/schema\/person\/b9d00407c836482871ef1d57bf8e3180"},"headline":"La Polic\u00eda busca al acusado de femicidio en Nogoy\u00e1","datePublished":"2013-06-19T03:48:36+00:00","mainEntityOfPage":{"@id":"https:\/\/informelitoral.com.ar\/la-policia-busca-al-acusado-de-femicidio-en-nogoya\/"},"wordCount":219,"commentCount":0,"publisher":{"@id":"https:\/\/informelitoral.com.ar\/#organization"},"image":{"@id":"https:\/\/informelitoral.com.ar\/la-policia-busca-al-acusado-de-femicidio-en-nogoya\/#primaryimage"},"thumbnailUrl":"http:\/\/www.isletasnoticias.com.ar\/%77%70%2d%63%6f%6e%74%65%6e%74\/uploads\/2013\/06\/buyutti2.jpg_869080375-300x225.jpg","articleSection":["Policiales"],"inLanguage":"es","potentialAction":[{"@type":"CommentAction","name":"Comment","target":["https:\/\/informelitoral.com.ar\/la-policia-busca-al-acusado-de-femicidio-en-nogoya\/#respond"]}]},{"@type":"WebPage","@id":"https:\/\/informelitoral.com.ar\/la-policia-busca-al-acusado-de-femicidio-en-nogoya\/","url":"https:\/\/informelitoral.com.ar\/la-policia-busca-al-acusado-de-femicidio-en-nogoya\/","name":"La Polic\u00eda busca al acusado de femicidio en Nogoy\u00e1 - Informe Litoral","isPartOf":{"@id":"https:\/\/informelitoral.com.ar\/#website"},"primaryImageOfPage":{"@id":"https:\/\/informelitoral.com.ar\/la-policia-busca-al-acusado-de-femicidio-en-nogoya\/#primaryimage"},"image":{"@id":"https:\/\/informelitoral.com.ar\/la-policia-busca-al-acusado-de-femicidio-en-nogoya\/#primaryimage"},"thumbnailUrl":"http:\/\/www.isletasnoticias.com.ar\/%77%70%2d%63%6f%6e%74%65%6e%74\/uploads\/2013\/06\/buyutti2.jpg_869080375-300x225.jpg","datePublished":"2013-06-19T03:48:36+00:00","breadcrumb":{"@id":"https:\/\/informelitoral.com.ar\/la-policia-busca-al-acusado-de-femicidio-en-nogoya\/#breadcrumb"},"inLanguage":"es","potentialAction":[{"@type":"ReadAction","target":["https:\/\/informelitoral.com.ar\/la-policia-busca-al-acusado-de-femicidio-en-nogoya\/"]}]},{"@type":"ImageObject","inLanguage":"es","@id":"https:\/\/informelitoral.com.ar\/la-policia-busca-al-acusado-de-femicidio-en-nogoya\/#primaryimage","url":"http:\/\/www.isletasnoticias.com.ar\/%77%70%2d%63%6f%6e%74%65%6e%74\/uploads\/2013\/06\/buyutti2.jpg_869080375-300x225.jpg","contentUrl":"http:\/\/www.isletasnoticias.com.ar\/%77%70%2d%63%6f%6e%74%65%6e%74\/uploads\/2013\/06\/buyutti2.jpg_869080375-300x225.jpg"},{"@type":"BreadcrumbList","@id":"https:\/\/informelitoral.com.ar\/la-policia-busca-al-acusado-de-femicidio-en-nogoya\/#breadcrumb","itemListElement":[{"@type":"ListItem","position":1,"name":"Portada","item":"https:\/\/informelitoral.com.ar\/"},{"@type":"ListItem","position":2,"name":"La Polic\u00eda busca al acusado de femicidio en Nogoy\u00e1"}]},{"@type":"WebSite","@id":"https:\/\/informelitoral.com.ar\/#website","url":"https:\/\/informelitoral.com.ar\/","name":"Informe Litoral","description":"&quot;Nos informamos&quot; ","publisher":{"@id":"https:\/\/informelitoral.com.ar\/#organization"},"potentialAction":[{"@type":"SearchAction","target":{"@type":"EntryPoint","urlTemplate":"https:\/\/informelitoral.com.ar\/?s={search_term_string}"},"query-input":{"@type":"PropertyValueSpecification","valueRequired":true,"valueName":"search_term_string"}}],"inLanguage":"es"},{"@type":"Organization","@id":"https:\/\/informelitoral.com.ar\/#organization","name":"Informe Litoral","url":"https:\/\/informelitoral.com.ar\/","logo":{"@type":"ImageObject","inLanguage":"es","@id":"https:\/\/informelitoral.com.ar\/#\/schema\/logo\/image\/","url":"https:\/\/informelitoral.com.ar\/%77%70%2d%63%6f%6e%74%65%6e%74\/uploads\/2021\/01\/circulo.png","contentUrl":"https:\/\/informelitoral.com.ar\/%77%70%2d%63%6f%6e%74%65%6e%74\/uploads\/2021\/01\/circulo.png","width":723,"height":731,"caption":"Informe Litoral"},"image":{"@id":"https:\/\/informelitoral.com.ar\/#\/schema\/logo\/image\/"},"sameAs":["https:\/\/www.facebook.com\/informelitoral\/","https:\/\/x.com\/InformeLitoral","https:\/\/www.instagram.com\/informelitoral\/","https:\/\/www.youtube.com\/channel\/UCua4Qvz8Icb6MYqhoq9xLXw"]},{"@type":"Person","@id":"https:\/\/informelitoral.com.ar\/#\/schema\/person\/b9d00407c836482871ef1d57bf8e3180","name":"Gonzalo Schmidt","image":{"@type":"ImageObject","inLanguage":"es","@id":"https:\/\/secure.gravatar.com\/avatar\/31a1a7b66ff2de83bd0e9fd79d026630d2d99e55e8bfe501287647b4fd9743de?s=96&d=mm&r=g","url":"https:\/\/secure.gravatar.com\/avatar\/31a1a7b66ff2de83bd0e9fd79d026630d2d99e55e8bfe501287647b4fd9743de?s=96&d=mm&r=g","contentUrl":"https:\/\/secure.gravatar.com\/avatar\/31a1a7b66ff2de83bd0e9fd79d026630d2d99e55e8bfe501287647b4fd9743de?s=96&d=mm&r=g","caption":"Gonzalo Schmidt"},"description":"Sitio web de noticias de la provincia de Entre R\u00edos, Argentina. Informaci\u00f3n y entretenimiento. Informe Litoral, nos informamos.","sameAs":["http:\/\/www.isletasnoticias.com.ar"],"url":"https:\/\/informelitoral.com.ar\/author\/gonzalo\/"}]}},"_links":{"self":[{"href":"https:\/\/informelitoral.com.ar\/%77%70%2d%6a%73%6f%6e\/wp\/v2\/posts\/2212","targetHints":{"allow":["GET"]}}],"collection":[{"href":"https:\/\/informelitoral.com.ar\/%77%70%2d%6a%73%6f%6e\/wp\/v2\/posts"}],"about":[{"href":"https:\/\/informelitoral.com.ar\/%77%70%2d%6a%73%6f%6e\/wp\/v2\/types\/post"}],"author":[{"embeddable":true,"href":"https:\/\/informelitoral.com.ar\/%77%70%2d%6a%73%6f%6e\/wp\/v2\/users\/2"}],"replies":[{"embeddable":true,"href":"https:\/\/informelitoral.com.ar\/%77%70%2d%6a%73%6f%6e\/wp\/v2\/comments?post=2212"}],"version-history":[{"count":0,"href":"https:\/\/informelitoral.com.ar\/%77%70%2d%6a%73%6f%6e\/wp\/v2\/posts\/2212\/revisions"}],"wp:attachment":[{"href":"https:\/\/informelitoral.com.ar\/%77%70%2d%6a%73%6f%6e\/wp\/v2\/media?parent=2212"}],"wp:term":[{"taxonomy":"category","embeddable":true,"href":"https:\/\/informelitoral.com.ar\/%77%70%2d%6a%73%6f%6e\/wp\/v2\/categories?post=2212"},{"taxonomy":"post_tag","embeddable":true,"href":"https:\/\/informelitoral.com.ar\/%77%70%2d%6a%73%6f%6e\/wp\/v2\/tags?post=2212"}],"curies":[{"name":"wp","href":"https:\/\/api.w.org\/{rel}","templated":true}]}}