{"id":221186,"date":"2025-05-12T08:56:04","date_gmt":"2025-05-12T11:56:04","guid":{"rendered":"https:\/\/informelitoral.com.ar\/?p=221186"},"modified":"2025-05-12T08:56:04","modified_gmt":"2025-05-12T11:56:04","slug":"el-gobierno-provincial-acompano-a-productores-lecheros-en-la-xxi-expo-leche-en-nogoya","status":"publish","type":"post","link":"https:\/\/informelitoral.com.ar\/el-gobierno-provincial-acompano-a-productores-lecheros-en-la-xxi-expo-leche-en-nogoya\/","title":{"rendered":"El gobierno provincial acompa\u00f1\u00f3 a productores lecheros en la XXI Expo Leche en Nogoy\u00e1"},"content":{"rendered":"<p>Se trat\u00f3 de la edici\u00f3n<strong> N\u00ba XXI y XXI Expo Jersey Entrerriana<\/strong>, que tuvo lugar desde <strong>9 al 11 de mayo<\/strong> inclusive en el predio de la<strong> Sociedad Rural de Nogoy\u00e1<\/strong>; y representa un espacio estrat\u00e9gico que conjuga no s\u00f3lo producci\u00f3n e innovaci\u00f3n, sino tambi\u00e9n educaci\u00f3n -con la presencia de alumnos y profesores de escuelas agrot\u00e9cnicas- y tambi\u00e9n cultura; mediante juras y espect\u00e1culos folcl\u00f3ricos.<\/p>\n<p>\u00abEsta expo, de las m\u00e1s importantes a nivel nacional, es un orgullo no s\u00f3lo para Nogoy\u00e1 sino tambi\u00e9n para la provincia. Quiero agradecer a todas las caba\u00f1as que se encuentran participando, como as\u00ed tambi\u00e9n al resto de los participantes de la muestra\u00bb, manifest\u00f3 el ministro Bernaudo. \u00abEl mandato del gobernador Rogelio Frigerio es acompa\u00f1ar en cada instancia a los productores, la industria, el comercio y dem\u00e1s componentes del sector; ya que el desarrollo de la provincia va de la mano con el del sector privado. Nuestra tarea es ayudar con la infraestructura y las normativas para facilitar de este modo la generaci\u00f3n de empleo\u00bb, agreg\u00f3.<\/p>\n<p>En el Sal\u00f3n Rojo de la exposici\u00f3n, se desarroll\u00f3 una Mesa T\u00e9cnica Provincial abierta moderada por el coordinador provincial de Lecher\u00eda, Horacio Jaureguiberry, donde profesionales disertaron sobre temas como el ingreso de Argentina a la Federaci\u00f3n Internacional de la Leche (FIL), la Norma IRAM 14400 de certificaci\u00f3n de pr\u00e1cticas correctas en lecher\u00eda, y una consultor\u00eda en tecnolog\u00edas para la producci\u00f3n lechera. Particip\u00f3 a su vez el subadministrador de la Direcci\u00f3n Provincial de Vialidad, Alfredo Bel, que inform\u00f3 sobre caminos de la producci\u00f3n.<\/p>\n<h6><em><strong>Del archivo:\u00a0<a title=\"Vacunaci\u00f3n antiaftosa : se solicit\u00f3 la exclusi\u00f3n de las categor\u00edas novillo, vaca y toro de la segunda campa\u00f1a\" href=\"https:\/\/informelitoral.com.ar\/vacunacion-antiaftosa-se-solicito-la-exclusion-permanente-de-las-categorias-novillo-vaca-y-toro-de-la-segunda-campana\/\" target=\"_blank\" rel=\"noopener\">Vacunaci\u00f3n antiaftosa : se solicit\u00f3 la exclusi\u00f3n de las categor\u00edas novillo, vaca y toro de la segunda campa\u00f1a<\/a><\/strong><\/em><\/h6>\n<p>Por su parte, Jaureguiberry instruy\u00f3 al p\u00fablico presente sobre el programa provincial de Buenas Pr\u00e1cticas Lecheras (BPL), el cual busca aumentar la producci\u00f3n de leche, lograr un producto sano y seguro que resguarde los recursos naturales, reducir los costos y generar mejores condiciones laborales para incentivar la llegada de mano de obra. \u00abSe trat\u00f3 del lanzamiento de una nueva etapa del programa, la cual apunta a afectar a un coordinador y cinco auditores para acompa\u00f1ar a 50 tambos entrerrianos\u00bb, sostuvo el coordinador.<\/p>\n<p><a href=\"https:\/\/informelitoral.com.ar\/%77%70%2d%63%6f%6e%74%65%6e%74\/uploads\/2025\/05\/foto-7-expo_leche_25.jpg\"><img loading=\"lazy\" decoding=\"async\" class=\"alignnone size-full wp-image-221188\" src=\"https:\/\/informelitoral.com.ar\/%77%70%2d%63%6f%6e%74%65%6e%74\/uploads\/2025\/05\/foto-7-expo_leche_25.jpg\" alt=\"\" width=\"1920\" height=\"1280\" srcset=\"https:\/\/informelitoral.com.ar\/%77%70%2d%63%6f%6e%74%65%6e%74\/uploads\/2025\/05\/foto-7-expo_leche_25.jpg 1920w, https:\/\/informelitoral.com.ar\/%77%70%2d%63%6f%6e%74%65%6e%74\/uploads\/2025\/05\/foto-7-expo_leche_25-300x200.jpg 300w, https:\/\/informelitoral.com.ar\/%77%70%2d%63%6f%6e%74%65%6e%74\/uploads\/2025\/05\/foto-7-expo_leche_25-1024x683.jpg 1024w, https:\/\/informelitoral.com.ar\/%77%70%2d%63%6f%6e%74%65%6e%74\/uploads\/2025\/05\/foto-7-expo_leche_25-768x512.jpg 768w, https:\/\/informelitoral.com.ar\/%77%70%2d%63%6f%6e%74%65%6e%74\/uploads\/2025\/05\/foto-7-expo_leche_25-1536x1024.jpg 1536w, https:\/\/informelitoral.com.ar\/%77%70%2d%63%6f%6e%74%65%6e%74\/uploads\/2025\/05\/foto-7-expo_leche_25-630x420.jpg 630w, https:\/\/informelitoral.com.ar\/%77%70%2d%63%6f%6e%74%65%6e%74\/uploads\/2025\/05\/foto-7-expo_leche_25-696x464.jpg 696w, https:\/\/informelitoral.com.ar\/%77%70%2d%63%6f%6e%74%65%6e%74\/uploads\/2025\/05\/foto-7-expo_leche_25-1068x712.jpg 1068w\" sizes=\"auto, (max-width: 1920px) 100vw, 1920px\" \/><\/a><\/p>\n<p>A su vez, el director de Econom\u00eda del Conocimiento, Mat\u00edas Ruiz, moder\u00f3 una Mesa de conocimiento aplicado a la lecher\u00eda. En la misma, Ricardo Cravero disert\u00f3 sobre competitividad l\u00e1ctea con enfoque en la transformaci\u00f3n digital, sostenibilidad e innovaci\u00f3n; para darle lugar a Marcelo Ceballos de la firma Intes Consulting, quien hizo una presentaci\u00f3n sobre soluciones eficientes para la industria lechera mediante integraci\u00f3n de procesos y herramientas digitales. Posteriormente, Salvador Celia de la empresa Be the driver enfatiz\u00f3 sobre las ventajas del asesoramiento estrat\u00e9gico y la integraci\u00f3n de aspectos contables, inventarios, compras\/ventas y recursos humanos en un solo sistema inform\u00e1tico.<\/p>\n<p>Con el objetivo de encontrar soluciones que faciliten el acceso al cr\u00e9dito y otros instrumentos de financiamiento para empresas y emprendimientos, la secretaria de Desarrollo Productivo y Emprendedor, Paula Vicari; moder\u00f3 una Mesa de financiamiento. Durante la misma, representantes del Banco Entre R\u00edos, Banco Naci\u00f3n y el Consejo Federal de Inversiones (CFI), expusieron sobre sus herramientas financieras.<\/p>\n<h6><em><strong>Del arhico:\u00a0<a title=\"Fuerte ca\u00edda en las exportaciones de carne bovina argentina durante el primer trimestre de 2025\" href=\"https:\/\/informelitoral.com.ar\/fuerte-caida-en-las-exportaciones-de-carne-bovina-argentina-durante-el-primer-trimestre-de-2025\/\" target=\"_blank\" rel=\"noopener\">El Gobierno elimin\u00f3 retenciones a la mayor\u00eda de las exportaciones industriales, incluyendo algunos productos del agro<\/a><\/strong><\/em><\/h6>\n","protected":false},"excerpt":{"rendered":"<p>En el marco de las pol\u00edticas de fortalecimiento del sector productivo que viene llevando adelante la provincia, el ministro de Desarrollo Econ\u00f3mico, Guillermo Bernaudo, particip\u00f3 junto a otros funcionarios provinciales de una nueva edici\u00f3n de la Expo Provincial de la Leche.<\/p>\n","protected":false},"author":8,"featured_media":221187,"comment_status":"open","ping_status":"open","sticky":false,"template":"","format":"standard","meta":{"fifu_image_url":"","fifu_image_alt":"","footnotes":""},"categories":[10],"tags":[3602,74],"class_list":{"0":"post-221186","1":"post","2":"type-post","3":"status-publish","4":"format-standard","5":"has-post-thumbnail","7":"category-campo","8":"tag-expo-de-la-leche","9":"tag-nogoya"},"yoast_head":"<title>El gobierno provincial acompa\u00f1\u00f3 a productores lecheros en la XXI Expo Leche en Nogoy\u00e1 - Informe Litoral<\/title>\n<meta name=\"robots\" content=\"index, follow, max-snippet:-1, max-image-preview:large, max-video-preview:-1\" \/>\n<link rel=\"canonical\" href=\"https:\/\/informelitoral.com.ar\/el-gobierno-provincial-acompano-a-productores-lecheros-en-la-xxi-expo-leche-en-nogoya\/\" \/>\n<meta property=\"og:locale\" content=\"es_ES\" \/>\n<meta property=\"og:type\" content=\"article\" \/>\n<meta property=\"og:title\" content=\"El gobierno provincial acompa\u00f1\u00f3 a productores lecheros en la XXI Expo Leche en Nogoy\u00e1 - Informe Litoral\" \/>\n<meta property=\"og:description\" content=\"En el marco de las pol\u00edticas de fortalecimiento del sector productivo que viene llevando adelante la provincia, el ministro de Desarrollo Econ\u00f3mico, Guillermo Bernaudo, particip\u00f3 junto a otros funcionarios provinciales de una nueva edici\u00f3n de la Expo Provincial de la Leche.\" \/>\n<meta property=\"og:url\" content=\"https:\/\/informelitoral.com.ar\/el-gobierno-provincial-acompano-a-productores-lecheros-en-la-xxi-expo-leche-en-nogoya\/\" \/>\n<meta property=\"og:site_name\" content=\"Informe Litoral\" \/>\n<meta property=\"article:publisher\" content=\"https:\/\/www.facebook.com\/informelitoral\/\" \/>\n<meta property=\"article:published_time\" content=\"2025-05-12T11:56:04+00:00\" \/>\n<meta property=\"og:image\" content=\"https:\/\/informelitoral.com.ar\/%77%70%2d%63%6f%6e%74%65%6e%74\/uploads\/2025\/05\/foto-5-expo_leche_25.jpg\" \/>\n\t<meta property=\"og:image:width\" content=\"1920\" \/>\n\t<meta property=\"og:image:height\" content=\"1280\" \/>\n\t<meta property=\"og:image:type\" content=\"image\/jpeg\" \/>\n<meta name=\"author\" content=\"Sebastian\" \/>\n<meta name=\"twitter:card\" content=\"summary_large_image\" \/>\n<meta name=\"twitter:creator\" content=\"@InformeLitoral\" \/>\n<meta name=\"twitter:site\" content=\"@InformeLitoral\" \/>\n<meta name=\"twitter:label1\" content=\"Escrito por\" \/>\n\t<meta name=\"twitter:data1\" content=\"Sebastian\" \/>\n\t<meta name=\"twitter:label2\" content=\"Tiempo de lectura\" \/>\n\t<meta name=\"twitter:data2\" content=\"3 minutos\" \/>\n<script type=\"application\/ld+json\" class=\"yoast-schema-graph\">{\"@context\":\"https:\\\/\\\/schema.org\",\"@graph\":[{\"@type\":\"Article\",\"@id\":\"https:\\\/\\\/informelitoral.com.ar\\\/el-gobierno-provincial-acompano-a-productores-lecheros-en-la-xxi-expo-leche-en-nogoya\\\/#article\",\"isPartOf\":{\"@id\":\"https:\\\/\\\/informelitoral.com.ar\\\/el-gobierno-provincial-acompano-a-productores-lecheros-en-la-xxi-expo-leche-en-nogoya\\\/\"},\"author\":{\"name\":\"Sebastian\",\"@id\":\"https:\\\/\\\/informelitoral.com.ar\\\/#\\\/schema\\\/person\\\/f05f9f461677119578717524b127d6d5\"},\"headline\":\"El gobierno provincial acompa\u00f1\u00f3 a productores lecheros en la XXI Expo Leche en Nogoy\u00e1\",\"datePublished\":\"2025-05-12T11:56:04+00:00\",\"mainEntityOfPage\":{\"@id\":\"https:\\\/\\\/informelitoral.com.ar\\\/el-gobierno-provincial-acompano-a-productores-lecheros-en-la-xxi-expo-leche-en-nogoya\\\/\"},\"wordCount\":592,\"commentCount\":0,\"publisher\":{\"@id\":\"https:\\\/\\\/informelitoral.com.ar\\\/#organization\"},\"image\":{\"@id\":\"https:\\\/\\\/informelitoral.com.ar\\\/el-gobierno-provincial-acompano-a-productores-lecheros-en-la-xxi-expo-leche-en-nogoya\\\/#primaryimage\"},\"thumbnailUrl\":\"https:\\\/\\\/informelitoral.com.ar\\\/%77%70%2d%63%6f%6e%74%65%6e%74\\\/uploads\\\/2025\\\/05\\\/foto-5-expo_leche_25.jpg\",\"keywords\":[\"Expo de la leche\",\"Nogoy\u00e1\"],\"articleSection\":[\"Campo\"],\"inLanguage\":\"es\",\"potentialAction\":[{\"@type\":\"CommentAction\",\"name\":\"Comment\",\"target\":[\"https:\\\/\\\/informelitoral.com.ar\\\/el-gobierno-provincial-acompano-a-productores-lecheros-en-la-xxi-expo-leche-en-nogoya\\\/#respond\"]}]},{\"@type\":\"WebPage\",\"@id\":\"https:\\\/\\\/informelitoral.com.ar\\\/el-gobierno-provincial-acompano-a-productores-lecheros-en-la-xxi-expo-leche-en-nogoya\\\/\",\"url\":\"https:\\\/\\\/informelitoral.com.ar\\\/el-gobierno-provincial-acompano-a-productores-lecheros-en-la-xxi-expo-leche-en-nogoya\\\/\",\"name\":\"El gobierno provincial acompa\u00f1\u00f3 a productores lecheros en la XXI Expo Leche en Nogoy\u00e1 - Informe Litoral\",\"isPartOf\":{\"@id\":\"https:\\\/\\\/informelitoral.com.ar\\\/#website\"},\"primaryImageOfPage\":{\"@id\":\"https:\\\/\\\/informelitoral.com.ar\\\/el-gobierno-provincial-acompano-a-productores-lecheros-en-la-xxi-expo-leche-en-nogoya\\\/#primaryimage\"},\"image\":{\"@id\":\"https:\\\/\\\/informelitoral.com.ar\\\/el-gobierno-provincial-acompano-a-productores-lecheros-en-la-xxi-expo-leche-en-nogoya\\\/#primaryimage\"},\"thumbnailUrl\":\"https:\\\/\\\/informelitoral.com.ar\\\/%77%70%2d%63%6f%6e%74%65%6e%74\\\/uploads\\\/2025\\\/05\\\/foto-5-expo_leche_25.jpg\",\"datePublished\":\"2025-05-12T11:56:04+00:00\",\"breadcrumb\":{\"@id\":\"https:\\\/\\\/informelitoral.com.ar\\\/el-gobierno-provincial-acompano-a-productores-lecheros-en-la-xxi-expo-leche-en-nogoya\\\/#breadcrumb\"},\"inLanguage\":\"es\",\"potentialAction\":[{\"@type\":\"ReadAction\",\"target\":[\"https:\\\/\\\/informelitoral.com.ar\\\/el-gobierno-provincial-acompano-a-productores-lecheros-en-la-xxi-expo-leche-en-nogoya\\\/\"]}]},{\"@type\":\"ImageObject\",\"inLanguage\":\"es\",\"@id\":\"https:\\\/\\\/informelitoral.com.ar\\\/el-gobierno-provincial-acompano-a-productores-lecheros-en-la-xxi-expo-leche-en-nogoya\\\/#primaryimage\",\"url\":\"https:\\\/\\\/informelitoral.com.ar\\\/%77%70%2d%63%6f%6e%74%65%6e%74\\\/uploads\\\/2025\\\/05\\\/foto-5-expo_leche_25.jpg\",\"contentUrl\":\"https:\\\/\\\/informelitoral.com.ar\\\/%77%70%2d%63%6f%6e%74%65%6e%74\\\/uploads\\\/2025\\\/05\\\/foto-5-expo_leche_25.jpg\",\"width\":1920,\"height\":1280},{\"@type\":\"BreadcrumbList\",\"@id\":\"https:\\\/\\\/informelitoral.com.ar\\\/el-gobierno-provincial-acompano-a-productores-lecheros-en-la-xxi-expo-leche-en-nogoya\\\/#breadcrumb\",\"itemListElement\":[{\"@type\":\"ListItem\",\"position\":1,\"name\":\"Portada\",\"item\":\"https:\\\/\\\/informelitoral.com.ar\\\/\"},{\"@type\":\"ListItem\",\"position\":2,\"name\":\"El gobierno provincial acompa\u00f1\u00f3 a productores lecheros en la XXI Expo Leche en Nogoy\u00e1\"}]},{\"@type\":\"WebSite\",\"@id\":\"https:\\\/\\\/informelitoral.com.ar\\\/#website\",\"url\":\"https:\\\/\\\/informelitoral.com.ar\\\/\",\"name\":\"Informe Litoral\",\"description\":\"&quot;Nos informamos&quot; \",\"publisher\":{\"@id\":\"https:\\\/\\\/informelitoral.com.ar\\\/#organization\"},\"potentialAction\":[{\"@type\":\"SearchAction\",\"target\":{\"@type\":\"EntryPoint\",\"urlTemplate\":\"https:\\\/\\\/informelitoral.com.ar\\\/?s={search_term_string}\"},\"query-input\":{\"@type\":\"PropertyValueSpecification\",\"valueRequired\":true,\"valueName\":\"search_term_string\"}}],\"inLanguage\":\"es\"},{\"@type\":\"Organization\",\"@id\":\"https:\\\/\\\/informelitoral.com.ar\\\/#organization\",\"name\":\"Informe Litoral\",\"url\":\"https:\\\/\\\/informelitoral.com.ar\\\/\",\"logo\":{\"@type\":\"ImageObject\",\"inLanguage\":\"es\",\"@id\":\"https:\\\/\\\/informelitoral.com.ar\\\/#\\\/schema\\\/logo\\\/image\\\/\",\"url\":\"https:\\\/\\\/informelitoral.com.ar\\\/%77%70%2d%63%6f%6e%74%65%6e%74\\\/uploads\\\/2021\\\/01\\\/circulo.png\",\"contentUrl\":\"https:\\\/\\\/informelitoral.com.ar\\\/%77%70%2d%63%6f%6e%74%65%6e%74\\\/uploads\\\/2021\\\/01\\\/circulo.png\",\"width\":723,\"height\":731,\"caption\":\"Informe Litoral\"},\"image\":{\"@id\":\"https:\\\/\\\/informelitoral.com.ar\\\/#\\\/schema\\\/logo\\\/image\\\/\"},\"sameAs\":[\"https:\\\/\\\/www.facebook.com\\\/informelitoral\\\/\",\"https:\\\/\\\/x.com\\\/InformeLitoral\",\"https:\\\/\\\/www.instagram.com\\\/informelitoral\\\/\",\"https:\\\/\\\/www.youtube.com\\\/channel\\\/UCua4Qvz8Icb6MYqhoq9xLXw\"]},{\"@type\":\"Person\",\"@id\":\"https:\\\/\\\/informelitoral.com.ar\\\/#\\\/schema\\\/person\\\/f05f9f461677119578717524b127d6d5\",\"name\":\"Sebastian\",\"image\":{\"@type\":\"ImageObject\",\"inLanguage\":\"es\",\"@id\":\"https:\\\/\\\/secure.gravatar.com\\\/avatar\\\/b71bf7481d447dfb9583c7f2798e7cc64de6efb9067b74633ed8c31059a3bd82?s=96&d=mm&r=g\",\"url\":\"https:\\\/\\\/secure.gravatar.com\\\/avatar\\\/b71bf7481d447dfb9583c7f2798e7cc64de6efb9067b74633ed8c31059a3bd82?s=96&d=mm&r=g\",\"contentUrl\":\"https:\\\/\\\/secure.gravatar.com\\\/avatar\\\/b71bf7481d447dfb9583c7f2798e7cc64de6efb9067b74633ed8c31059a3bd82?s=96&d=mm&r=g\",\"caption\":\"Sebastian\"},\"url\":\"https:\\\/\\\/informelitoral.com.ar\\\/author\\\/sebastian\\\/\"}]}<\/script>","yoast_head_json":{"title":"El gobierno provincial acompa\u00f1\u00f3 a productores lecheros en la XXI Expo Leche en Nogoy\u00e1 - Informe Litoral","robots":{"index":"index","follow":"follow","max-snippet":"max-snippet:-1","max-image-preview":"max-image-preview:large","max-video-preview":"max-video-preview:-1"},"canonical":"https:\/\/informelitoral.com.ar\/el-gobierno-provincial-acompano-a-productores-lecheros-en-la-xxi-expo-leche-en-nogoya\/","og_locale":"es_ES","og_type":"article","og_title":"El gobierno provincial acompa\u00f1\u00f3 a productores lecheros en la XXI Expo Leche en Nogoy\u00e1 - Informe Litoral","og_description":"En el marco de las pol\u00edticas de fortalecimiento del sector productivo que viene llevando adelante la provincia, el ministro de Desarrollo Econ\u00f3mico, Guillermo Bernaudo, particip\u00f3 junto a otros funcionarios provinciales de una nueva edici\u00f3n de la Expo Provincial de la Leche.","og_url":"https:\/\/informelitoral.com.ar\/el-gobierno-provincial-acompano-a-productores-lecheros-en-la-xxi-expo-leche-en-nogoya\/","og_site_name":"Informe Litoral","article_publisher":"https:\/\/www.facebook.com\/informelitoral\/","article_published_time":"2025-05-12T11:56:04+00:00","og_image":[{"width":1920,"height":1280,"url":"https:\/\/informelitoral.com.ar\/%77%70%2d%63%6f%6e%74%65%6e%74\/uploads\/2025\/05\/foto-5-expo_leche_25.jpg","type":"image\/jpeg"}],"author":"Sebastian","twitter_card":"summary_large_image","twitter_creator":"@InformeLitoral","twitter_site":"@InformeLitoral","twitter_misc":{"Escrito por":"Sebastian","Tiempo de lectura":"3 minutos"},"schema":{"@context":"https:\/\/schema.org","@graph":[{"@type":"Article","@id":"https:\/\/informelitoral.com.ar\/el-gobierno-provincial-acompano-a-productores-lecheros-en-la-xxi-expo-leche-en-nogoya\/#article","isPartOf":{"@id":"https:\/\/informelitoral.com.ar\/el-gobierno-provincial-acompano-a-productores-lecheros-en-la-xxi-expo-leche-en-nogoya\/"},"author":{"name":"Sebastian","@id":"https:\/\/informelitoral.com.ar\/#\/schema\/person\/f05f9f461677119578717524b127d6d5"},"headline":"El gobierno provincial acompa\u00f1\u00f3 a productores lecheros en la XXI Expo Leche en Nogoy\u00e1","datePublished":"2025-05-12T11:56:04+00:00","mainEntityOfPage":{"@id":"https:\/\/informelitoral.com.ar\/el-gobierno-provincial-acompano-a-productores-lecheros-en-la-xxi-expo-leche-en-nogoya\/"},"wordCount":592,"commentCount":0,"publisher":{"@id":"https:\/\/informelitoral.com.ar\/#organization"},"image":{"@id":"https:\/\/informelitoral.com.ar\/el-gobierno-provincial-acompano-a-productores-lecheros-en-la-xxi-expo-leche-en-nogoya\/#primaryimage"},"thumbnailUrl":"https:\/\/informelitoral.com.ar\/%77%70%2d%63%6f%6e%74%65%6e%74\/uploads\/2025\/05\/foto-5-expo_leche_25.jpg","keywords":["Expo de la leche","Nogoy\u00e1"],"articleSection":["Campo"],"inLanguage":"es","potentialAction":[{"@type":"CommentAction","name":"Comment","target":["https:\/\/informelitoral.com.ar\/el-gobierno-provincial-acompano-a-productores-lecheros-en-la-xxi-expo-leche-en-nogoya\/#respond"]}]},{"@type":"WebPage","@id":"https:\/\/informelitoral.com.ar\/el-gobierno-provincial-acompano-a-productores-lecheros-en-la-xxi-expo-leche-en-nogoya\/","url":"https:\/\/informelitoral.com.ar\/el-gobierno-provincial-acompano-a-productores-lecheros-en-la-xxi-expo-leche-en-nogoya\/","name":"El gobierno provincial acompa\u00f1\u00f3 a productores lecheros en la XXI Expo Leche en Nogoy\u00e1 - Informe Litoral","isPartOf":{"@id":"https:\/\/informelitoral.com.ar\/#website"},"primaryImageOfPage":{"@id":"https:\/\/informelitoral.com.ar\/el-gobierno-provincial-acompano-a-productores-lecheros-en-la-xxi-expo-leche-en-nogoya\/#primaryimage"},"image":{"@id":"https:\/\/informelitoral.com.ar\/el-gobierno-provincial-acompano-a-productores-lecheros-en-la-xxi-expo-leche-en-nogoya\/#primaryimage"},"thumbnailUrl":"https:\/\/informelitoral.com.ar\/%77%70%2d%63%6f%6e%74%65%6e%74\/uploads\/2025\/05\/foto-5-expo_leche_25.jpg","datePublished":"2025-05-12T11:56:04+00:00","breadcrumb":{"@id":"https:\/\/informelitoral.com.ar\/el-gobierno-provincial-acompano-a-productores-lecheros-en-la-xxi-expo-leche-en-nogoya\/#breadcrumb"},"inLanguage":"es","potentialAction":[{"@type":"ReadAction","target":["https:\/\/informelitoral.com.ar\/el-gobierno-provincial-acompano-a-productores-lecheros-en-la-xxi-expo-leche-en-nogoya\/"]}]},{"@type":"ImageObject","inLanguage":"es","@id":"https:\/\/informelitoral.com.ar\/el-gobierno-provincial-acompano-a-productores-lecheros-en-la-xxi-expo-leche-en-nogoya\/#primaryimage","url":"https:\/\/informelitoral.com.ar\/%77%70%2d%63%6f%6e%74%65%6e%74\/uploads\/2025\/05\/foto-5-expo_leche_25.jpg","contentUrl":"https:\/\/informelitoral.com.ar\/%77%70%2d%63%6f%6e%74%65%6e%74\/uploads\/2025\/05\/foto-5-expo_leche_25.jpg","width":1920,"height":1280},{"@type":"BreadcrumbList","@id":"https:\/\/informelitoral.com.ar\/el-gobierno-provincial-acompano-a-productores-lecheros-en-la-xxi-expo-leche-en-nogoya\/#breadcrumb","itemListElement":[{"@type":"ListItem","position":1,"name":"Portada","item":"https:\/\/informelitoral.com.ar\/"},{"@type":"ListItem","position":2,"name":"El gobierno provincial acompa\u00f1\u00f3 a productores lecheros en la XXI Expo Leche en Nogoy\u00e1"}]},{"@type":"WebSite","@id":"https:\/\/informelitoral.com.ar\/#website","url":"https:\/\/informelitoral.com.ar\/","name":"Informe Litoral","description":"&quot;Nos informamos&quot; ","publisher":{"@id":"https:\/\/informelitoral.com.ar\/#organization"},"potentialAction":[{"@type":"SearchAction","target":{"@type":"EntryPoint","urlTemplate":"https:\/\/informelitoral.com.ar\/?s={search_term_string}"},"query-input":{"@type":"PropertyValueSpecification","valueRequired":true,"valueName":"search_term_string"}}],"inLanguage":"es"},{"@type":"Organization","@id":"https:\/\/informelitoral.com.ar\/#organization","name":"Informe Litoral","url":"https:\/\/informelitoral.com.ar\/","logo":{"@type":"ImageObject","inLanguage":"es","@id":"https:\/\/informelitoral.com.ar\/#\/schema\/logo\/image\/","url":"https:\/\/informelitoral.com.ar\/%77%70%2d%63%6f%6e%74%65%6e%74\/uploads\/2021\/01\/circulo.png","contentUrl":"https:\/\/informelitoral.com.ar\/%77%70%2d%63%6f%6e%74%65%6e%74\/uploads\/2021\/01\/circulo.png","width":723,"height":731,"caption":"Informe Litoral"},"image":{"@id":"https:\/\/informelitoral.com.ar\/#\/schema\/logo\/image\/"},"sameAs":["https:\/\/www.facebook.com\/informelitoral\/","https:\/\/x.com\/InformeLitoral","https:\/\/www.instagram.com\/informelitoral\/","https:\/\/www.youtube.com\/channel\/UCua4Qvz8Icb6MYqhoq9xLXw"]},{"@type":"Person","@id":"https:\/\/informelitoral.com.ar\/#\/schema\/person\/f05f9f461677119578717524b127d6d5","name":"Sebastian","image":{"@type":"ImageObject","inLanguage":"es","@id":"https:\/\/secure.gravatar.com\/avatar\/b71bf7481d447dfb9583c7f2798e7cc64de6efb9067b74633ed8c31059a3bd82?s=96&d=mm&r=g","url":"https:\/\/secure.gravatar.com\/avatar\/b71bf7481d447dfb9583c7f2798e7cc64de6efb9067b74633ed8c31059a3bd82?s=96&d=mm&r=g","contentUrl":"https:\/\/secure.gravatar.com\/avatar\/b71bf7481d447dfb9583c7f2798e7cc64de6efb9067b74633ed8c31059a3bd82?s=96&d=mm&r=g","caption":"Sebastian"},"url":"https:\/\/informelitoral.com.ar\/author\/sebastian\/"}]}},"_links":{"self":[{"href":"https:\/\/informelitoral.com.ar\/%77%70%2d%6a%73%6f%6e\/wp\/v2\/posts\/221186","targetHints":{"allow":["GET"]}}],"collection":[{"href":"https:\/\/informelitoral.com.ar\/%77%70%2d%6a%73%6f%6e\/wp\/v2\/posts"}],"about":[{"href":"https:\/\/informelitoral.com.ar\/%77%70%2d%6a%73%6f%6e\/wp\/v2\/types\/post"}],"author":[{"embeddable":true,"href":"https:\/\/informelitoral.com.ar\/%77%70%2d%6a%73%6f%6e\/wp\/v2\/users\/8"}],"replies":[{"embeddable":true,"href":"https:\/\/informelitoral.com.ar\/%77%70%2d%6a%73%6f%6e\/wp\/v2\/comments?post=221186"}],"version-history":[{"count":0,"href":"https:\/\/informelitoral.com.ar\/%77%70%2d%6a%73%6f%6e\/wp\/v2\/posts\/221186\/revisions"}],"wp:featuredmedia":[{"embeddable":true,"href":"https:\/\/informelitoral.com.ar\/%77%70%2d%6a%73%6f%6e\/wp\/v2\/media\/221187"}],"wp:attachment":[{"href":"https:\/\/informelitoral.com.ar\/%77%70%2d%6a%73%6f%6e\/wp\/v2\/media?parent=221186"}],"wp:term":[{"taxonomy":"category","embeddable":true,"href":"https:\/\/informelitoral.com.ar\/%77%70%2d%6a%73%6f%6e\/wp\/v2\/categories?post=221186"},{"taxonomy":"post_tag","embeddable":true,"href":"https:\/\/informelitoral.com.ar\/%77%70%2d%6a%73%6f%6e\/wp\/v2\/tags?post=221186"}],"curies":[{"name":"wp","href":"https:\/\/api.w.org\/{rel}","templated":true}]}}