{"id":221175,"date":"2025-05-12T08:17:33","date_gmt":"2025-05-12T11:17:33","guid":{"rendered":"https:\/\/informelitoral.com.ar\/?p=221175"},"modified":"2025-05-12T08:28:03","modified_gmt":"2025-05-12T11:28:03","slug":"inmobiliario-rural-fedeco-destaca-que-desde-provincia-fueron-considerados","status":"publish","type":"post","link":"https:\/\/informelitoral.com.ar\/inmobiliario-rural-fedeco-destaca-que-desde-provincia-fueron-considerados\/","title":{"rendered":"Inmobiliario Rural: Fedeco destaca que desde Provincia fueron \u201cconsiderados\u201d"},"content":{"rendered":"<p>La Federaci\u00f3n Entrerriana de Cooperativas (<a href=\"https:\/\/fedeco.com.ar\/\" target=\"_blank\" rel=\"noopener\"><strong>FEDECO<\/strong><\/a>) realiz\u00f3 su reuni\u00f3n mensual del Consejo de Administraci\u00f3n. En el encuentro desarrollado el viernes en la sede de la entidad en Paran\u00e1, entre los principales temas que se pusieron sobre la mesa, estuvo el <strong>Impuesto Inmobiliario Rural<\/strong>, cuyas boletas llegar\u00e1n a fines de este mes.<\/p>\n<p>Recordemos que tras varias reuniones con la Mesa de Enlace, con la participaci\u00f3n de la entidad que representa a las cooperativas agr\u00edcolas entrerrianas, desde el Gobierno se destac\u00f3 <strong>que el 90% de las partidas llegar\u00e1 con aumentos inferiores al 100%,<\/strong> es decir por debajo del \u00edndice de inflaci\u00f3n.<\/p>\n<h6><em><strong>Nota relacionada:\u00a0<a title=\"El Impuesto Inmobiliario Rural tambi\u00e9n cae en t\u00e9rminos reales respecto al a\u00f1o pasado\" href=\"https:\/\/informelitoral.com.ar\/el-impuesto-inmobiliario-rural-tambien-cae-en-terminos-reales-respecto-al-ano-pasado\/\" target=\"_blank\" rel=\"noopener\">El Impuesto Inmobiliario Rural tambi\u00e9n cae en t\u00e9rminos reales respecto al a\u00f1o pasado<\/a><\/strong><\/em><\/h6>\n<p>En ese marco, el presidente de FEDECO, <strong>Ronald Garnier<\/strong>, valor\u00f3 la \u201c<strong>serie de reuniones\u201d<\/strong> encabezadas por el ministro de Desarrollo Econ\u00f3mico, <strong>Guillermo Bernaudo<\/strong> y el director de ATER, <strong>Jes\u00fas Korell<\/strong>, en las cuales \u201cpese a que hay una ley que establece las actualizaciones que se deben aplicar, <strong>se tuvo en cuenta que si bien tenemos una inflaci\u00f3n del 118%, en los productos agropecuarios la \u00fanica que se acerc\u00f3 a ese porcentaje es la producci\u00f3n ganadera pero la parte agr\u00edcola est\u00e1 muy por debajo, a tal punto que el precio del arroz se encuentra en negativo.<\/strong> En s\u00edntesis, todos los productos que vendemos est\u00e1n muy lejos de la inflaci\u00f3n y la mayor\u00eda de los insumos que necesitamos aumentaron por encima del \u00edndice de precios oficial, por lo que era dif\u00edcil hacer frente a lo que establec\u00eda el Inmobiliario Rural este a\u00f1o\u201d, sostuvo.<\/p>\n<p>Ante ello, en declaraciones a <strong><em>Informe Litoral<\/em><\/strong>, Garnier valor\u00f3 la actitud de \u201cdi\u00e1logo y conocimiento\u201d de Bernaudo, con lo cual <strong>se lleg\u00f3 a un acuerdo para \u201cbajar de los tres d\u00edgitos a la mayor\u00eda de las partidas, que son la de los productores chicos. Hay otras partidas que estar\u00e1n entre el 115% y muy poquitas que llegan al n\u00famero de la inflaci\u00f3n o la superan<\/strong>, pero son escasos casos. Por eso <strong>destacamos que desde el Gobierno fueron considerados con el aumento<\/strong>\u201d.<\/p>\n<p>Recordemos que los vencimientos ser\u00e1n el 27 y 28 de mayo en cuya fecha los productores podr\u00e1n optar por hacer un solo pago con un 10% de descuento o en cuotas bimestrales. Adem\u00e1s, habr\u00e1 quitas de hasta el 35 por ciento por pago anticipado, adhesi\u00f3n digital y buen cumplimiento.<\/p>\n<p>Garnier tambi\u00e9n <strong>valor\u00f3 que el 100% de lo recaudado en el impuesto que pagar\u00e1n los productores entrerrianos ir\u00e1 a la reparaci\u00f3n de caminos rurales y compra de maquinarias<\/strong> lo cual es una de las mayores preocupaciones desde hace a\u00f1os. \u201cEs un tormento sacar los camiones del campo cuando el clima viene adverso pero sabemos que al menos ahora se tiene en cuenta ese tema y trabajan en todo lo que est\u00e9 al alcance para mejorar la situaci\u00f3n\u201d, reconoci\u00f3.<\/p>\n<h2><strong>Contra la carga impositiva nacional<\/strong><\/h2>\n<p>Los impuestos que cobra Naci\u00f3n y que muchas veces no vuelven a las provincias, fue otro de los temas que se debati\u00f3 en la reuni\u00f3n de los cooperativistas entrerrianos.<\/p>\n<p>\u201cLa Regi\u00f3n Centro sabe que eso le quita movilidad a las provincias. Si esa plata quedar\u00eda ac\u00e1 se invertir\u00eda y generar\u00eda desarrollo por eso es fundamental que todos los gobernadores hayan empezado a plantear ese tema\u201d, consider\u00f3 Garnier y adelant\u00f3 que ser\u00e1 uno de los puntos en que se plantar\u00e1n con firmeza en los pr\u00f3ximos meses. <em>(Informe Litoral)<\/em><\/p>\n","protected":false},"excerpt":{"rendered":"<p>Es respecto a los incrementos en las partidas cuyas boletas se emitir\u00e1n fin de mes. El presidente de la entidad cooperativa, Ronald Garnier, valor\u00f3 reuniones previas y destac\u00f3 que el 100% de lo que se recaude vaya a caminos de la producci\u00f3n. <\/p>\n","protected":false},"author":8,"featured_media":221176,"comment_status":"open","ping_status":"open","sticky":false,"template":"","format":"standard","meta":{"fifu_image_url":"https:\/\/cdnartic.ar\/kYb45BaWjHpKMoIlj0alwECmyxU=\/1024x0\/https:\/\/paralelo32cdn.eleco.com.ar\/media\/2024\/07\/ronald_garnier.jpeg","fifu_image_alt":"","footnotes":""},"categories":[10],"tags":[1966,4142,5047,4515,4832],"class_list":{"0":"post-221175","1":"post","2":"type-post","3":"status-publish","4":"format-standard","5":"has-post-thumbnail","7":"category-campo","8":"tag-agro","9":"tag-cooperativas","10":"tag-cooperativas-agricolas","11":"tag-fedeco","12":"tag-impuesto-inmobiliario-rural"},"yoast_head":"<title>Inmobiliario Rural: Fedeco destaca que desde Provincia fueron \u201cconsiderados\u201d - Informe Litoral<\/title>\n<meta name=\"robots\" content=\"index, follow, max-snippet:-1, max-image-preview:large, max-video-preview:-1\" \/>\n<link rel=\"canonical\" href=\"https:\/\/informelitoral.com.ar\/inmobiliario-rural-fedeco-destaca-que-desde-provincia-fueron-considerados\/\" \/>\n<meta property=\"og:locale\" content=\"es_ES\" \/>\n<meta property=\"og:type\" content=\"article\" \/>\n<meta property=\"og:title\" content=\"Inmobiliario Rural: Fedeco destaca que desde Provincia fueron \u201cconsiderados\u201d - Informe Litoral\" \/>\n<meta property=\"og:description\" content=\"Es respecto a los incrementos en las partidas cuyas boletas se emitir\u00e1n fin de mes. El presidente de la entidad cooperativa, Ronald Garnier, valor\u00f3 reuniones previas y destac\u00f3 que el 100% de lo que se recaude vaya a caminos de la producci\u00f3n.\" \/>\n<meta property=\"og:url\" content=\"https:\/\/informelitoral.com.ar\/inmobiliario-rural-fedeco-destaca-que-desde-provincia-fueron-considerados\/\" \/>\n<meta property=\"og:site_name\" content=\"Informe Litoral\" \/>\n<meta property=\"article:publisher\" content=\"https:\/\/www.facebook.com\/informelitoral\/\" \/>\n<meta property=\"article:published_time\" content=\"2025-05-12T11:17:33+00:00\" \/>\n<meta property=\"article:modified_time\" content=\"2025-05-12T11:28:03+00:00\" \/>\n<meta property=\"og:image\" content=\"https:\/\/cdnartic.ar\/kYb45BaWjHpKMoIlj0alwECmyxU=\/1024x0\/https:\/\/paralelo32cdn.eleco.com.ar\/media\/2024\/07\/ronald_garnier.jpeg\" \/><meta property=\"og:image\" content=\"https:\/\/cdnartic.ar\/kYb45BaWjHpKMoIlj0alwECmyxU=\/1024x0\/https:\/\/paralelo32cdn.eleco.com.ar\/media\/2024\/07\/ronald_garnier.jpeg\" \/>\n\t<meta property=\"og:image:width\" content=\"1024\" \/>\n\t<meta property=\"og:image:height\" content=\"683\" \/>\n\t<meta property=\"og:image:type\" content=\"image\/jpeg\" \/>\n<meta name=\"author\" content=\"Sebastian\" \/>\n<meta name=\"twitter:card\" content=\"summary_large_image\" \/>\n<meta name=\"twitter:image\" content=\"https:\/\/cdnartic.ar\/kYb45BaWjHpKMoIlj0alwECmyxU=\/1024x0\/https:\/\/paralelo32cdn.eleco.com.ar\/media\/2024\/07\/ronald_garnier.jpeg\" \/>\n<meta name=\"twitter:creator\" content=\"@InformeLitoral\" \/>\n<meta name=\"twitter:site\" content=\"@InformeLitoral\" \/>\n<meta name=\"twitter:label1\" content=\"Escrito por\" \/>\n\t<meta name=\"twitter:data1\" content=\"Sebastian\" \/>\n\t<meta name=\"twitter:label2\" content=\"Tiempo de lectura\" \/>\n\t<meta name=\"twitter:data2\" content=\"3 minutos\" \/>\n<script type=\"application\/ld+json\" class=\"yoast-schema-graph\">{\"@context\":\"https:\\\/\\\/schema.org\",\"@graph\":[{\"@type\":\"Article\",\"@id\":\"https:\\\/\\\/informelitoral.com.ar\\\/inmobiliario-rural-fedeco-destaca-que-desde-provincia-fueron-considerados\\\/#article\",\"isPartOf\":{\"@id\":\"https:\\\/\\\/informelitoral.com.ar\\\/inmobiliario-rural-fedeco-destaca-que-desde-provincia-fueron-considerados\\\/\"},\"author\":{\"name\":\"Sebastian\",\"@id\":\"https:\\\/\\\/informelitoral.com.ar\\\/#\\\/schema\\\/person\\\/f05f9f461677119578717524b127d6d5\"},\"headline\":\"Inmobiliario Rural: Fedeco destaca que desde Provincia fueron \u201cconsiderados\u201d\",\"datePublished\":\"2025-05-12T11:17:33+00:00\",\"dateModified\":\"2025-05-12T11:28:03+00:00\",\"mainEntityOfPage\":{\"@id\":\"https:\\\/\\\/informelitoral.com.ar\\\/inmobiliario-rural-fedeco-destaca-que-desde-provincia-fueron-considerados\\\/\"},\"wordCount\":600,\"commentCount\":0,\"publisher\":{\"@id\":\"https:\\\/\\\/informelitoral.com.ar\\\/#organization\"},\"image\":{\"@id\":\"https:\\\/\\\/informelitoral.com.ar\\\/inmobiliario-rural-fedeco-destaca-que-desde-provincia-fueron-considerados\\\/#primaryimage\"},\"thumbnailUrl\":\"https:\\\/\\\/cdnartic.ar\\\/kYb45BaWjHpKMoIlj0alwECmyxU=\\\/1024x0\\\/https:\\\/\\\/paralelo32cdn.eleco.com.ar\\\/media\\\/2024\\\/07\\\/ronald_garnier.jpeg\",\"keywords\":[\"Agro\",\"Cooperativas\",\"Cooperativas Agr\u00edcolas\",\"Fedeco\",\"Impuesto Inmobiliario Rural\"],\"articleSection\":[\"Campo\"],\"inLanguage\":\"es\",\"potentialAction\":[{\"@type\":\"CommentAction\",\"name\":\"Comment\",\"target\":[\"https:\\\/\\\/informelitoral.com.ar\\\/inmobiliario-rural-fedeco-destaca-que-desde-provincia-fueron-considerados\\\/#respond\"]}]},{\"@type\":\"WebPage\",\"@id\":\"https:\\\/\\\/informelitoral.com.ar\\\/inmobiliario-rural-fedeco-destaca-que-desde-provincia-fueron-considerados\\\/\",\"url\":\"https:\\\/\\\/informelitoral.com.ar\\\/inmobiliario-rural-fedeco-destaca-que-desde-provincia-fueron-considerados\\\/\",\"name\":\"Inmobiliario Rural: Fedeco destaca que desde Provincia fueron \u201cconsiderados\u201d - Informe Litoral\",\"isPartOf\":{\"@id\":\"https:\\\/\\\/informelitoral.com.ar\\\/#website\"},\"primaryImageOfPage\":{\"@id\":\"https:\\\/\\\/informelitoral.com.ar\\\/inmobiliario-rural-fedeco-destaca-que-desde-provincia-fueron-considerados\\\/#primaryimage\"},\"image\":{\"@id\":\"https:\\\/\\\/informelitoral.com.ar\\\/inmobiliario-rural-fedeco-destaca-que-desde-provincia-fueron-considerados\\\/#primaryimage\"},\"thumbnailUrl\":\"https:\\\/\\\/cdnartic.ar\\\/kYb45BaWjHpKMoIlj0alwECmyxU=\\\/1024x0\\\/https:\\\/\\\/paralelo32cdn.eleco.com.ar\\\/media\\\/2024\\\/07\\\/ronald_garnier.jpeg\",\"datePublished\":\"2025-05-12T11:17:33+00:00\",\"dateModified\":\"2025-05-12T11:28:03+00:00\",\"breadcrumb\":{\"@id\":\"https:\\\/\\\/informelitoral.com.ar\\\/inmobiliario-rural-fedeco-destaca-que-desde-provincia-fueron-considerados\\\/#breadcrumb\"},\"inLanguage\":\"es\",\"potentialAction\":[{\"@type\":\"ReadAction\",\"target\":[\"https:\\\/\\\/informelitoral.com.ar\\\/inmobiliario-rural-fedeco-destaca-que-desde-provincia-fueron-considerados\\\/\"]}]},{\"@type\":\"ImageObject\",\"inLanguage\":\"es\",\"@id\":\"https:\\\/\\\/informelitoral.com.ar\\\/inmobiliario-rural-fedeco-destaca-que-desde-provincia-fueron-considerados\\\/#primaryimage\",\"url\":\"https:\\\/\\\/cdnartic.ar\\\/kYb45BaWjHpKMoIlj0alwECmyxU=\\\/1024x0\\\/https:\\\/\\\/paralelo32cdn.eleco.com.ar\\\/media\\\/2024\\\/07\\\/ronald_garnier.jpeg\",\"contentUrl\":\"https:\\\/\\\/cdnartic.ar\\\/kYb45BaWjHpKMoIlj0alwECmyxU=\\\/1024x0\\\/https:\\\/\\\/paralelo32cdn.eleco.com.ar\\\/media\\\/2024\\\/07\\\/ronald_garnier.jpeg\",\"width\":\"1024\",\"height\":\"683\"},{\"@type\":\"BreadcrumbList\",\"@id\":\"https:\\\/\\\/informelitoral.com.ar\\\/inmobiliario-rural-fedeco-destaca-que-desde-provincia-fueron-considerados\\\/#breadcrumb\",\"itemListElement\":[{\"@type\":\"ListItem\",\"position\":1,\"name\":\"Portada\",\"item\":\"https:\\\/\\\/informelitoral.com.ar\\\/\"},{\"@type\":\"ListItem\",\"position\":2,\"name\":\"Inmobiliario Rural: Fedeco destaca que desde Provincia fueron \u201cconsiderados\u201d\"}]},{\"@type\":\"WebSite\",\"@id\":\"https:\\\/\\\/informelitoral.com.ar\\\/#website\",\"url\":\"https:\\\/\\\/informelitoral.com.ar\\\/\",\"name\":\"Informe Litoral\",\"description\":\"&quot;Nos informamos&quot; \",\"publisher\":{\"@id\":\"https:\\\/\\\/informelitoral.com.ar\\\/#organization\"},\"potentialAction\":[{\"@type\":\"SearchAction\",\"target\":{\"@type\":\"EntryPoint\",\"urlTemplate\":\"https:\\\/\\\/informelitoral.com.ar\\\/?s={search_term_string}\"},\"query-input\":{\"@type\":\"PropertyValueSpecification\",\"valueRequired\":true,\"valueName\":\"search_term_string\"}}],\"inLanguage\":\"es\"},{\"@type\":\"Organization\",\"@id\":\"https:\\\/\\\/informelitoral.com.ar\\\/#organization\",\"name\":\"Informe Litoral\",\"url\":\"https:\\\/\\\/informelitoral.com.ar\\\/\",\"logo\":{\"@type\":\"ImageObject\",\"inLanguage\":\"es\",\"@id\":\"https:\\\/\\\/informelitoral.com.ar\\\/#\\\/schema\\\/logo\\\/image\\\/\",\"url\":\"https:\\\/\\\/informelitoral.com.ar\\\/%77%70%2d%63%6f%6e%74%65%6e%74\\\/uploads\\\/2021\\\/01\\\/circulo.png\",\"contentUrl\":\"https:\\\/\\\/informelitoral.com.ar\\\/%77%70%2d%63%6f%6e%74%65%6e%74\\\/uploads\\\/2021\\\/01\\\/circulo.png\",\"width\":723,\"height\":731,\"caption\":\"Informe Litoral\"},\"image\":{\"@id\":\"https:\\\/\\\/informelitoral.com.ar\\\/#\\\/schema\\\/logo\\\/image\\\/\"},\"sameAs\":[\"https:\\\/\\\/www.facebook.com\\\/informelitoral\\\/\",\"https:\\\/\\\/x.com\\\/InformeLitoral\",\"https:\\\/\\\/www.instagram.com\\\/informelitoral\\\/\",\"https:\\\/\\\/www.youtube.com\\\/channel\\\/UCua4Qvz8Icb6MYqhoq9xLXw\"]},{\"@type\":\"Person\",\"@id\":\"https:\\\/\\\/informelitoral.com.ar\\\/#\\\/schema\\\/person\\\/f05f9f461677119578717524b127d6d5\",\"name\":\"Sebastian\",\"image\":{\"@type\":\"ImageObject\",\"inLanguage\":\"es\",\"@id\":\"https:\\\/\\\/secure.gravatar.com\\\/avatar\\\/b71bf7481d447dfb9583c7f2798e7cc64de6efb9067b74633ed8c31059a3bd82?s=96&d=mm&r=g\",\"url\":\"https:\\\/\\\/secure.gravatar.com\\\/avatar\\\/b71bf7481d447dfb9583c7f2798e7cc64de6efb9067b74633ed8c31059a3bd82?s=96&d=mm&r=g\",\"contentUrl\":\"https:\\\/\\\/secure.gravatar.com\\\/avatar\\\/b71bf7481d447dfb9583c7f2798e7cc64de6efb9067b74633ed8c31059a3bd82?s=96&d=mm&r=g\",\"caption\":\"Sebastian\"},\"url\":\"https:\\\/\\\/informelitoral.com.ar\\\/author\\\/sebastian\\\/\"}]}<\/script>","yoast_head_json":{"title":"Inmobiliario Rural: Fedeco destaca que desde Provincia fueron \u201cconsiderados\u201d - Informe Litoral","robots":{"index":"index","follow":"follow","max-snippet":"max-snippet:-1","max-image-preview":"max-image-preview:large","max-video-preview":"max-video-preview:-1"},"canonical":"https:\/\/informelitoral.com.ar\/inmobiliario-rural-fedeco-destaca-que-desde-provincia-fueron-considerados\/","og_locale":"es_ES","og_type":"article","og_title":"Inmobiliario Rural: Fedeco destaca que desde Provincia fueron \u201cconsiderados\u201d - Informe Litoral","og_description":"Es respecto a los incrementos en las partidas cuyas boletas se emitir\u00e1n fin de mes. El presidente de la entidad cooperativa, Ronald Garnier, valor\u00f3 reuniones previas y destac\u00f3 que el 100% de lo que se recaude vaya a caminos de la producci\u00f3n.","og_url":"https:\/\/informelitoral.com.ar\/inmobiliario-rural-fedeco-destaca-que-desde-provincia-fueron-considerados\/","og_site_name":"Informe Litoral","article_publisher":"https:\/\/www.facebook.com\/informelitoral\/","article_published_time":"2025-05-12T11:17:33+00:00","article_modified_time":"2025-05-12T11:28:03+00:00","og_image":[{"url":"https:\/\/cdnartic.ar\/kYb45BaWjHpKMoIlj0alwECmyxU=\/1024x0\/https:\/\/paralelo32cdn.eleco.com.ar\/media\/2024\/07\/ronald_garnier.jpeg","type":"","width":"","height":""},{"width":1024,"height":683,"url":"https:\/\/cdnartic.ar\/kYb45BaWjHpKMoIlj0alwECmyxU=\/1024x0\/https:\/\/paralelo32cdn.eleco.com.ar\/media\/2024\/07\/ronald_garnier.jpeg","type":"image\/jpeg"}],"author":"Sebastian","twitter_card":"summary_large_image","twitter_image":"https:\/\/cdnartic.ar\/kYb45BaWjHpKMoIlj0alwECmyxU=\/1024x0\/https:\/\/paralelo32cdn.eleco.com.ar\/media\/2024\/07\/ronald_garnier.jpeg","twitter_creator":"@InformeLitoral","twitter_site":"@InformeLitoral","twitter_misc":{"Escrito por":"Sebastian","Tiempo de lectura":"3 minutos"},"schema":{"@context":"https:\/\/schema.org","@graph":[{"@type":"Article","@id":"https:\/\/informelitoral.com.ar\/inmobiliario-rural-fedeco-destaca-que-desde-provincia-fueron-considerados\/#article","isPartOf":{"@id":"https:\/\/informelitoral.com.ar\/inmobiliario-rural-fedeco-destaca-que-desde-provincia-fueron-considerados\/"},"author":{"name":"Sebastian","@id":"https:\/\/informelitoral.com.ar\/#\/schema\/person\/f05f9f461677119578717524b127d6d5"},"headline":"Inmobiliario Rural: Fedeco destaca que desde Provincia fueron \u201cconsiderados\u201d","datePublished":"2025-05-12T11:17:33+00:00","dateModified":"2025-05-12T11:28:03+00:00","mainEntityOfPage":{"@id":"https:\/\/informelitoral.com.ar\/inmobiliario-rural-fedeco-destaca-que-desde-provincia-fueron-considerados\/"},"wordCount":600,"commentCount":0,"publisher":{"@id":"https:\/\/informelitoral.com.ar\/#organization"},"image":{"@id":"https:\/\/informelitoral.com.ar\/inmobiliario-rural-fedeco-destaca-que-desde-provincia-fueron-considerados\/#primaryimage"},"thumbnailUrl":"https:\/\/cdnartic.ar\/kYb45BaWjHpKMoIlj0alwECmyxU=\/1024x0\/https:\/\/paralelo32cdn.eleco.com.ar\/media\/2024\/07\/ronald_garnier.jpeg","keywords":["Agro","Cooperativas","Cooperativas Agr\u00edcolas","Fedeco","Impuesto Inmobiliario Rural"],"articleSection":["Campo"],"inLanguage":"es","potentialAction":[{"@type":"CommentAction","name":"Comment","target":["https:\/\/informelitoral.com.ar\/inmobiliario-rural-fedeco-destaca-que-desde-provincia-fueron-considerados\/#respond"]}]},{"@type":"WebPage","@id":"https:\/\/informelitoral.com.ar\/inmobiliario-rural-fedeco-destaca-que-desde-provincia-fueron-considerados\/","url":"https:\/\/informelitoral.com.ar\/inmobiliario-rural-fedeco-destaca-que-desde-provincia-fueron-considerados\/","name":"Inmobiliario Rural: Fedeco destaca que desde Provincia fueron \u201cconsiderados\u201d - Informe Litoral","isPartOf":{"@id":"https:\/\/informelitoral.com.ar\/#website"},"primaryImageOfPage":{"@id":"https:\/\/informelitoral.com.ar\/inmobiliario-rural-fedeco-destaca-que-desde-provincia-fueron-considerados\/#primaryimage"},"image":{"@id":"https:\/\/informelitoral.com.ar\/inmobiliario-rural-fedeco-destaca-que-desde-provincia-fueron-considerados\/#primaryimage"},"thumbnailUrl":"https:\/\/cdnartic.ar\/kYb45BaWjHpKMoIlj0alwECmyxU=\/1024x0\/https:\/\/paralelo32cdn.eleco.com.ar\/media\/2024\/07\/ronald_garnier.jpeg","datePublished":"2025-05-12T11:17:33+00:00","dateModified":"2025-05-12T11:28:03+00:00","breadcrumb":{"@id":"https:\/\/informelitoral.com.ar\/inmobiliario-rural-fedeco-destaca-que-desde-provincia-fueron-considerados\/#breadcrumb"},"inLanguage":"es","potentialAction":[{"@type":"ReadAction","target":["https:\/\/informelitoral.com.ar\/inmobiliario-rural-fedeco-destaca-que-desde-provincia-fueron-considerados\/"]}]},{"@type":"ImageObject","inLanguage":"es","@id":"https:\/\/informelitoral.com.ar\/inmobiliario-rural-fedeco-destaca-que-desde-provincia-fueron-considerados\/#primaryimage","url":"https:\/\/cdnartic.ar\/kYb45BaWjHpKMoIlj0alwECmyxU=\/1024x0\/https:\/\/paralelo32cdn.eleco.com.ar\/media\/2024\/07\/ronald_garnier.jpeg","contentUrl":"https:\/\/cdnartic.ar\/kYb45BaWjHpKMoIlj0alwECmyxU=\/1024x0\/https:\/\/paralelo32cdn.eleco.com.ar\/media\/2024\/07\/ronald_garnier.jpeg","width":"1024","height":"683"},{"@type":"BreadcrumbList","@id":"https:\/\/informelitoral.com.ar\/inmobiliario-rural-fedeco-destaca-que-desde-provincia-fueron-considerados\/#breadcrumb","itemListElement":[{"@type":"ListItem","position":1,"name":"Portada","item":"https:\/\/informelitoral.com.ar\/"},{"@type":"ListItem","position":2,"name":"Inmobiliario Rural: Fedeco destaca que desde Provincia fueron \u201cconsiderados\u201d"}]},{"@type":"WebSite","@id":"https:\/\/informelitoral.com.ar\/#website","url":"https:\/\/informelitoral.com.ar\/","name":"Informe Litoral","description":"&quot;Nos informamos&quot; ","publisher":{"@id":"https:\/\/informelitoral.com.ar\/#organization"},"potentialAction":[{"@type":"SearchAction","target":{"@type":"EntryPoint","urlTemplate":"https:\/\/informelitoral.com.ar\/?s={search_term_string}"},"query-input":{"@type":"PropertyValueSpecification","valueRequired":true,"valueName":"search_term_string"}}],"inLanguage":"es"},{"@type":"Organization","@id":"https:\/\/informelitoral.com.ar\/#organization","name":"Informe Litoral","url":"https:\/\/informelitoral.com.ar\/","logo":{"@type":"ImageObject","inLanguage":"es","@id":"https:\/\/informelitoral.com.ar\/#\/schema\/logo\/image\/","url":"https:\/\/informelitoral.com.ar\/%77%70%2d%63%6f%6e%74%65%6e%74\/uploads\/2021\/01\/circulo.png","contentUrl":"https:\/\/informelitoral.com.ar\/%77%70%2d%63%6f%6e%74%65%6e%74\/uploads\/2021\/01\/circulo.png","width":723,"height":731,"caption":"Informe Litoral"},"image":{"@id":"https:\/\/informelitoral.com.ar\/#\/schema\/logo\/image\/"},"sameAs":["https:\/\/www.facebook.com\/informelitoral\/","https:\/\/x.com\/InformeLitoral","https:\/\/www.instagram.com\/informelitoral\/","https:\/\/www.youtube.com\/channel\/UCua4Qvz8Icb6MYqhoq9xLXw"]},{"@type":"Person","@id":"https:\/\/informelitoral.com.ar\/#\/schema\/person\/f05f9f461677119578717524b127d6d5","name":"Sebastian","image":{"@type":"ImageObject","inLanguage":"es","@id":"https:\/\/secure.gravatar.com\/avatar\/b71bf7481d447dfb9583c7f2798e7cc64de6efb9067b74633ed8c31059a3bd82?s=96&d=mm&r=g","url":"https:\/\/secure.gravatar.com\/avatar\/b71bf7481d447dfb9583c7f2798e7cc64de6efb9067b74633ed8c31059a3bd82?s=96&d=mm&r=g","contentUrl":"https:\/\/secure.gravatar.com\/avatar\/b71bf7481d447dfb9583c7f2798e7cc64de6efb9067b74633ed8c31059a3bd82?s=96&d=mm&r=g","caption":"Sebastian"},"url":"https:\/\/informelitoral.com.ar\/author\/sebastian\/"}]}},"fifu_image_url":"https:\/\/cdnartic.ar\/kYb45BaWjHpKMoIlj0alwECmyxU=\/1024x0\/https:\/\/paralelo32cdn.eleco.com.ar\/media\/2024\/07\/ronald_garnier.jpeg","_links":{"self":[{"href":"https:\/\/informelitoral.com.ar\/%77%70%2d%6a%73%6f%6e\/wp\/v2\/posts\/221175","targetHints":{"allow":["GET"]}}],"collection":[{"href":"https:\/\/informelitoral.com.ar\/%77%70%2d%6a%73%6f%6e\/wp\/v2\/posts"}],"about":[{"href":"https:\/\/informelitoral.com.ar\/%77%70%2d%6a%73%6f%6e\/wp\/v2\/types\/post"}],"author":[{"embeddable":true,"href":"https:\/\/informelitoral.com.ar\/%77%70%2d%6a%73%6f%6e\/wp\/v2\/users\/8"}],"replies":[{"embeddable":true,"href":"https:\/\/informelitoral.com.ar\/%77%70%2d%6a%73%6f%6e\/wp\/v2\/comments?post=221175"}],"version-history":[{"count":0,"href":"https:\/\/informelitoral.com.ar\/%77%70%2d%6a%73%6f%6e\/wp\/v2\/posts\/221175\/revisions"}],"wp:featuredmedia":[{"embeddable":true,"href":"https:\/\/informelitoral.com.ar\/%77%70%2d%6a%73%6f%6e\/wp\/v2\/media\/221176"}],"wp:attachment":[{"href":"https:\/\/informelitoral.com.ar\/%77%70%2d%6a%73%6f%6e\/wp\/v2\/media?parent=221175"}],"wp:term":[{"taxonomy":"category","embeddable":true,"href":"https:\/\/informelitoral.com.ar\/%77%70%2d%6a%73%6f%6e\/wp\/v2\/categories?post=221175"},{"taxonomy":"post_tag","embeddable":true,"href":"https:\/\/informelitoral.com.ar\/%77%70%2d%6a%73%6f%6e\/wp\/v2\/tags?post=221175"}],"curies":[{"name":"wp","href":"https:\/\/api.w.org\/{rel}","templated":true}]}}