{"id":221020,"date":"2025-05-09T09:09:49","date_gmt":"2025-05-09T12:09:49","guid":{"rendered":"https:\/\/informelitoral.com.ar\/?p=221020"},"modified":"2025-05-09T10:33:01","modified_gmt":"2025-05-09T13:33:01","slug":"el-impuesto-inmobiliario-rural-tambien-cae-en-terminos-reales-respecto-al-ano-pasado","status":"publish","type":"post","link":"https:\/\/informelitoral.com.ar\/el-impuesto-inmobiliario-rural-tambien-cae-en-terminos-reales-respecto-al-ano-pasado\/","title":{"rendered":"El Impuesto Inmobiliario Rural tambi\u00e9n cae en t\u00e9rminos reales respecto al a\u00f1o pasado"},"content":{"rendered":"<p>El Gobierno de Entre R\u00edos anunci\u00f3 este mediod\u00eda la actualizaci\u00f3n del<strong> Impuesto Inmobiliario Rural para el ejercicio 2025<\/strong>, tras un acuerdo con la <strong>Mesa de Enlace<\/strong>. El anuncio fue realizado por el ministro<strong> Guillermo Bernaudo<\/strong> y el director ejecutivo de ATER,<strong> Jes\u00fas Korell<\/strong>, durante un encuentro con entidades del agro.<\/p>\n<p>Desde ATER se inform\u00f3 que la semana pr\u00f3xima comenzar\u00e1 la distribuci\u00f3n de los avisos de vencimiento del Inmobiliario Rural y Subrural, con fechas establecidas para el 27 y 28 de mayo.<\/p>\n<p><a href=\"https:\/\/informelitoral.com.ar\/%77%70%2d%63%6f%6e%74%65%6e%74\/uploads\/2025\/03\/Camino-rural-Departamento-Tala.webp\"><img loading=\"lazy\" decoding=\"async\" class=\"alignnone size-full wp-image-214724\" src=\"https:\/\/informelitoral.com.ar\/%77%70%2d%63%6f%6e%74%65%6e%74\/uploads\/2025\/03\/Camino-rural-Departamento-Tala.webp\" alt=\"\" width=\"1068\" height=\"707\" srcset=\"https:\/\/informelitoral.com.ar\/%77%70%2d%63%6f%6e%74%65%6e%74\/uploads\/2025\/03\/Camino-rural-Departamento-Tala.webp 1068w, https:\/\/informelitoral.com.ar\/%77%70%2d%63%6f%6e%74%65%6e%74\/uploads\/2025\/03\/Camino-rural-Departamento-Tala-300x199.webp 300w, https:\/\/informelitoral.com.ar\/%77%70%2d%63%6f%6e%74%65%6e%74\/uploads\/2025\/03\/Camino-rural-Departamento-Tala-1024x678.webp 1024w, https:\/\/informelitoral.com.ar\/%77%70%2d%63%6f%6e%74%65%6e%74\/uploads\/2025\/03\/Camino-rural-Departamento-Tala-768x508.webp 768w, https:\/\/informelitoral.com.ar\/%77%70%2d%63%6f%6e%74%65%6e%74\/uploads\/2025\/03\/Camino-rural-Departamento-Tala-634x420.webp 634w, https:\/\/informelitoral.com.ar\/%77%70%2d%63%6f%6e%74%65%6e%74\/uploads\/2025\/03\/Camino-rural-Departamento-Tala-696x461.webp 696w\" sizes=\"auto, (max-width: 1068px) 100vw, 1068px\" \/><\/a><\/p>\n<h2><strong>La actualizaci\u00f3n se calcul\u00f3 sobre una escala progresiva seg\u00fan valuaci\u00f3n fiscal, con topes por tramos:<\/strong><\/h2>\n<p>Tramos I al V: hasta 99 por ciento<\/p>\n<p>Tramos VI al X: hasta 115 por ciento<\/p>\n<p>El 90 por ciento del padr\u00f3n tuvo subas por debajo del cien por ciento y el 99 por ciento no supera la inflaci\u00f3n de 2024 (118 por ciento). Fue una actualizaci\u00f3n moderada, con criterios de equidad fiscal.<\/p>\n<p>Se ratific\u00f3 adem\u00e1s que el cien por ciento de lo recaudado se destinar\u00e1 a infraestructura vial en zonas rurales, bajo el concepto \u00abFondo de Desarrollo y Conservaci\u00f3n Vial\u00bb. No implica un nuevo cargo, sino un destino espec\u00edfico del impuesto ya existente.<\/p>\n<h2><strong>Compromiso con el sector<\/strong><\/h2>\n<p>\u00abEl gobernador Frigerio nos pidi\u00f3 previsibilidad y respaldo para el que produce, y en eso estamos\u00bb, afirm\u00f3 Bernaudo. \u00abEsta actualizaci\u00f3n fue fruto del di\u00e1logo con el sector y de una mirada compartida\u00bb, agreg\u00f3 Korell.<\/p>\n<h2><strong>M\u00e1s beneficios fiscales<\/strong><\/h2>\n<p>El Gobierno provincial tambi\u00e9n record\u00f3 otras medidas de alivio para el agro:<\/p>\n<p>Reducci\u00f3n del 80 por ciento del Impuesto a los Sellos para camiones, maquinaria y veh\u00edculos de carga.<\/p>\n<p>Descuentos de hasta el 35 por ciento por pago anticipado, adhesi\u00f3n digital y buen cumplimiento.<\/p>\n<p>Al\u00edcuotas reducidas de Ingresos Brutos para transportes radicados en la provincia.<\/p>\n<h2><strong>Boleta digital y contacto<\/strong><\/h2>\n<p>Los avisos se emitir\u00e1n en formato papel y electr\u00f3nico. Quienes est\u00e9n adheridos al Domicilio Fiscal Electr\u00f3nico o boleta digital recibir\u00e1n sus avisos de inmediato.<\/p>\n<h2><strong>M\u00e1s informaci\u00f3n:<\/strong><\/h2>\n<p>www.ater.gob.ar | consultas@ater.gob.ar | 0810-888-2837 (lunes a viernes de 8 a 13 h)<\/p>\n<h6><em><strong>Del archivo:\u00a0<a title=\"Impuesto Inmobiliario Urbano: sin nuevos tributos, con topes por debajo la inflaci\u00f3n y beneficios para los contribuyentes\" href=\"https:\/\/informelitoral.com.ar\/la-deuda-publica-crecio-un-28-en-el-primer-ano-de-la-gestion-de-frigerio\/\" target=\"_blank\" rel=\"noopener\">Impuesto Inmobiliario Urbano: sin nuevos tributos, con topes por debajo la inflaci\u00f3n y beneficios para los contribuyentes<\/a><\/strong><\/em><\/h6>\n","protected":false},"excerpt":{"rendered":"<p>Con topes diferenciados y aumentos inferiores al cien por ciento en el 90 por ciento de las partidas, se oficializ\u00f3 la actualizaci\u00f3n del impuesto rural 2025. Todo lo recaudado se destinar\u00e1 a caminos rurales.<\/p>\n","protected":false},"author":8,"featured_media":68358,"comment_status":"open","ping_status":"open","sticky":false,"template":"","format":"standard","meta":{"fifu_image_url":"","fifu_image_alt":"","footnotes":""},"categories":[6],"tags":[591,4832],"class_list":{"0":"post-221020","1":"post","2":"type-post","3":"status-publish","4":"format-standard","5":"has-post-thumbnail","7":"category-entre-rios","8":"tag-ater","9":"tag-impuesto-inmobiliario-rural"},"yoast_head":"<title>El Impuesto Inmobiliario Rural tambi\u00e9n cae en t\u00e9rminos reales respecto al a\u00f1o pasado - Informe Litoral<\/title>\n<meta name=\"robots\" content=\"index, follow, max-snippet:-1, max-image-preview:large, max-video-preview:-1\" \/>\n<link rel=\"canonical\" href=\"https:\/\/informelitoral.com.ar\/el-impuesto-inmobiliario-rural-tambien-cae-en-terminos-reales-respecto-al-ano-pasado\/\" \/>\n<meta property=\"og:locale\" content=\"es_ES\" \/>\n<meta property=\"og:type\" content=\"article\" \/>\n<meta property=\"og:title\" content=\"El Impuesto Inmobiliario Rural tambi\u00e9n cae en t\u00e9rminos reales respecto al a\u00f1o pasado - Informe Litoral\" \/>\n<meta property=\"og:description\" content=\"Con topes diferenciados y aumentos inferiores al cien por ciento en el 90 por ciento de las partidas, se oficializ\u00f3 la actualizaci\u00f3n del impuesto rural 2025. Todo lo recaudado se destinar\u00e1 a caminos rurales.\" \/>\n<meta property=\"og:url\" content=\"https:\/\/informelitoral.com.ar\/el-impuesto-inmobiliario-rural-tambien-cae-en-terminos-reales-respecto-al-ano-pasado\/\" \/>\n<meta property=\"og:site_name\" content=\"Informe Litoral\" \/>\n<meta property=\"article:publisher\" content=\"https:\/\/www.facebook.com\/informelitoral\/\" \/>\n<meta property=\"article:published_time\" content=\"2025-05-09T12:09:49+00:00\" \/>\n<meta property=\"article:modified_time\" content=\"2025-05-09T13:33:01+00:00\" \/>\n<meta property=\"og:image\" content=\"https:\/\/informelitoral.com.ar\/%77%70%2d%63%6f%6e%74%65%6e%74\/uploads\/2021\/12\/ater.jpg\" \/>\n\t<meta property=\"og:image:width\" content=\"1920\" \/>\n\t<meta property=\"og:image:height\" content=\"800\" \/>\n\t<meta property=\"og:image:type\" content=\"image\/jpeg\" \/>\n<meta name=\"author\" content=\"Sebastian\" \/>\n<meta name=\"twitter:card\" content=\"summary_large_image\" \/>\n<meta name=\"twitter:creator\" content=\"@InformeLitoral\" \/>\n<meta name=\"twitter:site\" content=\"@InformeLitoral\" \/>\n<meta name=\"twitter:label1\" content=\"Escrito por\" \/>\n\t<meta name=\"twitter:data1\" content=\"Sebastian\" \/>\n\t<meta name=\"twitter:label2\" content=\"Tiempo de lectura\" \/>\n\t<meta name=\"twitter:data2\" content=\"2 minutos\" \/>\n<script type=\"application\/ld+json\" class=\"yoast-schema-graph\">{\"@context\":\"https:\\\/\\\/schema.org\",\"@graph\":[{\"@type\":\"Article\",\"@id\":\"https:\\\/\\\/informelitoral.com.ar\\\/el-impuesto-inmobiliario-rural-tambien-cae-en-terminos-reales-respecto-al-ano-pasado\\\/#article\",\"isPartOf\":{\"@id\":\"https:\\\/\\\/informelitoral.com.ar\\\/el-impuesto-inmobiliario-rural-tambien-cae-en-terminos-reales-respecto-al-ano-pasado\\\/\"},\"author\":{\"name\":\"Sebastian\",\"@id\":\"https:\\\/\\\/informelitoral.com.ar\\\/#\\\/schema\\\/person\\\/f05f9f461677119578717524b127d6d5\"},\"headline\":\"El Impuesto Inmobiliario Rural tambi\u00e9n cae en t\u00e9rminos reales respecto al a\u00f1o pasado\",\"datePublished\":\"2025-05-09T12:09:49+00:00\",\"dateModified\":\"2025-05-09T13:33:01+00:00\",\"mainEntityOfPage\":{\"@id\":\"https:\\\/\\\/informelitoral.com.ar\\\/el-impuesto-inmobiliario-rural-tambien-cae-en-terminos-reales-respecto-al-ano-pasado\\\/\"},\"wordCount\":387,\"commentCount\":0,\"publisher\":{\"@id\":\"https:\\\/\\\/informelitoral.com.ar\\\/#organization\"},\"image\":{\"@id\":\"https:\\\/\\\/informelitoral.com.ar\\\/el-impuesto-inmobiliario-rural-tambien-cae-en-terminos-reales-respecto-al-ano-pasado\\\/#primaryimage\"},\"thumbnailUrl\":\"https:\\\/\\\/informelitoral.com.ar\\\/%77%70%2d%63%6f%6e%74%65%6e%74\\\/uploads\\\/2021\\\/12\\\/ater.jpg\",\"keywords\":[\"ATER\",\"Impuesto Inmobiliario Rural\"],\"articleSection\":[\"Entre R\u00edos\"],\"inLanguage\":\"es\",\"potentialAction\":[{\"@type\":\"CommentAction\",\"name\":\"Comment\",\"target\":[\"https:\\\/\\\/informelitoral.com.ar\\\/el-impuesto-inmobiliario-rural-tambien-cae-en-terminos-reales-respecto-al-ano-pasado\\\/#respond\"]}]},{\"@type\":\"WebPage\",\"@id\":\"https:\\\/\\\/informelitoral.com.ar\\\/el-impuesto-inmobiliario-rural-tambien-cae-en-terminos-reales-respecto-al-ano-pasado\\\/\",\"url\":\"https:\\\/\\\/informelitoral.com.ar\\\/el-impuesto-inmobiliario-rural-tambien-cae-en-terminos-reales-respecto-al-ano-pasado\\\/\",\"name\":\"El Impuesto Inmobiliario Rural tambi\u00e9n cae en t\u00e9rminos reales respecto al a\u00f1o pasado - Informe Litoral\",\"isPartOf\":{\"@id\":\"https:\\\/\\\/informelitoral.com.ar\\\/#website\"},\"primaryImageOfPage\":{\"@id\":\"https:\\\/\\\/informelitoral.com.ar\\\/el-impuesto-inmobiliario-rural-tambien-cae-en-terminos-reales-respecto-al-ano-pasado\\\/#primaryimage\"},\"image\":{\"@id\":\"https:\\\/\\\/informelitoral.com.ar\\\/el-impuesto-inmobiliario-rural-tambien-cae-en-terminos-reales-respecto-al-ano-pasado\\\/#primaryimage\"},\"thumbnailUrl\":\"https:\\\/\\\/informelitoral.com.ar\\\/%77%70%2d%63%6f%6e%74%65%6e%74\\\/uploads\\\/2021\\\/12\\\/ater.jpg\",\"datePublished\":\"2025-05-09T12:09:49+00:00\",\"dateModified\":\"2025-05-09T13:33:01+00:00\",\"breadcrumb\":{\"@id\":\"https:\\\/\\\/informelitoral.com.ar\\\/el-impuesto-inmobiliario-rural-tambien-cae-en-terminos-reales-respecto-al-ano-pasado\\\/#breadcrumb\"},\"inLanguage\":\"es\",\"potentialAction\":[{\"@type\":\"ReadAction\",\"target\":[\"https:\\\/\\\/informelitoral.com.ar\\\/el-impuesto-inmobiliario-rural-tambien-cae-en-terminos-reales-respecto-al-ano-pasado\\\/\"]}]},{\"@type\":\"ImageObject\",\"inLanguage\":\"es\",\"@id\":\"https:\\\/\\\/informelitoral.com.ar\\\/el-impuesto-inmobiliario-rural-tambien-cae-en-terminos-reales-respecto-al-ano-pasado\\\/#primaryimage\",\"url\":\"https:\\\/\\\/informelitoral.com.ar\\\/%77%70%2d%63%6f%6e%74%65%6e%74\\\/uploads\\\/2021\\\/12\\\/ater.jpg\",\"contentUrl\":\"https:\\\/\\\/informelitoral.com.ar\\\/%77%70%2d%63%6f%6e%74%65%6e%74\\\/uploads\\\/2021\\\/12\\\/ater.jpg\",\"width\":1920,\"height\":800},{\"@type\":\"BreadcrumbList\",\"@id\":\"https:\\\/\\\/informelitoral.com.ar\\\/el-impuesto-inmobiliario-rural-tambien-cae-en-terminos-reales-respecto-al-ano-pasado\\\/#breadcrumb\",\"itemListElement\":[{\"@type\":\"ListItem\",\"position\":1,\"name\":\"Portada\",\"item\":\"https:\\\/\\\/informelitoral.com.ar\\\/\"},{\"@type\":\"ListItem\",\"position\":2,\"name\":\"El Impuesto Inmobiliario Rural tambi\u00e9n cae en t\u00e9rminos reales respecto al a\u00f1o pasado\"}]},{\"@type\":\"WebSite\",\"@id\":\"https:\\\/\\\/informelitoral.com.ar\\\/#website\",\"url\":\"https:\\\/\\\/informelitoral.com.ar\\\/\",\"name\":\"Informe Litoral\",\"description\":\"&quot;Nos informamos&quot; \",\"publisher\":{\"@id\":\"https:\\\/\\\/informelitoral.com.ar\\\/#organization\"},\"potentialAction\":[{\"@type\":\"SearchAction\",\"target\":{\"@type\":\"EntryPoint\",\"urlTemplate\":\"https:\\\/\\\/informelitoral.com.ar\\\/?s={search_term_string}\"},\"query-input\":{\"@type\":\"PropertyValueSpecification\",\"valueRequired\":true,\"valueName\":\"search_term_string\"}}],\"inLanguage\":\"es\"},{\"@type\":\"Organization\",\"@id\":\"https:\\\/\\\/informelitoral.com.ar\\\/#organization\",\"name\":\"Informe Litoral\",\"url\":\"https:\\\/\\\/informelitoral.com.ar\\\/\",\"logo\":{\"@type\":\"ImageObject\",\"inLanguage\":\"es\",\"@id\":\"https:\\\/\\\/informelitoral.com.ar\\\/#\\\/schema\\\/logo\\\/image\\\/\",\"url\":\"https:\\\/\\\/informelitoral.com.ar\\\/%77%70%2d%63%6f%6e%74%65%6e%74\\\/uploads\\\/2021\\\/01\\\/circulo.png\",\"contentUrl\":\"https:\\\/\\\/informelitoral.com.ar\\\/%77%70%2d%63%6f%6e%74%65%6e%74\\\/uploads\\\/2021\\\/01\\\/circulo.png\",\"width\":723,\"height\":731,\"caption\":\"Informe Litoral\"},\"image\":{\"@id\":\"https:\\\/\\\/informelitoral.com.ar\\\/#\\\/schema\\\/logo\\\/image\\\/\"},\"sameAs\":[\"https:\\\/\\\/www.facebook.com\\\/informelitoral\\\/\",\"https:\\\/\\\/x.com\\\/InformeLitoral\",\"https:\\\/\\\/www.instagram.com\\\/informelitoral\\\/\",\"https:\\\/\\\/www.youtube.com\\\/channel\\\/UCua4Qvz8Icb6MYqhoq9xLXw\"]},{\"@type\":\"Person\",\"@id\":\"https:\\\/\\\/informelitoral.com.ar\\\/#\\\/schema\\\/person\\\/f05f9f461677119578717524b127d6d5\",\"name\":\"Sebastian\",\"image\":{\"@type\":\"ImageObject\",\"inLanguage\":\"es\",\"@id\":\"https:\\\/\\\/secure.gravatar.com\\\/avatar\\\/b71bf7481d447dfb9583c7f2798e7cc64de6efb9067b74633ed8c31059a3bd82?s=96&d=mm&r=g\",\"url\":\"https:\\\/\\\/secure.gravatar.com\\\/avatar\\\/b71bf7481d447dfb9583c7f2798e7cc64de6efb9067b74633ed8c31059a3bd82?s=96&d=mm&r=g\",\"contentUrl\":\"https:\\\/\\\/secure.gravatar.com\\\/avatar\\\/b71bf7481d447dfb9583c7f2798e7cc64de6efb9067b74633ed8c31059a3bd82?s=96&d=mm&r=g\",\"caption\":\"Sebastian\"},\"url\":\"https:\\\/\\\/informelitoral.com.ar\\\/author\\\/sebastian\\\/\"}]}<\/script>","yoast_head_json":{"title":"El Impuesto Inmobiliario Rural tambi\u00e9n cae en t\u00e9rminos reales respecto al a\u00f1o pasado - Informe Litoral","robots":{"index":"index","follow":"follow","max-snippet":"max-snippet:-1","max-image-preview":"max-image-preview:large","max-video-preview":"max-video-preview:-1"},"canonical":"https:\/\/informelitoral.com.ar\/el-impuesto-inmobiliario-rural-tambien-cae-en-terminos-reales-respecto-al-ano-pasado\/","og_locale":"es_ES","og_type":"article","og_title":"El Impuesto Inmobiliario Rural tambi\u00e9n cae en t\u00e9rminos reales respecto al a\u00f1o pasado - Informe Litoral","og_description":"Con topes diferenciados y aumentos inferiores al cien por ciento en el 90 por ciento de las partidas, se oficializ\u00f3 la actualizaci\u00f3n del impuesto rural 2025. Todo lo recaudado se destinar\u00e1 a caminos rurales.","og_url":"https:\/\/informelitoral.com.ar\/el-impuesto-inmobiliario-rural-tambien-cae-en-terminos-reales-respecto-al-ano-pasado\/","og_site_name":"Informe Litoral","article_publisher":"https:\/\/www.facebook.com\/informelitoral\/","article_published_time":"2025-05-09T12:09:49+00:00","article_modified_time":"2025-05-09T13:33:01+00:00","og_image":[{"width":1920,"height":800,"url":"https:\/\/informelitoral.com.ar\/%77%70%2d%63%6f%6e%74%65%6e%74\/uploads\/2021\/12\/ater.jpg","type":"image\/jpeg"}],"author":"Sebastian","twitter_card":"summary_large_image","twitter_creator":"@InformeLitoral","twitter_site":"@InformeLitoral","twitter_misc":{"Escrito por":"Sebastian","Tiempo de lectura":"2 minutos"},"schema":{"@context":"https:\/\/schema.org","@graph":[{"@type":"Article","@id":"https:\/\/informelitoral.com.ar\/el-impuesto-inmobiliario-rural-tambien-cae-en-terminos-reales-respecto-al-ano-pasado\/#article","isPartOf":{"@id":"https:\/\/informelitoral.com.ar\/el-impuesto-inmobiliario-rural-tambien-cae-en-terminos-reales-respecto-al-ano-pasado\/"},"author":{"name":"Sebastian","@id":"https:\/\/informelitoral.com.ar\/#\/schema\/person\/f05f9f461677119578717524b127d6d5"},"headline":"El Impuesto Inmobiliario Rural tambi\u00e9n cae en t\u00e9rminos reales respecto al a\u00f1o pasado","datePublished":"2025-05-09T12:09:49+00:00","dateModified":"2025-05-09T13:33:01+00:00","mainEntityOfPage":{"@id":"https:\/\/informelitoral.com.ar\/el-impuesto-inmobiliario-rural-tambien-cae-en-terminos-reales-respecto-al-ano-pasado\/"},"wordCount":387,"commentCount":0,"publisher":{"@id":"https:\/\/informelitoral.com.ar\/#organization"},"image":{"@id":"https:\/\/informelitoral.com.ar\/el-impuesto-inmobiliario-rural-tambien-cae-en-terminos-reales-respecto-al-ano-pasado\/#primaryimage"},"thumbnailUrl":"https:\/\/informelitoral.com.ar\/%77%70%2d%63%6f%6e%74%65%6e%74\/uploads\/2021\/12\/ater.jpg","keywords":["ATER","Impuesto Inmobiliario Rural"],"articleSection":["Entre R\u00edos"],"inLanguage":"es","potentialAction":[{"@type":"CommentAction","name":"Comment","target":["https:\/\/informelitoral.com.ar\/el-impuesto-inmobiliario-rural-tambien-cae-en-terminos-reales-respecto-al-ano-pasado\/#respond"]}]},{"@type":"WebPage","@id":"https:\/\/informelitoral.com.ar\/el-impuesto-inmobiliario-rural-tambien-cae-en-terminos-reales-respecto-al-ano-pasado\/","url":"https:\/\/informelitoral.com.ar\/el-impuesto-inmobiliario-rural-tambien-cae-en-terminos-reales-respecto-al-ano-pasado\/","name":"El Impuesto Inmobiliario Rural tambi\u00e9n cae en t\u00e9rminos reales respecto al a\u00f1o pasado - Informe Litoral","isPartOf":{"@id":"https:\/\/informelitoral.com.ar\/#website"},"primaryImageOfPage":{"@id":"https:\/\/informelitoral.com.ar\/el-impuesto-inmobiliario-rural-tambien-cae-en-terminos-reales-respecto-al-ano-pasado\/#primaryimage"},"image":{"@id":"https:\/\/informelitoral.com.ar\/el-impuesto-inmobiliario-rural-tambien-cae-en-terminos-reales-respecto-al-ano-pasado\/#primaryimage"},"thumbnailUrl":"https:\/\/informelitoral.com.ar\/%77%70%2d%63%6f%6e%74%65%6e%74\/uploads\/2021\/12\/ater.jpg","datePublished":"2025-05-09T12:09:49+00:00","dateModified":"2025-05-09T13:33:01+00:00","breadcrumb":{"@id":"https:\/\/informelitoral.com.ar\/el-impuesto-inmobiliario-rural-tambien-cae-en-terminos-reales-respecto-al-ano-pasado\/#breadcrumb"},"inLanguage":"es","potentialAction":[{"@type":"ReadAction","target":["https:\/\/informelitoral.com.ar\/el-impuesto-inmobiliario-rural-tambien-cae-en-terminos-reales-respecto-al-ano-pasado\/"]}]},{"@type":"ImageObject","inLanguage":"es","@id":"https:\/\/informelitoral.com.ar\/el-impuesto-inmobiliario-rural-tambien-cae-en-terminos-reales-respecto-al-ano-pasado\/#primaryimage","url":"https:\/\/informelitoral.com.ar\/%77%70%2d%63%6f%6e%74%65%6e%74\/uploads\/2021\/12\/ater.jpg","contentUrl":"https:\/\/informelitoral.com.ar\/%77%70%2d%63%6f%6e%74%65%6e%74\/uploads\/2021\/12\/ater.jpg","width":1920,"height":800},{"@type":"BreadcrumbList","@id":"https:\/\/informelitoral.com.ar\/el-impuesto-inmobiliario-rural-tambien-cae-en-terminos-reales-respecto-al-ano-pasado\/#breadcrumb","itemListElement":[{"@type":"ListItem","position":1,"name":"Portada","item":"https:\/\/informelitoral.com.ar\/"},{"@type":"ListItem","position":2,"name":"El Impuesto Inmobiliario Rural tambi\u00e9n cae en t\u00e9rminos reales respecto al a\u00f1o pasado"}]},{"@type":"WebSite","@id":"https:\/\/informelitoral.com.ar\/#website","url":"https:\/\/informelitoral.com.ar\/","name":"Informe Litoral","description":"&quot;Nos informamos&quot; ","publisher":{"@id":"https:\/\/informelitoral.com.ar\/#organization"},"potentialAction":[{"@type":"SearchAction","target":{"@type":"EntryPoint","urlTemplate":"https:\/\/informelitoral.com.ar\/?s={search_term_string}"},"query-input":{"@type":"PropertyValueSpecification","valueRequired":true,"valueName":"search_term_string"}}],"inLanguage":"es"},{"@type":"Organization","@id":"https:\/\/informelitoral.com.ar\/#organization","name":"Informe Litoral","url":"https:\/\/informelitoral.com.ar\/","logo":{"@type":"ImageObject","inLanguage":"es","@id":"https:\/\/informelitoral.com.ar\/#\/schema\/logo\/image\/","url":"https:\/\/informelitoral.com.ar\/%77%70%2d%63%6f%6e%74%65%6e%74\/uploads\/2021\/01\/circulo.png","contentUrl":"https:\/\/informelitoral.com.ar\/%77%70%2d%63%6f%6e%74%65%6e%74\/uploads\/2021\/01\/circulo.png","width":723,"height":731,"caption":"Informe Litoral"},"image":{"@id":"https:\/\/informelitoral.com.ar\/#\/schema\/logo\/image\/"},"sameAs":["https:\/\/www.facebook.com\/informelitoral\/","https:\/\/x.com\/InformeLitoral","https:\/\/www.instagram.com\/informelitoral\/","https:\/\/www.youtube.com\/channel\/UCua4Qvz8Icb6MYqhoq9xLXw"]},{"@type":"Person","@id":"https:\/\/informelitoral.com.ar\/#\/schema\/person\/f05f9f461677119578717524b127d6d5","name":"Sebastian","image":{"@type":"ImageObject","inLanguage":"es","@id":"https:\/\/secure.gravatar.com\/avatar\/b71bf7481d447dfb9583c7f2798e7cc64de6efb9067b74633ed8c31059a3bd82?s=96&d=mm&r=g","url":"https:\/\/secure.gravatar.com\/avatar\/b71bf7481d447dfb9583c7f2798e7cc64de6efb9067b74633ed8c31059a3bd82?s=96&d=mm&r=g","contentUrl":"https:\/\/secure.gravatar.com\/avatar\/b71bf7481d447dfb9583c7f2798e7cc64de6efb9067b74633ed8c31059a3bd82?s=96&d=mm&r=g","caption":"Sebastian"},"url":"https:\/\/informelitoral.com.ar\/author\/sebastian\/"}]}},"_links":{"self":[{"href":"https:\/\/informelitoral.com.ar\/%77%70%2d%6a%73%6f%6e\/wp\/v2\/posts\/221020","targetHints":{"allow":["GET"]}}],"collection":[{"href":"https:\/\/informelitoral.com.ar\/%77%70%2d%6a%73%6f%6e\/wp\/v2\/posts"}],"about":[{"href":"https:\/\/informelitoral.com.ar\/%77%70%2d%6a%73%6f%6e\/wp\/v2\/types\/post"}],"author":[{"embeddable":true,"href":"https:\/\/informelitoral.com.ar\/%77%70%2d%6a%73%6f%6e\/wp\/v2\/users\/8"}],"replies":[{"embeddable":true,"href":"https:\/\/informelitoral.com.ar\/%77%70%2d%6a%73%6f%6e\/wp\/v2\/comments?post=221020"}],"version-history":[{"count":0,"href":"https:\/\/informelitoral.com.ar\/%77%70%2d%6a%73%6f%6e\/wp\/v2\/posts\/221020\/revisions"}],"wp:featuredmedia":[{"embeddable":true,"href":"https:\/\/informelitoral.com.ar\/%77%70%2d%6a%73%6f%6e\/wp\/v2\/media\/68358"}],"wp:attachment":[{"href":"https:\/\/informelitoral.com.ar\/%77%70%2d%6a%73%6f%6e\/wp\/v2\/media?parent=221020"}],"wp:term":[{"taxonomy":"category","embeddable":true,"href":"https:\/\/informelitoral.com.ar\/%77%70%2d%6a%73%6f%6e\/wp\/v2\/categories?post=221020"},{"taxonomy":"post_tag","embeddable":true,"href":"https:\/\/informelitoral.com.ar\/%77%70%2d%6a%73%6f%6e\/wp\/v2\/tags?post=221020"}],"curies":[{"name":"wp","href":"https:\/\/api.w.org\/{rel}","templated":true}]}}