{"id":220813,"date":"2025-05-08T07:10:59","date_gmt":"2025-05-08T10:10:59","guid":{"rendered":"https:\/\/informelitoral.com.ar\/?p=220813"},"modified":"2025-05-08T07:42:30","modified_gmt":"2025-05-08T10:42:30","slug":"supermercados-deciden-no-aplicar-el-aumento-salarial-correspondiente-al-mes-de-abril","status":"publish","type":"post","link":"https:\/\/informelitoral.com.ar\/supermercados-deciden-no-aplicar-el-aumento-salarial-correspondiente-al-mes-de-abril\/","title":{"rendered":"Supermercados deciden no aplicar el aumento salarial correspondiente al mes de abril"},"content":{"rendered":"<p><b>Las principales cadenas de supermercados del pa\u00eds decidieron no abonar el aumento salarial correspondiente al mes de abril a su personal<\/b>, pese a que el incremento hab\u00eda sido pactado entre el sindicato de Comercio y las c\u00e1maras empresariales del sector. La medida, impulsada por los integrantes de la Asociaci\u00f3n de Supermercados Unidos (ASU) y avalada por otras entidades mercantiles,\u00a0<b>se argumenta en la falta de homologaci\u00f3n del acuerdo por parte del Gobierno nacional<\/b>.<\/p>\n<p><a href=\"https:\/\/informelitoral.com.ar\/%77%70%2d%63%6f%6e%74%65%6e%74\/uploads\/2022\/03\/600x400_Supermercado.jpg\"><img loading=\"lazy\" decoding=\"async\" class=\"alignnone size-full wp-image-73441\" src=\"https:\/\/informelitoral.com.ar\/%77%70%2d%63%6f%6e%74%65%6e%74\/uploads\/2022\/03\/600x400_Supermercado.jpg\" alt=\"\" width=\"600\" height=\"400\" srcset=\"https:\/\/informelitoral.com.ar\/%77%70%2d%63%6f%6e%74%65%6e%74\/uploads\/2022\/03\/600x400_Supermercado.jpg 600w, https:\/\/informelitoral.com.ar\/%77%70%2d%63%6f%6e%74%65%6e%74\/uploads\/2022\/03\/600x400_Supermercado-300x200.jpg 300w\" sizes=\"auto, (max-width: 600px) 100vw, 600px\" \/><\/a><\/p>\n<div class=\"embed nota-relacionada\">\n<div class=\"inner-art\">\n<article class=\" en-bandera\">\n<header class=\"en-bandera__header\">\n<h2 class=\"en-bandera__h2 titulo-sub \"><strong>Empleados de comercio tendr\u00e1n aumento acumulativo de 5,4%: las cuotas y a cu\u00e1nto sube el b\u00e1sico<\/strong><\/h2>\n<\/header>\n<\/article>\n<\/div>\n<\/div>\n<p>De esta forma,\u00a0<b>unos 120 mil trabajadores quedaron excluidos de percibir el incremento del 1,9% m\u00e1s una suma fija no remunerativa<\/b>, lo que gener\u00f3 malestar en el gremio y un nuevo foco de conflicto entre la administraci\u00f3n de Javier Milei y el sindicalismo.<\/p>\n<p>La decisi\u00f3n se produce en un contexto de negociaciones impulsadas desde el Ejecutivo para frenar los aumentos de precios tras el cambio en el esquema cambiario. En una reuni\u00f3n realizada este martes entre representantes de ASU y el ministro de Econom\u00eda, Luis Caputo, el funcionario habr\u00eda sido tajante: \u201cel acuerdo paritario no ser\u00e1 homologado\u201d, lo que fue interpretado por el sector empresario como una se\u00f1al para no aplicar la suba acordada.<\/p>\n<h6><em><strong>Del archivo:\u00a0<a title=\"El gobierno present\u00f3 la app Mi Trabajo para empleados de la administraci\u00f3n p\u00fablica\" href=\"https:\/\/informelitoral.com.ar\/el-gobierno-presento-la-app-mi-trabajo-para-empleados-de-la-administracion-publica\/\" target=\"_blank\" rel=\"noopener\">El gobierno present\u00f3 la app Mi Trabajo para empleados de la administraci\u00f3n p\u00fablica<\/a><\/strong><\/em><\/h6>\n<h2><strong>Reclamo gremial y desacuerdo con la postura empresarial<\/strong><\/h2>\n<p>El convenio salarial hab\u00eda sido suscripto entre el gremio mercantil y las c\u00e1maras empresarias CAC, CAME y Udeca, y contemplaba un aumento escalonado del 5,4% a aplicarse en tres meses, junto con tres sumas fijas destinadas a compensar la inflaci\u00f3n del primer trimestre del a\u00f1o. La intenci\u00f3n era preservar el poder adquisitivo de los empleados del rubro, uno de los m\u00e1s afectados por la disparada de precios.<\/p>\n<p>Desde el sindicato de Comercio, que conduce Armando Cavalieri -uno de los referentes sindicales con mayor cercan\u00eda a la Casa Rosada-, se enviaron cartas documento a las c\u00e1maras firmantes del acuerdo, exigiendo el cumplimiento de lo pactado. \u201cEl convenio&#8230; inclu\u00eda una cl\u00e1usula por la cual las empresas se compromet\u00edan a abonar los aumentos a\u00fan sin homologaci\u00f3n oficial\u201d, recordaron desde el gremio, en un intento por presionar a las patronales.<\/p>\n<p>No obstante, las cadenas supermercadistas decidieron ignorar ese art\u00edculo. \u201cEl art\u00edculo fue desestimado por los supermercados, que liquidaron los sueldos sin los incrementos acordados\u201d, confirmaron fuentes sindicales. Esto encendi\u00f3 una fuerte alarma en el mundo gremial, que considera que se est\u00e1 ante un precedente preocupante en materia de relaciones laborales.<\/p>\n<h6><em><strong>Del archivo:\u00a0<a title=\"Indec: la carne vacuna registr\u00f3 un aumento del 4% en abril\" href=\"https:\/\/informelitoral.com.ar\/indec-la-carne-vacuna-registro-un-aumento-del-4-en-abril\/\" target=\"_blank\" rel=\"noopener\">Indec: la carne vacuna registr\u00f3 un aumento del 4% en abril<\/a><\/strong><\/em><\/h6>\n","protected":false},"excerpt":{"rendered":"<p>Las principales cadenas de supermercados decidieron no abonar a su personal el aumento salarial correspondiente al mes de abril, pactado con el sindicato de Comercio, bajo el argumento de que el Gobierno no homolog\u00f3 el acuerdo paritario.<\/p>\n","protected":false},"author":8,"featured_media":210004,"comment_status":"open","ping_status":"open","sticky":false,"template":"","format":"standard","meta":{"fifu_image_url":"","fifu_image_alt":"","footnotes":""},"categories":[1594],"tags":[1152,449],"class_list":{"0":"post-220813","1":"post","2":"type-post","3":"status-publish","4":"format-standard","5":"has-post-thumbnail","7":"category-economia","8":"tag-empleados-de-comercio","9":"tag-supermercado"},"yoast_head":"<title>Supermercados deciden no aplicar el aumento salarial correspondiente al mes de abril - Informe Litoral<\/title>\n<meta name=\"robots\" content=\"index, follow, max-snippet:-1, max-image-preview:large, max-video-preview:-1\" \/>\n<link rel=\"canonical\" href=\"https:\/\/informelitoral.com.ar\/supermercados-deciden-no-aplicar-el-aumento-salarial-correspondiente-al-mes-de-abril\/\" \/>\n<meta property=\"og:locale\" content=\"es_ES\" \/>\n<meta property=\"og:type\" content=\"article\" \/>\n<meta property=\"og:title\" content=\"Supermercados deciden no aplicar el aumento salarial correspondiente al mes de abril - Informe Litoral\" \/>\n<meta property=\"og:description\" content=\"Las principales cadenas de supermercados decidieron no abonar a su personal el aumento salarial correspondiente al mes de abril, pactado con el sindicato de Comercio, bajo el argumento de que el Gobierno no homolog\u00f3 el acuerdo paritario.\" \/>\n<meta property=\"og:url\" content=\"https:\/\/informelitoral.com.ar\/supermercados-deciden-no-aplicar-el-aumento-salarial-correspondiente-al-mes-de-abril\/\" \/>\n<meta property=\"og:site_name\" content=\"Informe Litoral\" \/>\n<meta property=\"article:publisher\" content=\"https:\/\/www.facebook.com\/informelitoral\/\" \/>\n<meta property=\"article:published_time\" content=\"2025-05-08T10:10:59+00:00\" \/>\n<meta property=\"article:modified_time\" content=\"2025-05-08T10:42:30+00:00\" \/>\n<meta property=\"og:image\" content=\"https:\/\/informelitoral.com.ar\/%77%70%2d%63%6f%6e%74%65%6e%74\/uploads\/2025\/01\/comercio-aumento-salarios_1.png_1160004791.webp\" \/>\n\t<meta property=\"og:image:width\" content=\"970\" \/>\n\t<meta property=\"og:image:height\" content=\"546\" \/>\n\t<meta property=\"og:image:type\" content=\"image\/webp\" \/>\n<meta name=\"author\" content=\"Sebastian\" \/>\n<meta name=\"twitter:card\" content=\"summary_large_image\" \/>\n<meta name=\"twitter:creator\" content=\"@InformeLitoral\" \/>\n<meta name=\"twitter:site\" content=\"@InformeLitoral\" \/>\n<meta name=\"twitter:label1\" content=\"Escrito por\" \/>\n\t<meta name=\"twitter:data1\" content=\"Sebastian\" \/>\n\t<meta name=\"twitter:label2\" content=\"Tiempo de lectura\" \/>\n\t<meta name=\"twitter:data2\" content=\"2 minutos\" \/>\n<script type=\"application\/ld+json\" class=\"yoast-schema-graph\">{\"@context\":\"https:\\\/\\\/schema.org\",\"@graph\":[{\"@type\":\"Article\",\"@id\":\"https:\\\/\\\/informelitoral.com.ar\\\/supermercados-deciden-no-aplicar-el-aumento-salarial-correspondiente-al-mes-de-abril\\\/#article\",\"isPartOf\":{\"@id\":\"https:\\\/\\\/informelitoral.com.ar\\\/supermercados-deciden-no-aplicar-el-aumento-salarial-correspondiente-al-mes-de-abril\\\/\"},\"author\":{\"name\":\"Sebastian\",\"@id\":\"https:\\\/\\\/informelitoral.com.ar\\\/#\\\/schema\\\/person\\\/f05f9f461677119578717524b127d6d5\"},\"headline\":\"Supermercados deciden no aplicar el aumento salarial correspondiente al mes de abril\",\"datePublished\":\"2025-05-08T10:10:59+00:00\",\"dateModified\":\"2025-05-08T10:42:30+00:00\",\"mainEntityOfPage\":{\"@id\":\"https:\\\/\\\/informelitoral.com.ar\\\/supermercados-deciden-no-aplicar-el-aumento-salarial-correspondiente-al-mes-de-abril\\\/\"},\"wordCount\":464,\"commentCount\":0,\"publisher\":{\"@id\":\"https:\\\/\\\/informelitoral.com.ar\\\/#organization\"},\"image\":{\"@id\":\"https:\\\/\\\/informelitoral.com.ar\\\/supermercados-deciden-no-aplicar-el-aumento-salarial-correspondiente-al-mes-de-abril\\\/#primaryimage\"},\"thumbnailUrl\":\"https:\\\/\\\/informelitoral.com.ar\\\/%77%70%2d%63%6f%6e%74%65%6e%74\\\/uploads\\\/2025\\\/01\\\/comercio-aumento-salarios_1.png_1160004791.webp\",\"keywords\":[\"Empleados de comercio\",\"Supermercado\"],\"articleSection\":[\"Econom\u00eda\"],\"inLanguage\":\"es\",\"potentialAction\":[{\"@type\":\"CommentAction\",\"name\":\"Comment\",\"target\":[\"https:\\\/\\\/informelitoral.com.ar\\\/supermercados-deciden-no-aplicar-el-aumento-salarial-correspondiente-al-mes-de-abril\\\/#respond\"]}]},{\"@type\":\"WebPage\",\"@id\":\"https:\\\/\\\/informelitoral.com.ar\\\/supermercados-deciden-no-aplicar-el-aumento-salarial-correspondiente-al-mes-de-abril\\\/\",\"url\":\"https:\\\/\\\/informelitoral.com.ar\\\/supermercados-deciden-no-aplicar-el-aumento-salarial-correspondiente-al-mes-de-abril\\\/\",\"name\":\"Supermercados deciden no aplicar el aumento salarial correspondiente al mes de abril - Informe Litoral\",\"isPartOf\":{\"@id\":\"https:\\\/\\\/informelitoral.com.ar\\\/#website\"},\"primaryImageOfPage\":{\"@id\":\"https:\\\/\\\/informelitoral.com.ar\\\/supermercados-deciden-no-aplicar-el-aumento-salarial-correspondiente-al-mes-de-abril\\\/#primaryimage\"},\"image\":{\"@id\":\"https:\\\/\\\/informelitoral.com.ar\\\/supermercados-deciden-no-aplicar-el-aumento-salarial-correspondiente-al-mes-de-abril\\\/#primaryimage\"},\"thumbnailUrl\":\"https:\\\/\\\/informelitoral.com.ar\\\/%77%70%2d%63%6f%6e%74%65%6e%74\\\/uploads\\\/2025\\\/01\\\/comercio-aumento-salarios_1.png_1160004791.webp\",\"datePublished\":\"2025-05-08T10:10:59+00:00\",\"dateModified\":\"2025-05-08T10:42:30+00:00\",\"breadcrumb\":{\"@id\":\"https:\\\/\\\/informelitoral.com.ar\\\/supermercados-deciden-no-aplicar-el-aumento-salarial-correspondiente-al-mes-de-abril\\\/#breadcrumb\"},\"inLanguage\":\"es\",\"potentialAction\":[{\"@type\":\"ReadAction\",\"target\":[\"https:\\\/\\\/informelitoral.com.ar\\\/supermercados-deciden-no-aplicar-el-aumento-salarial-correspondiente-al-mes-de-abril\\\/\"]}]},{\"@type\":\"ImageObject\",\"inLanguage\":\"es\",\"@id\":\"https:\\\/\\\/informelitoral.com.ar\\\/supermercados-deciden-no-aplicar-el-aumento-salarial-correspondiente-al-mes-de-abril\\\/#primaryimage\",\"url\":\"https:\\\/\\\/informelitoral.com.ar\\\/%77%70%2d%63%6f%6e%74%65%6e%74\\\/uploads\\\/2025\\\/01\\\/comercio-aumento-salarios_1.png_1160004791.webp\",\"contentUrl\":\"https:\\\/\\\/informelitoral.com.ar\\\/%77%70%2d%63%6f%6e%74%65%6e%74\\\/uploads\\\/2025\\\/01\\\/comercio-aumento-salarios_1.png_1160004791.webp\",\"width\":970,\"height\":546},{\"@type\":\"BreadcrumbList\",\"@id\":\"https:\\\/\\\/informelitoral.com.ar\\\/supermercados-deciden-no-aplicar-el-aumento-salarial-correspondiente-al-mes-de-abril\\\/#breadcrumb\",\"itemListElement\":[{\"@type\":\"ListItem\",\"position\":1,\"name\":\"Portada\",\"item\":\"https:\\\/\\\/informelitoral.com.ar\\\/\"},{\"@type\":\"ListItem\",\"position\":2,\"name\":\"Supermercados deciden no aplicar el aumento salarial correspondiente al mes de abril\"}]},{\"@type\":\"WebSite\",\"@id\":\"https:\\\/\\\/informelitoral.com.ar\\\/#website\",\"url\":\"https:\\\/\\\/informelitoral.com.ar\\\/\",\"name\":\"Informe Litoral\",\"description\":\"&quot;Nos informamos&quot; \",\"publisher\":{\"@id\":\"https:\\\/\\\/informelitoral.com.ar\\\/#organization\"},\"potentialAction\":[{\"@type\":\"SearchAction\",\"target\":{\"@type\":\"EntryPoint\",\"urlTemplate\":\"https:\\\/\\\/informelitoral.com.ar\\\/?s={search_term_string}\"},\"query-input\":{\"@type\":\"PropertyValueSpecification\",\"valueRequired\":true,\"valueName\":\"search_term_string\"}}],\"inLanguage\":\"es\"},{\"@type\":\"Organization\",\"@id\":\"https:\\\/\\\/informelitoral.com.ar\\\/#organization\",\"name\":\"Informe Litoral\",\"url\":\"https:\\\/\\\/informelitoral.com.ar\\\/\",\"logo\":{\"@type\":\"ImageObject\",\"inLanguage\":\"es\",\"@id\":\"https:\\\/\\\/informelitoral.com.ar\\\/#\\\/schema\\\/logo\\\/image\\\/\",\"url\":\"https:\\\/\\\/informelitoral.com.ar\\\/%77%70%2d%63%6f%6e%74%65%6e%74\\\/uploads\\\/2021\\\/01\\\/circulo.png\",\"contentUrl\":\"https:\\\/\\\/informelitoral.com.ar\\\/%77%70%2d%63%6f%6e%74%65%6e%74\\\/uploads\\\/2021\\\/01\\\/circulo.png\",\"width\":723,\"height\":731,\"caption\":\"Informe Litoral\"},\"image\":{\"@id\":\"https:\\\/\\\/informelitoral.com.ar\\\/#\\\/schema\\\/logo\\\/image\\\/\"},\"sameAs\":[\"https:\\\/\\\/www.facebook.com\\\/informelitoral\\\/\",\"https:\\\/\\\/x.com\\\/InformeLitoral\",\"https:\\\/\\\/www.instagram.com\\\/informelitoral\\\/\",\"https:\\\/\\\/www.youtube.com\\\/channel\\\/UCua4Qvz8Icb6MYqhoq9xLXw\"]},{\"@type\":\"Person\",\"@id\":\"https:\\\/\\\/informelitoral.com.ar\\\/#\\\/schema\\\/person\\\/f05f9f461677119578717524b127d6d5\",\"name\":\"Sebastian\",\"image\":{\"@type\":\"ImageObject\",\"inLanguage\":\"es\",\"@id\":\"https:\\\/\\\/secure.gravatar.com\\\/avatar\\\/b71bf7481d447dfb9583c7f2798e7cc64de6efb9067b74633ed8c31059a3bd82?s=96&d=mm&r=g\",\"url\":\"https:\\\/\\\/secure.gravatar.com\\\/avatar\\\/b71bf7481d447dfb9583c7f2798e7cc64de6efb9067b74633ed8c31059a3bd82?s=96&d=mm&r=g\",\"contentUrl\":\"https:\\\/\\\/secure.gravatar.com\\\/avatar\\\/b71bf7481d447dfb9583c7f2798e7cc64de6efb9067b74633ed8c31059a3bd82?s=96&d=mm&r=g\",\"caption\":\"Sebastian\"},\"url\":\"https:\\\/\\\/informelitoral.com.ar\\\/author\\\/sebastian\\\/\"}]}<\/script>","yoast_head_json":{"title":"Supermercados deciden no aplicar el aumento salarial correspondiente al mes de abril - Informe Litoral","robots":{"index":"index","follow":"follow","max-snippet":"max-snippet:-1","max-image-preview":"max-image-preview:large","max-video-preview":"max-video-preview:-1"},"canonical":"https:\/\/informelitoral.com.ar\/supermercados-deciden-no-aplicar-el-aumento-salarial-correspondiente-al-mes-de-abril\/","og_locale":"es_ES","og_type":"article","og_title":"Supermercados deciden no aplicar el aumento salarial correspondiente al mes de abril - Informe Litoral","og_description":"Las principales cadenas de supermercados decidieron no abonar a su personal el aumento salarial correspondiente al mes de abril, pactado con el sindicato de Comercio, bajo el argumento de que el Gobierno no homolog\u00f3 el acuerdo paritario.","og_url":"https:\/\/informelitoral.com.ar\/supermercados-deciden-no-aplicar-el-aumento-salarial-correspondiente-al-mes-de-abril\/","og_site_name":"Informe Litoral","article_publisher":"https:\/\/www.facebook.com\/informelitoral\/","article_published_time":"2025-05-08T10:10:59+00:00","article_modified_time":"2025-05-08T10:42:30+00:00","og_image":[{"width":970,"height":546,"url":"https:\/\/informelitoral.com.ar\/%77%70%2d%63%6f%6e%74%65%6e%74\/uploads\/2025\/01\/comercio-aumento-salarios_1.png_1160004791.webp","type":"image\/webp"}],"author":"Sebastian","twitter_card":"summary_large_image","twitter_creator":"@InformeLitoral","twitter_site":"@InformeLitoral","twitter_misc":{"Escrito por":"Sebastian","Tiempo de lectura":"2 minutos"},"schema":{"@context":"https:\/\/schema.org","@graph":[{"@type":"Article","@id":"https:\/\/informelitoral.com.ar\/supermercados-deciden-no-aplicar-el-aumento-salarial-correspondiente-al-mes-de-abril\/#article","isPartOf":{"@id":"https:\/\/informelitoral.com.ar\/supermercados-deciden-no-aplicar-el-aumento-salarial-correspondiente-al-mes-de-abril\/"},"author":{"name":"Sebastian","@id":"https:\/\/informelitoral.com.ar\/#\/schema\/person\/f05f9f461677119578717524b127d6d5"},"headline":"Supermercados deciden no aplicar el aumento salarial correspondiente al mes de abril","datePublished":"2025-05-08T10:10:59+00:00","dateModified":"2025-05-08T10:42:30+00:00","mainEntityOfPage":{"@id":"https:\/\/informelitoral.com.ar\/supermercados-deciden-no-aplicar-el-aumento-salarial-correspondiente-al-mes-de-abril\/"},"wordCount":464,"commentCount":0,"publisher":{"@id":"https:\/\/informelitoral.com.ar\/#organization"},"image":{"@id":"https:\/\/informelitoral.com.ar\/supermercados-deciden-no-aplicar-el-aumento-salarial-correspondiente-al-mes-de-abril\/#primaryimage"},"thumbnailUrl":"https:\/\/informelitoral.com.ar\/%77%70%2d%63%6f%6e%74%65%6e%74\/uploads\/2025\/01\/comercio-aumento-salarios_1.png_1160004791.webp","keywords":["Empleados de comercio","Supermercado"],"articleSection":["Econom\u00eda"],"inLanguage":"es","potentialAction":[{"@type":"CommentAction","name":"Comment","target":["https:\/\/informelitoral.com.ar\/supermercados-deciden-no-aplicar-el-aumento-salarial-correspondiente-al-mes-de-abril\/#respond"]}]},{"@type":"WebPage","@id":"https:\/\/informelitoral.com.ar\/supermercados-deciden-no-aplicar-el-aumento-salarial-correspondiente-al-mes-de-abril\/","url":"https:\/\/informelitoral.com.ar\/supermercados-deciden-no-aplicar-el-aumento-salarial-correspondiente-al-mes-de-abril\/","name":"Supermercados deciden no aplicar el aumento salarial correspondiente al mes de abril - Informe Litoral","isPartOf":{"@id":"https:\/\/informelitoral.com.ar\/#website"},"primaryImageOfPage":{"@id":"https:\/\/informelitoral.com.ar\/supermercados-deciden-no-aplicar-el-aumento-salarial-correspondiente-al-mes-de-abril\/#primaryimage"},"image":{"@id":"https:\/\/informelitoral.com.ar\/supermercados-deciden-no-aplicar-el-aumento-salarial-correspondiente-al-mes-de-abril\/#primaryimage"},"thumbnailUrl":"https:\/\/informelitoral.com.ar\/%77%70%2d%63%6f%6e%74%65%6e%74\/uploads\/2025\/01\/comercio-aumento-salarios_1.png_1160004791.webp","datePublished":"2025-05-08T10:10:59+00:00","dateModified":"2025-05-08T10:42:30+00:00","breadcrumb":{"@id":"https:\/\/informelitoral.com.ar\/supermercados-deciden-no-aplicar-el-aumento-salarial-correspondiente-al-mes-de-abril\/#breadcrumb"},"inLanguage":"es","potentialAction":[{"@type":"ReadAction","target":["https:\/\/informelitoral.com.ar\/supermercados-deciden-no-aplicar-el-aumento-salarial-correspondiente-al-mes-de-abril\/"]}]},{"@type":"ImageObject","inLanguage":"es","@id":"https:\/\/informelitoral.com.ar\/supermercados-deciden-no-aplicar-el-aumento-salarial-correspondiente-al-mes-de-abril\/#primaryimage","url":"https:\/\/informelitoral.com.ar\/%77%70%2d%63%6f%6e%74%65%6e%74\/uploads\/2025\/01\/comercio-aumento-salarios_1.png_1160004791.webp","contentUrl":"https:\/\/informelitoral.com.ar\/%77%70%2d%63%6f%6e%74%65%6e%74\/uploads\/2025\/01\/comercio-aumento-salarios_1.png_1160004791.webp","width":970,"height":546},{"@type":"BreadcrumbList","@id":"https:\/\/informelitoral.com.ar\/supermercados-deciden-no-aplicar-el-aumento-salarial-correspondiente-al-mes-de-abril\/#breadcrumb","itemListElement":[{"@type":"ListItem","position":1,"name":"Portada","item":"https:\/\/informelitoral.com.ar\/"},{"@type":"ListItem","position":2,"name":"Supermercados deciden no aplicar el aumento salarial correspondiente al mes de abril"}]},{"@type":"WebSite","@id":"https:\/\/informelitoral.com.ar\/#website","url":"https:\/\/informelitoral.com.ar\/","name":"Informe Litoral","description":"&quot;Nos informamos&quot; ","publisher":{"@id":"https:\/\/informelitoral.com.ar\/#organization"},"potentialAction":[{"@type":"SearchAction","target":{"@type":"EntryPoint","urlTemplate":"https:\/\/informelitoral.com.ar\/?s={search_term_string}"},"query-input":{"@type":"PropertyValueSpecification","valueRequired":true,"valueName":"search_term_string"}}],"inLanguage":"es"},{"@type":"Organization","@id":"https:\/\/informelitoral.com.ar\/#organization","name":"Informe Litoral","url":"https:\/\/informelitoral.com.ar\/","logo":{"@type":"ImageObject","inLanguage":"es","@id":"https:\/\/informelitoral.com.ar\/#\/schema\/logo\/image\/","url":"https:\/\/informelitoral.com.ar\/%77%70%2d%63%6f%6e%74%65%6e%74\/uploads\/2021\/01\/circulo.png","contentUrl":"https:\/\/informelitoral.com.ar\/%77%70%2d%63%6f%6e%74%65%6e%74\/uploads\/2021\/01\/circulo.png","width":723,"height":731,"caption":"Informe Litoral"},"image":{"@id":"https:\/\/informelitoral.com.ar\/#\/schema\/logo\/image\/"},"sameAs":["https:\/\/www.facebook.com\/informelitoral\/","https:\/\/x.com\/InformeLitoral","https:\/\/www.instagram.com\/informelitoral\/","https:\/\/www.youtube.com\/channel\/UCua4Qvz8Icb6MYqhoq9xLXw"]},{"@type":"Person","@id":"https:\/\/informelitoral.com.ar\/#\/schema\/person\/f05f9f461677119578717524b127d6d5","name":"Sebastian","image":{"@type":"ImageObject","inLanguage":"es","@id":"https:\/\/secure.gravatar.com\/avatar\/b71bf7481d447dfb9583c7f2798e7cc64de6efb9067b74633ed8c31059a3bd82?s=96&d=mm&r=g","url":"https:\/\/secure.gravatar.com\/avatar\/b71bf7481d447dfb9583c7f2798e7cc64de6efb9067b74633ed8c31059a3bd82?s=96&d=mm&r=g","contentUrl":"https:\/\/secure.gravatar.com\/avatar\/b71bf7481d447dfb9583c7f2798e7cc64de6efb9067b74633ed8c31059a3bd82?s=96&d=mm&r=g","caption":"Sebastian"},"url":"https:\/\/informelitoral.com.ar\/author\/sebastian\/"}]}},"_links":{"self":[{"href":"https:\/\/informelitoral.com.ar\/%77%70%2d%6a%73%6f%6e\/wp\/v2\/posts\/220813","targetHints":{"allow":["GET"]}}],"collection":[{"href":"https:\/\/informelitoral.com.ar\/%77%70%2d%6a%73%6f%6e\/wp\/v2\/posts"}],"about":[{"href":"https:\/\/informelitoral.com.ar\/%77%70%2d%6a%73%6f%6e\/wp\/v2\/types\/post"}],"author":[{"embeddable":true,"href":"https:\/\/informelitoral.com.ar\/%77%70%2d%6a%73%6f%6e\/wp\/v2\/users\/8"}],"replies":[{"embeddable":true,"href":"https:\/\/informelitoral.com.ar\/%77%70%2d%6a%73%6f%6e\/wp\/v2\/comments?post=220813"}],"version-history":[{"count":0,"href":"https:\/\/informelitoral.com.ar\/%77%70%2d%6a%73%6f%6e\/wp\/v2\/posts\/220813\/revisions"}],"wp:featuredmedia":[{"embeddable":true,"href":"https:\/\/informelitoral.com.ar\/%77%70%2d%6a%73%6f%6e\/wp\/v2\/media\/210004"}],"wp:attachment":[{"href":"https:\/\/informelitoral.com.ar\/%77%70%2d%6a%73%6f%6e\/wp\/v2\/media?parent=220813"}],"wp:term":[{"taxonomy":"category","embeddable":true,"href":"https:\/\/informelitoral.com.ar\/%77%70%2d%6a%73%6f%6e\/wp\/v2\/categories?post=220813"},{"taxonomy":"post_tag","embeddable":true,"href":"https:\/\/informelitoral.com.ar\/%77%70%2d%6a%73%6f%6e\/wp\/v2\/tags?post=220813"}],"curies":[{"name":"wp","href":"https:\/\/api.w.org\/{rel}","templated":true}]}}