{"id":220795,"date":"2025-05-07T20:44:15","date_gmt":"2025-05-07T23:44:15","guid":{"rendered":"https:\/\/informelitoral.com.ar\/?p=220795"},"modified":"2025-05-07T20:44:50","modified_gmt":"2025-05-07T23:44:50","slug":"la-provincia-acompano-al-municipio-de-aranguren-en-el-ii-encuentro-maria-jose-fogel-de-adultos-mayores","status":"publish","type":"post","link":"https:\/\/informelitoral.com.ar\/la-provincia-acompano-al-municipio-de-aranguren-en-el-ii-encuentro-maria-jose-fogel-de-adultos-mayores\/","title":{"rendered":"La Provincia acompa\u00f1\u00f3 al municipio de Aranguren en el II Encuentro Mar\u00eda Jos\u00e9 Fogel de Adultos Mayores"},"content":{"rendered":"<p>En un emotivo encuentro, se llev\u00f3 a cabo en el Polideportivo de Aranguren el II Encuentro Mar\u00eda Jos\u00e9 Fogel, una jornada deportiva y recreativa destinada a personas adultas mayores. Este espacio, impulsado por el municipio de Aranguren, tuvo como prop\u00f3sito central fomentar la actividad f\u00edsica, fortalecer los v\u00ednculos sociales y emocionales, y promover el bienestar integral de nuestros mayores.<\/p>\n<p>Los participantes disfrutaron de una amplia gama de actividades que incluyeron tejo, golf croquet, juegos de mesa, encestar al aro, m\u00fasica, baile y hasta un concurso de sombreros y m\u00e1scaras. La propuesta no solo puso en movimiento los cuerpos, sino tambi\u00e9n las emociones, en una celebraci\u00f3n donde la alegr\u00eda y la creatividad fueron protagonistas.<\/p>\n<p><strong>Silvina Wiliezko<\/strong>, coordinadora de Adultos Mayores, quien acompa\u00f1\u00f3 el evento, expres\u00f3: \u00abQuiero agradecer especialmente al municipio de Aranguren, en la figura de su intendente Luis Horacio Siebenlist y al coordinador de Deportes Carlos Garcia, por la invitaci\u00f3n. Desde nuestra gesti\u00f3n, vamos a seguir acompa\u00f1ando estas iniciativas, porque estamos convencidos de que cuando a las ideas se les suman acciones concretas, los resultados son reales. Y esto es un claro ejemplo de ello.\u00bb<\/p>\n<p>\u00abEstos encuentros no solo tienen valor recreativo o f\u00edsico, tienen un profundo sentido social. Cuando las personas mayores se sienten parte, activas y reconocidas, ganamos todos como comunidad. Por eso, desde la provincia alentamos y articulamos con los municipios para que cada vez sean m\u00e1s los espacios donde la inclusi\u00f3n, el cuidado y el respeto por la trayectoria de vida de nuestros adultos mayores sean pol\u00edticas sostenidas\u00bb, finaliz\u00f3 Wiliezko.<\/p>\n<p>Estas jornadas promueven el movimiento y la estimulaci\u00f3n cognitiva, adem\u00e1s previenen el aislamiento, fortalecen los v\u00ednculos sociales y mejoran la calidad de vida. Desde la coordinaci\u00f3n de Adultos Mayores de la Secretar\u00eda de Deportes se entiende al deporte y la recreaci\u00f3n como derechos esenciales para un envejecimiento activo.<\/p>\n<h6><em><strong>Del archivo:\u00a0<a title=\"Marcelo Pagliaruzza: \u201cTodas las acciones se tienen que ver reflejadas en beneficios al productor\u00bb\" href=\"https:\/\/informelitoral.com.ar\/marcelo-pagliaruzza-todas-las-acciones-se-tienen-que-ver-reflejadas-en-beneficios-al-productor\/\" target=\"_blank\" rel=\"noopener\">Marcelo Pagliaruzza: \u201cTodas las acciones se tienen que ver reflejadas en beneficios al productor\u00bb<\/a><\/strong><\/em><\/h6>\n","protected":false},"excerpt":{"rendered":"<p>Con m\u00fasica, juegos, deporte y emoci\u00f3n, se realiz\u00f3 en Aranguren el II Encuentro Mar\u00eda Jos\u00e9 Fogel. La jornada reuni\u00f3 a adultos mayores de la regi\u00f3n para compartir, moverse y celebrar la vida activa. Desde la Secretar\u00eda de Deportes, dependiente de la Secretar\u00eda General de la Gobernaci\u00f3n, se acompa\u00f1\u00f3 esta iniciativa.<\/p>\n","protected":false},"author":2,"featured_media":220797,"comment_status":"open","ping_status":"open","sticky":false,"template":"","format":"standard","meta":{"fifu_image_url":"https:\/\/aimdigital.com.ar\/galeria\/fotos\/2025\/05\/07\/o_1746651772.jpg","fifu_image_alt":"","footnotes":""},"categories":[4592],"tags":[914,143,111,201],"class_list":{"0":"post-220795","1":"post","2":"type-post","3":"status-publish","4":"format-standard","5":"has-post-thumbnail","7":"category-departamento-nogoya","8":"tag-adultos-mayores","9":"tag-aranguren","10":"tag-municipales","11":"tag-municipios"},"yoast_head":"<title>La Provincia acompa\u00f1\u00f3 al municipio de Aranguren en el II Encuentro Mar\u00eda Jos\u00e9 Fogel de Adultos Mayores - Informe Litoral<\/title>\n<meta name=\"robots\" content=\"index, follow, max-snippet:-1, max-image-preview:large, max-video-preview:-1\" \/>\n<link rel=\"canonical\" href=\"https:\/\/informelitoral.com.ar\/la-provincia-acompano-al-municipio-de-aranguren-en-el-ii-encuentro-maria-jose-fogel-de-adultos-mayores\/\" \/>\n<meta property=\"og:locale\" content=\"es_ES\" \/>\n<meta property=\"og:type\" content=\"article\" \/>\n<meta property=\"og:title\" content=\"La Provincia acompa\u00f1\u00f3 al municipio de Aranguren en el II Encuentro Mar\u00eda Jos\u00e9 Fogel de Adultos Mayores - Informe Litoral\" \/>\n<meta property=\"og:description\" content=\"Con m\u00fasica, juegos, deporte y emoci\u00f3n, se realiz\u00f3 en Aranguren el II Encuentro Mar\u00eda Jos\u00e9 Fogel. La jornada reuni\u00f3 a adultos mayores de la regi\u00f3n para compartir, moverse y celebrar la vida activa. Desde la Secretar\u00eda de Deportes, dependiente de la Secretar\u00eda General de la Gobernaci\u00f3n, se acompa\u00f1\u00f3 esta iniciativa.\" \/>\n<meta property=\"og:url\" content=\"https:\/\/informelitoral.com.ar\/la-provincia-acompano-al-municipio-de-aranguren-en-el-ii-encuentro-maria-jose-fogel-de-adultos-mayores\/\" \/>\n<meta property=\"og:site_name\" content=\"Informe Litoral\" \/>\n<meta property=\"article:publisher\" content=\"https:\/\/www.facebook.com\/informelitoral\/\" \/>\n<meta property=\"article:published_time\" content=\"2025-05-07T23:44:15+00:00\" \/>\n<meta property=\"article:modified_time\" content=\"2025-05-07T23:44:50+00:00\" \/>\n<meta property=\"og:image\" content=\"https:\/\/aimdigital.com.ar\/galeria\/fotos\/2025\/05\/07\/o_1746651772.jpg\" \/><meta property=\"og:image\" content=\"https:\/\/aimdigital.com.ar\/galeria\/fotos\/2025\/05\/07\/o_1746651772.jpg\" \/>\n\t<meta property=\"og:image:width\" content=\"600\" \/>\n\t<meta property=\"og:image:height\" content=\"400\" \/>\n\t<meta property=\"og:image:type\" content=\"image\/jpeg\" \/>\n<meta name=\"author\" content=\"Gonzalo Schmidt\" \/>\n<meta name=\"twitter:card\" content=\"summary_large_image\" \/>\n<meta name=\"twitter:image\" content=\"https:\/\/aimdigital.com.ar\/galeria\/fotos\/2025\/05\/07\/o_1746651772.jpg\" \/>\n<meta name=\"twitter:creator\" content=\"@InformeLitoral\" \/>\n<meta name=\"twitter:site\" content=\"@InformeLitoral\" \/>\n<meta name=\"twitter:label1\" content=\"Escrito por\" \/>\n\t<meta name=\"twitter:data1\" content=\"Gonzalo Schmidt\" \/>\n\t<meta name=\"twitter:label2\" content=\"Tiempo de lectura\" \/>\n\t<meta name=\"twitter:data2\" content=\"2 minutos\" \/>\n<script type=\"application\/ld+json\" class=\"yoast-schema-graph\">{\"@context\":\"https:\\\/\\\/schema.org\",\"@graph\":[{\"@type\":\"Article\",\"@id\":\"https:\\\/\\\/informelitoral.com.ar\\\/la-provincia-acompano-al-municipio-de-aranguren-en-el-ii-encuentro-maria-jose-fogel-de-adultos-mayores\\\/#article\",\"isPartOf\":{\"@id\":\"https:\\\/\\\/informelitoral.com.ar\\\/la-provincia-acompano-al-municipio-de-aranguren-en-el-ii-encuentro-maria-jose-fogel-de-adultos-mayores\\\/\"},\"author\":{\"name\":\"Gonzalo Schmidt\",\"@id\":\"https:\\\/\\\/informelitoral.com.ar\\\/#\\\/schema\\\/person\\\/b9d00407c836482871ef1d57bf8e3180\"},\"headline\":\"La Provincia acompa\u00f1\u00f3 al municipio de Aranguren en el II Encuentro Mar\u00eda Jos\u00e9 Fogel de Adultos Mayores\",\"datePublished\":\"2025-05-07T23:44:15+00:00\",\"dateModified\":\"2025-05-07T23:44:50+00:00\",\"mainEntityOfPage\":{\"@id\":\"https:\\\/\\\/informelitoral.com.ar\\\/la-provincia-acompano-al-municipio-de-aranguren-en-el-ii-encuentro-maria-jose-fogel-de-adultos-mayores\\\/\"},\"wordCount\":358,\"commentCount\":0,\"publisher\":{\"@id\":\"https:\\\/\\\/informelitoral.com.ar\\\/#organization\"},\"image\":{\"@id\":\"https:\\\/\\\/informelitoral.com.ar\\\/la-provincia-acompano-al-municipio-de-aranguren-en-el-ii-encuentro-maria-jose-fogel-de-adultos-mayores\\\/#primaryimage\"},\"thumbnailUrl\":\"https:\\\/\\\/aimdigital.com.ar\\\/galeria\\\/fotos\\\/2025\\\/05\\\/07\\\/o_1746651772.jpg\",\"keywords\":[\"Adultos mayores\",\"Aranguren\",\"Municipales\",\"Municipios\"],\"articleSection\":[\"Departamento Nogoy\u00e1\"],\"inLanguage\":\"es\",\"potentialAction\":[{\"@type\":\"CommentAction\",\"name\":\"Comment\",\"target\":[\"https:\\\/\\\/informelitoral.com.ar\\\/la-provincia-acompano-al-municipio-de-aranguren-en-el-ii-encuentro-maria-jose-fogel-de-adultos-mayores\\\/#respond\"]}]},{\"@type\":\"WebPage\",\"@id\":\"https:\\\/\\\/informelitoral.com.ar\\\/la-provincia-acompano-al-municipio-de-aranguren-en-el-ii-encuentro-maria-jose-fogel-de-adultos-mayores\\\/\",\"url\":\"https:\\\/\\\/informelitoral.com.ar\\\/la-provincia-acompano-al-municipio-de-aranguren-en-el-ii-encuentro-maria-jose-fogel-de-adultos-mayores\\\/\",\"name\":\"La Provincia acompa\u00f1\u00f3 al municipio de Aranguren en el II Encuentro Mar\u00eda Jos\u00e9 Fogel de Adultos Mayores - Informe Litoral\",\"isPartOf\":{\"@id\":\"https:\\\/\\\/informelitoral.com.ar\\\/#website\"},\"primaryImageOfPage\":{\"@id\":\"https:\\\/\\\/informelitoral.com.ar\\\/la-provincia-acompano-al-municipio-de-aranguren-en-el-ii-encuentro-maria-jose-fogel-de-adultos-mayores\\\/#primaryimage\"},\"image\":{\"@id\":\"https:\\\/\\\/informelitoral.com.ar\\\/la-provincia-acompano-al-municipio-de-aranguren-en-el-ii-encuentro-maria-jose-fogel-de-adultos-mayores\\\/#primaryimage\"},\"thumbnailUrl\":\"https:\\\/\\\/aimdigital.com.ar\\\/galeria\\\/fotos\\\/2025\\\/05\\\/07\\\/o_1746651772.jpg\",\"datePublished\":\"2025-05-07T23:44:15+00:00\",\"dateModified\":\"2025-05-07T23:44:50+00:00\",\"breadcrumb\":{\"@id\":\"https:\\\/\\\/informelitoral.com.ar\\\/la-provincia-acompano-al-municipio-de-aranguren-en-el-ii-encuentro-maria-jose-fogel-de-adultos-mayores\\\/#breadcrumb\"},\"inLanguage\":\"es\",\"potentialAction\":[{\"@type\":\"ReadAction\",\"target\":[\"https:\\\/\\\/informelitoral.com.ar\\\/la-provincia-acompano-al-municipio-de-aranguren-en-el-ii-encuentro-maria-jose-fogel-de-adultos-mayores\\\/\"]}]},{\"@type\":\"ImageObject\",\"inLanguage\":\"es\",\"@id\":\"https:\\\/\\\/informelitoral.com.ar\\\/la-provincia-acompano-al-municipio-de-aranguren-en-el-ii-encuentro-maria-jose-fogel-de-adultos-mayores\\\/#primaryimage\",\"url\":\"https:\\\/\\\/aimdigital.com.ar\\\/galeria\\\/fotos\\\/2025\\\/05\\\/07\\\/o_1746651772.jpg\",\"contentUrl\":\"https:\\\/\\\/aimdigital.com.ar\\\/galeria\\\/fotos\\\/2025\\\/05\\\/07\\\/o_1746651772.jpg\",\"width\":\"600\",\"height\":\"400\"},{\"@type\":\"BreadcrumbList\",\"@id\":\"https:\\\/\\\/informelitoral.com.ar\\\/la-provincia-acompano-al-municipio-de-aranguren-en-el-ii-encuentro-maria-jose-fogel-de-adultos-mayores\\\/#breadcrumb\",\"itemListElement\":[{\"@type\":\"ListItem\",\"position\":1,\"name\":\"Portada\",\"item\":\"https:\\\/\\\/informelitoral.com.ar\\\/\"},{\"@type\":\"ListItem\",\"position\":2,\"name\":\"La Provincia acompa\u00f1\u00f3 al municipio de Aranguren en el II Encuentro Mar\u00eda Jos\u00e9 Fogel de Adultos Mayores\"}]},{\"@type\":\"WebSite\",\"@id\":\"https:\\\/\\\/informelitoral.com.ar\\\/#website\",\"url\":\"https:\\\/\\\/informelitoral.com.ar\\\/\",\"name\":\"Informe Litoral\",\"description\":\"&quot;Nos informamos&quot; \",\"publisher\":{\"@id\":\"https:\\\/\\\/informelitoral.com.ar\\\/#organization\"},\"potentialAction\":[{\"@type\":\"SearchAction\",\"target\":{\"@type\":\"EntryPoint\",\"urlTemplate\":\"https:\\\/\\\/informelitoral.com.ar\\\/?s={search_term_string}\"},\"query-input\":{\"@type\":\"PropertyValueSpecification\",\"valueRequired\":true,\"valueName\":\"search_term_string\"}}],\"inLanguage\":\"es\"},{\"@type\":\"Organization\",\"@id\":\"https:\\\/\\\/informelitoral.com.ar\\\/#organization\",\"name\":\"Informe Litoral\",\"url\":\"https:\\\/\\\/informelitoral.com.ar\\\/\",\"logo\":{\"@type\":\"ImageObject\",\"inLanguage\":\"es\",\"@id\":\"https:\\\/\\\/informelitoral.com.ar\\\/#\\\/schema\\\/logo\\\/image\\\/\",\"url\":\"https:\\\/\\\/informelitoral.com.ar\\\/%77%70%2d%63%6f%6e%74%65%6e%74\\\/uploads\\\/2021\\\/01\\\/circulo.png\",\"contentUrl\":\"https:\\\/\\\/informelitoral.com.ar\\\/%77%70%2d%63%6f%6e%74%65%6e%74\\\/uploads\\\/2021\\\/01\\\/circulo.png\",\"width\":723,\"height\":731,\"caption\":\"Informe Litoral\"},\"image\":{\"@id\":\"https:\\\/\\\/informelitoral.com.ar\\\/#\\\/schema\\\/logo\\\/image\\\/\"},\"sameAs\":[\"https:\\\/\\\/www.facebook.com\\\/informelitoral\\\/\",\"https:\\\/\\\/x.com\\\/InformeLitoral\",\"https:\\\/\\\/www.instagram.com\\\/informelitoral\\\/\",\"https:\\\/\\\/www.youtube.com\\\/channel\\\/UCua4Qvz8Icb6MYqhoq9xLXw\"]},{\"@type\":\"Person\",\"@id\":\"https:\\\/\\\/informelitoral.com.ar\\\/#\\\/schema\\\/person\\\/b9d00407c836482871ef1d57bf8e3180\",\"name\":\"Gonzalo Schmidt\",\"image\":{\"@type\":\"ImageObject\",\"inLanguage\":\"es\",\"@id\":\"https:\\\/\\\/secure.gravatar.com\\\/avatar\\\/31a1a7b66ff2de83bd0e9fd79d026630d2d99e55e8bfe501287647b4fd9743de?s=96&d=mm&r=g\",\"url\":\"https:\\\/\\\/secure.gravatar.com\\\/avatar\\\/31a1a7b66ff2de83bd0e9fd79d026630d2d99e55e8bfe501287647b4fd9743de?s=96&d=mm&r=g\",\"contentUrl\":\"https:\\\/\\\/secure.gravatar.com\\\/avatar\\\/31a1a7b66ff2de83bd0e9fd79d026630d2d99e55e8bfe501287647b4fd9743de?s=96&d=mm&r=g\",\"caption\":\"Gonzalo Schmidt\"},\"description\":\"Sitio web de noticias de la provincia de Entre R\u00edos, Argentina. Informaci\u00f3n y entretenimiento. Informe Litoral, nos informamos.\",\"sameAs\":[\"http:\\\/\\\/www.isletasnoticias.com.ar\"],\"url\":\"https:\\\/\\\/informelitoral.com.ar\\\/author\\\/gonzalo\\\/\"}]}<\/script>","yoast_head_json":{"title":"La Provincia acompa\u00f1\u00f3 al municipio de Aranguren en el II Encuentro Mar\u00eda Jos\u00e9 Fogel de Adultos Mayores - Informe Litoral","robots":{"index":"index","follow":"follow","max-snippet":"max-snippet:-1","max-image-preview":"max-image-preview:large","max-video-preview":"max-video-preview:-1"},"canonical":"https:\/\/informelitoral.com.ar\/la-provincia-acompano-al-municipio-de-aranguren-en-el-ii-encuentro-maria-jose-fogel-de-adultos-mayores\/","og_locale":"es_ES","og_type":"article","og_title":"La Provincia acompa\u00f1\u00f3 al municipio de Aranguren en el II Encuentro Mar\u00eda Jos\u00e9 Fogel de Adultos Mayores - Informe Litoral","og_description":"Con m\u00fasica, juegos, deporte y emoci\u00f3n, se realiz\u00f3 en Aranguren el II Encuentro Mar\u00eda Jos\u00e9 Fogel. La jornada reuni\u00f3 a adultos mayores de la regi\u00f3n para compartir, moverse y celebrar la vida activa. Desde la Secretar\u00eda de Deportes, dependiente de la Secretar\u00eda General de la Gobernaci\u00f3n, se acompa\u00f1\u00f3 esta iniciativa.","og_url":"https:\/\/informelitoral.com.ar\/la-provincia-acompano-al-municipio-de-aranguren-en-el-ii-encuentro-maria-jose-fogel-de-adultos-mayores\/","og_site_name":"Informe Litoral","article_publisher":"https:\/\/www.facebook.com\/informelitoral\/","article_published_time":"2025-05-07T23:44:15+00:00","article_modified_time":"2025-05-07T23:44:50+00:00","og_image":[{"url":"https:\/\/aimdigital.com.ar\/galeria\/fotos\/2025\/05\/07\/o_1746651772.jpg","type":"","width":"","height":""},{"width":600,"height":400,"url":"https:\/\/aimdigital.com.ar\/galeria\/fotos\/2025\/05\/07\/o_1746651772.jpg","type":"image\/jpeg"}],"author":"Gonzalo Schmidt","twitter_card":"summary_large_image","twitter_image":"https:\/\/aimdigital.com.ar\/galeria\/fotos\/2025\/05\/07\/o_1746651772.jpg","twitter_creator":"@InformeLitoral","twitter_site":"@InformeLitoral","twitter_misc":{"Escrito por":"Gonzalo Schmidt","Tiempo de lectura":"2 minutos"},"schema":{"@context":"https:\/\/schema.org","@graph":[{"@type":"Article","@id":"https:\/\/informelitoral.com.ar\/la-provincia-acompano-al-municipio-de-aranguren-en-el-ii-encuentro-maria-jose-fogel-de-adultos-mayores\/#article","isPartOf":{"@id":"https:\/\/informelitoral.com.ar\/la-provincia-acompano-al-municipio-de-aranguren-en-el-ii-encuentro-maria-jose-fogel-de-adultos-mayores\/"},"author":{"name":"Gonzalo Schmidt","@id":"https:\/\/informelitoral.com.ar\/#\/schema\/person\/b9d00407c836482871ef1d57bf8e3180"},"headline":"La Provincia acompa\u00f1\u00f3 al municipio de Aranguren en el II Encuentro Mar\u00eda Jos\u00e9 Fogel de Adultos Mayores","datePublished":"2025-05-07T23:44:15+00:00","dateModified":"2025-05-07T23:44:50+00:00","mainEntityOfPage":{"@id":"https:\/\/informelitoral.com.ar\/la-provincia-acompano-al-municipio-de-aranguren-en-el-ii-encuentro-maria-jose-fogel-de-adultos-mayores\/"},"wordCount":358,"commentCount":0,"publisher":{"@id":"https:\/\/informelitoral.com.ar\/#organization"},"image":{"@id":"https:\/\/informelitoral.com.ar\/la-provincia-acompano-al-municipio-de-aranguren-en-el-ii-encuentro-maria-jose-fogel-de-adultos-mayores\/#primaryimage"},"thumbnailUrl":"https:\/\/aimdigital.com.ar\/galeria\/fotos\/2025\/05\/07\/o_1746651772.jpg","keywords":["Adultos mayores","Aranguren","Municipales","Municipios"],"articleSection":["Departamento Nogoy\u00e1"],"inLanguage":"es","potentialAction":[{"@type":"CommentAction","name":"Comment","target":["https:\/\/informelitoral.com.ar\/la-provincia-acompano-al-municipio-de-aranguren-en-el-ii-encuentro-maria-jose-fogel-de-adultos-mayores\/#respond"]}]},{"@type":"WebPage","@id":"https:\/\/informelitoral.com.ar\/la-provincia-acompano-al-municipio-de-aranguren-en-el-ii-encuentro-maria-jose-fogel-de-adultos-mayores\/","url":"https:\/\/informelitoral.com.ar\/la-provincia-acompano-al-municipio-de-aranguren-en-el-ii-encuentro-maria-jose-fogel-de-adultos-mayores\/","name":"La Provincia acompa\u00f1\u00f3 al municipio de Aranguren en el II Encuentro Mar\u00eda Jos\u00e9 Fogel de Adultos Mayores - Informe Litoral","isPartOf":{"@id":"https:\/\/informelitoral.com.ar\/#website"},"primaryImageOfPage":{"@id":"https:\/\/informelitoral.com.ar\/la-provincia-acompano-al-municipio-de-aranguren-en-el-ii-encuentro-maria-jose-fogel-de-adultos-mayores\/#primaryimage"},"image":{"@id":"https:\/\/informelitoral.com.ar\/la-provincia-acompano-al-municipio-de-aranguren-en-el-ii-encuentro-maria-jose-fogel-de-adultos-mayores\/#primaryimage"},"thumbnailUrl":"https:\/\/aimdigital.com.ar\/galeria\/fotos\/2025\/05\/07\/o_1746651772.jpg","datePublished":"2025-05-07T23:44:15+00:00","dateModified":"2025-05-07T23:44:50+00:00","breadcrumb":{"@id":"https:\/\/informelitoral.com.ar\/la-provincia-acompano-al-municipio-de-aranguren-en-el-ii-encuentro-maria-jose-fogel-de-adultos-mayores\/#breadcrumb"},"inLanguage":"es","potentialAction":[{"@type":"ReadAction","target":["https:\/\/informelitoral.com.ar\/la-provincia-acompano-al-municipio-de-aranguren-en-el-ii-encuentro-maria-jose-fogel-de-adultos-mayores\/"]}]},{"@type":"ImageObject","inLanguage":"es","@id":"https:\/\/informelitoral.com.ar\/la-provincia-acompano-al-municipio-de-aranguren-en-el-ii-encuentro-maria-jose-fogel-de-adultos-mayores\/#primaryimage","url":"https:\/\/aimdigital.com.ar\/galeria\/fotos\/2025\/05\/07\/o_1746651772.jpg","contentUrl":"https:\/\/aimdigital.com.ar\/galeria\/fotos\/2025\/05\/07\/o_1746651772.jpg","width":"600","height":"400"},{"@type":"BreadcrumbList","@id":"https:\/\/informelitoral.com.ar\/la-provincia-acompano-al-municipio-de-aranguren-en-el-ii-encuentro-maria-jose-fogel-de-adultos-mayores\/#breadcrumb","itemListElement":[{"@type":"ListItem","position":1,"name":"Portada","item":"https:\/\/informelitoral.com.ar\/"},{"@type":"ListItem","position":2,"name":"La Provincia acompa\u00f1\u00f3 al municipio de Aranguren en el II Encuentro Mar\u00eda Jos\u00e9 Fogel de Adultos Mayores"}]},{"@type":"WebSite","@id":"https:\/\/informelitoral.com.ar\/#website","url":"https:\/\/informelitoral.com.ar\/","name":"Informe Litoral","description":"&quot;Nos informamos&quot; ","publisher":{"@id":"https:\/\/informelitoral.com.ar\/#organization"},"potentialAction":[{"@type":"SearchAction","target":{"@type":"EntryPoint","urlTemplate":"https:\/\/informelitoral.com.ar\/?s={search_term_string}"},"query-input":{"@type":"PropertyValueSpecification","valueRequired":true,"valueName":"search_term_string"}}],"inLanguage":"es"},{"@type":"Organization","@id":"https:\/\/informelitoral.com.ar\/#organization","name":"Informe Litoral","url":"https:\/\/informelitoral.com.ar\/","logo":{"@type":"ImageObject","inLanguage":"es","@id":"https:\/\/informelitoral.com.ar\/#\/schema\/logo\/image\/","url":"https:\/\/informelitoral.com.ar\/%77%70%2d%63%6f%6e%74%65%6e%74\/uploads\/2021\/01\/circulo.png","contentUrl":"https:\/\/informelitoral.com.ar\/%77%70%2d%63%6f%6e%74%65%6e%74\/uploads\/2021\/01\/circulo.png","width":723,"height":731,"caption":"Informe Litoral"},"image":{"@id":"https:\/\/informelitoral.com.ar\/#\/schema\/logo\/image\/"},"sameAs":["https:\/\/www.facebook.com\/informelitoral\/","https:\/\/x.com\/InformeLitoral","https:\/\/www.instagram.com\/informelitoral\/","https:\/\/www.youtube.com\/channel\/UCua4Qvz8Icb6MYqhoq9xLXw"]},{"@type":"Person","@id":"https:\/\/informelitoral.com.ar\/#\/schema\/person\/b9d00407c836482871ef1d57bf8e3180","name":"Gonzalo Schmidt","image":{"@type":"ImageObject","inLanguage":"es","@id":"https:\/\/secure.gravatar.com\/avatar\/31a1a7b66ff2de83bd0e9fd79d026630d2d99e55e8bfe501287647b4fd9743de?s=96&d=mm&r=g","url":"https:\/\/secure.gravatar.com\/avatar\/31a1a7b66ff2de83bd0e9fd79d026630d2d99e55e8bfe501287647b4fd9743de?s=96&d=mm&r=g","contentUrl":"https:\/\/secure.gravatar.com\/avatar\/31a1a7b66ff2de83bd0e9fd79d026630d2d99e55e8bfe501287647b4fd9743de?s=96&d=mm&r=g","caption":"Gonzalo Schmidt"},"description":"Sitio web de noticias de la provincia de Entre R\u00edos, Argentina. Informaci\u00f3n y entretenimiento. Informe Litoral, nos informamos.","sameAs":["http:\/\/www.isletasnoticias.com.ar"],"url":"https:\/\/informelitoral.com.ar\/author\/gonzalo\/"}]}},"fifu_image_url":"https:\/\/aimdigital.com.ar\/galeria\/fotos\/2025\/05\/07\/o_1746651772.jpg","_links":{"self":[{"href":"https:\/\/informelitoral.com.ar\/%77%70%2d%6a%73%6f%6e\/wp\/v2\/posts\/220795","targetHints":{"allow":["GET"]}}],"collection":[{"href":"https:\/\/informelitoral.com.ar\/%77%70%2d%6a%73%6f%6e\/wp\/v2\/posts"}],"about":[{"href":"https:\/\/informelitoral.com.ar\/%77%70%2d%6a%73%6f%6e\/wp\/v2\/types\/post"}],"author":[{"embeddable":true,"href":"https:\/\/informelitoral.com.ar\/%77%70%2d%6a%73%6f%6e\/wp\/v2\/users\/2"}],"replies":[{"embeddable":true,"href":"https:\/\/informelitoral.com.ar\/%77%70%2d%6a%73%6f%6e\/wp\/v2\/comments?post=220795"}],"version-history":[{"count":0,"href":"https:\/\/informelitoral.com.ar\/%77%70%2d%6a%73%6f%6e\/wp\/v2\/posts\/220795\/revisions"}],"wp:featuredmedia":[{"embeddable":true,"href":"https:\/\/informelitoral.com.ar\/%77%70%2d%6a%73%6f%6e\/wp\/v2\/media\/220797"}],"wp:attachment":[{"href":"https:\/\/informelitoral.com.ar\/%77%70%2d%6a%73%6f%6e\/wp\/v2\/media?parent=220795"}],"wp:term":[{"taxonomy":"category","embeddable":true,"href":"https:\/\/informelitoral.com.ar\/%77%70%2d%6a%73%6f%6e\/wp\/v2\/categories?post=220795"},{"taxonomy":"post_tag","embeddable":true,"href":"https:\/\/informelitoral.com.ar\/%77%70%2d%6a%73%6f%6e\/wp\/v2\/tags?post=220795"}],"curies":[{"name":"wp","href":"https:\/\/api.w.org\/{rel}","templated":true}]}}