{"id":220792,"date":"2025-05-07T20:39:02","date_gmt":"2025-05-07T23:39:02","guid":{"rendered":"https:\/\/informelitoral.com.ar\/?p=220792"},"modified":"2025-05-07T20:39:02","modified_gmt":"2025-05-07T23:39:02","slug":"reinicia-la-obra-de-pavimentacion-del-acceso-norte-a-concepcion-del-uruguay","status":"publish","type":"post","link":"https:\/\/informelitoral.com.ar\/reinicia-la-obra-de-pavimentacion-del-acceso-norte-a-concepcion-del-uruguay\/","title":{"rendered":"Reinicia la obra de pavimentaci\u00f3n del acceso norte a Concepci\u00f3n del Uruguay"},"content":{"rendered":"<p>Se trata de una obra con una extensi\u00f3n de 7,1 km desde avenida Arturo Frondizzi hasta la autov\u00eda ruta nacional N\u00ba14 Gervasio Artigas. La inversi\u00f3n oficial asciende a m\u00e1s de 6.000 millones de pesos.<\/p>\n<p>El proyecto contempla la construcci\u00f3n de las obras b\u00e1sicas, pavimento, alcantarillas y rotonda.<\/p>\n<p>La traza en su recorrido sur-norte vincula el tr\u00e1nsito pesado de la ciudad con el Corredor Nacional consolidando un nuevo acceso, por lo cual se incluir\u00eda la construcci\u00f3n de una rotonda sur en el inicio del tramo para garantizar mayor seguridad vial, entre otras mejoras.<\/p>\n<p>Adem\u00e1s, el proyecto original contempla la construcci\u00f3n de nuevas alcantarillas transversales y longitudinales a lo largo del tramo y la de un puente sobre arroyo El Molino.<\/p>\n<p>En la actualidad, Concepci\u00f3n del Uruguay, cuenta con dos accesos. La construcci\u00f3n del Acceso Norte, integrar\u00e1 a vecinos que viven en la zona, y facilitar\u00e1 una accesibilidad r\u00e1pida y segura al turismo, y la producci\u00f3n proveniente desde el norte de la provincia y del pa\u00eds.<\/p>\n<h6><em><strong>Del archivo:\u00a0<a title=\"Descentralizaci\u00f3n de Vialidad: siete municipios ya dieron el s\u00ed a los convenios\" href=\"https:\/\/informelitoral.com.ar\/descentralizacion-de-vialidad-siete-municipios-ya-dieron-el-si-a-los-convenios\/\" target=\"_blank\" rel=\"noopener\">Descentralizaci\u00f3n de Vialidad: siete municipios ya dieron el s\u00ed a los convenios<\/a><\/strong><\/em><\/h6>\n","protected":false},"excerpt":{"rendered":"<p>En el marco del inicio del Plan de Recuperaci\u00f3n y Mantenimiento Vial impulsado por el gobernador Rogelio Frigerio, se retoma la obra de construcci\u00f3n y asfaltado del acceso norte a Concepci\u00f3n del Uruguay.<\/p>\n","protected":false},"author":2,"featured_media":220793,"comment_status":"open","ping_status":"open","sticky":false,"template":"","format":"standard","meta":{"fifu_image_url":"https:\/\/www.dpver.gov.ar\/wp-content\/uploads\/2025\/05\/23-08-10_recorrida-acceso-norte-uruguay_0006-1024x682.jpg","fifu_image_alt":"","footnotes":""},"categories":[6],"tags":[4822,171,728,81,107,108],"class_list":{"0":"post-220792","1":"post","2":"type-post","3":"status-publish","4":"format-standard","5":"has-post-thumbnail","7":"category-entre-rios","8":"tag-acceso","9":"tag-concepcion-del-uruguay","10":"tag-dpv","11":"tag-entre-rios","12":"tag-obras-viales","13":"tag-vialidad"},"yoast_head":"<title>Reinicia la obra de pavimentaci\u00f3n del acceso norte a Concepci\u00f3n del Uruguay - Informe Litoral<\/title>\n<meta name=\"robots\" content=\"index, follow, max-snippet:-1, max-image-preview:large, max-video-preview:-1\" \/>\n<link rel=\"canonical\" href=\"https:\/\/informelitoral.com.ar\/reinicia-la-obra-de-pavimentacion-del-acceso-norte-a-concepcion-del-uruguay\/\" \/>\n<meta property=\"og:locale\" content=\"es_ES\" \/>\n<meta property=\"og:type\" content=\"article\" \/>\n<meta property=\"og:title\" content=\"Reinicia la obra de pavimentaci\u00f3n del acceso norte a Concepci\u00f3n del Uruguay - Informe Litoral\" \/>\n<meta property=\"og:description\" content=\"En el marco del inicio del Plan de Recuperaci\u00f3n y Mantenimiento Vial impulsado por el gobernador Rogelio Frigerio, se retoma la obra de construcci\u00f3n y asfaltado del acceso norte a Concepci\u00f3n del Uruguay.\" \/>\n<meta property=\"og:url\" content=\"https:\/\/informelitoral.com.ar\/reinicia-la-obra-de-pavimentacion-del-acceso-norte-a-concepcion-del-uruguay\/\" \/>\n<meta property=\"og:site_name\" content=\"Informe Litoral\" \/>\n<meta property=\"article:publisher\" content=\"https:\/\/www.facebook.com\/informelitoral\/\" \/>\n<meta property=\"article:published_time\" content=\"2025-05-07T23:39:02+00:00\" \/>\n<meta property=\"og:image\" content=\"https:\/\/www.dpver.gov.ar\/%77%70%2d%63%6f%6e%74%65%6e%74\/uploads\/2025\/05\/23-08-10_recorrida-acceso-norte-uruguay_0006-1024x682.jpg\" \/><meta property=\"og:image\" content=\"https:\/\/www.dpver.gov.ar\/%77%70%2d%63%6f%6e%74%65%6e%74\/uploads\/2025\/05\/23-08-10_recorrida-acceso-norte-uruguay_0006-1024x682.jpg\" \/>\n\t<meta property=\"og:image:width\" content=\"1024\" \/>\n\t<meta property=\"og:image:height\" content=\"682\" \/>\n\t<meta property=\"og:image:type\" content=\"image\/jpeg\" \/>\n<meta name=\"author\" content=\"Gonzalo Schmidt\" \/>\n<meta name=\"twitter:card\" content=\"summary_large_image\" \/>\n<meta name=\"twitter:image\" content=\"https:\/\/www.dpver.gov.ar\/%77%70%2d%63%6f%6e%74%65%6e%74\/uploads\/2025\/05\/23-08-10_recorrida-acceso-norte-uruguay_0006-1024x682.jpg\" \/>\n<meta name=\"twitter:creator\" content=\"@InformeLitoral\" \/>\n<meta name=\"twitter:site\" content=\"@InformeLitoral\" \/>\n<meta name=\"twitter:label1\" content=\"Escrito por\" \/>\n\t<meta name=\"twitter:data1\" content=\"Gonzalo Schmidt\" \/>\n\t<meta name=\"twitter:label2\" content=\"Tiempo de lectura\" \/>\n\t<meta name=\"twitter:data2\" content=\"1 minuto\" \/>\n<script type=\"application\/ld+json\" class=\"yoast-schema-graph\">{\"@context\":\"https:\\\/\\\/schema.org\",\"@graph\":[{\"@type\":\"Article\",\"@id\":\"https:\\\/\\\/informelitoral.com.ar\\\/reinicia-la-obra-de-pavimentacion-del-acceso-norte-a-concepcion-del-uruguay\\\/#article\",\"isPartOf\":{\"@id\":\"https:\\\/\\\/informelitoral.com.ar\\\/reinicia-la-obra-de-pavimentacion-del-acceso-norte-a-concepcion-del-uruguay\\\/\"},\"author\":{\"name\":\"Gonzalo Schmidt\",\"@id\":\"https:\\\/\\\/informelitoral.com.ar\\\/#\\\/schema\\\/person\\\/b9d00407c836482871ef1d57bf8e3180\"},\"headline\":\"Reinicia la obra de pavimentaci\u00f3n del acceso norte a Concepci\u00f3n del Uruguay\",\"datePublished\":\"2025-05-07T23:39:02+00:00\",\"mainEntityOfPage\":{\"@id\":\"https:\\\/\\\/informelitoral.com.ar\\\/reinicia-la-obra-de-pavimentacion-del-acceso-norte-a-concepcion-del-uruguay\\\/\"},\"wordCount\":207,\"commentCount\":0,\"publisher\":{\"@id\":\"https:\\\/\\\/informelitoral.com.ar\\\/#organization\"},\"image\":{\"@id\":\"https:\\\/\\\/informelitoral.com.ar\\\/reinicia-la-obra-de-pavimentacion-del-acceso-norte-a-concepcion-del-uruguay\\\/#primaryimage\"},\"thumbnailUrl\":\"https:\\\/\\\/www.dpver.gov.ar\\\/%77%70%2d%63%6f%6e%74%65%6e%74\\\/uploads\\\/2025\\\/05\\\/23-08-10_recorrida-acceso-norte-uruguay_0006-1024x682.jpg\",\"keywords\":[\"Acceso\",\"Concepci\u00f3n del Uruguay\",\"DPV\",\"Entre R\u00edos\",\"Obras viales\",\"Vialidad\"],\"articleSection\":[\"Entre R\u00edos\"],\"inLanguage\":\"es\",\"potentialAction\":[{\"@type\":\"CommentAction\",\"name\":\"Comment\",\"target\":[\"https:\\\/\\\/informelitoral.com.ar\\\/reinicia-la-obra-de-pavimentacion-del-acceso-norte-a-concepcion-del-uruguay\\\/#respond\"]}]},{\"@type\":\"WebPage\",\"@id\":\"https:\\\/\\\/informelitoral.com.ar\\\/reinicia-la-obra-de-pavimentacion-del-acceso-norte-a-concepcion-del-uruguay\\\/\",\"url\":\"https:\\\/\\\/informelitoral.com.ar\\\/reinicia-la-obra-de-pavimentacion-del-acceso-norte-a-concepcion-del-uruguay\\\/\",\"name\":\"Reinicia la obra de pavimentaci\u00f3n del acceso norte a Concepci\u00f3n del Uruguay - Informe Litoral\",\"isPartOf\":{\"@id\":\"https:\\\/\\\/informelitoral.com.ar\\\/#website\"},\"primaryImageOfPage\":{\"@id\":\"https:\\\/\\\/informelitoral.com.ar\\\/reinicia-la-obra-de-pavimentacion-del-acceso-norte-a-concepcion-del-uruguay\\\/#primaryimage\"},\"image\":{\"@id\":\"https:\\\/\\\/informelitoral.com.ar\\\/reinicia-la-obra-de-pavimentacion-del-acceso-norte-a-concepcion-del-uruguay\\\/#primaryimage\"},\"thumbnailUrl\":\"https:\\\/\\\/www.dpver.gov.ar\\\/%77%70%2d%63%6f%6e%74%65%6e%74\\\/uploads\\\/2025\\\/05\\\/23-08-10_recorrida-acceso-norte-uruguay_0006-1024x682.jpg\",\"datePublished\":\"2025-05-07T23:39:02+00:00\",\"breadcrumb\":{\"@id\":\"https:\\\/\\\/informelitoral.com.ar\\\/reinicia-la-obra-de-pavimentacion-del-acceso-norte-a-concepcion-del-uruguay\\\/#breadcrumb\"},\"inLanguage\":\"es\",\"potentialAction\":[{\"@type\":\"ReadAction\",\"target\":[\"https:\\\/\\\/informelitoral.com.ar\\\/reinicia-la-obra-de-pavimentacion-del-acceso-norte-a-concepcion-del-uruguay\\\/\"]}]},{\"@type\":\"ImageObject\",\"inLanguage\":\"es\",\"@id\":\"https:\\\/\\\/informelitoral.com.ar\\\/reinicia-la-obra-de-pavimentacion-del-acceso-norte-a-concepcion-del-uruguay\\\/#primaryimage\",\"url\":\"https:\\\/\\\/www.dpver.gov.ar\\\/%77%70%2d%63%6f%6e%74%65%6e%74\\\/uploads\\\/2025\\\/05\\\/23-08-10_recorrida-acceso-norte-uruguay_0006-1024x682.jpg\",\"contentUrl\":\"https:\\\/\\\/www.dpver.gov.ar\\\/%77%70%2d%63%6f%6e%74%65%6e%74\\\/uploads\\\/2025\\\/05\\\/23-08-10_recorrida-acceso-norte-uruguay_0006-1024x682.jpg\",\"width\":\"1024\",\"height\":\"682\"},{\"@type\":\"BreadcrumbList\",\"@id\":\"https:\\\/\\\/informelitoral.com.ar\\\/reinicia-la-obra-de-pavimentacion-del-acceso-norte-a-concepcion-del-uruguay\\\/#breadcrumb\",\"itemListElement\":[{\"@type\":\"ListItem\",\"position\":1,\"name\":\"Portada\",\"item\":\"https:\\\/\\\/informelitoral.com.ar\\\/\"},{\"@type\":\"ListItem\",\"position\":2,\"name\":\"Reinicia la obra de pavimentaci\u00f3n del acceso norte a Concepci\u00f3n del Uruguay\"}]},{\"@type\":\"WebSite\",\"@id\":\"https:\\\/\\\/informelitoral.com.ar\\\/#website\",\"url\":\"https:\\\/\\\/informelitoral.com.ar\\\/\",\"name\":\"Informe Litoral\",\"description\":\"&quot;Nos informamos&quot; \",\"publisher\":{\"@id\":\"https:\\\/\\\/informelitoral.com.ar\\\/#organization\"},\"potentialAction\":[{\"@type\":\"SearchAction\",\"target\":{\"@type\":\"EntryPoint\",\"urlTemplate\":\"https:\\\/\\\/informelitoral.com.ar\\\/?s={search_term_string}\"},\"query-input\":{\"@type\":\"PropertyValueSpecification\",\"valueRequired\":true,\"valueName\":\"search_term_string\"}}],\"inLanguage\":\"es\"},{\"@type\":\"Organization\",\"@id\":\"https:\\\/\\\/informelitoral.com.ar\\\/#organization\",\"name\":\"Informe Litoral\",\"url\":\"https:\\\/\\\/informelitoral.com.ar\\\/\",\"logo\":{\"@type\":\"ImageObject\",\"inLanguage\":\"es\",\"@id\":\"https:\\\/\\\/informelitoral.com.ar\\\/#\\\/schema\\\/logo\\\/image\\\/\",\"url\":\"https:\\\/\\\/informelitoral.com.ar\\\/%77%70%2d%63%6f%6e%74%65%6e%74\\\/uploads\\\/2021\\\/01\\\/circulo.png\",\"contentUrl\":\"https:\\\/\\\/informelitoral.com.ar\\\/%77%70%2d%63%6f%6e%74%65%6e%74\\\/uploads\\\/2021\\\/01\\\/circulo.png\",\"width\":723,\"height\":731,\"caption\":\"Informe Litoral\"},\"image\":{\"@id\":\"https:\\\/\\\/informelitoral.com.ar\\\/#\\\/schema\\\/logo\\\/image\\\/\"},\"sameAs\":[\"https:\\\/\\\/www.facebook.com\\\/informelitoral\\\/\",\"https:\\\/\\\/x.com\\\/InformeLitoral\",\"https:\\\/\\\/www.instagram.com\\\/informelitoral\\\/\",\"https:\\\/\\\/www.youtube.com\\\/channel\\\/UCua4Qvz8Icb6MYqhoq9xLXw\"]},{\"@type\":\"Person\",\"@id\":\"https:\\\/\\\/informelitoral.com.ar\\\/#\\\/schema\\\/person\\\/b9d00407c836482871ef1d57bf8e3180\",\"name\":\"Gonzalo Schmidt\",\"image\":{\"@type\":\"ImageObject\",\"inLanguage\":\"es\",\"@id\":\"https:\\\/\\\/secure.gravatar.com\\\/avatar\\\/31a1a7b66ff2de83bd0e9fd79d026630d2d99e55e8bfe501287647b4fd9743de?s=96&d=mm&r=g\",\"url\":\"https:\\\/\\\/secure.gravatar.com\\\/avatar\\\/31a1a7b66ff2de83bd0e9fd79d026630d2d99e55e8bfe501287647b4fd9743de?s=96&d=mm&r=g\",\"contentUrl\":\"https:\\\/\\\/secure.gravatar.com\\\/avatar\\\/31a1a7b66ff2de83bd0e9fd79d026630d2d99e55e8bfe501287647b4fd9743de?s=96&d=mm&r=g\",\"caption\":\"Gonzalo Schmidt\"},\"description\":\"Sitio web de noticias de la provincia de Entre R\u00edos, Argentina. Informaci\u00f3n y entretenimiento. Informe Litoral, nos informamos.\",\"sameAs\":[\"http:\\\/\\\/www.isletasnoticias.com.ar\"],\"url\":\"https:\\\/\\\/informelitoral.com.ar\\\/author\\\/gonzalo\\\/\"}]}<\/script>","yoast_head_json":{"title":"Reinicia la obra de pavimentaci\u00f3n del acceso norte a Concepci\u00f3n del Uruguay - Informe Litoral","robots":{"index":"index","follow":"follow","max-snippet":"max-snippet:-1","max-image-preview":"max-image-preview:large","max-video-preview":"max-video-preview:-1"},"canonical":"https:\/\/informelitoral.com.ar\/reinicia-la-obra-de-pavimentacion-del-acceso-norte-a-concepcion-del-uruguay\/","og_locale":"es_ES","og_type":"article","og_title":"Reinicia la obra de pavimentaci\u00f3n del acceso norte a Concepci\u00f3n del Uruguay - Informe Litoral","og_description":"En el marco del inicio del Plan de Recuperaci\u00f3n y Mantenimiento Vial impulsado por el gobernador Rogelio Frigerio, se retoma la obra de construcci\u00f3n y asfaltado del acceso norte a Concepci\u00f3n del Uruguay.","og_url":"https:\/\/informelitoral.com.ar\/reinicia-la-obra-de-pavimentacion-del-acceso-norte-a-concepcion-del-uruguay\/","og_site_name":"Informe Litoral","article_publisher":"https:\/\/www.facebook.com\/informelitoral\/","article_published_time":"2025-05-07T23:39:02+00:00","og_image":[{"url":"https:\/\/www.dpver.gov.ar\/wp-content\/uploads\/2025\/05\/23-08-10_recorrida-acceso-norte-uruguay_0006-1024x682.jpg","type":"","width":"","height":""},{"width":1024,"height":682,"url":"https:\/\/www.dpver.gov.ar\/wp-content\/uploads\/2025\/05\/23-08-10_recorrida-acceso-norte-uruguay_0006-1024x682.jpg","type":"image\/jpeg"}],"author":"Gonzalo Schmidt","twitter_card":"summary_large_image","twitter_image":"https:\/\/www.dpver.gov.ar\/wp-content\/uploads\/2025\/05\/23-08-10_recorrida-acceso-norte-uruguay_0006-1024x682.jpg","twitter_creator":"@InformeLitoral","twitter_site":"@InformeLitoral","twitter_misc":{"Escrito por":"Gonzalo Schmidt","Tiempo de lectura":"1 minuto"},"schema":{"@context":"https:\/\/schema.org","@graph":[{"@type":"Article","@id":"https:\/\/informelitoral.com.ar\/reinicia-la-obra-de-pavimentacion-del-acceso-norte-a-concepcion-del-uruguay\/#article","isPartOf":{"@id":"https:\/\/informelitoral.com.ar\/reinicia-la-obra-de-pavimentacion-del-acceso-norte-a-concepcion-del-uruguay\/"},"author":{"name":"Gonzalo Schmidt","@id":"https:\/\/informelitoral.com.ar\/#\/schema\/person\/b9d00407c836482871ef1d57bf8e3180"},"headline":"Reinicia la obra de pavimentaci\u00f3n del acceso norte a Concepci\u00f3n del Uruguay","datePublished":"2025-05-07T23:39:02+00:00","mainEntityOfPage":{"@id":"https:\/\/informelitoral.com.ar\/reinicia-la-obra-de-pavimentacion-del-acceso-norte-a-concepcion-del-uruguay\/"},"wordCount":207,"commentCount":0,"publisher":{"@id":"https:\/\/informelitoral.com.ar\/#organization"},"image":{"@id":"https:\/\/informelitoral.com.ar\/reinicia-la-obra-de-pavimentacion-del-acceso-norte-a-concepcion-del-uruguay\/#primaryimage"},"thumbnailUrl":"https:\/\/www.dpver.gov.ar\/%77%70%2d%63%6f%6e%74%65%6e%74\/uploads\/2025\/05\/23-08-10_recorrida-acceso-norte-uruguay_0006-1024x682.jpg","keywords":["Acceso","Concepci\u00f3n del Uruguay","DPV","Entre R\u00edos","Obras viales","Vialidad"],"articleSection":["Entre R\u00edos"],"inLanguage":"es","potentialAction":[{"@type":"CommentAction","name":"Comment","target":["https:\/\/informelitoral.com.ar\/reinicia-la-obra-de-pavimentacion-del-acceso-norte-a-concepcion-del-uruguay\/#respond"]}]},{"@type":"WebPage","@id":"https:\/\/informelitoral.com.ar\/reinicia-la-obra-de-pavimentacion-del-acceso-norte-a-concepcion-del-uruguay\/","url":"https:\/\/informelitoral.com.ar\/reinicia-la-obra-de-pavimentacion-del-acceso-norte-a-concepcion-del-uruguay\/","name":"Reinicia la obra de pavimentaci\u00f3n del acceso norte a Concepci\u00f3n del Uruguay - Informe Litoral","isPartOf":{"@id":"https:\/\/informelitoral.com.ar\/#website"},"primaryImageOfPage":{"@id":"https:\/\/informelitoral.com.ar\/reinicia-la-obra-de-pavimentacion-del-acceso-norte-a-concepcion-del-uruguay\/#primaryimage"},"image":{"@id":"https:\/\/informelitoral.com.ar\/reinicia-la-obra-de-pavimentacion-del-acceso-norte-a-concepcion-del-uruguay\/#primaryimage"},"thumbnailUrl":"https:\/\/www.dpver.gov.ar\/%77%70%2d%63%6f%6e%74%65%6e%74\/uploads\/2025\/05\/23-08-10_recorrida-acceso-norte-uruguay_0006-1024x682.jpg","datePublished":"2025-05-07T23:39:02+00:00","breadcrumb":{"@id":"https:\/\/informelitoral.com.ar\/reinicia-la-obra-de-pavimentacion-del-acceso-norte-a-concepcion-del-uruguay\/#breadcrumb"},"inLanguage":"es","potentialAction":[{"@type":"ReadAction","target":["https:\/\/informelitoral.com.ar\/reinicia-la-obra-de-pavimentacion-del-acceso-norte-a-concepcion-del-uruguay\/"]}]},{"@type":"ImageObject","inLanguage":"es","@id":"https:\/\/informelitoral.com.ar\/reinicia-la-obra-de-pavimentacion-del-acceso-norte-a-concepcion-del-uruguay\/#primaryimage","url":"https:\/\/www.dpver.gov.ar\/%77%70%2d%63%6f%6e%74%65%6e%74\/uploads\/2025\/05\/23-08-10_recorrida-acceso-norte-uruguay_0006-1024x682.jpg","contentUrl":"https:\/\/www.dpver.gov.ar\/%77%70%2d%63%6f%6e%74%65%6e%74\/uploads\/2025\/05\/23-08-10_recorrida-acceso-norte-uruguay_0006-1024x682.jpg","width":"1024","height":"682"},{"@type":"BreadcrumbList","@id":"https:\/\/informelitoral.com.ar\/reinicia-la-obra-de-pavimentacion-del-acceso-norte-a-concepcion-del-uruguay\/#breadcrumb","itemListElement":[{"@type":"ListItem","position":1,"name":"Portada","item":"https:\/\/informelitoral.com.ar\/"},{"@type":"ListItem","position":2,"name":"Reinicia la obra de pavimentaci\u00f3n del acceso norte a Concepci\u00f3n del Uruguay"}]},{"@type":"WebSite","@id":"https:\/\/informelitoral.com.ar\/#website","url":"https:\/\/informelitoral.com.ar\/","name":"Informe Litoral","description":"&quot;Nos informamos&quot; ","publisher":{"@id":"https:\/\/informelitoral.com.ar\/#organization"},"potentialAction":[{"@type":"SearchAction","target":{"@type":"EntryPoint","urlTemplate":"https:\/\/informelitoral.com.ar\/?s={search_term_string}"},"query-input":{"@type":"PropertyValueSpecification","valueRequired":true,"valueName":"search_term_string"}}],"inLanguage":"es"},{"@type":"Organization","@id":"https:\/\/informelitoral.com.ar\/#organization","name":"Informe Litoral","url":"https:\/\/informelitoral.com.ar\/","logo":{"@type":"ImageObject","inLanguage":"es","@id":"https:\/\/informelitoral.com.ar\/#\/schema\/logo\/image\/","url":"https:\/\/informelitoral.com.ar\/%77%70%2d%63%6f%6e%74%65%6e%74\/uploads\/2021\/01\/circulo.png","contentUrl":"https:\/\/informelitoral.com.ar\/%77%70%2d%63%6f%6e%74%65%6e%74\/uploads\/2021\/01\/circulo.png","width":723,"height":731,"caption":"Informe Litoral"},"image":{"@id":"https:\/\/informelitoral.com.ar\/#\/schema\/logo\/image\/"},"sameAs":["https:\/\/www.facebook.com\/informelitoral\/","https:\/\/x.com\/InformeLitoral","https:\/\/www.instagram.com\/informelitoral\/","https:\/\/www.youtube.com\/channel\/UCua4Qvz8Icb6MYqhoq9xLXw"]},{"@type":"Person","@id":"https:\/\/informelitoral.com.ar\/#\/schema\/person\/b9d00407c836482871ef1d57bf8e3180","name":"Gonzalo Schmidt","image":{"@type":"ImageObject","inLanguage":"es","@id":"https:\/\/secure.gravatar.com\/avatar\/31a1a7b66ff2de83bd0e9fd79d026630d2d99e55e8bfe501287647b4fd9743de?s=96&d=mm&r=g","url":"https:\/\/secure.gravatar.com\/avatar\/31a1a7b66ff2de83bd0e9fd79d026630d2d99e55e8bfe501287647b4fd9743de?s=96&d=mm&r=g","contentUrl":"https:\/\/secure.gravatar.com\/avatar\/31a1a7b66ff2de83bd0e9fd79d026630d2d99e55e8bfe501287647b4fd9743de?s=96&d=mm&r=g","caption":"Gonzalo Schmidt"},"description":"Sitio web de noticias de la provincia de Entre R\u00edos, Argentina. Informaci\u00f3n y entretenimiento. Informe Litoral, nos informamos.","sameAs":["http:\/\/www.isletasnoticias.com.ar"],"url":"https:\/\/informelitoral.com.ar\/author\/gonzalo\/"}]}},"fifu_image_url":"https:\/\/www.dpver.gov.ar\/wp-content\/uploads\/2025\/05\/23-08-10_recorrida-acceso-norte-uruguay_0006-1024x682.jpg","_links":{"self":[{"href":"https:\/\/informelitoral.com.ar\/%77%70%2d%6a%73%6f%6e\/wp\/v2\/posts\/220792","targetHints":{"allow":["GET"]}}],"collection":[{"href":"https:\/\/informelitoral.com.ar\/%77%70%2d%6a%73%6f%6e\/wp\/v2\/posts"}],"about":[{"href":"https:\/\/informelitoral.com.ar\/%77%70%2d%6a%73%6f%6e\/wp\/v2\/types\/post"}],"author":[{"embeddable":true,"href":"https:\/\/informelitoral.com.ar\/%77%70%2d%6a%73%6f%6e\/wp\/v2\/users\/2"}],"replies":[{"embeddable":true,"href":"https:\/\/informelitoral.com.ar\/%77%70%2d%6a%73%6f%6e\/wp\/v2\/comments?post=220792"}],"version-history":[{"count":0,"href":"https:\/\/informelitoral.com.ar\/%77%70%2d%6a%73%6f%6e\/wp\/v2\/posts\/220792\/revisions"}],"wp:featuredmedia":[{"embeddable":true,"href":"https:\/\/informelitoral.com.ar\/%77%70%2d%6a%73%6f%6e\/wp\/v2\/media\/220793"}],"wp:attachment":[{"href":"https:\/\/informelitoral.com.ar\/%77%70%2d%6a%73%6f%6e\/wp\/v2\/media?parent=220792"}],"wp:term":[{"taxonomy":"category","embeddable":true,"href":"https:\/\/informelitoral.com.ar\/%77%70%2d%6a%73%6f%6e\/wp\/v2\/categories?post=220792"},{"taxonomy":"post_tag","embeddable":true,"href":"https:\/\/informelitoral.com.ar\/%77%70%2d%6a%73%6f%6e\/wp\/v2\/tags?post=220792"}],"curies":[{"name":"wp","href":"https:\/\/api.w.org\/{rel}","templated":true}]}}