{"id":220783,"date":"2025-05-06T20:12:38","date_gmt":"2025-05-06T23:12:38","guid":{"rendered":"https:\/\/informelitoral.com.ar\/?p=220783"},"modified":"2025-05-07T20:29:55","modified_gmt":"2025-05-07T23:29:55","slug":"hubo-dictamen-para-el-proyecto-de-transparencia-fiscal-al-contribuyente","status":"publish","type":"post","link":"https:\/\/informelitoral.com.ar\/hubo-dictamen-para-el-proyecto-de-transparencia-fiscal-al-contribuyente\/","title":{"rendered":"Hubo dictamen para el proyecto de Transparencia Fiscal al Contribuyente"},"content":{"rendered":"<p>En una reuni\u00f3n conjunta, las comisiones de Hacienda, Presupuesto y Cuentas, que preside <strong>Bruno Sarubi,<\/strong> y de Legislaci\u00f3n General, que encabeza <strong>Marcelo L\u00f3pez<\/strong>, abordaron un proyecto que propone que la Provincia adhiera al R\u00e9gimen de Transparencia Fiscal al Consumidor, el cual obliga a la publicaci\u00f3n de precios con la discriminaci\u00f3n de los impuestos incluidos. La iniciativa, presentada por Sarubi, obtuvo dictamen favorable por unanimidad.<\/p>\n<p>En esta ocasi\u00f3n, los legisladores escucharon la palabra del ministro de Hacienda y Finanzas, Fabi\u00e1n Boleas, quien expuso sobre las caracter\u00edsticas de esta normativa, la cual fue trabajada en conjunta entre el autor y el Ministerio.<\/p>\n<p>\u201cEs un proyecto para que la Provincia adhiera al R\u00e9gimen de Transparencia Fiscal al Consumidor, que es una ley nacional que ya est\u00e1 en vigencia\u201d, indic\u00f3 Sarubi, quien adem\u00e1s ejemplific\u00f3 sobre los alcances de la norma: \u201cAhora cuando uno compra un producto o un servicio, puede ver en el ticket la discriminaci\u00f3n del precio y los impuestos. Con esto se busca que los consumidores tengan real conciencia de los impactos que tienen los impuestos nacionales y, en este caso, los provinciales\u201d.<\/p>\n<p>Asimismo, se contempla la invitaci\u00f3n a los municipios para que adhieran a este r\u00e9gimen, de manera que los impuestos nacionales, provinciales y las tasas municipales est\u00e9n consignadas en las facturas que se emitan en Entre R\u00edos. \u201cTambi\u00e9n buscamos que se tome dimensi\u00f3n de lo que se evade cuando no se entrega factura. Y esa evasi\u00f3n implica menos recursos para el Estado\u201d, enfatiz\u00f3 el diputado.<\/p>\n<p>A su vez, la propuesta legislativa prev\u00e9 que no se pueda utilizar la palabra \u201cgratuito\u201d en las publicidades de eventos o pol\u00edticas p\u00fablicas; as\u00ed como sanciones graduales para quienes incumplan con estas obligaciones.<\/p>\n<h6><em><strong>Del archivo:\u00a0<a title=\"Marcelo Pagliaruzza: \u201cTodas las acciones se tienen que ver reflejadas en beneficios al productor\u00bb\" href=\"https:\/\/informelitoral.com.ar\/marcelo-pagliaruzza-todas-las-acciones-se-tienen-que-ver-reflejadas-en-beneficios-al-productor\/\" target=\"_blank\" rel=\"noopener\">Marcelo Pagliaruzza: \u201cTodas las acciones se tienen que ver reflejadas en beneficios al productor\u00bb<\/a><\/strong><\/em><\/h6>\n","protected":false},"excerpt":{"rendered":"<p>Los diputados abordaron una iniciativa que obliga a discriminar los impuestos nacionales y provinciales en los tickets, a la vez que invita a adherir a los municipios para que se incluyan las tasas. El ministro Fabi\u00e1n Boleas particip\u00f3 de la reuni\u00f3n.<\/p>\n","protected":false},"author":2,"featured_media":220784,"comment_status":"open","ping_status":"open","sticky":false,"template":"","format":"standard","meta":{"fifu_image_url":"https:\/\/hcder.gov.ar\/archivosDownload\/fotosNoticias\/1804_4346.JPG","fifu_image_alt":"","footnotes":""},"categories":[16],"tags":[3627,196],"class_list":{"0":"post-220783","1":"post","2":"type-post","3":"status-publish","4":"format-standard","5":"has-post-thumbnail","7":"category-politi","8":"tag-camara-de-diputados","9":"tag-diputados"},"yoast_head":"<title>Hubo dictamen para el proyecto de Transparencia Fiscal al Contribuyente - Informe Litoral<\/title>\n<meta name=\"robots\" content=\"index, follow, max-snippet:-1, max-image-preview:large, max-video-preview:-1\" \/>\n<link rel=\"canonical\" href=\"https:\/\/informelitoral.com.ar\/hubo-dictamen-para-el-proyecto-de-transparencia-fiscal-al-contribuyente\/\" \/>\n<meta property=\"og:locale\" content=\"es_ES\" \/>\n<meta property=\"og:type\" content=\"article\" \/>\n<meta property=\"og:title\" content=\"Hubo dictamen para el proyecto de Transparencia Fiscal al Contribuyente - Informe Litoral\" \/>\n<meta property=\"og:description\" content=\"Los diputados abordaron una iniciativa que obliga a discriminar los impuestos nacionales y provinciales en los tickets, a la vez que invita a adherir a los municipios para que se incluyan las tasas. El ministro Fabi\u00e1n Boleas particip\u00f3 de la reuni\u00f3n.\" \/>\n<meta property=\"og:url\" content=\"https:\/\/informelitoral.com.ar\/hubo-dictamen-para-el-proyecto-de-transparencia-fiscal-al-contribuyente\/\" \/>\n<meta property=\"og:site_name\" content=\"Informe Litoral\" \/>\n<meta property=\"article:publisher\" content=\"https:\/\/www.facebook.com\/informelitoral\/\" \/>\n<meta property=\"article:published_time\" content=\"2025-05-06T23:12:38+00:00\" \/>\n<meta property=\"article:modified_time\" content=\"2025-05-07T23:29:55+00:00\" \/>\n<meta property=\"og:image\" content=\"https:\/\/hcder.gov.ar\/archivosDownload\/fotosNoticias\/1804_4346.JPG\" \/><meta property=\"og:image\" content=\"https:\/\/hcder.gov.ar\/archivosDownload\/fotosNoticias\/1804_4346.JPG\" \/>\n\t<meta property=\"og:image:width\" content=\"1024\" \/>\n\t<meta property=\"og:image:height\" content=\"682\" \/>\n\t<meta property=\"og:image:type\" content=\"image\/jpeg\" \/>\n<meta name=\"author\" content=\"Gonzalo Schmidt\" \/>\n<meta name=\"twitter:card\" content=\"summary_large_image\" \/>\n<meta name=\"twitter:image\" content=\"https:\/\/hcder.gov.ar\/archivosDownload\/fotosNoticias\/1804_4346.JPG\" \/>\n<meta name=\"twitter:creator\" content=\"@InformeLitoral\" \/>\n<meta name=\"twitter:site\" content=\"@InformeLitoral\" \/>\n<meta name=\"twitter:label1\" content=\"Escrito por\" \/>\n\t<meta name=\"twitter:data1\" content=\"Gonzalo Schmidt\" \/>\n\t<meta name=\"twitter:label2\" content=\"Tiempo de lectura\" \/>\n\t<meta name=\"twitter:data2\" content=\"2 minutos\" \/>\n<script type=\"application\/ld+json\" class=\"yoast-schema-graph\">{\"@context\":\"https:\\\/\\\/schema.org\",\"@graph\":[{\"@type\":\"Article\",\"@id\":\"https:\\\/\\\/informelitoral.com.ar\\\/hubo-dictamen-para-el-proyecto-de-transparencia-fiscal-al-contribuyente\\\/#article\",\"isPartOf\":{\"@id\":\"https:\\\/\\\/informelitoral.com.ar\\\/hubo-dictamen-para-el-proyecto-de-transparencia-fiscal-al-contribuyente\\\/\"},\"author\":{\"name\":\"Gonzalo Schmidt\",\"@id\":\"https:\\\/\\\/informelitoral.com.ar\\\/#\\\/schema\\\/person\\\/b9d00407c836482871ef1d57bf8e3180\"},\"headline\":\"Hubo dictamen para el proyecto de Transparencia Fiscal al Contribuyente\",\"datePublished\":\"2025-05-06T23:12:38+00:00\",\"dateModified\":\"2025-05-07T23:29:55+00:00\",\"mainEntityOfPage\":{\"@id\":\"https:\\\/\\\/informelitoral.com.ar\\\/hubo-dictamen-para-el-proyecto-de-transparencia-fiscal-al-contribuyente\\\/\"},\"wordCount\":325,\"commentCount\":0,\"publisher\":{\"@id\":\"https:\\\/\\\/informelitoral.com.ar\\\/#organization\"},\"image\":{\"@id\":\"https:\\\/\\\/informelitoral.com.ar\\\/hubo-dictamen-para-el-proyecto-de-transparencia-fiscal-al-contribuyente\\\/#primaryimage\"},\"thumbnailUrl\":\"https:\\\/\\\/hcder.gov.ar\\\/archivosDownload\\\/fotosNoticias\\\/1804_4346.JPG\",\"keywords\":[\"C\u00e1mara de Diputados\",\"Diputados\"],\"articleSection\":[\"Politica\"],\"inLanguage\":\"es\",\"potentialAction\":[{\"@type\":\"CommentAction\",\"name\":\"Comment\",\"target\":[\"https:\\\/\\\/informelitoral.com.ar\\\/hubo-dictamen-para-el-proyecto-de-transparencia-fiscal-al-contribuyente\\\/#respond\"]}]},{\"@type\":\"WebPage\",\"@id\":\"https:\\\/\\\/informelitoral.com.ar\\\/hubo-dictamen-para-el-proyecto-de-transparencia-fiscal-al-contribuyente\\\/\",\"url\":\"https:\\\/\\\/informelitoral.com.ar\\\/hubo-dictamen-para-el-proyecto-de-transparencia-fiscal-al-contribuyente\\\/\",\"name\":\"Hubo dictamen para el proyecto de Transparencia Fiscal al Contribuyente - Informe Litoral\",\"isPartOf\":{\"@id\":\"https:\\\/\\\/informelitoral.com.ar\\\/#website\"},\"primaryImageOfPage\":{\"@id\":\"https:\\\/\\\/informelitoral.com.ar\\\/hubo-dictamen-para-el-proyecto-de-transparencia-fiscal-al-contribuyente\\\/#primaryimage\"},\"image\":{\"@id\":\"https:\\\/\\\/informelitoral.com.ar\\\/hubo-dictamen-para-el-proyecto-de-transparencia-fiscal-al-contribuyente\\\/#primaryimage\"},\"thumbnailUrl\":\"https:\\\/\\\/hcder.gov.ar\\\/archivosDownload\\\/fotosNoticias\\\/1804_4346.JPG\",\"datePublished\":\"2025-05-06T23:12:38+00:00\",\"dateModified\":\"2025-05-07T23:29:55+00:00\",\"breadcrumb\":{\"@id\":\"https:\\\/\\\/informelitoral.com.ar\\\/hubo-dictamen-para-el-proyecto-de-transparencia-fiscal-al-contribuyente\\\/#breadcrumb\"},\"inLanguage\":\"es\",\"potentialAction\":[{\"@type\":\"ReadAction\",\"target\":[\"https:\\\/\\\/informelitoral.com.ar\\\/hubo-dictamen-para-el-proyecto-de-transparencia-fiscal-al-contribuyente\\\/\"]}]},{\"@type\":\"ImageObject\",\"inLanguage\":\"es\",\"@id\":\"https:\\\/\\\/informelitoral.com.ar\\\/hubo-dictamen-para-el-proyecto-de-transparencia-fiscal-al-contribuyente\\\/#primaryimage\",\"url\":\"https:\\\/\\\/hcder.gov.ar\\\/archivosDownload\\\/fotosNoticias\\\/1804_4346.JPG\",\"contentUrl\":\"https:\\\/\\\/hcder.gov.ar\\\/archivosDownload\\\/fotosNoticias\\\/1804_4346.JPG\",\"width\":\"1024\",\"height\":\"682\"},{\"@type\":\"BreadcrumbList\",\"@id\":\"https:\\\/\\\/informelitoral.com.ar\\\/hubo-dictamen-para-el-proyecto-de-transparencia-fiscal-al-contribuyente\\\/#breadcrumb\",\"itemListElement\":[{\"@type\":\"ListItem\",\"position\":1,\"name\":\"Portada\",\"item\":\"https:\\\/\\\/informelitoral.com.ar\\\/\"},{\"@type\":\"ListItem\",\"position\":2,\"name\":\"Hubo dictamen para el proyecto de Transparencia Fiscal al Contribuyente\"}]},{\"@type\":\"WebSite\",\"@id\":\"https:\\\/\\\/informelitoral.com.ar\\\/#website\",\"url\":\"https:\\\/\\\/informelitoral.com.ar\\\/\",\"name\":\"Informe Litoral\",\"description\":\"&quot;Nos informamos&quot; \",\"publisher\":{\"@id\":\"https:\\\/\\\/informelitoral.com.ar\\\/#organization\"},\"potentialAction\":[{\"@type\":\"SearchAction\",\"target\":{\"@type\":\"EntryPoint\",\"urlTemplate\":\"https:\\\/\\\/informelitoral.com.ar\\\/?s={search_term_string}\"},\"query-input\":{\"@type\":\"PropertyValueSpecification\",\"valueRequired\":true,\"valueName\":\"search_term_string\"}}],\"inLanguage\":\"es\"},{\"@type\":\"Organization\",\"@id\":\"https:\\\/\\\/informelitoral.com.ar\\\/#organization\",\"name\":\"Informe Litoral\",\"url\":\"https:\\\/\\\/informelitoral.com.ar\\\/\",\"logo\":{\"@type\":\"ImageObject\",\"inLanguage\":\"es\",\"@id\":\"https:\\\/\\\/informelitoral.com.ar\\\/#\\\/schema\\\/logo\\\/image\\\/\",\"url\":\"https:\\\/\\\/informelitoral.com.ar\\\/%77%70%2d%63%6f%6e%74%65%6e%74\\\/uploads\\\/2021\\\/01\\\/circulo.png\",\"contentUrl\":\"https:\\\/\\\/informelitoral.com.ar\\\/%77%70%2d%63%6f%6e%74%65%6e%74\\\/uploads\\\/2021\\\/01\\\/circulo.png\",\"width\":723,\"height\":731,\"caption\":\"Informe Litoral\"},\"image\":{\"@id\":\"https:\\\/\\\/informelitoral.com.ar\\\/#\\\/schema\\\/logo\\\/image\\\/\"},\"sameAs\":[\"https:\\\/\\\/www.facebook.com\\\/informelitoral\\\/\",\"https:\\\/\\\/x.com\\\/InformeLitoral\",\"https:\\\/\\\/www.instagram.com\\\/informelitoral\\\/\",\"https:\\\/\\\/www.youtube.com\\\/channel\\\/UCua4Qvz8Icb6MYqhoq9xLXw\"]},{\"@type\":\"Person\",\"@id\":\"https:\\\/\\\/informelitoral.com.ar\\\/#\\\/schema\\\/person\\\/b9d00407c836482871ef1d57bf8e3180\",\"name\":\"Gonzalo Schmidt\",\"image\":{\"@type\":\"ImageObject\",\"inLanguage\":\"es\",\"@id\":\"https:\\\/\\\/secure.gravatar.com\\\/avatar\\\/31a1a7b66ff2de83bd0e9fd79d026630d2d99e55e8bfe501287647b4fd9743de?s=96&d=mm&r=g\",\"url\":\"https:\\\/\\\/secure.gravatar.com\\\/avatar\\\/31a1a7b66ff2de83bd0e9fd79d026630d2d99e55e8bfe501287647b4fd9743de?s=96&d=mm&r=g\",\"contentUrl\":\"https:\\\/\\\/secure.gravatar.com\\\/avatar\\\/31a1a7b66ff2de83bd0e9fd79d026630d2d99e55e8bfe501287647b4fd9743de?s=96&d=mm&r=g\",\"caption\":\"Gonzalo Schmidt\"},\"description\":\"Sitio web de noticias de la provincia de Entre R\u00edos, Argentina. Informaci\u00f3n y entretenimiento. Informe Litoral, nos informamos.\",\"sameAs\":[\"http:\\\/\\\/www.isletasnoticias.com.ar\"],\"url\":\"https:\\\/\\\/informelitoral.com.ar\\\/author\\\/gonzalo\\\/\"}]}<\/script>","yoast_head_json":{"title":"Hubo dictamen para el proyecto de Transparencia Fiscal al Contribuyente - Informe Litoral","robots":{"index":"index","follow":"follow","max-snippet":"max-snippet:-1","max-image-preview":"max-image-preview:large","max-video-preview":"max-video-preview:-1"},"canonical":"https:\/\/informelitoral.com.ar\/hubo-dictamen-para-el-proyecto-de-transparencia-fiscal-al-contribuyente\/","og_locale":"es_ES","og_type":"article","og_title":"Hubo dictamen para el proyecto de Transparencia Fiscal al Contribuyente - Informe Litoral","og_description":"Los diputados abordaron una iniciativa que obliga a discriminar los impuestos nacionales y provinciales en los tickets, a la vez que invita a adherir a los municipios para que se incluyan las tasas. El ministro Fabi\u00e1n Boleas particip\u00f3 de la reuni\u00f3n.","og_url":"https:\/\/informelitoral.com.ar\/hubo-dictamen-para-el-proyecto-de-transparencia-fiscal-al-contribuyente\/","og_site_name":"Informe Litoral","article_publisher":"https:\/\/www.facebook.com\/informelitoral\/","article_published_time":"2025-05-06T23:12:38+00:00","article_modified_time":"2025-05-07T23:29:55+00:00","og_image":[{"url":"https:\/\/hcder.gov.ar\/archivosDownload\/fotosNoticias\/1804_4346.JPG","type":"","width":"","height":""},{"width":1024,"height":682,"url":"https:\/\/hcder.gov.ar\/archivosDownload\/fotosNoticias\/1804_4346.JPG","type":"image\/jpeg"}],"author":"Gonzalo Schmidt","twitter_card":"summary_large_image","twitter_image":"https:\/\/hcder.gov.ar\/archivosDownload\/fotosNoticias\/1804_4346.JPG","twitter_creator":"@InformeLitoral","twitter_site":"@InformeLitoral","twitter_misc":{"Escrito por":"Gonzalo Schmidt","Tiempo de lectura":"2 minutos"},"schema":{"@context":"https:\/\/schema.org","@graph":[{"@type":"Article","@id":"https:\/\/informelitoral.com.ar\/hubo-dictamen-para-el-proyecto-de-transparencia-fiscal-al-contribuyente\/#article","isPartOf":{"@id":"https:\/\/informelitoral.com.ar\/hubo-dictamen-para-el-proyecto-de-transparencia-fiscal-al-contribuyente\/"},"author":{"name":"Gonzalo Schmidt","@id":"https:\/\/informelitoral.com.ar\/#\/schema\/person\/b9d00407c836482871ef1d57bf8e3180"},"headline":"Hubo dictamen para el proyecto de Transparencia Fiscal al Contribuyente","datePublished":"2025-05-06T23:12:38+00:00","dateModified":"2025-05-07T23:29:55+00:00","mainEntityOfPage":{"@id":"https:\/\/informelitoral.com.ar\/hubo-dictamen-para-el-proyecto-de-transparencia-fiscal-al-contribuyente\/"},"wordCount":325,"commentCount":0,"publisher":{"@id":"https:\/\/informelitoral.com.ar\/#organization"},"image":{"@id":"https:\/\/informelitoral.com.ar\/hubo-dictamen-para-el-proyecto-de-transparencia-fiscal-al-contribuyente\/#primaryimage"},"thumbnailUrl":"https:\/\/hcder.gov.ar\/archivosDownload\/fotosNoticias\/1804_4346.JPG","keywords":["C\u00e1mara de Diputados","Diputados"],"articleSection":["Politica"],"inLanguage":"es","potentialAction":[{"@type":"CommentAction","name":"Comment","target":["https:\/\/informelitoral.com.ar\/hubo-dictamen-para-el-proyecto-de-transparencia-fiscal-al-contribuyente\/#respond"]}]},{"@type":"WebPage","@id":"https:\/\/informelitoral.com.ar\/hubo-dictamen-para-el-proyecto-de-transparencia-fiscal-al-contribuyente\/","url":"https:\/\/informelitoral.com.ar\/hubo-dictamen-para-el-proyecto-de-transparencia-fiscal-al-contribuyente\/","name":"Hubo dictamen para el proyecto de Transparencia Fiscal al Contribuyente - Informe Litoral","isPartOf":{"@id":"https:\/\/informelitoral.com.ar\/#website"},"primaryImageOfPage":{"@id":"https:\/\/informelitoral.com.ar\/hubo-dictamen-para-el-proyecto-de-transparencia-fiscal-al-contribuyente\/#primaryimage"},"image":{"@id":"https:\/\/informelitoral.com.ar\/hubo-dictamen-para-el-proyecto-de-transparencia-fiscal-al-contribuyente\/#primaryimage"},"thumbnailUrl":"https:\/\/hcder.gov.ar\/archivosDownload\/fotosNoticias\/1804_4346.JPG","datePublished":"2025-05-06T23:12:38+00:00","dateModified":"2025-05-07T23:29:55+00:00","breadcrumb":{"@id":"https:\/\/informelitoral.com.ar\/hubo-dictamen-para-el-proyecto-de-transparencia-fiscal-al-contribuyente\/#breadcrumb"},"inLanguage":"es","potentialAction":[{"@type":"ReadAction","target":["https:\/\/informelitoral.com.ar\/hubo-dictamen-para-el-proyecto-de-transparencia-fiscal-al-contribuyente\/"]}]},{"@type":"ImageObject","inLanguage":"es","@id":"https:\/\/informelitoral.com.ar\/hubo-dictamen-para-el-proyecto-de-transparencia-fiscal-al-contribuyente\/#primaryimage","url":"https:\/\/hcder.gov.ar\/archivosDownload\/fotosNoticias\/1804_4346.JPG","contentUrl":"https:\/\/hcder.gov.ar\/archivosDownload\/fotosNoticias\/1804_4346.JPG","width":"1024","height":"682"},{"@type":"BreadcrumbList","@id":"https:\/\/informelitoral.com.ar\/hubo-dictamen-para-el-proyecto-de-transparencia-fiscal-al-contribuyente\/#breadcrumb","itemListElement":[{"@type":"ListItem","position":1,"name":"Portada","item":"https:\/\/informelitoral.com.ar\/"},{"@type":"ListItem","position":2,"name":"Hubo dictamen para el proyecto de Transparencia Fiscal al Contribuyente"}]},{"@type":"WebSite","@id":"https:\/\/informelitoral.com.ar\/#website","url":"https:\/\/informelitoral.com.ar\/","name":"Informe Litoral","description":"&quot;Nos informamos&quot; ","publisher":{"@id":"https:\/\/informelitoral.com.ar\/#organization"},"potentialAction":[{"@type":"SearchAction","target":{"@type":"EntryPoint","urlTemplate":"https:\/\/informelitoral.com.ar\/?s={search_term_string}"},"query-input":{"@type":"PropertyValueSpecification","valueRequired":true,"valueName":"search_term_string"}}],"inLanguage":"es"},{"@type":"Organization","@id":"https:\/\/informelitoral.com.ar\/#organization","name":"Informe Litoral","url":"https:\/\/informelitoral.com.ar\/","logo":{"@type":"ImageObject","inLanguage":"es","@id":"https:\/\/informelitoral.com.ar\/#\/schema\/logo\/image\/","url":"https:\/\/informelitoral.com.ar\/%77%70%2d%63%6f%6e%74%65%6e%74\/uploads\/2021\/01\/circulo.png","contentUrl":"https:\/\/informelitoral.com.ar\/%77%70%2d%63%6f%6e%74%65%6e%74\/uploads\/2021\/01\/circulo.png","width":723,"height":731,"caption":"Informe Litoral"},"image":{"@id":"https:\/\/informelitoral.com.ar\/#\/schema\/logo\/image\/"},"sameAs":["https:\/\/www.facebook.com\/informelitoral\/","https:\/\/x.com\/InformeLitoral","https:\/\/www.instagram.com\/informelitoral\/","https:\/\/www.youtube.com\/channel\/UCua4Qvz8Icb6MYqhoq9xLXw"]},{"@type":"Person","@id":"https:\/\/informelitoral.com.ar\/#\/schema\/person\/b9d00407c836482871ef1d57bf8e3180","name":"Gonzalo Schmidt","image":{"@type":"ImageObject","inLanguage":"es","@id":"https:\/\/secure.gravatar.com\/avatar\/31a1a7b66ff2de83bd0e9fd79d026630d2d99e55e8bfe501287647b4fd9743de?s=96&d=mm&r=g","url":"https:\/\/secure.gravatar.com\/avatar\/31a1a7b66ff2de83bd0e9fd79d026630d2d99e55e8bfe501287647b4fd9743de?s=96&d=mm&r=g","contentUrl":"https:\/\/secure.gravatar.com\/avatar\/31a1a7b66ff2de83bd0e9fd79d026630d2d99e55e8bfe501287647b4fd9743de?s=96&d=mm&r=g","caption":"Gonzalo Schmidt"},"description":"Sitio web de noticias de la provincia de Entre R\u00edos, Argentina. Informaci\u00f3n y entretenimiento. Informe Litoral, nos informamos.","sameAs":["http:\/\/www.isletasnoticias.com.ar"],"url":"https:\/\/informelitoral.com.ar\/author\/gonzalo\/"}]}},"fifu_image_url":"https:\/\/hcder.gov.ar\/archivosDownload\/fotosNoticias\/1804_4346.JPG","_links":{"self":[{"href":"https:\/\/informelitoral.com.ar\/%77%70%2d%6a%73%6f%6e\/wp\/v2\/posts\/220783","targetHints":{"allow":["GET"]}}],"collection":[{"href":"https:\/\/informelitoral.com.ar\/%77%70%2d%6a%73%6f%6e\/wp\/v2\/posts"}],"about":[{"href":"https:\/\/informelitoral.com.ar\/%77%70%2d%6a%73%6f%6e\/wp\/v2\/types\/post"}],"author":[{"embeddable":true,"href":"https:\/\/informelitoral.com.ar\/%77%70%2d%6a%73%6f%6e\/wp\/v2\/users\/2"}],"replies":[{"embeddable":true,"href":"https:\/\/informelitoral.com.ar\/%77%70%2d%6a%73%6f%6e\/wp\/v2\/comments?post=220783"}],"version-history":[{"count":0,"href":"https:\/\/informelitoral.com.ar\/%77%70%2d%6a%73%6f%6e\/wp\/v2\/posts\/220783\/revisions"}],"wp:featuredmedia":[{"embeddable":true,"href":"https:\/\/informelitoral.com.ar\/%77%70%2d%6a%73%6f%6e\/wp\/v2\/media\/220784"}],"wp:attachment":[{"href":"https:\/\/informelitoral.com.ar\/%77%70%2d%6a%73%6f%6e\/wp\/v2\/media?parent=220783"}],"wp:term":[{"taxonomy":"category","embeddable":true,"href":"https:\/\/informelitoral.com.ar\/%77%70%2d%6a%73%6f%6e\/wp\/v2\/categories?post=220783"},{"taxonomy":"post_tag","embeddable":true,"href":"https:\/\/informelitoral.com.ar\/%77%70%2d%6a%73%6f%6e\/wp\/v2\/tags?post=220783"}],"curies":[{"name":"wp","href":"https:\/\/api.w.org\/{rel}","templated":true}]}}