{"id":220779,"date":"2025-05-06T20:09:36","date_gmt":"2025-05-06T23:09:36","guid":{"rendered":"https:\/\/informelitoral.com.ar\/?p=220779"},"modified":"2025-05-07T20:12:15","modified_gmt":"2025-05-07T23:12:15","slug":"hein-remarco-la-importancia-de-la-cumbre-de-gobernadores-en-parana","status":"publish","type":"post","link":"https:\/\/informelitoral.com.ar\/hein-remarco-la-importancia-de-la-cumbre-de-gobernadores-en-parana\/","title":{"rendered":"Hein remarc\u00f3 la importancia de la cumbre de gobernadores en Paran\u00e1"},"content":{"rendered":"<p>El presidente de la C\u00e1mara de Diputados, <strong>Gustavo Hein<\/strong>, y legisladores integrantes de los distintos bloques participaron este martes de la Jornada de Trabajo de Desarrollo Productivo \u201cUna ruta hacia un futuro federal\u201d, que se realiz\u00f3 en Paran\u00e1 con la presencia de los gobernadores <strong>Rogelio Frigerio<\/strong> (Entre R\u00edos), <strong>Maximiliano Pullaro<\/strong> (Santa Fe), <strong>Ra\u00fal Jalil<\/strong> (Catamarca),<strong> Axel Kicillof<\/strong> (Buenos Aires), <strong>Ignacio Torres<\/strong> (Chubut) y <strong>Sergio Ra\u00fal Ziliotto<\/strong> (La Pampa).<\/p>\n<p>Realizado en el Centro Provincial de Convenciones (CPC) y organizado por el gobierno entrerriano y el Consejo Federal de Inversiones (CFI), el encuentro reuni\u00f3 a referentes provinciales, empresarios, acad\u00e9micos y representantes de organismos internacionales para debatir los grandes desaf\u00edos del desarrollo productivo del pa\u00eds, como son la innovaci\u00f3n y el financiamiento, con una mirada federal.<\/p>\n<p>\u201cTenemos las mejores expectativas sobre los resultados de esta jornada, en la que Entre R\u00edos nuevamente marca agenda. Nos llevamos muchos conceptos y la realidad de diferentes provincias\u201d, coment\u00f3 Gustavo Hein, quien destac\u00f3 tambi\u00e9n la importancia de la presencia de los gobernadores de diferentes jurisdicciones del pa\u00eds.<\/p>\n<p>\u201cEn estos tiempos donde suele haber desconocimiento de algunas situaciones y tambi\u00e9n hay incertidumbre y noticias que no son reales, eventos como el de hoy son \u00fatiles para delinear rumbos y brindar certidumbre. Adem\u00e1s, se empieza a posicionar un Entre R\u00edos distinto, relacionado con las otras provincias y que mira hacia el futuro\u201d, agreg\u00f3.<\/p>\n<p>Acerca de la necesidad de fomentar el federalismo, Hein afirm\u00f3: \u201cEs lo que impulsa nuestro gobernador cada vez que tiene la oportunidad. Y resalta tambi\u00e9n la necesidad de poner nuevamente a Entre R\u00edos en la agenda nacional. Nosotros, desde la C\u00e1mara de Diputados, somos una herramienta y vamos a estar a la altura de las circunstancias y de lo que la provincia\u00a0necesite\u201d.<\/p>\n<h6><em><strong>Del archivo:\u00a0<a title=\"Paran\u00e1: gobernadores debatieron sobre los desaf\u00edos nacionales y urgen por un modelo federal productivo\" href=\"https:\/\/informelitoral.com.ar\/gobernadores-debatieron-en-parana-los-desafios-nacionales-y-urgen-por-un-modelo-federal-productivo\/\" target=\"_blank\" rel=\"noopener\">Paran\u00e1: gobernadores debatieron sobre los desaf\u00edos nacionales y urgen por un modelo federal productivo<\/a><\/strong><\/em><\/h6>\n","protected":false},"excerpt":{"rendered":"<p>Gustavo Hein destac\u00f3 la presencia de gobernadores en el encuentro llevado adelante este martes en Paran\u00e1. Asegur\u00f3 que la C\u00e1mara baja provincial es \u201cuna herramienta del federalismo\u201d.<\/p>\n","protected":false},"author":2,"featured_media":220780,"comment_status":"open","ping_status":"open","sticky":false,"template":"","format":"standard","meta":{"fifu_image_url":"https:\/\/hcder.gov.ar\/archivosDownload\/fotosNoticias\/1803_4338.jpg","fifu_image_alt":"","footnotes":""},"categories":[16],"tags":[1016,1589,45],"class_list":{"0":"post-220779","1":"post","2":"type-post","3":"status-publish","4":"format-standard","5":"has-post-thumbnail","7":"category-politi","8":"tag-gobernadores","9":"tag-gustavo-hein","10":"tag-parana"},"yoast_head":"<title>Hein remarc\u00f3 la importancia de la cumbre de gobernadores en Paran\u00e1 - Informe Litoral<\/title>\n<meta name=\"robots\" content=\"index, follow, max-snippet:-1, max-image-preview:large, max-video-preview:-1\" \/>\n<link rel=\"canonical\" href=\"https:\/\/informelitoral.com.ar\/hein-remarco-la-importancia-de-la-cumbre-de-gobernadores-en-parana\/\" \/>\n<meta property=\"og:locale\" content=\"es_ES\" \/>\n<meta property=\"og:type\" content=\"article\" \/>\n<meta property=\"og:title\" content=\"Hein remarc\u00f3 la importancia de la cumbre de gobernadores en Paran\u00e1 - Informe Litoral\" \/>\n<meta property=\"og:description\" content=\"Gustavo Hein destac\u00f3 la presencia de gobernadores en el encuentro llevado adelante este martes en Paran\u00e1. Asegur\u00f3 que la C\u00e1mara baja provincial es \u201cuna herramienta del federalismo\u201d.\" \/>\n<meta property=\"og:url\" content=\"https:\/\/informelitoral.com.ar\/hein-remarco-la-importancia-de-la-cumbre-de-gobernadores-en-parana\/\" \/>\n<meta property=\"og:site_name\" content=\"Informe Litoral\" \/>\n<meta property=\"article:publisher\" content=\"https:\/\/www.facebook.com\/informelitoral\/\" \/>\n<meta property=\"article:published_time\" content=\"2025-05-06T23:09:36+00:00\" \/>\n<meta property=\"article:modified_time\" content=\"2025-05-07T23:12:15+00:00\" \/>\n<meta property=\"og:image\" content=\"https:\/\/hcder.gov.ar\/archivosDownload\/fotosNoticias\/1803_4338.jpg\" \/><meta property=\"og:image\" content=\"https:\/\/hcder.gov.ar\/archivosDownload\/fotosNoticias\/1803_4338.jpg\" \/>\n\t<meta property=\"og:image:width\" content=\"1024\" \/>\n\t<meta property=\"og:image:height\" content=\"681\" \/>\n\t<meta property=\"og:image:type\" content=\"image\/jpeg\" \/>\n<meta name=\"author\" content=\"Gonzalo Schmidt\" \/>\n<meta name=\"twitter:card\" content=\"summary_large_image\" \/>\n<meta name=\"twitter:image\" content=\"https:\/\/hcder.gov.ar\/archivosDownload\/fotosNoticias\/1803_4338.jpg\" \/>\n<meta name=\"twitter:creator\" content=\"@InformeLitoral\" \/>\n<meta name=\"twitter:site\" content=\"@InformeLitoral\" \/>\n<meta name=\"twitter:label1\" content=\"Escrito por\" \/>\n\t<meta name=\"twitter:data1\" content=\"Gonzalo Schmidt\" \/>\n\t<meta name=\"twitter:label2\" content=\"Tiempo de lectura\" \/>\n\t<meta name=\"twitter:data2\" content=\"2 minutos\" \/>\n<script type=\"application\/ld+json\" class=\"yoast-schema-graph\">{\"@context\":\"https:\\\/\\\/schema.org\",\"@graph\":[{\"@type\":\"Article\",\"@id\":\"https:\\\/\\\/informelitoral.com.ar\\\/hein-remarco-la-importancia-de-la-cumbre-de-gobernadores-en-parana\\\/#article\",\"isPartOf\":{\"@id\":\"https:\\\/\\\/informelitoral.com.ar\\\/hein-remarco-la-importancia-de-la-cumbre-de-gobernadores-en-parana\\\/\"},\"author\":{\"name\":\"Gonzalo Schmidt\",\"@id\":\"https:\\\/\\\/informelitoral.com.ar\\\/#\\\/schema\\\/person\\\/b9d00407c836482871ef1d57bf8e3180\"},\"headline\":\"Hein remarc\u00f3 la importancia de la cumbre de gobernadores en Paran\u00e1\",\"datePublished\":\"2025-05-06T23:09:36+00:00\",\"dateModified\":\"2025-05-07T23:12:15+00:00\",\"mainEntityOfPage\":{\"@id\":\"https:\\\/\\\/informelitoral.com.ar\\\/hein-remarco-la-importancia-de-la-cumbre-de-gobernadores-en-parana\\\/\"},\"wordCount\":332,\"commentCount\":0,\"publisher\":{\"@id\":\"https:\\\/\\\/informelitoral.com.ar\\\/#organization\"},\"image\":{\"@id\":\"https:\\\/\\\/informelitoral.com.ar\\\/hein-remarco-la-importancia-de-la-cumbre-de-gobernadores-en-parana\\\/#primaryimage\"},\"thumbnailUrl\":\"https:\\\/\\\/hcder.gov.ar\\\/archivosDownload\\\/fotosNoticias\\\/1803_4338.jpg\",\"keywords\":[\"Gobernadores\",\"Gustavo Hein\",\"Paran\u00e1\"],\"articleSection\":[\"Politica\"],\"inLanguage\":\"es\",\"potentialAction\":[{\"@type\":\"CommentAction\",\"name\":\"Comment\",\"target\":[\"https:\\\/\\\/informelitoral.com.ar\\\/hein-remarco-la-importancia-de-la-cumbre-de-gobernadores-en-parana\\\/#respond\"]}]},{\"@type\":\"WebPage\",\"@id\":\"https:\\\/\\\/informelitoral.com.ar\\\/hein-remarco-la-importancia-de-la-cumbre-de-gobernadores-en-parana\\\/\",\"url\":\"https:\\\/\\\/informelitoral.com.ar\\\/hein-remarco-la-importancia-de-la-cumbre-de-gobernadores-en-parana\\\/\",\"name\":\"Hein remarc\u00f3 la importancia de la cumbre de gobernadores en Paran\u00e1 - Informe Litoral\",\"isPartOf\":{\"@id\":\"https:\\\/\\\/informelitoral.com.ar\\\/#website\"},\"primaryImageOfPage\":{\"@id\":\"https:\\\/\\\/informelitoral.com.ar\\\/hein-remarco-la-importancia-de-la-cumbre-de-gobernadores-en-parana\\\/#primaryimage\"},\"image\":{\"@id\":\"https:\\\/\\\/informelitoral.com.ar\\\/hein-remarco-la-importancia-de-la-cumbre-de-gobernadores-en-parana\\\/#primaryimage\"},\"thumbnailUrl\":\"https:\\\/\\\/hcder.gov.ar\\\/archivosDownload\\\/fotosNoticias\\\/1803_4338.jpg\",\"datePublished\":\"2025-05-06T23:09:36+00:00\",\"dateModified\":\"2025-05-07T23:12:15+00:00\",\"breadcrumb\":{\"@id\":\"https:\\\/\\\/informelitoral.com.ar\\\/hein-remarco-la-importancia-de-la-cumbre-de-gobernadores-en-parana\\\/#breadcrumb\"},\"inLanguage\":\"es\",\"potentialAction\":[{\"@type\":\"ReadAction\",\"target\":[\"https:\\\/\\\/informelitoral.com.ar\\\/hein-remarco-la-importancia-de-la-cumbre-de-gobernadores-en-parana\\\/\"]}]},{\"@type\":\"ImageObject\",\"inLanguage\":\"es\",\"@id\":\"https:\\\/\\\/informelitoral.com.ar\\\/hein-remarco-la-importancia-de-la-cumbre-de-gobernadores-en-parana\\\/#primaryimage\",\"url\":\"https:\\\/\\\/hcder.gov.ar\\\/archivosDownload\\\/fotosNoticias\\\/1803_4338.jpg\",\"contentUrl\":\"https:\\\/\\\/hcder.gov.ar\\\/archivosDownload\\\/fotosNoticias\\\/1803_4338.jpg\",\"width\":\"1024\",\"height\":\"681\"},{\"@type\":\"BreadcrumbList\",\"@id\":\"https:\\\/\\\/informelitoral.com.ar\\\/hein-remarco-la-importancia-de-la-cumbre-de-gobernadores-en-parana\\\/#breadcrumb\",\"itemListElement\":[{\"@type\":\"ListItem\",\"position\":1,\"name\":\"Portada\",\"item\":\"https:\\\/\\\/informelitoral.com.ar\\\/\"},{\"@type\":\"ListItem\",\"position\":2,\"name\":\"Hein remarc\u00f3 la importancia de la cumbre de gobernadores en Paran\u00e1\"}]},{\"@type\":\"WebSite\",\"@id\":\"https:\\\/\\\/informelitoral.com.ar\\\/#website\",\"url\":\"https:\\\/\\\/informelitoral.com.ar\\\/\",\"name\":\"Informe Litoral\",\"description\":\"&quot;Nos informamos&quot; \",\"publisher\":{\"@id\":\"https:\\\/\\\/informelitoral.com.ar\\\/#organization\"},\"potentialAction\":[{\"@type\":\"SearchAction\",\"target\":{\"@type\":\"EntryPoint\",\"urlTemplate\":\"https:\\\/\\\/informelitoral.com.ar\\\/?s={search_term_string}\"},\"query-input\":{\"@type\":\"PropertyValueSpecification\",\"valueRequired\":true,\"valueName\":\"search_term_string\"}}],\"inLanguage\":\"es\"},{\"@type\":\"Organization\",\"@id\":\"https:\\\/\\\/informelitoral.com.ar\\\/#organization\",\"name\":\"Informe Litoral\",\"url\":\"https:\\\/\\\/informelitoral.com.ar\\\/\",\"logo\":{\"@type\":\"ImageObject\",\"inLanguage\":\"es\",\"@id\":\"https:\\\/\\\/informelitoral.com.ar\\\/#\\\/schema\\\/logo\\\/image\\\/\",\"url\":\"https:\\\/\\\/informelitoral.com.ar\\\/%77%70%2d%63%6f%6e%74%65%6e%74\\\/uploads\\\/2021\\\/01\\\/circulo.png\",\"contentUrl\":\"https:\\\/\\\/informelitoral.com.ar\\\/%77%70%2d%63%6f%6e%74%65%6e%74\\\/uploads\\\/2021\\\/01\\\/circulo.png\",\"width\":723,\"height\":731,\"caption\":\"Informe Litoral\"},\"image\":{\"@id\":\"https:\\\/\\\/informelitoral.com.ar\\\/#\\\/schema\\\/logo\\\/image\\\/\"},\"sameAs\":[\"https:\\\/\\\/www.facebook.com\\\/informelitoral\\\/\",\"https:\\\/\\\/x.com\\\/InformeLitoral\",\"https:\\\/\\\/www.instagram.com\\\/informelitoral\\\/\",\"https:\\\/\\\/www.youtube.com\\\/channel\\\/UCua4Qvz8Icb6MYqhoq9xLXw\"]},{\"@type\":\"Person\",\"@id\":\"https:\\\/\\\/informelitoral.com.ar\\\/#\\\/schema\\\/person\\\/b9d00407c836482871ef1d57bf8e3180\",\"name\":\"Gonzalo Schmidt\",\"image\":{\"@type\":\"ImageObject\",\"inLanguage\":\"es\",\"@id\":\"https:\\\/\\\/secure.gravatar.com\\\/avatar\\\/31a1a7b66ff2de83bd0e9fd79d026630d2d99e55e8bfe501287647b4fd9743de?s=96&d=mm&r=g\",\"url\":\"https:\\\/\\\/secure.gravatar.com\\\/avatar\\\/31a1a7b66ff2de83bd0e9fd79d026630d2d99e55e8bfe501287647b4fd9743de?s=96&d=mm&r=g\",\"contentUrl\":\"https:\\\/\\\/secure.gravatar.com\\\/avatar\\\/31a1a7b66ff2de83bd0e9fd79d026630d2d99e55e8bfe501287647b4fd9743de?s=96&d=mm&r=g\",\"caption\":\"Gonzalo Schmidt\"},\"description\":\"Sitio web de noticias de la provincia de Entre R\u00edos, Argentina. Informaci\u00f3n y entretenimiento. Informe Litoral, nos informamos.\",\"sameAs\":[\"http:\\\/\\\/www.isletasnoticias.com.ar\"],\"url\":\"https:\\\/\\\/informelitoral.com.ar\\\/author\\\/gonzalo\\\/\"}]}<\/script>","yoast_head_json":{"title":"Hein remarc\u00f3 la importancia de la cumbre de gobernadores en Paran\u00e1 - Informe Litoral","robots":{"index":"index","follow":"follow","max-snippet":"max-snippet:-1","max-image-preview":"max-image-preview:large","max-video-preview":"max-video-preview:-1"},"canonical":"https:\/\/informelitoral.com.ar\/hein-remarco-la-importancia-de-la-cumbre-de-gobernadores-en-parana\/","og_locale":"es_ES","og_type":"article","og_title":"Hein remarc\u00f3 la importancia de la cumbre de gobernadores en Paran\u00e1 - Informe Litoral","og_description":"Gustavo Hein destac\u00f3 la presencia de gobernadores en el encuentro llevado adelante este martes en Paran\u00e1. Asegur\u00f3 que la C\u00e1mara baja provincial es \u201cuna herramienta del federalismo\u201d.","og_url":"https:\/\/informelitoral.com.ar\/hein-remarco-la-importancia-de-la-cumbre-de-gobernadores-en-parana\/","og_site_name":"Informe Litoral","article_publisher":"https:\/\/www.facebook.com\/informelitoral\/","article_published_time":"2025-05-06T23:09:36+00:00","article_modified_time":"2025-05-07T23:12:15+00:00","og_image":[{"url":"https:\/\/hcder.gov.ar\/archivosDownload\/fotosNoticias\/1803_4338.jpg","type":"","width":"","height":""},{"width":1024,"height":681,"url":"https:\/\/hcder.gov.ar\/archivosDownload\/fotosNoticias\/1803_4338.jpg","type":"image\/jpeg"}],"author":"Gonzalo Schmidt","twitter_card":"summary_large_image","twitter_image":"https:\/\/hcder.gov.ar\/archivosDownload\/fotosNoticias\/1803_4338.jpg","twitter_creator":"@InformeLitoral","twitter_site":"@InformeLitoral","twitter_misc":{"Escrito por":"Gonzalo Schmidt","Tiempo de lectura":"2 minutos"},"schema":{"@context":"https:\/\/schema.org","@graph":[{"@type":"Article","@id":"https:\/\/informelitoral.com.ar\/hein-remarco-la-importancia-de-la-cumbre-de-gobernadores-en-parana\/#article","isPartOf":{"@id":"https:\/\/informelitoral.com.ar\/hein-remarco-la-importancia-de-la-cumbre-de-gobernadores-en-parana\/"},"author":{"name":"Gonzalo Schmidt","@id":"https:\/\/informelitoral.com.ar\/#\/schema\/person\/b9d00407c836482871ef1d57bf8e3180"},"headline":"Hein remarc\u00f3 la importancia de la cumbre de gobernadores en Paran\u00e1","datePublished":"2025-05-06T23:09:36+00:00","dateModified":"2025-05-07T23:12:15+00:00","mainEntityOfPage":{"@id":"https:\/\/informelitoral.com.ar\/hein-remarco-la-importancia-de-la-cumbre-de-gobernadores-en-parana\/"},"wordCount":332,"commentCount":0,"publisher":{"@id":"https:\/\/informelitoral.com.ar\/#organization"},"image":{"@id":"https:\/\/informelitoral.com.ar\/hein-remarco-la-importancia-de-la-cumbre-de-gobernadores-en-parana\/#primaryimage"},"thumbnailUrl":"https:\/\/hcder.gov.ar\/archivosDownload\/fotosNoticias\/1803_4338.jpg","keywords":["Gobernadores","Gustavo Hein","Paran\u00e1"],"articleSection":["Politica"],"inLanguage":"es","potentialAction":[{"@type":"CommentAction","name":"Comment","target":["https:\/\/informelitoral.com.ar\/hein-remarco-la-importancia-de-la-cumbre-de-gobernadores-en-parana\/#respond"]}]},{"@type":"WebPage","@id":"https:\/\/informelitoral.com.ar\/hein-remarco-la-importancia-de-la-cumbre-de-gobernadores-en-parana\/","url":"https:\/\/informelitoral.com.ar\/hein-remarco-la-importancia-de-la-cumbre-de-gobernadores-en-parana\/","name":"Hein remarc\u00f3 la importancia de la cumbre de gobernadores en Paran\u00e1 - Informe Litoral","isPartOf":{"@id":"https:\/\/informelitoral.com.ar\/#website"},"primaryImageOfPage":{"@id":"https:\/\/informelitoral.com.ar\/hein-remarco-la-importancia-de-la-cumbre-de-gobernadores-en-parana\/#primaryimage"},"image":{"@id":"https:\/\/informelitoral.com.ar\/hein-remarco-la-importancia-de-la-cumbre-de-gobernadores-en-parana\/#primaryimage"},"thumbnailUrl":"https:\/\/hcder.gov.ar\/archivosDownload\/fotosNoticias\/1803_4338.jpg","datePublished":"2025-05-06T23:09:36+00:00","dateModified":"2025-05-07T23:12:15+00:00","breadcrumb":{"@id":"https:\/\/informelitoral.com.ar\/hein-remarco-la-importancia-de-la-cumbre-de-gobernadores-en-parana\/#breadcrumb"},"inLanguage":"es","potentialAction":[{"@type":"ReadAction","target":["https:\/\/informelitoral.com.ar\/hein-remarco-la-importancia-de-la-cumbre-de-gobernadores-en-parana\/"]}]},{"@type":"ImageObject","inLanguage":"es","@id":"https:\/\/informelitoral.com.ar\/hein-remarco-la-importancia-de-la-cumbre-de-gobernadores-en-parana\/#primaryimage","url":"https:\/\/hcder.gov.ar\/archivosDownload\/fotosNoticias\/1803_4338.jpg","contentUrl":"https:\/\/hcder.gov.ar\/archivosDownload\/fotosNoticias\/1803_4338.jpg","width":"1024","height":"681"},{"@type":"BreadcrumbList","@id":"https:\/\/informelitoral.com.ar\/hein-remarco-la-importancia-de-la-cumbre-de-gobernadores-en-parana\/#breadcrumb","itemListElement":[{"@type":"ListItem","position":1,"name":"Portada","item":"https:\/\/informelitoral.com.ar\/"},{"@type":"ListItem","position":2,"name":"Hein remarc\u00f3 la importancia de la cumbre de gobernadores en Paran\u00e1"}]},{"@type":"WebSite","@id":"https:\/\/informelitoral.com.ar\/#website","url":"https:\/\/informelitoral.com.ar\/","name":"Informe Litoral","description":"&quot;Nos informamos&quot; ","publisher":{"@id":"https:\/\/informelitoral.com.ar\/#organization"},"potentialAction":[{"@type":"SearchAction","target":{"@type":"EntryPoint","urlTemplate":"https:\/\/informelitoral.com.ar\/?s={search_term_string}"},"query-input":{"@type":"PropertyValueSpecification","valueRequired":true,"valueName":"search_term_string"}}],"inLanguage":"es"},{"@type":"Organization","@id":"https:\/\/informelitoral.com.ar\/#organization","name":"Informe Litoral","url":"https:\/\/informelitoral.com.ar\/","logo":{"@type":"ImageObject","inLanguage":"es","@id":"https:\/\/informelitoral.com.ar\/#\/schema\/logo\/image\/","url":"https:\/\/informelitoral.com.ar\/%77%70%2d%63%6f%6e%74%65%6e%74\/uploads\/2021\/01\/circulo.png","contentUrl":"https:\/\/informelitoral.com.ar\/%77%70%2d%63%6f%6e%74%65%6e%74\/uploads\/2021\/01\/circulo.png","width":723,"height":731,"caption":"Informe Litoral"},"image":{"@id":"https:\/\/informelitoral.com.ar\/#\/schema\/logo\/image\/"},"sameAs":["https:\/\/www.facebook.com\/informelitoral\/","https:\/\/x.com\/InformeLitoral","https:\/\/www.instagram.com\/informelitoral\/","https:\/\/www.youtube.com\/channel\/UCua4Qvz8Icb6MYqhoq9xLXw"]},{"@type":"Person","@id":"https:\/\/informelitoral.com.ar\/#\/schema\/person\/b9d00407c836482871ef1d57bf8e3180","name":"Gonzalo Schmidt","image":{"@type":"ImageObject","inLanguage":"es","@id":"https:\/\/secure.gravatar.com\/avatar\/31a1a7b66ff2de83bd0e9fd79d026630d2d99e55e8bfe501287647b4fd9743de?s=96&d=mm&r=g","url":"https:\/\/secure.gravatar.com\/avatar\/31a1a7b66ff2de83bd0e9fd79d026630d2d99e55e8bfe501287647b4fd9743de?s=96&d=mm&r=g","contentUrl":"https:\/\/secure.gravatar.com\/avatar\/31a1a7b66ff2de83bd0e9fd79d026630d2d99e55e8bfe501287647b4fd9743de?s=96&d=mm&r=g","caption":"Gonzalo Schmidt"},"description":"Sitio web de noticias de la provincia de Entre R\u00edos, Argentina. Informaci\u00f3n y entretenimiento. Informe Litoral, nos informamos.","sameAs":["http:\/\/www.isletasnoticias.com.ar"],"url":"https:\/\/informelitoral.com.ar\/author\/gonzalo\/"}]}},"fifu_image_url":"https:\/\/hcder.gov.ar\/archivosDownload\/fotosNoticias\/1803_4338.jpg","_links":{"self":[{"href":"https:\/\/informelitoral.com.ar\/%77%70%2d%6a%73%6f%6e\/wp\/v2\/posts\/220779","targetHints":{"allow":["GET"]}}],"collection":[{"href":"https:\/\/informelitoral.com.ar\/%77%70%2d%6a%73%6f%6e\/wp\/v2\/posts"}],"about":[{"href":"https:\/\/informelitoral.com.ar\/%77%70%2d%6a%73%6f%6e\/wp\/v2\/types\/post"}],"author":[{"embeddable":true,"href":"https:\/\/informelitoral.com.ar\/%77%70%2d%6a%73%6f%6e\/wp\/v2\/users\/2"}],"replies":[{"embeddable":true,"href":"https:\/\/informelitoral.com.ar\/%77%70%2d%6a%73%6f%6e\/wp\/v2\/comments?post=220779"}],"version-history":[{"count":0,"href":"https:\/\/informelitoral.com.ar\/%77%70%2d%6a%73%6f%6e\/wp\/v2\/posts\/220779\/revisions"}],"wp:featuredmedia":[{"embeddable":true,"href":"https:\/\/informelitoral.com.ar\/%77%70%2d%6a%73%6f%6e\/wp\/v2\/media\/220780"}],"wp:attachment":[{"href":"https:\/\/informelitoral.com.ar\/%77%70%2d%6a%73%6f%6e\/wp\/v2\/media?parent=220779"}],"wp:term":[{"taxonomy":"category","embeddable":true,"href":"https:\/\/informelitoral.com.ar\/%77%70%2d%6a%73%6f%6e\/wp\/v2\/categories?post=220779"},{"taxonomy":"post_tag","embeddable":true,"href":"https:\/\/informelitoral.com.ar\/%77%70%2d%6a%73%6f%6e\/wp\/v2\/tags?post=220779"}],"curies":[{"name":"wp","href":"https:\/\/api.w.org\/{rel}","templated":true}]}}