{"id":220740,"date":"2025-05-07T12:16:52","date_gmt":"2025-05-07T15:16:52","guid":{"rendered":"https:\/\/informelitoral.com.ar\/?p=220740"},"modified":"2025-05-07T12:16:52","modified_gmt":"2025-05-07T15:16:52","slug":"diputados-aprobo-la-declaracion-de-un-area-natural-protegida-en-villaguay","status":"publish","type":"post","link":"https:\/\/informelitoral.com.ar\/diputados-aprobo-la-declaracion-de-un-area-natural-protegida-en-villaguay\/","title":{"rendered":"Diputados aprob\u00f3 la declaraci\u00f3n de un \u00e1rea natural protegida en Villaguay"},"content":{"rendered":"<p>Durante la sexta sesi\u00f3n ordinaria del 146\u00b0 periodo legislativo, presidida por Gustavo Hein, la C\u00e1mara de Diputados de Entre R\u00edos dio media sanci\u00f3n este martes a un proyecto de ley que declara \u00e1rea natural protegida a la reserva municipal La Chinita, de Villaguay. Adem\u00e1s, se aprob\u00f3 una resoluci\u00f3n que solicita la reparaci\u00f3n de la intersecci\u00f3n de la Autov\u00eda Nacional Artigas (Ruta Nacional N\u00ba 14) con la Ruta Provincial N\u00ba 39, en Concepci\u00f3n del Uruguay.<\/p>\n<p>En primer lugar, los diputados aprobaron por unanimidad el dictamen de la comisi\u00f3n de Recursos Naturales y Ambiente en el proyecto de ley, autor\u00eda de Juan Rossi (JxER), por el cual se declara \u00e1rea natural protegida bajo la modalidad \u201cpaisaje protegido\u201d al inmueble denominado La Chinita, propiedad de la Municipalidad de Villaguay.<\/p>\n<p>\u201cCon este proyecto de ley buscamos incorporar al Sistema de \u00c1reas Naturales Protegidas de la provincia un inmueble de 8,2 hect\u00e1reas denominado La Chinita. Su ubicaci\u00f3n tiene una importancia estrat\u00e9gica y sirve de ejemplo para replicar en otros lugares de Entre R\u00edos, porque previamente era una zona de canteras abandonadas que se usaron para construir parte del tramo de la Ruta Nacional 18. Adem\u00e1s, tiene un remanente de bosques semi xer\u00f3filos, que hace muchos a\u00f1os atr\u00e1s eran muy abundantes y hoy quedan pocos y es necesario proteger para favorecer su reproducci\u00f3n\u201d, rese\u00f1\u00f3 el diputado Rossi, presidente de la comisi\u00f3n de Recursos Naturales y Ambiente.<\/p>\n<p>\u201cOtra caracter\u00edstica importante es que forma un corredor biol\u00f3gico, porque conecta con toda la zona boscosa aleda\u00f1a al arroyo Villaguay. Adem\u00e1s, est\u00e1 abierto a todo el p\u00fablico de manera gratuita\u201d, indic\u00f3 Rossi, a lo que agreg\u00f3: \u201cEs la cuarta \u00e1rea natural protegida que aprobamos en esta C\u00e1mara de Diputados. Entre R\u00edos tiene el 20% de su superficie bajo alguna modalidad de protecci\u00f3n ambiental\u201d.<\/p>\n<p>Por su parte, Fabi\u00e1n Rogel (JxER) hizo hincapi\u00e9 en el trabajo realizado por la comisi\u00f3n, as\u00ed como la participaci\u00f3n que tuvo el municipio de Villaguay. Mariana Bentos (JxER) agreg\u00f3: \u201cLa reserva La Chinita tiene un significado muy especial para los villaguayenses, porque cada domingo se encuentran all\u00ed las familias y es un lugar muy visitado por los turistas y por las instituciones educativas. Es muy necesaria la sanci\u00f3n de este proyecto\u201d.<\/p>\n<p><strong>Obra vial<\/strong><\/p>\n<p>Por otro lado, la C\u00e1mara aprob\u00f3 por unanimidad el dictamen de la comisi\u00f3n de Obras P\u00fablicas y Planeamiento favorable al proyecto de resoluci\u00f3n, autor\u00eda del diputado Yari Seyler, por el cual se solicita al Poder Ejecutivo que otorgue prioridad en su plan de obras viales a la reparaci\u00f3n integral de la intersecci\u00f3n de la Ruta Nacional N\u00b0 14 y la Ruta Provincial N\u00b0 39.<\/p>\n<p>\u201cEste proyecto tiene que ver con el estado cr\u00edtico en que se encuentra la intersecci\u00f3n vial que en Concepci\u00f3n del Uruguay denominamos \u2018el rulo\u2019. Se propone resolver lo urgente, mediante la intervenci\u00f3n del Poder Ejecutivo en el marco de la emergencia de la infraestructura vial y, por otro lado, atender la cuesti\u00f3n de fondo gestionando ante las autoridades nacionales para incluir este sector dentro del procedimiento licitatorio del Corredor Vial Nacional N\u00b0 18\u201d, dijo el diputado Seyler, tras lo cual agradeci\u00f3 a Noelia Taborda, quien preside la comisi\u00f3n de Obras P\u00fablicas, por la importancia y celeridad que le dio a su iniciativa.<\/p>\n<p>Roque Fleitas (La Libertad Avanza) tom\u00f3 la palabra para asegurar que el tema \u201cser\u00e1 resuelto brevemente por las autoridades nacionales\u201d. Silvio Gallay (JxER) manifest\u00f3 su acompa\u00f1amiento y adhesi\u00f3n al proyecto de Seyler: \u201cEsta iniciativa va a acompa\u00f1ar las gestiones que vienen realizando los funcionarios de Vialidad Provincial para una situaci\u00f3n que data desde hace much\u00edsimo tiempo\u201d. Tambi\u00e9n intervino sobre este tema Lorena Arrozogaray (M\u00e1s para ER).<\/p>\n<p><strong>Homenajes<\/strong><\/p>\n<p>Mar\u00eda Elena Romero (JxER) se refiri\u00f3 a los 38 a\u00f1os de la sanci\u00f3n de la Ley 23.511 por la cual se cre\u00f3 el Banco Nacional de Datos Gen\u00e9ticos, que se cumplen el 13 de mayo de 1987. Liliana Salinas (Partido Conservador Popular) habl\u00f3 sobre el D\u00eda Internacional de Lucha contra el Maltrato Infantil que se conmemor\u00f3 el 25 de abril.<\/p>\n<p>Silvia Moreno (M\u00e1s para ER) rindi\u00f3 homenaje a Mar\u00eda Eva Duarte de Per\u00f3n, ya que este 7 de mayo se cumplen 106 a\u00f1os de su nacimiento. Vilma V\u00e1zquez (JxER) se pronunci\u00f3 acerca del aniversario del departamento Islas del Ibicuy y de los 25 a\u00f1os del fallecimiento de Teodoro Sterkel, impulsor del cuartel de Bomberos Voluntarios de Ibicuy.<\/p>\n<p>L\u00e9nico Aranda (JxER) hizo referencia al hundimiento del crucero ARA General Belgrano durante la guerra de Malvinas, ocurrido el 2 de mayo de 1982, lo que caus\u00f3 la muerte de 323 combatientes argentinos. Roque Fleitas (LLA) adhiri\u00f3 al mismo homenaje. D\u00e9bora Todoni (LLA) habl\u00f3 sobre el D\u00eda de la Miner\u00eda, que se conmemora el 7 de mayo.<\/p>\n<p>&nbsp;<\/p>\n","protected":false},"excerpt":{"rendered":"<p>La C\u00e1mara baja vot\u00f3 por unanimidad a favor de una iniciativa que busca incorporar la reserva municipal La Chinita al Sistema Provincial de \u00c1reas Protegidas. Tambi\u00e9n se aprob\u00f3 una resoluci\u00f3n para que se d\u00e9 prioridad a una obra vial en Concepci\u00f3n del Uruguay.<\/p>\n","protected":false},"author":8,"featured_media":220741,"comment_status":"open","ping_status":"open","sticky":false,"template":"","format":"standard","meta":{"fifu_image_url":"https:\/\/www.hcder.gov.ar\/archivosDownload\/fotosNoticias\/1806_4353.JPG","fifu_image_alt":"","footnotes":""},"categories":[16],"tags":[1829,196,1331],"class_list":{"0":"post-220740","1":"post","2":"type-post","3":"status-publish","4":"format-standard","5":"has-post-thumbnail","7":"category-politi","8":"tag-area-natural-protegida","9":"tag-diputados","10":"tag-villaguay"},"yoast_head":"<title>Diputados aprob\u00f3 la declaraci\u00f3n de un \u00e1rea natural protegida en Villaguay - Informe Litoral<\/title>\n<meta name=\"robots\" content=\"index, follow, max-snippet:-1, max-image-preview:large, max-video-preview:-1\" \/>\n<link rel=\"canonical\" href=\"https:\/\/informelitoral.com.ar\/diputados-aprobo-la-declaracion-de-un-area-natural-protegida-en-villaguay\/\" \/>\n<meta property=\"og:locale\" content=\"es_ES\" \/>\n<meta property=\"og:type\" content=\"article\" \/>\n<meta property=\"og:title\" content=\"Diputados aprob\u00f3 la declaraci\u00f3n de un \u00e1rea natural protegida en Villaguay - Informe Litoral\" \/>\n<meta property=\"og:description\" content=\"La C\u00e1mara baja vot\u00f3 por unanimidad a favor de una iniciativa que busca incorporar la reserva municipal La Chinita al Sistema Provincial de \u00c1reas Protegidas. Tambi\u00e9n se aprob\u00f3 una resoluci\u00f3n para que se d\u00e9 prioridad a una obra vial en Concepci\u00f3n del Uruguay.\" \/>\n<meta property=\"og:url\" content=\"https:\/\/informelitoral.com.ar\/diputados-aprobo-la-declaracion-de-un-area-natural-protegida-en-villaguay\/\" \/>\n<meta property=\"og:site_name\" content=\"Informe Litoral\" \/>\n<meta property=\"article:publisher\" content=\"https:\/\/www.facebook.com\/informelitoral\/\" \/>\n<meta property=\"article:published_time\" content=\"2025-05-07T15:16:52+00:00\" \/>\n<meta property=\"og:image\" content=\"https:\/\/www.hcder.gov.ar\/archivosDownload\/fotosNoticias\/1806_4353.JPG\" \/><meta property=\"og:image\" content=\"https:\/\/www.hcder.gov.ar\/archivosDownload\/fotosNoticias\/1806_4353.JPG\" \/>\n\t<meta property=\"og:image:width\" content=\"1024\" \/>\n\t<meta property=\"og:image:height\" content=\"682\" \/>\n\t<meta property=\"og:image:type\" content=\"image\/jpeg\" \/>\n<meta name=\"author\" content=\"Sebastian\" \/>\n<meta name=\"twitter:card\" content=\"summary_large_image\" \/>\n<meta name=\"twitter:image\" content=\"https:\/\/www.hcder.gov.ar\/archivosDownload\/fotosNoticias\/1806_4353.JPG\" \/>\n<meta name=\"twitter:creator\" content=\"@InformeLitoral\" \/>\n<meta name=\"twitter:site\" content=\"@InformeLitoral\" \/>\n<meta name=\"twitter:label1\" content=\"Escrito por\" \/>\n\t<meta name=\"twitter:data1\" content=\"Sebastian\" \/>\n\t<meta name=\"twitter:label2\" content=\"Tiempo de lectura\" \/>\n\t<meta name=\"twitter:data2\" content=\"4 minutos\" \/>\n<script type=\"application\/ld+json\" class=\"yoast-schema-graph\">{\"@context\":\"https:\\\/\\\/schema.org\",\"@graph\":[{\"@type\":\"Article\",\"@id\":\"https:\\\/\\\/informelitoral.com.ar\\\/diputados-aprobo-la-declaracion-de-un-area-natural-protegida-en-villaguay\\\/#article\",\"isPartOf\":{\"@id\":\"https:\\\/\\\/informelitoral.com.ar\\\/diputados-aprobo-la-declaracion-de-un-area-natural-protegida-en-villaguay\\\/\"},\"author\":{\"name\":\"Sebastian\",\"@id\":\"https:\\\/\\\/informelitoral.com.ar\\\/#\\\/schema\\\/person\\\/f05f9f461677119578717524b127d6d5\"},\"headline\":\"Diputados aprob\u00f3 la declaraci\u00f3n de un \u00e1rea natural protegida en Villaguay\",\"datePublished\":\"2025-05-07T15:16:52+00:00\",\"mainEntityOfPage\":{\"@id\":\"https:\\\/\\\/informelitoral.com.ar\\\/diputados-aprobo-la-declaracion-de-un-area-natural-protegida-en-villaguay\\\/\"},\"wordCount\":835,\"commentCount\":0,\"publisher\":{\"@id\":\"https:\\\/\\\/informelitoral.com.ar\\\/#organization\"},\"image\":{\"@id\":\"https:\\\/\\\/informelitoral.com.ar\\\/diputados-aprobo-la-declaracion-de-un-area-natural-protegida-en-villaguay\\\/#primaryimage\"},\"thumbnailUrl\":\"https:\\\/\\\/www.hcder.gov.ar\\\/archivosDownload\\\/fotosNoticias\\\/1806_4353.JPG\",\"keywords\":[\"\u00c1rea natural protegida\",\"Diputados\",\"Villaguay\"],\"articleSection\":[\"Politica\"],\"inLanguage\":\"es\",\"potentialAction\":[{\"@type\":\"CommentAction\",\"name\":\"Comment\",\"target\":[\"https:\\\/\\\/informelitoral.com.ar\\\/diputados-aprobo-la-declaracion-de-un-area-natural-protegida-en-villaguay\\\/#respond\"]}]},{\"@type\":\"WebPage\",\"@id\":\"https:\\\/\\\/informelitoral.com.ar\\\/diputados-aprobo-la-declaracion-de-un-area-natural-protegida-en-villaguay\\\/\",\"url\":\"https:\\\/\\\/informelitoral.com.ar\\\/diputados-aprobo-la-declaracion-de-un-area-natural-protegida-en-villaguay\\\/\",\"name\":\"Diputados aprob\u00f3 la declaraci\u00f3n de un \u00e1rea natural protegida en Villaguay - Informe Litoral\",\"isPartOf\":{\"@id\":\"https:\\\/\\\/informelitoral.com.ar\\\/#website\"},\"primaryImageOfPage\":{\"@id\":\"https:\\\/\\\/informelitoral.com.ar\\\/diputados-aprobo-la-declaracion-de-un-area-natural-protegida-en-villaguay\\\/#primaryimage\"},\"image\":{\"@id\":\"https:\\\/\\\/informelitoral.com.ar\\\/diputados-aprobo-la-declaracion-de-un-area-natural-protegida-en-villaguay\\\/#primaryimage\"},\"thumbnailUrl\":\"https:\\\/\\\/www.hcder.gov.ar\\\/archivosDownload\\\/fotosNoticias\\\/1806_4353.JPG\",\"datePublished\":\"2025-05-07T15:16:52+00:00\",\"breadcrumb\":{\"@id\":\"https:\\\/\\\/informelitoral.com.ar\\\/diputados-aprobo-la-declaracion-de-un-area-natural-protegida-en-villaguay\\\/#breadcrumb\"},\"inLanguage\":\"es\",\"potentialAction\":[{\"@type\":\"ReadAction\",\"target\":[\"https:\\\/\\\/informelitoral.com.ar\\\/diputados-aprobo-la-declaracion-de-un-area-natural-protegida-en-villaguay\\\/\"]}]},{\"@type\":\"ImageObject\",\"inLanguage\":\"es\",\"@id\":\"https:\\\/\\\/informelitoral.com.ar\\\/diputados-aprobo-la-declaracion-de-un-area-natural-protegida-en-villaguay\\\/#primaryimage\",\"url\":\"https:\\\/\\\/www.hcder.gov.ar\\\/archivosDownload\\\/fotosNoticias\\\/1806_4353.JPG\",\"contentUrl\":\"https:\\\/\\\/www.hcder.gov.ar\\\/archivosDownload\\\/fotosNoticias\\\/1806_4353.JPG\",\"width\":\"1024\",\"height\":\"682\"},{\"@type\":\"BreadcrumbList\",\"@id\":\"https:\\\/\\\/informelitoral.com.ar\\\/diputados-aprobo-la-declaracion-de-un-area-natural-protegida-en-villaguay\\\/#breadcrumb\",\"itemListElement\":[{\"@type\":\"ListItem\",\"position\":1,\"name\":\"Portada\",\"item\":\"https:\\\/\\\/informelitoral.com.ar\\\/\"},{\"@type\":\"ListItem\",\"position\":2,\"name\":\"Diputados aprob\u00f3 la declaraci\u00f3n de un \u00e1rea natural protegida en Villaguay\"}]},{\"@type\":\"WebSite\",\"@id\":\"https:\\\/\\\/informelitoral.com.ar\\\/#website\",\"url\":\"https:\\\/\\\/informelitoral.com.ar\\\/\",\"name\":\"Informe Litoral\",\"description\":\"&quot;Nos informamos&quot; \",\"publisher\":{\"@id\":\"https:\\\/\\\/informelitoral.com.ar\\\/#organization\"},\"potentialAction\":[{\"@type\":\"SearchAction\",\"target\":{\"@type\":\"EntryPoint\",\"urlTemplate\":\"https:\\\/\\\/informelitoral.com.ar\\\/?s={search_term_string}\"},\"query-input\":{\"@type\":\"PropertyValueSpecification\",\"valueRequired\":true,\"valueName\":\"search_term_string\"}}],\"inLanguage\":\"es\"},{\"@type\":\"Organization\",\"@id\":\"https:\\\/\\\/informelitoral.com.ar\\\/#organization\",\"name\":\"Informe Litoral\",\"url\":\"https:\\\/\\\/informelitoral.com.ar\\\/\",\"logo\":{\"@type\":\"ImageObject\",\"inLanguage\":\"es\",\"@id\":\"https:\\\/\\\/informelitoral.com.ar\\\/#\\\/schema\\\/logo\\\/image\\\/\",\"url\":\"https:\\\/\\\/informelitoral.com.ar\\\/%77%70%2d%63%6f%6e%74%65%6e%74\\\/uploads\\\/2021\\\/01\\\/circulo.png\",\"contentUrl\":\"https:\\\/\\\/informelitoral.com.ar\\\/%77%70%2d%63%6f%6e%74%65%6e%74\\\/uploads\\\/2021\\\/01\\\/circulo.png\",\"width\":723,\"height\":731,\"caption\":\"Informe Litoral\"},\"image\":{\"@id\":\"https:\\\/\\\/informelitoral.com.ar\\\/#\\\/schema\\\/logo\\\/image\\\/\"},\"sameAs\":[\"https:\\\/\\\/www.facebook.com\\\/informelitoral\\\/\",\"https:\\\/\\\/x.com\\\/InformeLitoral\",\"https:\\\/\\\/www.instagram.com\\\/informelitoral\\\/\",\"https:\\\/\\\/www.youtube.com\\\/channel\\\/UCua4Qvz8Icb6MYqhoq9xLXw\"]},{\"@type\":\"Person\",\"@id\":\"https:\\\/\\\/informelitoral.com.ar\\\/#\\\/schema\\\/person\\\/f05f9f461677119578717524b127d6d5\",\"name\":\"Sebastian\",\"image\":{\"@type\":\"ImageObject\",\"inLanguage\":\"es\",\"@id\":\"https:\\\/\\\/secure.gravatar.com\\\/avatar\\\/b71bf7481d447dfb9583c7f2798e7cc64de6efb9067b74633ed8c31059a3bd82?s=96&d=mm&r=g\",\"url\":\"https:\\\/\\\/secure.gravatar.com\\\/avatar\\\/b71bf7481d447dfb9583c7f2798e7cc64de6efb9067b74633ed8c31059a3bd82?s=96&d=mm&r=g\",\"contentUrl\":\"https:\\\/\\\/secure.gravatar.com\\\/avatar\\\/b71bf7481d447dfb9583c7f2798e7cc64de6efb9067b74633ed8c31059a3bd82?s=96&d=mm&r=g\",\"caption\":\"Sebastian\"},\"url\":\"https:\\\/\\\/informelitoral.com.ar\\\/author\\\/sebastian\\\/\"}]}<\/script>","yoast_head_json":{"title":"Diputados aprob\u00f3 la declaraci\u00f3n de un \u00e1rea natural protegida en Villaguay - Informe Litoral","robots":{"index":"index","follow":"follow","max-snippet":"max-snippet:-1","max-image-preview":"max-image-preview:large","max-video-preview":"max-video-preview:-1"},"canonical":"https:\/\/informelitoral.com.ar\/diputados-aprobo-la-declaracion-de-un-area-natural-protegida-en-villaguay\/","og_locale":"es_ES","og_type":"article","og_title":"Diputados aprob\u00f3 la declaraci\u00f3n de un \u00e1rea natural protegida en Villaguay - Informe Litoral","og_description":"La C\u00e1mara baja vot\u00f3 por unanimidad a favor de una iniciativa que busca incorporar la reserva municipal La Chinita al Sistema Provincial de \u00c1reas Protegidas. Tambi\u00e9n se aprob\u00f3 una resoluci\u00f3n para que se d\u00e9 prioridad a una obra vial en Concepci\u00f3n del Uruguay.","og_url":"https:\/\/informelitoral.com.ar\/diputados-aprobo-la-declaracion-de-un-area-natural-protegida-en-villaguay\/","og_site_name":"Informe Litoral","article_publisher":"https:\/\/www.facebook.com\/informelitoral\/","article_published_time":"2025-05-07T15:16:52+00:00","og_image":[{"url":"https:\/\/www.hcder.gov.ar\/archivosDownload\/fotosNoticias\/1806_4353.JPG","type":"","width":"","height":""},{"width":1024,"height":682,"url":"https:\/\/www.hcder.gov.ar\/archivosDownload\/fotosNoticias\/1806_4353.JPG","type":"image\/jpeg"}],"author":"Sebastian","twitter_card":"summary_large_image","twitter_image":"https:\/\/www.hcder.gov.ar\/archivosDownload\/fotosNoticias\/1806_4353.JPG","twitter_creator":"@InformeLitoral","twitter_site":"@InformeLitoral","twitter_misc":{"Escrito por":"Sebastian","Tiempo de lectura":"4 minutos"},"schema":{"@context":"https:\/\/schema.org","@graph":[{"@type":"Article","@id":"https:\/\/informelitoral.com.ar\/diputados-aprobo-la-declaracion-de-un-area-natural-protegida-en-villaguay\/#article","isPartOf":{"@id":"https:\/\/informelitoral.com.ar\/diputados-aprobo-la-declaracion-de-un-area-natural-protegida-en-villaguay\/"},"author":{"name":"Sebastian","@id":"https:\/\/informelitoral.com.ar\/#\/schema\/person\/f05f9f461677119578717524b127d6d5"},"headline":"Diputados aprob\u00f3 la declaraci\u00f3n de un \u00e1rea natural protegida en Villaguay","datePublished":"2025-05-07T15:16:52+00:00","mainEntityOfPage":{"@id":"https:\/\/informelitoral.com.ar\/diputados-aprobo-la-declaracion-de-un-area-natural-protegida-en-villaguay\/"},"wordCount":835,"commentCount":0,"publisher":{"@id":"https:\/\/informelitoral.com.ar\/#organization"},"image":{"@id":"https:\/\/informelitoral.com.ar\/diputados-aprobo-la-declaracion-de-un-area-natural-protegida-en-villaguay\/#primaryimage"},"thumbnailUrl":"https:\/\/www.hcder.gov.ar\/archivosDownload\/fotosNoticias\/1806_4353.JPG","keywords":["\u00c1rea natural protegida","Diputados","Villaguay"],"articleSection":["Politica"],"inLanguage":"es","potentialAction":[{"@type":"CommentAction","name":"Comment","target":["https:\/\/informelitoral.com.ar\/diputados-aprobo-la-declaracion-de-un-area-natural-protegida-en-villaguay\/#respond"]}]},{"@type":"WebPage","@id":"https:\/\/informelitoral.com.ar\/diputados-aprobo-la-declaracion-de-un-area-natural-protegida-en-villaguay\/","url":"https:\/\/informelitoral.com.ar\/diputados-aprobo-la-declaracion-de-un-area-natural-protegida-en-villaguay\/","name":"Diputados aprob\u00f3 la declaraci\u00f3n de un \u00e1rea natural protegida en Villaguay - Informe Litoral","isPartOf":{"@id":"https:\/\/informelitoral.com.ar\/#website"},"primaryImageOfPage":{"@id":"https:\/\/informelitoral.com.ar\/diputados-aprobo-la-declaracion-de-un-area-natural-protegida-en-villaguay\/#primaryimage"},"image":{"@id":"https:\/\/informelitoral.com.ar\/diputados-aprobo-la-declaracion-de-un-area-natural-protegida-en-villaguay\/#primaryimage"},"thumbnailUrl":"https:\/\/www.hcder.gov.ar\/archivosDownload\/fotosNoticias\/1806_4353.JPG","datePublished":"2025-05-07T15:16:52+00:00","breadcrumb":{"@id":"https:\/\/informelitoral.com.ar\/diputados-aprobo-la-declaracion-de-un-area-natural-protegida-en-villaguay\/#breadcrumb"},"inLanguage":"es","potentialAction":[{"@type":"ReadAction","target":["https:\/\/informelitoral.com.ar\/diputados-aprobo-la-declaracion-de-un-area-natural-protegida-en-villaguay\/"]}]},{"@type":"ImageObject","inLanguage":"es","@id":"https:\/\/informelitoral.com.ar\/diputados-aprobo-la-declaracion-de-un-area-natural-protegida-en-villaguay\/#primaryimage","url":"https:\/\/www.hcder.gov.ar\/archivosDownload\/fotosNoticias\/1806_4353.JPG","contentUrl":"https:\/\/www.hcder.gov.ar\/archivosDownload\/fotosNoticias\/1806_4353.JPG","width":"1024","height":"682"},{"@type":"BreadcrumbList","@id":"https:\/\/informelitoral.com.ar\/diputados-aprobo-la-declaracion-de-un-area-natural-protegida-en-villaguay\/#breadcrumb","itemListElement":[{"@type":"ListItem","position":1,"name":"Portada","item":"https:\/\/informelitoral.com.ar\/"},{"@type":"ListItem","position":2,"name":"Diputados aprob\u00f3 la declaraci\u00f3n de un \u00e1rea natural protegida en Villaguay"}]},{"@type":"WebSite","@id":"https:\/\/informelitoral.com.ar\/#website","url":"https:\/\/informelitoral.com.ar\/","name":"Informe Litoral","description":"&quot;Nos informamos&quot; ","publisher":{"@id":"https:\/\/informelitoral.com.ar\/#organization"},"potentialAction":[{"@type":"SearchAction","target":{"@type":"EntryPoint","urlTemplate":"https:\/\/informelitoral.com.ar\/?s={search_term_string}"},"query-input":{"@type":"PropertyValueSpecification","valueRequired":true,"valueName":"search_term_string"}}],"inLanguage":"es"},{"@type":"Organization","@id":"https:\/\/informelitoral.com.ar\/#organization","name":"Informe Litoral","url":"https:\/\/informelitoral.com.ar\/","logo":{"@type":"ImageObject","inLanguage":"es","@id":"https:\/\/informelitoral.com.ar\/#\/schema\/logo\/image\/","url":"https:\/\/informelitoral.com.ar\/%77%70%2d%63%6f%6e%74%65%6e%74\/uploads\/2021\/01\/circulo.png","contentUrl":"https:\/\/informelitoral.com.ar\/%77%70%2d%63%6f%6e%74%65%6e%74\/uploads\/2021\/01\/circulo.png","width":723,"height":731,"caption":"Informe Litoral"},"image":{"@id":"https:\/\/informelitoral.com.ar\/#\/schema\/logo\/image\/"},"sameAs":["https:\/\/www.facebook.com\/informelitoral\/","https:\/\/x.com\/InformeLitoral","https:\/\/www.instagram.com\/informelitoral\/","https:\/\/www.youtube.com\/channel\/UCua4Qvz8Icb6MYqhoq9xLXw"]},{"@type":"Person","@id":"https:\/\/informelitoral.com.ar\/#\/schema\/person\/f05f9f461677119578717524b127d6d5","name":"Sebastian","image":{"@type":"ImageObject","inLanguage":"es","@id":"https:\/\/secure.gravatar.com\/avatar\/b71bf7481d447dfb9583c7f2798e7cc64de6efb9067b74633ed8c31059a3bd82?s=96&d=mm&r=g","url":"https:\/\/secure.gravatar.com\/avatar\/b71bf7481d447dfb9583c7f2798e7cc64de6efb9067b74633ed8c31059a3bd82?s=96&d=mm&r=g","contentUrl":"https:\/\/secure.gravatar.com\/avatar\/b71bf7481d447dfb9583c7f2798e7cc64de6efb9067b74633ed8c31059a3bd82?s=96&d=mm&r=g","caption":"Sebastian"},"url":"https:\/\/informelitoral.com.ar\/author\/sebastian\/"}]}},"fifu_image_url":"https:\/\/www.hcder.gov.ar\/archivosDownload\/fotosNoticias\/1806_4353.JPG","_links":{"self":[{"href":"https:\/\/informelitoral.com.ar\/%77%70%2d%6a%73%6f%6e\/wp\/v2\/posts\/220740","targetHints":{"allow":["GET"]}}],"collection":[{"href":"https:\/\/informelitoral.com.ar\/%77%70%2d%6a%73%6f%6e\/wp\/v2\/posts"}],"about":[{"href":"https:\/\/informelitoral.com.ar\/%77%70%2d%6a%73%6f%6e\/wp\/v2\/types\/post"}],"author":[{"embeddable":true,"href":"https:\/\/informelitoral.com.ar\/%77%70%2d%6a%73%6f%6e\/wp\/v2\/users\/8"}],"replies":[{"embeddable":true,"href":"https:\/\/informelitoral.com.ar\/%77%70%2d%6a%73%6f%6e\/wp\/v2\/comments?post=220740"}],"version-history":[{"count":0,"href":"https:\/\/informelitoral.com.ar\/%77%70%2d%6a%73%6f%6e\/wp\/v2\/posts\/220740\/revisions"}],"wp:featuredmedia":[{"embeddable":true,"href":"https:\/\/informelitoral.com.ar\/%77%70%2d%6a%73%6f%6e\/wp\/v2\/media\/220741"}],"wp:attachment":[{"href":"https:\/\/informelitoral.com.ar\/%77%70%2d%6a%73%6f%6e\/wp\/v2\/media?parent=220740"}],"wp:term":[{"taxonomy":"category","embeddable":true,"href":"https:\/\/informelitoral.com.ar\/%77%70%2d%6a%73%6f%6e\/wp\/v2\/categories?post=220740"},{"taxonomy":"post_tag","embeddable":true,"href":"https:\/\/informelitoral.com.ar\/%77%70%2d%6a%73%6f%6e\/wp\/v2\/tags?post=220740"}],"curies":[{"name":"wp","href":"https:\/\/api.w.org\/{rel}","templated":true}]}}