{"id":220491,"date":"2025-05-06T06:59:22","date_gmt":"2025-05-06T09:59:22","guid":{"rendered":"https:\/\/informelitoral.com.ar\/?p=220491"},"modified":"2025-05-06T06:59:22","modified_gmt":"2025-05-06T09:59:22","slug":"una-zona-del-norte-entrerriano-fue-afectada-por-el-granizo","status":"publish","type":"post","link":"https:\/\/informelitoral.com.ar\/una-zona-del-norte-entrerriano-fue-afectada-por-el-granizo\/","title":{"rendered":"Una zona del norte entrerriano fue afectada por el granizo"},"content":{"rendered":"<p><b>Un feroz temporal de lluvia, granizo y fuerte actividad el\u00e9ctrica, se abati\u00f3 a partir de las 19<\/b>\u00a0de este lunes, y afect\u00f3 zonas de tres departamentos en el norte de Entre R\u00edos.<\/p>\n<p><b>El fen\u00f3meno afect\u00f3 a parte de Federaci\u00f3n, Federal y Feliciano<\/b>. En algunos lugares de Federaci\u00f3n, la granizada fue impresionante y dej\u00f3 algunos caminos cubiertos de blanco por el hielo.<\/p>\n<div style=\"width: 696px;\" class=\"wp-video\"><video class=\"wp-video-shortcode\" id=\"video-220491-1\" width=\"696\" height=\"392\" preload=\"metadata\" controls=\"controls\"><source type=\"video\/mp4\" src=\"https:\/\/informelitoral.com.ar\/%77%70%2d%63%6f%6e%74%65%6e%74\/uploads\/2025\/05\/WhatsApp-Video-2025-05-05-at-23.16.09.mp4?_=1\" \/><a href=\"https:\/\/informelitoral.com.ar\/%77%70%2d%63%6f%6e%74%65%6e%74\/uploads\/2025\/05\/WhatsApp-Video-2025-05-05-at-23.16.09.mp4\">https:\/\/informelitoral.com.ar\/%77%70%2d%63%6f%6e%74%65%6e%74\/uploads\/2025\/05\/WhatsApp-Video-2025-05-05-at-23.16.09.mp4<\/a><\/video><\/div>\n<p>En las redes comenzaron a mostrar las im\u00e1genes del fen\u00f3meno meteorol\u00f3gico que afect\u00f3 la zona y seg\u00fan reflejaron medios locales, el granizo fue intenso en algunos lugares, como se puede ver en los videos.<\/p>\n<h6><strong><em>Del archivo:\u00a0<a title=\"Anuncian varios d\u00edas de inestabilidad en Entre R\u00edos\" href=\"https:\/\/informelitoral.com.ar\/anuncian-varios-dias-de-inestabilidad-en-entre-rios\/\" target=\"_blank\" rel=\"noopener\">Anuncian varios d\u00edas de inestabilidad en Entre R\u00edos<\/a><\/em><\/strong><\/h6>\n","protected":false},"excerpt":{"rendered":"<p>El fen\u00f3meno se desat\u00f3 despu\u00e9s de las 19 del lunes y afect\u00f3 regiones de los departamentos Federaci\u00f3n, Federal y Feliciano. Si bien hasta el momento no se detallaron los da\u00f1os materiales, las piedras fueron de diverso tama\u00f1o. <\/p>\n","protected":false},"author":2,"featured_media":220493,"comment_status":"open","ping_status":"open","sticky":false,"template":"","format":"standard","meta":{"fifu_image_url":"https:\/\/elonce-media.elonce.com\/fotos\/2025\/05\/05\/e_1746496712_50539.webp","fifu_image_alt":"","footnotes":""},"categories":[6],"tags":[1557,81,525],"class_list":{"0":"post-220491","1":"post","2":"type-post","3":"status-publish","4":"format-standard","5":"has-post-thumbnail","7":"category-entre-rios","8":"tag-alerta-meteorologico","9":"tag-entre-rios","10":"tag-granizo"},"yoast_head":"<title>Una zona del norte entrerriano fue afectada por el granizo - Informe Litoral<\/title>\n<meta name=\"robots\" content=\"index, follow, max-snippet:-1, max-image-preview:large, max-video-preview:-1\" \/>\n<link rel=\"canonical\" href=\"https:\/\/informelitoral.com.ar\/una-zona-del-norte-entrerriano-fue-afectada-por-el-granizo\/\" \/>\n<meta property=\"og:locale\" content=\"es_ES\" \/>\n<meta property=\"og:type\" content=\"article\" \/>\n<meta property=\"og:title\" content=\"Una zona del norte entrerriano fue afectada por el granizo - Informe Litoral\" \/>\n<meta property=\"og:description\" content=\"El fen\u00f3meno se desat\u00f3 despu\u00e9s de las 19 del lunes y afect\u00f3 regiones de los departamentos Federaci\u00f3n, Federal y Feliciano. Si bien hasta el momento no se detallaron los da\u00f1os materiales, las piedras fueron de diverso tama\u00f1o.\" \/>\n<meta property=\"og:url\" content=\"https:\/\/informelitoral.com.ar\/una-zona-del-norte-entrerriano-fue-afectada-por-el-granizo\/\" \/>\n<meta property=\"og:site_name\" content=\"Informe Litoral\" \/>\n<meta property=\"article:publisher\" content=\"https:\/\/www.facebook.com\/informelitoral\/\" \/>\n<meta property=\"article:published_time\" content=\"2025-05-06T09:59:22+00:00\" \/>\n<meta property=\"og:image\" content=\"https:\/\/elonce-media.elonce.com\/fotos\/2025\/05\/05\/e_1746496712_50539.webp\" \/><meta property=\"og:image\" content=\"https:\/\/elonce-media.elonce.com\/fotos\/2025\/05\/05\/e_1746496712_50539.webp\" \/>\n\t<meta property=\"og:image:width\" content=\"900\" \/>\n\t<meta property=\"og:image:height\" content=\"600\" \/>\n\t<meta property=\"og:image:type\" content=\"image\/jpeg\" \/>\n<meta name=\"author\" content=\"Gonzalo Schmidt\" \/>\n<meta name=\"twitter:card\" content=\"summary_large_image\" \/>\n<meta name=\"twitter:image\" content=\"https:\/\/elonce-media.elonce.com\/fotos\/2025\/05\/05\/e_1746496712_50539.webp\" \/>\n<meta name=\"twitter:creator\" content=\"@InformeLitoral\" \/>\n<meta name=\"twitter:site\" content=\"@InformeLitoral\" \/>\n<meta name=\"twitter:label1\" content=\"Escrito por\" \/>\n\t<meta name=\"twitter:data1\" content=\"Gonzalo Schmidt\" \/>\n\t<meta name=\"twitter:label2\" content=\"Tiempo de lectura\" \/>\n\t<meta name=\"twitter:data2\" content=\"1 minuto\" \/>\n<script type=\"application\/ld+json\" class=\"yoast-schema-graph\">{\"@context\":\"https:\\\/\\\/schema.org\",\"@graph\":[{\"@type\":\"Article\",\"@id\":\"https:\\\/\\\/informelitoral.com.ar\\\/una-zona-del-norte-entrerriano-fue-afectada-por-el-granizo\\\/#article\",\"isPartOf\":{\"@id\":\"https:\\\/\\\/informelitoral.com.ar\\\/una-zona-del-norte-entrerriano-fue-afectada-por-el-granizo\\\/\"},\"author\":{\"name\":\"Gonzalo Schmidt\",\"@id\":\"https:\\\/\\\/informelitoral.com.ar\\\/#\\\/schema\\\/person\\\/b9d00407c836482871ef1d57bf8e3180\"},\"headline\":\"Una zona del norte entrerriano fue afectada por el granizo\",\"datePublished\":\"2025-05-06T09:59:22+00:00\",\"mainEntityOfPage\":{\"@id\":\"https:\\\/\\\/informelitoral.com.ar\\\/una-zona-del-norte-entrerriano-fue-afectada-por-el-granizo\\\/\"},\"wordCount\":141,\"commentCount\":0,\"publisher\":{\"@id\":\"https:\\\/\\\/informelitoral.com.ar\\\/#organization\"},\"image\":{\"@id\":\"https:\\\/\\\/informelitoral.com.ar\\\/una-zona-del-norte-entrerriano-fue-afectada-por-el-granizo\\\/#primaryimage\"},\"thumbnailUrl\":\"https:\\\/\\\/elonce-media.elonce.com\\\/fotos\\\/2025\\\/05\\\/05\\\/e_1746496712_50539.webp\",\"keywords\":[\"Alerta meteorol\u00f3gico\",\"Entre R\u00edos\",\"Granizo\"],\"articleSection\":[\"Entre R\u00edos\"],\"inLanguage\":\"es\",\"potentialAction\":[{\"@type\":\"CommentAction\",\"name\":\"Comment\",\"target\":[\"https:\\\/\\\/informelitoral.com.ar\\\/una-zona-del-norte-entrerriano-fue-afectada-por-el-granizo\\\/#respond\"]}]},{\"@type\":\"WebPage\",\"@id\":\"https:\\\/\\\/informelitoral.com.ar\\\/una-zona-del-norte-entrerriano-fue-afectada-por-el-granizo\\\/\",\"url\":\"https:\\\/\\\/informelitoral.com.ar\\\/una-zona-del-norte-entrerriano-fue-afectada-por-el-granizo\\\/\",\"name\":\"Una zona del norte entrerriano fue afectada por el granizo - Informe Litoral\",\"isPartOf\":{\"@id\":\"https:\\\/\\\/informelitoral.com.ar\\\/#website\"},\"primaryImageOfPage\":{\"@id\":\"https:\\\/\\\/informelitoral.com.ar\\\/una-zona-del-norte-entrerriano-fue-afectada-por-el-granizo\\\/#primaryimage\"},\"image\":{\"@id\":\"https:\\\/\\\/informelitoral.com.ar\\\/una-zona-del-norte-entrerriano-fue-afectada-por-el-granizo\\\/#primaryimage\"},\"thumbnailUrl\":\"https:\\\/\\\/elonce-media.elonce.com\\\/fotos\\\/2025\\\/05\\\/05\\\/e_1746496712_50539.webp\",\"datePublished\":\"2025-05-06T09:59:22+00:00\",\"breadcrumb\":{\"@id\":\"https:\\\/\\\/informelitoral.com.ar\\\/una-zona-del-norte-entrerriano-fue-afectada-por-el-granizo\\\/#breadcrumb\"},\"inLanguage\":\"es\",\"potentialAction\":[{\"@type\":\"ReadAction\",\"target\":[\"https:\\\/\\\/informelitoral.com.ar\\\/una-zona-del-norte-entrerriano-fue-afectada-por-el-granizo\\\/\"]}]},{\"@type\":\"ImageObject\",\"inLanguage\":\"es\",\"@id\":\"https:\\\/\\\/informelitoral.com.ar\\\/una-zona-del-norte-entrerriano-fue-afectada-por-el-granizo\\\/#primaryimage\",\"url\":\"https:\\\/\\\/elonce-media.elonce.com\\\/fotos\\\/2025\\\/05\\\/05\\\/e_1746496712_50539.webp\",\"contentUrl\":\"https:\\\/\\\/elonce-media.elonce.com\\\/fotos\\\/2025\\\/05\\\/05\\\/e_1746496712_50539.webp\",\"width\":\"900\",\"height\":\"600\"},{\"@type\":\"BreadcrumbList\",\"@id\":\"https:\\\/\\\/informelitoral.com.ar\\\/una-zona-del-norte-entrerriano-fue-afectada-por-el-granizo\\\/#breadcrumb\",\"itemListElement\":[{\"@type\":\"ListItem\",\"position\":1,\"name\":\"Portada\",\"item\":\"https:\\\/\\\/informelitoral.com.ar\\\/\"},{\"@type\":\"ListItem\",\"position\":2,\"name\":\"Una zona del norte entrerriano fue afectada por el granizo\"}]},{\"@type\":\"WebSite\",\"@id\":\"https:\\\/\\\/informelitoral.com.ar\\\/#website\",\"url\":\"https:\\\/\\\/informelitoral.com.ar\\\/\",\"name\":\"Informe Litoral\",\"description\":\"&quot;Nos informamos&quot; \",\"publisher\":{\"@id\":\"https:\\\/\\\/informelitoral.com.ar\\\/#organization\"},\"potentialAction\":[{\"@type\":\"SearchAction\",\"target\":{\"@type\":\"EntryPoint\",\"urlTemplate\":\"https:\\\/\\\/informelitoral.com.ar\\\/?s={search_term_string}\"},\"query-input\":{\"@type\":\"PropertyValueSpecification\",\"valueRequired\":true,\"valueName\":\"search_term_string\"}}],\"inLanguage\":\"es\"},{\"@type\":\"Organization\",\"@id\":\"https:\\\/\\\/informelitoral.com.ar\\\/#organization\",\"name\":\"Informe Litoral\",\"url\":\"https:\\\/\\\/informelitoral.com.ar\\\/\",\"logo\":{\"@type\":\"ImageObject\",\"inLanguage\":\"es\",\"@id\":\"https:\\\/\\\/informelitoral.com.ar\\\/#\\\/schema\\\/logo\\\/image\\\/\",\"url\":\"https:\\\/\\\/informelitoral.com.ar\\\/%77%70%2d%63%6f%6e%74%65%6e%74\\\/uploads\\\/2021\\\/01\\\/circulo.png\",\"contentUrl\":\"https:\\\/\\\/informelitoral.com.ar\\\/%77%70%2d%63%6f%6e%74%65%6e%74\\\/uploads\\\/2021\\\/01\\\/circulo.png\",\"width\":723,\"height\":731,\"caption\":\"Informe Litoral\"},\"image\":{\"@id\":\"https:\\\/\\\/informelitoral.com.ar\\\/#\\\/schema\\\/logo\\\/image\\\/\"},\"sameAs\":[\"https:\\\/\\\/www.facebook.com\\\/informelitoral\\\/\",\"https:\\\/\\\/x.com\\\/InformeLitoral\",\"https:\\\/\\\/www.instagram.com\\\/informelitoral\\\/\",\"https:\\\/\\\/www.youtube.com\\\/channel\\\/UCua4Qvz8Icb6MYqhoq9xLXw\"]},{\"@type\":\"Person\",\"@id\":\"https:\\\/\\\/informelitoral.com.ar\\\/#\\\/schema\\\/person\\\/b9d00407c836482871ef1d57bf8e3180\",\"name\":\"Gonzalo Schmidt\",\"image\":{\"@type\":\"ImageObject\",\"inLanguage\":\"es\",\"@id\":\"https:\\\/\\\/secure.gravatar.com\\\/avatar\\\/31a1a7b66ff2de83bd0e9fd79d026630d2d99e55e8bfe501287647b4fd9743de?s=96&d=mm&r=g\",\"url\":\"https:\\\/\\\/secure.gravatar.com\\\/avatar\\\/31a1a7b66ff2de83bd0e9fd79d026630d2d99e55e8bfe501287647b4fd9743de?s=96&d=mm&r=g\",\"contentUrl\":\"https:\\\/\\\/secure.gravatar.com\\\/avatar\\\/31a1a7b66ff2de83bd0e9fd79d026630d2d99e55e8bfe501287647b4fd9743de?s=96&d=mm&r=g\",\"caption\":\"Gonzalo Schmidt\"},\"description\":\"Sitio web de noticias de la provincia de Entre R\u00edos, Argentina. Informaci\u00f3n y entretenimiento. Informe Litoral, nos informamos.\",\"sameAs\":[\"http:\\\/\\\/www.isletasnoticias.com.ar\"],\"url\":\"https:\\\/\\\/informelitoral.com.ar\\\/author\\\/gonzalo\\\/\"}]}<\/script>","yoast_head_json":{"title":"Una zona del norte entrerriano fue afectada por el granizo - Informe Litoral","robots":{"index":"index","follow":"follow","max-snippet":"max-snippet:-1","max-image-preview":"max-image-preview:large","max-video-preview":"max-video-preview:-1"},"canonical":"https:\/\/informelitoral.com.ar\/una-zona-del-norte-entrerriano-fue-afectada-por-el-granizo\/","og_locale":"es_ES","og_type":"article","og_title":"Una zona del norte entrerriano fue afectada por el granizo - Informe Litoral","og_description":"El fen\u00f3meno se desat\u00f3 despu\u00e9s de las 19 del lunes y afect\u00f3 regiones de los departamentos Federaci\u00f3n, Federal y Feliciano. Si bien hasta el momento no se detallaron los da\u00f1os materiales, las piedras fueron de diverso tama\u00f1o.","og_url":"https:\/\/informelitoral.com.ar\/una-zona-del-norte-entrerriano-fue-afectada-por-el-granizo\/","og_site_name":"Informe Litoral","article_publisher":"https:\/\/www.facebook.com\/informelitoral\/","article_published_time":"2025-05-06T09:59:22+00:00","og_image":[{"url":"https:\/\/elonce-media.elonce.com\/fotos\/2025\/05\/05\/e_1746496712_50539.webp","type":"","width":"","height":""},{"width":900,"height":600,"url":"https:\/\/elonce-media.elonce.com\/fotos\/2025\/05\/05\/e_1746496712_50539.webp","type":"image\/jpeg"}],"author":"Gonzalo Schmidt","twitter_card":"summary_large_image","twitter_image":"https:\/\/elonce-media.elonce.com\/fotos\/2025\/05\/05\/e_1746496712_50539.webp","twitter_creator":"@InformeLitoral","twitter_site":"@InformeLitoral","twitter_misc":{"Escrito por":"Gonzalo Schmidt","Tiempo de lectura":"1 minuto"},"schema":{"@context":"https:\/\/schema.org","@graph":[{"@type":"Article","@id":"https:\/\/informelitoral.com.ar\/una-zona-del-norte-entrerriano-fue-afectada-por-el-granizo\/#article","isPartOf":{"@id":"https:\/\/informelitoral.com.ar\/una-zona-del-norte-entrerriano-fue-afectada-por-el-granizo\/"},"author":{"name":"Gonzalo Schmidt","@id":"https:\/\/informelitoral.com.ar\/#\/schema\/person\/b9d00407c836482871ef1d57bf8e3180"},"headline":"Una zona del norte entrerriano fue afectada por el granizo","datePublished":"2025-05-06T09:59:22+00:00","mainEntityOfPage":{"@id":"https:\/\/informelitoral.com.ar\/una-zona-del-norte-entrerriano-fue-afectada-por-el-granizo\/"},"wordCount":141,"commentCount":0,"publisher":{"@id":"https:\/\/informelitoral.com.ar\/#organization"},"image":{"@id":"https:\/\/informelitoral.com.ar\/una-zona-del-norte-entrerriano-fue-afectada-por-el-granizo\/#primaryimage"},"thumbnailUrl":"https:\/\/elonce-media.elonce.com\/fotos\/2025\/05\/05\/e_1746496712_50539.webp","keywords":["Alerta meteorol\u00f3gico","Entre R\u00edos","Granizo"],"articleSection":["Entre R\u00edos"],"inLanguage":"es","potentialAction":[{"@type":"CommentAction","name":"Comment","target":["https:\/\/informelitoral.com.ar\/una-zona-del-norte-entrerriano-fue-afectada-por-el-granizo\/#respond"]}]},{"@type":"WebPage","@id":"https:\/\/informelitoral.com.ar\/una-zona-del-norte-entrerriano-fue-afectada-por-el-granizo\/","url":"https:\/\/informelitoral.com.ar\/una-zona-del-norte-entrerriano-fue-afectada-por-el-granizo\/","name":"Una zona del norte entrerriano fue afectada por el granizo - Informe Litoral","isPartOf":{"@id":"https:\/\/informelitoral.com.ar\/#website"},"primaryImageOfPage":{"@id":"https:\/\/informelitoral.com.ar\/una-zona-del-norte-entrerriano-fue-afectada-por-el-granizo\/#primaryimage"},"image":{"@id":"https:\/\/informelitoral.com.ar\/una-zona-del-norte-entrerriano-fue-afectada-por-el-granizo\/#primaryimage"},"thumbnailUrl":"https:\/\/elonce-media.elonce.com\/fotos\/2025\/05\/05\/e_1746496712_50539.webp","datePublished":"2025-05-06T09:59:22+00:00","breadcrumb":{"@id":"https:\/\/informelitoral.com.ar\/una-zona-del-norte-entrerriano-fue-afectada-por-el-granizo\/#breadcrumb"},"inLanguage":"es","potentialAction":[{"@type":"ReadAction","target":["https:\/\/informelitoral.com.ar\/una-zona-del-norte-entrerriano-fue-afectada-por-el-granizo\/"]}]},{"@type":"ImageObject","inLanguage":"es","@id":"https:\/\/informelitoral.com.ar\/una-zona-del-norte-entrerriano-fue-afectada-por-el-granizo\/#primaryimage","url":"https:\/\/elonce-media.elonce.com\/fotos\/2025\/05\/05\/e_1746496712_50539.webp","contentUrl":"https:\/\/elonce-media.elonce.com\/fotos\/2025\/05\/05\/e_1746496712_50539.webp","width":"900","height":"600"},{"@type":"BreadcrumbList","@id":"https:\/\/informelitoral.com.ar\/una-zona-del-norte-entrerriano-fue-afectada-por-el-granizo\/#breadcrumb","itemListElement":[{"@type":"ListItem","position":1,"name":"Portada","item":"https:\/\/informelitoral.com.ar\/"},{"@type":"ListItem","position":2,"name":"Una zona del norte entrerriano fue afectada por el granizo"}]},{"@type":"WebSite","@id":"https:\/\/informelitoral.com.ar\/#website","url":"https:\/\/informelitoral.com.ar\/","name":"Informe Litoral","description":"&quot;Nos informamos&quot; ","publisher":{"@id":"https:\/\/informelitoral.com.ar\/#organization"},"potentialAction":[{"@type":"SearchAction","target":{"@type":"EntryPoint","urlTemplate":"https:\/\/informelitoral.com.ar\/?s={search_term_string}"},"query-input":{"@type":"PropertyValueSpecification","valueRequired":true,"valueName":"search_term_string"}}],"inLanguage":"es"},{"@type":"Organization","@id":"https:\/\/informelitoral.com.ar\/#organization","name":"Informe Litoral","url":"https:\/\/informelitoral.com.ar\/","logo":{"@type":"ImageObject","inLanguage":"es","@id":"https:\/\/informelitoral.com.ar\/#\/schema\/logo\/image\/","url":"https:\/\/informelitoral.com.ar\/%77%70%2d%63%6f%6e%74%65%6e%74\/uploads\/2021\/01\/circulo.png","contentUrl":"https:\/\/informelitoral.com.ar\/%77%70%2d%63%6f%6e%74%65%6e%74\/uploads\/2021\/01\/circulo.png","width":723,"height":731,"caption":"Informe Litoral"},"image":{"@id":"https:\/\/informelitoral.com.ar\/#\/schema\/logo\/image\/"},"sameAs":["https:\/\/www.facebook.com\/informelitoral\/","https:\/\/x.com\/InformeLitoral","https:\/\/www.instagram.com\/informelitoral\/","https:\/\/www.youtube.com\/channel\/UCua4Qvz8Icb6MYqhoq9xLXw"]},{"@type":"Person","@id":"https:\/\/informelitoral.com.ar\/#\/schema\/person\/b9d00407c836482871ef1d57bf8e3180","name":"Gonzalo Schmidt","image":{"@type":"ImageObject","inLanguage":"es","@id":"https:\/\/secure.gravatar.com\/avatar\/31a1a7b66ff2de83bd0e9fd79d026630d2d99e55e8bfe501287647b4fd9743de?s=96&d=mm&r=g","url":"https:\/\/secure.gravatar.com\/avatar\/31a1a7b66ff2de83bd0e9fd79d026630d2d99e55e8bfe501287647b4fd9743de?s=96&d=mm&r=g","contentUrl":"https:\/\/secure.gravatar.com\/avatar\/31a1a7b66ff2de83bd0e9fd79d026630d2d99e55e8bfe501287647b4fd9743de?s=96&d=mm&r=g","caption":"Gonzalo Schmidt"},"description":"Sitio web de noticias de la provincia de Entre R\u00edos, Argentina. Informaci\u00f3n y entretenimiento. Informe Litoral, nos informamos.","sameAs":["http:\/\/www.isletasnoticias.com.ar"],"url":"https:\/\/informelitoral.com.ar\/author\/gonzalo\/"}]}},"fifu_image_url":"https:\/\/elonce-media.elonce.com\/fotos\/2025\/05\/05\/e_1746496712_50539.webp","_links":{"self":[{"href":"https:\/\/informelitoral.com.ar\/%77%70%2d%6a%73%6f%6e\/wp\/v2\/posts\/220491","targetHints":{"allow":["GET"]}}],"collection":[{"href":"https:\/\/informelitoral.com.ar\/%77%70%2d%6a%73%6f%6e\/wp\/v2\/posts"}],"about":[{"href":"https:\/\/informelitoral.com.ar\/%77%70%2d%6a%73%6f%6e\/wp\/v2\/types\/post"}],"author":[{"embeddable":true,"href":"https:\/\/informelitoral.com.ar\/%77%70%2d%6a%73%6f%6e\/wp\/v2\/users\/2"}],"replies":[{"embeddable":true,"href":"https:\/\/informelitoral.com.ar\/%77%70%2d%6a%73%6f%6e\/wp\/v2\/comments?post=220491"}],"version-history":[{"count":0,"href":"https:\/\/informelitoral.com.ar\/%77%70%2d%6a%73%6f%6e\/wp\/v2\/posts\/220491\/revisions"}],"wp:featuredmedia":[{"embeddable":true,"href":"https:\/\/informelitoral.com.ar\/%77%70%2d%6a%73%6f%6e\/wp\/v2\/media\/220493"}],"wp:attachment":[{"href":"https:\/\/informelitoral.com.ar\/%77%70%2d%6a%73%6f%6e\/wp\/v2\/media?parent=220491"}],"wp:term":[{"taxonomy":"category","embeddable":true,"href":"https:\/\/informelitoral.com.ar\/%77%70%2d%6a%73%6f%6e\/wp\/v2\/categories?post=220491"},{"taxonomy":"post_tag","embeddable":true,"href":"https:\/\/informelitoral.com.ar\/%77%70%2d%6a%73%6f%6e\/wp\/v2\/tags?post=220491"}],"curies":[{"name":"wp","href":"https:\/\/api.w.org\/{rel}","templated":true}]}}