{"id":220241,"date":"2025-05-02T10:33:16","date_gmt":"2025-05-02T13:33:16","guid":{"rendered":"https:\/\/informelitoral.com.ar\/?p=220241"},"modified":"2025-05-02T11:03:35","modified_gmt":"2025-05-02T14:03:35","slug":"shell-se-suma-a-la-baja-de-combustibles-tras-la-medida-de-ypf","status":"publish","type":"post","link":"https:\/\/informelitoral.com.ar\/shell-se-suma-a-la-baja-de-combustibles-tras-la-medida-de-ypf\/","title":{"rendered":"Shell se suma a la baja de combustibles tras la medida de YPF"},"content":{"rendered":"<p>Desde los primeros minutos de este jueves, la petrolera estatal YPF, aplic\u00f3 una baja en los precios de los combustibles en todo el pa\u00eds, tiempo despu\u00e9s se conoci\u00f3 que la empresa Shell sigui\u00f3 los mismos pasos y tambi\u00e9n baj\u00f3 sus valores.<\/p>\n<h2><strong>Los nuevos valores de Shell<\/strong><\/h2>\n<p>Seg\u00fan se supo, la disminuci\u00f3n oscila entre el 2% y el 8%, con una mayor incidencia en los productos Premium.<\/p>\n<p>Tras la decisi\u00f3n de YPF, la petrolera Shell se sum\u00f3 a la iniciativa y tambi\u00e9n, decidi\u00f3 aplicar una baja en el valor de sus combustibles en los primeros minutos de este jueves, public\u00f3 UNO.<\/p>\n<h2><strong>Los precios<\/strong><\/h2>\n<p>* S\u00faper nafta: pas\u00f3 de $1334 a $1323 por litro.<\/p>\n<p>* V-Power nafta: de $1596 a $1540.<\/p>\n<p>* Di\u00e9sel: de $1387 a $1366.<\/p>\n<p>* V-Power Di\u00e9sel: de $1628 a $1565.<\/p>\n","protected":false},"excerpt":{"rendered":"<p>En Paran\u00e1, y en el resto del pa\u00eds, Shell se sum\u00f3 a la estatal YPF y decidi\u00f3 aplicar una baja en el valor de sus combustibles este jueves.<\/p>\n","protected":false},"author":8,"featured_media":75557,"comment_status":"open","ping_status":"open","sticky":false,"template":"","format":"standard","meta":{"fifu_image_url":"","fifu_image_alt":"","footnotes":""},"categories":[1594],"tags":[155,1693],"class_list":{"0":"post-220241","1":"post","2":"type-post","3":"status-publish","4":"format-standard","5":"has-post-thumbnail","7":"category-economia","8":"tag-aumentos","9":"tag-combustible"},"yoast_head":"<title>Shell se suma a la baja de combustibles tras la medida de YPF - Informe Litoral<\/title>\n<meta name=\"robots\" content=\"index, follow, max-snippet:-1, max-image-preview:large, max-video-preview:-1\" \/>\n<link rel=\"canonical\" href=\"https:\/\/informelitoral.com.ar\/shell-se-suma-a-la-baja-de-combustibles-tras-la-medida-de-ypf\/\" \/>\n<meta property=\"og:locale\" content=\"es_ES\" \/>\n<meta property=\"og:type\" content=\"article\" \/>\n<meta property=\"og:title\" content=\"Shell se suma a la baja de combustibles tras la medida de YPF - Informe Litoral\" \/>\n<meta property=\"og:description\" content=\"En Paran\u00e1, y en el resto del pa\u00eds, Shell se sum\u00f3 a la estatal YPF y decidi\u00f3 aplicar una baja en el valor de sus combustibles este jueves.\" \/>\n<meta property=\"og:url\" content=\"https:\/\/informelitoral.com.ar\/shell-se-suma-a-la-baja-de-combustibles-tras-la-medida-de-ypf\/\" \/>\n<meta property=\"og:site_name\" content=\"Informe Litoral\" \/>\n<meta property=\"article:publisher\" content=\"https:\/\/www.facebook.com\/informelitoral\/\" \/>\n<meta property=\"article:published_time\" content=\"2025-05-02T13:33:16+00:00\" \/>\n<meta property=\"article:modified_time\" content=\"2025-05-02T14:03:35+00:00\" \/>\n<meta property=\"og:image\" content=\"https:\/\/informelitoral.com.ar\/%77%70%2d%63%6f%6e%74%65%6e%74\/uploads\/2022\/04\/combustibles.jpg\" \/>\n\t<meta property=\"og:image:width\" content=\"800\" \/>\n\t<meta property=\"og:image:height\" content=\"450\" \/>\n\t<meta property=\"og:image:type\" content=\"image\/jpeg\" \/>\n<meta name=\"author\" content=\"Sebastian\" \/>\n<meta name=\"twitter:card\" content=\"summary_large_image\" \/>\n<meta name=\"twitter:creator\" content=\"@InformeLitoral\" \/>\n<meta name=\"twitter:site\" content=\"@InformeLitoral\" \/>\n<meta name=\"twitter:label1\" content=\"Escrito por\" \/>\n\t<meta name=\"twitter:data1\" content=\"Sebastian\" \/>\n\t<meta name=\"twitter:label2\" content=\"Tiempo de lectura\" \/>\n\t<meta name=\"twitter:data2\" content=\"1 minuto\" \/>\n<script type=\"application\/ld+json\" class=\"yoast-schema-graph\">{\"@context\":\"https:\\\/\\\/schema.org\",\"@graph\":[{\"@type\":\"Article\",\"@id\":\"https:\\\/\\\/informelitoral.com.ar\\\/shell-se-suma-a-la-baja-de-combustibles-tras-la-medida-de-ypf\\\/#article\",\"isPartOf\":{\"@id\":\"https:\\\/\\\/informelitoral.com.ar\\\/shell-se-suma-a-la-baja-de-combustibles-tras-la-medida-de-ypf\\\/\"},\"author\":{\"name\":\"Sebastian\",\"@id\":\"https:\\\/\\\/informelitoral.com.ar\\\/#\\\/schema\\\/person\\\/f05f9f461677119578717524b127d6d5\"},\"headline\":\"Shell se suma a la baja de combustibles tras la medida de YPF\",\"datePublished\":\"2025-05-02T13:33:16+00:00\",\"dateModified\":\"2025-05-02T14:03:35+00:00\",\"mainEntityOfPage\":{\"@id\":\"https:\\\/\\\/informelitoral.com.ar\\\/shell-se-suma-a-la-baja-de-combustibles-tras-la-medida-de-ypf\\\/\"},\"wordCount\":141,\"commentCount\":0,\"publisher\":{\"@id\":\"https:\\\/\\\/informelitoral.com.ar\\\/#organization\"},\"image\":{\"@id\":\"https:\\\/\\\/informelitoral.com.ar\\\/shell-se-suma-a-la-baja-de-combustibles-tras-la-medida-de-ypf\\\/#primaryimage\"},\"thumbnailUrl\":\"https:\\\/\\\/informelitoral.com.ar\\\/%77%70%2d%63%6f%6e%74%65%6e%74\\\/uploads\\\/2022\\\/04\\\/combustibles.jpg\",\"keywords\":[\"Aumentos\",\"Combustible\"],\"articleSection\":[\"Econom\u00eda\"],\"inLanguage\":\"es\",\"potentialAction\":[{\"@type\":\"CommentAction\",\"name\":\"Comment\",\"target\":[\"https:\\\/\\\/informelitoral.com.ar\\\/shell-se-suma-a-la-baja-de-combustibles-tras-la-medida-de-ypf\\\/#respond\"]}]},{\"@type\":\"WebPage\",\"@id\":\"https:\\\/\\\/informelitoral.com.ar\\\/shell-se-suma-a-la-baja-de-combustibles-tras-la-medida-de-ypf\\\/\",\"url\":\"https:\\\/\\\/informelitoral.com.ar\\\/shell-se-suma-a-la-baja-de-combustibles-tras-la-medida-de-ypf\\\/\",\"name\":\"Shell se suma a la baja de combustibles tras la medida de YPF - Informe Litoral\",\"isPartOf\":{\"@id\":\"https:\\\/\\\/informelitoral.com.ar\\\/#website\"},\"primaryImageOfPage\":{\"@id\":\"https:\\\/\\\/informelitoral.com.ar\\\/shell-se-suma-a-la-baja-de-combustibles-tras-la-medida-de-ypf\\\/#primaryimage\"},\"image\":{\"@id\":\"https:\\\/\\\/informelitoral.com.ar\\\/shell-se-suma-a-la-baja-de-combustibles-tras-la-medida-de-ypf\\\/#primaryimage\"},\"thumbnailUrl\":\"https:\\\/\\\/informelitoral.com.ar\\\/%77%70%2d%63%6f%6e%74%65%6e%74\\\/uploads\\\/2022\\\/04\\\/combustibles.jpg\",\"datePublished\":\"2025-05-02T13:33:16+00:00\",\"dateModified\":\"2025-05-02T14:03:35+00:00\",\"breadcrumb\":{\"@id\":\"https:\\\/\\\/informelitoral.com.ar\\\/shell-se-suma-a-la-baja-de-combustibles-tras-la-medida-de-ypf\\\/#breadcrumb\"},\"inLanguage\":\"es\",\"potentialAction\":[{\"@type\":\"ReadAction\",\"target\":[\"https:\\\/\\\/informelitoral.com.ar\\\/shell-se-suma-a-la-baja-de-combustibles-tras-la-medida-de-ypf\\\/\"]}]},{\"@type\":\"ImageObject\",\"inLanguage\":\"es\",\"@id\":\"https:\\\/\\\/informelitoral.com.ar\\\/shell-se-suma-a-la-baja-de-combustibles-tras-la-medida-de-ypf\\\/#primaryimage\",\"url\":\"https:\\\/\\\/informelitoral.com.ar\\\/%77%70%2d%63%6f%6e%74%65%6e%74\\\/uploads\\\/2022\\\/04\\\/combustibles.jpg\",\"contentUrl\":\"https:\\\/\\\/informelitoral.com.ar\\\/%77%70%2d%63%6f%6e%74%65%6e%74\\\/uploads\\\/2022\\\/04\\\/combustibles.jpg\",\"width\":800,\"height\":450},{\"@type\":\"BreadcrumbList\",\"@id\":\"https:\\\/\\\/informelitoral.com.ar\\\/shell-se-suma-a-la-baja-de-combustibles-tras-la-medida-de-ypf\\\/#breadcrumb\",\"itemListElement\":[{\"@type\":\"ListItem\",\"position\":1,\"name\":\"Portada\",\"item\":\"https:\\\/\\\/informelitoral.com.ar\\\/\"},{\"@type\":\"ListItem\",\"position\":2,\"name\":\"Shell se suma a la baja de combustibles tras la medida de YPF\"}]},{\"@type\":\"WebSite\",\"@id\":\"https:\\\/\\\/informelitoral.com.ar\\\/#website\",\"url\":\"https:\\\/\\\/informelitoral.com.ar\\\/\",\"name\":\"Informe Litoral\",\"description\":\"&quot;Nos informamos&quot; \",\"publisher\":{\"@id\":\"https:\\\/\\\/informelitoral.com.ar\\\/#organization\"},\"potentialAction\":[{\"@type\":\"SearchAction\",\"target\":{\"@type\":\"EntryPoint\",\"urlTemplate\":\"https:\\\/\\\/informelitoral.com.ar\\\/?s={search_term_string}\"},\"query-input\":{\"@type\":\"PropertyValueSpecification\",\"valueRequired\":true,\"valueName\":\"search_term_string\"}}],\"inLanguage\":\"es\"},{\"@type\":\"Organization\",\"@id\":\"https:\\\/\\\/informelitoral.com.ar\\\/#organization\",\"name\":\"Informe Litoral\",\"url\":\"https:\\\/\\\/informelitoral.com.ar\\\/\",\"logo\":{\"@type\":\"ImageObject\",\"inLanguage\":\"es\",\"@id\":\"https:\\\/\\\/informelitoral.com.ar\\\/#\\\/schema\\\/logo\\\/image\\\/\",\"url\":\"https:\\\/\\\/informelitoral.com.ar\\\/%77%70%2d%63%6f%6e%74%65%6e%74\\\/uploads\\\/2021\\\/01\\\/circulo.png\",\"contentUrl\":\"https:\\\/\\\/informelitoral.com.ar\\\/%77%70%2d%63%6f%6e%74%65%6e%74\\\/uploads\\\/2021\\\/01\\\/circulo.png\",\"width\":723,\"height\":731,\"caption\":\"Informe Litoral\"},\"image\":{\"@id\":\"https:\\\/\\\/informelitoral.com.ar\\\/#\\\/schema\\\/logo\\\/image\\\/\"},\"sameAs\":[\"https:\\\/\\\/www.facebook.com\\\/informelitoral\\\/\",\"https:\\\/\\\/x.com\\\/InformeLitoral\",\"https:\\\/\\\/www.instagram.com\\\/informelitoral\\\/\",\"https:\\\/\\\/www.youtube.com\\\/channel\\\/UCua4Qvz8Icb6MYqhoq9xLXw\"]},{\"@type\":\"Person\",\"@id\":\"https:\\\/\\\/informelitoral.com.ar\\\/#\\\/schema\\\/person\\\/f05f9f461677119578717524b127d6d5\",\"name\":\"Sebastian\",\"image\":{\"@type\":\"ImageObject\",\"inLanguage\":\"es\",\"@id\":\"https:\\\/\\\/secure.gravatar.com\\\/avatar\\\/b71bf7481d447dfb9583c7f2798e7cc64de6efb9067b74633ed8c31059a3bd82?s=96&d=mm&r=g\",\"url\":\"https:\\\/\\\/secure.gravatar.com\\\/avatar\\\/b71bf7481d447dfb9583c7f2798e7cc64de6efb9067b74633ed8c31059a3bd82?s=96&d=mm&r=g\",\"contentUrl\":\"https:\\\/\\\/secure.gravatar.com\\\/avatar\\\/b71bf7481d447dfb9583c7f2798e7cc64de6efb9067b74633ed8c31059a3bd82?s=96&d=mm&r=g\",\"caption\":\"Sebastian\"},\"url\":\"https:\\\/\\\/informelitoral.com.ar\\\/author\\\/sebastian\\\/\"}]}<\/script>","yoast_head_json":{"title":"Shell se suma a la baja de combustibles tras la medida de YPF - Informe Litoral","robots":{"index":"index","follow":"follow","max-snippet":"max-snippet:-1","max-image-preview":"max-image-preview:large","max-video-preview":"max-video-preview:-1"},"canonical":"https:\/\/informelitoral.com.ar\/shell-se-suma-a-la-baja-de-combustibles-tras-la-medida-de-ypf\/","og_locale":"es_ES","og_type":"article","og_title":"Shell se suma a la baja de combustibles tras la medida de YPF - Informe Litoral","og_description":"En Paran\u00e1, y en el resto del pa\u00eds, Shell se sum\u00f3 a la estatal YPF y decidi\u00f3 aplicar una baja en el valor de sus combustibles este jueves.","og_url":"https:\/\/informelitoral.com.ar\/shell-se-suma-a-la-baja-de-combustibles-tras-la-medida-de-ypf\/","og_site_name":"Informe Litoral","article_publisher":"https:\/\/www.facebook.com\/informelitoral\/","article_published_time":"2025-05-02T13:33:16+00:00","article_modified_time":"2025-05-02T14:03:35+00:00","og_image":[{"width":800,"height":450,"url":"https:\/\/informelitoral.com.ar\/%77%70%2d%63%6f%6e%74%65%6e%74\/uploads\/2022\/04\/combustibles.jpg","type":"image\/jpeg"}],"author":"Sebastian","twitter_card":"summary_large_image","twitter_creator":"@InformeLitoral","twitter_site":"@InformeLitoral","twitter_misc":{"Escrito por":"Sebastian","Tiempo de lectura":"1 minuto"},"schema":{"@context":"https:\/\/schema.org","@graph":[{"@type":"Article","@id":"https:\/\/informelitoral.com.ar\/shell-se-suma-a-la-baja-de-combustibles-tras-la-medida-de-ypf\/#article","isPartOf":{"@id":"https:\/\/informelitoral.com.ar\/shell-se-suma-a-la-baja-de-combustibles-tras-la-medida-de-ypf\/"},"author":{"name":"Sebastian","@id":"https:\/\/informelitoral.com.ar\/#\/schema\/person\/f05f9f461677119578717524b127d6d5"},"headline":"Shell se suma a la baja de combustibles tras la medida de YPF","datePublished":"2025-05-02T13:33:16+00:00","dateModified":"2025-05-02T14:03:35+00:00","mainEntityOfPage":{"@id":"https:\/\/informelitoral.com.ar\/shell-se-suma-a-la-baja-de-combustibles-tras-la-medida-de-ypf\/"},"wordCount":141,"commentCount":0,"publisher":{"@id":"https:\/\/informelitoral.com.ar\/#organization"},"image":{"@id":"https:\/\/informelitoral.com.ar\/shell-se-suma-a-la-baja-de-combustibles-tras-la-medida-de-ypf\/#primaryimage"},"thumbnailUrl":"https:\/\/informelitoral.com.ar\/%77%70%2d%63%6f%6e%74%65%6e%74\/uploads\/2022\/04\/combustibles.jpg","keywords":["Aumentos","Combustible"],"articleSection":["Econom\u00eda"],"inLanguage":"es","potentialAction":[{"@type":"CommentAction","name":"Comment","target":["https:\/\/informelitoral.com.ar\/shell-se-suma-a-la-baja-de-combustibles-tras-la-medida-de-ypf\/#respond"]}]},{"@type":"WebPage","@id":"https:\/\/informelitoral.com.ar\/shell-se-suma-a-la-baja-de-combustibles-tras-la-medida-de-ypf\/","url":"https:\/\/informelitoral.com.ar\/shell-se-suma-a-la-baja-de-combustibles-tras-la-medida-de-ypf\/","name":"Shell se suma a la baja de combustibles tras la medida de YPF - Informe Litoral","isPartOf":{"@id":"https:\/\/informelitoral.com.ar\/#website"},"primaryImageOfPage":{"@id":"https:\/\/informelitoral.com.ar\/shell-se-suma-a-la-baja-de-combustibles-tras-la-medida-de-ypf\/#primaryimage"},"image":{"@id":"https:\/\/informelitoral.com.ar\/shell-se-suma-a-la-baja-de-combustibles-tras-la-medida-de-ypf\/#primaryimage"},"thumbnailUrl":"https:\/\/informelitoral.com.ar\/%77%70%2d%63%6f%6e%74%65%6e%74\/uploads\/2022\/04\/combustibles.jpg","datePublished":"2025-05-02T13:33:16+00:00","dateModified":"2025-05-02T14:03:35+00:00","breadcrumb":{"@id":"https:\/\/informelitoral.com.ar\/shell-se-suma-a-la-baja-de-combustibles-tras-la-medida-de-ypf\/#breadcrumb"},"inLanguage":"es","potentialAction":[{"@type":"ReadAction","target":["https:\/\/informelitoral.com.ar\/shell-se-suma-a-la-baja-de-combustibles-tras-la-medida-de-ypf\/"]}]},{"@type":"ImageObject","inLanguage":"es","@id":"https:\/\/informelitoral.com.ar\/shell-se-suma-a-la-baja-de-combustibles-tras-la-medida-de-ypf\/#primaryimage","url":"https:\/\/informelitoral.com.ar\/%77%70%2d%63%6f%6e%74%65%6e%74\/uploads\/2022\/04\/combustibles.jpg","contentUrl":"https:\/\/informelitoral.com.ar\/%77%70%2d%63%6f%6e%74%65%6e%74\/uploads\/2022\/04\/combustibles.jpg","width":800,"height":450},{"@type":"BreadcrumbList","@id":"https:\/\/informelitoral.com.ar\/shell-se-suma-a-la-baja-de-combustibles-tras-la-medida-de-ypf\/#breadcrumb","itemListElement":[{"@type":"ListItem","position":1,"name":"Portada","item":"https:\/\/informelitoral.com.ar\/"},{"@type":"ListItem","position":2,"name":"Shell se suma a la baja de combustibles tras la medida de YPF"}]},{"@type":"WebSite","@id":"https:\/\/informelitoral.com.ar\/#website","url":"https:\/\/informelitoral.com.ar\/","name":"Informe Litoral","description":"&quot;Nos informamos&quot; ","publisher":{"@id":"https:\/\/informelitoral.com.ar\/#organization"},"potentialAction":[{"@type":"SearchAction","target":{"@type":"EntryPoint","urlTemplate":"https:\/\/informelitoral.com.ar\/?s={search_term_string}"},"query-input":{"@type":"PropertyValueSpecification","valueRequired":true,"valueName":"search_term_string"}}],"inLanguage":"es"},{"@type":"Organization","@id":"https:\/\/informelitoral.com.ar\/#organization","name":"Informe Litoral","url":"https:\/\/informelitoral.com.ar\/","logo":{"@type":"ImageObject","inLanguage":"es","@id":"https:\/\/informelitoral.com.ar\/#\/schema\/logo\/image\/","url":"https:\/\/informelitoral.com.ar\/%77%70%2d%63%6f%6e%74%65%6e%74\/uploads\/2021\/01\/circulo.png","contentUrl":"https:\/\/informelitoral.com.ar\/%77%70%2d%63%6f%6e%74%65%6e%74\/uploads\/2021\/01\/circulo.png","width":723,"height":731,"caption":"Informe Litoral"},"image":{"@id":"https:\/\/informelitoral.com.ar\/#\/schema\/logo\/image\/"},"sameAs":["https:\/\/www.facebook.com\/informelitoral\/","https:\/\/x.com\/InformeLitoral","https:\/\/www.instagram.com\/informelitoral\/","https:\/\/www.youtube.com\/channel\/UCua4Qvz8Icb6MYqhoq9xLXw"]},{"@type":"Person","@id":"https:\/\/informelitoral.com.ar\/#\/schema\/person\/f05f9f461677119578717524b127d6d5","name":"Sebastian","image":{"@type":"ImageObject","inLanguage":"es","@id":"https:\/\/secure.gravatar.com\/avatar\/b71bf7481d447dfb9583c7f2798e7cc64de6efb9067b74633ed8c31059a3bd82?s=96&d=mm&r=g","url":"https:\/\/secure.gravatar.com\/avatar\/b71bf7481d447dfb9583c7f2798e7cc64de6efb9067b74633ed8c31059a3bd82?s=96&d=mm&r=g","contentUrl":"https:\/\/secure.gravatar.com\/avatar\/b71bf7481d447dfb9583c7f2798e7cc64de6efb9067b74633ed8c31059a3bd82?s=96&d=mm&r=g","caption":"Sebastian"},"url":"https:\/\/informelitoral.com.ar\/author\/sebastian\/"}]}},"_links":{"self":[{"href":"https:\/\/informelitoral.com.ar\/%77%70%2d%6a%73%6f%6e\/wp\/v2\/posts\/220241","targetHints":{"allow":["GET"]}}],"collection":[{"href":"https:\/\/informelitoral.com.ar\/%77%70%2d%6a%73%6f%6e\/wp\/v2\/posts"}],"about":[{"href":"https:\/\/informelitoral.com.ar\/%77%70%2d%6a%73%6f%6e\/wp\/v2\/types\/post"}],"author":[{"embeddable":true,"href":"https:\/\/informelitoral.com.ar\/%77%70%2d%6a%73%6f%6e\/wp\/v2\/users\/8"}],"replies":[{"embeddable":true,"href":"https:\/\/informelitoral.com.ar\/%77%70%2d%6a%73%6f%6e\/wp\/v2\/comments?post=220241"}],"version-history":[{"count":0,"href":"https:\/\/informelitoral.com.ar\/%77%70%2d%6a%73%6f%6e\/wp\/v2\/posts\/220241\/revisions"}],"wp:featuredmedia":[{"embeddable":true,"href":"https:\/\/informelitoral.com.ar\/%77%70%2d%6a%73%6f%6e\/wp\/v2\/media\/75557"}],"wp:attachment":[{"href":"https:\/\/informelitoral.com.ar\/%77%70%2d%6a%73%6f%6e\/wp\/v2\/media?parent=220241"}],"wp:term":[{"taxonomy":"category","embeddable":true,"href":"https:\/\/informelitoral.com.ar\/%77%70%2d%6a%73%6f%6e\/wp\/v2\/categories?post=220241"},{"taxonomy":"post_tag","embeddable":true,"href":"https:\/\/informelitoral.com.ar\/%77%70%2d%6a%73%6f%6e\/wp\/v2\/tags?post=220241"}],"curies":[{"name":"wp","href":"https:\/\/api.w.org\/{rel}","templated":true}]}}