{"id":220227,"date":"2025-05-02T10:05:33","date_gmt":"2025-05-02T13:05:33","guid":{"rendered":"https:\/\/informelitoral.com.ar\/?p=220227"},"modified":"2025-05-02T10:19:18","modified_gmt":"2025-05-02T13:19:18","slug":"la-deuda-publica-crecio-un-28-en-el-primer-ano-de-la-gestion-de-frigerio","status":"publish","type":"post","link":"https:\/\/informelitoral.com.ar\/la-deuda-publica-crecio-un-28-en-el-primer-ano-de-la-gestion-de-frigerio\/","title":{"rendered":"Impuesto Inmobiliario Urbano: sin nuevos tributos, con topes por debajo la inflaci\u00f3n y beneficios para los contribuyentes"},"content":{"rendered":"<p>Uno de los puntos que podr\u00eda haberse interpretado err\u00f3neamente es la incorporaci\u00f3n en la boleta de la especificaci\u00f3n \u00abFondo de Mantenimiento Edilicio de Edificios Escolares\u00bb. Es importante dejar en claro que esto no representa un nuevo tributo ni implica ning\u00fan tipo de aumento en el impuesto. El contribuyente no paga m\u00e1s: lo que se establece, a partir de la Reforma Tributaria, es que una parte del monto ya incluido en el Impuesto Inmobiliario Urbano se asigne a obras de infraestructura escolar y servicios p\u00fablicos esenciales.<\/p>\n<p>Esta medida busca responder de forma concreta y transparente a una preocupaci\u00f3n compartida por todos los entrerrianos: mejorar el estado edilicio de las escuelas. No es una carga adicional, sino una forma de asegurar que parte de lo que ya se tributa tenga un destino directo y tangible en beneficio de la comunidad.<\/p>\n<p>Por otra parte, se recuerda que el sector hotelero y gastron\u00f3mico cuenta con una exenci\u00f3n del 50 por ciento en el Impuesto Inmobiliario, beneficio vigente que demuestra el acompa\u00f1amiento real del gobierno provincial a una actividad estrat\u00e9gica para el turismo y el empleo.<\/p>\n<p>Asimismo, es importante reiterar que en las situaciones puntuales donde el incremento super\u00f3 el beneficio por tope del 115 por ciento se debe exclusivamente a la existencia de mejoras edilicias en los inmuebles o de propiedades ubicadas en las dos categor\u00edas m\u00e1s altas de la valuaci\u00f3n fiscal.<\/p>\n<p>De este modo, el esquema tributario sostiene un criterio de progresividad, en el que quienes poseen mayor capacidad patrimonial realizan un mayor aporte, de manera justa y proporcionada.<\/p>\n<p>Desde el Gobierno de Entre R\u00edos se reafirma el compromiso con un sistema tributario equitativo, responsable y transparente, que no solo protege a los contribuyentes sino que garantiza el financiamiento de servicios fundamentales como la educaci\u00f3n, la salud y la seguridad.<\/p>\n<p>Finalmente, es importante decir que toda esta informaci\u00f3n fue ratificada por la Administradora Tributaria de Entre R\u00edos (ATER), organismo competente en la aplicaci\u00f3n y ejecuci\u00f3n del Impuesto Inmobiliario, y est\u00e1 a disposici\u00f3n &#8211; por las v\u00edas oficiales &#8211; de cualquier contribuyente o instituci\u00f3n entrerriana.<\/p>\n","protected":false},"excerpt":{"rendered":"<p>Ante declaraciones difundidas en las \u00faltimas horas por determinado sector del \u00e1mbito tur\u00edstico y hotelero en la costa del Uruguay, el Gobierno provincial, a trav\u00e9s de la Administradora Tributaria de Entre R\u00edos (ATER), reitera que no se ha creado ning\u00fan nuevo impuesto y que la actualizaci\u00f3n del Impuesto Inmobiliario se realiz\u00f3 con un tope del 115 por ciento, por debajo de la inflaci\u00f3n interanual, que fue del 118 por ciento (beneficio que alcanza a m\u00e1s del 85 por ciento de las partidas).<\/p>\n","protected":false},"author":8,"featured_media":68358,"comment_status":"open","ping_status":"open","sticky":false,"template":"","format":"standard","meta":{"fifu_image_url":"","fifu_image_alt":"","footnotes":""},"categories":[6],"tags":[591,81],"class_list":{"0":"post-220227","1":"post","2":"type-post","3":"status-publish","4":"format-standard","5":"has-post-thumbnail","7":"category-entre-rios","8":"tag-ater","9":"tag-entre-rios"},"yoast_head":"<title>Impuesto Inmobiliario Urbano: sin nuevos tributos, con topes por debajo la inflaci\u00f3n y beneficios para los contribuyentes - Informe Litoral<\/title>\n<meta name=\"robots\" content=\"index, follow, max-snippet:-1, max-image-preview:large, max-video-preview:-1\" \/>\n<link rel=\"canonical\" href=\"https:\/\/informelitoral.com.ar\/la-deuda-publica-crecio-un-28-en-el-primer-ano-de-la-gestion-de-frigerio\/\" \/>\n<meta property=\"og:locale\" content=\"es_ES\" \/>\n<meta property=\"og:type\" content=\"article\" \/>\n<meta property=\"og:title\" content=\"Impuesto Inmobiliario Urbano: sin nuevos tributos, con topes por debajo la inflaci\u00f3n y beneficios para los contribuyentes - Informe Litoral\" \/>\n<meta property=\"og:description\" content=\"Ante declaraciones difundidas en las \u00faltimas horas por determinado sector del \u00e1mbito tur\u00edstico y hotelero en la costa del Uruguay, el Gobierno provincial, a trav\u00e9s de la Administradora Tributaria de Entre R\u00edos (ATER), reitera que no se ha creado ning\u00fan nuevo impuesto y que la actualizaci\u00f3n del Impuesto Inmobiliario se realiz\u00f3 con un tope del 115 por ciento, por debajo de la inflaci\u00f3n interanual, que fue del 118 por ciento (beneficio que alcanza a m\u00e1s del 85 por ciento de las partidas).\" \/>\n<meta property=\"og:url\" content=\"https:\/\/informelitoral.com.ar\/la-deuda-publica-crecio-un-28-en-el-primer-ano-de-la-gestion-de-frigerio\/\" \/>\n<meta property=\"og:site_name\" content=\"Informe Litoral\" \/>\n<meta property=\"article:publisher\" content=\"https:\/\/www.facebook.com\/informelitoral\/\" \/>\n<meta property=\"article:published_time\" content=\"2025-05-02T13:05:33+00:00\" \/>\n<meta property=\"article:modified_time\" content=\"2025-05-02T13:19:18+00:00\" \/>\n<meta property=\"og:image\" content=\"https:\/\/informelitoral.com.ar\/%77%70%2d%63%6f%6e%74%65%6e%74\/uploads\/2021\/12\/ater.jpg\" \/>\n\t<meta property=\"og:image:width\" content=\"1920\" \/>\n\t<meta property=\"og:image:height\" content=\"800\" \/>\n\t<meta property=\"og:image:type\" content=\"image\/jpeg\" \/>\n<meta name=\"author\" content=\"Sebastian\" \/>\n<meta name=\"twitter:card\" content=\"summary_large_image\" \/>\n<meta name=\"twitter:creator\" content=\"@InformeLitoral\" \/>\n<meta name=\"twitter:site\" content=\"@InformeLitoral\" \/>\n<meta name=\"twitter:label1\" content=\"Escrito por\" \/>\n\t<meta name=\"twitter:data1\" content=\"Sebastian\" \/>\n\t<meta name=\"twitter:label2\" content=\"Tiempo de lectura\" \/>\n\t<meta name=\"twitter:data2\" content=\"2 minutos\" \/>\n<script type=\"application\/ld+json\" class=\"yoast-schema-graph\">{\"@context\":\"https:\\\/\\\/schema.org\",\"@graph\":[{\"@type\":\"Article\",\"@id\":\"https:\\\/\\\/informelitoral.com.ar\\\/la-deuda-publica-crecio-un-28-en-el-primer-ano-de-la-gestion-de-frigerio\\\/#article\",\"isPartOf\":{\"@id\":\"https:\\\/\\\/informelitoral.com.ar\\\/la-deuda-publica-crecio-un-28-en-el-primer-ano-de-la-gestion-de-frigerio\\\/\"},\"author\":{\"name\":\"Sebastian\",\"@id\":\"https:\\\/\\\/informelitoral.com.ar\\\/#\\\/schema\\\/person\\\/f05f9f461677119578717524b127d6d5\"},\"headline\":\"Impuesto Inmobiliario Urbano: sin nuevos tributos, con topes por debajo la inflaci\u00f3n y beneficios para los contribuyentes\",\"datePublished\":\"2025-05-02T13:05:33+00:00\",\"dateModified\":\"2025-05-02T13:19:18+00:00\",\"mainEntityOfPage\":{\"@id\":\"https:\\\/\\\/informelitoral.com.ar\\\/la-deuda-publica-crecio-un-28-en-el-primer-ano-de-la-gestion-de-frigerio\\\/\"},\"wordCount\":381,\"commentCount\":0,\"publisher\":{\"@id\":\"https:\\\/\\\/informelitoral.com.ar\\\/#organization\"},\"image\":{\"@id\":\"https:\\\/\\\/informelitoral.com.ar\\\/la-deuda-publica-crecio-un-28-en-el-primer-ano-de-la-gestion-de-frigerio\\\/#primaryimage\"},\"thumbnailUrl\":\"https:\\\/\\\/informelitoral.com.ar\\\/%77%70%2d%63%6f%6e%74%65%6e%74\\\/uploads\\\/2021\\\/12\\\/ater.jpg\",\"keywords\":[\"ATER\",\"Entre R\u00edos\"],\"articleSection\":[\"Entre R\u00edos\"],\"inLanguage\":\"es\",\"potentialAction\":[{\"@type\":\"CommentAction\",\"name\":\"Comment\",\"target\":[\"https:\\\/\\\/informelitoral.com.ar\\\/la-deuda-publica-crecio-un-28-en-el-primer-ano-de-la-gestion-de-frigerio\\\/#respond\"]}]},{\"@type\":\"WebPage\",\"@id\":\"https:\\\/\\\/informelitoral.com.ar\\\/la-deuda-publica-crecio-un-28-en-el-primer-ano-de-la-gestion-de-frigerio\\\/\",\"url\":\"https:\\\/\\\/informelitoral.com.ar\\\/la-deuda-publica-crecio-un-28-en-el-primer-ano-de-la-gestion-de-frigerio\\\/\",\"name\":\"Impuesto Inmobiliario Urbano: sin nuevos tributos, con topes por debajo la inflaci\u00f3n y beneficios para los contribuyentes - Informe Litoral\",\"isPartOf\":{\"@id\":\"https:\\\/\\\/informelitoral.com.ar\\\/#website\"},\"primaryImageOfPage\":{\"@id\":\"https:\\\/\\\/informelitoral.com.ar\\\/la-deuda-publica-crecio-un-28-en-el-primer-ano-de-la-gestion-de-frigerio\\\/#primaryimage\"},\"image\":{\"@id\":\"https:\\\/\\\/informelitoral.com.ar\\\/la-deuda-publica-crecio-un-28-en-el-primer-ano-de-la-gestion-de-frigerio\\\/#primaryimage\"},\"thumbnailUrl\":\"https:\\\/\\\/informelitoral.com.ar\\\/%77%70%2d%63%6f%6e%74%65%6e%74\\\/uploads\\\/2021\\\/12\\\/ater.jpg\",\"datePublished\":\"2025-05-02T13:05:33+00:00\",\"dateModified\":\"2025-05-02T13:19:18+00:00\",\"breadcrumb\":{\"@id\":\"https:\\\/\\\/informelitoral.com.ar\\\/la-deuda-publica-crecio-un-28-en-el-primer-ano-de-la-gestion-de-frigerio\\\/#breadcrumb\"},\"inLanguage\":\"es\",\"potentialAction\":[{\"@type\":\"ReadAction\",\"target\":[\"https:\\\/\\\/informelitoral.com.ar\\\/la-deuda-publica-crecio-un-28-en-el-primer-ano-de-la-gestion-de-frigerio\\\/\"]}]},{\"@type\":\"ImageObject\",\"inLanguage\":\"es\",\"@id\":\"https:\\\/\\\/informelitoral.com.ar\\\/la-deuda-publica-crecio-un-28-en-el-primer-ano-de-la-gestion-de-frigerio\\\/#primaryimage\",\"url\":\"https:\\\/\\\/informelitoral.com.ar\\\/%77%70%2d%63%6f%6e%74%65%6e%74\\\/uploads\\\/2021\\\/12\\\/ater.jpg\",\"contentUrl\":\"https:\\\/\\\/informelitoral.com.ar\\\/%77%70%2d%63%6f%6e%74%65%6e%74\\\/uploads\\\/2021\\\/12\\\/ater.jpg\",\"width\":1920,\"height\":800},{\"@type\":\"BreadcrumbList\",\"@id\":\"https:\\\/\\\/informelitoral.com.ar\\\/la-deuda-publica-crecio-un-28-en-el-primer-ano-de-la-gestion-de-frigerio\\\/#breadcrumb\",\"itemListElement\":[{\"@type\":\"ListItem\",\"position\":1,\"name\":\"Portada\",\"item\":\"https:\\\/\\\/informelitoral.com.ar\\\/\"},{\"@type\":\"ListItem\",\"position\":2,\"name\":\"Impuesto Inmobiliario Urbano: sin nuevos tributos, con topes por debajo la inflaci\u00f3n y beneficios para los contribuyentes\"}]},{\"@type\":\"WebSite\",\"@id\":\"https:\\\/\\\/informelitoral.com.ar\\\/#website\",\"url\":\"https:\\\/\\\/informelitoral.com.ar\\\/\",\"name\":\"Informe Litoral\",\"description\":\"&quot;Nos informamos&quot; \",\"publisher\":{\"@id\":\"https:\\\/\\\/informelitoral.com.ar\\\/#organization\"},\"potentialAction\":[{\"@type\":\"SearchAction\",\"target\":{\"@type\":\"EntryPoint\",\"urlTemplate\":\"https:\\\/\\\/informelitoral.com.ar\\\/?s={search_term_string}\"},\"query-input\":{\"@type\":\"PropertyValueSpecification\",\"valueRequired\":true,\"valueName\":\"search_term_string\"}}],\"inLanguage\":\"es\"},{\"@type\":\"Organization\",\"@id\":\"https:\\\/\\\/informelitoral.com.ar\\\/#organization\",\"name\":\"Informe Litoral\",\"url\":\"https:\\\/\\\/informelitoral.com.ar\\\/\",\"logo\":{\"@type\":\"ImageObject\",\"inLanguage\":\"es\",\"@id\":\"https:\\\/\\\/informelitoral.com.ar\\\/#\\\/schema\\\/logo\\\/image\\\/\",\"url\":\"https:\\\/\\\/informelitoral.com.ar\\\/%77%70%2d%63%6f%6e%74%65%6e%74\\\/uploads\\\/2021\\\/01\\\/circulo.png\",\"contentUrl\":\"https:\\\/\\\/informelitoral.com.ar\\\/%77%70%2d%63%6f%6e%74%65%6e%74\\\/uploads\\\/2021\\\/01\\\/circulo.png\",\"width\":723,\"height\":731,\"caption\":\"Informe Litoral\"},\"image\":{\"@id\":\"https:\\\/\\\/informelitoral.com.ar\\\/#\\\/schema\\\/logo\\\/image\\\/\"},\"sameAs\":[\"https:\\\/\\\/www.facebook.com\\\/informelitoral\\\/\",\"https:\\\/\\\/x.com\\\/InformeLitoral\",\"https:\\\/\\\/www.instagram.com\\\/informelitoral\\\/\",\"https:\\\/\\\/www.youtube.com\\\/channel\\\/UCua4Qvz8Icb6MYqhoq9xLXw\"]},{\"@type\":\"Person\",\"@id\":\"https:\\\/\\\/informelitoral.com.ar\\\/#\\\/schema\\\/person\\\/f05f9f461677119578717524b127d6d5\",\"name\":\"Sebastian\",\"image\":{\"@type\":\"ImageObject\",\"inLanguage\":\"es\",\"@id\":\"https:\\\/\\\/secure.gravatar.com\\\/avatar\\\/b71bf7481d447dfb9583c7f2798e7cc64de6efb9067b74633ed8c31059a3bd82?s=96&d=mm&r=g\",\"url\":\"https:\\\/\\\/secure.gravatar.com\\\/avatar\\\/b71bf7481d447dfb9583c7f2798e7cc64de6efb9067b74633ed8c31059a3bd82?s=96&d=mm&r=g\",\"contentUrl\":\"https:\\\/\\\/secure.gravatar.com\\\/avatar\\\/b71bf7481d447dfb9583c7f2798e7cc64de6efb9067b74633ed8c31059a3bd82?s=96&d=mm&r=g\",\"caption\":\"Sebastian\"},\"url\":\"https:\\\/\\\/informelitoral.com.ar\\\/author\\\/sebastian\\\/\"}]}<\/script>","yoast_head_json":{"title":"Impuesto Inmobiliario Urbano: sin nuevos tributos, con topes por debajo la inflaci\u00f3n y beneficios para los contribuyentes - Informe Litoral","robots":{"index":"index","follow":"follow","max-snippet":"max-snippet:-1","max-image-preview":"max-image-preview:large","max-video-preview":"max-video-preview:-1"},"canonical":"https:\/\/informelitoral.com.ar\/la-deuda-publica-crecio-un-28-en-el-primer-ano-de-la-gestion-de-frigerio\/","og_locale":"es_ES","og_type":"article","og_title":"Impuesto Inmobiliario Urbano: sin nuevos tributos, con topes por debajo la inflaci\u00f3n y beneficios para los contribuyentes - Informe Litoral","og_description":"Ante declaraciones difundidas en las \u00faltimas horas por determinado sector del \u00e1mbito tur\u00edstico y hotelero en la costa del Uruguay, el Gobierno provincial, a trav\u00e9s de la Administradora Tributaria de Entre R\u00edos (ATER), reitera que no se ha creado ning\u00fan nuevo impuesto y que la actualizaci\u00f3n del Impuesto Inmobiliario se realiz\u00f3 con un tope del 115 por ciento, por debajo de la inflaci\u00f3n interanual, que fue del 118 por ciento (beneficio que alcanza a m\u00e1s del 85 por ciento de las partidas).","og_url":"https:\/\/informelitoral.com.ar\/la-deuda-publica-crecio-un-28-en-el-primer-ano-de-la-gestion-de-frigerio\/","og_site_name":"Informe Litoral","article_publisher":"https:\/\/www.facebook.com\/informelitoral\/","article_published_time":"2025-05-02T13:05:33+00:00","article_modified_time":"2025-05-02T13:19:18+00:00","og_image":[{"width":1920,"height":800,"url":"https:\/\/informelitoral.com.ar\/%77%70%2d%63%6f%6e%74%65%6e%74\/uploads\/2021\/12\/ater.jpg","type":"image\/jpeg"}],"author":"Sebastian","twitter_card":"summary_large_image","twitter_creator":"@InformeLitoral","twitter_site":"@InformeLitoral","twitter_misc":{"Escrito por":"Sebastian","Tiempo de lectura":"2 minutos"},"schema":{"@context":"https:\/\/schema.org","@graph":[{"@type":"Article","@id":"https:\/\/informelitoral.com.ar\/la-deuda-publica-crecio-un-28-en-el-primer-ano-de-la-gestion-de-frigerio\/#article","isPartOf":{"@id":"https:\/\/informelitoral.com.ar\/la-deuda-publica-crecio-un-28-en-el-primer-ano-de-la-gestion-de-frigerio\/"},"author":{"name":"Sebastian","@id":"https:\/\/informelitoral.com.ar\/#\/schema\/person\/f05f9f461677119578717524b127d6d5"},"headline":"Impuesto Inmobiliario Urbano: sin nuevos tributos, con topes por debajo la inflaci\u00f3n y beneficios para los contribuyentes","datePublished":"2025-05-02T13:05:33+00:00","dateModified":"2025-05-02T13:19:18+00:00","mainEntityOfPage":{"@id":"https:\/\/informelitoral.com.ar\/la-deuda-publica-crecio-un-28-en-el-primer-ano-de-la-gestion-de-frigerio\/"},"wordCount":381,"commentCount":0,"publisher":{"@id":"https:\/\/informelitoral.com.ar\/#organization"},"image":{"@id":"https:\/\/informelitoral.com.ar\/la-deuda-publica-crecio-un-28-en-el-primer-ano-de-la-gestion-de-frigerio\/#primaryimage"},"thumbnailUrl":"https:\/\/informelitoral.com.ar\/%77%70%2d%63%6f%6e%74%65%6e%74\/uploads\/2021\/12\/ater.jpg","keywords":["ATER","Entre R\u00edos"],"articleSection":["Entre R\u00edos"],"inLanguage":"es","potentialAction":[{"@type":"CommentAction","name":"Comment","target":["https:\/\/informelitoral.com.ar\/la-deuda-publica-crecio-un-28-en-el-primer-ano-de-la-gestion-de-frigerio\/#respond"]}]},{"@type":"WebPage","@id":"https:\/\/informelitoral.com.ar\/la-deuda-publica-crecio-un-28-en-el-primer-ano-de-la-gestion-de-frigerio\/","url":"https:\/\/informelitoral.com.ar\/la-deuda-publica-crecio-un-28-en-el-primer-ano-de-la-gestion-de-frigerio\/","name":"Impuesto Inmobiliario Urbano: sin nuevos tributos, con topes por debajo la inflaci\u00f3n y beneficios para los contribuyentes - Informe Litoral","isPartOf":{"@id":"https:\/\/informelitoral.com.ar\/#website"},"primaryImageOfPage":{"@id":"https:\/\/informelitoral.com.ar\/la-deuda-publica-crecio-un-28-en-el-primer-ano-de-la-gestion-de-frigerio\/#primaryimage"},"image":{"@id":"https:\/\/informelitoral.com.ar\/la-deuda-publica-crecio-un-28-en-el-primer-ano-de-la-gestion-de-frigerio\/#primaryimage"},"thumbnailUrl":"https:\/\/informelitoral.com.ar\/%77%70%2d%63%6f%6e%74%65%6e%74\/uploads\/2021\/12\/ater.jpg","datePublished":"2025-05-02T13:05:33+00:00","dateModified":"2025-05-02T13:19:18+00:00","breadcrumb":{"@id":"https:\/\/informelitoral.com.ar\/la-deuda-publica-crecio-un-28-en-el-primer-ano-de-la-gestion-de-frigerio\/#breadcrumb"},"inLanguage":"es","potentialAction":[{"@type":"ReadAction","target":["https:\/\/informelitoral.com.ar\/la-deuda-publica-crecio-un-28-en-el-primer-ano-de-la-gestion-de-frigerio\/"]}]},{"@type":"ImageObject","inLanguage":"es","@id":"https:\/\/informelitoral.com.ar\/la-deuda-publica-crecio-un-28-en-el-primer-ano-de-la-gestion-de-frigerio\/#primaryimage","url":"https:\/\/informelitoral.com.ar\/%77%70%2d%63%6f%6e%74%65%6e%74\/uploads\/2021\/12\/ater.jpg","contentUrl":"https:\/\/informelitoral.com.ar\/%77%70%2d%63%6f%6e%74%65%6e%74\/uploads\/2021\/12\/ater.jpg","width":1920,"height":800},{"@type":"BreadcrumbList","@id":"https:\/\/informelitoral.com.ar\/la-deuda-publica-crecio-un-28-en-el-primer-ano-de-la-gestion-de-frigerio\/#breadcrumb","itemListElement":[{"@type":"ListItem","position":1,"name":"Portada","item":"https:\/\/informelitoral.com.ar\/"},{"@type":"ListItem","position":2,"name":"Impuesto Inmobiliario Urbano: sin nuevos tributos, con topes por debajo la inflaci\u00f3n y beneficios para los contribuyentes"}]},{"@type":"WebSite","@id":"https:\/\/informelitoral.com.ar\/#website","url":"https:\/\/informelitoral.com.ar\/","name":"Informe Litoral","description":"&quot;Nos informamos&quot; ","publisher":{"@id":"https:\/\/informelitoral.com.ar\/#organization"},"potentialAction":[{"@type":"SearchAction","target":{"@type":"EntryPoint","urlTemplate":"https:\/\/informelitoral.com.ar\/?s={search_term_string}"},"query-input":{"@type":"PropertyValueSpecification","valueRequired":true,"valueName":"search_term_string"}}],"inLanguage":"es"},{"@type":"Organization","@id":"https:\/\/informelitoral.com.ar\/#organization","name":"Informe Litoral","url":"https:\/\/informelitoral.com.ar\/","logo":{"@type":"ImageObject","inLanguage":"es","@id":"https:\/\/informelitoral.com.ar\/#\/schema\/logo\/image\/","url":"https:\/\/informelitoral.com.ar\/%77%70%2d%63%6f%6e%74%65%6e%74\/uploads\/2021\/01\/circulo.png","contentUrl":"https:\/\/informelitoral.com.ar\/%77%70%2d%63%6f%6e%74%65%6e%74\/uploads\/2021\/01\/circulo.png","width":723,"height":731,"caption":"Informe Litoral"},"image":{"@id":"https:\/\/informelitoral.com.ar\/#\/schema\/logo\/image\/"},"sameAs":["https:\/\/www.facebook.com\/informelitoral\/","https:\/\/x.com\/InformeLitoral","https:\/\/www.instagram.com\/informelitoral\/","https:\/\/www.youtube.com\/channel\/UCua4Qvz8Icb6MYqhoq9xLXw"]},{"@type":"Person","@id":"https:\/\/informelitoral.com.ar\/#\/schema\/person\/f05f9f461677119578717524b127d6d5","name":"Sebastian","image":{"@type":"ImageObject","inLanguage":"es","@id":"https:\/\/secure.gravatar.com\/avatar\/b71bf7481d447dfb9583c7f2798e7cc64de6efb9067b74633ed8c31059a3bd82?s=96&d=mm&r=g","url":"https:\/\/secure.gravatar.com\/avatar\/b71bf7481d447dfb9583c7f2798e7cc64de6efb9067b74633ed8c31059a3bd82?s=96&d=mm&r=g","contentUrl":"https:\/\/secure.gravatar.com\/avatar\/b71bf7481d447dfb9583c7f2798e7cc64de6efb9067b74633ed8c31059a3bd82?s=96&d=mm&r=g","caption":"Sebastian"},"url":"https:\/\/informelitoral.com.ar\/author\/sebastian\/"}]}},"_links":{"self":[{"href":"https:\/\/informelitoral.com.ar\/%77%70%2d%6a%73%6f%6e\/wp\/v2\/posts\/220227","targetHints":{"allow":["GET"]}}],"collection":[{"href":"https:\/\/informelitoral.com.ar\/%77%70%2d%6a%73%6f%6e\/wp\/v2\/posts"}],"about":[{"href":"https:\/\/informelitoral.com.ar\/%77%70%2d%6a%73%6f%6e\/wp\/v2\/types\/post"}],"author":[{"embeddable":true,"href":"https:\/\/informelitoral.com.ar\/%77%70%2d%6a%73%6f%6e\/wp\/v2\/users\/8"}],"replies":[{"embeddable":true,"href":"https:\/\/informelitoral.com.ar\/%77%70%2d%6a%73%6f%6e\/wp\/v2\/comments?post=220227"}],"version-history":[{"count":0,"href":"https:\/\/informelitoral.com.ar\/%77%70%2d%6a%73%6f%6e\/wp\/v2\/posts\/220227\/revisions"}],"wp:featuredmedia":[{"embeddable":true,"href":"https:\/\/informelitoral.com.ar\/%77%70%2d%6a%73%6f%6e\/wp\/v2\/media\/68358"}],"wp:attachment":[{"href":"https:\/\/informelitoral.com.ar\/%77%70%2d%6a%73%6f%6e\/wp\/v2\/media?parent=220227"}],"wp:term":[{"taxonomy":"category","embeddable":true,"href":"https:\/\/informelitoral.com.ar\/%77%70%2d%6a%73%6f%6e\/wp\/v2\/categories?post=220227"},{"taxonomy":"post_tag","embeddable":true,"href":"https:\/\/informelitoral.com.ar\/%77%70%2d%6a%73%6f%6e\/wp\/v2\/tags?post=220227"}],"curies":[{"name":"wp","href":"https:\/\/api.w.org\/{rel}","templated":true}]}}