{"id":220040,"date":"2025-04-30T08:31:34","date_gmt":"2025-04-30T11:31:34","guid":{"rendered":"https:\/\/informelitoral.com.ar\/?p=220040"},"modified":"2025-04-30T08:31:34","modified_gmt":"2025-04-30T11:31:34","slug":"el-senado-giro-a-comision-el-proyecto-de-creacion-de-la-obra-social-de-entre-rios","status":"publish","type":"post","link":"https:\/\/informelitoral.com.ar\/el-senado-giro-a-comision-el-proyecto-de-creacion-de-la-obra-social-de-entre-rios\/","title":{"rendered":"El Senado gir\u00f3 a comisi\u00f3n el proyecto de creaci\u00f3n de la Obra Social de Entre R\u00edos"},"content":{"rendered":"<p>En el recinto de la Honorable C\u00e1mara de Senadores, el senador por el departamento Nogoy\u00e1 y vicepresidente primero del cuerpo, Rafael Cavagna, presidi\u00f3 la 4\u00ba Sesi\u00f3n Ordinaria correspondiente al 146\u00ba Per\u00edodo Legislativo. Estuvo asistida por el secretario de C\u00e1mara de Senadores, Sergio Avero y la prosecretaria, Sara Foletto. La sesi\u00f3n cont\u00f3 con la presencia de 16 legisladores y quorum reglamentario.<\/p>\n<p><strong>Proyecto de creaci\u00f3n de la Obra Social de Entre R\u00edos<\/strong><\/p>\n<p>En esta sesi\u00f3n ordinaria ingres\u00f3 al Senado el proyecto de Ley del Poder Ejecutivo, por el que se propicia la creaci\u00f3n de la Obra Social de Entre R\u00edos (OSER) entidad que suceder\u00e1 al Instituto Obra Social de la Provincia de Entre R\u00edos (IOSPER), creado por la Ley N\u00ba 5.480 y sus modificatorias. El mismo fue enviado a las comisiones de Legislaci\u00f3n General, de Presupuesto y Hacienda, y de Salud P\u00fablica y Drogadicci\u00f3n.<\/p>\n<p>Tambi\u00e9n entraron otros dos proyectos de Ley del Ejecutivo que fueron girados a la comisi\u00f3n de Legislaci\u00f3n General: uno por el que se autoriza al Poder Ejecutivo a donar los bienes muebles a favor de los Municipios o Comunas de los cuales dependen los efectores de salud; y otro por el que se autoriza al Superior Gobierno de la Provincia de Entre R\u00edos a aceptar la donaci\u00f3n formulada por la Municipalidad de Ceibas, de una fracci\u00f3n de un (1) inmueble propiedad de la Municipalidad de Ceibas.<\/p>\n<p>En cuanto a las iniciativas presentadas por los senadores, se dio entrada al proyecto de Ley de autor\u00eda del Senador Oliva y de los Senadores Cosso, Miranda y Dom\u00ednguez, por el que se instituye el d\u00eda 15 de junio como \u201cD\u00eda Provincial del Chamam\u00e9 Entrerriano\u201d en conmemoraci\u00f3n del fallecimiento de Abelardo Dimotta. El mismo fue enviado a la Comisi\u00f3n de Legislaci\u00f3n General.<\/p>\n<p><strong>Proyectos sancionados<\/strong><\/p>\n<p>Los senadores trataron sobre tablas y sancionaron por unanimidad dos proyectos de Ley remitidos de la C\u00e1mara de Diputados en revisi\u00f3n.<\/p>\n<p>El primero de ellos es la creaci\u00f3n de la Reserva Provincial \u201cReserva de Usos M\u00faltiples R\u00edo de Los P\u00e1jaros\u201d, dentro de la jurisdicci\u00f3n de la ciudad de Col\u00f3n.<\/p>\n<p>Respecto al proyecto sancionado, el senador Ramiro Favre (Col\u00f3n \u2013 Juntos por Entre R\u00edos) destac\u00f3 que: \u201ccon gran compromiso y seriedad se ha trabajado en las distintas comisiones de Ambiente, de Legislaci\u00f3n y de todo el pleno a los cuales agradezco\u201d, y resalt\u00f3 que: \u201cEsto es m\u00e1s que un anhelo para la comunidad de Col\u00f3n, porque siempre se ha tratado a trav\u00e9s de los a\u00f1os de hacer una reserva de usos m\u00faltiples pero l\u00f3gicamente que tiene sus pasos, sus ribetes en los cuales a trav\u00e9s de un trabajo ordenado hemos logrado este objetivo\u201d. En ese sentido, el legislador explic\u00f3 que \u201ca trav\u00e9s de un trabajo ordenado, consensuado con autoridades de provincia, del CONICET, los profesionales que tambi\u00e9n puso a disposici\u00f3n el Municipio de Col\u00f3n, se lleg\u00f3 a un buen t\u00e9rmino\u201d.<\/p>\n<p>La otra iniciativa sancionada en esta sesi\u00f3n fue la modificaci\u00f3n del art\u00edculo 1\u00b0 de la Ley N\u00b0 11.073, mediante el cual se autoriza al Superior Gobierno de la provincia de Entre R\u00edos a donar a favor de la Asociaci\u00f3n del Personal Jer\u00e1rquico y Profesional de la Municipalidad de Concordia, dos inmuebles de su propiedad.<\/p>\n<p><strong>Media sanci\u00f3n<\/strong><\/p>\n<p>Por otro lado, se dio tratamiento sobre tablas al proyecto de Ley de autor\u00eda de la Senadora Patricia D\u00edaz (La Paz \u2013 M\u00e1s Para Entre R\u00edos), por el que se declara de utilidad p\u00fablica y sujeto a expropiaci\u00f3n una fracci\u00f3n terreno situada en la Junta de Gobierno El Solar y San Carlos, en el departamento La Paz. El mismo fue aprobado y enviado a la C\u00e1mara de Diputados en revisi\u00f3n.<\/p>\n<p>Al respecto, la senadora D\u00edaz indic\u00f3 que el esp\u00edritu del proyecto \u201ces solo dar una respuesta urgente a la situaci\u00f3n de la emergencia habitacional, otorgando a las autoridades municipales, comunales y provinciales las herramientas legales para llevar adelante no solo la construcci\u00f3n de viviendas, sino la instalaci\u00f3n de todos los servicios b\u00e1sicos que demanda la urbanizaci\u00f3n moderna y respetuosa de los derechos humanos fundamentales\u201d.<\/p>\n<p>Asimismo, los senadores aprobaron doce proyectos de declaraci\u00f3n y un proyecto de comunicaci\u00f3n.<\/p>\n<p><strong>Decreto de Gobernaci\u00f3n a Comisi\u00f3n<\/strong><\/p>\n<p>En esta sesi\u00f3n fue enviado a la Comisi\u00f3n de Peticiones y Milicias el decreto 604\/25 de Gobernaci\u00f3n de la Provincia, ingresado a la C\u00e1mara a trav\u00e9s de comunicaci\u00f3n oficial, mediante el cual \u201cse solicita a las Presidencias de las Honorables C\u00e1maras de Senadores y Diputados de la Provincia, la tramitaci\u00f3n administrativa que resulte conducente para analizar y, en su caso, disponer la declaraci\u00f3n de nulidad, inexistencia u otras medidas pertinentes, sobre el universo de los actos y contratos que son investigados en la causa \u2018BECKMAN FLAVIA MARCELA \u2013 SCIALOCOMO ESTEBAN ANGEL ALBERTO \u2013 ALVAREZ MARIA VICTORIA S\/ESTAFA\u2019, Legajo de Fiscal\u00eda N\u00b0 87.933, Juzgado de Garant\u00edas N\u00b01 de Paran\u00e1, con el objetivo de lograr el recupero de los fondos p\u00fablicos que hubieren sido objeto de los mismos, de corresponder\u201d.<\/p>\n<p><strong>Retiro de la modificaci\u00f3n del C\u00f3digo Procesal Penal<\/strong><\/p>\n<p>En esta sesi\u00f3n, los senadores aprobaron sobre tablas el proyecto de Resoluci\u00f3n por el que se da lugar al pedido efectuado por el Poder Ejecutivo para retirar el expediente N\u00b0 14672, que contiene la modificaci\u00f3n el Art\u00edculo 1\u00ba del C\u00f3digo Procesal Penal de la Provincia de Entre R\u00edos.<\/p>\n<p><strong>Homenajes<\/strong><\/p>\n<p>Al turno de los homenajes, el senador Jaime Benedetti (Gualeguaych\u00fa \u2013 Juntos Por Entre R\u00edos) y Mart\u00edn Oliva (Uruguay \u2013 M\u00e1s Para Entre R\u00edos) enviaron su saludo y reconocimiento a todos los trabajadores de la provincia, en el marco del D\u00eda Internacional del Trabajo que se conmemora cada 1\u00b0 de Mayo.<br \/>\nAdem\u00e1s, el senador Olivia record\u00f3 al General Justo Jos\u00e9 de Urquiza, en el marco del 174\u00b0 aniversario de su hist\u00f3rico Pronunciamiento.<\/p>\n<div class=\"row\">\n<div class=\"col-md-4\">\n<figure class=\"galeria\"><a href=\"https:\/\/www.senadoer.gob.ar\/%77%70%2d%63%6f%6e%74%65%6e%74\/uploads\/2025\/04\/WhatsApp-Image-2025-04-29-at-22.05.28.jpeg\" data-fancybox=\"image\"><img decoding=\"async\" class=\"img-fluid img-fluid\" src=\"https:\/\/www.senadoer.gob.ar\/%77%70%2d%63%6f%6e%74%65%6e%74\/uploads\/2025\/04\/WhatsApp-Image-2025-04-29-at-22.05.28-660x440.jpeg\" alt=\"\" \/><\/a><\/figure>\n<\/div>\n<div class=\"col-md-4\"><\/div>\n<\/div>\n","protected":false},"excerpt":{"rendered":"<p>La C\u00e1mara de Senadores de Entre R\u00edos celebr\u00f3 este martes la 4\u00ba Sesi\u00f3n Ordinaria correspondiente al 146\u00ba Periodo Legislativo. Fue presidida por el senador por el departamento Nogoy\u00e1 y vicepresidente primero del cuerpo, Rafael Cavagna. En esta oportunidad se dio ingreso al proyecto de creaci\u00f3n de la Obra Social de Entre R\u00edos y se sancionaron dos proyectos remitidos de Diputados.<\/p>\n","protected":false},"author":8,"featured_media":220041,"comment_status":"open","ping_status":"open","sticky":false,"template":"","format":"standard","meta":{"fifu_image_url":"https:\/\/www.senadoer.gob.ar\/wp-content\/uploads\/2025\/04\/WhatsApp-Image-2025-04-29-at-22.01.00-860x573.jpeg","fifu_image_alt":"","footnotes":""},"categories":[16],"tags":[1618,1763,464],"class_list":{"0":"post-220040","1":"post","2":"type-post","3":"status-publish","4":"format-standard","5":"has-post-thumbnail","7":"category-politi","8":"tag-obra-social","9":"tag-proyecto","10":"tag-senado"},"yoast_head":"<title>El Senado gir\u00f3 a comisi\u00f3n el proyecto de creaci\u00f3n de la Obra Social de Entre R\u00edos - Informe Litoral<\/title>\n<meta name=\"robots\" content=\"index, follow, max-snippet:-1, max-image-preview:large, max-video-preview:-1\" \/>\n<link rel=\"canonical\" href=\"https:\/\/informelitoral.com.ar\/el-senado-giro-a-comision-el-proyecto-de-creacion-de-la-obra-social-de-entre-rios\/\" \/>\n<meta property=\"og:locale\" content=\"es_ES\" \/>\n<meta property=\"og:type\" content=\"article\" \/>\n<meta property=\"og:title\" content=\"El Senado gir\u00f3 a comisi\u00f3n el proyecto de creaci\u00f3n de la Obra Social de Entre R\u00edos - Informe Litoral\" \/>\n<meta property=\"og:description\" content=\"La C\u00e1mara de Senadores de Entre R\u00edos celebr\u00f3 este martes la 4\u00ba Sesi\u00f3n Ordinaria correspondiente al 146\u00ba Periodo Legislativo. Fue presidida por el senador por el departamento Nogoy\u00e1 y vicepresidente primero del cuerpo, Rafael Cavagna. En esta oportunidad se dio ingreso al proyecto de creaci\u00f3n de la Obra Social de Entre R\u00edos y se sancionaron dos proyectos remitidos de Diputados.\" \/>\n<meta property=\"og:url\" content=\"https:\/\/informelitoral.com.ar\/el-senado-giro-a-comision-el-proyecto-de-creacion-de-la-obra-social-de-entre-rios\/\" \/>\n<meta property=\"og:site_name\" content=\"Informe Litoral\" \/>\n<meta property=\"article:publisher\" content=\"https:\/\/www.facebook.com\/informelitoral\/\" \/>\n<meta property=\"article:published_time\" content=\"2025-04-30T11:31:34+00:00\" \/>\n<meta property=\"og:image\" content=\"https:\/\/www.senadoer.gob.ar\/%77%70%2d%63%6f%6e%74%65%6e%74\/uploads\/2025\/04\/WhatsApp-Image-2025-04-29-at-22.01.00-860x573.jpeg\" \/><meta property=\"og:image\" content=\"https:\/\/www.senadoer.gob.ar\/%77%70%2d%63%6f%6e%74%65%6e%74\/uploads\/2025\/04\/WhatsApp-Image-2025-04-29-at-22.01.00-860x573.jpeg\" \/>\n\t<meta property=\"og:image:width\" content=\"860\" \/>\n\t<meta property=\"og:image:height\" content=\"573\" \/>\n\t<meta property=\"og:image:type\" content=\"image\/jpeg\" \/>\n<meta name=\"author\" content=\"Sebastian\" \/>\n<meta name=\"twitter:card\" content=\"summary_large_image\" \/>\n<meta name=\"twitter:image\" content=\"https:\/\/www.senadoer.gob.ar\/%77%70%2d%63%6f%6e%74%65%6e%74\/uploads\/2025\/04\/WhatsApp-Image-2025-04-29-at-22.01.00-860x573.jpeg\" \/>\n<meta name=\"twitter:creator\" content=\"@InformeLitoral\" \/>\n<meta name=\"twitter:site\" content=\"@InformeLitoral\" \/>\n<meta name=\"twitter:label1\" content=\"Escrito por\" \/>\n\t<meta name=\"twitter:data1\" content=\"Sebastian\" \/>\n\t<meta name=\"twitter:label2\" content=\"Tiempo de lectura\" \/>\n\t<meta name=\"twitter:data2\" content=\"5 minutos\" \/>\n<script type=\"application\/ld+json\" class=\"yoast-schema-graph\">{\"@context\":\"https:\\\/\\\/schema.org\",\"@graph\":[{\"@type\":\"Article\",\"@id\":\"https:\\\/\\\/informelitoral.com.ar\\\/el-senado-giro-a-comision-el-proyecto-de-creacion-de-la-obra-social-de-entre-rios\\\/#article\",\"isPartOf\":{\"@id\":\"https:\\\/\\\/informelitoral.com.ar\\\/el-senado-giro-a-comision-el-proyecto-de-creacion-de-la-obra-social-de-entre-rios\\\/\"},\"author\":{\"name\":\"Sebastian\",\"@id\":\"https:\\\/\\\/informelitoral.com.ar\\\/#\\\/schema\\\/person\\\/f05f9f461677119578717524b127d6d5\"},\"headline\":\"El Senado gir\u00f3 a comisi\u00f3n el proyecto de creaci\u00f3n de la Obra Social de Entre R\u00edos\",\"datePublished\":\"2025-04-30T11:31:34+00:00\",\"mainEntityOfPage\":{\"@id\":\"https:\\\/\\\/informelitoral.com.ar\\\/el-senado-giro-a-comision-el-proyecto-de-creacion-de-la-obra-social-de-entre-rios\\\/\"},\"wordCount\":1040,\"commentCount\":0,\"publisher\":{\"@id\":\"https:\\\/\\\/informelitoral.com.ar\\\/#organization\"},\"image\":{\"@id\":\"https:\\\/\\\/informelitoral.com.ar\\\/el-senado-giro-a-comision-el-proyecto-de-creacion-de-la-obra-social-de-entre-rios\\\/#primaryimage\"},\"thumbnailUrl\":\"https:\\\/\\\/www.senadoer.gob.ar\\\/%77%70%2d%63%6f%6e%74%65%6e%74\\\/uploads\\\/2025\\\/04\\\/WhatsApp-Image-2025-04-29-at-22.01.00-860x573.jpeg\",\"keywords\":[\"Obra Social\",\"Proyecto\",\"Senado\"],\"articleSection\":[\"Politica\"],\"inLanguage\":\"es\",\"potentialAction\":[{\"@type\":\"CommentAction\",\"name\":\"Comment\",\"target\":[\"https:\\\/\\\/informelitoral.com.ar\\\/el-senado-giro-a-comision-el-proyecto-de-creacion-de-la-obra-social-de-entre-rios\\\/#respond\"]}]},{\"@type\":\"WebPage\",\"@id\":\"https:\\\/\\\/informelitoral.com.ar\\\/el-senado-giro-a-comision-el-proyecto-de-creacion-de-la-obra-social-de-entre-rios\\\/\",\"url\":\"https:\\\/\\\/informelitoral.com.ar\\\/el-senado-giro-a-comision-el-proyecto-de-creacion-de-la-obra-social-de-entre-rios\\\/\",\"name\":\"El Senado gir\u00f3 a comisi\u00f3n el proyecto de creaci\u00f3n de la Obra Social de Entre R\u00edos - Informe Litoral\",\"isPartOf\":{\"@id\":\"https:\\\/\\\/informelitoral.com.ar\\\/#website\"},\"primaryImageOfPage\":{\"@id\":\"https:\\\/\\\/informelitoral.com.ar\\\/el-senado-giro-a-comision-el-proyecto-de-creacion-de-la-obra-social-de-entre-rios\\\/#primaryimage\"},\"image\":{\"@id\":\"https:\\\/\\\/informelitoral.com.ar\\\/el-senado-giro-a-comision-el-proyecto-de-creacion-de-la-obra-social-de-entre-rios\\\/#primaryimage\"},\"thumbnailUrl\":\"https:\\\/\\\/www.senadoer.gob.ar\\\/%77%70%2d%63%6f%6e%74%65%6e%74\\\/uploads\\\/2025\\\/04\\\/WhatsApp-Image-2025-04-29-at-22.01.00-860x573.jpeg\",\"datePublished\":\"2025-04-30T11:31:34+00:00\",\"breadcrumb\":{\"@id\":\"https:\\\/\\\/informelitoral.com.ar\\\/el-senado-giro-a-comision-el-proyecto-de-creacion-de-la-obra-social-de-entre-rios\\\/#breadcrumb\"},\"inLanguage\":\"es\",\"potentialAction\":[{\"@type\":\"ReadAction\",\"target\":[\"https:\\\/\\\/informelitoral.com.ar\\\/el-senado-giro-a-comision-el-proyecto-de-creacion-de-la-obra-social-de-entre-rios\\\/\"]}]},{\"@type\":\"ImageObject\",\"inLanguage\":\"es\",\"@id\":\"https:\\\/\\\/informelitoral.com.ar\\\/el-senado-giro-a-comision-el-proyecto-de-creacion-de-la-obra-social-de-entre-rios\\\/#primaryimage\",\"url\":\"https:\\\/\\\/www.senadoer.gob.ar\\\/%77%70%2d%63%6f%6e%74%65%6e%74\\\/uploads\\\/2025\\\/04\\\/WhatsApp-Image-2025-04-29-at-22.01.00-860x573.jpeg\",\"contentUrl\":\"https:\\\/\\\/www.senadoer.gob.ar\\\/%77%70%2d%63%6f%6e%74%65%6e%74\\\/uploads\\\/2025\\\/04\\\/WhatsApp-Image-2025-04-29-at-22.01.00-860x573.jpeg\",\"width\":\"860\",\"height\":\"573\"},{\"@type\":\"BreadcrumbList\",\"@id\":\"https:\\\/\\\/informelitoral.com.ar\\\/el-senado-giro-a-comision-el-proyecto-de-creacion-de-la-obra-social-de-entre-rios\\\/#breadcrumb\",\"itemListElement\":[{\"@type\":\"ListItem\",\"position\":1,\"name\":\"Portada\",\"item\":\"https:\\\/\\\/informelitoral.com.ar\\\/\"},{\"@type\":\"ListItem\",\"position\":2,\"name\":\"El Senado gir\u00f3 a comisi\u00f3n el proyecto de creaci\u00f3n de la Obra Social de Entre R\u00edos\"}]},{\"@type\":\"WebSite\",\"@id\":\"https:\\\/\\\/informelitoral.com.ar\\\/#website\",\"url\":\"https:\\\/\\\/informelitoral.com.ar\\\/\",\"name\":\"Informe Litoral\",\"description\":\"&quot;Nos informamos&quot; \",\"publisher\":{\"@id\":\"https:\\\/\\\/informelitoral.com.ar\\\/#organization\"},\"potentialAction\":[{\"@type\":\"SearchAction\",\"target\":{\"@type\":\"EntryPoint\",\"urlTemplate\":\"https:\\\/\\\/informelitoral.com.ar\\\/?s={search_term_string}\"},\"query-input\":{\"@type\":\"PropertyValueSpecification\",\"valueRequired\":true,\"valueName\":\"search_term_string\"}}],\"inLanguage\":\"es\"},{\"@type\":\"Organization\",\"@id\":\"https:\\\/\\\/informelitoral.com.ar\\\/#organization\",\"name\":\"Informe Litoral\",\"url\":\"https:\\\/\\\/informelitoral.com.ar\\\/\",\"logo\":{\"@type\":\"ImageObject\",\"inLanguage\":\"es\",\"@id\":\"https:\\\/\\\/informelitoral.com.ar\\\/#\\\/schema\\\/logo\\\/image\\\/\",\"url\":\"https:\\\/\\\/informelitoral.com.ar\\\/%77%70%2d%63%6f%6e%74%65%6e%74\\\/uploads\\\/2021\\\/01\\\/circulo.png\",\"contentUrl\":\"https:\\\/\\\/informelitoral.com.ar\\\/%77%70%2d%63%6f%6e%74%65%6e%74\\\/uploads\\\/2021\\\/01\\\/circulo.png\",\"width\":723,\"height\":731,\"caption\":\"Informe Litoral\"},\"image\":{\"@id\":\"https:\\\/\\\/informelitoral.com.ar\\\/#\\\/schema\\\/logo\\\/image\\\/\"},\"sameAs\":[\"https:\\\/\\\/www.facebook.com\\\/informelitoral\\\/\",\"https:\\\/\\\/x.com\\\/InformeLitoral\",\"https:\\\/\\\/www.instagram.com\\\/informelitoral\\\/\",\"https:\\\/\\\/www.youtube.com\\\/channel\\\/UCua4Qvz8Icb6MYqhoq9xLXw\"]},{\"@type\":\"Person\",\"@id\":\"https:\\\/\\\/informelitoral.com.ar\\\/#\\\/schema\\\/person\\\/f05f9f461677119578717524b127d6d5\",\"name\":\"Sebastian\",\"image\":{\"@type\":\"ImageObject\",\"inLanguage\":\"es\",\"@id\":\"https:\\\/\\\/secure.gravatar.com\\\/avatar\\\/b71bf7481d447dfb9583c7f2798e7cc64de6efb9067b74633ed8c31059a3bd82?s=96&d=mm&r=g\",\"url\":\"https:\\\/\\\/secure.gravatar.com\\\/avatar\\\/b71bf7481d447dfb9583c7f2798e7cc64de6efb9067b74633ed8c31059a3bd82?s=96&d=mm&r=g\",\"contentUrl\":\"https:\\\/\\\/secure.gravatar.com\\\/avatar\\\/b71bf7481d447dfb9583c7f2798e7cc64de6efb9067b74633ed8c31059a3bd82?s=96&d=mm&r=g\",\"caption\":\"Sebastian\"},\"url\":\"https:\\\/\\\/informelitoral.com.ar\\\/author\\\/sebastian\\\/\"}]}<\/script>","yoast_head_json":{"title":"El Senado gir\u00f3 a comisi\u00f3n el proyecto de creaci\u00f3n de la Obra Social de Entre R\u00edos - Informe Litoral","robots":{"index":"index","follow":"follow","max-snippet":"max-snippet:-1","max-image-preview":"max-image-preview:large","max-video-preview":"max-video-preview:-1"},"canonical":"https:\/\/informelitoral.com.ar\/el-senado-giro-a-comision-el-proyecto-de-creacion-de-la-obra-social-de-entre-rios\/","og_locale":"es_ES","og_type":"article","og_title":"El Senado gir\u00f3 a comisi\u00f3n el proyecto de creaci\u00f3n de la Obra Social de Entre R\u00edos - Informe Litoral","og_description":"La C\u00e1mara de Senadores de Entre R\u00edos celebr\u00f3 este martes la 4\u00ba Sesi\u00f3n Ordinaria correspondiente al 146\u00ba Periodo Legislativo. Fue presidida por el senador por el departamento Nogoy\u00e1 y vicepresidente primero del cuerpo, Rafael Cavagna. En esta oportunidad se dio ingreso al proyecto de creaci\u00f3n de la Obra Social de Entre R\u00edos y se sancionaron dos proyectos remitidos de Diputados.","og_url":"https:\/\/informelitoral.com.ar\/el-senado-giro-a-comision-el-proyecto-de-creacion-de-la-obra-social-de-entre-rios\/","og_site_name":"Informe Litoral","article_publisher":"https:\/\/www.facebook.com\/informelitoral\/","article_published_time":"2025-04-30T11:31:34+00:00","og_image":[{"url":"https:\/\/www.senadoer.gob.ar\/wp-content\/uploads\/2025\/04\/WhatsApp-Image-2025-04-29-at-22.01.00-860x573.jpeg","type":"","width":"","height":""},{"width":860,"height":573,"url":"https:\/\/www.senadoer.gob.ar\/wp-content\/uploads\/2025\/04\/WhatsApp-Image-2025-04-29-at-22.01.00-860x573.jpeg","type":"image\/jpeg"}],"author":"Sebastian","twitter_card":"summary_large_image","twitter_image":"https:\/\/www.senadoer.gob.ar\/wp-content\/uploads\/2025\/04\/WhatsApp-Image-2025-04-29-at-22.01.00-860x573.jpeg","twitter_creator":"@InformeLitoral","twitter_site":"@InformeLitoral","twitter_misc":{"Escrito por":"Sebastian","Tiempo de lectura":"5 minutos"},"schema":{"@context":"https:\/\/schema.org","@graph":[{"@type":"Article","@id":"https:\/\/informelitoral.com.ar\/el-senado-giro-a-comision-el-proyecto-de-creacion-de-la-obra-social-de-entre-rios\/#article","isPartOf":{"@id":"https:\/\/informelitoral.com.ar\/el-senado-giro-a-comision-el-proyecto-de-creacion-de-la-obra-social-de-entre-rios\/"},"author":{"name":"Sebastian","@id":"https:\/\/informelitoral.com.ar\/#\/schema\/person\/f05f9f461677119578717524b127d6d5"},"headline":"El Senado gir\u00f3 a comisi\u00f3n el proyecto de creaci\u00f3n de la Obra Social de Entre R\u00edos","datePublished":"2025-04-30T11:31:34+00:00","mainEntityOfPage":{"@id":"https:\/\/informelitoral.com.ar\/el-senado-giro-a-comision-el-proyecto-de-creacion-de-la-obra-social-de-entre-rios\/"},"wordCount":1040,"commentCount":0,"publisher":{"@id":"https:\/\/informelitoral.com.ar\/#organization"},"image":{"@id":"https:\/\/informelitoral.com.ar\/el-senado-giro-a-comision-el-proyecto-de-creacion-de-la-obra-social-de-entre-rios\/#primaryimage"},"thumbnailUrl":"https:\/\/www.senadoer.gob.ar\/%77%70%2d%63%6f%6e%74%65%6e%74\/uploads\/2025\/04\/WhatsApp-Image-2025-04-29-at-22.01.00-860x573.jpeg","keywords":["Obra Social","Proyecto","Senado"],"articleSection":["Politica"],"inLanguage":"es","potentialAction":[{"@type":"CommentAction","name":"Comment","target":["https:\/\/informelitoral.com.ar\/el-senado-giro-a-comision-el-proyecto-de-creacion-de-la-obra-social-de-entre-rios\/#respond"]}]},{"@type":"WebPage","@id":"https:\/\/informelitoral.com.ar\/el-senado-giro-a-comision-el-proyecto-de-creacion-de-la-obra-social-de-entre-rios\/","url":"https:\/\/informelitoral.com.ar\/el-senado-giro-a-comision-el-proyecto-de-creacion-de-la-obra-social-de-entre-rios\/","name":"El Senado gir\u00f3 a comisi\u00f3n el proyecto de creaci\u00f3n de la Obra Social de Entre R\u00edos - Informe Litoral","isPartOf":{"@id":"https:\/\/informelitoral.com.ar\/#website"},"primaryImageOfPage":{"@id":"https:\/\/informelitoral.com.ar\/el-senado-giro-a-comision-el-proyecto-de-creacion-de-la-obra-social-de-entre-rios\/#primaryimage"},"image":{"@id":"https:\/\/informelitoral.com.ar\/el-senado-giro-a-comision-el-proyecto-de-creacion-de-la-obra-social-de-entre-rios\/#primaryimage"},"thumbnailUrl":"https:\/\/www.senadoer.gob.ar\/%77%70%2d%63%6f%6e%74%65%6e%74\/uploads\/2025\/04\/WhatsApp-Image-2025-04-29-at-22.01.00-860x573.jpeg","datePublished":"2025-04-30T11:31:34+00:00","breadcrumb":{"@id":"https:\/\/informelitoral.com.ar\/el-senado-giro-a-comision-el-proyecto-de-creacion-de-la-obra-social-de-entre-rios\/#breadcrumb"},"inLanguage":"es","potentialAction":[{"@type":"ReadAction","target":["https:\/\/informelitoral.com.ar\/el-senado-giro-a-comision-el-proyecto-de-creacion-de-la-obra-social-de-entre-rios\/"]}]},{"@type":"ImageObject","inLanguage":"es","@id":"https:\/\/informelitoral.com.ar\/el-senado-giro-a-comision-el-proyecto-de-creacion-de-la-obra-social-de-entre-rios\/#primaryimage","url":"https:\/\/www.senadoer.gob.ar\/%77%70%2d%63%6f%6e%74%65%6e%74\/uploads\/2025\/04\/WhatsApp-Image-2025-04-29-at-22.01.00-860x573.jpeg","contentUrl":"https:\/\/www.senadoer.gob.ar\/%77%70%2d%63%6f%6e%74%65%6e%74\/uploads\/2025\/04\/WhatsApp-Image-2025-04-29-at-22.01.00-860x573.jpeg","width":"860","height":"573"},{"@type":"BreadcrumbList","@id":"https:\/\/informelitoral.com.ar\/el-senado-giro-a-comision-el-proyecto-de-creacion-de-la-obra-social-de-entre-rios\/#breadcrumb","itemListElement":[{"@type":"ListItem","position":1,"name":"Portada","item":"https:\/\/informelitoral.com.ar\/"},{"@type":"ListItem","position":2,"name":"El Senado gir\u00f3 a comisi\u00f3n el proyecto de creaci\u00f3n de la Obra Social de Entre R\u00edos"}]},{"@type":"WebSite","@id":"https:\/\/informelitoral.com.ar\/#website","url":"https:\/\/informelitoral.com.ar\/","name":"Informe Litoral","description":"&quot;Nos informamos&quot; ","publisher":{"@id":"https:\/\/informelitoral.com.ar\/#organization"},"potentialAction":[{"@type":"SearchAction","target":{"@type":"EntryPoint","urlTemplate":"https:\/\/informelitoral.com.ar\/?s={search_term_string}"},"query-input":{"@type":"PropertyValueSpecification","valueRequired":true,"valueName":"search_term_string"}}],"inLanguage":"es"},{"@type":"Organization","@id":"https:\/\/informelitoral.com.ar\/#organization","name":"Informe Litoral","url":"https:\/\/informelitoral.com.ar\/","logo":{"@type":"ImageObject","inLanguage":"es","@id":"https:\/\/informelitoral.com.ar\/#\/schema\/logo\/image\/","url":"https:\/\/informelitoral.com.ar\/%77%70%2d%63%6f%6e%74%65%6e%74\/uploads\/2021\/01\/circulo.png","contentUrl":"https:\/\/informelitoral.com.ar\/%77%70%2d%63%6f%6e%74%65%6e%74\/uploads\/2021\/01\/circulo.png","width":723,"height":731,"caption":"Informe Litoral"},"image":{"@id":"https:\/\/informelitoral.com.ar\/#\/schema\/logo\/image\/"},"sameAs":["https:\/\/www.facebook.com\/informelitoral\/","https:\/\/x.com\/InformeLitoral","https:\/\/www.instagram.com\/informelitoral\/","https:\/\/www.youtube.com\/channel\/UCua4Qvz8Icb6MYqhoq9xLXw"]},{"@type":"Person","@id":"https:\/\/informelitoral.com.ar\/#\/schema\/person\/f05f9f461677119578717524b127d6d5","name":"Sebastian","image":{"@type":"ImageObject","inLanguage":"es","@id":"https:\/\/secure.gravatar.com\/avatar\/b71bf7481d447dfb9583c7f2798e7cc64de6efb9067b74633ed8c31059a3bd82?s=96&d=mm&r=g","url":"https:\/\/secure.gravatar.com\/avatar\/b71bf7481d447dfb9583c7f2798e7cc64de6efb9067b74633ed8c31059a3bd82?s=96&d=mm&r=g","contentUrl":"https:\/\/secure.gravatar.com\/avatar\/b71bf7481d447dfb9583c7f2798e7cc64de6efb9067b74633ed8c31059a3bd82?s=96&d=mm&r=g","caption":"Sebastian"},"url":"https:\/\/informelitoral.com.ar\/author\/sebastian\/"}]}},"fifu_image_url":"https:\/\/www.senadoer.gob.ar\/wp-content\/uploads\/2025\/04\/WhatsApp-Image-2025-04-29-at-22.01.00-860x573.jpeg","_links":{"self":[{"href":"https:\/\/informelitoral.com.ar\/%77%70%2d%6a%73%6f%6e\/wp\/v2\/posts\/220040","targetHints":{"allow":["GET"]}}],"collection":[{"href":"https:\/\/informelitoral.com.ar\/%77%70%2d%6a%73%6f%6e\/wp\/v2\/posts"}],"about":[{"href":"https:\/\/informelitoral.com.ar\/%77%70%2d%6a%73%6f%6e\/wp\/v2\/types\/post"}],"author":[{"embeddable":true,"href":"https:\/\/informelitoral.com.ar\/%77%70%2d%6a%73%6f%6e\/wp\/v2\/users\/8"}],"replies":[{"embeddable":true,"href":"https:\/\/informelitoral.com.ar\/%77%70%2d%6a%73%6f%6e\/wp\/v2\/comments?post=220040"}],"version-history":[{"count":0,"href":"https:\/\/informelitoral.com.ar\/%77%70%2d%6a%73%6f%6e\/wp\/v2\/posts\/220040\/revisions"}],"wp:featuredmedia":[{"embeddable":true,"href":"https:\/\/informelitoral.com.ar\/%77%70%2d%6a%73%6f%6e\/wp\/v2\/media\/220041"}],"wp:attachment":[{"href":"https:\/\/informelitoral.com.ar\/%77%70%2d%6a%73%6f%6e\/wp\/v2\/media?parent=220040"}],"wp:term":[{"taxonomy":"category","embeddable":true,"href":"https:\/\/informelitoral.com.ar\/%77%70%2d%6a%73%6f%6e\/wp\/v2\/categories?post=220040"},{"taxonomy":"post_tag","embeddable":true,"href":"https:\/\/informelitoral.com.ar\/%77%70%2d%6a%73%6f%6e\/wp\/v2\/tags?post=220040"}],"curies":[{"name":"wp","href":"https:\/\/api.w.org\/{rel}","templated":true}]}}