{"id":219987,"date":"2025-04-24T12:39:46","date_gmt":"2025-04-24T15:39:46","guid":{"rendered":"https:\/\/informelitoral.com.ar\/?p=219987"},"modified":"2025-04-29T12:41:45","modified_gmt":"2025-04-29T15:41:45","slug":"la-camara-de-diputados-sesiono-en-homenaje-al-papa-francisco","status":"publish","type":"post","link":"https:\/\/informelitoral.com.ar\/la-camara-de-diputados-sesiono-en-homenaje-al-papa-francisco\/","title":{"rendered":"La C\u00e1mara de Diputados sesion\u00f3 en homenaje al Papa Francisco"},"content":{"rendered":"<p>La C\u00e1mara de Diputados de Entre R\u00edos llev\u00f3 adelante este jueves la segunda sesi\u00f3n especial del 146\u00b0 periodo legislativo, presidida por Gustavo Hein, durante la cual los legisladores rindieron homenaje al Papa Francisco, fallecido este lunes 21 de abril. Posteriormente, se llev\u00f3 adelante la quinta sesi\u00f3n ordinaria, en la que se decidi\u00f3 reservar los Asuntos Entrados y Orden del D\u00eda para una sesi\u00f3n que se celebrar\u00e1 el martes 29.<\/p>\n<p>Durante el homenaje a Jorge Bergoglio, se proyect\u00f3 un video conmemorativo realizado por el equipo de Comunicaci\u00f3n de la C\u00e1mara baja. Luego los diputados expresaron palabras alusivas a este acontecimiento hist\u00f3rico.<\/p>\n<p>Fabi\u00e1n Rogel (Juntos por Entre R\u00edos) felicit\u00f3 y agradeci\u00f3 a quienes realizaron el recordatorio audiovisual y se manifest\u00f3 de acuerdo con lo all\u00ed expresado. \u201cEse video es una verdadera s\u00edntesis de lo que pensamos, sobrevolando las misiaduras que tenemos los argentinos; porque nada nos alcanza, ni siquiera que tengamos un Papa argentino\u201d, manifest\u00f3.<\/p>\n<p>A continuaci\u00f3n, Carola Laner (JxER) afirm\u00f3: \u201cEl fallecimiento del Papa Francisco marca un hito en la historia de la Iglesia cat\u00f3lica y en la historia universal por la influencia de su liderazgo\u201d. Destac\u00f3 sus \u201cgestos que cambiaron profundamente el Vaticano\u201d y que \u201ccon decisiones cargadas de coraje mostr\u00f3 el camino que so\u00f1\u00f3 para la iglesia\u201d. M\u00e1s adelante, resalt\u00f3: \u201cFue un s\u00edmbolo de apertura, de cercan\u00eda humana y de profunda sensibilidad hacia los desaf\u00edos del mundo moderno. Un defensor incansable de los pobres, de los marginados, de los descartados, de las periferias, de la justicia clim\u00e1tica y del di\u00e1logo interreligioso. Nos dej\u00f3 un mensaje de di\u00e1logo, de uni\u00f3n y de paz\u201d.<\/p>\n<p>Laura Stratta (M\u00e1s para Entre R\u00edos), al recordar al Papa, dijo que \u201csus 12 a\u00f1os de papado fueron profundamente transformadores, innovadores, comprometidos y, sobre todo, una bocanada de aire fresco en una instituci\u00f3n como la Iglesia que no se caracteriza por la apertura, sino m\u00e1s bien por la rigidez de sus dogmas y de sus normas\u201d. Destac\u00f3 tambi\u00e9n su \u201ccoraje, valent\u00eda, sensatez y humildad\u201d, sus mensajes y acciones, su trabajo por la paz, las reformas que introdujo en el Vaticano y el contenido de sus enc\u00edclicas \u201cLaudato si\u2019\u201d y \u201cFratelli tutti\u201d.<\/p>\n<p>Juan Jos\u00e9 Bahillo (M\u00e1s para ER), tras expresar su felicitaci\u00f3n por el video, subray\u00f3: \u201cLa historia va a decir que en estos tiempos en que se naturaliza un individualismo deshumanizante, la violencia, la crueldad hacia quien piensa distinto y el pensamiento \u00fanico, hubo un dirigente mundial que fue la contracara de todo eso y trabaj\u00f3 para que la construcci\u00f3n de una sociedad mejor se haga sobre los valores del amor, la misericordia y la bondad, que fue un argentino llamado Francisco\u201d.<\/p>\n<p>Carlos Damasco (La Libertad Entre R\u00edos) manifest\u00f3 la emoci\u00f3n que le caus\u00f3 el material audiovisual exhibido y asegur\u00f3 que \u201cFrancisco ha llevado la iglesia al pueblo y ha dado esperanzas\u201d.<\/p>\n<p>Julia Calleros (Fe y Libertad), adem\u00e1s de agradecer por el video, dijo: \u201cQuiero que el Papa Francisco nos siga derramando amor y sabidur\u00eda y nos d\u00e9 las herramientas para poder seguir trabajando por los m\u00e1s necesitados como \u00e9l lo hizo siempre\u201d.<\/p>\n<p>Mar\u00eda Elena Romero (JxER), expres\u00f3 su \u201creconocimiento a la prol\u00edfica y trascendente tarea pastoral del Papa y su legado en favor de la paz y la justicia en el mundo\u201d. Hizo menci\u00f3n especial a la enc\u00edclica \u201cLaudato si\u2019\u201d, donde efectu\u00f3 \u201cun llamado a la unidad de todos los sectores para resolver la crisis ecol\u00f3gica con propuestas concretas para el cuidado de la casa com\u00fan\u201d y resalt\u00f3 los gestos del Sumo Pont\u00edfice como la incorporaci\u00f3n de las mujeres a la Iglesia cat\u00f3lica.<\/p>\n<p>Roque Fleitas (La Libertad Avanza) dijo que \u201cFrancisco supo cambiar la historia de una Iglesia tradicional y conservadora\u201d y consider\u00f3 que fue \u201cdisruptivo contra la Curia romana\u201d y trabaj\u00f3 en favor de los pobres y necesitados\u201d.<\/p>\n<p>Silvia Moreno (M\u00e1s para ER) consider\u00f3 que Jorge Bergoglio fue \u201cun hombre cuya voz resuena m\u00e1s all\u00e1 de las fronteras, de los credos y de las ideolog\u00edas\u201d.<\/p>\n<p>Sergio Castrill\u00f3n (M\u00e1s para ER) enfatiz\u00f3 que el pa\u00eds \u201cest\u00e1 en deuda con Francisco\u201d, quien es \u201cla persona m\u00e1s importante e influyente en la historia de la Argentina\u201d, pero \u201cno pudo tener el reconocimiento en vida que hubiera representado poder estar con su pueblo\u201d.<\/p>\n<p>Mauro Godein (JxER) valor\u00f3 que \u201cla labor pol\u00edtica y pastoral del Papa es inconmensurable\u201d. Finalmente, Enrique Cresto (M\u00e1s para ER) remarc\u00f3 que Francisco \u201cestaba preocupado por que su mensaje sea transformado en pol\u00edticas p\u00fablicas\u201d.<\/p>\n<p><strong>Sesi\u00f3n ordinaria<\/strong><\/p>\n<p>Posteriormente se llev\u00f3 adelante la quinta sesi\u00f3n ordinaria del 146 periodo legislativo, en la que se decidi\u00f3 \u2013tal lo acordado en Labor Parlamentaria\u2013 que los Asuntos Entrados y Orden del D\u00eda de la misma se reserven para ser tratados en la pr\u00f3xima sesi\u00f3n especial prevista para el martes 29 de abril, con excepci\u00f3n de un expediente que fue girado a la comisi\u00f3n\u00a0de\u00a0origen.<\/p>\n","protected":false},"excerpt":{"rendered":"<p>Los legisladores recordaron al Sumo Pont\u00edfice recientemente fallecido y destacaron su rol como l\u00edder religioso y mundial. Se proyect\u00f3 un video alusivo. El martes 29 habr\u00e1 una nueva sesi\u00f3n.<\/p>\n","protected":false},"author":8,"featured_media":219988,"comment_status":"open","ping_status":"open","sticky":false,"template":"","format":"standard","meta":{"fifu_image_url":"https:\/\/www.hcder.gov.ar\/archivosDownload\/fotosNoticias\/1798_4317.jpg","fifu_image_alt":"","footnotes":""},"categories":[16],"tags":[3627,1113,960],"class_list":{"0":"post-219987","1":"post","2":"type-post","3":"status-publish","4":"format-standard","5":"has-post-thumbnail","7":"category-politi","8":"tag-camara-de-diputados","9":"tag-juan-hein","10":"tag-papa-francisco"},"yoast_head":"<title>La C\u00e1mara de Diputados sesion\u00f3 en homenaje al Papa Francisco - Informe Litoral<\/title>\n<meta name=\"robots\" content=\"index, follow, max-snippet:-1, max-image-preview:large, max-video-preview:-1\" \/>\n<link rel=\"canonical\" href=\"https:\/\/informelitoral.com.ar\/la-camara-de-diputados-sesiono-en-homenaje-al-papa-francisco\/\" \/>\n<meta property=\"og:locale\" content=\"es_ES\" \/>\n<meta property=\"og:type\" content=\"article\" \/>\n<meta property=\"og:title\" content=\"La C\u00e1mara de Diputados sesion\u00f3 en homenaje al Papa Francisco - Informe Litoral\" \/>\n<meta property=\"og:description\" content=\"Los legisladores recordaron al Sumo Pont\u00edfice recientemente fallecido y destacaron su rol como l\u00edder religioso y mundial. Se proyect\u00f3 un video alusivo. El martes 29 habr\u00e1 una nueva sesi\u00f3n.\" \/>\n<meta property=\"og:url\" content=\"https:\/\/informelitoral.com.ar\/la-camara-de-diputados-sesiono-en-homenaje-al-papa-francisco\/\" \/>\n<meta property=\"og:site_name\" content=\"Informe Litoral\" \/>\n<meta property=\"article:publisher\" content=\"https:\/\/www.facebook.com\/informelitoral\/\" \/>\n<meta property=\"article:published_time\" content=\"2025-04-24T15:39:46+00:00\" \/>\n<meta property=\"article:modified_time\" content=\"2025-04-29T15:41:45+00:00\" \/>\n<meta property=\"og:image\" content=\"https:\/\/www.hcder.gov.ar\/archivosDownload\/fotosNoticias\/1798_4317.jpg\" \/><meta property=\"og:image\" content=\"https:\/\/www.hcder.gov.ar\/archivosDownload\/fotosNoticias\/1798_4317.jpg\" \/>\n\t<meta property=\"og:image:width\" content=\"1024\" \/>\n\t<meta property=\"og:image:height\" content=\"682\" \/>\n\t<meta property=\"og:image:type\" content=\"image\/jpeg\" \/>\n<meta name=\"author\" content=\"Sebastian\" \/>\n<meta name=\"twitter:card\" content=\"summary_large_image\" \/>\n<meta name=\"twitter:image\" content=\"https:\/\/www.hcder.gov.ar\/archivosDownload\/fotosNoticias\/1798_4317.jpg\" \/>\n<meta name=\"twitter:creator\" content=\"@InformeLitoral\" \/>\n<meta name=\"twitter:site\" content=\"@InformeLitoral\" \/>\n<meta name=\"twitter:label1\" content=\"Escrito por\" \/>\n\t<meta name=\"twitter:data1\" content=\"Sebastian\" \/>\n\t<meta name=\"twitter:label2\" content=\"Tiempo de lectura\" \/>\n\t<meta name=\"twitter:data2\" content=\"4 minutos\" \/>\n<script type=\"application\/ld+json\" class=\"yoast-schema-graph\">{\"@context\":\"https:\\\/\\\/schema.org\",\"@graph\":[{\"@type\":\"Article\",\"@id\":\"https:\\\/\\\/informelitoral.com.ar\\\/la-camara-de-diputados-sesiono-en-homenaje-al-papa-francisco\\\/#article\",\"isPartOf\":{\"@id\":\"https:\\\/\\\/informelitoral.com.ar\\\/la-camara-de-diputados-sesiono-en-homenaje-al-papa-francisco\\\/\"},\"author\":{\"name\":\"Sebastian\",\"@id\":\"https:\\\/\\\/informelitoral.com.ar\\\/#\\\/schema\\\/person\\\/f05f9f461677119578717524b127d6d5\"},\"headline\":\"La C\u00e1mara de Diputados sesion\u00f3 en homenaje al Papa Francisco\",\"datePublished\":\"2025-04-24T15:39:46+00:00\",\"dateModified\":\"2025-04-29T15:41:45+00:00\",\"mainEntityOfPage\":{\"@id\":\"https:\\\/\\\/informelitoral.com.ar\\\/la-camara-de-diputados-sesiono-en-homenaje-al-papa-francisco\\\/\"},\"wordCount\":864,\"commentCount\":0,\"publisher\":{\"@id\":\"https:\\\/\\\/informelitoral.com.ar\\\/#organization\"},\"image\":{\"@id\":\"https:\\\/\\\/informelitoral.com.ar\\\/la-camara-de-diputados-sesiono-en-homenaje-al-papa-francisco\\\/#primaryimage\"},\"thumbnailUrl\":\"https:\\\/\\\/www.hcder.gov.ar\\\/archivosDownload\\\/fotosNoticias\\\/1798_4317.jpg\",\"keywords\":[\"C\u00e1mara de Diputados\",\"Juan Hein\",\"Papa Francisco\"],\"articleSection\":[\"Politica\"],\"inLanguage\":\"es\",\"potentialAction\":[{\"@type\":\"CommentAction\",\"name\":\"Comment\",\"target\":[\"https:\\\/\\\/informelitoral.com.ar\\\/la-camara-de-diputados-sesiono-en-homenaje-al-papa-francisco\\\/#respond\"]}]},{\"@type\":\"WebPage\",\"@id\":\"https:\\\/\\\/informelitoral.com.ar\\\/la-camara-de-diputados-sesiono-en-homenaje-al-papa-francisco\\\/\",\"url\":\"https:\\\/\\\/informelitoral.com.ar\\\/la-camara-de-diputados-sesiono-en-homenaje-al-papa-francisco\\\/\",\"name\":\"La C\u00e1mara de Diputados sesion\u00f3 en homenaje al Papa Francisco - Informe Litoral\",\"isPartOf\":{\"@id\":\"https:\\\/\\\/informelitoral.com.ar\\\/#website\"},\"primaryImageOfPage\":{\"@id\":\"https:\\\/\\\/informelitoral.com.ar\\\/la-camara-de-diputados-sesiono-en-homenaje-al-papa-francisco\\\/#primaryimage\"},\"image\":{\"@id\":\"https:\\\/\\\/informelitoral.com.ar\\\/la-camara-de-diputados-sesiono-en-homenaje-al-papa-francisco\\\/#primaryimage\"},\"thumbnailUrl\":\"https:\\\/\\\/www.hcder.gov.ar\\\/archivosDownload\\\/fotosNoticias\\\/1798_4317.jpg\",\"datePublished\":\"2025-04-24T15:39:46+00:00\",\"dateModified\":\"2025-04-29T15:41:45+00:00\",\"breadcrumb\":{\"@id\":\"https:\\\/\\\/informelitoral.com.ar\\\/la-camara-de-diputados-sesiono-en-homenaje-al-papa-francisco\\\/#breadcrumb\"},\"inLanguage\":\"es\",\"potentialAction\":[{\"@type\":\"ReadAction\",\"target\":[\"https:\\\/\\\/informelitoral.com.ar\\\/la-camara-de-diputados-sesiono-en-homenaje-al-papa-francisco\\\/\"]}]},{\"@type\":\"ImageObject\",\"inLanguage\":\"es\",\"@id\":\"https:\\\/\\\/informelitoral.com.ar\\\/la-camara-de-diputados-sesiono-en-homenaje-al-papa-francisco\\\/#primaryimage\",\"url\":\"https:\\\/\\\/www.hcder.gov.ar\\\/archivosDownload\\\/fotosNoticias\\\/1798_4317.jpg\",\"contentUrl\":\"https:\\\/\\\/www.hcder.gov.ar\\\/archivosDownload\\\/fotosNoticias\\\/1798_4317.jpg\",\"width\":\"1024\",\"height\":\"682\"},{\"@type\":\"BreadcrumbList\",\"@id\":\"https:\\\/\\\/informelitoral.com.ar\\\/la-camara-de-diputados-sesiono-en-homenaje-al-papa-francisco\\\/#breadcrumb\",\"itemListElement\":[{\"@type\":\"ListItem\",\"position\":1,\"name\":\"Portada\",\"item\":\"https:\\\/\\\/informelitoral.com.ar\\\/\"},{\"@type\":\"ListItem\",\"position\":2,\"name\":\"La C\u00e1mara de Diputados sesion\u00f3 en homenaje al Papa Francisco\"}]},{\"@type\":\"WebSite\",\"@id\":\"https:\\\/\\\/informelitoral.com.ar\\\/#website\",\"url\":\"https:\\\/\\\/informelitoral.com.ar\\\/\",\"name\":\"Informe Litoral\",\"description\":\"&quot;Nos informamos&quot; \",\"publisher\":{\"@id\":\"https:\\\/\\\/informelitoral.com.ar\\\/#organization\"},\"potentialAction\":[{\"@type\":\"SearchAction\",\"target\":{\"@type\":\"EntryPoint\",\"urlTemplate\":\"https:\\\/\\\/informelitoral.com.ar\\\/?s={search_term_string}\"},\"query-input\":{\"@type\":\"PropertyValueSpecification\",\"valueRequired\":true,\"valueName\":\"search_term_string\"}}],\"inLanguage\":\"es\"},{\"@type\":\"Organization\",\"@id\":\"https:\\\/\\\/informelitoral.com.ar\\\/#organization\",\"name\":\"Informe Litoral\",\"url\":\"https:\\\/\\\/informelitoral.com.ar\\\/\",\"logo\":{\"@type\":\"ImageObject\",\"inLanguage\":\"es\",\"@id\":\"https:\\\/\\\/informelitoral.com.ar\\\/#\\\/schema\\\/logo\\\/image\\\/\",\"url\":\"https:\\\/\\\/informelitoral.com.ar\\\/%77%70%2d%63%6f%6e%74%65%6e%74\\\/uploads\\\/2021\\\/01\\\/circulo.png\",\"contentUrl\":\"https:\\\/\\\/informelitoral.com.ar\\\/%77%70%2d%63%6f%6e%74%65%6e%74\\\/uploads\\\/2021\\\/01\\\/circulo.png\",\"width\":723,\"height\":731,\"caption\":\"Informe Litoral\"},\"image\":{\"@id\":\"https:\\\/\\\/informelitoral.com.ar\\\/#\\\/schema\\\/logo\\\/image\\\/\"},\"sameAs\":[\"https:\\\/\\\/www.facebook.com\\\/informelitoral\\\/\",\"https:\\\/\\\/x.com\\\/InformeLitoral\",\"https:\\\/\\\/www.instagram.com\\\/informelitoral\\\/\",\"https:\\\/\\\/www.youtube.com\\\/channel\\\/UCua4Qvz8Icb6MYqhoq9xLXw\"]},{\"@type\":\"Person\",\"@id\":\"https:\\\/\\\/informelitoral.com.ar\\\/#\\\/schema\\\/person\\\/f05f9f461677119578717524b127d6d5\",\"name\":\"Sebastian\",\"image\":{\"@type\":\"ImageObject\",\"inLanguage\":\"es\",\"@id\":\"https:\\\/\\\/secure.gravatar.com\\\/avatar\\\/b71bf7481d447dfb9583c7f2798e7cc64de6efb9067b74633ed8c31059a3bd82?s=96&d=mm&r=g\",\"url\":\"https:\\\/\\\/secure.gravatar.com\\\/avatar\\\/b71bf7481d447dfb9583c7f2798e7cc64de6efb9067b74633ed8c31059a3bd82?s=96&d=mm&r=g\",\"contentUrl\":\"https:\\\/\\\/secure.gravatar.com\\\/avatar\\\/b71bf7481d447dfb9583c7f2798e7cc64de6efb9067b74633ed8c31059a3bd82?s=96&d=mm&r=g\",\"caption\":\"Sebastian\"},\"url\":\"https:\\\/\\\/informelitoral.com.ar\\\/author\\\/sebastian\\\/\"}]}<\/script>","yoast_head_json":{"title":"La C\u00e1mara de Diputados sesion\u00f3 en homenaje al Papa Francisco - Informe Litoral","robots":{"index":"index","follow":"follow","max-snippet":"max-snippet:-1","max-image-preview":"max-image-preview:large","max-video-preview":"max-video-preview:-1"},"canonical":"https:\/\/informelitoral.com.ar\/la-camara-de-diputados-sesiono-en-homenaje-al-papa-francisco\/","og_locale":"es_ES","og_type":"article","og_title":"La C\u00e1mara de Diputados sesion\u00f3 en homenaje al Papa Francisco - Informe Litoral","og_description":"Los legisladores recordaron al Sumo Pont\u00edfice recientemente fallecido y destacaron su rol como l\u00edder religioso y mundial. Se proyect\u00f3 un video alusivo. El martes 29 habr\u00e1 una nueva sesi\u00f3n.","og_url":"https:\/\/informelitoral.com.ar\/la-camara-de-diputados-sesiono-en-homenaje-al-papa-francisco\/","og_site_name":"Informe Litoral","article_publisher":"https:\/\/www.facebook.com\/informelitoral\/","article_published_time":"2025-04-24T15:39:46+00:00","article_modified_time":"2025-04-29T15:41:45+00:00","og_image":[{"url":"https:\/\/www.hcder.gov.ar\/archivosDownload\/fotosNoticias\/1798_4317.jpg","type":"","width":"","height":""},{"width":1024,"height":682,"url":"https:\/\/www.hcder.gov.ar\/archivosDownload\/fotosNoticias\/1798_4317.jpg","type":"image\/jpeg"}],"author":"Sebastian","twitter_card":"summary_large_image","twitter_image":"https:\/\/www.hcder.gov.ar\/archivosDownload\/fotosNoticias\/1798_4317.jpg","twitter_creator":"@InformeLitoral","twitter_site":"@InformeLitoral","twitter_misc":{"Escrito por":"Sebastian","Tiempo de lectura":"4 minutos"},"schema":{"@context":"https:\/\/schema.org","@graph":[{"@type":"Article","@id":"https:\/\/informelitoral.com.ar\/la-camara-de-diputados-sesiono-en-homenaje-al-papa-francisco\/#article","isPartOf":{"@id":"https:\/\/informelitoral.com.ar\/la-camara-de-diputados-sesiono-en-homenaje-al-papa-francisco\/"},"author":{"name":"Sebastian","@id":"https:\/\/informelitoral.com.ar\/#\/schema\/person\/f05f9f461677119578717524b127d6d5"},"headline":"La C\u00e1mara de Diputados sesion\u00f3 en homenaje al Papa Francisco","datePublished":"2025-04-24T15:39:46+00:00","dateModified":"2025-04-29T15:41:45+00:00","mainEntityOfPage":{"@id":"https:\/\/informelitoral.com.ar\/la-camara-de-diputados-sesiono-en-homenaje-al-papa-francisco\/"},"wordCount":864,"commentCount":0,"publisher":{"@id":"https:\/\/informelitoral.com.ar\/#organization"},"image":{"@id":"https:\/\/informelitoral.com.ar\/la-camara-de-diputados-sesiono-en-homenaje-al-papa-francisco\/#primaryimage"},"thumbnailUrl":"https:\/\/www.hcder.gov.ar\/archivosDownload\/fotosNoticias\/1798_4317.jpg","keywords":["C\u00e1mara de Diputados","Juan Hein","Papa Francisco"],"articleSection":["Politica"],"inLanguage":"es","potentialAction":[{"@type":"CommentAction","name":"Comment","target":["https:\/\/informelitoral.com.ar\/la-camara-de-diputados-sesiono-en-homenaje-al-papa-francisco\/#respond"]}]},{"@type":"WebPage","@id":"https:\/\/informelitoral.com.ar\/la-camara-de-diputados-sesiono-en-homenaje-al-papa-francisco\/","url":"https:\/\/informelitoral.com.ar\/la-camara-de-diputados-sesiono-en-homenaje-al-papa-francisco\/","name":"La C\u00e1mara de Diputados sesion\u00f3 en homenaje al Papa Francisco - Informe Litoral","isPartOf":{"@id":"https:\/\/informelitoral.com.ar\/#website"},"primaryImageOfPage":{"@id":"https:\/\/informelitoral.com.ar\/la-camara-de-diputados-sesiono-en-homenaje-al-papa-francisco\/#primaryimage"},"image":{"@id":"https:\/\/informelitoral.com.ar\/la-camara-de-diputados-sesiono-en-homenaje-al-papa-francisco\/#primaryimage"},"thumbnailUrl":"https:\/\/www.hcder.gov.ar\/archivosDownload\/fotosNoticias\/1798_4317.jpg","datePublished":"2025-04-24T15:39:46+00:00","dateModified":"2025-04-29T15:41:45+00:00","breadcrumb":{"@id":"https:\/\/informelitoral.com.ar\/la-camara-de-diputados-sesiono-en-homenaje-al-papa-francisco\/#breadcrumb"},"inLanguage":"es","potentialAction":[{"@type":"ReadAction","target":["https:\/\/informelitoral.com.ar\/la-camara-de-diputados-sesiono-en-homenaje-al-papa-francisco\/"]}]},{"@type":"ImageObject","inLanguage":"es","@id":"https:\/\/informelitoral.com.ar\/la-camara-de-diputados-sesiono-en-homenaje-al-papa-francisco\/#primaryimage","url":"https:\/\/www.hcder.gov.ar\/archivosDownload\/fotosNoticias\/1798_4317.jpg","contentUrl":"https:\/\/www.hcder.gov.ar\/archivosDownload\/fotosNoticias\/1798_4317.jpg","width":"1024","height":"682"},{"@type":"BreadcrumbList","@id":"https:\/\/informelitoral.com.ar\/la-camara-de-diputados-sesiono-en-homenaje-al-papa-francisco\/#breadcrumb","itemListElement":[{"@type":"ListItem","position":1,"name":"Portada","item":"https:\/\/informelitoral.com.ar\/"},{"@type":"ListItem","position":2,"name":"La C\u00e1mara de Diputados sesion\u00f3 en homenaje al Papa Francisco"}]},{"@type":"WebSite","@id":"https:\/\/informelitoral.com.ar\/#website","url":"https:\/\/informelitoral.com.ar\/","name":"Informe Litoral","description":"&quot;Nos informamos&quot; ","publisher":{"@id":"https:\/\/informelitoral.com.ar\/#organization"},"potentialAction":[{"@type":"SearchAction","target":{"@type":"EntryPoint","urlTemplate":"https:\/\/informelitoral.com.ar\/?s={search_term_string}"},"query-input":{"@type":"PropertyValueSpecification","valueRequired":true,"valueName":"search_term_string"}}],"inLanguage":"es"},{"@type":"Organization","@id":"https:\/\/informelitoral.com.ar\/#organization","name":"Informe Litoral","url":"https:\/\/informelitoral.com.ar\/","logo":{"@type":"ImageObject","inLanguage":"es","@id":"https:\/\/informelitoral.com.ar\/#\/schema\/logo\/image\/","url":"https:\/\/informelitoral.com.ar\/%77%70%2d%63%6f%6e%74%65%6e%74\/uploads\/2021\/01\/circulo.png","contentUrl":"https:\/\/informelitoral.com.ar\/%77%70%2d%63%6f%6e%74%65%6e%74\/uploads\/2021\/01\/circulo.png","width":723,"height":731,"caption":"Informe Litoral"},"image":{"@id":"https:\/\/informelitoral.com.ar\/#\/schema\/logo\/image\/"},"sameAs":["https:\/\/www.facebook.com\/informelitoral\/","https:\/\/x.com\/InformeLitoral","https:\/\/www.instagram.com\/informelitoral\/","https:\/\/www.youtube.com\/channel\/UCua4Qvz8Icb6MYqhoq9xLXw"]},{"@type":"Person","@id":"https:\/\/informelitoral.com.ar\/#\/schema\/person\/f05f9f461677119578717524b127d6d5","name":"Sebastian","image":{"@type":"ImageObject","inLanguage":"es","@id":"https:\/\/secure.gravatar.com\/avatar\/b71bf7481d447dfb9583c7f2798e7cc64de6efb9067b74633ed8c31059a3bd82?s=96&d=mm&r=g","url":"https:\/\/secure.gravatar.com\/avatar\/b71bf7481d447dfb9583c7f2798e7cc64de6efb9067b74633ed8c31059a3bd82?s=96&d=mm&r=g","contentUrl":"https:\/\/secure.gravatar.com\/avatar\/b71bf7481d447dfb9583c7f2798e7cc64de6efb9067b74633ed8c31059a3bd82?s=96&d=mm&r=g","caption":"Sebastian"},"url":"https:\/\/informelitoral.com.ar\/author\/sebastian\/"}]}},"fifu_image_url":"https:\/\/www.hcder.gov.ar\/archivosDownload\/fotosNoticias\/1798_4317.jpg","_links":{"self":[{"href":"https:\/\/informelitoral.com.ar\/%77%70%2d%6a%73%6f%6e\/wp\/v2\/posts\/219987","targetHints":{"allow":["GET"]}}],"collection":[{"href":"https:\/\/informelitoral.com.ar\/%77%70%2d%6a%73%6f%6e\/wp\/v2\/posts"}],"about":[{"href":"https:\/\/informelitoral.com.ar\/%77%70%2d%6a%73%6f%6e\/wp\/v2\/types\/post"}],"author":[{"embeddable":true,"href":"https:\/\/informelitoral.com.ar\/%77%70%2d%6a%73%6f%6e\/wp\/v2\/users\/8"}],"replies":[{"embeddable":true,"href":"https:\/\/informelitoral.com.ar\/%77%70%2d%6a%73%6f%6e\/wp\/v2\/comments?post=219987"}],"version-history":[{"count":0,"href":"https:\/\/informelitoral.com.ar\/%77%70%2d%6a%73%6f%6e\/wp\/v2\/posts\/219987\/revisions"}],"wp:featuredmedia":[{"embeddable":true,"href":"https:\/\/informelitoral.com.ar\/%77%70%2d%6a%73%6f%6e\/wp\/v2\/media\/219988"}],"wp:attachment":[{"href":"https:\/\/informelitoral.com.ar\/%77%70%2d%6a%73%6f%6e\/wp\/v2\/media?parent=219987"}],"wp:term":[{"taxonomy":"category","embeddable":true,"href":"https:\/\/informelitoral.com.ar\/%77%70%2d%6a%73%6f%6e\/wp\/v2\/categories?post=219987"},{"taxonomy":"post_tag","embeddable":true,"href":"https:\/\/informelitoral.com.ar\/%77%70%2d%6a%73%6f%6e\/wp\/v2\/tags?post=219987"}],"curies":[{"name":"wp","href":"https:\/\/api.w.org\/{rel}","templated":true}]}}