{"id":219963,"date":"2025-04-29T12:04:08","date_gmt":"2025-04-29T15:04:08","guid":{"rendered":"https:\/\/informelitoral.com.ar\/?p=219963"},"modified":"2025-04-29T12:35:05","modified_gmt":"2025-04-29T15:35:05","slug":"instruyeron-en-el-traslado-y-manejo-de-equinos-en-eventos-culturales-y-deportivos","status":"publish","type":"post","link":"https:\/\/informelitoral.com.ar\/instruyeron-en-el-traslado-y-manejo-de-equinos-en-eventos-culturales-y-deportivos\/","title":{"rendered":"Instruyeron en el traslado y manejo de equinos en eventos culturales y deportivos"},"content":{"rendered":"<p>La jornada tuvo lugar en el <strong>Centro de Convenciones Papa Francisco<\/strong>, de dicha localidad, y estuvo destinada tanto a veterinarios como a personal de <strong>Delitos Rurales de la Polic\u00eda de Entre R\u00edos<\/strong>. El objetivo fue capacitar a los presentes sobre resoluci\u00f3n 2.845\/24 del <strong>Ministerio de Desarrollo Econ\u00f3mico<\/strong>, que fija las pautas para el manejo y control de equinos en la provincia; como tambi\u00e9n sobre la documentaci\u00f3n necesaria para el traslado de dichos animales.<\/p>\n<p>El secretario de Agricultura, Ganader\u00eda y Pesca, <strong>Ra\u00fa Boc-H\u00f3<\/strong>, se\u00f1al\u00f3: \u00abDesde el gobierno provincial valoramos mucho que profesionales de la salud animal y personal policial se capaciten en esta tem\u00e1tica. Esta resoluci\u00f3n se da en el marco de la protecci\u00f3n del bienestar animal en eventos tradicionalistas y carreras\u00bb.<\/p>\n<h6><em><strong>Del archivo: <a href=\"https:\/\/informelitoral.com.ar\/logran-editar-un-biofertilizante-que-aumenta-un-6-la-productividad-de-la-soja\/\" target=\"_blank\" rel=\"noopener\">Logran editar un biofertilizante que aumenta un 6 % la productividad de la soja<\/a><\/strong><\/em><\/h6>\n<p>Asimismo, el director de Producci\u00f3n Animal, <strong>Mart\u00edn Sieber<\/strong>, resalt\u00f3 que \u00abuno de los objetivos de esta resoluci\u00f3n es realizarlo dentro de un marco de resguardo de los animales. Con la intenci\u00f3n, adem\u00e1s, de que estos eventos culturales o deportivos se sigan promocionando, siempre con el compromiso de respetar las normas que existen de bienestar animal. Justamente alentamos este tipos de eventos, para que se realicen con el mayor profesionalismo posible y que pueda convivir el cuidado del animal y el disfrute cultural o deportivo de los ciudadanos\u00bb, destac\u00f3 el funcionario.<\/p>\n<p>Por su parte, la coordinadora de Equinos y Porcinos, <strong>Maricel Ramos<\/strong>, agreg\u00f3: \u00abSomos una provincia pionera en este tipo de protocolos, la primera de Argentina en hacerlo precisamente; y buscamos el resguardo de estos eventos tan representativos de la cultura entrerriana. Es por ello que estamos trabajando en conjunto con el Colegio de M\u00e9dicos Veterinarios de Entre R\u00edos, ya que necesitamos el acompa\u00f1amiento de los mismos para resguardar la sanidad y el bienestar de estos equinos\u00bb, concluy\u00f3 la funcionaria.<\/p>\n","protected":false},"excerpt":{"rendered":"<p>En l\u00ednea con las pol\u00edticas de bienestar animal que viene llevando a cabo el gobierno provincial, la direcci\u00f3n de Producci\u00f3n Animal, en conjunto con el Colegio de M\u00e9dicos Veterinarios de Entre R\u00edos (Cmver); ofrecieron una capacitaci\u00f3n sobre equinos en Villaguay.<\/p>\n","protected":false},"author":8,"featured_media":219964,"comment_status":"open","ping_status":"open","sticky":false,"template":"","format":"standard","meta":{"fifu_image_url":"","fifu_image_alt":"","footnotes":""},"categories":[10,6],"tags":[1591,642],"class_list":{"0":"post-219963","1":"post","2":"type-post","3":"status-publish","4":"format-standard","5":"has-post-thumbnail","7":"category-campo","8":"category-entre-rios","9":"tag-delitos-rurales","10":"tag-reunion"},"yoast_head":"<title>Instruyeron en el traslado y manejo de equinos en eventos culturales y deportivos - Informe Litoral<\/title>\n<meta name=\"robots\" content=\"index, follow, max-snippet:-1, max-image-preview:large, max-video-preview:-1\" \/>\n<link rel=\"canonical\" href=\"https:\/\/informelitoral.com.ar\/instruyeron-en-el-traslado-y-manejo-de-equinos-en-eventos-culturales-y-deportivos\/\" \/>\n<meta property=\"og:locale\" content=\"es_ES\" \/>\n<meta property=\"og:type\" content=\"article\" \/>\n<meta property=\"og:title\" content=\"Instruyeron en el traslado y manejo de equinos en eventos culturales y deportivos - Informe Litoral\" \/>\n<meta property=\"og:description\" content=\"En l\u00ednea con las pol\u00edticas de bienestar animal que viene llevando a cabo el gobierno provincial, la direcci\u00f3n de Producci\u00f3n Animal, en conjunto con el Colegio de M\u00e9dicos Veterinarios de Entre R\u00edos (Cmver); ofrecieron una capacitaci\u00f3n sobre equinos en Villaguay.\" \/>\n<meta property=\"og:url\" content=\"https:\/\/informelitoral.com.ar\/instruyeron-en-el-traslado-y-manejo-de-equinos-en-eventos-culturales-y-deportivos\/\" \/>\n<meta property=\"og:site_name\" content=\"Informe Litoral\" \/>\n<meta property=\"article:publisher\" content=\"https:\/\/www.facebook.com\/informelitoral\/\" \/>\n<meta property=\"article:published_time\" content=\"2025-04-29T15:04:08+00:00\" \/>\n<meta property=\"article:modified_time\" content=\"2025-04-29T15:35:05+00:00\" \/>\n<meta property=\"og:image\" content=\"https:\/\/informelitoral.com.ar\/%77%70%2d%63%6f%6e%74%65%6e%74\/uploads\/2025\/04\/foto-1-villaguay.jpeg\" \/>\n\t<meta property=\"og:image:width\" content=\"1920\" \/>\n\t<meta property=\"og:image:height\" content=\"1280\" \/>\n\t<meta property=\"og:image:type\" content=\"image\/jpeg\" \/>\n<meta name=\"author\" content=\"Sebastian\" \/>\n<meta name=\"twitter:card\" content=\"summary_large_image\" \/>\n<meta name=\"twitter:creator\" content=\"@InformeLitoral\" \/>\n<meta name=\"twitter:site\" content=\"@InformeLitoral\" \/>\n<meta name=\"twitter:label1\" content=\"Escrito por\" \/>\n\t<meta name=\"twitter:data1\" content=\"Sebastian\" \/>\n\t<meta name=\"twitter:label2\" content=\"Tiempo de lectura\" \/>\n\t<meta name=\"twitter:data2\" content=\"2 minutos\" \/>\n<script type=\"application\/ld+json\" class=\"yoast-schema-graph\">{\"@context\":\"https:\\\/\\\/schema.org\",\"@graph\":[{\"@type\":\"Article\",\"@id\":\"https:\\\/\\\/informelitoral.com.ar\\\/instruyeron-en-el-traslado-y-manejo-de-equinos-en-eventos-culturales-y-deportivos\\\/#article\",\"isPartOf\":{\"@id\":\"https:\\\/\\\/informelitoral.com.ar\\\/instruyeron-en-el-traslado-y-manejo-de-equinos-en-eventos-culturales-y-deportivos\\\/\"},\"author\":{\"name\":\"Sebastian\",\"@id\":\"https:\\\/\\\/informelitoral.com.ar\\\/#\\\/schema\\\/person\\\/f05f9f461677119578717524b127d6d5\"},\"headline\":\"Instruyeron en el traslado y manejo de equinos en eventos culturales y deportivos\",\"datePublished\":\"2025-04-29T15:04:08+00:00\",\"dateModified\":\"2025-04-29T15:35:05+00:00\",\"mainEntityOfPage\":{\"@id\":\"https:\\\/\\\/informelitoral.com.ar\\\/instruyeron-en-el-traslado-y-manejo-de-equinos-en-eventos-culturales-y-deportivos\\\/\"},\"wordCount\":335,\"commentCount\":0,\"publisher\":{\"@id\":\"https:\\\/\\\/informelitoral.com.ar\\\/#organization\"},\"image\":{\"@id\":\"https:\\\/\\\/informelitoral.com.ar\\\/instruyeron-en-el-traslado-y-manejo-de-equinos-en-eventos-culturales-y-deportivos\\\/#primaryimage\"},\"thumbnailUrl\":\"https:\\\/\\\/informelitoral.com.ar\\\/%77%70%2d%63%6f%6e%74%65%6e%74\\\/uploads\\\/2025\\\/04\\\/foto-1-villaguay.jpeg\",\"keywords\":[\"Delitos rurales\",\"Reuni\u00f3n\"],\"articleSection\":[\"Campo\",\"Entre R\u00edos\"],\"inLanguage\":\"es\",\"potentialAction\":[{\"@type\":\"CommentAction\",\"name\":\"Comment\",\"target\":[\"https:\\\/\\\/informelitoral.com.ar\\\/instruyeron-en-el-traslado-y-manejo-de-equinos-en-eventos-culturales-y-deportivos\\\/#respond\"]}]},{\"@type\":\"WebPage\",\"@id\":\"https:\\\/\\\/informelitoral.com.ar\\\/instruyeron-en-el-traslado-y-manejo-de-equinos-en-eventos-culturales-y-deportivos\\\/\",\"url\":\"https:\\\/\\\/informelitoral.com.ar\\\/instruyeron-en-el-traslado-y-manejo-de-equinos-en-eventos-culturales-y-deportivos\\\/\",\"name\":\"Instruyeron en el traslado y manejo de equinos en eventos culturales y deportivos - Informe Litoral\",\"isPartOf\":{\"@id\":\"https:\\\/\\\/informelitoral.com.ar\\\/#website\"},\"primaryImageOfPage\":{\"@id\":\"https:\\\/\\\/informelitoral.com.ar\\\/instruyeron-en-el-traslado-y-manejo-de-equinos-en-eventos-culturales-y-deportivos\\\/#primaryimage\"},\"image\":{\"@id\":\"https:\\\/\\\/informelitoral.com.ar\\\/instruyeron-en-el-traslado-y-manejo-de-equinos-en-eventos-culturales-y-deportivos\\\/#primaryimage\"},\"thumbnailUrl\":\"https:\\\/\\\/informelitoral.com.ar\\\/%77%70%2d%63%6f%6e%74%65%6e%74\\\/uploads\\\/2025\\\/04\\\/foto-1-villaguay.jpeg\",\"datePublished\":\"2025-04-29T15:04:08+00:00\",\"dateModified\":\"2025-04-29T15:35:05+00:00\",\"breadcrumb\":{\"@id\":\"https:\\\/\\\/informelitoral.com.ar\\\/instruyeron-en-el-traslado-y-manejo-de-equinos-en-eventos-culturales-y-deportivos\\\/#breadcrumb\"},\"inLanguage\":\"es\",\"potentialAction\":[{\"@type\":\"ReadAction\",\"target\":[\"https:\\\/\\\/informelitoral.com.ar\\\/instruyeron-en-el-traslado-y-manejo-de-equinos-en-eventos-culturales-y-deportivos\\\/\"]}]},{\"@type\":\"ImageObject\",\"inLanguage\":\"es\",\"@id\":\"https:\\\/\\\/informelitoral.com.ar\\\/instruyeron-en-el-traslado-y-manejo-de-equinos-en-eventos-culturales-y-deportivos\\\/#primaryimage\",\"url\":\"https:\\\/\\\/informelitoral.com.ar\\\/%77%70%2d%63%6f%6e%74%65%6e%74\\\/uploads\\\/2025\\\/04\\\/foto-1-villaguay.jpeg\",\"contentUrl\":\"https:\\\/\\\/informelitoral.com.ar\\\/%77%70%2d%63%6f%6e%74%65%6e%74\\\/uploads\\\/2025\\\/04\\\/foto-1-villaguay.jpeg\",\"width\":1920,\"height\":1280},{\"@type\":\"BreadcrumbList\",\"@id\":\"https:\\\/\\\/informelitoral.com.ar\\\/instruyeron-en-el-traslado-y-manejo-de-equinos-en-eventos-culturales-y-deportivos\\\/#breadcrumb\",\"itemListElement\":[{\"@type\":\"ListItem\",\"position\":1,\"name\":\"Portada\",\"item\":\"https:\\\/\\\/informelitoral.com.ar\\\/\"},{\"@type\":\"ListItem\",\"position\":2,\"name\":\"Instruyeron en el traslado y manejo de equinos en eventos culturales y deportivos\"}]},{\"@type\":\"WebSite\",\"@id\":\"https:\\\/\\\/informelitoral.com.ar\\\/#website\",\"url\":\"https:\\\/\\\/informelitoral.com.ar\\\/\",\"name\":\"Informe Litoral\",\"description\":\"&quot;Nos informamos&quot; \",\"publisher\":{\"@id\":\"https:\\\/\\\/informelitoral.com.ar\\\/#organization\"},\"potentialAction\":[{\"@type\":\"SearchAction\",\"target\":{\"@type\":\"EntryPoint\",\"urlTemplate\":\"https:\\\/\\\/informelitoral.com.ar\\\/?s={search_term_string}\"},\"query-input\":{\"@type\":\"PropertyValueSpecification\",\"valueRequired\":true,\"valueName\":\"search_term_string\"}}],\"inLanguage\":\"es\"},{\"@type\":\"Organization\",\"@id\":\"https:\\\/\\\/informelitoral.com.ar\\\/#organization\",\"name\":\"Informe Litoral\",\"url\":\"https:\\\/\\\/informelitoral.com.ar\\\/\",\"logo\":{\"@type\":\"ImageObject\",\"inLanguage\":\"es\",\"@id\":\"https:\\\/\\\/informelitoral.com.ar\\\/#\\\/schema\\\/logo\\\/image\\\/\",\"url\":\"https:\\\/\\\/informelitoral.com.ar\\\/%77%70%2d%63%6f%6e%74%65%6e%74\\\/uploads\\\/2021\\\/01\\\/circulo.png\",\"contentUrl\":\"https:\\\/\\\/informelitoral.com.ar\\\/%77%70%2d%63%6f%6e%74%65%6e%74\\\/uploads\\\/2021\\\/01\\\/circulo.png\",\"width\":723,\"height\":731,\"caption\":\"Informe Litoral\"},\"image\":{\"@id\":\"https:\\\/\\\/informelitoral.com.ar\\\/#\\\/schema\\\/logo\\\/image\\\/\"},\"sameAs\":[\"https:\\\/\\\/www.facebook.com\\\/informelitoral\\\/\",\"https:\\\/\\\/x.com\\\/InformeLitoral\",\"https:\\\/\\\/www.instagram.com\\\/informelitoral\\\/\",\"https:\\\/\\\/www.youtube.com\\\/channel\\\/UCua4Qvz8Icb6MYqhoq9xLXw\"]},{\"@type\":\"Person\",\"@id\":\"https:\\\/\\\/informelitoral.com.ar\\\/#\\\/schema\\\/person\\\/f05f9f461677119578717524b127d6d5\",\"name\":\"Sebastian\",\"image\":{\"@type\":\"ImageObject\",\"inLanguage\":\"es\",\"@id\":\"https:\\\/\\\/secure.gravatar.com\\\/avatar\\\/b71bf7481d447dfb9583c7f2798e7cc64de6efb9067b74633ed8c31059a3bd82?s=96&d=mm&r=g\",\"url\":\"https:\\\/\\\/secure.gravatar.com\\\/avatar\\\/b71bf7481d447dfb9583c7f2798e7cc64de6efb9067b74633ed8c31059a3bd82?s=96&d=mm&r=g\",\"contentUrl\":\"https:\\\/\\\/secure.gravatar.com\\\/avatar\\\/b71bf7481d447dfb9583c7f2798e7cc64de6efb9067b74633ed8c31059a3bd82?s=96&d=mm&r=g\",\"caption\":\"Sebastian\"},\"url\":\"https:\\\/\\\/informelitoral.com.ar\\\/author\\\/sebastian\\\/\"}]}<\/script>","yoast_head_json":{"title":"Instruyeron en el traslado y manejo de equinos en eventos culturales y deportivos - Informe Litoral","robots":{"index":"index","follow":"follow","max-snippet":"max-snippet:-1","max-image-preview":"max-image-preview:large","max-video-preview":"max-video-preview:-1"},"canonical":"https:\/\/informelitoral.com.ar\/instruyeron-en-el-traslado-y-manejo-de-equinos-en-eventos-culturales-y-deportivos\/","og_locale":"es_ES","og_type":"article","og_title":"Instruyeron en el traslado y manejo de equinos en eventos culturales y deportivos - Informe Litoral","og_description":"En l\u00ednea con las pol\u00edticas de bienestar animal que viene llevando a cabo el gobierno provincial, la direcci\u00f3n de Producci\u00f3n Animal, en conjunto con el Colegio de M\u00e9dicos Veterinarios de Entre R\u00edos (Cmver); ofrecieron una capacitaci\u00f3n sobre equinos en Villaguay.","og_url":"https:\/\/informelitoral.com.ar\/instruyeron-en-el-traslado-y-manejo-de-equinos-en-eventos-culturales-y-deportivos\/","og_site_name":"Informe Litoral","article_publisher":"https:\/\/www.facebook.com\/informelitoral\/","article_published_time":"2025-04-29T15:04:08+00:00","article_modified_time":"2025-04-29T15:35:05+00:00","og_image":[{"width":1920,"height":1280,"url":"https:\/\/informelitoral.com.ar\/%77%70%2d%63%6f%6e%74%65%6e%74\/uploads\/2025\/04\/foto-1-villaguay.jpeg","type":"image\/jpeg"}],"author":"Sebastian","twitter_card":"summary_large_image","twitter_creator":"@InformeLitoral","twitter_site":"@InformeLitoral","twitter_misc":{"Escrito por":"Sebastian","Tiempo de lectura":"2 minutos"},"schema":{"@context":"https:\/\/schema.org","@graph":[{"@type":"Article","@id":"https:\/\/informelitoral.com.ar\/instruyeron-en-el-traslado-y-manejo-de-equinos-en-eventos-culturales-y-deportivos\/#article","isPartOf":{"@id":"https:\/\/informelitoral.com.ar\/instruyeron-en-el-traslado-y-manejo-de-equinos-en-eventos-culturales-y-deportivos\/"},"author":{"name":"Sebastian","@id":"https:\/\/informelitoral.com.ar\/#\/schema\/person\/f05f9f461677119578717524b127d6d5"},"headline":"Instruyeron en el traslado y manejo de equinos en eventos culturales y deportivos","datePublished":"2025-04-29T15:04:08+00:00","dateModified":"2025-04-29T15:35:05+00:00","mainEntityOfPage":{"@id":"https:\/\/informelitoral.com.ar\/instruyeron-en-el-traslado-y-manejo-de-equinos-en-eventos-culturales-y-deportivos\/"},"wordCount":335,"commentCount":0,"publisher":{"@id":"https:\/\/informelitoral.com.ar\/#organization"},"image":{"@id":"https:\/\/informelitoral.com.ar\/instruyeron-en-el-traslado-y-manejo-de-equinos-en-eventos-culturales-y-deportivos\/#primaryimage"},"thumbnailUrl":"https:\/\/informelitoral.com.ar\/%77%70%2d%63%6f%6e%74%65%6e%74\/uploads\/2025\/04\/foto-1-villaguay.jpeg","keywords":["Delitos rurales","Reuni\u00f3n"],"articleSection":["Campo","Entre R\u00edos"],"inLanguage":"es","potentialAction":[{"@type":"CommentAction","name":"Comment","target":["https:\/\/informelitoral.com.ar\/instruyeron-en-el-traslado-y-manejo-de-equinos-en-eventos-culturales-y-deportivos\/#respond"]}]},{"@type":"WebPage","@id":"https:\/\/informelitoral.com.ar\/instruyeron-en-el-traslado-y-manejo-de-equinos-en-eventos-culturales-y-deportivos\/","url":"https:\/\/informelitoral.com.ar\/instruyeron-en-el-traslado-y-manejo-de-equinos-en-eventos-culturales-y-deportivos\/","name":"Instruyeron en el traslado y manejo de equinos en eventos culturales y deportivos - Informe Litoral","isPartOf":{"@id":"https:\/\/informelitoral.com.ar\/#website"},"primaryImageOfPage":{"@id":"https:\/\/informelitoral.com.ar\/instruyeron-en-el-traslado-y-manejo-de-equinos-en-eventos-culturales-y-deportivos\/#primaryimage"},"image":{"@id":"https:\/\/informelitoral.com.ar\/instruyeron-en-el-traslado-y-manejo-de-equinos-en-eventos-culturales-y-deportivos\/#primaryimage"},"thumbnailUrl":"https:\/\/informelitoral.com.ar\/%77%70%2d%63%6f%6e%74%65%6e%74\/uploads\/2025\/04\/foto-1-villaguay.jpeg","datePublished":"2025-04-29T15:04:08+00:00","dateModified":"2025-04-29T15:35:05+00:00","breadcrumb":{"@id":"https:\/\/informelitoral.com.ar\/instruyeron-en-el-traslado-y-manejo-de-equinos-en-eventos-culturales-y-deportivos\/#breadcrumb"},"inLanguage":"es","potentialAction":[{"@type":"ReadAction","target":["https:\/\/informelitoral.com.ar\/instruyeron-en-el-traslado-y-manejo-de-equinos-en-eventos-culturales-y-deportivos\/"]}]},{"@type":"ImageObject","inLanguage":"es","@id":"https:\/\/informelitoral.com.ar\/instruyeron-en-el-traslado-y-manejo-de-equinos-en-eventos-culturales-y-deportivos\/#primaryimage","url":"https:\/\/informelitoral.com.ar\/%77%70%2d%63%6f%6e%74%65%6e%74\/uploads\/2025\/04\/foto-1-villaguay.jpeg","contentUrl":"https:\/\/informelitoral.com.ar\/%77%70%2d%63%6f%6e%74%65%6e%74\/uploads\/2025\/04\/foto-1-villaguay.jpeg","width":1920,"height":1280},{"@type":"BreadcrumbList","@id":"https:\/\/informelitoral.com.ar\/instruyeron-en-el-traslado-y-manejo-de-equinos-en-eventos-culturales-y-deportivos\/#breadcrumb","itemListElement":[{"@type":"ListItem","position":1,"name":"Portada","item":"https:\/\/informelitoral.com.ar\/"},{"@type":"ListItem","position":2,"name":"Instruyeron en el traslado y manejo de equinos en eventos culturales y deportivos"}]},{"@type":"WebSite","@id":"https:\/\/informelitoral.com.ar\/#website","url":"https:\/\/informelitoral.com.ar\/","name":"Informe Litoral","description":"&quot;Nos informamos&quot; ","publisher":{"@id":"https:\/\/informelitoral.com.ar\/#organization"},"potentialAction":[{"@type":"SearchAction","target":{"@type":"EntryPoint","urlTemplate":"https:\/\/informelitoral.com.ar\/?s={search_term_string}"},"query-input":{"@type":"PropertyValueSpecification","valueRequired":true,"valueName":"search_term_string"}}],"inLanguage":"es"},{"@type":"Organization","@id":"https:\/\/informelitoral.com.ar\/#organization","name":"Informe Litoral","url":"https:\/\/informelitoral.com.ar\/","logo":{"@type":"ImageObject","inLanguage":"es","@id":"https:\/\/informelitoral.com.ar\/#\/schema\/logo\/image\/","url":"https:\/\/informelitoral.com.ar\/%77%70%2d%63%6f%6e%74%65%6e%74\/uploads\/2021\/01\/circulo.png","contentUrl":"https:\/\/informelitoral.com.ar\/%77%70%2d%63%6f%6e%74%65%6e%74\/uploads\/2021\/01\/circulo.png","width":723,"height":731,"caption":"Informe Litoral"},"image":{"@id":"https:\/\/informelitoral.com.ar\/#\/schema\/logo\/image\/"},"sameAs":["https:\/\/www.facebook.com\/informelitoral\/","https:\/\/x.com\/InformeLitoral","https:\/\/www.instagram.com\/informelitoral\/","https:\/\/www.youtube.com\/channel\/UCua4Qvz8Icb6MYqhoq9xLXw"]},{"@type":"Person","@id":"https:\/\/informelitoral.com.ar\/#\/schema\/person\/f05f9f461677119578717524b127d6d5","name":"Sebastian","image":{"@type":"ImageObject","inLanguage":"es","@id":"https:\/\/secure.gravatar.com\/avatar\/b71bf7481d447dfb9583c7f2798e7cc64de6efb9067b74633ed8c31059a3bd82?s=96&d=mm&r=g","url":"https:\/\/secure.gravatar.com\/avatar\/b71bf7481d447dfb9583c7f2798e7cc64de6efb9067b74633ed8c31059a3bd82?s=96&d=mm&r=g","contentUrl":"https:\/\/secure.gravatar.com\/avatar\/b71bf7481d447dfb9583c7f2798e7cc64de6efb9067b74633ed8c31059a3bd82?s=96&d=mm&r=g","caption":"Sebastian"},"url":"https:\/\/informelitoral.com.ar\/author\/sebastian\/"}]}},"_links":{"self":[{"href":"https:\/\/informelitoral.com.ar\/%77%70%2d%6a%73%6f%6e\/wp\/v2\/posts\/219963","targetHints":{"allow":["GET"]}}],"collection":[{"href":"https:\/\/informelitoral.com.ar\/%77%70%2d%6a%73%6f%6e\/wp\/v2\/posts"}],"about":[{"href":"https:\/\/informelitoral.com.ar\/%77%70%2d%6a%73%6f%6e\/wp\/v2\/types\/post"}],"author":[{"embeddable":true,"href":"https:\/\/informelitoral.com.ar\/%77%70%2d%6a%73%6f%6e\/wp\/v2\/users\/8"}],"replies":[{"embeddable":true,"href":"https:\/\/informelitoral.com.ar\/%77%70%2d%6a%73%6f%6e\/wp\/v2\/comments?post=219963"}],"version-history":[{"count":0,"href":"https:\/\/informelitoral.com.ar\/%77%70%2d%6a%73%6f%6e\/wp\/v2\/posts\/219963\/revisions"}],"wp:featuredmedia":[{"embeddable":true,"href":"https:\/\/informelitoral.com.ar\/%77%70%2d%6a%73%6f%6e\/wp\/v2\/media\/219964"}],"wp:attachment":[{"href":"https:\/\/informelitoral.com.ar\/%77%70%2d%6a%73%6f%6e\/wp\/v2\/media?parent=219963"}],"wp:term":[{"taxonomy":"category","embeddable":true,"href":"https:\/\/informelitoral.com.ar\/%77%70%2d%6a%73%6f%6e\/wp\/v2\/categories?post=219963"},{"taxonomy":"post_tag","embeddable":true,"href":"https:\/\/informelitoral.com.ar\/%77%70%2d%6a%73%6f%6e\/wp\/v2\/tags?post=219963"}],"curies":[{"name":"wp","href":"https:\/\/api.w.org\/{rel}","templated":true}]}}