{"id":219940,"date":"2025-04-29T09:19:54","date_gmt":"2025-04-29T12:19:54","guid":{"rendered":"https:\/\/informelitoral.com.ar\/?p=219940"},"modified":"2025-04-29T09:26:23","modified_gmt":"2025-04-29T12:26:23","slug":"arcor-y-bagley-activan-opcion-para-comprar-la-totalidad-de-mastellone","status":"publish","type":"post","link":"https:\/\/informelitoral.com.ar\/arcor-y-bagley-activan-opcion-para-comprar-la-totalidad-de-mastellone\/","title":{"rendered":"Arcor y Bagley activan opci\u00f3n para comprar la totalidad de Mastellone"},"content":{"rendered":"<p>La notificaci\u00f3n fue enviada tanto a la propia <strong>Mastellone<\/strong> como a los accionistas titulares de las clases <strong>A, B, C y D<\/strong>, en cumplimiento del contrato firmado en diciembre de 2015. Seg\u00fan ese acuerdo, los compradores ten\u00edan derecho a adquirir hasta el <strong>49%<\/strong> de las acciones entre 2017 y 2020 y la totalidad antes de 2025, opci\u00f3n que ahora fue finalmente ejercida.<\/p>\n<p>Pese al avance, el cierre de la operaci\u00f3n todav\u00eda enfrenta obst\u00e1culos. Los accionistas vendedores comunicaron a la compa\u00f1\u00eda que impugnar\u00e1n el precio por acci\u00f3n propuesto en la notificaci\u00f3n de<strong> Arcor y Bagley<\/strong>. Alegan que el valor no respeta las pautas fijadas en el contrato original de 2015.<\/p>\n<p>De acuerdo al procedimiento previsto, los vendedores disponen ahora de un plazo de 30 d\u00edas para formalizar su desacuerdo de manera escrita ante los compradores. La disputa podr\u00eda derivar en un proceso de arbitraje o instancia judicial si las partes no alcanzan un entendimiento sobre el valor definitivo.<\/p>\n<h2><strong>Arcor refuerza su presencia en el sector<\/strong><\/h2>\n<p>En los \u00faltimos a\u00f1os, Arcor fue incrementando su participaci\u00f3n accionaria en Mastellone, acerc\u00e1ndose al 49% del capital social, y sellando distintas etapas de integraci\u00f3n comercial con la l\u00e1ctea. El objetivo declarado es fortalecer su posici\u00f3n en el negocio de alimentos b\u00e1sicos, diversificar su portafolio de productos y lograr una mayor integraci\u00f3n vertical en la cadena de valor.<\/p>\n<p>Fundado en 1951 en Arroyito, C\u00f3rdoba, el Grupo Arcor es una de las principales empresas de alimentos, golosinas y chocolates de Am\u00e9rica Latina. Su modelo de negocio est\u00e1 basado en la integraci\u00f3n vertical y la diversificaci\u00f3n de productos y mercados. En la actualidad, opera 49 plantas industriales distribuidas en Am\u00e9rica Latina y exporta a m\u00e1s de 120 pa\u00edses.<\/p>\n<p>En l\u00edneas generales, la compa\u00f1\u00eda produce alrededor de 75.000 litros de leche por d\u00eda, muele 1,55 millones de toneladas de ca\u00f1a de az\u00facar al a\u00f1o, produce unos 84.000 litros de alcohol de ma\u00edz por d\u00eda, y procesa m\u00e1s de 1,35 millones de toneladas de ma\u00edz al a\u00f1o.<\/p>\n<p>Por su parte, Mastellone Hnos es una de las principales empresas del sector l\u00e1cteo argentino, l\u00edder en la producci\u00f3n de l\u00e1cteos frescos que en su mayor\u00eda vuelca al mercado interno. Fue fundada en 1929 por el inmigrante italiano Antonino Mastellone.<\/p>\n<p>En base a informaciones de mercado, Mastellone se encuentra entre las cuatro primeras empresas l\u00e1cteas de Am\u00e9rica Latina, seg\u00fan la cantidad de litros de leche procesada.<\/p>\n<p>En este marco, la compa\u00f1\u00eda posee tres principales centros industriales. El m\u00e1s importante es el Complejo Industrial \u201cPascual Mastellone\u201d situado en la ciudad de General Rodr\u00edguez, provincia de Buenos Aires, que es uno de los m\u00e1s grandes de Sudam\u00e9rica para la producci\u00f3n de distintos tipos de productos l\u00e1cteos.<\/p>\n<p>Tambi\u00e9n dispone del complejo Industrial \u201cVictorio Mastellone\u201d, ubicado en la localidad bonaerense de Trenque Lauquen, que se dedica fundamentalmente a la producci\u00f3n de quesos blandos y recientemente, producto de la ejecuci\u00f3n de un plan estrat\u00e9gico de inversiones, se inaugur\u00f3 dentro del complejo una planta de secado dual, la que permite producir leche en polvo y tambi\u00e9n suero de queso en polvo. Por \u00faltimo, est\u00e1 el Complejo Industrial Villa Mercedes localizado en la ciudad de Villa Mercedes, provincia de San Luis.<\/p>\n<p>La compa\u00f1\u00eda se ubica como la mayor compradora de leche cruda de Argentina con alrededor de 1.400 millones de litros proveniente en promedio de unos 640 productores cuyos establecimientos se encuentran ubicados en las principales zonas de producci\u00f3n de leche de Argentina.(<em>\u00c1mbito<\/em>)<\/p>\n","protected":false},"excerpt":{"rendered":"<p>La operaci\u00f3n, que fue comunicada este lunes como hecho relevante a la Comisi\u00f3n Nacional de Valores (CNV) y a los mercados, marca un paso clave en el camino de Arcor para consolidar su control en el sector l\u00e1cteo.<\/p>\n","protected":false},"author":8,"featured_media":219941,"comment_status":"open","ping_status":"open","sticky":false,"template":"","format":"standard","meta":{"fifu_image_url":"https:\/\/media.ambito.com\/p\/cf9f2b376a20b27361acde2f8deec125\/adjuntos\/239\/imagenes\/039\/838\/0039838358\/mastellone.jpg","fifu_image_alt":"","footnotes":""},"categories":[1594],"tags":[5713,5714,5715],"class_list":{"0":"post-219940","1":"post","2":"type-post","3":"status-publish","4":"format-standard","5":"has-post-thumbnail","7":"category-economia","8":"tag-arcor","9":"tag-bagley","10":"tag-la-serenisima"},"yoast_head":"<title>Arcor y Bagley activan opci\u00f3n para comprar la totalidad de Mastellone - Informe Litoral<\/title>\n<meta name=\"robots\" content=\"index, follow, max-snippet:-1, max-image-preview:large, max-video-preview:-1\" \/>\n<link rel=\"canonical\" href=\"https:\/\/informelitoral.com.ar\/arcor-y-bagley-activan-opcion-para-comprar-la-totalidad-de-mastellone\/\" \/>\n<meta property=\"og:locale\" content=\"es_ES\" \/>\n<meta property=\"og:type\" content=\"article\" \/>\n<meta property=\"og:title\" content=\"Arcor y Bagley activan opci\u00f3n para comprar la totalidad de Mastellone - Informe Litoral\" \/>\n<meta property=\"og:description\" content=\"La operaci\u00f3n, que fue comunicada este lunes como hecho relevante a la Comisi\u00f3n Nacional de Valores (CNV) y a los mercados, marca un paso clave en el camino de Arcor para consolidar su control en el sector l\u00e1cteo.\" \/>\n<meta property=\"og:url\" content=\"https:\/\/informelitoral.com.ar\/arcor-y-bagley-activan-opcion-para-comprar-la-totalidad-de-mastellone\/\" \/>\n<meta property=\"og:site_name\" content=\"Informe Litoral\" \/>\n<meta property=\"article:publisher\" content=\"https:\/\/www.facebook.com\/informelitoral\/\" \/>\n<meta property=\"article:published_time\" content=\"2025-04-29T12:19:54+00:00\" \/>\n<meta property=\"article:modified_time\" content=\"2025-04-29T12:26:23+00:00\" \/>\n<meta property=\"og:image\" content=\"https:\/\/media.ambito.com\/p\/cf9f2b376a20b27361acde2f8deec125\/adjuntos\/239\/imagenes\/039\/838\/0039838358\/mastellone.jpg\" \/><meta property=\"og:image\" content=\"https:\/\/media.ambito.com\/p\/cf9f2b376a20b27361acde2f8deec125\/adjuntos\/239\/imagenes\/039\/838\/0039838358\/mastellone.jpg\" \/>\n\t<meta property=\"og:image:width\" content=\"540\" \/>\n\t<meta property=\"og:image:height\" content=\"405\" \/>\n\t<meta property=\"og:image:type\" content=\"image\/jpeg\" \/>\n<meta name=\"author\" content=\"Sebastian\" \/>\n<meta name=\"twitter:card\" content=\"summary_large_image\" \/>\n<meta name=\"twitter:image\" content=\"https:\/\/media.ambito.com\/p\/cf9f2b376a20b27361acde2f8deec125\/adjuntos\/239\/imagenes\/039\/838\/0039838358\/mastellone.jpg\" \/>\n<meta name=\"twitter:creator\" content=\"@InformeLitoral\" \/>\n<meta name=\"twitter:site\" content=\"@InformeLitoral\" \/>\n<meta name=\"twitter:label1\" content=\"Escrito por\" \/>\n\t<meta name=\"twitter:data1\" content=\"Sebastian\" \/>\n\t<meta name=\"twitter:label2\" content=\"Tiempo de lectura\" \/>\n\t<meta name=\"twitter:data2\" content=\"3 minutos\" \/>\n<script type=\"application\/ld+json\" class=\"yoast-schema-graph\">{\"@context\":\"https:\\\/\\\/schema.org\",\"@graph\":[{\"@type\":\"Article\",\"@id\":\"https:\\\/\\\/informelitoral.com.ar\\\/arcor-y-bagley-activan-opcion-para-comprar-la-totalidad-de-mastellone\\\/#article\",\"isPartOf\":{\"@id\":\"https:\\\/\\\/informelitoral.com.ar\\\/arcor-y-bagley-activan-opcion-para-comprar-la-totalidad-de-mastellone\\\/\"},\"author\":{\"name\":\"Sebastian\",\"@id\":\"https:\\\/\\\/informelitoral.com.ar\\\/#\\\/schema\\\/person\\\/f05f9f461677119578717524b127d6d5\"},\"headline\":\"Arcor y Bagley activan opci\u00f3n para comprar la totalidad de Mastellone\",\"datePublished\":\"2025-04-29T12:19:54+00:00\",\"dateModified\":\"2025-04-29T12:26:23+00:00\",\"mainEntityOfPage\":{\"@id\":\"https:\\\/\\\/informelitoral.com.ar\\\/arcor-y-bagley-activan-opcion-para-comprar-la-totalidad-de-mastellone\\\/\"},\"wordCount\":618,\"commentCount\":0,\"publisher\":{\"@id\":\"https:\\\/\\\/informelitoral.com.ar\\\/#organization\"},\"image\":{\"@id\":\"https:\\\/\\\/informelitoral.com.ar\\\/arcor-y-bagley-activan-opcion-para-comprar-la-totalidad-de-mastellone\\\/#primaryimage\"},\"thumbnailUrl\":\"https:\\\/\\\/media.ambito.com\\\/p\\\/cf9f2b376a20b27361acde2f8deec125\\\/adjuntos\\\/239\\\/imagenes\\\/039\\\/838\\\/0039838358\\\/mastellone.jpg\",\"keywords\":[\"Arcor\",\"Bagley\",\"La Seren\u00edsima\"],\"articleSection\":[\"Econom\u00eda\"],\"inLanguage\":\"es\",\"potentialAction\":[{\"@type\":\"CommentAction\",\"name\":\"Comment\",\"target\":[\"https:\\\/\\\/informelitoral.com.ar\\\/arcor-y-bagley-activan-opcion-para-comprar-la-totalidad-de-mastellone\\\/#respond\"]}]},{\"@type\":\"WebPage\",\"@id\":\"https:\\\/\\\/informelitoral.com.ar\\\/arcor-y-bagley-activan-opcion-para-comprar-la-totalidad-de-mastellone\\\/\",\"url\":\"https:\\\/\\\/informelitoral.com.ar\\\/arcor-y-bagley-activan-opcion-para-comprar-la-totalidad-de-mastellone\\\/\",\"name\":\"Arcor y Bagley activan opci\u00f3n para comprar la totalidad de Mastellone - Informe Litoral\",\"isPartOf\":{\"@id\":\"https:\\\/\\\/informelitoral.com.ar\\\/#website\"},\"primaryImageOfPage\":{\"@id\":\"https:\\\/\\\/informelitoral.com.ar\\\/arcor-y-bagley-activan-opcion-para-comprar-la-totalidad-de-mastellone\\\/#primaryimage\"},\"image\":{\"@id\":\"https:\\\/\\\/informelitoral.com.ar\\\/arcor-y-bagley-activan-opcion-para-comprar-la-totalidad-de-mastellone\\\/#primaryimage\"},\"thumbnailUrl\":\"https:\\\/\\\/media.ambito.com\\\/p\\\/cf9f2b376a20b27361acde2f8deec125\\\/adjuntos\\\/239\\\/imagenes\\\/039\\\/838\\\/0039838358\\\/mastellone.jpg\",\"datePublished\":\"2025-04-29T12:19:54+00:00\",\"dateModified\":\"2025-04-29T12:26:23+00:00\",\"breadcrumb\":{\"@id\":\"https:\\\/\\\/informelitoral.com.ar\\\/arcor-y-bagley-activan-opcion-para-comprar-la-totalidad-de-mastellone\\\/#breadcrumb\"},\"inLanguage\":\"es\",\"potentialAction\":[{\"@type\":\"ReadAction\",\"target\":[\"https:\\\/\\\/informelitoral.com.ar\\\/arcor-y-bagley-activan-opcion-para-comprar-la-totalidad-de-mastellone\\\/\"]}]},{\"@type\":\"ImageObject\",\"inLanguage\":\"es\",\"@id\":\"https:\\\/\\\/informelitoral.com.ar\\\/arcor-y-bagley-activan-opcion-para-comprar-la-totalidad-de-mastellone\\\/#primaryimage\",\"url\":\"https:\\\/\\\/media.ambito.com\\\/p\\\/cf9f2b376a20b27361acde2f8deec125\\\/adjuntos\\\/239\\\/imagenes\\\/039\\\/838\\\/0039838358\\\/mastellone.jpg\",\"contentUrl\":\"https:\\\/\\\/media.ambito.com\\\/p\\\/cf9f2b376a20b27361acde2f8deec125\\\/adjuntos\\\/239\\\/imagenes\\\/039\\\/838\\\/0039838358\\\/mastellone.jpg\",\"width\":\"540\",\"height\":\"405\"},{\"@type\":\"BreadcrumbList\",\"@id\":\"https:\\\/\\\/informelitoral.com.ar\\\/arcor-y-bagley-activan-opcion-para-comprar-la-totalidad-de-mastellone\\\/#breadcrumb\",\"itemListElement\":[{\"@type\":\"ListItem\",\"position\":1,\"name\":\"Portada\",\"item\":\"https:\\\/\\\/informelitoral.com.ar\\\/\"},{\"@type\":\"ListItem\",\"position\":2,\"name\":\"Arcor y Bagley activan opci\u00f3n para comprar la totalidad de Mastellone\"}]},{\"@type\":\"WebSite\",\"@id\":\"https:\\\/\\\/informelitoral.com.ar\\\/#website\",\"url\":\"https:\\\/\\\/informelitoral.com.ar\\\/\",\"name\":\"Informe Litoral\",\"description\":\"&quot;Nos informamos&quot; \",\"publisher\":{\"@id\":\"https:\\\/\\\/informelitoral.com.ar\\\/#organization\"},\"potentialAction\":[{\"@type\":\"SearchAction\",\"target\":{\"@type\":\"EntryPoint\",\"urlTemplate\":\"https:\\\/\\\/informelitoral.com.ar\\\/?s={search_term_string}\"},\"query-input\":{\"@type\":\"PropertyValueSpecification\",\"valueRequired\":true,\"valueName\":\"search_term_string\"}}],\"inLanguage\":\"es\"},{\"@type\":\"Organization\",\"@id\":\"https:\\\/\\\/informelitoral.com.ar\\\/#organization\",\"name\":\"Informe Litoral\",\"url\":\"https:\\\/\\\/informelitoral.com.ar\\\/\",\"logo\":{\"@type\":\"ImageObject\",\"inLanguage\":\"es\",\"@id\":\"https:\\\/\\\/informelitoral.com.ar\\\/#\\\/schema\\\/logo\\\/image\\\/\",\"url\":\"https:\\\/\\\/informelitoral.com.ar\\\/%77%70%2d%63%6f%6e%74%65%6e%74\\\/uploads\\\/2021\\\/01\\\/circulo.png\",\"contentUrl\":\"https:\\\/\\\/informelitoral.com.ar\\\/%77%70%2d%63%6f%6e%74%65%6e%74\\\/uploads\\\/2021\\\/01\\\/circulo.png\",\"width\":723,\"height\":731,\"caption\":\"Informe Litoral\"},\"image\":{\"@id\":\"https:\\\/\\\/informelitoral.com.ar\\\/#\\\/schema\\\/logo\\\/image\\\/\"},\"sameAs\":[\"https:\\\/\\\/www.facebook.com\\\/informelitoral\\\/\",\"https:\\\/\\\/x.com\\\/InformeLitoral\",\"https:\\\/\\\/www.instagram.com\\\/informelitoral\\\/\",\"https:\\\/\\\/www.youtube.com\\\/channel\\\/UCua4Qvz8Icb6MYqhoq9xLXw\"]},{\"@type\":\"Person\",\"@id\":\"https:\\\/\\\/informelitoral.com.ar\\\/#\\\/schema\\\/person\\\/f05f9f461677119578717524b127d6d5\",\"name\":\"Sebastian\",\"image\":{\"@type\":\"ImageObject\",\"inLanguage\":\"es\",\"@id\":\"https:\\\/\\\/secure.gravatar.com\\\/avatar\\\/b71bf7481d447dfb9583c7f2798e7cc64de6efb9067b74633ed8c31059a3bd82?s=96&d=mm&r=g\",\"url\":\"https:\\\/\\\/secure.gravatar.com\\\/avatar\\\/b71bf7481d447dfb9583c7f2798e7cc64de6efb9067b74633ed8c31059a3bd82?s=96&d=mm&r=g\",\"contentUrl\":\"https:\\\/\\\/secure.gravatar.com\\\/avatar\\\/b71bf7481d447dfb9583c7f2798e7cc64de6efb9067b74633ed8c31059a3bd82?s=96&d=mm&r=g\",\"caption\":\"Sebastian\"},\"url\":\"https:\\\/\\\/informelitoral.com.ar\\\/author\\\/sebastian\\\/\"}]}<\/script>","yoast_head_json":{"title":"Arcor y Bagley activan opci\u00f3n para comprar la totalidad de Mastellone - Informe Litoral","robots":{"index":"index","follow":"follow","max-snippet":"max-snippet:-1","max-image-preview":"max-image-preview:large","max-video-preview":"max-video-preview:-1"},"canonical":"https:\/\/informelitoral.com.ar\/arcor-y-bagley-activan-opcion-para-comprar-la-totalidad-de-mastellone\/","og_locale":"es_ES","og_type":"article","og_title":"Arcor y Bagley activan opci\u00f3n para comprar la totalidad de Mastellone - Informe Litoral","og_description":"La operaci\u00f3n, que fue comunicada este lunes como hecho relevante a la Comisi\u00f3n Nacional de Valores (CNV) y a los mercados, marca un paso clave en el camino de Arcor para consolidar su control en el sector l\u00e1cteo.","og_url":"https:\/\/informelitoral.com.ar\/arcor-y-bagley-activan-opcion-para-comprar-la-totalidad-de-mastellone\/","og_site_name":"Informe Litoral","article_publisher":"https:\/\/www.facebook.com\/informelitoral\/","article_published_time":"2025-04-29T12:19:54+00:00","article_modified_time":"2025-04-29T12:26:23+00:00","og_image":[{"url":"https:\/\/media.ambito.com\/p\/cf9f2b376a20b27361acde2f8deec125\/adjuntos\/239\/imagenes\/039\/838\/0039838358\/mastellone.jpg","type":"","width":"","height":""},{"width":540,"height":405,"url":"https:\/\/media.ambito.com\/p\/cf9f2b376a20b27361acde2f8deec125\/adjuntos\/239\/imagenes\/039\/838\/0039838358\/mastellone.jpg","type":"image\/jpeg"}],"author":"Sebastian","twitter_card":"summary_large_image","twitter_image":"https:\/\/media.ambito.com\/p\/cf9f2b376a20b27361acde2f8deec125\/adjuntos\/239\/imagenes\/039\/838\/0039838358\/mastellone.jpg","twitter_creator":"@InformeLitoral","twitter_site":"@InformeLitoral","twitter_misc":{"Escrito por":"Sebastian","Tiempo de lectura":"3 minutos"},"schema":{"@context":"https:\/\/schema.org","@graph":[{"@type":"Article","@id":"https:\/\/informelitoral.com.ar\/arcor-y-bagley-activan-opcion-para-comprar-la-totalidad-de-mastellone\/#article","isPartOf":{"@id":"https:\/\/informelitoral.com.ar\/arcor-y-bagley-activan-opcion-para-comprar-la-totalidad-de-mastellone\/"},"author":{"name":"Sebastian","@id":"https:\/\/informelitoral.com.ar\/#\/schema\/person\/f05f9f461677119578717524b127d6d5"},"headline":"Arcor y Bagley activan opci\u00f3n para comprar la totalidad de Mastellone","datePublished":"2025-04-29T12:19:54+00:00","dateModified":"2025-04-29T12:26:23+00:00","mainEntityOfPage":{"@id":"https:\/\/informelitoral.com.ar\/arcor-y-bagley-activan-opcion-para-comprar-la-totalidad-de-mastellone\/"},"wordCount":618,"commentCount":0,"publisher":{"@id":"https:\/\/informelitoral.com.ar\/#organization"},"image":{"@id":"https:\/\/informelitoral.com.ar\/arcor-y-bagley-activan-opcion-para-comprar-la-totalidad-de-mastellone\/#primaryimage"},"thumbnailUrl":"https:\/\/media.ambito.com\/p\/cf9f2b376a20b27361acde2f8deec125\/adjuntos\/239\/imagenes\/039\/838\/0039838358\/mastellone.jpg","keywords":["Arcor","Bagley","La Seren\u00edsima"],"articleSection":["Econom\u00eda"],"inLanguage":"es","potentialAction":[{"@type":"CommentAction","name":"Comment","target":["https:\/\/informelitoral.com.ar\/arcor-y-bagley-activan-opcion-para-comprar-la-totalidad-de-mastellone\/#respond"]}]},{"@type":"WebPage","@id":"https:\/\/informelitoral.com.ar\/arcor-y-bagley-activan-opcion-para-comprar-la-totalidad-de-mastellone\/","url":"https:\/\/informelitoral.com.ar\/arcor-y-bagley-activan-opcion-para-comprar-la-totalidad-de-mastellone\/","name":"Arcor y Bagley activan opci\u00f3n para comprar la totalidad de Mastellone - Informe Litoral","isPartOf":{"@id":"https:\/\/informelitoral.com.ar\/#website"},"primaryImageOfPage":{"@id":"https:\/\/informelitoral.com.ar\/arcor-y-bagley-activan-opcion-para-comprar-la-totalidad-de-mastellone\/#primaryimage"},"image":{"@id":"https:\/\/informelitoral.com.ar\/arcor-y-bagley-activan-opcion-para-comprar-la-totalidad-de-mastellone\/#primaryimage"},"thumbnailUrl":"https:\/\/media.ambito.com\/p\/cf9f2b376a20b27361acde2f8deec125\/adjuntos\/239\/imagenes\/039\/838\/0039838358\/mastellone.jpg","datePublished":"2025-04-29T12:19:54+00:00","dateModified":"2025-04-29T12:26:23+00:00","breadcrumb":{"@id":"https:\/\/informelitoral.com.ar\/arcor-y-bagley-activan-opcion-para-comprar-la-totalidad-de-mastellone\/#breadcrumb"},"inLanguage":"es","potentialAction":[{"@type":"ReadAction","target":["https:\/\/informelitoral.com.ar\/arcor-y-bagley-activan-opcion-para-comprar-la-totalidad-de-mastellone\/"]}]},{"@type":"ImageObject","inLanguage":"es","@id":"https:\/\/informelitoral.com.ar\/arcor-y-bagley-activan-opcion-para-comprar-la-totalidad-de-mastellone\/#primaryimage","url":"https:\/\/media.ambito.com\/p\/cf9f2b376a20b27361acde2f8deec125\/adjuntos\/239\/imagenes\/039\/838\/0039838358\/mastellone.jpg","contentUrl":"https:\/\/media.ambito.com\/p\/cf9f2b376a20b27361acde2f8deec125\/adjuntos\/239\/imagenes\/039\/838\/0039838358\/mastellone.jpg","width":"540","height":"405"},{"@type":"BreadcrumbList","@id":"https:\/\/informelitoral.com.ar\/arcor-y-bagley-activan-opcion-para-comprar-la-totalidad-de-mastellone\/#breadcrumb","itemListElement":[{"@type":"ListItem","position":1,"name":"Portada","item":"https:\/\/informelitoral.com.ar\/"},{"@type":"ListItem","position":2,"name":"Arcor y Bagley activan opci\u00f3n para comprar la totalidad de Mastellone"}]},{"@type":"WebSite","@id":"https:\/\/informelitoral.com.ar\/#website","url":"https:\/\/informelitoral.com.ar\/","name":"Informe Litoral","description":"&quot;Nos informamos&quot; ","publisher":{"@id":"https:\/\/informelitoral.com.ar\/#organization"},"potentialAction":[{"@type":"SearchAction","target":{"@type":"EntryPoint","urlTemplate":"https:\/\/informelitoral.com.ar\/?s={search_term_string}"},"query-input":{"@type":"PropertyValueSpecification","valueRequired":true,"valueName":"search_term_string"}}],"inLanguage":"es"},{"@type":"Organization","@id":"https:\/\/informelitoral.com.ar\/#organization","name":"Informe Litoral","url":"https:\/\/informelitoral.com.ar\/","logo":{"@type":"ImageObject","inLanguage":"es","@id":"https:\/\/informelitoral.com.ar\/#\/schema\/logo\/image\/","url":"https:\/\/informelitoral.com.ar\/%77%70%2d%63%6f%6e%74%65%6e%74\/uploads\/2021\/01\/circulo.png","contentUrl":"https:\/\/informelitoral.com.ar\/%77%70%2d%63%6f%6e%74%65%6e%74\/uploads\/2021\/01\/circulo.png","width":723,"height":731,"caption":"Informe Litoral"},"image":{"@id":"https:\/\/informelitoral.com.ar\/#\/schema\/logo\/image\/"},"sameAs":["https:\/\/www.facebook.com\/informelitoral\/","https:\/\/x.com\/InformeLitoral","https:\/\/www.instagram.com\/informelitoral\/","https:\/\/www.youtube.com\/channel\/UCua4Qvz8Icb6MYqhoq9xLXw"]},{"@type":"Person","@id":"https:\/\/informelitoral.com.ar\/#\/schema\/person\/f05f9f461677119578717524b127d6d5","name":"Sebastian","image":{"@type":"ImageObject","inLanguage":"es","@id":"https:\/\/secure.gravatar.com\/avatar\/b71bf7481d447dfb9583c7f2798e7cc64de6efb9067b74633ed8c31059a3bd82?s=96&d=mm&r=g","url":"https:\/\/secure.gravatar.com\/avatar\/b71bf7481d447dfb9583c7f2798e7cc64de6efb9067b74633ed8c31059a3bd82?s=96&d=mm&r=g","contentUrl":"https:\/\/secure.gravatar.com\/avatar\/b71bf7481d447dfb9583c7f2798e7cc64de6efb9067b74633ed8c31059a3bd82?s=96&d=mm&r=g","caption":"Sebastian"},"url":"https:\/\/informelitoral.com.ar\/author\/sebastian\/"}]}},"fifu_image_url":"https:\/\/media.ambito.com\/p\/cf9f2b376a20b27361acde2f8deec125\/adjuntos\/239\/imagenes\/039\/838\/0039838358\/mastellone.jpg","_links":{"self":[{"href":"https:\/\/informelitoral.com.ar\/%77%70%2d%6a%73%6f%6e\/wp\/v2\/posts\/219940","targetHints":{"allow":["GET"]}}],"collection":[{"href":"https:\/\/informelitoral.com.ar\/%77%70%2d%6a%73%6f%6e\/wp\/v2\/posts"}],"about":[{"href":"https:\/\/informelitoral.com.ar\/%77%70%2d%6a%73%6f%6e\/wp\/v2\/types\/post"}],"author":[{"embeddable":true,"href":"https:\/\/informelitoral.com.ar\/%77%70%2d%6a%73%6f%6e\/wp\/v2\/users\/8"}],"replies":[{"embeddable":true,"href":"https:\/\/informelitoral.com.ar\/%77%70%2d%6a%73%6f%6e\/wp\/v2\/comments?post=219940"}],"version-history":[{"count":0,"href":"https:\/\/informelitoral.com.ar\/%77%70%2d%6a%73%6f%6e\/wp\/v2\/posts\/219940\/revisions"}],"wp:featuredmedia":[{"embeddable":true,"href":"https:\/\/informelitoral.com.ar\/%77%70%2d%6a%73%6f%6e\/wp\/v2\/media\/219941"}],"wp:attachment":[{"href":"https:\/\/informelitoral.com.ar\/%77%70%2d%6a%73%6f%6e\/wp\/v2\/media?parent=219940"}],"wp:term":[{"taxonomy":"category","embeddable":true,"href":"https:\/\/informelitoral.com.ar\/%77%70%2d%6a%73%6f%6e\/wp\/v2\/categories?post=219940"},{"taxonomy":"post_tag","embeddable":true,"href":"https:\/\/informelitoral.com.ar\/%77%70%2d%6a%73%6f%6e\/wp\/v2\/tags?post=219940"}],"curies":[{"name":"wp","href":"https:\/\/api.w.org\/{rel}","templated":true}]}}