{"id":219873,"date":"2025-04-29T06:26:16","date_gmt":"2025-04-29T09:26:16","guid":{"rendered":"https:\/\/informelitoral.com.ar\/?p=219873"},"modified":"2025-04-29T06:26:16","modified_gmt":"2025-04-29T09:26:16","slug":"martes-con-tiempo-estable-y-ascenso-de-temperaturas-en-la-region-central","status":"publish","type":"post","link":"https:\/\/informelitoral.com.ar\/martes-con-tiempo-estable-y-ascenso-de-temperaturas-en-la-region-central\/","title":{"rendered":"Martes con tiempo estable y ascenso de temperaturas en la regi\u00f3n central"},"content":{"rendered":"<p>Se presentar\u00e1 estable hoy en gran parte del \u00e1rea central del pa\u00eds, con viento soplando del sector norte\/noreste y lluvias que quedar\u00e1n ausentes en gran parte del territorio. El aire h\u00famedo se estar\u00e1 incrementando de a poco.<\/p>\n<p>La temperatura ir\u00e1 subiendo del norte al centro del pa\u00eds durante la presente jornada, con m\u00e1ximas que van a rondar de 22 hasta 26 grados en esta zona. Para el extremo norte del territorio ya se van a superar los 27\u00b0C.<\/p>\n<p><b>En el caso de Entre R\u00edos, el cielo presentar\u00e1 poca nubosidad y los registros t\u00e9rmicos esta tarde se acercar\u00edan a los 25 grados<\/b><\/p>\n<h2><strong>Qu\u00e9 pasar\u00e1 con las lluvias este martes<\/strong><\/h2>\n<p>Seg\u00fan\u00a0<i>Infoagro<\/i>, para esta jornada se espera tiempo estable y sin lluvias en las provincias de C\u00f3rdoba, San Luis y La Rioja, con presencia de nubosidad variable en momentos. Para las provincias de Buenos Aires y La Pampa, la nubosidad se presentar\u00e1 en aumento, pero con bajas probabilidades de precipitaciones.<\/p>\n<p>Para la regi\u00f3n n\u00facleo se prev\u00e9 nubosidad variable en las provincias de Santa Fe y Entre R\u00edos, pero sin lluvias. La nubosidad estar\u00e1 presente en el norte del pa\u00eds: En \u00e1reas de las provincias de Jujuy, Salta, Tucum\u00e1n y Catamarca, con algunas precipitaciones dispersas.<\/p>\n<p>El tiempo estable se desarrollar\u00e1 en las provincias del norte y el NEA: Santiago del Estero y Chaco. Tambi\u00e9n en las provincias de Corrientes y Formosa tendr\u00e1n tiempo m\u00e1s estable, con nubosidad variable.<\/p>\n<h2><strong>El tiempo para el fin de semana largo<\/strong><\/h2>\n<p>Las\u00a0<b>temperaturas m\u00ednimas<\/b>\u00a0comenzar\u00e1n a ascender gradualmente ma\u00f1ana, hacia valores de\u00a0<b>12 a 13 grados cent\u00edgrados<\/b>. Las\u00a0<b>m\u00e1ximas, podr\u00edan rondar los 25 grados por las tardes<\/b>.<\/p>\n<p>El pr\u00f3ximo fin de semana largo (al menos para algunos sectores)\u00a0<b>comenzar\u00e1 con un 1\u00b0 de mayo con nubosidad en aumento<\/b>, vientos del noreste, y muy poco cambio de temperaturas.\u00a0<b>Para el viernes 2 de mayo<\/b>, d\u00eda no laborable, se espera que est\u00e9\u00a0<b>mayormente nublado, con registros t\u00e9rmicos de hasta 24 grados<\/b>.<\/p>\n<p>Esto \u201c<b>no modificar\u00e1 en nada la masa de aire presente en la regi\u00f3n<\/b>. El resto del fin de semana largo continuar\u00eda con buen tiempo, vientos predominantes del cuadrante norte\u201d.<\/p>\n<p>En Entre R\u00edos para\u00a0<b>el s\u00e1bado y domingo venideros se anuncian marcas t\u00e9rmicas que podr\u00edan superar los 25 grados<\/b>.<\/p>\n","protected":false},"excerpt":{"rendered":"<p>La estabilidad sigue siendo la caracter\u00edstica meteorol\u00f3gica predominante en el pa\u00eds durante esta semana. Qu\u00e9 se pronostica en Entre R\u00edos de cara al feriado del 1 de mayo y a la jornada no laborable del viernes.<\/p>\n","protected":false},"author":8,"featured_media":58313,"comment_status":"open","ping_status":"open","sticky":false,"template":"","format":"standard","meta":{"fifu_image_url":"","fifu_image_alt":"","footnotes":""},"categories":[7],"tags":[113],"class_list":{"0":"post-219873","1":"post","2":"type-post","3":"status-publish","4":"format-standard","5":"has-post-thumbnail","7":"category-nacionales","8":"tag-smn"},"yoast_head":"<title>Martes con tiempo estable y ascenso de temperaturas en la regi\u00f3n central - Informe Litoral<\/title>\n<meta name=\"robots\" content=\"index, follow, max-snippet:-1, max-image-preview:large, max-video-preview:-1\" \/>\n<link rel=\"canonical\" href=\"https:\/\/informelitoral.com.ar\/martes-con-tiempo-estable-y-ascenso-de-temperaturas-en-la-region-central\/\" \/>\n<meta property=\"og:locale\" content=\"es_ES\" \/>\n<meta property=\"og:type\" content=\"article\" \/>\n<meta property=\"og:title\" content=\"Martes con tiempo estable y ascenso de temperaturas en la regi\u00f3n central - Informe Litoral\" \/>\n<meta property=\"og:description\" content=\"La estabilidad sigue siendo la caracter\u00edstica meteorol\u00f3gica predominante en el pa\u00eds durante esta semana. Qu\u00e9 se pronostica en Entre R\u00edos de cara al feriado del 1 de mayo y a la jornada no laborable del viernes.\" \/>\n<meta property=\"og:url\" content=\"https:\/\/informelitoral.com.ar\/martes-con-tiempo-estable-y-ascenso-de-temperaturas-en-la-region-central\/\" \/>\n<meta property=\"og:site_name\" content=\"Informe Litoral\" \/>\n<meta property=\"article:publisher\" content=\"https:\/\/www.facebook.com\/informelitoral\/\" \/>\n<meta property=\"article:published_time\" content=\"2025-04-29T09:26:16+00:00\" \/>\n<meta property=\"og:image\" content=\"https:\/\/informelitoral.com.ar\/%77%70%2d%63%6f%6e%74%65%6e%74\/uploads\/2021\/04\/soleado-pesca.jpg\" \/>\n\t<meta property=\"og:image:width\" content=\"640\" \/>\n\t<meta property=\"og:image:height\" content=\"350\" \/>\n\t<meta property=\"og:image:type\" content=\"image\/jpeg\" \/>\n<meta name=\"author\" content=\"Sebastian\" \/>\n<meta name=\"twitter:card\" content=\"summary_large_image\" \/>\n<meta name=\"twitter:creator\" content=\"@InformeLitoral\" \/>\n<meta name=\"twitter:site\" content=\"@InformeLitoral\" \/>\n<meta name=\"twitter:label1\" content=\"Escrito por\" \/>\n\t<meta name=\"twitter:data1\" content=\"Sebastian\" \/>\n\t<meta name=\"twitter:label2\" content=\"Tiempo de lectura\" \/>\n\t<meta name=\"twitter:data2\" content=\"2 minutos\" \/>\n<script type=\"application\/ld+json\" class=\"yoast-schema-graph\">{\"@context\":\"https:\\\/\\\/schema.org\",\"@graph\":[{\"@type\":\"Article\",\"@id\":\"https:\\\/\\\/informelitoral.com.ar\\\/martes-con-tiempo-estable-y-ascenso-de-temperaturas-en-la-region-central\\\/#article\",\"isPartOf\":{\"@id\":\"https:\\\/\\\/informelitoral.com.ar\\\/martes-con-tiempo-estable-y-ascenso-de-temperaturas-en-la-region-central\\\/\"},\"author\":{\"name\":\"Sebastian\",\"@id\":\"https:\\\/\\\/informelitoral.com.ar\\\/#\\\/schema\\\/person\\\/f05f9f461677119578717524b127d6d5\"},\"headline\":\"Martes con tiempo estable y ascenso de temperaturas en la regi\u00f3n central\",\"datePublished\":\"2025-04-29T09:26:16+00:00\",\"mainEntityOfPage\":{\"@id\":\"https:\\\/\\\/informelitoral.com.ar\\\/martes-con-tiempo-estable-y-ascenso-de-temperaturas-en-la-region-central\\\/\"},\"wordCount\":406,\"commentCount\":0,\"publisher\":{\"@id\":\"https:\\\/\\\/informelitoral.com.ar\\\/#organization\"},\"image\":{\"@id\":\"https:\\\/\\\/informelitoral.com.ar\\\/martes-con-tiempo-estable-y-ascenso-de-temperaturas-en-la-region-central\\\/#primaryimage\"},\"thumbnailUrl\":\"https:\\\/\\\/informelitoral.com.ar\\\/%77%70%2d%63%6f%6e%74%65%6e%74\\\/uploads\\\/2021\\\/04\\\/soleado-pesca.jpg\",\"keywords\":[\"SMN\"],\"articleSection\":[\"Nacionales\"],\"inLanguage\":\"es\",\"potentialAction\":[{\"@type\":\"CommentAction\",\"name\":\"Comment\",\"target\":[\"https:\\\/\\\/informelitoral.com.ar\\\/martes-con-tiempo-estable-y-ascenso-de-temperaturas-en-la-region-central\\\/#respond\"]}]},{\"@type\":\"WebPage\",\"@id\":\"https:\\\/\\\/informelitoral.com.ar\\\/martes-con-tiempo-estable-y-ascenso-de-temperaturas-en-la-region-central\\\/\",\"url\":\"https:\\\/\\\/informelitoral.com.ar\\\/martes-con-tiempo-estable-y-ascenso-de-temperaturas-en-la-region-central\\\/\",\"name\":\"Martes con tiempo estable y ascenso de temperaturas en la regi\u00f3n central - Informe Litoral\",\"isPartOf\":{\"@id\":\"https:\\\/\\\/informelitoral.com.ar\\\/#website\"},\"primaryImageOfPage\":{\"@id\":\"https:\\\/\\\/informelitoral.com.ar\\\/martes-con-tiempo-estable-y-ascenso-de-temperaturas-en-la-region-central\\\/#primaryimage\"},\"image\":{\"@id\":\"https:\\\/\\\/informelitoral.com.ar\\\/martes-con-tiempo-estable-y-ascenso-de-temperaturas-en-la-region-central\\\/#primaryimage\"},\"thumbnailUrl\":\"https:\\\/\\\/informelitoral.com.ar\\\/%77%70%2d%63%6f%6e%74%65%6e%74\\\/uploads\\\/2021\\\/04\\\/soleado-pesca.jpg\",\"datePublished\":\"2025-04-29T09:26:16+00:00\",\"breadcrumb\":{\"@id\":\"https:\\\/\\\/informelitoral.com.ar\\\/martes-con-tiempo-estable-y-ascenso-de-temperaturas-en-la-region-central\\\/#breadcrumb\"},\"inLanguage\":\"es\",\"potentialAction\":[{\"@type\":\"ReadAction\",\"target\":[\"https:\\\/\\\/informelitoral.com.ar\\\/martes-con-tiempo-estable-y-ascenso-de-temperaturas-en-la-region-central\\\/\"]}]},{\"@type\":\"ImageObject\",\"inLanguage\":\"es\",\"@id\":\"https:\\\/\\\/informelitoral.com.ar\\\/martes-con-tiempo-estable-y-ascenso-de-temperaturas-en-la-region-central\\\/#primaryimage\",\"url\":\"https:\\\/\\\/informelitoral.com.ar\\\/%77%70%2d%63%6f%6e%74%65%6e%74\\\/uploads\\\/2021\\\/04\\\/soleado-pesca.jpg\",\"contentUrl\":\"https:\\\/\\\/informelitoral.com.ar\\\/%77%70%2d%63%6f%6e%74%65%6e%74\\\/uploads\\\/2021\\\/04\\\/soleado-pesca.jpg\",\"width\":640,\"height\":350},{\"@type\":\"BreadcrumbList\",\"@id\":\"https:\\\/\\\/informelitoral.com.ar\\\/martes-con-tiempo-estable-y-ascenso-de-temperaturas-en-la-region-central\\\/#breadcrumb\",\"itemListElement\":[{\"@type\":\"ListItem\",\"position\":1,\"name\":\"Portada\",\"item\":\"https:\\\/\\\/informelitoral.com.ar\\\/\"},{\"@type\":\"ListItem\",\"position\":2,\"name\":\"Martes con tiempo estable y ascenso de temperaturas en la regi\u00f3n central\"}]},{\"@type\":\"WebSite\",\"@id\":\"https:\\\/\\\/informelitoral.com.ar\\\/#website\",\"url\":\"https:\\\/\\\/informelitoral.com.ar\\\/\",\"name\":\"Informe Litoral\",\"description\":\"&quot;Nos informamos&quot; \",\"publisher\":{\"@id\":\"https:\\\/\\\/informelitoral.com.ar\\\/#organization\"},\"potentialAction\":[{\"@type\":\"SearchAction\",\"target\":{\"@type\":\"EntryPoint\",\"urlTemplate\":\"https:\\\/\\\/informelitoral.com.ar\\\/?s={search_term_string}\"},\"query-input\":{\"@type\":\"PropertyValueSpecification\",\"valueRequired\":true,\"valueName\":\"search_term_string\"}}],\"inLanguage\":\"es\"},{\"@type\":\"Organization\",\"@id\":\"https:\\\/\\\/informelitoral.com.ar\\\/#organization\",\"name\":\"Informe Litoral\",\"url\":\"https:\\\/\\\/informelitoral.com.ar\\\/\",\"logo\":{\"@type\":\"ImageObject\",\"inLanguage\":\"es\",\"@id\":\"https:\\\/\\\/informelitoral.com.ar\\\/#\\\/schema\\\/logo\\\/image\\\/\",\"url\":\"https:\\\/\\\/informelitoral.com.ar\\\/%77%70%2d%63%6f%6e%74%65%6e%74\\\/uploads\\\/2021\\\/01\\\/circulo.png\",\"contentUrl\":\"https:\\\/\\\/informelitoral.com.ar\\\/%77%70%2d%63%6f%6e%74%65%6e%74\\\/uploads\\\/2021\\\/01\\\/circulo.png\",\"width\":723,\"height\":731,\"caption\":\"Informe Litoral\"},\"image\":{\"@id\":\"https:\\\/\\\/informelitoral.com.ar\\\/#\\\/schema\\\/logo\\\/image\\\/\"},\"sameAs\":[\"https:\\\/\\\/www.facebook.com\\\/informelitoral\\\/\",\"https:\\\/\\\/x.com\\\/InformeLitoral\",\"https:\\\/\\\/www.instagram.com\\\/informelitoral\\\/\",\"https:\\\/\\\/www.youtube.com\\\/channel\\\/UCua4Qvz8Icb6MYqhoq9xLXw\"]},{\"@type\":\"Person\",\"@id\":\"https:\\\/\\\/informelitoral.com.ar\\\/#\\\/schema\\\/person\\\/f05f9f461677119578717524b127d6d5\",\"name\":\"Sebastian\",\"image\":{\"@type\":\"ImageObject\",\"inLanguage\":\"es\",\"@id\":\"https:\\\/\\\/secure.gravatar.com\\\/avatar\\\/b71bf7481d447dfb9583c7f2798e7cc64de6efb9067b74633ed8c31059a3bd82?s=96&d=mm&r=g\",\"url\":\"https:\\\/\\\/secure.gravatar.com\\\/avatar\\\/b71bf7481d447dfb9583c7f2798e7cc64de6efb9067b74633ed8c31059a3bd82?s=96&d=mm&r=g\",\"contentUrl\":\"https:\\\/\\\/secure.gravatar.com\\\/avatar\\\/b71bf7481d447dfb9583c7f2798e7cc64de6efb9067b74633ed8c31059a3bd82?s=96&d=mm&r=g\",\"caption\":\"Sebastian\"},\"url\":\"https:\\\/\\\/informelitoral.com.ar\\\/author\\\/sebastian\\\/\"}]}<\/script>","yoast_head_json":{"title":"Martes con tiempo estable y ascenso de temperaturas en la regi\u00f3n central - Informe Litoral","robots":{"index":"index","follow":"follow","max-snippet":"max-snippet:-1","max-image-preview":"max-image-preview:large","max-video-preview":"max-video-preview:-1"},"canonical":"https:\/\/informelitoral.com.ar\/martes-con-tiempo-estable-y-ascenso-de-temperaturas-en-la-region-central\/","og_locale":"es_ES","og_type":"article","og_title":"Martes con tiempo estable y ascenso de temperaturas en la regi\u00f3n central - Informe Litoral","og_description":"La estabilidad sigue siendo la caracter\u00edstica meteorol\u00f3gica predominante en el pa\u00eds durante esta semana. Qu\u00e9 se pronostica en Entre R\u00edos de cara al feriado del 1 de mayo y a la jornada no laborable del viernes.","og_url":"https:\/\/informelitoral.com.ar\/martes-con-tiempo-estable-y-ascenso-de-temperaturas-en-la-region-central\/","og_site_name":"Informe Litoral","article_publisher":"https:\/\/www.facebook.com\/informelitoral\/","article_published_time":"2025-04-29T09:26:16+00:00","og_image":[{"width":640,"height":350,"url":"https:\/\/informelitoral.com.ar\/%77%70%2d%63%6f%6e%74%65%6e%74\/uploads\/2021\/04\/soleado-pesca.jpg","type":"image\/jpeg"}],"author":"Sebastian","twitter_card":"summary_large_image","twitter_creator":"@InformeLitoral","twitter_site":"@InformeLitoral","twitter_misc":{"Escrito por":"Sebastian","Tiempo de lectura":"2 minutos"},"schema":{"@context":"https:\/\/schema.org","@graph":[{"@type":"Article","@id":"https:\/\/informelitoral.com.ar\/martes-con-tiempo-estable-y-ascenso-de-temperaturas-en-la-region-central\/#article","isPartOf":{"@id":"https:\/\/informelitoral.com.ar\/martes-con-tiempo-estable-y-ascenso-de-temperaturas-en-la-region-central\/"},"author":{"name":"Sebastian","@id":"https:\/\/informelitoral.com.ar\/#\/schema\/person\/f05f9f461677119578717524b127d6d5"},"headline":"Martes con tiempo estable y ascenso de temperaturas en la regi\u00f3n central","datePublished":"2025-04-29T09:26:16+00:00","mainEntityOfPage":{"@id":"https:\/\/informelitoral.com.ar\/martes-con-tiempo-estable-y-ascenso-de-temperaturas-en-la-region-central\/"},"wordCount":406,"commentCount":0,"publisher":{"@id":"https:\/\/informelitoral.com.ar\/#organization"},"image":{"@id":"https:\/\/informelitoral.com.ar\/martes-con-tiempo-estable-y-ascenso-de-temperaturas-en-la-region-central\/#primaryimage"},"thumbnailUrl":"https:\/\/informelitoral.com.ar\/%77%70%2d%63%6f%6e%74%65%6e%74\/uploads\/2021\/04\/soleado-pesca.jpg","keywords":["SMN"],"articleSection":["Nacionales"],"inLanguage":"es","potentialAction":[{"@type":"CommentAction","name":"Comment","target":["https:\/\/informelitoral.com.ar\/martes-con-tiempo-estable-y-ascenso-de-temperaturas-en-la-region-central\/#respond"]}]},{"@type":"WebPage","@id":"https:\/\/informelitoral.com.ar\/martes-con-tiempo-estable-y-ascenso-de-temperaturas-en-la-region-central\/","url":"https:\/\/informelitoral.com.ar\/martes-con-tiempo-estable-y-ascenso-de-temperaturas-en-la-region-central\/","name":"Martes con tiempo estable y ascenso de temperaturas en la regi\u00f3n central - Informe Litoral","isPartOf":{"@id":"https:\/\/informelitoral.com.ar\/#website"},"primaryImageOfPage":{"@id":"https:\/\/informelitoral.com.ar\/martes-con-tiempo-estable-y-ascenso-de-temperaturas-en-la-region-central\/#primaryimage"},"image":{"@id":"https:\/\/informelitoral.com.ar\/martes-con-tiempo-estable-y-ascenso-de-temperaturas-en-la-region-central\/#primaryimage"},"thumbnailUrl":"https:\/\/informelitoral.com.ar\/%77%70%2d%63%6f%6e%74%65%6e%74\/uploads\/2021\/04\/soleado-pesca.jpg","datePublished":"2025-04-29T09:26:16+00:00","breadcrumb":{"@id":"https:\/\/informelitoral.com.ar\/martes-con-tiempo-estable-y-ascenso-de-temperaturas-en-la-region-central\/#breadcrumb"},"inLanguage":"es","potentialAction":[{"@type":"ReadAction","target":["https:\/\/informelitoral.com.ar\/martes-con-tiempo-estable-y-ascenso-de-temperaturas-en-la-region-central\/"]}]},{"@type":"ImageObject","inLanguage":"es","@id":"https:\/\/informelitoral.com.ar\/martes-con-tiempo-estable-y-ascenso-de-temperaturas-en-la-region-central\/#primaryimage","url":"https:\/\/informelitoral.com.ar\/%77%70%2d%63%6f%6e%74%65%6e%74\/uploads\/2021\/04\/soleado-pesca.jpg","contentUrl":"https:\/\/informelitoral.com.ar\/%77%70%2d%63%6f%6e%74%65%6e%74\/uploads\/2021\/04\/soleado-pesca.jpg","width":640,"height":350},{"@type":"BreadcrumbList","@id":"https:\/\/informelitoral.com.ar\/martes-con-tiempo-estable-y-ascenso-de-temperaturas-en-la-region-central\/#breadcrumb","itemListElement":[{"@type":"ListItem","position":1,"name":"Portada","item":"https:\/\/informelitoral.com.ar\/"},{"@type":"ListItem","position":2,"name":"Martes con tiempo estable y ascenso de temperaturas en la regi\u00f3n central"}]},{"@type":"WebSite","@id":"https:\/\/informelitoral.com.ar\/#website","url":"https:\/\/informelitoral.com.ar\/","name":"Informe Litoral","description":"&quot;Nos informamos&quot; ","publisher":{"@id":"https:\/\/informelitoral.com.ar\/#organization"},"potentialAction":[{"@type":"SearchAction","target":{"@type":"EntryPoint","urlTemplate":"https:\/\/informelitoral.com.ar\/?s={search_term_string}"},"query-input":{"@type":"PropertyValueSpecification","valueRequired":true,"valueName":"search_term_string"}}],"inLanguage":"es"},{"@type":"Organization","@id":"https:\/\/informelitoral.com.ar\/#organization","name":"Informe Litoral","url":"https:\/\/informelitoral.com.ar\/","logo":{"@type":"ImageObject","inLanguage":"es","@id":"https:\/\/informelitoral.com.ar\/#\/schema\/logo\/image\/","url":"https:\/\/informelitoral.com.ar\/%77%70%2d%63%6f%6e%74%65%6e%74\/uploads\/2021\/01\/circulo.png","contentUrl":"https:\/\/informelitoral.com.ar\/%77%70%2d%63%6f%6e%74%65%6e%74\/uploads\/2021\/01\/circulo.png","width":723,"height":731,"caption":"Informe Litoral"},"image":{"@id":"https:\/\/informelitoral.com.ar\/#\/schema\/logo\/image\/"},"sameAs":["https:\/\/www.facebook.com\/informelitoral\/","https:\/\/x.com\/InformeLitoral","https:\/\/www.instagram.com\/informelitoral\/","https:\/\/www.youtube.com\/channel\/UCua4Qvz8Icb6MYqhoq9xLXw"]},{"@type":"Person","@id":"https:\/\/informelitoral.com.ar\/#\/schema\/person\/f05f9f461677119578717524b127d6d5","name":"Sebastian","image":{"@type":"ImageObject","inLanguage":"es","@id":"https:\/\/secure.gravatar.com\/avatar\/b71bf7481d447dfb9583c7f2798e7cc64de6efb9067b74633ed8c31059a3bd82?s=96&d=mm&r=g","url":"https:\/\/secure.gravatar.com\/avatar\/b71bf7481d447dfb9583c7f2798e7cc64de6efb9067b74633ed8c31059a3bd82?s=96&d=mm&r=g","contentUrl":"https:\/\/secure.gravatar.com\/avatar\/b71bf7481d447dfb9583c7f2798e7cc64de6efb9067b74633ed8c31059a3bd82?s=96&d=mm&r=g","caption":"Sebastian"},"url":"https:\/\/informelitoral.com.ar\/author\/sebastian\/"}]}},"_links":{"self":[{"href":"https:\/\/informelitoral.com.ar\/%77%70%2d%6a%73%6f%6e\/wp\/v2\/posts\/219873","targetHints":{"allow":["GET"]}}],"collection":[{"href":"https:\/\/informelitoral.com.ar\/%77%70%2d%6a%73%6f%6e\/wp\/v2\/posts"}],"about":[{"href":"https:\/\/informelitoral.com.ar\/%77%70%2d%6a%73%6f%6e\/wp\/v2\/types\/post"}],"author":[{"embeddable":true,"href":"https:\/\/informelitoral.com.ar\/%77%70%2d%6a%73%6f%6e\/wp\/v2\/users\/8"}],"replies":[{"embeddable":true,"href":"https:\/\/informelitoral.com.ar\/%77%70%2d%6a%73%6f%6e\/wp\/v2\/comments?post=219873"}],"version-history":[{"count":0,"href":"https:\/\/informelitoral.com.ar\/%77%70%2d%6a%73%6f%6e\/wp\/v2\/posts\/219873\/revisions"}],"wp:featuredmedia":[{"embeddable":true,"href":"https:\/\/informelitoral.com.ar\/%77%70%2d%6a%73%6f%6e\/wp\/v2\/media\/58313"}],"wp:attachment":[{"href":"https:\/\/informelitoral.com.ar\/%77%70%2d%6a%73%6f%6e\/wp\/v2\/media?parent=219873"}],"wp:term":[{"taxonomy":"category","embeddable":true,"href":"https:\/\/informelitoral.com.ar\/%77%70%2d%6a%73%6f%6e\/wp\/v2\/categories?post=219873"},{"taxonomy":"post_tag","embeddable":true,"href":"https:\/\/informelitoral.com.ar\/%77%70%2d%6a%73%6f%6e\/wp\/v2\/tags?post=219873"}],"curies":[{"name":"wp","href":"https:\/\/api.w.org\/{rel}","templated":true}]}}