{"id":219813,"date":"2025-04-28T13:07:28","date_gmt":"2025-04-28T16:07:28","guid":{"rendered":"https:\/\/informelitoral.com.ar\/?p=219813"},"modified":"2025-04-28T13:09:19","modified_gmt":"2025-04-28T16:09:19","slug":"parana-corte-de-energia-electrica-afecto-la-captacion-potabilizacion-y-distribucion-de-agua-potable","status":"publish","type":"post","link":"https:\/\/informelitoral.com.ar\/parana-corte-de-energia-electrica-afecto-la-captacion-potabilizacion-y-distribucion-de-agua-potable\/","title":{"rendered":"Paran\u00e1: corte de energ\u00eda el\u00e9ctrica afect\u00f3 la captaci\u00f3n, potabilizaci\u00f3n y distribuci\u00f3n de agua potable"},"content":{"rendered":"<p>Esta situaci\u00f3n se prolong\u00f3 durante varios minutos, lo que provoc\u00f3 la interrupci\u00f3n del proceso de tratamiento y distribuci\u00f3n del suministro: se detuvo el bombeo del agua cruda captada en la costa del r\u00edo, la potabilizaci\u00f3n y la posterior distribuci\u00f3n del suministro por la red p\u00fablica, en el ejido urbano de la ciudad.<\/p>\n<p>Restablecida la energ\u00eda el\u00e9ctrica por parte de la empresa <strong>Enersa<\/strong>, se puso en marcha el protocolo interno de actuaci\u00f3n frente a estas contingencias, para la gradual reactivaci\u00f3n operativa de los sistemas electro-mec\u00e1nicos. Se trata de un proceso en etapas, tanto en las bombas de extracci\u00f3n de agua del r\u00edo, como en la potabilizaci\u00f3n en las plantas Ram\u00edrez y Echeverr\u00eda, y tambi\u00e9n en cada uno de los centros de distribuci\u00f3n.<\/p>\n<h6><em><strong>Del archivo:\u00a0<a href=\"https:\/\/informelitoral.com.ar\/se-viene-el-motoencuentro-solidario-2025-en-parana\/\" target=\"_blank\" rel=\"noopener\">Se viene el Motoencuentro Solidario 2025 en Paran\u00e1<\/a><\/strong><\/em><\/h6>\n<p>Superada la falla el\u00e9ctrica, se desarrolla la gradual reanudaci\u00f3n de los sistemas operativos del servicio, y hasta tanto se pueda completar la activaci\u00f3n completa o pueda recuperar la plenitud de su funcionamiento, podr\u00eda registrarse baja presi\u00f3n o falta de suministro en algunos sectores de la ciudad.<\/p>\n<p>Ante esta situaci\u00f3n, se recomienda a la poblaci\u00f3n que realice un uso racional del agua almacenada en sus tanques de reservas domiciliarios, que ante estas circunstancias permiten contar con el suministro para las actividades esenciales del hogar.<\/p>\n","protected":false},"excerpt":{"rendered":"<p>La interrupci\u00f3n del suministro el\u00e9ctrico afect\u00f3 a los muelles de la Toma Nueva, las plantas potabilizadoras Echeverr\u00eda y Ram\u00edrez y en los centros de distribuci\u00f3n Lola Mora, Parque del Lago y Ej\u00e9rcito. Podr\u00eda registrarse baja presi\u00f3n o falta de suministro en algunos sectores. Se recomienda realizar un uso racional del agua almacenada en sus tanques. <\/p>\n","protected":false},"author":8,"featured_media":219814,"comment_status":"open","ping_status":"open","sticky":false,"template":"","format":"standard","meta":{"fifu_image_url":"","fifu_image_alt":"","footnotes":""},"categories":[1597],"tags":[2285,45],"class_list":{"0":"post-219813","1":"post","2":"type-post","3":"status-publish","4":"format-standard","5":"has-post-thumbnail","7":"category-parana","8":"tag-corte-de-luz","9":"tag-parana"},"yoast_head":"<title>Paran\u00e1: corte de energ\u00eda el\u00e9ctrica afect\u00f3 la captaci\u00f3n, potabilizaci\u00f3n y distribuci\u00f3n de agua potable - Informe Litoral<\/title>\n<meta name=\"robots\" content=\"index, follow, max-snippet:-1, max-image-preview:large, max-video-preview:-1\" \/>\n<link rel=\"canonical\" href=\"https:\/\/informelitoral.com.ar\/parana-corte-de-energia-electrica-afecto-la-captacion-potabilizacion-y-distribucion-de-agua-potable\/\" \/>\n<meta property=\"og:locale\" content=\"es_ES\" \/>\n<meta property=\"og:type\" content=\"article\" \/>\n<meta property=\"og:title\" content=\"Paran\u00e1: corte de energ\u00eda el\u00e9ctrica afect\u00f3 la captaci\u00f3n, potabilizaci\u00f3n y distribuci\u00f3n de agua potable - Informe Litoral\" \/>\n<meta property=\"og:description\" content=\"La interrupci\u00f3n del suministro el\u00e9ctrico afect\u00f3 a los muelles de la Toma Nueva, las plantas potabilizadoras Echeverr\u00eda y Ram\u00edrez y en los centros de distribuci\u00f3n Lola Mora, Parque del Lago y Ej\u00e9rcito. Podr\u00eda registrarse baja presi\u00f3n o falta de suministro en algunos sectores. Se recomienda realizar un uso racional del agua almacenada en sus tanques.\" \/>\n<meta property=\"og:url\" content=\"https:\/\/informelitoral.com.ar\/parana-corte-de-energia-electrica-afecto-la-captacion-potabilizacion-y-distribucion-de-agua-potable\/\" \/>\n<meta property=\"og:site_name\" content=\"Informe Litoral\" \/>\n<meta property=\"article:publisher\" content=\"https:\/\/www.facebook.com\/informelitoral\/\" \/>\n<meta property=\"article:published_time\" content=\"2025-04-28T16:07:28+00:00\" \/>\n<meta property=\"article:modified_time\" content=\"2025-04-28T16:09:19+00:00\" \/>\n<meta property=\"og:image\" content=\"https:\/\/informelitoral.com.ar\/%77%70%2d%63%6f%6e%74%65%6e%74\/uploads\/2025\/04\/d62d7991-5c6a-4123-9c9a-0f3174973bd0.jpg\" \/>\n\t<meta property=\"og:image:width\" content=\"1280\" \/>\n\t<meta property=\"og:image:height\" content=\"854\" \/>\n\t<meta property=\"og:image:type\" content=\"image\/jpeg\" \/>\n<meta name=\"author\" content=\"Sebastian\" \/>\n<meta name=\"twitter:card\" content=\"summary_large_image\" \/>\n<meta name=\"twitter:creator\" content=\"@InformeLitoral\" \/>\n<meta name=\"twitter:site\" content=\"@InformeLitoral\" \/>\n<meta name=\"twitter:label1\" content=\"Escrito por\" \/>\n\t<meta name=\"twitter:data1\" content=\"Sebastian\" \/>\n\t<meta name=\"twitter:label2\" content=\"Tiempo de lectura\" \/>\n\t<meta name=\"twitter:data2\" content=\"1 minuto\" \/>\n<script type=\"application\/ld+json\" class=\"yoast-schema-graph\">{\"@context\":\"https:\\\/\\\/schema.org\",\"@graph\":[{\"@type\":\"Article\",\"@id\":\"https:\\\/\\\/informelitoral.com.ar\\\/parana-corte-de-energia-electrica-afecto-la-captacion-potabilizacion-y-distribucion-de-agua-potable\\\/#article\",\"isPartOf\":{\"@id\":\"https:\\\/\\\/informelitoral.com.ar\\\/parana-corte-de-energia-electrica-afecto-la-captacion-potabilizacion-y-distribucion-de-agua-potable\\\/\"},\"author\":{\"name\":\"Sebastian\",\"@id\":\"https:\\\/\\\/informelitoral.com.ar\\\/#\\\/schema\\\/person\\\/f05f9f461677119578717524b127d6d5\"},\"headline\":\"Paran\u00e1: corte de energ\u00eda el\u00e9ctrica afect\u00f3 la captaci\u00f3n, potabilizaci\u00f3n y distribuci\u00f3n de agua potable\",\"datePublished\":\"2025-04-28T16:07:28+00:00\",\"dateModified\":\"2025-04-28T16:09:19+00:00\",\"mainEntityOfPage\":{\"@id\":\"https:\\\/\\\/informelitoral.com.ar\\\/parana-corte-de-energia-electrica-afecto-la-captacion-potabilizacion-y-distribucion-de-agua-potable\\\/\"},\"wordCount\":258,\"commentCount\":0,\"publisher\":{\"@id\":\"https:\\\/\\\/informelitoral.com.ar\\\/#organization\"},\"image\":{\"@id\":\"https:\\\/\\\/informelitoral.com.ar\\\/parana-corte-de-energia-electrica-afecto-la-captacion-potabilizacion-y-distribucion-de-agua-potable\\\/#primaryimage\"},\"thumbnailUrl\":\"https:\\\/\\\/informelitoral.com.ar\\\/%77%70%2d%63%6f%6e%74%65%6e%74\\\/uploads\\\/2025\\\/04\\\/d62d7991-5c6a-4123-9c9a-0f3174973bd0.jpg\",\"keywords\":[\"Corte de luz\",\"Paran\u00e1\"],\"articleSection\":[\"Paran\u00e1\"],\"inLanguage\":\"es\",\"potentialAction\":[{\"@type\":\"CommentAction\",\"name\":\"Comment\",\"target\":[\"https:\\\/\\\/informelitoral.com.ar\\\/parana-corte-de-energia-electrica-afecto-la-captacion-potabilizacion-y-distribucion-de-agua-potable\\\/#respond\"]}]},{\"@type\":\"WebPage\",\"@id\":\"https:\\\/\\\/informelitoral.com.ar\\\/parana-corte-de-energia-electrica-afecto-la-captacion-potabilizacion-y-distribucion-de-agua-potable\\\/\",\"url\":\"https:\\\/\\\/informelitoral.com.ar\\\/parana-corte-de-energia-electrica-afecto-la-captacion-potabilizacion-y-distribucion-de-agua-potable\\\/\",\"name\":\"Paran\u00e1: corte de energ\u00eda el\u00e9ctrica afect\u00f3 la captaci\u00f3n, potabilizaci\u00f3n y distribuci\u00f3n de agua potable - Informe Litoral\",\"isPartOf\":{\"@id\":\"https:\\\/\\\/informelitoral.com.ar\\\/#website\"},\"primaryImageOfPage\":{\"@id\":\"https:\\\/\\\/informelitoral.com.ar\\\/parana-corte-de-energia-electrica-afecto-la-captacion-potabilizacion-y-distribucion-de-agua-potable\\\/#primaryimage\"},\"image\":{\"@id\":\"https:\\\/\\\/informelitoral.com.ar\\\/parana-corte-de-energia-electrica-afecto-la-captacion-potabilizacion-y-distribucion-de-agua-potable\\\/#primaryimage\"},\"thumbnailUrl\":\"https:\\\/\\\/informelitoral.com.ar\\\/%77%70%2d%63%6f%6e%74%65%6e%74\\\/uploads\\\/2025\\\/04\\\/d62d7991-5c6a-4123-9c9a-0f3174973bd0.jpg\",\"datePublished\":\"2025-04-28T16:07:28+00:00\",\"dateModified\":\"2025-04-28T16:09:19+00:00\",\"breadcrumb\":{\"@id\":\"https:\\\/\\\/informelitoral.com.ar\\\/parana-corte-de-energia-electrica-afecto-la-captacion-potabilizacion-y-distribucion-de-agua-potable\\\/#breadcrumb\"},\"inLanguage\":\"es\",\"potentialAction\":[{\"@type\":\"ReadAction\",\"target\":[\"https:\\\/\\\/informelitoral.com.ar\\\/parana-corte-de-energia-electrica-afecto-la-captacion-potabilizacion-y-distribucion-de-agua-potable\\\/\"]}]},{\"@type\":\"ImageObject\",\"inLanguage\":\"es\",\"@id\":\"https:\\\/\\\/informelitoral.com.ar\\\/parana-corte-de-energia-electrica-afecto-la-captacion-potabilizacion-y-distribucion-de-agua-potable\\\/#primaryimage\",\"url\":\"https:\\\/\\\/informelitoral.com.ar\\\/%77%70%2d%63%6f%6e%74%65%6e%74\\\/uploads\\\/2025\\\/04\\\/d62d7991-5c6a-4123-9c9a-0f3174973bd0.jpg\",\"contentUrl\":\"https:\\\/\\\/informelitoral.com.ar\\\/%77%70%2d%63%6f%6e%74%65%6e%74\\\/uploads\\\/2025\\\/04\\\/d62d7991-5c6a-4123-9c9a-0f3174973bd0.jpg\",\"width\":1280,\"height\":854},{\"@type\":\"BreadcrumbList\",\"@id\":\"https:\\\/\\\/informelitoral.com.ar\\\/parana-corte-de-energia-electrica-afecto-la-captacion-potabilizacion-y-distribucion-de-agua-potable\\\/#breadcrumb\",\"itemListElement\":[{\"@type\":\"ListItem\",\"position\":1,\"name\":\"Portada\",\"item\":\"https:\\\/\\\/informelitoral.com.ar\\\/\"},{\"@type\":\"ListItem\",\"position\":2,\"name\":\"Paran\u00e1: corte de energ\u00eda el\u00e9ctrica afect\u00f3 la captaci\u00f3n, potabilizaci\u00f3n y distribuci\u00f3n de agua potable\"}]},{\"@type\":\"WebSite\",\"@id\":\"https:\\\/\\\/informelitoral.com.ar\\\/#website\",\"url\":\"https:\\\/\\\/informelitoral.com.ar\\\/\",\"name\":\"Informe Litoral\",\"description\":\"&quot;Nos informamos&quot; \",\"publisher\":{\"@id\":\"https:\\\/\\\/informelitoral.com.ar\\\/#organization\"},\"potentialAction\":[{\"@type\":\"SearchAction\",\"target\":{\"@type\":\"EntryPoint\",\"urlTemplate\":\"https:\\\/\\\/informelitoral.com.ar\\\/?s={search_term_string}\"},\"query-input\":{\"@type\":\"PropertyValueSpecification\",\"valueRequired\":true,\"valueName\":\"search_term_string\"}}],\"inLanguage\":\"es\"},{\"@type\":\"Organization\",\"@id\":\"https:\\\/\\\/informelitoral.com.ar\\\/#organization\",\"name\":\"Informe Litoral\",\"url\":\"https:\\\/\\\/informelitoral.com.ar\\\/\",\"logo\":{\"@type\":\"ImageObject\",\"inLanguage\":\"es\",\"@id\":\"https:\\\/\\\/informelitoral.com.ar\\\/#\\\/schema\\\/logo\\\/image\\\/\",\"url\":\"https:\\\/\\\/informelitoral.com.ar\\\/%77%70%2d%63%6f%6e%74%65%6e%74\\\/uploads\\\/2021\\\/01\\\/circulo.png\",\"contentUrl\":\"https:\\\/\\\/informelitoral.com.ar\\\/%77%70%2d%63%6f%6e%74%65%6e%74\\\/uploads\\\/2021\\\/01\\\/circulo.png\",\"width\":723,\"height\":731,\"caption\":\"Informe Litoral\"},\"image\":{\"@id\":\"https:\\\/\\\/informelitoral.com.ar\\\/#\\\/schema\\\/logo\\\/image\\\/\"},\"sameAs\":[\"https:\\\/\\\/www.facebook.com\\\/informelitoral\\\/\",\"https:\\\/\\\/x.com\\\/InformeLitoral\",\"https:\\\/\\\/www.instagram.com\\\/informelitoral\\\/\",\"https:\\\/\\\/www.youtube.com\\\/channel\\\/UCua4Qvz8Icb6MYqhoq9xLXw\"]},{\"@type\":\"Person\",\"@id\":\"https:\\\/\\\/informelitoral.com.ar\\\/#\\\/schema\\\/person\\\/f05f9f461677119578717524b127d6d5\",\"name\":\"Sebastian\",\"image\":{\"@type\":\"ImageObject\",\"inLanguage\":\"es\",\"@id\":\"https:\\\/\\\/secure.gravatar.com\\\/avatar\\\/b71bf7481d447dfb9583c7f2798e7cc64de6efb9067b74633ed8c31059a3bd82?s=96&d=mm&r=g\",\"url\":\"https:\\\/\\\/secure.gravatar.com\\\/avatar\\\/b71bf7481d447dfb9583c7f2798e7cc64de6efb9067b74633ed8c31059a3bd82?s=96&d=mm&r=g\",\"contentUrl\":\"https:\\\/\\\/secure.gravatar.com\\\/avatar\\\/b71bf7481d447dfb9583c7f2798e7cc64de6efb9067b74633ed8c31059a3bd82?s=96&d=mm&r=g\",\"caption\":\"Sebastian\"},\"url\":\"https:\\\/\\\/informelitoral.com.ar\\\/author\\\/sebastian\\\/\"}]}<\/script>","yoast_head_json":{"title":"Paran\u00e1: corte de energ\u00eda el\u00e9ctrica afect\u00f3 la captaci\u00f3n, potabilizaci\u00f3n y distribuci\u00f3n de agua potable - Informe Litoral","robots":{"index":"index","follow":"follow","max-snippet":"max-snippet:-1","max-image-preview":"max-image-preview:large","max-video-preview":"max-video-preview:-1"},"canonical":"https:\/\/informelitoral.com.ar\/parana-corte-de-energia-electrica-afecto-la-captacion-potabilizacion-y-distribucion-de-agua-potable\/","og_locale":"es_ES","og_type":"article","og_title":"Paran\u00e1: corte de energ\u00eda el\u00e9ctrica afect\u00f3 la captaci\u00f3n, potabilizaci\u00f3n y distribuci\u00f3n de agua potable - Informe Litoral","og_description":"La interrupci\u00f3n del suministro el\u00e9ctrico afect\u00f3 a los muelles de la Toma Nueva, las plantas potabilizadoras Echeverr\u00eda y Ram\u00edrez y en los centros de distribuci\u00f3n Lola Mora, Parque del Lago y Ej\u00e9rcito. Podr\u00eda registrarse baja presi\u00f3n o falta de suministro en algunos sectores. Se recomienda realizar un uso racional del agua almacenada en sus tanques.","og_url":"https:\/\/informelitoral.com.ar\/parana-corte-de-energia-electrica-afecto-la-captacion-potabilizacion-y-distribucion-de-agua-potable\/","og_site_name":"Informe Litoral","article_publisher":"https:\/\/www.facebook.com\/informelitoral\/","article_published_time":"2025-04-28T16:07:28+00:00","article_modified_time":"2025-04-28T16:09:19+00:00","og_image":[{"width":1280,"height":854,"url":"https:\/\/informelitoral.com.ar\/%77%70%2d%63%6f%6e%74%65%6e%74\/uploads\/2025\/04\/d62d7991-5c6a-4123-9c9a-0f3174973bd0.jpg","type":"image\/jpeg"}],"author":"Sebastian","twitter_card":"summary_large_image","twitter_creator":"@InformeLitoral","twitter_site":"@InformeLitoral","twitter_misc":{"Escrito por":"Sebastian","Tiempo de lectura":"1 minuto"},"schema":{"@context":"https:\/\/schema.org","@graph":[{"@type":"Article","@id":"https:\/\/informelitoral.com.ar\/parana-corte-de-energia-electrica-afecto-la-captacion-potabilizacion-y-distribucion-de-agua-potable\/#article","isPartOf":{"@id":"https:\/\/informelitoral.com.ar\/parana-corte-de-energia-electrica-afecto-la-captacion-potabilizacion-y-distribucion-de-agua-potable\/"},"author":{"name":"Sebastian","@id":"https:\/\/informelitoral.com.ar\/#\/schema\/person\/f05f9f461677119578717524b127d6d5"},"headline":"Paran\u00e1: corte de energ\u00eda el\u00e9ctrica afect\u00f3 la captaci\u00f3n, potabilizaci\u00f3n y distribuci\u00f3n de agua potable","datePublished":"2025-04-28T16:07:28+00:00","dateModified":"2025-04-28T16:09:19+00:00","mainEntityOfPage":{"@id":"https:\/\/informelitoral.com.ar\/parana-corte-de-energia-electrica-afecto-la-captacion-potabilizacion-y-distribucion-de-agua-potable\/"},"wordCount":258,"commentCount":0,"publisher":{"@id":"https:\/\/informelitoral.com.ar\/#organization"},"image":{"@id":"https:\/\/informelitoral.com.ar\/parana-corte-de-energia-electrica-afecto-la-captacion-potabilizacion-y-distribucion-de-agua-potable\/#primaryimage"},"thumbnailUrl":"https:\/\/informelitoral.com.ar\/%77%70%2d%63%6f%6e%74%65%6e%74\/uploads\/2025\/04\/d62d7991-5c6a-4123-9c9a-0f3174973bd0.jpg","keywords":["Corte de luz","Paran\u00e1"],"articleSection":["Paran\u00e1"],"inLanguage":"es","potentialAction":[{"@type":"CommentAction","name":"Comment","target":["https:\/\/informelitoral.com.ar\/parana-corte-de-energia-electrica-afecto-la-captacion-potabilizacion-y-distribucion-de-agua-potable\/#respond"]}]},{"@type":"WebPage","@id":"https:\/\/informelitoral.com.ar\/parana-corte-de-energia-electrica-afecto-la-captacion-potabilizacion-y-distribucion-de-agua-potable\/","url":"https:\/\/informelitoral.com.ar\/parana-corte-de-energia-electrica-afecto-la-captacion-potabilizacion-y-distribucion-de-agua-potable\/","name":"Paran\u00e1: corte de energ\u00eda el\u00e9ctrica afect\u00f3 la captaci\u00f3n, potabilizaci\u00f3n y distribuci\u00f3n de agua potable - Informe Litoral","isPartOf":{"@id":"https:\/\/informelitoral.com.ar\/#website"},"primaryImageOfPage":{"@id":"https:\/\/informelitoral.com.ar\/parana-corte-de-energia-electrica-afecto-la-captacion-potabilizacion-y-distribucion-de-agua-potable\/#primaryimage"},"image":{"@id":"https:\/\/informelitoral.com.ar\/parana-corte-de-energia-electrica-afecto-la-captacion-potabilizacion-y-distribucion-de-agua-potable\/#primaryimage"},"thumbnailUrl":"https:\/\/informelitoral.com.ar\/%77%70%2d%63%6f%6e%74%65%6e%74\/uploads\/2025\/04\/d62d7991-5c6a-4123-9c9a-0f3174973bd0.jpg","datePublished":"2025-04-28T16:07:28+00:00","dateModified":"2025-04-28T16:09:19+00:00","breadcrumb":{"@id":"https:\/\/informelitoral.com.ar\/parana-corte-de-energia-electrica-afecto-la-captacion-potabilizacion-y-distribucion-de-agua-potable\/#breadcrumb"},"inLanguage":"es","potentialAction":[{"@type":"ReadAction","target":["https:\/\/informelitoral.com.ar\/parana-corte-de-energia-electrica-afecto-la-captacion-potabilizacion-y-distribucion-de-agua-potable\/"]}]},{"@type":"ImageObject","inLanguage":"es","@id":"https:\/\/informelitoral.com.ar\/parana-corte-de-energia-electrica-afecto-la-captacion-potabilizacion-y-distribucion-de-agua-potable\/#primaryimage","url":"https:\/\/informelitoral.com.ar\/%77%70%2d%63%6f%6e%74%65%6e%74\/uploads\/2025\/04\/d62d7991-5c6a-4123-9c9a-0f3174973bd0.jpg","contentUrl":"https:\/\/informelitoral.com.ar\/%77%70%2d%63%6f%6e%74%65%6e%74\/uploads\/2025\/04\/d62d7991-5c6a-4123-9c9a-0f3174973bd0.jpg","width":1280,"height":854},{"@type":"BreadcrumbList","@id":"https:\/\/informelitoral.com.ar\/parana-corte-de-energia-electrica-afecto-la-captacion-potabilizacion-y-distribucion-de-agua-potable\/#breadcrumb","itemListElement":[{"@type":"ListItem","position":1,"name":"Portada","item":"https:\/\/informelitoral.com.ar\/"},{"@type":"ListItem","position":2,"name":"Paran\u00e1: corte de energ\u00eda el\u00e9ctrica afect\u00f3 la captaci\u00f3n, potabilizaci\u00f3n y distribuci\u00f3n de agua potable"}]},{"@type":"WebSite","@id":"https:\/\/informelitoral.com.ar\/#website","url":"https:\/\/informelitoral.com.ar\/","name":"Informe Litoral","description":"&quot;Nos informamos&quot; ","publisher":{"@id":"https:\/\/informelitoral.com.ar\/#organization"},"potentialAction":[{"@type":"SearchAction","target":{"@type":"EntryPoint","urlTemplate":"https:\/\/informelitoral.com.ar\/?s={search_term_string}"},"query-input":{"@type":"PropertyValueSpecification","valueRequired":true,"valueName":"search_term_string"}}],"inLanguage":"es"},{"@type":"Organization","@id":"https:\/\/informelitoral.com.ar\/#organization","name":"Informe Litoral","url":"https:\/\/informelitoral.com.ar\/","logo":{"@type":"ImageObject","inLanguage":"es","@id":"https:\/\/informelitoral.com.ar\/#\/schema\/logo\/image\/","url":"https:\/\/informelitoral.com.ar\/%77%70%2d%63%6f%6e%74%65%6e%74\/uploads\/2021\/01\/circulo.png","contentUrl":"https:\/\/informelitoral.com.ar\/%77%70%2d%63%6f%6e%74%65%6e%74\/uploads\/2021\/01\/circulo.png","width":723,"height":731,"caption":"Informe Litoral"},"image":{"@id":"https:\/\/informelitoral.com.ar\/#\/schema\/logo\/image\/"},"sameAs":["https:\/\/www.facebook.com\/informelitoral\/","https:\/\/x.com\/InformeLitoral","https:\/\/www.instagram.com\/informelitoral\/","https:\/\/www.youtube.com\/channel\/UCua4Qvz8Icb6MYqhoq9xLXw"]},{"@type":"Person","@id":"https:\/\/informelitoral.com.ar\/#\/schema\/person\/f05f9f461677119578717524b127d6d5","name":"Sebastian","image":{"@type":"ImageObject","inLanguage":"es","@id":"https:\/\/secure.gravatar.com\/avatar\/b71bf7481d447dfb9583c7f2798e7cc64de6efb9067b74633ed8c31059a3bd82?s=96&d=mm&r=g","url":"https:\/\/secure.gravatar.com\/avatar\/b71bf7481d447dfb9583c7f2798e7cc64de6efb9067b74633ed8c31059a3bd82?s=96&d=mm&r=g","contentUrl":"https:\/\/secure.gravatar.com\/avatar\/b71bf7481d447dfb9583c7f2798e7cc64de6efb9067b74633ed8c31059a3bd82?s=96&d=mm&r=g","caption":"Sebastian"},"url":"https:\/\/informelitoral.com.ar\/author\/sebastian\/"}]}},"_links":{"self":[{"href":"https:\/\/informelitoral.com.ar\/%77%70%2d%6a%73%6f%6e\/wp\/v2\/posts\/219813","targetHints":{"allow":["GET"]}}],"collection":[{"href":"https:\/\/informelitoral.com.ar\/%77%70%2d%6a%73%6f%6e\/wp\/v2\/posts"}],"about":[{"href":"https:\/\/informelitoral.com.ar\/%77%70%2d%6a%73%6f%6e\/wp\/v2\/types\/post"}],"author":[{"embeddable":true,"href":"https:\/\/informelitoral.com.ar\/%77%70%2d%6a%73%6f%6e\/wp\/v2\/users\/8"}],"replies":[{"embeddable":true,"href":"https:\/\/informelitoral.com.ar\/%77%70%2d%6a%73%6f%6e\/wp\/v2\/comments?post=219813"}],"version-history":[{"count":0,"href":"https:\/\/informelitoral.com.ar\/%77%70%2d%6a%73%6f%6e\/wp\/v2\/posts\/219813\/revisions"}],"wp:featuredmedia":[{"embeddable":true,"href":"https:\/\/informelitoral.com.ar\/%77%70%2d%6a%73%6f%6e\/wp\/v2\/media\/219814"}],"wp:attachment":[{"href":"https:\/\/informelitoral.com.ar\/%77%70%2d%6a%73%6f%6e\/wp\/v2\/media?parent=219813"}],"wp:term":[{"taxonomy":"category","embeddable":true,"href":"https:\/\/informelitoral.com.ar\/%77%70%2d%6a%73%6f%6e\/wp\/v2\/categories?post=219813"},{"taxonomy":"post_tag","embeddable":true,"href":"https:\/\/informelitoral.com.ar\/%77%70%2d%6a%73%6f%6e\/wp\/v2\/tags?post=219813"}],"curies":[{"name":"wp","href":"https:\/\/api.w.org\/{rel}","templated":true}]}}